{"id":68686,"date":"2024-01-04T15:46:38","date_gmt":"2024-01-04T14:46:38","guid":{"rendered":"https:\/\/lightweb.dev\/l\/svm-temp\/?p=68686"},"modified":"2024-01-04T15:46:38","modified_gmt":"2024-01-04T14:46:38","slug":"fuengirolas-romerska-badhus-oppnar-i-slutet-av-manaden","status":"publish","type":"post","link":"https:\/\/lightweb.dev\/l\/svm-temp\/nyheter\/fuengirolas-romerska-badhus-oppnar-i-slutet-av-manaden\/","title":{"rendered":"Fuengirolas romerska badhus \u00f6ppnar i slutet av m\u00e5naden"},"content":{"rendered":"<p><strong>Den arkeologiska utgr\u00e4vningen kommer att vara gratis att bes\u00f6ka.<\/strong><\/p>\n<p><strong>D\u00e4r kan man f\u00e5 en visning av den 4 000 kvadratmeter stora anl\u00e4ggningen.\u00a0\u00a0<\/strong><\/p>\n<p><span style=\"font-weight: 400;\">Fuengirolas stadshus har annonserat att platsen f\u00f6r den arkeologiska utgr\u00e4vningen av den romerska villan och badet i Torreblanca ska \u00f6ppna f\u00f6r allm\u00e4nheten i slutet av januari.<\/span><\/p>\n<p><span style=\"font-weight: 400;\">Anl\u00e4ggningen, som \u00e4r gratis att bes\u00f6ka, kommer att erbjuda en rundvandring av det 4 000 kvadratmeter stora komplexet d\u00e4r f\u00f6rem\u00e5l fr\u00e5n antiken kommer att visas upp med skyltning som f\u00f6rklarar dess syften. Stadshuset kallar det \u201cytterligare en plats f\u00f6r turister med kulturella intressen\u201d bland det stora flertal som redan finns i kommunen.\u00a0<\/span><\/p>\n<p><span style=\"font-weight: 400;\">Kulturr\u00e5det, Rodrigo Romera, s\u00e4ger att projektets m\u00e5ls\u00e4ttning \u00e4r att framh\u00e5lla f\u00f6rb\u00e4ttringarna och f\u00f6rvaltningen av plasten p\u00e5 grund av sin historiska inneb\u00f6rd.<\/span><\/p>\n<p><span style=\"font-weight: 400;\">\u201cSom vi ser g\u00e5r, \u00e4ntligen, arbetet med att f\u00f6rb\u00e4ttra baden i Torreblanca fram\u00e5t i en bra takt. Det \u00e4r ett arkeologiskt viktigt omr\u00e5de d\u00e4r vi har m\u00f6jlighet att bevara denna romerska villa, samt de 30 begravningsplatser som har hittats\u201d, f\u00f6rklarade han.\u00a0<\/span><\/p>\n<p><span style=\"font-weight: 400;\">Baden \u00e4r daterade till det f\u00f6rsta \u00e5rhundradet f\u00f6re kristus och anv\u00e4ndes fram till 300-talet. Historiker h\u00e4vdar att de sedan anv\u00e4ndes f\u00f6r att salta fisk innan platsen under det sena 500-talet omvandlades till en begravningsplats.\u00a0<\/span><\/p>\n<p><span style=\"font-weight: 400;\">Projektets budget ligger p\u00e5 265 000 euro och har finansierats av Turismministeriet och den lokala regeringen i Andalusien.\u00a0<\/span><\/p>\n<p>&nbsp;<\/p>\n","protected":false},"excerpt":{"rendered":"<p>Den arkeologiska utgr\u00e4vningen kommer att vara gratis att bes\u00f6ka. D\u00e4r kan man f\u00e5 en visning av den 4 000 kvadratmeter stora anl\u00e4ggningen.\u00a0\u00a0<\/p>\n","protected":false},"author":14,"featured_media":68687,"comment_status":"closed","ping_status":"closed","sticky":false,"template":"","format":"standard","meta":{"_et_pb_use_builder":"","_et_pb_old_content":"","_et_gb_content_width":"","footnotes":""},"categories":[395,3],"tags":[],"class_list":["post-68686","post","type-post","status-publish","format-standard","has-post-thumbnail","hentry","category-arkiv-nyheter","category-nyheter"],"yoast_head":"<!-- This site is optimized with the Yoast SEO Premium plugin v26.2 (Yoast SEO v27.5) - https:\/\/yoast.com\/product\/yoast-seo-premium-wordpress\/ -->\n<title>Fuengirolas romerska badhus \u00f6ppnar i slutet av m\u00e5naden - Svenska Magasinet<\/title>\n<meta name=\"robots\" content=\"noindex, follow, max-snippet:-1, max-image-preview:large, max-video-preview:-1\" \/>\n<meta property=\"og:locale\" content=\"sv_SE\" \/>\n<meta property=\"og:type\" content=\"article\" \/>\n<meta property=\"og:title\" content=\"Fuengirolas romerska badhus \u00f6ppnar i slutet av m\u00e5naden\" \/>\n<meta property=\"og:description\" content=\"Den arkeologiska utgr\u00e4vningen kommer att vara gratis att bes\u00f6ka. D\u00e4r kan man f\u00e5 en visning av den 4 000 kvadratmeter stora anl\u00e4ggningen.\u00a0\u00a0\" \/>\n<meta property=\"og:url\" content=\"https:\/\/lightweb.dev\/l\/svm-temp\/nyheter\/fuengirolas-romerska-badhus-oppnar-i-slutet-av-manaden\/\" \/>\n<meta property=\"og:site_name\" content=\"Svenska Magasinet\" \/>\n<meta property=\"article:publisher\" content=\"https:\/\/www.facebook.com\/svenskamagasinet\" \/>\n<meta property=\"article:published_time\" content=\"2024-01-04T14:46:38+00:00\" \/>\n<meta property=\"og:image\" content=\"https:\/\/lightweb.dev\/l\/svm-temp\/wp-content\/uploads\/2024\/01\/IMG-20240104-WA0000.jpg\" \/>\n\t<meta property=\"og:image:width\" content=\"640\" \/>\n\t<meta property=\"og:image:height\" content=\"480\" \/>\n\t<meta property=\"og:image:type\" content=\"image\/jpeg\" \/>\n<meta name=\"author\" content=\"Robbie Eriksson\" \/>\n<meta name=\"twitter:card\" content=\"summary_large_image\" \/>\n<meta name=\"twitter:creator\" content=\"@SvenskaMagasine\" \/>\n<meta name=\"twitter:site\" content=\"@SvenskaMagasine\" \/>\n<script type=\"application\/ld+json\" class=\"yoast-schema-graph\">{\"@context\":\"https:\\\/\\\/schema.org\",\"@graph\":[{\"@type\":\"Article\",\"@id\":\"https:\\\/\\\/lightweb.dev\\\/l\\\/svm-temp\\\/nyheter\\\/fuengirolas-romerska-badhus-oppnar-i-slutet-av-manaden\\\/#article\",\"isPartOf\":{\"@id\":\"https:\\\/\\\/lightweb.dev\\\/l\\\/svm-temp\\\/nyheter\\\/fuengirolas-romerska-badhus-oppnar-i-slutet-av-manaden\\\/\"},\"author\":{\"name\":\"Robbie Eriksson\",\"@id\":\"https:\\\/\\\/lightweb.dev\\\/l\\\/svm-temp\\\/#\\\/schema\\\/person\\\/caffe038990d25722f5a04a03c906a2b\"},\"headline\":\"Fuengirolas romerska badhus \u00f6ppnar i slutet av m\u00e5naden\",\"datePublished\":\"2024-01-04T14:46:38+00:00\",\"mainEntityOfPage\":{\"@id\":\"https:\\\/\\\/lightweb.dev\\\/l\\\/svm-temp\\\/nyheter\\\/fuengirolas-romerska-badhus-oppnar-i-slutet-av-manaden\\\/\"},\"wordCount\":256,\"publisher\":{\"@id\":\"https:\\\/\\\/lightweb.dev\\\/l\\\/svm-temp\\\/#organization\"},\"image\":{\"@id\":\"https:\\\/\\\/lightweb.dev\\\/l\\\/svm-temp\\\/nyheter\\\/fuengirolas-romerska-badhus-oppnar-i-slutet-av-manaden\\\/#primaryimage\"},\"thumbnailUrl\":\"https:\\\/\\\/lightweb.dev\\\/l\\\/svm-temp\\\/wp-content\\\/uploads\\\/2024\\\/01\\\/IMG-20240104-WA0000.jpg\",\"articleSection\":[\"Arkiv\",\"Nyheter\"],\"inLanguage\":\"sv-SE\"},{\"@type\":\"WebPage\",\"@id\":\"https:\\\/\\\/lightweb.dev\\\/l\\\/svm-temp\\\/nyheter\\\/fuengirolas-romerska-badhus-oppnar-i-slutet-av-manaden\\\/\",\"url\":\"https:\\\/\\\/lightweb.dev\\\/l\\\/svm-temp\\\/nyheter\\\/fuengirolas-romerska-badhus-oppnar-i-slutet-av-manaden\\\/\",\"name\":\"Fuengirolas romerska badhus \u00f6ppnar i slutet av m\u00e5naden - Svenska Magasinet\",\"isPartOf\":{\"@id\":\"https:\\\/\\\/lightweb.dev\\\/l\\\/svm-temp\\\/#website\"},\"primaryImageOfPage\":{\"@id\":\"https:\\\/\\\/lightweb.dev\\\/l\\\/svm-temp\\\/nyheter\\\/fuengirolas-romerska-badhus-oppnar-i-slutet-av-manaden\\\/#primaryimage\"},\"image\":{\"@id\":\"https:\\\/\\\/lightweb.dev\\\/l\\\/svm-temp\\\/nyheter\\\/fuengirolas-romerska-badhus-oppnar-i-slutet-av-manaden\\\/#primaryimage\"},\"thumbnailUrl\":\"https:\\\/\\\/lightweb.dev\\\/l\\\/svm-temp\\\/wp-content\\\/uploads\\\/2024\\\/01\\\/IMG-20240104-WA0000.jpg\",\"datePublished\":\"2024-01-04T14:46:38+00:00\",\"breadcrumb\":{\"@id\":\"https:\\\/\\\/lightweb.dev\\\/l\\\/svm-temp\\\/nyheter\\\/fuengirolas-romerska-badhus-oppnar-i-slutet-av-manaden\\\/#breadcrumb\"},\"inLanguage\":\"sv-SE\",\"potentialAction\":[{\"@type\":\"ReadAction\",\"target\":[\"https:\\\/\\\/lightweb.dev\\\/l\\\/svm-temp\\\/nyheter\\\/fuengirolas-romerska-badhus-oppnar-i-slutet-av-manaden\\\/\"]}]},{\"@type\":\"ImageObject\",\"inLanguage\":\"sv-SE\",\"@id\":\"https:\\\/\\\/lightweb.dev\\\/l\\\/svm-temp\\\/nyheter\\\/fuengirolas-romerska-badhus-oppnar-i-slutet-av-manaden\\\/#primaryimage\",\"url\":\"https:\\\/\\\/lightweb.dev\\\/l\\\/svm-temp\\\/wp-content\\\/uploads\\\/2024\\\/01\\\/IMG-20240104-WA0000.jpg\",\"contentUrl\":\"https:\\\/\\\/lightweb.dev\\\/l\\\/svm-temp\\\/wp-content\\\/uploads\\\/2024\\\/01\\\/IMG-20240104-WA0000.jpg\",\"width\":640,\"height\":480,\"caption\":\"(Bild: Ayuntamiento de Fuengirola)\"},{\"@type\":\"BreadcrumbList\",\"@id\":\"https:\\\/\\\/lightweb.dev\\\/l\\\/svm-temp\\\/nyheter\\\/fuengirolas-romerska-badhus-oppnar-i-slutet-av-manaden\\\/#breadcrumb\",\"itemListElement\":[{\"@type\":\"ListItem\",\"position\":1,\"name\":\"Hem\",\"item\":\"https:\\\/\\\/lightweb.dev\\\/l\\\/svm-temp\\\/\"},{\"@type\":\"ListItem\",\"position\":2,\"name\":\"Fuengirolas romerska badhus \u00f6ppnar i slutet av m\u00e5naden\"}]},{\"@type\":\"WebSite\",\"@id\":\"https:\\\/\\\/lightweb.dev\\\/l\\\/svm-temp\\\/#website\",\"url\":\"https:\\\/\\\/lightweb.dev\\\/l\\\/svm-temp\\\/\",\"name\":\"Svenska Magasinet\",\"description\":\"Dina Spanska nyheter p&aring; Svenska\",\"publisher\":{\"@id\":\"https:\\\/\\\/lightweb.dev\\\/l\\\/svm-temp\\\/#organization\"},\"potentialAction\":[{\"@type\":\"SearchAction\",\"target\":{\"@type\":\"EntryPoint\",\"urlTemplate\":\"https:\\\/\\\/lightweb.dev\\\/l\\\/svm-temp\\\/?s={search_term_string}\"},\"query-input\":{\"@type\":\"PropertyValueSpecification\",\"valueRequired\":true,\"valueName\":\"search_term_string\"}}],\"inLanguage\":\"sv-SE\"},{\"@type\":\"Organization\",\"@id\":\"https:\\\/\\\/lightweb.dev\\\/l\\\/svm-temp\\\/#organization\",\"name\":\"Melkerson y Nott SL\",\"alternateName\":\"Svenska Magasinet\",\"url\":\"https:\\\/\\\/lightweb.dev\\\/l\\\/svm-temp\\\/\",\"logo\":{\"@type\":\"ImageObject\",\"inLanguage\":\"sv-SE\",\"@id\":\"https:\\\/\\\/lightweb.dev\\\/l\\\/svm-temp\\\/#\\\/schema\\\/logo\\\/image\\\/\",\"url\":\"https:\\\/\\\/lightweb.dev\\\/l\\\/svm-temp\\\/wp-content\\\/uploads\\\/2025\\\/02\\\/SvM-logo-Xtra-Centrerad-SVART.png\",\"contentUrl\":\"https:\\\/\\\/lightweb.dev\\\/l\\\/svm-temp\\\/wp-content\\\/uploads\\\/2025\\\/02\\\/SvM-logo-Xtra-Centrerad-SVART.png\",\"width\":300,\"height\":99,\"caption\":\"Melkerson y Nott SL\"},\"image\":{\"@id\":\"https:\\\/\\\/lightweb.dev\\\/l\\\/svm-temp\\\/#\\\/schema\\\/logo\\\/image\\\/\"},\"sameAs\":[\"https:\\\/\\\/www.facebook.com\\\/svenskamagasinet\",\"https:\\\/\\\/x.com\\\/SvenskaMagasine\"]},{\"@type\":\"Person\",\"@id\":\"https:\\\/\\\/lightweb.dev\\\/l\\\/svm-temp\\\/#\\\/schema\\\/person\\\/caffe038990d25722f5a04a03c906a2b\",\"name\":\"Robbie Eriksson\",\"sameAs\":[\"https:\\\/\\\/lightweb.dev\\\/l\\\/svm-temp\"],\"url\":\"https:\\\/\\\/lightweb.dev\\\/l\\\/svm-temp\\\/reporter\\\/robbie-eriksson\\\/\"}]}<\/script>\n<!-- \/ Yoast SEO Premium plugin. -->","yoast_head_json":{"title":"Fuengirolas romerska badhus \u00f6ppnar i slutet av m\u00e5naden - Svenska Magasinet","robots":{"index":"noindex","follow":"follow","max-snippet":"max-snippet:-1","max-image-preview":"max-image-preview:large","max-video-preview":"max-video-preview:-1"},"og_locale":"sv_SE","og_type":"article","og_title":"Fuengirolas romerska badhus \u00f6ppnar i slutet av m\u00e5naden","og_description":"Den arkeologiska utgr\u00e4vningen kommer att vara gratis att bes\u00f6ka. D\u00e4r kan man f\u00e5 en visning av den 4 000 kvadratmeter stora anl\u00e4ggningen.\u00a0\u00a0","og_url":"https:\/\/lightweb.dev\/l\/svm-temp\/nyheter\/fuengirolas-romerska-badhus-oppnar-i-slutet-av-manaden\/","og_site_name":"Svenska Magasinet","article_publisher":"https:\/\/www.facebook.com\/svenskamagasinet","article_published_time":"2024-01-04T14:46:38+00:00","og_image":[{"width":640,"height":480,"url":"https:\/\/lightweb.dev\/l\/svm-temp\/wp-content\/uploads\/2024\/01\/IMG-20240104-WA0000.jpg","type":"image\/jpeg"}],"author":"Robbie Eriksson","twitter_card":"summary_large_image","twitter_creator":"@SvenskaMagasine","twitter_site":"@SvenskaMagasine","schema":{"@context":"https:\/\/schema.org","@graph":[{"@type":"Article","@id":"https:\/\/lightweb.dev\/l\/svm-temp\/nyheter\/fuengirolas-romerska-badhus-oppnar-i-slutet-av-manaden\/#article","isPartOf":{"@id":"https:\/\/lightweb.dev\/l\/svm-temp\/nyheter\/fuengirolas-romerska-badhus-oppnar-i-slutet-av-manaden\/"},"author":{"name":"Robbie Eriksson","@id":"https:\/\/lightweb.dev\/l\/svm-temp\/#\/schema\/person\/caffe038990d25722f5a04a03c906a2b"},"headline":"Fuengirolas romerska badhus \u00f6ppnar i slutet av m\u00e5naden","datePublished":"2024-01-04T14:46:38+00:00","mainEntityOfPage":{"@id":"https:\/\/lightweb.dev\/l\/svm-temp\/nyheter\/fuengirolas-romerska-badhus-oppnar-i-slutet-av-manaden\/"},"wordCount":256,"publisher":{"@id":"https:\/\/lightweb.dev\/l\/svm-temp\/#organization"},"image":{"@id":"https:\/\/lightweb.dev\/l\/svm-temp\/nyheter\/fuengirolas-romerska-badhus-oppnar-i-slutet-av-manaden\/#primaryimage"},"thumbnailUrl":"https:\/\/lightweb.dev\/l\/svm-temp\/wp-content\/uploads\/2024\/01\/IMG-20240104-WA0000.jpg","articleSection":["Arkiv","Nyheter"],"inLanguage":"sv-SE"},{"@type":"WebPage","@id":"https:\/\/lightweb.dev\/l\/svm-temp\/nyheter\/fuengirolas-romerska-badhus-oppnar-i-slutet-av-manaden\/","url":"https:\/\/lightweb.dev\/l\/svm-temp\/nyheter\/fuengirolas-romerska-badhus-oppnar-i-slutet-av-manaden\/","name":"Fuengirolas romerska badhus \u00f6ppnar i slutet av m\u00e5naden - Svenska Magasinet","isPartOf":{"@id":"https:\/\/lightweb.dev\/l\/svm-temp\/#website"},"primaryImageOfPage":{"@id":"https:\/\/lightweb.dev\/l\/svm-temp\/nyheter\/fuengirolas-romerska-badhus-oppnar-i-slutet-av-manaden\/#primaryimage"},"image":{"@id":"https:\/\/lightweb.dev\/l\/svm-temp\/nyheter\/fuengirolas-romerska-badhus-oppnar-i-slutet-av-manaden\/#primaryimage"},"thumbnailUrl":"https:\/\/lightweb.dev\/l\/svm-temp\/wp-content\/uploads\/2024\/01\/IMG-20240104-WA0000.jpg","datePublished":"2024-01-04T14:46:38+00:00","breadcrumb":{"@id":"https:\/\/lightweb.dev\/l\/svm-temp\/nyheter\/fuengirolas-romerska-badhus-oppnar-i-slutet-av-manaden\/#breadcrumb"},"inLanguage":"sv-SE","potentialAction":[{"@type":"ReadAction","target":["https:\/\/lightweb.dev\/l\/svm-temp\/nyheter\/fuengirolas-romerska-badhus-oppnar-i-slutet-av-manaden\/"]}]},{"@type":"ImageObject","inLanguage":"sv-SE","@id":"https:\/\/lightweb.dev\/l\/svm-temp\/nyheter\/fuengirolas-romerska-badhus-oppnar-i-slutet-av-manaden\/#primaryimage","url":"https:\/\/lightweb.dev\/l\/svm-temp\/wp-content\/uploads\/2024\/01\/IMG-20240104-WA0000.jpg","contentUrl":"https:\/\/lightweb.dev\/l\/svm-temp\/wp-content\/uploads\/2024\/01\/IMG-20240104-WA0000.jpg","width":640,"height":480,"caption":"(Bild: Ayuntamiento de Fuengirola)"},{"@type":"BreadcrumbList","@id":"https:\/\/lightweb.dev\/l\/svm-temp\/nyheter\/fuengirolas-romerska-badhus-oppnar-i-slutet-av-manaden\/#breadcrumb","itemListElement":[{"@type":"ListItem","position":1,"name":"Hem","item":"https:\/\/lightweb.dev\/l\/svm-temp\/"},{"@type":"ListItem","position":2,"name":"Fuengirolas romerska badhus \u00f6ppnar i slutet av m\u00e5naden"}]},{"@type":"WebSite","@id":"https:\/\/lightweb.dev\/l\/svm-temp\/#website","url":"https:\/\/lightweb.dev\/l\/svm-temp\/","name":"Svenska Magasinet","description":"Dina Spanska nyheter p&aring; Svenska","publisher":{"@id":"https:\/\/lightweb.dev\/l\/svm-temp\/#organization"},"potentialAction":[{"@type":"SearchAction","target":{"@type":"EntryPoint","urlTemplate":"https:\/\/lightweb.dev\/l\/svm-temp\/?s={search_term_string}"},"query-input":{"@type":"PropertyValueSpecification","valueRequired":true,"valueName":"search_term_string"}}],"inLanguage":"sv-SE"},{"@type":"Organization","@id":"https:\/\/lightweb.dev\/l\/svm-temp\/#organization","name":"Melkerson y Nott SL","alternateName":"Svenska Magasinet","url":"https:\/\/lightweb.dev\/l\/svm-temp\/","logo":{"@type":"ImageObject","inLanguage":"sv-SE","@id":"https:\/\/lightweb.dev\/l\/svm-temp\/#\/schema\/logo\/image\/","url":"https:\/\/lightweb.dev\/l\/svm-temp\/wp-content\/uploads\/2025\/02\/SvM-logo-Xtra-Centrerad-SVART.png","contentUrl":"https:\/\/lightweb.dev\/l\/svm-temp\/wp-content\/uploads\/2025\/02\/SvM-logo-Xtra-Centrerad-SVART.png","width":300,"height":99,"caption":"Melkerson y Nott SL"},"image":{"@id":"https:\/\/lightweb.dev\/l\/svm-temp\/#\/schema\/logo\/image\/"},"sameAs":["https:\/\/www.facebook.com\/svenskamagasinet","https:\/\/x.com\/SvenskaMagasine"]},{"@type":"Person","@id":"https:\/\/lightweb.dev\/l\/svm-temp\/#\/schema\/person\/caffe038990d25722f5a04a03c906a2b","name":"Robbie Eriksson","sameAs":["https:\/\/lightweb.dev\/l\/svm-temp"],"url":"https:\/\/lightweb.dev\/l\/svm-temp\/reporter\/robbie-eriksson\/"}]}},"_links":{"self":[{"href":"https:\/\/lightweb.dev\/l\/svm-temp\/wp-json\/wp\/v2\/posts\/68686","targetHints":{"allow":["GET"]}}],"collection":[{"href":"https:\/\/lightweb.dev\/l\/svm-temp\/wp-json\/wp\/v2\/posts"}],"about":[{"href":"https:\/\/lightweb.dev\/l\/svm-temp\/wp-json\/wp\/v2\/types\/post"}],"author":[{"embeddable":true,"href":"https:\/\/lightweb.dev\/l\/svm-temp\/wp-json\/wp\/v2\/users\/14"}],"replies":[{"embeddable":true,"href":"https:\/\/lightweb.dev\/l\/svm-temp\/wp-json\/wp\/v2\/comments?post=68686"}],"version-history":[{"count":0,"href":"https:\/\/lightweb.dev\/l\/svm-temp\/wp-json\/wp\/v2\/posts\/68686\/revisions"}],"wp:featuredmedia":[{"embeddable":true,"href":"https:\/\/lightweb.dev\/l\/svm-temp\/wp-json\/wp\/v2\/media\/68687"}],"wp:attachment":[{"href":"https:\/\/lightweb.dev\/l\/svm-temp\/wp-json\/wp\/v2\/media?parent=68686"}],"wp:term":[{"taxonomy":"category","embeddable":true,"href":"https:\/\/lightweb.dev\/l\/svm-temp\/wp-json\/wp\/v2\/categories?post=68686"},{"taxonomy":"post_tag","embeddable":true,"href":"https:\/\/lightweb.dev\/l\/svm-temp\/wp-json\/wp\/v2\/tags?post=68686"}],"curies":[{"name":"wp","href":"https:\/\/api.w.org\/{rel}","templated":true}]}}