{"id":68689,"date":"2024-01-04T16:40:54","date_gmt":"2024-01-04T15:40:54","guid":{"rendered":"https:\/\/lightweb.dev\/l\/svm-temp\/?p=68689"},"modified":"2024-01-04T17:02:09","modified_gmt":"2024-01-04T16:02:09","slug":"fuengirola-tar-krafttag-mot-oversvamningar","status":"publish","type":"post","link":"https:\/\/lightweb.dev\/l\/svm-temp\/nyheter\/fuengirola-tar-krafttag-mot-oversvamningar\/","title":{"rendered":"Fuengirola tar krafttag mot \u00f6versv\u00e4mningar"},"content":{"rendered":"<p><strong>Boende och n\u00e4ringsidkare har l\u00e4nge klagat p\u00e5 problem med \u00f6versv\u00e4mning l\u00e4ngs strandpromenaden.\u00a0<\/strong><\/p>\n<p><strong>Nu har ett projekt som kostar 7,3 miljoner euro lanserats f\u00f6r att f\u00f6rb\u00e4ttra avrinningen p\u00e5 Pase<\/strong>o <span style=\"font-weight: 400;\">Mar\u00edtimo <\/span>Rey de Espa<strong>\u00f1a.<\/strong><\/p>\n<p><span style=\"font-weight: 400;\">Stadshuset i Fuengirola har meddelat att arbetet med ett nytt system f\u00f6r att motverka \u00f6versv\u00e4mning l\u00e4ngs Paseo Mar\u00edtimo Rey de <\/span><b>Espa\u00f1a <\/b><span style=\"font-weight: 400;\">har p\u00e5b\u00f6rjats. Projektet finansieras av den andalusiska regionsregeringen och kostar 7,3 miljoner euro.\u00a0<\/span><\/p>\n<p><span style=\"font-weight: 400;\">Det nya systemet, som kommer att samla och f\u00f6ra bort regnvatten mer effektivt \u00e4n vad som nu \u00e4r fallet, \u00e4r mycket efterl\u00e4ngtat. Boende och n\u00e4ringsidkare i omr\u00e5det, som ofta p\u00e5verkas av extremt v\u00e4der, har efterfr\u00e5gat det i flera \u00e5r.\u00a0<\/span><\/p>\n<p><span style=\"font-weight: 400;\">\u00c5tagandet inneb\u00e4r ett infriat vall\u00f6fte som borgm\u00e4staren Ana Mula gav inf\u00f6r valet 2019. Nu har planerna \u00e4ntligen f\u00e5tt gr\u00f6nt ljus fr\u00e5n regionsregeringen.\u00a0<\/span><\/p>\n<p><span style=\"font-weight: 400;\">\u201cVi har jobbat i flera \u00e5r f\u00f6r att f\u00f6rb\u00e4ttra Fuengirolas infrastruktur och har redan eliminerat flera problemomr\u00e5den n\u00e4r det kommer till \u00f6versv\u00e4mning. N\u00e4r det g\u00e4ller det kommande arbetet har vi v\u00e4ntat p\u00e5 godk\u00e4nnande fr\u00e5n de regionala myndigheterna\u201d.\u00a0<\/span><\/p>\n<p><span style=\"font-weight: 400;\">Hon po\u00e4ngterade att man tidigare installerat flera tempor\u00e4ra \u00e5tg\u00e4rder f\u00f6r att hj\u00e4lpa de som p\u00e5verkas i omr\u00e5det. Bland annat flera punkter d\u00e4r regnvatten kan rinna undan under kraftiga stormar. Hon kallade ocks\u00e5 tidpunkten f\u00f6r arbetet paradoxalt d\u00e5 det sammanfaller med den extrema torkan.\u00a0<\/span><\/p>\n<p><a href=\"https:\/\/lightweb.dev\/l\/svm-temp\/nyheter\/fuengirola-planerar-for-vattenransonering\/\"><span style=\"font-weight: 400;\">Mula har tidigare meddelat att kommunen kommer att bli tvungna att inf\u00f6ra ransoneringar p\u00e5 vatten om inte kraftiga regn kommer snart. <\/span><\/a><\/p>\n","protected":false},"excerpt":{"rendered":"<p>Boende och n\u00e4ringsidkare har l\u00e4nge klagat p\u00e5 problem med \u00f6versv\u00e4mning l\u00e4ngs strandpromenaden.\u00a0Nu har ett projekt som kostar 7,3 miljoner euro lanserats f\u00f6r att f\u00f6rb\u00e4ttra avrinningen p\u00e5 Paseo Rey de Espa\u00f1a.<\/p>\n","protected":false},"author":14,"featured_media":65935,"comment_status":"closed","ping_status":"closed","sticky":false,"template":"","format":"standard","meta":{"_et_pb_use_builder":"","_et_pb_old_content":"","_et_gb_content_width":"","footnotes":""},"categories":[395,3],"tags":[],"class_list":["post-68689","post","type-post","status-publish","format-standard","has-post-thumbnail","hentry","category-arkiv-nyheter","category-nyheter"],"yoast_head":"<!-- This site is optimized with the Yoast SEO Premium plugin v26.2 (Yoast SEO v27.5) - https:\/\/yoast.com\/product\/yoast-seo-premium-wordpress\/ -->\n<title>Fuengirola tar krafttag mot \u00f6versv\u00e4mningar - Svenska Magasinet<\/title>\n<meta name=\"robots\" content=\"noindex, follow, max-snippet:-1, max-image-preview:large, max-video-preview:-1\" \/>\n<meta property=\"og:locale\" content=\"sv_SE\" \/>\n<meta property=\"og:type\" content=\"article\" \/>\n<meta property=\"og:title\" content=\"Fuengirola tar krafttag mot \u00f6versv\u00e4mningar\" \/>\n<meta property=\"og:description\" content=\"Boende och n\u00e4ringsidkare har l\u00e4nge klagat p\u00e5 problem med \u00f6versv\u00e4mning l\u00e4ngs strandpromenaden.\u00a0Nu har ett projekt som kostar 7,3 miljoner euro lanserats f\u00f6r att f\u00f6rb\u00e4ttra avrinningen p\u00e5 Paseo Rey de Espa\u00f1a.\" \/>\n<meta property=\"og:url\" content=\"https:\/\/lightweb.dev\/l\/svm-temp\/nyheter\/fuengirola-tar-krafttag-mot-oversvamningar\/\" \/>\n<meta property=\"og:site_name\" content=\"Svenska Magasinet\" \/>\n<meta property=\"article:publisher\" content=\"https:\/\/www.facebook.com\/svenskamagasinet\" \/>\n<meta property=\"article:published_time\" content=\"2024-01-04T15:40:54+00:00\" \/>\n<meta property=\"article:modified_time\" content=\"2024-01-04T16:02:09+00:00\" \/>\n<meta property=\"og:image\" content=\"https:\/\/lightweb.dev\/l\/svm-temp\/wp-content\/uploads\/2023\/08\/F4N1D6JWEAAI8og-stor.jpeg\" \/>\n\t<meta property=\"og:image:width\" content=\"1024\" \/>\n\t<meta property=\"og:image:height\" content=\"768\" \/>\n\t<meta property=\"og:image:type\" content=\"image\/jpeg\" \/>\n<meta name=\"author\" content=\"Robbie Eriksson\" \/>\n<meta name=\"twitter:card\" content=\"summary_large_image\" \/>\n<meta name=\"twitter:creator\" content=\"@SvenskaMagasine\" \/>\n<meta name=\"twitter:site\" content=\"@SvenskaMagasine\" \/>\n<script type=\"application\/ld+json\" class=\"yoast-schema-graph\">{\"@context\":\"https:\\\/\\\/schema.org\",\"@graph\":[{\"@type\":\"Article\",\"@id\":\"https:\\\/\\\/lightweb.dev\\\/l\\\/svm-temp\\\/nyheter\\\/fuengirola-tar-krafttag-mot-oversvamningar\\\/#article\",\"isPartOf\":{\"@id\":\"https:\\\/\\\/lightweb.dev\\\/l\\\/svm-temp\\\/nyheter\\\/fuengirola-tar-krafttag-mot-oversvamningar\\\/\"},\"author\":{\"name\":\"Robbie Eriksson\",\"@id\":\"https:\\\/\\\/lightweb.dev\\\/l\\\/svm-temp\\\/#\\\/schema\\\/person\\\/caffe038990d25722f5a04a03c906a2b\"},\"headline\":\"Fuengirola tar krafttag mot \u00f6versv\u00e4mningar\",\"datePublished\":\"2024-01-04T15:40:54+00:00\",\"dateModified\":\"2024-01-04T16:02:09+00:00\",\"mainEntityOfPage\":{\"@id\":\"https:\\\/\\\/lightweb.dev\\\/l\\\/svm-temp\\\/nyheter\\\/fuengirola-tar-krafttag-mot-oversvamningar\\\/\"},\"wordCount\":282,\"publisher\":{\"@id\":\"https:\\\/\\\/lightweb.dev\\\/l\\\/svm-temp\\\/#organization\"},\"image\":{\"@id\":\"https:\\\/\\\/lightweb.dev\\\/l\\\/svm-temp\\\/nyheter\\\/fuengirola-tar-krafttag-mot-oversvamningar\\\/#primaryimage\"},\"thumbnailUrl\":\"https:\\\/\\\/lightweb.dev\\\/l\\\/svm-temp\\\/wp-content\\\/uploads\\\/2023\\\/08\\\/F4N1D6JWEAAI8og-stor.jpeg\",\"articleSection\":[\"Arkiv\",\"Nyheter\"],\"inLanguage\":\"sv-SE\"},{\"@type\":\"WebPage\",\"@id\":\"https:\\\/\\\/lightweb.dev\\\/l\\\/svm-temp\\\/nyheter\\\/fuengirola-tar-krafttag-mot-oversvamningar\\\/\",\"url\":\"https:\\\/\\\/lightweb.dev\\\/l\\\/svm-temp\\\/nyheter\\\/fuengirola-tar-krafttag-mot-oversvamningar\\\/\",\"name\":\"Fuengirola tar krafttag mot \u00f6versv\u00e4mningar - Svenska Magasinet\",\"isPartOf\":{\"@id\":\"https:\\\/\\\/lightweb.dev\\\/l\\\/svm-temp\\\/#website\"},\"primaryImageOfPage\":{\"@id\":\"https:\\\/\\\/lightweb.dev\\\/l\\\/svm-temp\\\/nyheter\\\/fuengirola-tar-krafttag-mot-oversvamningar\\\/#primaryimage\"},\"image\":{\"@id\":\"https:\\\/\\\/lightweb.dev\\\/l\\\/svm-temp\\\/nyheter\\\/fuengirola-tar-krafttag-mot-oversvamningar\\\/#primaryimage\"},\"thumbnailUrl\":\"https:\\\/\\\/lightweb.dev\\\/l\\\/svm-temp\\\/wp-content\\\/uploads\\\/2023\\\/08\\\/F4N1D6JWEAAI8og-stor.jpeg\",\"datePublished\":\"2024-01-04T15:40:54+00:00\",\"dateModified\":\"2024-01-04T16:02:09+00:00\",\"breadcrumb\":{\"@id\":\"https:\\\/\\\/lightweb.dev\\\/l\\\/svm-temp\\\/nyheter\\\/fuengirola-tar-krafttag-mot-oversvamningar\\\/#breadcrumb\"},\"inLanguage\":\"sv-SE\",\"potentialAction\":[{\"@type\":\"ReadAction\",\"target\":[\"https:\\\/\\\/lightweb.dev\\\/l\\\/svm-temp\\\/nyheter\\\/fuengirola-tar-krafttag-mot-oversvamningar\\\/\"]}]},{\"@type\":\"ImageObject\",\"inLanguage\":\"sv-SE\",\"@id\":\"https:\\\/\\\/lightweb.dev\\\/l\\\/svm-temp\\\/nyheter\\\/fuengirola-tar-krafttag-mot-oversvamningar\\\/#primaryimage\",\"url\":\"https:\\\/\\\/lightweb.dev\\\/l\\\/svm-temp\\\/wp-content\\\/uploads\\\/2023\\\/08\\\/F4N1D6JWEAAI8og-stor.jpeg\",\"contentUrl\":\"https:\\\/\\\/lightweb.dev\\\/l\\\/svm-temp\\\/wp-content\\\/uploads\\\/2023\\\/08\\\/F4N1D6JWEAAI8og-stor.jpeg\",\"width\":1024,\"height\":768},{\"@type\":\"BreadcrumbList\",\"@id\":\"https:\\\/\\\/lightweb.dev\\\/l\\\/svm-temp\\\/nyheter\\\/fuengirola-tar-krafttag-mot-oversvamningar\\\/#breadcrumb\",\"itemListElement\":[{\"@type\":\"ListItem\",\"position\":1,\"name\":\"Hem\",\"item\":\"https:\\\/\\\/lightweb.dev\\\/l\\\/svm-temp\\\/\"},{\"@type\":\"ListItem\",\"position\":2,\"name\":\"Fuengirola tar krafttag mot \u00f6versv\u00e4mningar\"}]},{\"@type\":\"WebSite\",\"@id\":\"https:\\\/\\\/lightweb.dev\\\/l\\\/svm-temp\\\/#website\",\"url\":\"https:\\\/\\\/lightweb.dev\\\/l\\\/svm-temp\\\/\",\"name\":\"Svenska Magasinet\",\"description\":\"Dina Spanska nyheter p&aring; Svenska\",\"publisher\":{\"@id\":\"https:\\\/\\\/lightweb.dev\\\/l\\\/svm-temp\\\/#organization\"},\"potentialAction\":[{\"@type\":\"SearchAction\",\"target\":{\"@type\":\"EntryPoint\",\"urlTemplate\":\"https:\\\/\\\/lightweb.dev\\\/l\\\/svm-temp\\\/?s={search_term_string}\"},\"query-input\":{\"@type\":\"PropertyValueSpecification\",\"valueRequired\":true,\"valueName\":\"search_term_string\"}}],\"inLanguage\":\"sv-SE\"},{\"@type\":\"Organization\",\"@id\":\"https:\\\/\\\/lightweb.dev\\\/l\\\/svm-temp\\\/#organization\",\"name\":\"Melkerson y Nott SL\",\"alternateName\":\"Svenska Magasinet\",\"url\":\"https:\\\/\\\/lightweb.dev\\\/l\\\/svm-temp\\\/\",\"logo\":{\"@type\":\"ImageObject\",\"inLanguage\":\"sv-SE\",\"@id\":\"https:\\\/\\\/lightweb.dev\\\/l\\\/svm-temp\\\/#\\\/schema\\\/logo\\\/image\\\/\",\"url\":\"https:\\\/\\\/lightweb.dev\\\/l\\\/svm-temp\\\/wp-content\\\/uploads\\\/2025\\\/02\\\/SvM-logo-Xtra-Centrerad-SVART.png\",\"contentUrl\":\"https:\\\/\\\/lightweb.dev\\\/l\\\/svm-temp\\\/wp-content\\\/uploads\\\/2025\\\/02\\\/SvM-logo-Xtra-Centrerad-SVART.png\",\"width\":300,\"height\":99,\"caption\":\"Melkerson y Nott SL\"},\"image\":{\"@id\":\"https:\\\/\\\/lightweb.dev\\\/l\\\/svm-temp\\\/#\\\/schema\\\/logo\\\/image\\\/\"},\"sameAs\":[\"https:\\\/\\\/www.facebook.com\\\/svenskamagasinet\",\"https:\\\/\\\/x.com\\\/SvenskaMagasine\"]},{\"@type\":\"Person\",\"@id\":\"https:\\\/\\\/lightweb.dev\\\/l\\\/svm-temp\\\/#\\\/schema\\\/person\\\/caffe038990d25722f5a04a03c906a2b\",\"name\":\"Robbie Eriksson\",\"sameAs\":[\"https:\\\/\\\/lightweb.dev\\\/l\\\/svm-temp\"],\"url\":\"https:\\\/\\\/lightweb.dev\\\/l\\\/svm-temp\\\/reporter\\\/robbie-eriksson\\\/\"}]}<\/script>\n<!-- \/ Yoast SEO Premium plugin. -->","yoast_head_json":{"title":"Fuengirola tar krafttag mot \u00f6versv\u00e4mningar - Svenska Magasinet","robots":{"index":"noindex","follow":"follow","max-snippet":"max-snippet:-1","max-image-preview":"max-image-preview:large","max-video-preview":"max-video-preview:-1"},"og_locale":"sv_SE","og_type":"article","og_title":"Fuengirola tar krafttag mot \u00f6versv\u00e4mningar","og_description":"Boende och n\u00e4ringsidkare har l\u00e4nge klagat p\u00e5 problem med \u00f6versv\u00e4mning l\u00e4ngs strandpromenaden.\u00a0Nu har ett projekt som kostar 7,3 miljoner euro lanserats f\u00f6r att f\u00f6rb\u00e4ttra avrinningen p\u00e5 Paseo Rey de Espa\u00f1a.","og_url":"https:\/\/lightweb.dev\/l\/svm-temp\/nyheter\/fuengirola-tar-krafttag-mot-oversvamningar\/","og_site_name":"Svenska Magasinet","article_publisher":"https:\/\/www.facebook.com\/svenskamagasinet","article_published_time":"2024-01-04T15:40:54+00:00","article_modified_time":"2024-01-04T16:02:09+00:00","og_image":[{"width":1024,"height":768,"url":"https:\/\/lightweb.dev\/l\/svm-temp\/wp-content\/uploads\/2023\/08\/F4N1D6JWEAAI8og-stor.jpeg","type":"image\/jpeg"}],"author":"Robbie Eriksson","twitter_card":"summary_large_image","twitter_creator":"@SvenskaMagasine","twitter_site":"@SvenskaMagasine","schema":{"@context":"https:\/\/schema.org","@graph":[{"@type":"Article","@id":"https:\/\/lightweb.dev\/l\/svm-temp\/nyheter\/fuengirola-tar-krafttag-mot-oversvamningar\/#article","isPartOf":{"@id":"https:\/\/lightweb.dev\/l\/svm-temp\/nyheter\/fuengirola-tar-krafttag-mot-oversvamningar\/"},"author":{"name":"Robbie Eriksson","@id":"https:\/\/lightweb.dev\/l\/svm-temp\/#\/schema\/person\/caffe038990d25722f5a04a03c906a2b"},"headline":"Fuengirola tar krafttag mot \u00f6versv\u00e4mningar","datePublished":"2024-01-04T15:40:54+00:00","dateModified":"2024-01-04T16:02:09+00:00","mainEntityOfPage":{"@id":"https:\/\/lightweb.dev\/l\/svm-temp\/nyheter\/fuengirola-tar-krafttag-mot-oversvamningar\/"},"wordCount":282,"publisher":{"@id":"https:\/\/lightweb.dev\/l\/svm-temp\/#organization"},"image":{"@id":"https:\/\/lightweb.dev\/l\/svm-temp\/nyheter\/fuengirola-tar-krafttag-mot-oversvamningar\/#primaryimage"},"thumbnailUrl":"https:\/\/lightweb.dev\/l\/svm-temp\/wp-content\/uploads\/2023\/08\/F4N1D6JWEAAI8og-stor.jpeg","articleSection":["Arkiv","Nyheter"],"inLanguage":"sv-SE"},{"@type":"WebPage","@id":"https:\/\/lightweb.dev\/l\/svm-temp\/nyheter\/fuengirola-tar-krafttag-mot-oversvamningar\/","url":"https:\/\/lightweb.dev\/l\/svm-temp\/nyheter\/fuengirola-tar-krafttag-mot-oversvamningar\/","name":"Fuengirola tar krafttag mot \u00f6versv\u00e4mningar - Svenska Magasinet","isPartOf":{"@id":"https:\/\/lightweb.dev\/l\/svm-temp\/#website"},"primaryImageOfPage":{"@id":"https:\/\/lightweb.dev\/l\/svm-temp\/nyheter\/fuengirola-tar-krafttag-mot-oversvamningar\/#primaryimage"},"image":{"@id":"https:\/\/lightweb.dev\/l\/svm-temp\/nyheter\/fuengirola-tar-krafttag-mot-oversvamningar\/#primaryimage"},"thumbnailUrl":"https:\/\/lightweb.dev\/l\/svm-temp\/wp-content\/uploads\/2023\/08\/F4N1D6JWEAAI8og-stor.jpeg","datePublished":"2024-01-04T15:40:54+00:00","dateModified":"2024-01-04T16:02:09+00:00","breadcrumb":{"@id":"https:\/\/lightweb.dev\/l\/svm-temp\/nyheter\/fuengirola-tar-krafttag-mot-oversvamningar\/#breadcrumb"},"inLanguage":"sv-SE","potentialAction":[{"@type":"ReadAction","target":["https:\/\/lightweb.dev\/l\/svm-temp\/nyheter\/fuengirola-tar-krafttag-mot-oversvamningar\/"]}]},{"@type":"ImageObject","inLanguage":"sv-SE","@id":"https:\/\/lightweb.dev\/l\/svm-temp\/nyheter\/fuengirola-tar-krafttag-mot-oversvamningar\/#primaryimage","url":"https:\/\/lightweb.dev\/l\/svm-temp\/wp-content\/uploads\/2023\/08\/F4N1D6JWEAAI8og-stor.jpeg","contentUrl":"https:\/\/lightweb.dev\/l\/svm-temp\/wp-content\/uploads\/2023\/08\/F4N1D6JWEAAI8og-stor.jpeg","width":1024,"height":768},{"@type":"BreadcrumbList","@id":"https:\/\/lightweb.dev\/l\/svm-temp\/nyheter\/fuengirola-tar-krafttag-mot-oversvamningar\/#breadcrumb","itemListElement":[{"@type":"ListItem","position":1,"name":"Hem","item":"https:\/\/lightweb.dev\/l\/svm-temp\/"},{"@type":"ListItem","position":2,"name":"Fuengirola tar krafttag mot \u00f6versv\u00e4mningar"}]},{"@type":"WebSite","@id":"https:\/\/lightweb.dev\/l\/svm-temp\/#website","url":"https:\/\/lightweb.dev\/l\/svm-temp\/","name":"Svenska Magasinet","description":"Dina Spanska nyheter p&aring; Svenska","publisher":{"@id":"https:\/\/lightweb.dev\/l\/svm-temp\/#organization"},"potentialAction":[{"@type":"SearchAction","target":{"@type":"EntryPoint","urlTemplate":"https:\/\/lightweb.dev\/l\/svm-temp\/?s={search_term_string}"},"query-input":{"@type":"PropertyValueSpecification","valueRequired":true,"valueName":"search_term_string"}}],"inLanguage":"sv-SE"},{"@type":"Organization","@id":"https:\/\/lightweb.dev\/l\/svm-temp\/#organization","name":"Melkerson y Nott SL","alternateName":"Svenska Magasinet","url":"https:\/\/lightweb.dev\/l\/svm-temp\/","logo":{"@type":"ImageObject","inLanguage":"sv-SE","@id":"https:\/\/lightweb.dev\/l\/svm-temp\/#\/schema\/logo\/image\/","url":"https:\/\/lightweb.dev\/l\/svm-temp\/wp-content\/uploads\/2025\/02\/SvM-logo-Xtra-Centrerad-SVART.png","contentUrl":"https:\/\/lightweb.dev\/l\/svm-temp\/wp-content\/uploads\/2025\/02\/SvM-logo-Xtra-Centrerad-SVART.png","width":300,"height":99,"caption":"Melkerson y Nott SL"},"image":{"@id":"https:\/\/lightweb.dev\/l\/svm-temp\/#\/schema\/logo\/image\/"},"sameAs":["https:\/\/www.facebook.com\/svenskamagasinet","https:\/\/x.com\/SvenskaMagasine"]},{"@type":"Person","@id":"https:\/\/lightweb.dev\/l\/svm-temp\/#\/schema\/person\/caffe038990d25722f5a04a03c906a2b","name":"Robbie Eriksson","sameAs":["https:\/\/lightweb.dev\/l\/svm-temp"],"url":"https:\/\/lightweb.dev\/l\/svm-temp\/reporter\/robbie-eriksson\/"}]}},"_links":{"self":[{"href":"https:\/\/lightweb.dev\/l\/svm-temp\/wp-json\/wp\/v2\/posts\/68689","targetHints":{"allow":["GET"]}}],"collection":[{"href":"https:\/\/lightweb.dev\/l\/svm-temp\/wp-json\/wp\/v2\/posts"}],"about":[{"href":"https:\/\/lightweb.dev\/l\/svm-temp\/wp-json\/wp\/v2\/types\/post"}],"author":[{"embeddable":true,"href":"https:\/\/lightweb.dev\/l\/svm-temp\/wp-json\/wp\/v2\/users\/14"}],"replies":[{"embeddable":true,"href":"https:\/\/lightweb.dev\/l\/svm-temp\/wp-json\/wp\/v2\/comments?post=68689"}],"version-history":[{"count":0,"href":"https:\/\/lightweb.dev\/l\/svm-temp\/wp-json\/wp\/v2\/posts\/68689\/revisions"}],"wp:featuredmedia":[{"embeddable":true,"href":"https:\/\/lightweb.dev\/l\/svm-temp\/wp-json\/wp\/v2\/media\/65935"}],"wp:attachment":[{"href":"https:\/\/lightweb.dev\/l\/svm-temp\/wp-json\/wp\/v2\/media?parent=68689"}],"wp:term":[{"taxonomy":"category","embeddable":true,"href":"https:\/\/lightweb.dev\/l\/svm-temp\/wp-json\/wp\/v2\/categories?post=68689"},{"taxonomy":"post_tag","embeddable":true,"href":"https:\/\/lightweb.dev\/l\/svm-temp\/wp-json\/wp\/v2\/tags?post=68689"}],"curies":[{"name":"wp","href":"https:\/\/api.w.org\/{rel}","templated":true}]}}