{"id":68710,"date":"2024-01-05T13:48:36","date_gmt":"2024-01-05T12:48:36","guid":{"rendered":"https:\/\/lightweb.dev\/l\/svm-temp\/?p=68710"},"modified":"2024-01-05T14:42:57","modified_gmt":"2024-01-05T13:42:57","slug":"motorvag-stangd-efter-stor-olycka","status":"publish","type":"post","link":"https:\/\/lightweb.dev\/l\/svm-temp\/nyheter\/motorvag-stangd-efter-stor-olycka\/","title":{"rendered":"Motorv\u00e4g st\u00e4ngd efter stor olycka"},"content":{"rendered":"<p><strong>En person har f\u00f6rts till sjukhus efter en kedjeolycka d\u00e4r 15 bilar var inblandade.\u00a0<\/strong><\/p>\n<p><strong>R\u00e4ddningstj\u00e4nsten uppmanar till stor f\u00f6rsiktighet p\u00e5 v\u00e4garna p\u00e5 grund av v\u00e4dret.\u00a0<\/strong><\/p>\n<p><span style=\"font-weight: 400;\">Motorv\u00e4g A-92 var st\u00e4ngd p\u00e5 str\u00e4ckan i j\u00e4mnh\u00f6jd med Archidona i M\u00e1lagaprovinsen efter en olycka d\u00e4r 15 bilar var inblandade, uppger det spanska trafikverket (DGT).\u00a0<\/span><\/p>\n<p><span style=\"font-weight: 400;\">Olyckan intr\u00e4ffade klockan 09.30 imorse vid kilometerm\u00e4rke 169 p\u00e5 motorv\u00e4gen i riktning mot Sevilla. Den andalusiska r\u00e4ddningstj\u00e4nsten fick flera samtal om en kedjeolycka. N\u00e4r olyckan intr\u00e4ffade ska det ha varit kraftig dimma p\u00e5 v\u00e4gen.\u00a0<\/span><\/p>\n<p><span style=\"font-weight: 400;\">Trafikpoliser fr\u00e5n Guardia Civil och ambulanser var snabbt p\u00e5 plats. En person f\u00f6rts till sjukhus och 10 andra fick v\u00e5rd p\u00e5 plats efter att flera bilar kolliderade.\u00a0<\/span><\/p>\n<p><span style=\"font-weight: 400;\">P\u00e5 grund av olyckan \u00f6ppnade en alternativ v\u00e4g. Strax efter klockan 12 meddelade DGT att A-92:an \u00e5terigen var \u00f6ppen i b\u00e5da f\u00e4rdriktningarna.<\/span><\/p>\n<p><span style=\"font-weight: 400;\">R\u00e4ddningstj\u00e4nsten i Andalusien uppmanar f\u00f6rare att vara v\u00e4ldigt f\u00f6rsiktiga om de k\u00f6r i omr\u00e5dena kring Archidona. Sn\u00f6, dimma och hagel har, f\u00f6rutom denna, orsakat flera olyckor p\u00e5 A-92, A-92M och A-7202. De har \u00e4ven placerat ut personal och har varningsinformation p\u00e5 sk\u00e4rmar l\u00e4ngs v\u00e4garna.<\/span><\/p>\n<blockquote class=\"twitter-tweet\" data-media-max-width=\"560\">\n<p dir=\"ltr\" lang=\"es\">\u26ab\ufe0f Actualizaci\u00f3n <a href=\"https:\/\/twitter.com\/hashtag\/M%C3%A1laga?src=hash&amp;ref_src=twsrc%5Etfw\">#M\u00e1laga<\/a>:<\/p>\n<p>\u27a1\ufe0f Desv\u00edo se\u00f1alizado por la A-92M.<\/p>\n<p>\u27a1\ufe0f Accidente por granizo.<\/p>\n<p>\ud83d\udea8 M\u00e1s \u2139\ufe0f en <a href=\"https:\/\/twitter.com\/InformacionDGT?ref_src=twsrc%5Etfw\">@InformacionDGT<\/a> y boletines de \ud83d\udcfb. <a href=\"https:\/\/t.co\/Nx9DDY0TXf\">pic.twitter.com\/Nx9DDY0TXf<\/a><\/p>\n<p>\u2014 Dir. Gral. Tr\u00e1fico (@DGTes) <a href=\"https:\/\/twitter.com\/DGTes\/status\/1743209642732167328?ref_src=twsrc%5Etfw\">January 5, 2024<\/a><\/p><\/blockquote>\n<p><script async src=\"https:\/\/platform.twitter.com\/widgets.js\" charset=\"utf-8\"><\/script><\/p>\n","protected":false},"excerpt":{"rendered":"<p>En person har f\u00f6rts till sjukhus efter en kedjeolycka d\u00e4r 15 bilar var inblandade.\u00a0R\u00e4ddningstj\u00e4nsten uppmanar till stor f\u00f6rsiktighet p\u00e5 v\u00e4garna p\u00e5 grund av v\u00e4dret.\u00a0<\/p>\n","protected":false},"author":14,"featured_media":68711,"comment_status":"closed","ping_status":"closed","sticky":false,"template":"","format":"standard","meta":{"_et_pb_use_builder":"","_et_pb_old_content":"","_et_gb_content_width":"","footnotes":""},"categories":[395,3],"tags":[],"class_list":["post-68710","post","type-post","status-publish","format-standard","has-post-thumbnail","hentry","category-arkiv-nyheter","category-nyheter"],"yoast_head":"<!-- This site is optimized with the Yoast SEO Premium plugin v26.2 (Yoast SEO v27.5) - https:\/\/yoast.com\/product\/yoast-seo-premium-wordpress\/ -->\n<title>Motorv\u00e4g st\u00e4ngd efter stor olycka - Svenska Magasinet<\/title>\n<meta name=\"robots\" content=\"noindex, follow, max-snippet:-1, max-image-preview:large, max-video-preview:-1\" \/>\n<meta property=\"og:locale\" content=\"sv_SE\" \/>\n<meta property=\"og:type\" content=\"article\" \/>\n<meta property=\"og:title\" content=\"Motorv\u00e4g st\u00e4ngd efter stor olycka\" \/>\n<meta property=\"og:description\" content=\"En person har f\u00f6rts till sjukhus efter en kedjeolycka d\u00e4r 15 bilar var inblandade.\u00a0R\u00e4ddningstj\u00e4nsten uppmanar till stor f\u00f6rsiktighet p\u00e5 v\u00e4garna p\u00e5 grund av v\u00e4dret.\u00a0\" \/>\n<meta property=\"og:url\" content=\"https:\/\/lightweb.dev\/l\/svm-temp\/nyheter\/motorvag-stangd-efter-stor-olycka\/\" \/>\n<meta property=\"og:site_name\" content=\"Svenska Magasinet\" \/>\n<meta property=\"article:publisher\" content=\"https:\/\/www.facebook.com\/svenskamagasinet\" \/>\n<meta property=\"article:published_time\" content=\"2024-01-05T12:48:36+00:00\" \/>\n<meta property=\"article:modified_time\" content=\"2024-01-05T13:42:57+00:00\" \/>\n<meta property=\"og:image\" content=\"https:\/\/lightweb.dev\/l\/svm-temp\/wp-content\/uploads\/2024\/01\/Screenshot_20240105_124142_X.jpg\" \/>\n\t<meta property=\"og:image:width\" content=\"1071\" \/>\n\t<meta property=\"og:image:height\" content=\"596\" \/>\n\t<meta property=\"og:image:type\" content=\"image\/jpeg\" \/>\n<meta name=\"author\" content=\"Robbie Eriksson\" \/>\n<meta name=\"twitter:card\" content=\"summary_large_image\" \/>\n<meta name=\"twitter:creator\" content=\"@SvenskaMagasine\" \/>\n<meta name=\"twitter:site\" content=\"@SvenskaMagasine\" \/>\n<script type=\"application\/ld+json\" class=\"yoast-schema-graph\">{\"@context\":\"https:\\\/\\\/schema.org\",\"@graph\":[{\"@type\":\"Article\",\"@id\":\"https:\\\/\\\/lightweb.dev\\\/l\\\/svm-temp\\\/nyheter\\\/motorvag-stangd-efter-stor-olycka\\\/#article\",\"isPartOf\":{\"@id\":\"https:\\\/\\\/lightweb.dev\\\/l\\\/svm-temp\\\/nyheter\\\/motorvag-stangd-efter-stor-olycka\\\/\"},\"author\":{\"name\":\"Robbie Eriksson\",\"@id\":\"https:\\\/\\\/lightweb.dev\\\/l\\\/svm-temp\\\/#\\\/schema\\\/person\\\/caffe038990d25722f5a04a03c906a2b\"},\"headline\":\"Motorv\u00e4g st\u00e4ngd efter stor olycka\",\"datePublished\":\"2024-01-05T12:48:36+00:00\",\"dateModified\":\"2024-01-05T13:42:57+00:00\",\"mainEntityOfPage\":{\"@id\":\"https:\\\/\\\/lightweb.dev\\\/l\\\/svm-temp\\\/nyheter\\\/motorvag-stangd-efter-stor-olycka\\\/\"},\"wordCount\":253,\"publisher\":{\"@id\":\"https:\\\/\\\/lightweb.dev\\\/l\\\/svm-temp\\\/#organization\"},\"image\":{\"@id\":\"https:\\\/\\\/lightweb.dev\\\/l\\\/svm-temp\\\/nyheter\\\/motorvag-stangd-efter-stor-olycka\\\/#primaryimage\"},\"thumbnailUrl\":\"https:\\\/\\\/lightweb.dev\\\/l\\\/svm-temp\\\/wp-content\\\/uploads\\\/2024\\\/01\\\/Screenshot_20240105_124142_X.jpg\",\"articleSection\":[\"Arkiv\",\"Nyheter\"],\"inLanguage\":\"sv-SE\"},{\"@type\":\"WebPage\",\"@id\":\"https:\\\/\\\/lightweb.dev\\\/l\\\/svm-temp\\\/nyheter\\\/motorvag-stangd-efter-stor-olycka\\\/\",\"url\":\"https:\\\/\\\/lightweb.dev\\\/l\\\/svm-temp\\\/nyheter\\\/motorvag-stangd-efter-stor-olycka\\\/\",\"name\":\"Motorv\u00e4g st\u00e4ngd efter stor olycka - Svenska Magasinet\",\"isPartOf\":{\"@id\":\"https:\\\/\\\/lightweb.dev\\\/l\\\/svm-temp\\\/#website\"},\"primaryImageOfPage\":{\"@id\":\"https:\\\/\\\/lightweb.dev\\\/l\\\/svm-temp\\\/nyheter\\\/motorvag-stangd-efter-stor-olycka\\\/#primaryimage\"},\"image\":{\"@id\":\"https:\\\/\\\/lightweb.dev\\\/l\\\/svm-temp\\\/nyheter\\\/motorvag-stangd-efter-stor-olycka\\\/#primaryimage\"},\"thumbnailUrl\":\"https:\\\/\\\/lightweb.dev\\\/l\\\/svm-temp\\\/wp-content\\\/uploads\\\/2024\\\/01\\\/Screenshot_20240105_124142_X.jpg\",\"datePublished\":\"2024-01-05T12:48:36+00:00\",\"dateModified\":\"2024-01-05T13:42:57+00:00\",\"breadcrumb\":{\"@id\":\"https:\\\/\\\/lightweb.dev\\\/l\\\/svm-temp\\\/nyheter\\\/motorvag-stangd-efter-stor-olycka\\\/#breadcrumb\"},\"inLanguage\":\"sv-SE\",\"potentialAction\":[{\"@type\":\"ReadAction\",\"target\":[\"https:\\\/\\\/lightweb.dev\\\/l\\\/svm-temp\\\/nyheter\\\/motorvag-stangd-efter-stor-olycka\\\/\"]}]},{\"@type\":\"ImageObject\",\"inLanguage\":\"sv-SE\",\"@id\":\"https:\\\/\\\/lightweb.dev\\\/l\\\/svm-temp\\\/nyheter\\\/motorvag-stangd-efter-stor-olycka\\\/#primaryimage\",\"url\":\"https:\\\/\\\/lightweb.dev\\\/l\\\/svm-temp\\\/wp-content\\\/uploads\\\/2024\\\/01\\\/Screenshot_20240105_124142_X.jpg\",\"contentUrl\":\"https:\\\/\\\/lightweb.dev\\\/l\\\/svm-temp\\\/wp-content\\\/uploads\\\/2024\\\/01\\\/Screenshot_20240105_124142_X.jpg\",\"width\":1071,\"height\":596,\"caption\":\"(Bild: DGT, X)\"},{\"@type\":\"BreadcrumbList\",\"@id\":\"https:\\\/\\\/lightweb.dev\\\/l\\\/svm-temp\\\/nyheter\\\/motorvag-stangd-efter-stor-olycka\\\/#breadcrumb\",\"itemListElement\":[{\"@type\":\"ListItem\",\"position\":1,\"name\":\"Hem\",\"item\":\"https:\\\/\\\/lightweb.dev\\\/l\\\/svm-temp\\\/\"},{\"@type\":\"ListItem\",\"position\":2,\"name\":\"Motorv\u00e4g st\u00e4ngd efter stor olycka\"}]},{\"@type\":\"WebSite\",\"@id\":\"https:\\\/\\\/lightweb.dev\\\/l\\\/svm-temp\\\/#website\",\"url\":\"https:\\\/\\\/lightweb.dev\\\/l\\\/svm-temp\\\/\",\"name\":\"Svenska Magasinet\",\"description\":\"Dina Spanska nyheter p&aring; Svenska\",\"publisher\":{\"@id\":\"https:\\\/\\\/lightweb.dev\\\/l\\\/svm-temp\\\/#organization\"},\"potentialAction\":[{\"@type\":\"SearchAction\",\"target\":{\"@type\":\"EntryPoint\",\"urlTemplate\":\"https:\\\/\\\/lightweb.dev\\\/l\\\/svm-temp\\\/?s={search_term_string}\"},\"query-input\":{\"@type\":\"PropertyValueSpecification\",\"valueRequired\":true,\"valueName\":\"search_term_string\"}}],\"inLanguage\":\"sv-SE\"},{\"@type\":\"Organization\",\"@id\":\"https:\\\/\\\/lightweb.dev\\\/l\\\/svm-temp\\\/#organization\",\"name\":\"Melkerson y Nott SL\",\"alternateName\":\"Svenska Magasinet\",\"url\":\"https:\\\/\\\/lightweb.dev\\\/l\\\/svm-temp\\\/\",\"logo\":{\"@type\":\"ImageObject\",\"inLanguage\":\"sv-SE\",\"@id\":\"https:\\\/\\\/lightweb.dev\\\/l\\\/svm-temp\\\/#\\\/schema\\\/logo\\\/image\\\/\",\"url\":\"https:\\\/\\\/lightweb.dev\\\/l\\\/svm-temp\\\/wp-content\\\/uploads\\\/2025\\\/02\\\/SvM-logo-Xtra-Centrerad-SVART.png\",\"contentUrl\":\"https:\\\/\\\/lightweb.dev\\\/l\\\/svm-temp\\\/wp-content\\\/uploads\\\/2025\\\/02\\\/SvM-logo-Xtra-Centrerad-SVART.png\",\"width\":300,\"height\":99,\"caption\":\"Melkerson y Nott SL\"},\"image\":{\"@id\":\"https:\\\/\\\/lightweb.dev\\\/l\\\/svm-temp\\\/#\\\/schema\\\/logo\\\/image\\\/\"},\"sameAs\":[\"https:\\\/\\\/www.facebook.com\\\/svenskamagasinet\",\"https:\\\/\\\/x.com\\\/SvenskaMagasine\"]},{\"@type\":\"Person\",\"@id\":\"https:\\\/\\\/lightweb.dev\\\/l\\\/svm-temp\\\/#\\\/schema\\\/person\\\/caffe038990d25722f5a04a03c906a2b\",\"name\":\"Robbie Eriksson\",\"sameAs\":[\"https:\\\/\\\/lightweb.dev\\\/l\\\/svm-temp\"],\"url\":\"https:\\\/\\\/lightweb.dev\\\/l\\\/svm-temp\\\/reporter\\\/robbie-eriksson\\\/\"}]}<\/script>\n<!-- \/ Yoast SEO Premium plugin. -->","yoast_head_json":{"title":"Motorv\u00e4g st\u00e4ngd efter stor olycka - Svenska Magasinet","robots":{"index":"noindex","follow":"follow","max-snippet":"max-snippet:-1","max-image-preview":"max-image-preview:large","max-video-preview":"max-video-preview:-1"},"og_locale":"sv_SE","og_type":"article","og_title":"Motorv\u00e4g st\u00e4ngd efter stor olycka","og_description":"En person har f\u00f6rts till sjukhus efter en kedjeolycka d\u00e4r 15 bilar var inblandade.\u00a0R\u00e4ddningstj\u00e4nsten uppmanar till stor f\u00f6rsiktighet p\u00e5 v\u00e4garna p\u00e5 grund av v\u00e4dret.\u00a0","og_url":"https:\/\/lightweb.dev\/l\/svm-temp\/nyheter\/motorvag-stangd-efter-stor-olycka\/","og_site_name":"Svenska Magasinet","article_publisher":"https:\/\/www.facebook.com\/svenskamagasinet","article_published_time":"2024-01-05T12:48:36+00:00","article_modified_time":"2024-01-05T13:42:57+00:00","og_image":[{"width":1071,"height":596,"url":"https:\/\/lightweb.dev\/l\/svm-temp\/wp-content\/uploads\/2024\/01\/Screenshot_20240105_124142_X.jpg","type":"image\/jpeg"}],"author":"Robbie Eriksson","twitter_card":"summary_large_image","twitter_creator":"@SvenskaMagasine","twitter_site":"@SvenskaMagasine","schema":{"@context":"https:\/\/schema.org","@graph":[{"@type":"Article","@id":"https:\/\/lightweb.dev\/l\/svm-temp\/nyheter\/motorvag-stangd-efter-stor-olycka\/#article","isPartOf":{"@id":"https:\/\/lightweb.dev\/l\/svm-temp\/nyheter\/motorvag-stangd-efter-stor-olycka\/"},"author":{"name":"Robbie Eriksson","@id":"https:\/\/lightweb.dev\/l\/svm-temp\/#\/schema\/person\/caffe038990d25722f5a04a03c906a2b"},"headline":"Motorv\u00e4g st\u00e4ngd efter stor olycka","datePublished":"2024-01-05T12:48:36+00:00","dateModified":"2024-01-05T13:42:57+00:00","mainEntityOfPage":{"@id":"https:\/\/lightweb.dev\/l\/svm-temp\/nyheter\/motorvag-stangd-efter-stor-olycka\/"},"wordCount":253,"publisher":{"@id":"https:\/\/lightweb.dev\/l\/svm-temp\/#organization"},"image":{"@id":"https:\/\/lightweb.dev\/l\/svm-temp\/nyheter\/motorvag-stangd-efter-stor-olycka\/#primaryimage"},"thumbnailUrl":"https:\/\/lightweb.dev\/l\/svm-temp\/wp-content\/uploads\/2024\/01\/Screenshot_20240105_124142_X.jpg","articleSection":["Arkiv","Nyheter"],"inLanguage":"sv-SE"},{"@type":"WebPage","@id":"https:\/\/lightweb.dev\/l\/svm-temp\/nyheter\/motorvag-stangd-efter-stor-olycka\/","url":"https:\/\/lightweb.dev\/l\/svm-temp\/nyheter\/motorvag-stangd-efter-stor-olycka\/","name":"Motorv\u00e4g st\u00e4ngd efter stor olycka - Svenska Magasinet","isPartOf":{"@id":"https:\/\/lightweb.dev\/l\/svm-temp\/#website"},"primaryImageOfPage":{"@id":"https:\/\/lightweb.dev\/l\/svm-temp\/nyheter\/motorvag-stangd-efter-stor-olycka\/#primaryimage"},"image":{"@id":"https:\/\/lightweb.dev\/l\/svm-temp\/nyheter\/motorvag-stangd-efter-stor-olycka\/#primaryimage"},"thumbnailUrl":"https:\/\/lightweb.dev\/l\/svm-temp\/wp-content\/uploads\/2024\/01\/Screenshot_20240105_124142_X.jpg","datePublished":"2024-01-05T12:48:36+00:00","dateModified":"2024-01-05T13:42:57+00:00","breadcrumb":{"@id":"https:\/\/lightweb.dev\/l\/svm-temp\/nyheter\/motorvag-stangd-efter-stor-olycka\/#breadcrumb"},"inLanguage":"sv-SE","potentialAction":[{"@type":"ReadAction","target":["https:\/\/lightweb.dev\/l\/svm-temp\/nyheter\/motorvag-stangd-efter-stor-olycka\/"]}]},{"@type":"ImageObject","inLanguage":"sv-SE","@id":"https:\/\/lightweb.dev\/l\/svm-temp\/nyheter\/motorvag-stangd-efter-stor-olycka\/#primaryimage","url":"https:\/\/lightweb.dev\/l\/svm-temp\/wp-content\/uploads\/2024\/01\/Screenshot_20240105_124142_X.jpg","contentUrl":"https:\/\/lightweb.dev\/l\/svm-temp\/wp-content\/uploads\/2024\/01\/Screenshot_20240105_124142_X.jpg","width":1071,"height":596,"caption":"(Bild: DGT, X)"},{"@type":"BreadcrumbList","@id":"https:\/\/lightweb.dev\/l\/svm-temp\/nyheter\/motorvag-stangd-efter-stor-olycka\/#breadcrumb","itemListElement":[{"@type":"ListItem","position":1,"name":"Hem","item":"https:\/\/lightweb.dev\/l\/svm-temp\/"},{"@type":"ListItem","position":2,"name":"Motorv\u00e4g st\u00e4ngd efter stor olycka"}]},{"@type":"WebSite","@id":"https:\/\/lightweb.dev\/l\/svm-temp\/#website","url":"https:\/\/lightweb.dev\/l\/svm-temp\/","name":"Svenska Magasinet","description":"Dina Spanska nyheter p&aring; Svenska","publisher":{"@id":"https:\/\/lightweb.dev\/l\/svm-temp\/#organization"},"potentialAction":[{"@type":"SearchAction","target":{"@type":"EntryPoint","urlTemplate":"https:\/\/lightweb.dev\/l\/svm-temp\/?s={search_term_string}"},"query-input":{"@type":"PropertyValueSpecification","valueRequired":true,"valueName":"search_term_string"}}],"inLanguage":"sv-SE"},{"@type":"Organization","@id":"https:\/\/lightweb.dev\/l\/svm-temp\/#organization","name":"Melkerson y Nott SL","alternateName":"Svenska Magasinet","url":"https:\/\/lightweb.dev\/l\/svm-temp\/","logo":{"@type":"ImageObject","inLanguage":"sv-SE","@id":"https:\/\/lightweb.dev\/l\/svm-temp\/#\/schema\/logo\/image\/","url":"https:\/\/lightweb.dev\/l\/svm-temp\/wp-content\/uploads\/2025\/02\/SvM-logo-Xtra-Centrerad-SVART.png","contentUrl":"https:\/\/lightweb.dev\/l\/svm-temp\/wp-content\/uploads\/2025\/02\/SvM-logo-Xtra-Centrerad-SVART.png","width":300,"height":99,"caption":"Melkerson y Nott SL"},"image":{"@id":"https:\/\/lightweb.dev\/l\/svm-temp\/#\/schema\/logo\/image\/"},"sameAs":["https:\/\/www.facebook.com\/svenskamagasinet","https:\/\/x.com\/SvenskaMagasine"]},{"@type":"Person","@id":"https:\/\/lightweb.dev\/l\/svm-temp\/#\/schema\/person\/caffe038990d25722f5a04a03c906a2b","name":"Robbie Eriksson","sameAs":["https:\/\/lightweb.dev\/l\/svm-temp"],"url":"https:\/\/lightweb.dev\/l\/svm-temp\/reporter\/robbie-eriksson\/"}]}},"_links":{"self":[{"href":"https:\/\/lightweb.dev\/l\/svm-temp\/wp-json\/wp\/v2\/posts\/68710","targetHints":{"allow":["GET"]}}],"collection":[{"href":"https:\/\/lightweb.dev\/l\/svm-temp\/wp-json\/wp\/v2\/posts"}],"about":[{"href":"https:\/\/lightweb.dev\/l\/svm-temp\/wp-json\/wp\/v2\/types\/post"}],"author":[{"embeddable":true,"href":"https:\/\/lightweb.dev\/l\/svm-temp\/wp-json\/wp\/v2\/users\/14"}],"replies":[{"embeddable":true,"href":"https:\/\/lightweb.dev\/l\/svm-temp\/wp-json\/wp\/v2\/comments?post=68710"}],"version-history":[{"count":0,"href":"https:\/\/lightweb.dev\/l\/svm-temp\/wp-json\/wp\/v2\/posts\/68710\/revisions"}],"wp:featuredmedia":[{"embeddable":true,"href":"https:\/\/lightweb.dev\/l\/svm-temp\/wp-json\/wp\/v2\/media\/68711"}],"wp:attachment":[{"href":"https:\/\/lightweb.dev\/l\/svm-temp\/wp-json\/wp\/v2\/media?parent=68710"}],"wp:term":[{"taxonomy":"category","embeddable":true,"href":"https:\/\/lightweb.dev\/l\/svm-temp\/wp-json\/wp\/v2\/categories?post=68710"},{"taxonomy":"post_tag","embeddable":true,"href":"https:\/\/lightweb.dev\/l\/svm-temp\/wp-json\/wp\/v2\/tags?post=68710"}],"curies":[{"name":"wp","href":"https:\/\/api.w.org\/{rel}","templated":true}]}}