{"id":68720,"date":"2024-01-05T16:37:57","date_gmt":"2024-01-05T15:37:57","guid":{"rendered":"https:\/\/lightweb.dev\/l\/svm-temp\/?p=68720"},"modified":"2024-01-05T22:00:22","modified_gmt":"2024-01-05T21:00:22","slug":"flera-installda-flyg-pa-grund-av-strejken","status":"publish","type":"post","link":"https:\/\/lightweb.dev\/l\/svm-temp\/nyheter\/flera-installda-flyg-pa-grund-av-strejken\/","title":{"rendered":"Flera inst\u00e4llda flyg p\u00e5 grund av strejken"},"content":{"rendered":"<p><strong>Iberias bagagehanterare har g\u00e5tt ut i strejk. <\/strong><strong>D\u00e4rf\u00f6r har flera flyg st\u00e4llts in fr\u00e5n idag fram till m\u00e5ndag.<\/strong><\/p>\n<p><strong>M\u00e5nga av dem i Andalusien.\u00a0<\/strong><\/p>\n<p><span style=\"font-weight: 400;\">Iberia har st\u00e4llt in 58 avg\u00e5ngar och ankomster till de olika andalusiska <\/span><span style=\"font-weight: 400;\">flygplatserna p\u00e5 grund av bagagehanterarnas strejk. Dessa flyg skulle ha g\u00e5tt mellan idag och m\u00e5ndag.\u00a0<\/span><\/p>\n<p><span style=\"font-weight: 400;\">Fem av flygplatserna i Andalusien p\u00e5verkas av de inst\u00e4llda flygen. 16 resor har st\u00e4llts in i Sevilla, 14 i Granada och i Jerez, 12 i <\/span><span style=\"font-weight: 400;\">M\u00e1laga och tv\u00e5 i Almeria.\u00a0<\/span><\/p>\n<p><span style=\"font-weight: 400;\">P\u00e5 nationell niv\u00e5 har strejken lett till 444 inst\u00e4llda flyg fr\u00e5n Iberiagruppens flygbolag. Dessa \u00e4r Iberia, Iberia Express och Air Nostrum. Totalt p\u00e5verkar det 45 600 resen\u00e4rer.\u00a0<\/span><\/p>\n<p><span style=\"font-weight: 400;\">Iberiagruppen uppger att de lyckats flytta 80 procent av de som p\u00e5verkats till andra flyg medan 10 procent beg\u00e4rt \u00e5terbetalning. De s\u00e4ger att de \u201ctackar f\u00f6r f\u00f6rst\u00e5elsen och t\u00e5lamodet fr\u00e5n alla kunder, b\u00e5de passagerare och flygbolag som betj\u00e4nas av Iberia Airport Services.\u201d De ber ocks\u00e5 om urs\u00e4kt f\u00f6r besv\u00e4ret som orsakats av strejken i ett uttalande.\u00a0<\/span><\/p>\n<p><span style=\"font-weight: 400;\">Iberia f\u00f6rs\u00e4krar att de forts\u00e4tter sitt arbete med att omplacera de \u00e5terst\u00e5ende passagerarna, men uppger att detta \u00e4r sv\u00e5rt under denna tid p\u00e5 \u00e5ret d\u00e5 flygen \u00e4r n\u00e4stan fullbokade efter jul.\u00a0<\/span><\/p>\n<p><span style=\"font-weight: 400;\">De som \u00e4nnu inte kunnat boka om kan g\u00f6ra det via Iberias hemsida, resebyr\u00e5n de bokade genom eller f\u00f6retagets kundtj\u00e4nst.\u00a0<\/span><\/p>\n<p><span style=\"font-weight: 400;\">P\u00e5 Iberias hemsida uppger de att trafiken f\u00f6r de flyg som inte st\u00e4llts in flyter p\u00e5 med vad som \u00e4r \u201cnormalt\u201d f\u00f6r denna tid p\u00e5 \u00e5ret men medger att vissa incidenter intr\u00e4ffat vid lastning av resv\u00e4skor.\u00a0<\/span><\/p>\n<h2><span style=\"font-weight: 400;\">M\u00f6jliga incidenter p\u00e5 andra flygbolag<\/span><\/h2>\n<p><span style=\"font-weight: 400;\">Iberia Airport Services tillhandah\u00e5ller service till n\u00e4stan hundra olika flygbolag p\u00e5 Aenas flygplatser under dessa dagar.<\/span><\/p>\n<p><span style=\"font-weight: 400;\">Aena har bett de som ska resa fr\u00e5n deras flygplatser att noga kontrollera statusen f\u00f6r sina avg\u00e5ngar och ankomster eftersom vissa flyg med andra bolag ocks\u00e5 kan komma att st\u00e4llas in. De uppmanar d\u00e4rf\u00f6r resen\u00e4rer att kontakta sitt flygbolag vid minsta tveksamhet.\u00a0<\/span><\/p>\n<p>&nbsp;<\/p>\n<blockquote class=\"twitter-tweet\" data-media-max-width=\"560\">\n<p dir=\"ltr\" lang=\"es\">\u26a0\ufe0f A partir de esta madrugada a las 00:00 horas <a href=\"https:\/\/t.co\/PeGbsMVNWN\">pic.twitter.com\/PeGbsMVNWN<\/a><\/p>\n<p>\u2014 Aena (@aena) <a href=\"https:\/\/twitter.com\/aena\/status\/1743015666179834180?ref_src=twsrc%5Etfw\">January 4, 2024<\/a><\/p><\/blockquote>\n<p><script async src=\"https:\/\/platform.twitter.com\/widgets.js\" charset=\"utf-8\"><\/script><\/p>\n","protected":false},"excerpt":{"rendered":"<p>Iberias bagagehanterare har g\u00e5tt ut i strejk. D\u00e4rf\u00f6r har flera flyg st\u00e4llts in fr\u00e5n idag fram till m\u00e5ndag. M\u00e5nga av dem i Andalusien&#8230;<\/p>\n","protected":false},"author":14,"featured_media":17426,"comment_status":"closed","ping_status":"closed","sticky":false,"template":"","format":"standard","meta":{"_et_pb_use_builder":"","_et_pb_old_content":"","_et_gb_content_width":"","footnotes":""},"categories":[395,3],"tags":[],"class_list":["post-68720","post","type-post","status-publish","format-standard","has-post-thumbnail","hentry","category-arkiv-nyheter","category-nyheter"],"yoast_head":"<!-- This site is optimized with the Yoast SEO Premium plugin v26.2 (Yoast SEO v27.5) - https:\/\/yoast.com\/product\/yoast-seo-premium-wordpress\/ -->\n<title>Flera inst\u00e4llda flyg p\u00e5 grund av strejken - Svenska Magasinet<\/title>\n<meta name=\"description\" content=\"Iberias bagagehanterare har g\u00e5tt ut i strejk. D\u00e4rf\u00f6r har flera flyg st\u00e4llts in fr\u00e5n idag fram till m\u00e5ndag. M\u00e5nga av dem i Andalusien...\" \/>\n<meta name=\"robots\" content=\"noindex, follow, max-snippet:-1, max-image-preview:large, max-video-preview:-1\" \/>\n<meta property=\"og:locale\" content=\"sv_SE\" \/>\n<meta property=\"og:type\" content=\"article\" \/>\n<meta property=\"og:title\" content=\"Flera inst\u00e4llda flyg p\u00e5 grund av strejken\" \/>\n<meta property=\"og:description\" content=\"Iberias bagagehanterare har g\u00e5tt ut i strejk. D\u00e4rf\u00f6r har flera flyg st\u00e4llts in fr\u00e5n idag fram till m\u00e5ndag. M\u00e5nga av dem i Andalusien...\" \/>\n<meta property=\"og:url\" content=\"https:\/\/lightweb.dev\/l\/svm-temp\/nyheter\/flera-installda-flyg-pa-grund-av-strejken\/\" \/>\n<meta property=\"og:site_name\" content=\"Svenska Magasinet\" \/>\n<meta property=\"article:publisher\" content=\"https:\/\/www.facebook.com\/svenskamagasinet\" \/>\n<meta property=\"article:published_time\" content=\"2024-01-05T15:37:57+00:00\" \/>\n<meta property=\"article:modified_time\" content=\"2024-01-05T21:00:22+00:00\" \/>\n<meta property=\"og:image\" content=\"https:\/\/lightweb.dev\/l\/svm-temp\/wp-content\/uploads\/2022\/06\/domstol-underkanner-iberias-villkor.png\" \/>\n\t<meta property=\"og:image:width\" content=\"501\" \/>\n\t<meta property=\"og:image:height\" content=\"300\" \/>\n\t<meta property=\"og:image:type\" content=\"image\/png\" \/>\n<meta name=\"author\" content=\"Robbie Eriksson\" \/>\n<meta name=\"twitter:card\" content=\"summary_large_image\" \/>\n<meta name=\"twitter:creator\" content=\"@SvenskaMagasine\" \/>\n<meta name=\"twitter:site\" content=\"@SvenskaMagasine\" \/>\n<script type=\"application\/ld+json\" class=\"yoast-schema-graph\">{\"@context\":\"https:\\\/\\\/schema.org\",\"@graph\":[{\"@type\":\"Article\",\"@id\":\"https:\\\/\\\/lightweb.dev\\\/l\\\/svm-temp\\\/nyheter\\\/flera-installda-flyg-pa-grund-av-strejken\\\/#article\",\"isPartOf\":{\"@id\":\"https:\\\/\\\/lightweb.dev\\\/l\\\/svm-temp\\\/nyheter\\\/flera-installda-flyg-pa-grund-av-strejken\\\/\"},\"author\":{\"name\":\"Robbie Eriksson\",\"@id\":\"https:\\\/\\\/lightweb.dev\\\/l\\\/svm-temp\\\/#\\\/schema\\\/person\\\/caffe038990d25722f5a04a03c906a2b\"},\"headline\":\"Flera inst\u00e4llda flyg p\u00e5 grund av strejken\",\"datePublished\":\"2024-01-05T15:37:57+00:00\",\"dateModified\":\"2024-01-05T21:00:22+00:00\",\"mainEntityOfPage\":{\"@id\":\"https:\\\/\\\/lightweb.dev\\\/l\\\/svm-temp\\\/nyheter\\\/flera-installda-flyg-pa-grund-av-strejken\\\/\"},\"wordCount\":385,\"publisher\":{\"@id\":\"https:\\\/\\\/lightweb.dev\\\/l\\\/svm-temp\\\/#organization\"},\"image\":{\"@id\":\"https:\\\/\\\/lightweb.dev\\\/l\\\/svm-temp\\\/nyheter\\\/flera-installda-flyg-pa-grund-av-strejken\\\/#primaryimage\"},\"thumbnailUrl\":\"https:\\\/\\\/lightweb.dev\\\/l\\\/svm-temp\\\/wp-content\\\/uploads\\\/2022\\\/06\\\/domstol-underkanner-iberias-villkor.png\",\"articleSection\":[\"Arkiv\",\"Nyheter\"],\"inLanguage\":\"sv-SE\"},{\"@type\":\"WebPage\",\"@id\":\"https:\\\/\\\/lightweb.dev\\\/l\\\/svm-temp\\\/nyheter\\\/flera-installda-flyg-pa-grund-av-strejken\\\/\",\"url\":\"https:\\\/\\\/lightweb.dev\\\/l\\\/svm-temp\\\/nyheter\\\/flera-installda-flyg-pa-grund-av-strejken\\\/\",\"name\":\"Flera inst\u00e4llda flyg p\u00e5 grund av strejken - Svenska Magasinet\",\"isPartOf\":{\"@id\":\"https:\\\/\\\/lightweb.dev\\\/l\\\/svm-temp\\\/#website\"},\"primaryImageOfPage\":{\"@id\":\"https:\\\/\\\/lightweb.dev\\\/l\\\/svm-temp\\\/nyheter\\\/flera-installda-flyg-pa-grund-av-strejken\\\/#primaryimage\"},\"image\":{\"@id\":\"https:\\\/\\\/lightweb.dev\\\/l\\\/svm-temp\\\/nyheter\\\/flera-installda-flyg-pa-grund-av-strejken\\\/#primaryimage\"},\"thumbnailUrl\":\"https:\\\/\\\/lightweb.dev\\\/l\\\/svm-temp\\\/wp-content\\\/uploads\\\/2022\\\/06\\\/domstol-underkanner-iberias-villkor.png\",\"datePublished\":\"2024-01-05T15:37:57+00:00\",\"dateModified\":\"2024-01-05T21:00:22+00:00\",\"description\":\"Iberias bagagehanterare har g\u00e5tt ut i strejk. D\u00e4rf\u00f6r har flera flyg st\u00e4llts in fr\u00e5n idag fram till m\u00e5ndag. M\u00e5nga av dem i Andalusien...\",\"breadcrumb\":{\"@id\":\"https:\\\/\\\/lightweb.dev\\\/l\\\/svm-temp\\\/nyheter\\\/flera-installda-flyg-pa-grund-av-strejken\\\/#breadcrumb\"},\"inLanguage\":\"sv-SE\",\"potentialAction\":[{\"@type\":\"ReadAction\",\"target\":[\"https:\\\/\\\/lightweb.dev\\\/l\\\/svm-temp\\\/nyheter\\\/flera-installda-flyg-pa-grund-av-strejken\\\/\"]}]},{\"@type\":\"ImageObject\",\"inLanguage\":\"sv-SE\",\"@id\":\"https:\\\/\\\/lightweb.dev\\\/l\\\/svm-temp\\\/nyheter\\\/flera-installda-flyg-pa-grund-av-strejken\\\/#primaryimage\",\"url\":\"https:\\\/\\\/lightweb.dev\\\/l\\\/svm-temp\\\/wp-content\\\/uploads\\\/2022\\\/06\\\/domstol-underkanner-iberias-villkor.png\",\"contentUrl\":\"https:\\\/\\\/lightweb.dev\\\/l\\\/svm-temp\\\/wp-content\\\/uploads\\\/2022\\\/06\\\/domstol-underkanner-iberias-villkor.png\",\"width\":501,\"height\":300},{\"@type\":\"BreadcrumbList\",\"@id\":\"https:\\\/\\\/lightweb.dev\\\/l\\\/svm-temp\\\/nyheter\\\/flera-installda-flyg-pa-grund-av-strejken\\\/#breadcrumb\",\"itemListElement\":[{\"@type\":\"ListItem\",\"position\":1,\"name\":\"Hem\",\"item\":\"https:\\\/\\\/lightweb.dev\\\/l\\\/svm-temp\\\/\"},{\"@type\":\"ListItem\",\"position\":2,\"name\":\"Flera inst\u00e4llda flyg p\u00e5 grund av strejken\"}]},{\"@type\":\"WebSite\",\"@id\":\"https:\\\/\\\/lightweb.dev\\\/l\\\/svm-temp\\\/#website\",\"url\":\"https:\\\/\\\/lightweb.dev\\\/l\\\/svm-temp\\\/\",\"name\":\"Svenska Magasinet\",\"description\":\"Dina Spanska nyheter p&aring; Svenska\",\"publisher\":{\"@id\":\"https:\\\/\\\/lightweb.dev\\\/l\\\/svm-temp\\\/#organization\"},\"potentialAction\":[{\"@type\":\"SearchAction\",\"target\":{\"@type\":\"EntryPoint\",\"urlTemplate\":\"https:\\\/\\\/lightweb.dev\\\/l\\\/svm-temp\\\/?s={search_term_string}\"},\"query-input\":{\"@type\":\"PropertyValueSpecification\",\"valueRequired\":true,\"valueName\":\"search_term_string\"}}],\"inLanguage\":\"sv-SE\"},{\"@type\":\"Organization\",\"@id\":\"https:\\\/\\\/lightweb.dev\\\/l\\\/svm-temp\\\/#organization\",\"name\":\"Melkerson y Nott SL\",\"alternateName\":\"Svenska Magasinet\",\"url\":\"https:\\\/\\\/lightweb.dev\\\/l\\\/svm-temp\\\/\",\"logo\":{\"@type\":\"ImageObject\",\"inLanguage\":\"sv-SE\",\"@id\":\"https:\\\/\\\/lightweb.dev\\\/l\\\/svm-temp\\\/#\\\/schema\\\/logo\\\/image\\\/\",\"url\":\"https:\\\/\\\/lightweb.dev\\\/l\\\/svm-temp\\\/wp-content\\\/uploads\\\/2025\\\/02\\\/SvM-logo-Xtra-Centrerad-SVART.png\",\"contentUrl\":\"https:\\\/\\\/lightweb.dev\\\/l\\\/svm-temp\\\/wp-content\\\/uploads\\\/2025\\\/02\\\/SvM-logo-Xtra-Centrerad-SVART.png\",\"width\":300,\"height\":99,\"caption\":\"Melkerson y Nott SL\"},\"image\":{\"@id\":\"https:\\\/\\\/lightweb.dev\\\/l\\\/svm-temp\\\/#\\\/schema\\\/logo\\\/image\\\/\"},\"sameAs\":[\"https:\\\/\\\/www.facebook.com\\\/svenskamagasinet\",\"https:\\\/\\\/x.com\\\/SvenskaMagasine\"]},{\"@type\":\"Person\",\"@id\":\"https:\\\/\\\/lightweb.dev\\\/l\\\/svm-temp\\\/#\\\/schema\\\/person\\\/caffe038990d25722f5a04a03c906a2b\",\"name\":\"Robbie Eriksson\",\"sameAs\":[\"https:\\\/\\\/lightweb.dev\\\/l\\\/svm-temp\"],\"url\":\"https:\\\/\\\/lightweb.dev\\\/l\\\/svm-temp\\\/reporter\\\/robbie-eriksson\\\/\"}]}<\/script>\n<!-- \/ Yoast SEO Premium plugin. -->","yoast_head_json":{"title":"Flera inst\u00e4llda flyg p\u00e5 grund av strejken - Svenska Magasinet","description":"Iberias bagagehanterare har g\u00e5tt ut i strejk. D\u00e4rf\u00f6r har flera flyg st\u00e4llts in fr\u00e5n idag fram till m\u00e5ndag. M\u00e5nga av dem i Andalusien...","robots":{"index":"noindex","follow":"follow","max-snippet":"max-snippet:-1","max-image-preview":"max-image-preview:large","max-video-preview":"max-video-preview:-1"},"og_locale":"sv_SE","og_type":"article","og_title":"Flera inst\u00e4llda flyg p\u00e5 grund av strejken","og_description":"Iberias bagagehanterare har g\u00e5tt ut i strejk. D\u00e4rf\u00f6r har flera flyg st\u00e4llts in fr\u00e5n idag fram till m\u00e5ndag. M\u00e5nga av dem i Andalusien...","og_url":"https:\/\/lightweb.dev\/l\/svm-temp\/nyheter\/flera-installda-flyg-pa-grund-av-strejken\/","og_site_name":"Svenska Magasinet","article_publisher":"https:\/\/www.facebook.com\/svenskamagasinet","article_published_time":"2024-01-05T15:37:57+00:00","article_modified_time":"2024-01-05T21:00:22+00:00","og_image":[{"width":501,"height":300,"url":"https:\/\/lightweb.dev\/l\/svm-temp\/wp-content\/uploads\/2022\/06\/domstol-underkanner-iberias-villkor.png","type":"image\/png"}],"author":"Robbie Eriksson","twitter_card":"summary_large_image","twitter_creator":"@SvenskaMagasine","twitter_site":"@SvenskaMagasine","schema":{"@context":"https:\/\/schema.org","@graph":[{"@type":"Article","@id":"https:\/\/lightweb.dev\/l\/svm-temp\/nyheter\/flera-installda-flyg-pa-grund-av-strejken\/#article","isPartOf":{"@id":"https:\/\/lightweb.dev\/l\/svm-temp\/nyheter\/flera-installda-flyg-pa-grund-av-strejken\/"},"author":{"name":"Robbie Eriksson","@id":"https:\/\/lightweb.dev\/l\/svm-temp\/#\/schema\/person\/caffe038990d25722f5a04a03c906a2b"},"headline":"Flera inst\u00e4llda flyg p\u00e5 grund av strejken","datePublished":"2024-01-05T15:37:57+00:00","dateModified":"2024-01-05T21:00:22+00:00","mainEntityOfPage":{"@id":"https:\/\/lightweb.dev\/l\/svm-temp\/nyheter\/flera-installda-flyg-pa-grund-av-strejken\/"},"wordCount":385,"publisher":{"@id":"https:\/\/lightweb.dev\/l\/svm-temp\/#organization"},"image":{"@id":"https:\/\/lightweb.dev\/l\/svm-temp\/nyheter\/flera-installda-flyg-pa-grund-av-strejken\/#primaryimage"},"thumbnailUrl":"https:\/\/lightweb.dev\/l\/svm-temp\/wp-content\/uploads\/2022\/06\/domstol-underkanner-iberias-villkor.png","articleSection":["Arkiv","Nyheter"],"inLanguage":"sv-SE"},{"@type":"WebPage","@id":"https:\/\/lightweb.dev\/l\/svm-temp\/nyheter\/flera-installda-flyg-pa-grund-av-strejken\/","url":"https:\/\/lightweb.dev\/l\/svm-temp\/nyheter\/flera-installda-flyg-pa-grund-av-strejken\/","name":"Flera inst\u00e4llda flyg p\u00e5 grund av strejken - Svenska Magasinet","isPartOf":{"@id":"https:\/\/lightweb.dev\/l\/svm-temp\/#website"},"primaryImageOfPage":{"@id":"https:\/\/lightweb.dev\/l\/svm-temp\/nyheter\/flera-installda-flyg-pa-grund-av-strejken\/#primaryimage"},"image":{"@id":"https:\/\/lightweb.dev\/l\/svm-temp\/nyheter\/flera-installda-flyg-pa-grund-av-strejken\/#primaryimage"},"thumbnailUrl":"https:\/\/lightweb.dev\/l\/svm-temp\/wp-content\/uploads\/2022\/06\/domstol-underkanner-iberias-villkor.png","datePublished":"2024-01-05T15:37:57+00:00","dateModified":"2024-01-05T21:00:22+00:00","description":"Iberias bagagehanterare har g\u00e5tt ut i strejk. D\u00e4rf\u00f6r har flera flyg st\u00e4llts in fr\u00e5n idag fram till m\u00e5ndag. M\u00e5nga av dem i Andalusien...","breadcrumb":{"@id":"https:\/\/lightweb.dev\/l\/svm-temp\/nyheter\/flera-installda-flyg-pa-grund-av-strejken\/#breadcrumb"},"inLanguage":"sv-SE","potentialAction":[{"@type":"ReadAction","target":["https:\/\/lightweb.dev\/l\/svm-temp\/nyheter\/flera-installda-flyg-pa-grund-av-strejken\/"]}]},{"@type":"ImageObject","inLanguage":"sv-SE","@id":"https:\/\/lightweb.dev\/l\/svm-temp\/nyheter\/flera-installda-flyg-pa-grund-av-strejken\/#primaryimage","url":"https:\/\/lightweb.dev\/l\/svm-temp\/wp-content\/uploads\/2022\/06\/domstol-underkanner-iberias-villkor.png","contentUrl":"https:\/\/lightweb.dev\/l\/svm-temp\/wp-content\/uploads\/2022\/06\/domstol-underkanner-iberias-villkor.png","width":501,"height":300},{"@type":"BreadcrumbList","@id":"https:\/\/lightweb.dev\/l\/svm-temp\/nyheter\/flera-installda-flyg-pa-grund-av-strejken\/#breadcrumb","itemListElement":[{"@type":"ListItem","position":1,"name":"Hem","item":"https:\/\/lightweb.dev\/l\/svm-temp\/"},{"@type":"ListItem","position":2,"name":"Flera inst\u00e4llda flyg p\u00e5 grund av strejken"}]},{"@type":"WebSite","@id":"https:\/\/lightweb.dev\/l\/svm-temp\/#website","url":"https:\/\/lightweb.dev\/l\/svm-temp\/","name":"Svenska Magasinet","description":"Dina Spanska nyheter p&aring; Svenska","publisher":{"@id":"https:\/\/lightweb.dev\/l\/svm-temp\/#organization"},"potentialAction":[{"@type":"SearchAction","target":{"@type":"EntryPoint","urlTemplate":"https:\/\/lightweb.dev\/l\/svm-temp\/?s={search_term_string}"},"query-input":{"@type":"PropertyValueSpecification","valueRequired":true,"valueName":"search_term_string"}}],"inLanguage":"sv-SE"},{"@type":"Organization","@id":"https:\/\/lightweb.dev\/l\/svm-temp\/#organization","name":"Melkerson y Nott SL","alternateName":"Svenska Magasinet","url":"https:\/\/lightweb.dev\/l\/svm-temp\/","logo":{"@type":"ImageObject","inLanguage":"sv-SE","@id":"https:\/\/lightweb.dev\/l\/svm-temp\/#\/schema\/logo\/image\/","url":"https:\/\/lightweb.dev\/l\/svm-temp\/wp-content\/uploads\/2025\/02\/SvM-logo-Xtra-Centrerad-SVART.png","contentUrl":"https:\/\/lightweb.dev\/l\/svm-temp\/wp-content\/uploads\/2025\/02\/SvM-logo-Xtra-Centrerad-SVART.png","width":300,"height":99,"caption":"Melkerson y Nott SL"},"image":{"@id":"https:\/\/lightweb.dev\/l\/svm-temp\/#\/schema\/logo\/image\/"},"sameAs":["https:\/\/www.facebook.com\/svenskamagasinet","https:\/\/x.com\/SvenskaMagasine"]},{"@type":"Person","@id":"https:\/\/lightweb.dev\/l\/svm-temp\/#\/schema\/person\/caffe038990d25722f5a04a03c906a2b","name":"Robbie Eriksson","sameAs":["https:\/\/lightweb.dev\/l\/svm-temp"],"url":"https:\/\/lightweb.dev\/l\/svm-temp\/reporter\/robbie-eriksson\/"}]}},"_links":{"self":[{"href":"https:\/\/lightweb.dev\/l\/svm-temp\/wp-json\/wp\/v2\/posts\/68720","targetHints":{"allow":["GET"]}}],"collection":[{"href":"https:\/\/lightweb.dev\/l\/svm-temp\/wp-json\/wp\/v2\/posts"}],"about":[{"href":"https:\/\/lightweb.dev\/l\/svm-temp\/wp-json\/wp\/v2\/types\/post"}],"author":[{"embeddable":true,"href":"https:\/\/lightweb.dev\/l\/svm-temp\/wp-json\/wp\/v2\/users\/14"}],"replies":[{"embeddable":true,"href":"https:\/\/lightweb.dev\/l\/svm-temp\/wp-json\/wp\/v2\/comments?post=68720"}],"version-history":[{"count":0,"href":"https:\/\/lightweb.dev\/l\/svm-temp\/wp-json\/wp\/v2\/posts\/68720\/revisions"}],"wp:featuredmedia":[{"embeddable":true,"href":"https:\/\/lightweb.dev\/l\/svm-temp\/wp-json\/wp\/v2\/media\/17426"}],"wp:attachment":[{"href":"https:\/\/lightweb.dev\/l\/svm-temp\/wp-json\/wp\/v2\/media?parent=68720"}],"wp:term":[{"taxonomy":"category","embeddable":true,"href":"https:\/\/lightweb.dev\/l\/svm-temp\/wp-json\/wp\/v2\/categories?post=68720"},{"taxonomy":"post_tag","embeddable":true,"href":"https:\/\/lightweb.dev\/l\/svm-temp\/wp-json\/wp\/v2\/tags?post=68720"}],"curies":[{"name":"wp","href":"https:\/\/api.w.org\/{rel}","templated":true}]}}