{"id":68725,"date":"2024-01-08T10:29:59","date_gmt":"2024-01-08T09:29:59","guid":{"rendered":"https:\/\/lightweb.dev\/l\/svm-temp\/?p=68725"},"modified":"2024-01-08T10:29:59","modified_gmt":"2024-01-08T09:29:59","slug":"altea-brand-under-kontroll","status":"publish","type":"post","link":"https:\/\/lightweb.dev\/l\/svm-temp\/nyheter\/altea-brand-under-kontroll\/","title":{"rendered":"Altea-brand under kontroll"},"content":{"rendered":"<p><strong>Den brand som utbr\u00f6t tidigt i l\u00f6rdags morse i Altea p\u00e5 norra Costa Blanca rapporterades vara under kontroll vid \u00e5ttatiden p\u00e5 s\u00f6ndagskv\u00e4llen.<\/strong><\/p>\n<p><strong>Det s\u00e4ger k\u00e4llor vid brandbek\u00e4mpningen Consorcio Provincial de Bomberos i Alicante.<\/strong><\/p>\n<div id=\"attachment_68727\" style=\"width: 235px\" class=\"wp-caption alignleft\"><img loading=\"lazy\" decoding=\"async\" aria-describedby=\"caption-attachment-68727\" class=\"size-medium wp-image-68727\" src=\"https:\/\/lightweb.dev\/l\/svm-temp\/wp-content\/uploads\/2024\/01\/GDLHdT_X0AAuCui-stor-225x300.jpeg\" alt=\"\" width=\"225\" height=\"300\" srcset=\"https:\/\/lightweb.dev\/l\/svm-temp\/wp-content\/uploads\/2024\/01\/GDLHdT_X0AAuCui-stor-225x300.jpeg 225w, https:\/\/lightweb.dev\/l\/svm-temp\/wp-content\/uploads\/2024\/01\/GDLHdT_X0AAuCui-stor-675x900.jpeg 675w, https:\/\/lightweb.dev\/l\/svm-temp\/wp-content\/uploads\/2024\/01\/GDLHdT_X0AAuCui-stor-768x1024.jpeg 768w, https:\/\/lightweb.dev\/l\/svm-temp\/wp-content\/uploads\/2024\/01\/GDLHdT_X0AAuCui-stor-610x813.jpeg 610w, https:\/\/lightweb.dev\/l\/svm-temp\/wp-content\/uploads\/2024\/01\/GDLHdT_X0AAuCui-stor-600x800.jpeg 600w, https:\/\/lightweb.dev\/l\/svm-temp\/wp-content\/uploads\/2024\/01\/GDLHdT_X0AAuCui-stor.jpeg 960w\" sizes=\"(max-width: 225px) 100vw, 225px\" \/><p id=\"caption-attachment-68727\" class=\"wp-caption-text\">(Foto: @GVAbforestals)<\/p><\/div>\n<p>Under natten mot m\u00e5ndagen har brandf\u00f6rsvaret fortsatt sl\u00e4ckningsarbetet i Sierra de Bernia som ligger n\u00e4ra bostadsomr\u00e5det Altea Hills.<\/p>\n<p>Det var klockan 03.30 i l\u00f6rdags som brandbek\u00e4mpningen fick in samtal om en brand i Altea. Vid tidpunkten var det frisk byig vind vilket gjorde att ett bostadsomr\u00e5de hotades av branden.<\/p>\n<p>Klockan 04.17 evakuerades bost\u00e4der. Senare st\u00e4ngdes AP-7:an f\u00f6r trafik samt N-332 i b\u00e5da k\u00f6rriktningarna mellan Garganes och Calpe. Vid niotiden i l\u00f6rdags var det \u00e5tta brandflyg som bek\u00e4mpade elden.<\/p>\n<p>Senare under l\u00f6rdagen kunde de evakuerade \u00e5terv\u00e4nda till sina hem och trafiken kom i g\u00e5ng som normalt.<\/p>\n<p>P\u00e5 grund av det onormalt torra v\u00e4dret f\u00f6r \u00e5rstiden r\u00e5der h\u00f6g eller extrem brandrisk p\u00e5 Costa Blanca.<\/p>\n<p><img loading=\"lazy\" decoding=\"async\" class=\"alignnone size-medium wp-image-68728\" src=\"https:\/\/lightweb.dev\/l\/svm-temp\/wp-content\/uploads\/2024\/01\/GDTRkZYWEAAM61B-stor-300x246.jpeg\" alt=\"\" width=\"300\" height=\"246\" srcset=\"https:\/\/lightweb.dev\/l\/svm-temp\/wp-content\/uploads\/2024\/01\/GDTRkZYWEAAM61B-stor-300x246.jpeg 300w, https:\/\/lightweb.dev\/l\/svm-temp\/wp-content\/uploads\/2024\/01\/GDTRkZYWEAAM61B-stor-900x738.jpeg 900w, https:\/\/lightweb.dev\/l\/svm-temp\/wp-content\/uploads\/2024\/01\/GDTRkZYWEAAM61B-stor-768x630.jpeg 768w, https:\/\/lightweb.dev\/l\/svm-temp\/wp-content\/uploads\/2024\/01\/GDTRkZYWEAAM61B-stor-610x500.jpeg 610w, https:\/\/lightweb.dev\/l\/svm-temp\/wp-content\/uploads\/2024\/01\/GDTRkZYWEAAM61B-stor-600x492.jpeg 600w, https:\/\/lightweb.dev\/l\/svm-temp\/wp-content\/uploads\/2024\/01\/GDTRkZYWEAAM61B-stor.jpeg 1080w\" sizes=\"(max-width: 300px) 100vw, 300px\" \/><\/p>\n<p>&nbsp;<\/p>\n<blockquote class=\"twitter-tweet\" data-media-max-width=\"560\">\n<p dir=\"ltr\" lang=\"es\">Seguimos luchando ya con 18 dotaciones del <a href=\"https:\/\/twitter.com\/hashtag\/cpba?src=hash&amp;ref_src=twsrc%5Etfw\">#cpba<\/a> m\u00e1s los medios a\u00e9reos de Alicante y Valencia y los <a href=\"https:\/\/twitter.com\/GVAbforestals?ref_src=twsrc%5Etfw\">@GVAbforestals<\/a> para poder seguir avanzando en la lucha contra el fuego declarado esta madrugada sobre las 3:30 <a href=\"https:\/\/t.co\/5ukPE4Hr26\">pic.twitter.com\/5ukPE4Hr26<\/a><\/p>\n<p>\u2014 Consorcio Provincial Bomberos Alicante (@BomberosDipuALC) <a href=\"https:\/\/twitter.com\/BomberosDipuALC\/status\/1743588225447231524?ref_src=twsrc%5Etfw\">January 6, 2024<\/a><\/p><\/blockquote>\n<p><script async src=\"https:\/\/platform.twitter.com\/widgets.js\" charset=\"utf-8\"><\/script><\/p>\n","protected":false},"excerpt":{"rendered":"<p>Den brand som utbr\u00f6t tidigt i l\u00f6rdags morse i Altea p\u00e5 norra Costa Blanca rapporterades vara under kontroll vid \u00e5ttatiden p\u00e5 s\u00f6ndagskv\u00e4llen. Det s\u00e4ger k\u00e4llor vid&#8230;<\/p>\n","protected":false},"author":7,"featured_media":68726,"comment_status":"closed","ping_status":"closed","sticky":false,"template":"","format":"standard","meta":{"_et_pb_use_builder":"","_et_pb_old_content":"","_et_gb_content_width":"","footnotes":""},"categories":[395,3],"tags":[],"class_list":["post-68725","post","type-post","status-publish","format-standard","has-post-thumbnail","hentry","category-arkiv-nyheter","category-nyheter"],"yoast_head":"<!-- This site is optimized with the Yoast SEO Premium plugin v26.2 (Yoast SEO v27.5) - https:\/\/yoast.com\/product\/yoast-seo-premium-wordpress\/ -->\n<title>Altea-brand under kontroll - Svenska Magasinet<\/title>\n<meta name=\"description\" content=\"Den brand som utbr\u00f6t tidigt i l\u00f6rdags morse i Altea p\u00e5 norra Costa Blanca rapporterades vara under kontroll vid \u00e5ttatiden p\u00e5 s\u00f6ndagskv\u00e4llen. Det s\u00e4ger k\u00e4llor vid brandbek\u00e4mpningen Consorcio Provincial de Bomberos i Alicante.\" \/>\n<meta name=\"robots\" content=\"noindex, follow, max-snippet:-1, max-image-preview:large, max-video-preview:-1\" \/>\n<meta property=\"og:locale\" content=\"sv_SE\" \/>\n<meta property=\"og:type\" content=\"article\" \/>\n<meta property=\"og:title\" content=\"Altea-brand under kontroll\" \/>\n<meta property=\"og:description\" content=\"Den brand som utbr\u00f6t tidigt i l\u00f6rdags morse i Altea p\u00e5 norra Costa Blanca rapporterades vara under kontroll vid \u00e5ttatiden p\u00e5 s\u00f6ndagskv\u00e4llen. Det s\u00e4ger k\u00e4llor vid brandbek\u00e4mpningen Consorcio Provincial de Bomberos i Alicante.\" \/>\n<meta property=\"og:url\" content=\"https:\/\/lightweb.dev\/l\/svm-temp\/nyheter\/altea-brand-under-kontroll\/\" \/>\n<meta property=\"og:site_name\" content=\"Svenska Magasinet\" \/>\n<meta property=\"article:publisher\" content=\"https:\/\/www.facebook.com\/svenskamagasinet\" \/>\n<meta property=\"article:published_time\" content=\"2024-01-08T09:29:59+00:00\" \/>\n<meta property=\"og:image\" content=\"https:\/\/lightweb.dev\/l\/svm-temp\/wp-content\/uploads\/2024\/01\/GDQ2jVQWkAEcW-S-stor.jpeg\" \/>\n\t<meta property=\"og:image:width\" content=\"1280\" \/>\n\t<meta property=\"og:image:height\" content=\"720\" \/>\n\t<meta property=\"og:image:type\" content=\"image\/jpeg\" \/>\n<meta name=\"author\" content=\"Ola Josefsson\" \/>\n<meta name=\"twitter:card\" content=\"summary_large_image\" \/>\n<meta name=\"twitter:creator\" content=\"@SvenskaMagasine\" \/>\n<meta name=\"twitter:site\" content=\"@SvenskaMagasine\" \/>\n<script type=\"application\/ld+json\" class=\"yoast-schema-graph\">{\"@context\":\"https:\\\/\\\/schema.org\",\"@graph\":[{\"@type\":\"Article\",\"@id\":\"https:\\\/\\\/lightweb.dev\\\/l\\\/svm-temp\\\/nyheter\\\/altea-brand-under-kontroll\\\/#article\",\"isPartOf\":{\"@id\":\"https:\\\/\\\/lightweb.dev\\\/l\\\/svm-temp\\\/nyheter\\\/altea-brand-under-kontroll\\\/\"},\"author\":{\"name\":\"Ola Josefsson\",\"@id\":\"https:\\\/\\\/lightweb.dev\\\/l\\\/svm-temp\\\/#\\\/schema\\\/person\\\/7a82b8a73d171d32360a564b6d03508e\"},\"headline\":\"Altea-brand under kontroll\",\"datePublished\":\"2024-01-08T09:29:59+00:00\",\"mainEntityOfPage\":{\"@id\":\"https:\\\/\\\/lightweb.dev\\\/l\\\/svm-temp\\\/nyheter\\\/altea-brand-under-kontroll\\\/\"},\"wordCount\":232,\"publisher\":{\"@id\":\"https:\\\/\\\/lightweb.dev\\\/l\\\/svm-temp\\\/#organization\"},\"image\":{\"@id\":\"https:\\\/\\\/lightweb.dev\\\/l\\\/svm-temp\\\/nyheter\\\/altea-brand-under-kontroll\\\/#primaryimage\"},\"thumbnailUrl\":\"https:\\\/\\\/lightweb.dev\\\/l\\\/svm-temp\\\/wp-content\\\/uploads\\\/2024\\\/01\\\/GDQ2jVQWkAEcW-S-stor.jpeg\",\"articleSection\":[\"Arkiv\",\"Nyheter\"],\"inLanguage\":\"sv-SE\"},{\"@type\":\"WebPage\",\"@id\":\"https:\\\/\\\/lightweb.dev\\\/l\\\/svm-temp\\\/nyheter\\\/altea-brand-under-kontroll\\\/\",\"url\":\"https:\\\/\\\/lightweb.dev\\\/l\\\/svm-temp\\\/nyheter\\\/altea-brand-under-kontroll\\\/\",\"name\":\"Altea-brand under kontroll - Svenska Magasinet\",\"isPartOf\":{\"@id\":\"https:\\\/\\\/lightweb.dev\\\/l\\\/svm-temp\\\/#website\"},\"primaryImageOfPage\":{\"@id\":\"https:\\\/\\\/lightweb.dev\\\/l\\\/svm-temp\\\/nyheter\\\/altea-brand-under-kontroll\\\/#primaryimage\"},\"image\":{\"@id\":\"https:\\\/\\\/lightweb.dev\\\/l\\\/svm-temp\\\/nyheter\\\/altea-brand-under-kontroll\\\/#primaryimage\"},\"thumbnailUrl\":\"https:\\\/\\\/lightweb.dev\\\/l\\\/svm-temp\\\/wp-content\\\/uploads\\\/2024\\\/01\\\/GDQ2jVQWkAEcW-S-stor.jpeg\",\"datePublished\":\"2024-01-08T09:29:59+00:00\",\"description\":\"Den brand som utbr\u00f6t tidigt i l\u00f6rdags morse i Altea p\u00e5 norra Costa Blanca rapporterades vara under kontroll vid \u00e5ttatiden p\u00e5 s\u00f6ndagskv\u00e4llen. Det s\u00e4ger k\u00e4llor vid brandbek\u00e4mpningen Consorcio Provincial de Bomberos i Alicante.\",\"breadcrumb\":{\"@id\":\"https:\\\/\\\/lightweb.dev\\\/l\\\/svm-temp\\\/nyheter\\\/altea-brand-under-kontroll\\\/#breadcrumb\"},\"inLanguage\":\"sv-SE\",\"potentialAction\":[{\"@type\":\"ReadAction\",\"target\":[\"https:\\\/\\\/lightweb.dev\\\/l\\\/svm-temp\\\/nyheter\\\/altea-brand-under-kontroll\\\/\"]}]},{\"@type\":\"ImageObject\",\"inLanguage\":\"sv-SE\",\"@id\":\"https:\\\/\\\/lightweb.dev\\\/l\\\/svm-temp\\\/nyheter\\\/altea-brand-under-kontroll\\\/#primaryimage\",\"url\":\"https:\\\/\\\/lightweb.dev\\\/l\\\/svm-temp\\\/wp-content\\\/uploads\\\/2024\\\/01\\\/GDQ2jVQWkAEcW-S-stor.jpeg\",\"contentUrl\":\"https:\\\/\\\/lightweb.dev\\\/l\\\/svm-temp\\\/wp-content\\\/uploads\\\/2024\\\/01\\\/GDQ2jVQWkAEcW-S-stor.jpeg\",\"width\":1280,\"height\":720,\"caption\":\"(Foto: @BomberosDipuALC)\"},{\"@type\":\"BreadcrumbList\",\"@id\":\"https:\\\/\\\/lightweb.dev\\\/l\\\/svm-temp\\\/nyheter\\\/altea-brand-under-kontroll\\\/#breadcrumb\",\"itemListElement\":[{\"@type\":\"ListItem\",\"position\":1,\"name\":\"Hem\",\"item\":\"https:\\\/\\\/lightweb.dev\\\/l\\\/svm-temp\\\/\"},{\"@type\":\"ListItem\",\"position\":2,\"name\":\"Altea-brand under kontroll\"}]},{\"@type\":\"WebSite\",\"@id\":\"https:\\\/\\\/lightweb.dev\\\/l\\\/svm-temp\\\/#website\",\"url\":\"https:\\\/\\\/lightweb.dev\\\/l\\\/svm-temp\\\/\",\"name\":\"Svenska Magasinet\",\"description\":\"Dina Spanska nyheter p&aring; Svenska\",\"publisher\":{\"@id\":\"https:\\\/\\\/lightweb.dev\\\/l\\\/svm-temp\\\/#organization\"},\"potentialAction\":[{\"@type\":\"SearchAction\",\"target\":{\"@type\":\"EntryPoint\",\"urlTemplate\":\"https:\\\/\\\/lightweb.dev\\\/l\\\/svm-temp\\\/?s={search_term_string}\"},\"query-input\":{\"@type\":\"PropertyValueSpecification\",\"valueRequired\":true,\"valueName\":\"search_term_string\"}}],\"inLanguage\":\"sv-SE\"},{\"@type\":\"Organization\",\"@id\":\"https:\\\/\\\/lightweb.dev\\\/l\\\/svm-temp\\\/#organization\",\"name\":\"Melkerson y Nott SL\",\"alternateName\":\"Svenska Magasinet\",\"url\":\"https:\\\/\\\/lightweb.dev\\\/l\\\/svm-temp\\\/\",\"logo\":{\"@type\":\"ImageObject\",\"inLanguage\":\"sv-SE\",\"@id\":\"https:\\\/\\\/lightweb.dev\\\/l\\\/svm-temp\\\/#\\\/schema\\\/logo\\\/image\\\/\",\"url\":\"https:\\\/\\\/lightweb.dev\\\/l\\\/svm-temp\\\/wp-content\\\/uploads\\\/2025\\\/02\\\/SvM-logo-Xtra-Centrerad-SVART.png\",\"contentUrl\":\"https:\\\/\\\/lightweb.dev\\\/l\\\/svm-temp\\\/wp-content\\\/uploads\\\/2025\\\/02\\\/SvM-logo-Xtra-Centrerad-SVART.png\",\"width\":300,\"height\":99,\"caption\":\"Melkerson y Nott SL\"},\"image\":{\"@id\":\"https:\\\/\\\/lightweb.dev\\\/l\\\/svm-temp\\\/#\\\/schema\\\/logo\\\/image\\\/\"},\"sameAs\":[\"https:\\\/\\\/www.facebook.com\\\/svenskamagasinet\",\"https:\\\/\\\/x.com\\\/SvenskaMagasine\"]},{\"@type\":\"Person\",\"@id\":\"https:\\\/\\\/lightweb.dev\\\/l\\\/svm-temp\\\/#\\\/schema\\\/person\\\/7a82b8a73d171d32360a564b6d03508e\",\"name\":\"Ola Josefsson\",\"description\":\"Bevakar Solkusten och Spanien sedan 1994.\",\"sameAs\":[\"https:\\\/\\\/lightweb.dev\\\/l\\\/svm-temp\"],\"url\":\"https:\\\/\\\/lightweb.dev\\\/l\\\/svm-temp\\\/reporter\\\/ola-josefsson\\\/\"}]}<\/script>\n<!-- \/ Yoast SEO Premium plugin. -->","yoast_head_json":{"title":"Altea-brand under kontroll - Svenska Magasinet","description":"Den brand som utbr\u00f6t tidigt i l\u00f6rdags morse i Altea p\u00e5 norra Costa Blanca rapporterades vara under kontroll vid \u00e5ttatiden p\u00e5 s\u00f6ndagskv\u00e4llen. Det s\u00e4ger k\u00e4llor vid brandbek\u00e4mpningen Consorcio Provincial de Bomberos i Alicante.","robots":{"index":"noindex","follow":"follow","max-snippet":"max-snippet:-1","max-image-preview":"max-image-preview:large","max-video-preview":"max-video-preview:-1"},"og_locale":"sv_SE","og_type":"article","og_title":"Altea-brand under kontroll","og_description":"Den brand som utbr\u00f6t tidigt i l\u00f6rdags morse i Altea p\u00e5 norra Costa Blanca rapporterades vara under kontroll vid \u00e5ttatiden p\u00e5 s\u00f6ndagskv\u00e4llen. Det s\u00e4ger k\u00e4llor vid brandbek\u00e4mpningen Consorcio Provincial de Bomberos i Alicante.","og_url":"https:\/\/lightweb.dev\/l\/svm-temp\/nyheter\/altea-brand-under-kontroll\/","og_site_name":"Svenska Magasinet","article_publisher":"https:\/\/www.facebook.com\/svenskamagasinet","article_published_time":"2024-01-08T09:29:59+00:00","og_image":[{"width":1280,"height":720,"url":"https:\/\/lightweb.dev\/l\/svm-temp\/wp-content\/uploads\/2024\/01\/GDQ2jVQWkAEcW-S-stor.jpeg","type":"image\/jpeg"}],"author":"Ola Josefsson","twitter_card":"summary_large_image","twitter_creator":"@SvenskaMagasine","twitter_site":"@SvenskaMagasine","schema":{"@context":"https:\/\/schema.org","@graph":[{"@type":"Article","@id":"https:\/\/lightweb.dev\/l\/svm-temp\/nyheter\/altea-brand-under-kontroll\/#article","isPartOf":{"@id":"https:\/\/lightweb.dev\/l\/svm-temp\/nyheter\/altea-brand-under-kontroll\/"},"author":{"name":"Ola Josefsson","@id":"https:\/\/lightweb.dev\/l\/svm-temp\/#\/schema\/person\/7a82b8a73d171d32360a564b6d03508e"},"headline":"Altea-brand under kontroll","datePublished":"2024-01-08T09:29:59+00:00","mainEntityOfPage":{"@id":"https:\/\/lightweb.dev\/l\/svm-temp\/nyheter\/altea-brand-under-kontroll\/"},"wordCount":232,"publisher":{"@id":"https:\/\/lightweb.dev\/l\/svm-temp\/#organization"},"image":{"@id":"https:\/\/lightweb.dev\/l\/svm-temp\/nyheter\/altea-brand-under-kontroll\/#primaryimage"},"thumbnailUrl":"https:\/\/lightweb.dev\/l\/svm-temp\/wp-content\/uploads\/2024\/01\/GDQ2jVQWkAEcW-S-stor.jpeg","articleSection":["Arkiv","Nyheter"],"inLanguage":"sv-SE"},{"@type":"WebPage","@id":"https:\/\/lightweb.dev\/l\/svm-temp\/nyheter\/altea-brand-under-kontroll\/","url":"https:\/\/lightweb.dev\/l\/svm-temp\/nyheter\/altea-brand-under-kontroll\/","name":"Altea-brand under kontroll - Svenska Magasinet","isPartOf":{"@id":"https:\/\/lightweb.dev\/l\/svm-temp\/#website"},"primaryImageOfPage":{"@id":"https:\/\/lightweb.dev\/l\/svm-temp\/nyheter\/altea-brand-under-kontroll\/#primaryimage"},"image":{"@id":"https:\/\/lightweb.dev\/l\/svm-temp\/nyheter\/altea-brand-under-kontroll\/#primaryimage"},"thumbnailUrl":"https:\/\/lightweb.dev\/l\/svm-temp\/wp-content\/uploads\/2024\/01\/GDQ2jVQWkAEcW-S-stor.jpeg","datePublished":"2024-01-08T09:29:59+00:00","description":"Den brand som utbr\u00f6t tidigt i l\u00f6rdags morse i Altea p\u00e5 norra Costa Blanca rapporterades vara under kontroll vid \u00e5ttatiden p\u00e5 s\u00f6ndagskv\u00e4llen. Det s\u00e4ger k\u00e4llor vid brandbek\u00e4mpningen Consorcio Provincial de Bomberos i Alicante.","breadcrumb":{"@id":"https:\/\/lightweb.dev\/l\/svm-temp\/nyheter\/altea-brand-under-kontroll\/#breadcrumb"},"inLanguage":"sv-SE","potentialAction":[{"@type":"ReadAction","target":["https:\/\/lightweb.dev\/l\/svm-temp\/nyheter\/altea-brand-under-kontroll\/"]}]},{"@type":"ImageObject","inLanguage":"sv-SE","@id":"https:\/\/lightweb.dev\/l\/svm-temp\/nyheter\/altea-brand-under-kontroll\/#primaryimage","url":"https:\/\/lightweb.dev\/l\/svm-temp\/wp-content\/uploads\/2024\/01\/GDQ2jVQWkAEcW-S-stor.jpeg","contentUrl":"https:\/\/lightweb.dev\/l\/svm-temp\/wp-content\/uploads\/2024\/01\/GDQ2jVQWkAEcW-S-stor.jpeg","width":1280,"height":720,"caption":"(Foto: @BomberosDipuALC)"},{"@type":"BreadcrumbList","@id":"https:\/\/lightweb.dev\/l\/svm-temp\/nyheter\/altea-brand-under-kontroll\/#breadcrumb","itemListElement":[{"@type":"ListItem","position":1,"name":"Hem","item":"https:\/\/lightweb.dev\/l\/svm-temp\/"},{"@type":"ListItem","position":2,"name":"Altea-brand under kontroll"}]},{"@type":"WebSite","@id":"https:\/\/lightweb.dev\/l\/svm-temp\/#website","url":"https:\/\/lightweb.dev\/l\/svm-temp\/","name":"Svenska Magasinet","description":"Dina Spanska nyheter p&aring; Svenska","publisher":{"@id":"https:\/\/lightweb.dev\/l\/svm-temp\/#organization"},"potentialAction":[{"@type":"SearchAction","target":{"@type":"EntryPoint","urlTemplate":"https:\/\/lightweb.dev\/l\/svm-temp\/?s={search_term_string}"},"query-input":{"@type":"PropertyValueSpecification","valueRequired":true,"valueName":"search_term_string"}}],"inLanguage":"sv-SE"},{"@type":"Organization","@id":"https:\/\/lightweb.dev\/l\/svm-temp\/#organization","name":"Melkerson y Nott SL","alternateName":"Svenska Magasinet","url":"https:\/\/lightweb.dev\/l\/svm-temp\/","logo":{"@type":"ImageObject","inLanguage":"sv-SE","@id":"https:\/\/lightweb.dev\/l\/svm-temp\/#\/schema\/logo\/image\/","url":"https:\/\/lightweb.dev\/l\/svm-temp\/wp-content\/uploads\/2025\/02\/SvM-logo-Xtra-Centrerad-SVART.png","contentUrl":"https:\/\/lightweb.dev\/l\/svm-temp\/wp-content\/uploads\/2025\/02\/SvM-logo-Xtra-Centrerad-SVART.png","width":300,"height":99,"caption":"Melkerson y Nott SL"},"image":{"@id":"https:\/\/lightweb.dev\/l\/svm-temp\/#\/schema\/logo\/image\/"},"sameAs":["https:\/\/www.facebook.com\/svenskamagasinet","https:\/\/x.com\/SvenskaMagasine"]},{"@type":"Person","@id":"https:\/\/lightweb.dev\/l\/svm-temp\/#\/schema\/person\/7a82b8a73d171d32360a564b6d03508e","name":"Ola Josefsson","description":"Bevakar Solkusten och Spanien sedan 1994.","sameAs":["https:\/\/lightweb.dev\/l\/svm-temp"],"url":"https:\/\/lightweb.dev\/l\/svm-temp\/reporter\/ola-josefsson\/"}]}},"_links":{"self":[{"href":"https:\/\/lightweb.dev\/l\/svm-temp\/wp-json\/wp\/v2\/posts\/68725","targetHints":{"allow":["GET"]}}],"collection":[{"href":"https:\/\/lightweb.dev\/l\/svm-temp\/wp-json\/wp\/v2\/posts"}],"about":[{"href":"https:\/\/lightweb.dev\/l\/svm-temp\/wp-json\/wp\/v2\/types\/post"}],"author":[{"embeddable":true,"href":"https:\/\/lightweb.dev\/l\/svm-temp\/wp-json\/wp\/v2\/users\/7"}],"replies":[{"embeddable":true,"href":"https:\/\/lightweb.dev\/l\/svm-temp\/wp-json\/wp\/v2\/comments?post=68725"}],"version-history":[{"count":0,"href":"https:\/\/lightweb.dev\/l\/svm-temp\/wp-json\/wp\/v2\/posts\/68725\/revisions"}],"wp:featuredmedia":[{"embeddable":true,"href":"https:\/\/lightweb.dev\/l\/svm-temp\/wp-json\/wp\/v2\/media\/68726"}],"wp:attachment":[{"href":"https:\/\/lightweb.dev\/l\/svm-temp\/wp-json\/wp\/v2\/media?parent=68725"}],"wp:term":[{"taxonomy":"category","embeddable":true,"href":"https:\/\/lightweb.dev\/l\/svm-temp\/wp-json\/wp\/v2\/categories?post=68725"},{"taxonomy":"post_tag","embeddable":true,"href":"https:\/\/lightweb.dev\/l\/svm-temp\/wp-json\/wp\/v2\/tags?post=68725"}],"curies":[{"name":"wp","href":"https:\/\/api.w.org\/{rel}","templated":true}]}}