{"id":68730,"date":"2024-01-08T11:04:59","date_gmt":"2024-01-08T10:04:59","guid":{"rendered":"https:\/\/lightweb.dev\/l\/svm-temp\/?p=68730"},"modified":"2024-01-08T11:04:59","modified_gmt":"2024-01-08T10:04:59","slug":"bostadsmarknaden-stabiliseras-hyrespriserna-stiger","status":"publish","type":"post","link":"https:\/\/lightweb.dev\/l\/svm-temp\/nyheter\/bostadsmarknaden-stabiliseras-hyrespriserna-stiger\/","title":{"rendered":"Bostadsmarknaden stabiliseras \u2013 hyrespriserna stiger"},"content":{"rendered":"<p><strong>Den post-pandemiska \u201dboomen\u201d har n\u00e5tt v\u00e4gs \u00e4nde. Under 2024 v\u00e4ntar en mer normal bostadsmarknad i Spanien.<\/strong><\/p>\n<p><strong>J\u00e4mf\u00f6rt med den f\u00f6rra boomen f\u00f6r 15 \u00e5r sedan blir det denna g\u00e5ng inga allvarliga konsekvenser f\u00f6r ekonomin.<\/strong><\/p>\n<p>Bostadspriserna generellt i Spanien kommer att v\u00e4xa med blygsamma 1,6 procent under 2024. Omkring 530.000 bostadsk\u00f6p f\u00f6rv\u00e4ntas vilket \u00e4r en tillbakag\u00e5ng med sju procent.<\/p>\n<p>En stor efterfr\u00e5gan p\u00e5 hyresbost\u00e4der g\u00f6r att hyrespriserna f\u00f6rv\u00e4ntas stiga med 4,3 procent. Anledningen \u00e4r en obalans i efterfr\u00e5gan respektive utbud.<\/p>\n<p>Det \u00e4r slutsatsen efter att den spanska aff\u00e4rstidningen <a href=\"https:\/\/www.expansion.com\/inmobiliario\/2024\/01\/08\/659b29d7e5fdeaa6368b459a.html\">Expansi\u00f3n<\/a> l\u00e5tit intervjua en panel av experter inom bostadsmarknaden i Spanien.<\/p>\n<p>Den ledande hypoteksr\u00e4ntan Euribor registrerade i december sin st\u00f6rsta nedg\u00e5ng p\u00e5 14 \u00e5r. Men n\u00e5gra l\u00e4gre bol\u00e5ner\u00e4ntor handlar det inte om vilket skulle kunna \u00f6ka takten p\u00e5 bostadsmarknaden, eftersom hypoteksr\u00e4ntan Eur\u00edbor fortsatt \u00e4r h\u00f6g p\u00e5 \u00e5rsbasis.<\/p>\n","protected":false},"excerpt":{"rendered":"<p>Den post-pandemiska \u201dboomen\u201d har n\u00e5tt v\u00e4gs \u00e4nde. Under 2024 v\u00e4ntar en mer normal bostadsmarknad i Spanien. J\u00e4mf\u00f6rt med den f\u00f6rra boomen f\u00f6r 15 \u00e5r sedan blir det denna g\u00e5ng inga&#8230;<\/p>\n","protected":false},"author":7,"featured_media":68731,"comment_status":"closed","ping_status":"closed","sticky":false,"template":"","format":"standard","meta":{"_et_pb_use_builder":"","_et_pb_old_content":"","_et_gb_content_width":"","footnotes":""},"categories":[395,3],"tags":[],"class_list":["post-68730","post","type-post","status-publish","format-standard","has-post-thumbnail","hentry","category-arkiv-nyheter","category-nyheter"],"yoast_head":"<!-- This site is optimized with the Yoast SEO Premium plugin v26.2 (Yoast SEO v27.5) - https:\/\/yoast.com\/product\/yoast-seo-premium-wordpress\/ -->\n<title>Bostadsmarknaden stabiliseras \u2013 hyrespriserna stiger - Svenska Magasinet<\/title>\n<meta name=\"description\" content=\"Den post-pandemiska \u201dboomen\u201d har n\u00e5tt v\u00e4gs \u00e4nde. Under 2024 v\u00e4ntar en mer normal bostadsmarknad i Spanien. J\u00e4mf\u00f6rt med den f\u00f6rra boomen f\u00f6r 15 \u00e5r sedan blir det denna g\u00e5ng inga allvarliga konsekvenser f\u00f6r ekonomin.\" \/>\n<meta name=\"robots\" content=\"noindex, follow, max-snippet:-1, max-image-preview:large, max-video-preview:-1\" \/>\n<meta property=\"og:locale\" content=\"sv_SE\" \/>\n<meta property=\"og:type\" content=\"article\" \/>\n<meta property=\"og:title\" content=\"Bostadsmarknaden stabiliseras \u2013 hyrespriserna stiger\" \/>\n<meta property=\"og:description\" content=\"Den post-pandemiska \u201dboomen\u201d har n\u00e5tt v\u00e4gs \u00e4nde. Under 2024 v\u00e4ntar en mer normal bostadsmarknad i Spanien. J\u00e4mf\u00f6rt med den f\u00f6rra boomen f\u00f6r 15 \u00e5r sedan blir det denna g\u00e5ng inga allvarliga konsekvenser f\u00f6r ekonomin.\" \/>\n<meta property=\"og:url\" content=\"https:\/\/lightweb.dev\/l\/svm-temp\/artiklar\/hem-bostad\/bostadsmarknaden-stabiliseras-hyrespriserna-stiger\/\" \/>\n<meta property=\"og:site_name\" content=\"Svenska Magasinet\" \/>\n<meta property=\"article:publisher\" content=\"https:\/\/www.facebook.com\/svenskamagasinet\" \/>\n<meta property=\"article:published_time\" content=\"2024-01-08T10:04:59+00:00\" \/>\n<meta property=\"og:image\" content=\"https:\/\/lightweb.dev\/l\/svm-temp\/wp-content\/uploads\/2024\/01\/000BB012-stor.jpeg\" \/>\n\t<meta property=\"og:image:width\" content=\"1280\" \/>\n\t<meta property=\"og:image:height\" content=\"857\" \/>\n\t<meta property=\"og:image:type\" content=\"image\/jpeg\" \/>\n<meta name=\"author\" content=\"Ola Josefsson\" \/>\n<meta name=\"twitter:card\" content=\"summary_large_image\" \/>\n<meta name=\"twitter:creator\" content=\"@SvenskaMagasine\" \/>\n<meta name=\"twitter:site\" content=\"@SvenskaMagasine\" \/>\n<script type=\"application\/ld+json\" class=\"yoast-schema-graph\">{\"@context\":\"https:\\\/\\\/schema.org\",\"@graph\":[{\"@type\":\"Article\",\"@id\":\"https:\\\/\\\/lightweb.dev\\\/l\\\/svm-temp\\\/artiklar\\\/hem-bostad\\\/bostadsmarknaden-stabiliseras-hyrespriserna-stiger\\\/#article\",\"isPartOf\":{\"@id\":\"https:\\\/\\\/lightweb.dev\\\/l\\\/svm-temp\\\/artiklar\\\/hem-bostad\\\/bostadsmarknaden-stabiliseras-hyrespriserna-stiger\\\/\"},\"author\":{\"name\":\"Ola Josefsson\",\"@id\":\"https:\\\/\\\/lightweb.dev\\\/l\\\/svm-temp\\\/#\\\/schema\\\/person\\\/7a82b8a73d171d32360a564b6d03508e\"},\"headline\":\"Bostadsmarknaden stabiliseras \u2013 hyrespriserna stiger\",\"datePublished\":\"2024-01-08T10:04:59+00:00\",\"mainEntityOfPage\":{\"@id\":\"https:\\\/\\\/lightweb.dev\\\/l\\\/svm-temp\\\/artiklar\\\/hem-bostad\\\/bostadsmarknaden-stabiliseras-hyrespriserna-stiger\\\/\"},\"wordCount\":164,\"publisher\":{\"@id\":\"https:\\\/\\\/lightweb.dev\\\/l\\\/svm-temp\\\/#organization\"},\"image\":{\"@id\":\"https:\\\/\\\/lightweb.dev\\\/l\\\/svm-temp\\\/artiklar\\\/hem-bostad\\\/bostadsmarknaden-stabiliseras-hyrespriserna-stiger\\\/#primaryimage\"},\"thumbnailUrl\":\"https:\\\/\\\/lightweb.dev\\\/l\\\/svm-temp\\\/wp-content\\\/uploads\\\/2024\\\/01\\\/000BB012-stor.jpeg\",\"articleSection\":[\"Arkiv\",\"Nyheter\"],\"inLanguage\":\"sv-SE\"},{\"@type\":\"WebPage\",\"@id\":\"https:\\\/\\\/lightweb.dev\\\/l\\\/svm-temp\\\/artiklar\\\/hem-bostad\\\/bostadsmarknaden-stabiliseras-hyrespriserna-stiger\\\/\",\"url\":\"https:\\\/\\\/lightweb.dev\\\/l\\\/svm-temp\\\/artiklar\\\/hem-bostad\\\/bostadsmarknaden-stabiliseras-hyrespriserna-stiger\\\/\",\"name\":\"Bostadsmarknaden stabiliseras \u2013 hyrespriserna stiger - Svenska Magasinet\",\"isPartOf\":{\"@id\":\"https:\\\/\\\/lightweb.dev\\\/l\\\/svm-temp\\\/#website\"},\"primaryImageOfPage\":{\"@id\":\"https:\\\/\\\/lightweb.dev\\\/l\\\/svm-temp\\\/artiklar\\\/hem-bostad\\\/bostadsmarknaden-stabiliseras-hyrespriserna-stiger\\\/#primaryimage\"},\"image\":{\"@id\":\"https:\\\/\\\/lightweb.dev\\\/l\\\/svm-temp\\\/artiklar\\\/hem-bostad\\\/bostadsmarknaden-stabiliseras-hyrespriserna-stiger\\\/#primaryimage\"},\"thumbnailUrl\":\"https:\\\/\\\/lightweb.dev\\\/l\\\/svm-temp\\\/wp-content\\\/uploads\\\/2024\\\/01\\\/000BB012-stor.jpeg\",\"datePublished\":\"2024-01-08T10:04:59+00:00\",\"description\":\"Den post-pandemiska \u201dboomen\u201d har n\u00e5tt v\u00e4gs \u00e4nde. Under 2024 v\u00e4ntar en mer normal bostadsmarknad i Spanien. J\u00e4mf\u00f6rt med den f\u00f6rra boomen f\u00f6r 15 \u00e5r sedan blir det denna g\u00e5ng inga allvarliga konsekvenser f\u00f6r ekonomin.\",\"breadcrumb\":{\"@id\":\"https:\\\/\\\/lightweb.dev\\\/l\\\/svm-temp\\\/artiklar\\\/hem-bostad\\\/bostadsmarknaden-stabiliseras-hyrespriserna-stiger\\\/#breadcrumb\"},\"inLanguage\":\"sv-SE\",\"potentialAction\":[{\"@type\":\"ReadAction\",\"target\":[\"https:\\\/\\\/lightweb.dev\\\/l\\\/svm-temp\\\/artiklar\\\/hem-bostad\\\/bostadsmarknaden-stabiliseras-hyrespriserna-stiger\\\/\"]}]},{\"@type\":\"ImageObject\",\"inLanguage\":\"sv-SE\",\"@id\":\"https:\\\/\\\/lightweb.dev\\\/l\\\/svm-temp\\\/artiklar\\\/hem-bostad\\\/bostadsmarknaden-stabiliseras-hyrespriserna-stiger\\\/#primaryimage\",\"url\":\"https:\\\/\\\/lightweb.dev\\\/l\\\/svm-temp\\\/wp-content\\\/uploads\\\/2024\\\/01\\\/000BB012-stor.jpeg\",\"contentUrl\":\"https:\\\/\\\/lightweb.dev\\\/l\\\/svm-temp\\\/wp-content\\\/uploads\\\/2024\\\/01\\\/000BB012-stor.jpeg\",\"width\":1280,\"height\":857},{\"@type\":\"BreadcrumbList\",\"@id\":\"https:\\\/\\\/lightweb.dev\\\/l\\\/svm-temp\\\/artiklar\\\/hem-bostad\\\/bostadsmarknaden-stabiliseras-hyrespriserna-stiger\\\/#breadcrumb\",\"itemListElement\":[{\"@type\":\"ListItem\",\"position\":1,\"name\":\"Hem\",\"item\":\"https:\\\/\\\/lightweb.dev\\\/l\\\/svm-temp\\\/\"},{\"@type\":\"ListItem\",\"position\":2,\"name\":\"Bostadsmarknaden stabiliseras \u2013 hyrespriserna stiger\"}]},{\"@type\":\"WebSite\",\"@id\":\"https:\\\/\\\/lightweb.dev\\\/l\\\/svm-temp\\\/#website\",\"url\":\"https:\\\/\\\/lightweb.dev\\\/l\\\/svm-temp\\\/\",\"name\":\"Svenska Magasinet\",\"description\":\"Dina Spanska nyheter p&aring; Svenska\",\"publisher\":{\"@id\":\"https:\\\/\\\/lightweb.dev\\\/l\\\/svm-temp\\\/#organization\"},\"potentialAction\":[{\"@type\":\"SearchAction\",\"target\":{\"@type\":\"EntryPoint\",\"urlTemplate\":\"https:\\\/\\\/lightweb.dev\\\/l\\\/svm-temp\\\/?s={search_term_string}\"},\"query-input\":{\"@type\":\"PropertyValueSpecification\",\"valueRequired\":true,\"valueName\":\"search_term_string\"}}],\"inLanguage\":\"sv-SE\"},{\"@type\":\"Organization\",\"@id\":\"https:\\\/\\\/lightweb.dev\\\/l\\\/svm-temp\\\/#organization\",\"name\":\"Melkerson y Nott SL\",\"alternateName\":\"Svenska Magasinet\",\"url\":\"https:\\\/\\\/lightweb.dev\\\/l\\\/svm-temp\\\/\",\"logo\":{\"@type\":\"ImageObject\",\"inLanguage\":\"sv-SE\",\"@id\":\"https:\\\/\\\/lightweb.dev\\\/l\\\/svm-temp\\\/#\\\/schema\\\/logo\\\/image\\\/\",\"url\":\"https:\\\/\\\/lightweb.dev\\\/l\\\/svm-temp\\\/wp-content\\\/uploads\\\/2025\\\/02\\\/SvM-logo-Xtra-Centrerad-SVART.png\",\"contentUrl\":\"https:\\\/\\\/lightweb.dev\\\/l\\\/svm-temp\\\/wp-content\\\/uploads\\\/2025\\\/02\\\/SvM-logo-Xtra-Centrerad-SVART.png\",\"width\":300,\"height\":99,\"caption\":\"Melkerson y Nott SL\"},\"image\":{\"@id\":\"https:\\\/\\\/lightweb.dev\\\/l\\\/svm-temp\\\/#\\\/schema\\\/logo\\\/image\\\/\"},\"sameAs\":[\"https:\\\/\\\/www.facebook.com\\\/svenskamagasinet\",\"https:\\\/\\\/x.com\\\/SvenskaMagasine\"]},{\"@type\":\"Person\",\"@id\":\"https:\\\/\\\/lightweb.dev\\\/l\\\/svm-temp\\\/#\\\/schema\\\/person\\\/7a82b8a73d171d32360a564b6d03508e\",\"name\":\"Ola Josefsson\",\"description\":\"Bevakar Solkusten och Spanien sedan 1994.\",\"sameAs\":[\"https:\\\/\\\/lightweb.dev\\\/l\\\/svm-temp\"],\"url\":\"https:\\\/\\\/lightweb.dev\\\/l\\\/svm-temp\\\/reporter\\\/ola-josefsson\\\/\"}]}<\/script>\n<!-- \/ Yoast SEO Premium plugin. -->","yoast_head_json":{"title":"Bostadsmarknaden stabiliseras \u2013 hyrespriserna stiger - Svenska Magasinet","description":"Den post-pandemiska \u201dboomen\u201d har n\u00e5tt v\u00e4gs \u00e4nde. Under 2024 v\u00e4ntar en mer normal bostadsmarknad i Spanien. J\u00e4mf\u00f6rt med den f\u00f6rra boomen f\u00f6r 15 \u00e5r sedan blir det denna g\u00e5ng inga allvarliga konsekvenser f\u00f6r ekonomin.","robots":{"index":"noindex","follow":"follow","max-snippet":"max-snippet:-1","max-image-preview":"max-image-preview:large","max-video-preview":"max-video-preview:-1"},"og_locale":"sv_SE","og_type":"article","og_title":"Bostadsmarknaden stabiliseras \u2013 hyrespriserna stiger","og_description":"Den post-pandemiska \u201dboomen\u201d har n\u00e5tt v\u00e4gs \u00e4nde. Under 2024 v\u00e4ntar en mer normal bostadsmarknad i Spanien. J\u00e4mf\u00f6rt med den f\u00f6rra boomen f\u00f6r 15 \u00e5r sedan blir det denna g\u00e5ng inga allvarliga konsekvenser f\u00f6r ekonomin.","og_url":"https:\/\/lightweb.dev\/l\/svm-temp\/artiklar\/hem-bostad\/bostadsmarknaden-stabiliseras-hyrespriserna-stiger\/","og_site_name":"Svenska Magasinet","article_publisher":"https:\/\/www.facebook.com\/svenskamagasinet","article_published_time":"2024-01-08T10:04:59+00:00","og_image":[{"width":1280,"height":857,"url":"https:\/\/lightweb.dev\/l\/svm-temp\/wp-content\/uploads\/2024\/01\/000BB012-stor.jpeg","type":"image\/jpeg"}],"author":"Ola Josefsson","twitter_card":"summary_large_image","twitter_creator":"@SvenskaMagasine","twitter_site":"@SvenskaMagasine","schema":{"@context":"https:\/\/schema.org","@graph":[{"@type":"Article","@id":"https:\/\/lightweb.dev\/l\/svm-temp\/artiklar\/hem-bostad\/bostadsmarknaden-stabiliseras-hyrespriserna-stiger\/#article","isPartOf":{"@id":"https:\/\/lightweb.dev\/l\/svm-temp\/artiklar\/hem-bostad\/bostadsmarknaden-stabiliseras-hyrespriserna-stiger\/"},"author":{"name":"Ola Josefsson","@id":"https:\/\/lightweb.dev\/l\/svm-temp\/#\/schema\/person\/7a82b8a73d171d32360a564b6d03508e"},"headline":"Bostadsmarknaden stabiliseras \u2013 hyrespriserna stiger","datePublished":"2024-01-08T10:04:59+00:00","mainEntityOfPage":{"@id":"https:\/\/lightweb.dev\/l\/svm-temp\/artiklar\/hem-bostad\/bostadsmarknaden-stabiliseras-hyrespriserna-stiger\/"},"wordCount":164,"publisher":{"@id":"https:\/\/lightweb.dev\/l\/svm-temp\/#organization"},"image":{"@id":"https:\/\/lightweb.dev\/l\/svm-temp\/artiklar\/hem-bostad\/bostadsmarknaden-stabiliseras-hyrespriserna-stiger\/#primaryimage"},"thumbnailUrl":"https:\/\/lightweb.dev\/l\/svm-temp\/wp-content\/uploads\/2024\/01\/000BB012-stor.jpeg","articleSection":["Arkiv","Nyheter"],"inLanguage":"sv-SE"},{"@type":"WebPage","@id":"https:\/\/lightweb.dev\/l\/svm-temp\/artiklar\/hem-bostad\/bostadsmarknaden-stabiliseras-hyrespriserna-stiger\/","url":"https:\/\/lightweb.dev\/l\/svm-temp\/artiklar\/hem-bostad\/bostadsmarknaden-stabiliseras-hyrespriserna-stiger\/","name":"Bostadsmarknaden stabiliseras \u2013 hyrespriserna stiger - Svenska Magasinet","isPartOf":{"@id":"https:\/\/lightweb.dev\/l\/svm-temp\/#website"},"primaryImageOfPage":{"@id":"https:\/\/lightweb.dev\/l\/svm-temp\/artiklar\/hem-bostad\/bostadsmarknaden-stabiliseras-hyrespriserna-stiger\/#primaryimage"},"image":{"@id":"https:\/\/lightweb.dev\/l\/svm-temp\/artiklar\/hem-bostad\/bostadsmarknaden-stabiliseras-hyrespriserna-stiger\/#primaryimage"},"thumbnailUrl":"https:\/\/lightweb.dev\/l\/svm-temp\/wp-content\/uploads\/2024\/01\/000BB012-stor.jpeg","datePublished":"2024-01-08T10:04:59+00:00","description":"Den post-pandemiska \u201dboomen\u201d har n\u00e5tt v\u00e4gs \u00e4nde. Under 2024 v\u00e4ntar en mer normal bostadsmarknad i Spanien. J\u00e4mf\u00f6rt med den f\u00f6rra boomen f\u00f6r 15 \u00e5r sedan blir det denna g\u00e5ng inga allvarliga konsekvenser f\u00f6r ekonomin.","breadcrumb":{"@id":"https:\/\/lightweb.dev\/l\/svm-temp\/artiklar\/hem-bostad\/bostadsmarknaden-stabiliseras-hyrespriserna-stiger\/#breadcrumb"},"inLanguage":"sv-SE","potentialAction":[{"@type":"ReadAction","target":["https:\/\/lightweb.dev\/l\/svm-temp\/artiklar\/hem-bostad\/bostadsmarknaden-stabiliseras-hyrespriserna-stiger\/"]}]},{"@type":"ImageObject","inLanguage":"sv-SE","@id":"https:\/\/lightweb.dev\/l\/svm-temp\/artiklar\/hem-bostad\/bostadsmarknaden-stabiliseras-hyrespriserna-stiger\/#primaryimage","url":"https:\/\/lightweb.dev\/l\/svm-temp\/wp-content\/uploads\/2024\/01\/000BB012-stor.jpeg","contentUrl":"https:\/\/lightweb.dev\/l\/svm-temp\/wp-content\/uploads\/2024\/01\/000BB012-stor.jpeg","width":1280,"height":857},{"@type":"BreadcrumbList","@id":"https:\/\/lightweb.dev\/l\/svm-temp\/artiklar\/hem-bostad\/bostadsmarknaden-stabiliseras-hyrespriserna-stiger\/#breadcrumb","itemListElement":[{"@type":"ListItem","position":1,"name":"Hem","item":"https:\/\/lightweb.dev\/l\/svm-temp\/"},{"@type":"ListItem","position":2,"name":"Bostadsmarknaden stabiliseras \u2013 hyrespriserna stiger"}]},{"@type":"WebSite","@id":"https:\/\/lightweb.dev\/l\/svm-temp\/#website","url":"https:\/\/lightweb.dev\/l\/svm-temp\/","name":"Svenska Magasinet","description":"Dina Spanska nyheter p&aring; Svenska","publisher":{"@id":"https:\/\/lightweb.dev\/l\/svm-temp\/#organization"},"potentialAction":[{"@type":"SearchAction","target":{"@type":"EntryPoint","urlTemplate":"https:\/\/lightweb.dev\/l\/svm-temp\/?s={search_term_string}"},"query-input":{"@type":"PropertyValueSpecification","valueRequired":true,"valueName":"search_term_string"}}],"inLanguage":"sv-SE"},{"@type":"Organization","@id":"https:\/\/lightweb.dev\/l\/svm-temp\/#organization","name":"Melkerson y Nott SL","alternateName":"Svenska Magasinet","url":"https:\/\/lightweb.dev\/l\/svm-temp\/","logo":{"@type":"ImageObject","inLanguage":"sv-SE","@id":"https:\/\/lightweb.dev\/l\/svm-temp\/#\/schema\/logo\/image\/","url":"https:\/\/lightweb.dev\/l\/svm-temp\/wp-content\/uploads\/2025\/02\/SvM-logo-Xtra-Centrerad-SVART.png","contentUrl":"https:\/\/lightweb.dev\/l\/svm-temp\/wp-content\/uploads\/2025\/02\/SvM-logo-Xtra-Centrerad-SVART.png","width":300,"height":99,"caption":"Melkerson y Nott SL"},"image":{"@id":"https:\/\/lightweb.dev\/l\/svm-temp\/#\/schema\/logo\/image\/"},"sameAs":["https:\/\/www.facebook.com\/svenskamagasinet","https:\/\/x.com\/SvenskaMagasine"]},{"@type":"Person","@id":"https:\/\/lightweb.dev\/l\/svm-temp\/#\/schema\/person\/7a82b8a73d171d32360a564b6d03508e","name":"Ola Josefsson","description":"Bevakar Solkusten och Spanien sedan 1994.","sameAs":["https:\/\/lightweb.dev\/l\/svm-temp"],"url":"https:\/\/lightweb.dev\/l\/svm-temp\/reporter\/ola-josefsson\/"}]}},"_links":{"self":[{"href":"https:\/\/lightweb.dev\/l\/svm-temp\/wp-json\/wp\/v2\/posts\/68730","targetHints":{"allow":["GET"]}}],"collection":[{"href":"https:\/\/lightweb.dev\/l\/svm-temp\/wp-json\/wp\/v2\/posts"}],"about":[{"href":"https:\/\/lightweb.dev\/l\/svm-temp\/wp-json\/wp\/v2\/types\/post"}],"author":[{"embeddable":true,"href":"https:\/\/lightweb.dev\/l\/svm-temp\/wp-json\/wp\/v2\/users\/7"}],"replies":[{"embeddable":true,"href":"https:\/\/lightweb.dev\/l\/svm-temp\/wp-json\/wp\/v2\/comments?post=68730"}],"version-history":[{"count":0,"href":"https:\/\/lightweb.dev\/l\/svm-temp\/wp-json\/wp\/v2\/posts\/68730\/revisions"}],"wp:featuredmedia":[{"embeddable":true,"href":"https:\/\/lightweb.dev\/l\/svm-temp\/wp-json\/wp\/v2\/media\/68731"}],"wp:attachment":[{"href":"https:\/\/lightweb.dev\/l\/svm-temp\/wp-json\/wp\/v2\/media?parent=68730"}],"wp:term":[{"taxonomy":"category","embeddable":true,"href":"https:\/\/lightweb.dev\/l\/svm-temp\/wp-json\/wp\/v2\/categories?post=68730"},{"taxonomy":"post_tag","embeddable":true,"href":"https:\/\/lightweb.dev\/l\/svm-temp\/wp-json\/wp\/v2\/tags?post=68730"}],"curies":[{"name":"wp","href":"https:\/\/api.w.org\/{rel}","templated":true}]}}