{"id":68741,"date":"2024-01-08T13:30:23","date_gmt":"2024-01-08T12:30:23","guid":{"rendered":"https:\/\/lightweb.dev\/l\/svm-temp\/?p=68741"},"modified":"2024-01-08T18:39:03","modified_gmt":"2024-01-08T17:39:03","slug":"halsoministeriet-foreslar-ansiktsmasker","status":"publish","type":"post","link":"https:\/\/lightweb.dev\/l\/svm-temp\/nyheter\/halsoministeriet-foreslar-ansiktsmasker\/","title":{"rendered":"Krav p\u00e5 munskydd splittrar Spanien"},"content":{"rendered":"<p><strong>Vid ett extrainsatt m\u00f6te kom ett krav p\u00e5 munskydd i Spaniens sjukhus, v\u00e5rdcentraler och apotek.<\/strong><\/p>\n<p><strong>Men landets regioner \u00e4r inte \u00f6verens. Bara Murcia, Valenciaregionen och Katalonien inf\u00f6r obligatoriskt munskyddskrav p\u00e5 sjukhus, v\u00e5rdcentraler, apotek och v\u00e5rdinr\u00e4ttningar.\u00a0<\/strong><\/p>\n<p>M\u00f6tet h\u00f6lls idag p\u00e5 grund av det stora antal influensafall som rapporterats den senaste tiden.<\/p>\n<p><span style=\"font-weight: 400;\">H\u00e4lsominister <\/span><span style=\"font-weight: 400;\">M\u00f3nica Garc\u00eda, meddelade att hon kommer att f\u00f6resl\u00e5 att landets regioner \u00e5terinf\u00f6r krav p\u00e5 ansiktsmasker i sjukhus, v\u00e5rdcentraler och apotek. F\u00f6rslaget lades fram vid ett extrainsatt m\u00f6te med det internationella r\u00e5det f\u00f6r nationella sjukv\u00e5rdssystem (CISNS). M\u00f6tet planerades f\u00f6r att diskutera samordning mot spridning av luftv\u00e4gsvirus, som har n\u00e5tt toppnoteringar under de senaste dygnen.<\/span><\/p>\n<p>Valenciaregionen, Murcia och Katalonien har inf\u00f6rt munskyddskravet medan det i Aragonien bara g\u00e4ller v\u00e5rdpersonal.<\/p>\n<p>Galicien, Kantabrien, Navarra, Asturien, La Rioja och Baskien blir det bara rekommendation. Madrid, Andalusien, Balearerna, Kanarie\u00f6arna, Extremadura och Castilla Le\u00f3n rekommenderar endast anv\u00e4ndning av munskydd f\u00f6r de som har symtom p\u00e5 luftv\u00e4gsinfektioner.<\/p>\n<p><span style=\"font-weight: 400;\">En annan \u00e5tg\u00e4rd som f\u00f6reslogs \u00e4r r\u00e4tt till sjukskrivning f\u00f6r de som har en \u201cmild sjukdom\u201d f\u00f6r att f\u00f6rhindra att sjukdomar sprider sig, enligt Europa Press. &#8221;Detta \u00e4r en \u00e5tg\u00e4rd som redan vidtagits i m\u00e5nga andra l\u00e4nder\u201d, s\u00e4ger Garc\u00eda.<\/span><\/p>\n<p><span style=\"font-weight: 400;\">Hon understryker att hon inte anser det n\u00f6dv\u00e4ndigt att v\u00e4nda sig till l\u00e4kare om man endast har milda symtom, men att det \u00e4r viktigt att inte r\u00f6ra sig bland andra personer f\u00f6r att minska spridningen av virus.\u00a0<\/span><\/p>\n<h2><span style=\"font-weight: 400;\">Varnar f\u00f6r sjukv\u00e5rdskollaps\u00a0<\/span><\/h2>\n<p><span style=\"font-weight: 400;\">Den sista veckorapporten fr\u00e5n 2023 \u00f6ver influensa, covid-19 och andra luftv\u00e4gsvirus visade 908,6 fall i prim\u00e4rv\u00e5rden per 100 000 inv\u00e5nare. Den f\u00f6reg\u00e5ende siffran var 806.\u00a0<\/span><\/p>\n<p><span style=\"font-weight: 400;\">Ministern kallar antalet influensafall som rapporterats under den senaste tiden \u201cn\u00e5got att oroa sig f\u00f6r\u201d. \u201cVi har en h\u00f6gre intensitet av influensa \u00e4n under de senaste \u00e5ren,\u201d s\u00e4ger hon och f\u00f6rklarar att det inte \u00e4r sjukdomen i sig som \u00e4r det stora problemet, utan trycket det s\u00e4tter p\u00e5 det redan h\u00e5rt ansatta sjukv\u00e5rdssystemet som hon menar st\u00e5r inf\u00f6r en kollaps.\u00a0<\/span><\/p>\n<p><span style=\"font-weight: 400;\">Garc\u00eda p\u00e5pekar att det effektivaste s\u00e4ttet att minska spridningen av influensa \u00e4r b\u00e4rande av ansiktsmasker, bra ventilation inomhus och samarbete mellan medborgarna. F\u00f6r n\u00e4rvarande finns inga planer p\u00e5 att inf\u00f6ra kravet i skolor och andra utbildningscentrum.\u00a0<\/span><\/p>\n<p><span style=\"font-weight: 400;\">Tre regioner har hittills inf\u00f6rt kravet. De \u00e4r Valencia, Katalonien och Murcia. I Gibraltar inf\u00f6rdes det redan i slutet av f\u00f6rra \u00e5ret. <\/span><\/p>\n","protected":false},"excerpt":{"rendered":"<p>Vid ett extrainsatt m\u00f6te kom ett krav p\u00e5 munskydd i Spaniens sjukhus, v\u00e5rdcentraler och apotek. Men landets regioner \u00e4r inte \u00f6verens. Bara Murcia, Valenciaregionen och Katalonien inf\u00f6r obligatoriskt munskyddskrav&#8230;<\/p>\n","protected":false},"author":14,"featured_media":13856,"comment_status":"closed","ping_status":"closed","sticky":false,"template":"","format":"standard","meta":{"_et_pb_use_builder":"","_et_pb_old_content":"","_et_gb_content_width":"","footnotes":""},"categories":[395,3],"tags":[],"class_list":["post-68741","post","type-post","status-publish","format-standard","has-post-thumbnail","hentry","category-arkiv-nyheter","category-nyheter"],"yoast_head":"<!-- This site is optimized with the Yoast SEO Premium plugin v26.2 (Yoast SEO v27.5) - https:\/\/yoast.com\/product\/yoast-seo-premium-wordpress\/ -->\n<title>Krav p\u00e5 munskydd splittrar Spanien - Svenska Magasinet<\/title>\n<meta name=\"description\" content=\"Vid ett extrainsatt m\u00f6te kom ett krav p\u00e5 munskydd i Spaniens sjukhus, v\u00e5rdcentraler och apotek.Men landets regioner \u00e4r inte \u00f6verens. Bara Murcia, Valenciaregionen och Katalonien inf\u00f6r obligatoriskt munskyddskrav p\u00e5 sjukhus, v\u00e5rdcentraler, apotek och v\u00e5rdinr\u00e4ttningar.\u00a0\" \/>\n<meta name=\"robots\" content=\"noindex, follow, max-snippet:-1, max-image-preview:large, max-video-preview:-1\" \/>\n<meta property=\"og:locale\" content=\"sv_SE\" \/>\n<meta property=\"og:type\" content=\"article\" \/>\n<meta property=\"og:title\" content=\"Krav p\u00e5 munskydd splittrar Spanien\" \/>\n<meta property=\"og:description\" content=\"Vid ett extrainsatt m\u00f6te kom ett krav p\u00e5 munskydd i Spaniens sjukhus, v\u00e5rdcentraler och apotek.Men landets regioner \u00e4r inte \u00f6verens. Bara Murcia, Valenciaregionen och Katalonien inf\u00f6r obligatoriskt munskyddskrav p\u00e5 sjukhus, v\u00e5rdcentraler, apotek och v\u00e5rdinr\u00e4ttningar.\u00a0\" \/>\n<meta property=\"og:url\" content=\"https:\/\/lightweb.dev\/l\/svm-temp\/nyheter\/halsoministeriet-foreslar-ansiktsmasker\/\" \/>\n<meta property=\"og:site_name\" content=\"Svenska Magasinet\" \/>\n<meta property=\"article:publisher\" content=\"https:\/\/www.facebook.com\/svenskamagasinet\" \/>\n<meta property=\"article:published_time\" content=\"2024-01-08T12:30:23+00:00\" \/>\n<meta property=\"article:modified_time\" content=\"2024-01-08T17:39:03+00:00\" \/>\n<meta property=\"og:image\" content=\"https:\/\/lightweb.dev\/l\/svm-temp\/wp-content\/uploads\/2022\/06\/andalusien-delar-ut-75-miljoner-gratis-munskydd-ansiktsmasker.png\" \/>\n\t<meta property=\"og:image:width\" content=\"500\" \/>\n\t<meta property=\"og:image:height\" content=\"300\" \/>\n\t<meta property=\"og:image:type\" content=\"image\/png\" \/>\n<meta name=\"author\" content=\"Robbie Eriksson\" \/>\n<meta name=\"twitter:card\" content=\"summary_large_image\" \/>\n<meta name=\"twitter:creator\" content=\"@SvenskaMagasine\" \/>\n<meta name=\"twitter:site\" content=\"@SvenskaMagasine\" \/>\n<script type=\"application\/ld+json\" class=\"yoast-schema-graph\">{\"@context\":\"https:\\\/\\\/schema.org\",\"@graph\":[{\"@type\":\"Article\",\"@id\":\"https:\\\/\\\/lightweb.dev\\\/l\\\/svm-temp\\\/nyheter\\\/halsoministeriet-foreslar-ansiktsmasker\\\/#article\",\"isPartOf\":{\"@id\":\"https:\\\/\\\/lightweb.dev\\\/l\\\/svm-temp\\\/nyheter\\\/halsoministeriet-foreslar-ansiktsmasker\\\/\"},\"author\":{\"name\":\"Robbie Eriksson\",\"@id\":\"https:\\\/\\\/lightweb.dev\\\/l\\\/svm-temp\\\/#\\\/schema\\\/person\\\/caffe038990d25722f5a04a03c906a2b\"},\"headline\":\"Krav p\u00e5 munskydd splittrar Spanien\",\"datePublished\":\"2024-01-08T12:30:23+00:00\",\"dateModified\":\"2024-01-08T17:39:03+00:00\",\"mainEntityOfPage\":{\"@id\":\"https:\\\/\\\/lightweb.dev\\\/l\\\/svm-temp\\\/nyheter\\\/halsoministeriet-foreslar-ansiktsmasker\\\/\"},\"wordCount\":449,\"publisher\":{\"@id\":\"https:\\\/\\\/lightweb.dev\\\/l\\\/svm-temp\\\/#organization\"},\"image\":{\"@id\":\"https:\\\/\\\/lightweb.dev\\\/l\\\/svm-temp\\\/nyheter\\\/halsoministeriet-foreslar-ansiktsmasker\\\/#primaryimage\"},\"thumbnailUrl\":\"https:\\\/\\\/lightweb.dev\\\/l\\\/svm-temp\\\/wp-content\\\/uploads\\\/2022\\\/06\\\/andalusien-delar-ut-75-miljoner-gratis-munskydd-ansiktsmasker.png\",\"articleSection\":[\"Arkiv\",\"Nyheter\"],\"inLanguage\":\"sv-SE\"},{\"@type\":\"WebPage\",\"@id\":\"https:\\\/\\\/lightweb.dev\\\/l\\\/svm-temp\\\/nyheter\\\/halsoministeriet-foreslar-ansiktsmasker\\\/\",\"url\":\"https:\\\/\\\/lightweb.dev\\\/l\\\/svm-temp\\\/nyheter\\\/halsoministeriet-foreslar-ansiktsmasker\\\/\",\"name\":\"Krav p\u00e5 munskydd splittrar Spanien - Svenska Magasinet\",\"isPartOf\":{\"@id\":\"https:\\\/\\\/lightweb.dev\\\/l\\\/svm-temp\\\/#website\"},\"primaryImageOfPage\":{\"@id\":\"https:\\\/\\\/lightweb.dev\\\/l\\\/svm-temp\\\/nyheter\\\/halsoministeriet-foreslar-ansiktsmasker\\\/#primaryimage\"},\"image\":{\"@id\":\"https:\\\/\\\/lightweb.dev\\\/l\\\/svm-temp\\\/nyheter\\\/halsoministeriet-foreslar-ansiktsmasker\\\/#primaryimage\"},\"thumbnailUrl\":\"https:\\\/\\\/lightweb.dev\\\/l\\\/svm-temp\\\/wp-content\\\/uploads\\\/2022\\\/06\\\/andalusien-delar-ut-75-miljoner-gratis-munskydd-ansiktsmasker.png\",\"datePublished\":\"2024-01-08T12:30:23+00:00\",\"dateModified\":\"2024-01-08T17:39:03+00:00\",\"description\":\"Vid ett extrainsatt m\u00f6te kom ett krav p\u00e5 munskydd i Spaniens sjukhus, v\u00e5rdcentraler och apotek.Men landets regioner \u00e4r inte \u00f6verens. Bara Murcia, Valenciaregionen och Katalonien inf\u00f6r obligatoriskt munskyddskrav p\u00e5 sjukhus, v\u00e5rdcentraler, apotek och v\u00e5rdinr\u00e4ttningar.\u00a0\",\"breadcrumb\":{\"@id\":\"https:\\\/\\\/lightweb.dev\\\/l\\\/svm-temp\\\/nyheter\\\/halsoministeriet-foreslar-ansiktsmasker\\\/#breadcrumb\"},\"inLanguage\":\"sv-SE\",\"potentialAction\":[{\"@type\":\"ReadAction\",\"target\":[\"https:\\\/\\\/lightweb.dev\\\/l\\\/svm-temp\\\/nyheter\\\/halsoministeriet-foreslar-ansiktsmasker\\\/\"]}]},{\"@type\":\"ImageObject\",\"inLanguage\":\"sv-SE\",\"@id\":\"https:\\\/\\\/lightweb.dev\\\/l\\\/svm-temp\\\/nyheter\\\/halsoministeriet-foreslar-ansiktsmasker\\\/#primaryimage\",\"url\":\"https:\\\/\\\/lightweb.dev\\\/l\\\/svm-temp\\\/wp-content\\\/uploads\\\/2022\\\/06\\\/andalusien-delar-ut-75-miljoner-gratis-munskydd-ansiktsmasker.png\",\"contentUrl\":\"https:\\\/\\\/lightweb.dev\\\/l\\\/svm-temp\\\/wp-content\\\/uploads\\\/2022\\\/06\\\/andalusien-delar-ut-75-miljoner-gratis-munskydd-ansiktsmasker.png\",\"width\":500,\"height\":300},{\"@type\":\"BreadcrumbList\",\"@id\":\"https:\\\/\\\/lightweb.dev\\\/l\\\/svm-temp\\\/nyheter\\\/halsoministeriet-foreslar-ansiktsmasker\\\/#breadcrumb\",\"itemListElement\":[{\"@type\":\"ListItem\",\"position\":1,\"name\":\"Hem\",\"item\":\"https:\\\/\\\/lightweb.dev\\\/l\\\/svm-temp\\\/\"},{\"@type\":\"ListItem\",\"position\":2,\"name\":\"Krav p\u00e5 munskydd splittrar Spanien\"}]},{\"@type\":\"WebSite\",\"@id\":\"https:\\\/\\\/lightweb.dev\\\/l\\\/svm-temp\\\/#website\",\"url\":\"https:\\\/\\\/lightweb.dev\\\/l\\\/svm-temp\\\/\",\"name\":\"Svenska Magasinet\",\"description\":\"Dina Spanska nyheter p&aring; Svenska\",\"publisher\":{\"@id\":\"https:\\\/\\\/lightweb.dev\\\/l\\\/svm-temp\\\/#organization\"},\"potentialAction\":[{\"@type\":\"SearchAction\",\"target\":{\"@type\":\"EntryPoint\",\"urlTemplate\":\"https:\\\/\\\/lightweb.dev\\\/l\\\/svm-temp\\\/?s={search_term_string}\"},\"query-input\":{\"@type\":\"PropertyValueSpecification\",\"valueRequired\":true,\"valueName\":\"search_term_string\"}}],\"inLanguage\":\"sv-SE\"},{\"@type\":\"Organization\",\"@id\":\"https:\\\/\\\/lightweb.dev\\\/l\\\/svm-temp\\\/#organization\",\"name\":\"Melkerson y Nott SL\",\"alternateName\":\"Svenska Magasinet\",\"url\":\"https:\\\/\\\/lightweb.dev\\\/l\\\/svm-temp\\\/\",\"logo\":{\"@type\":\"ImageObject\",\"inLanguage\":\"sv-SE\",\"@id\":\"https:\\\/\\\/lightweb.dev\\\/l\\\/svm-temp\\\/#\\\/schema\\\/logo\\\/image\\\/\",\"url\":\"https:\\\/\\\/lightweb.dev\\\/l\\\/svm-temp\\\/wp-content\\\/uploads\\\/2025\\\/02\\\/SvM-logo-Xtra-Centrerad-SVART.png\",\"contentUrl\":\"https:\\\/\\\/lightweb.dev\\\/l\\\/svm-temp\\\/wp-content\\\/uploads\\\/2025\\\/02\\\/SvM-logo-Xtra-Centrerad-SVART.png\",\"width\":300,\"height\":99,\"caption\":\"Melkerson y Nott SL\"},\"image\":{\"@id\":\"https:\\\/\\\/lightweb.dev\\\/l\\\/svm-temp\\\/#\\\/schema\\\/logo\\\/image\\\/\"},\"sameAs\":[\"https:\\\/\\\/www.facebook.com\\\/svenskamagasinet\",\"https:\\\/\\\/x.com\\\/SvenskaMagasine\"]},{\"@type\":\"Person\",\"@id\":\"https:\\\/\\\/lightweb.dev\\\/l\\\/svm-temp\\\/#\\\/schema\\\/person\\\/caffe038990d25722f5a04a03c906a2b\",\"name\":\"Robbie Eriksson\",\"sameAs\":[\"https:\\\/\\\/lightweb.dev\\\/l\\\/svm-temp\"],\"url\":\"https:\\\/\\\/lightweb.dev\\\/l\\\/svm-temp\\\/reporter\\\/robbie-eriksson\\\/\"}]}<\/script>\n<!-- \/ Yoast SEO Premium plugin. -->","yoast_head_json":{"title":"Krav p\u00e5 munskydd splittrar Spanien - Svenska Magasinet","description":"Vid ett extrainsatt m\u00f6te kom ett krav p\u00e5 munskydd i Spaniens sjukhus, v\u00e5rdcentraler och apotek.Men landets regioner \u00e4r inte \u00f6verens. Bara Murcia, Valenciaregionen och Katalonien inf\u00f6r obligatoriskt munskyddskrav p\u00e5 sjukhus, v\u00e5rdcentraler, apotek och v\u00e5rdinr\u00e4ttningar.\u00a0","robots":{"index":"noindex","follow":"follow","max-snippet":"max-snippet:-1","max-image-preview":"max-image-preview:large","max-video-preview":"max-video-preview:-1"},"og_locale":"sv_SE","og_type":"article","og_title":"Krav p\u00e5 munskydd splittrar Spanien","og_description":"Vid ett extrainsatt m\u00f6te kom ett krav p\u00e5 munskydd i Spaniens sjukhus, v\u00e5rdcentraler och apotek.Men landets regioner \u00e4r inte \u00f6verens. Bara Murcia, Valenciaregionen och Katalonien inf\u00f6r obligatoriskt munskyddskrav p\u00e5 sjukhus, v\u00e5rdcentraler, apotek och v\u00e5rdinr\u00e4ttningar.\u00a0","og_url":"https:\/\/lightweb.dev\/l\/svm-temp\/nyheter\/halsoministeriet-foreslar-ansiktsmasker\/","og_site_name":"Svenska Magasinet","article_publisher":"https:\/\/www.facebook.com\/svenskamagasinet","article_published_time":"2024-01-08T12:30:23+00:00","article_modified_time":"2024-01-08T17:39:03+00:00","og_image":[{"width":500,"height":300,"url":"https:\/\/lightweb.dev\/l\/svm-temp\/wp-content\/uploads\/2022\/06\/andalusien-delar-ut-75-miljoner-gratis-munskydd-ansiktsmasker.png","type":"image\/png"}],"author":"Robbie Eriksson","twitter_card":"summary_large_image","twitter_creator":"@SvenskaMagasine","twitter_site":"@SvenskaMagasine","schema":{"@context":"https:\/\/schema.org","@graph":[{"@type":"Article","@id":"https:\/\/lightweb.dev\/l\/svm-temp\/nyheter\/halsoministeriet-foreslar-ansiktsmasker\/#article","isPartOf":{"@id":"https:\/\/lightweb.dev\/l\/svm-temp\/nyheter\/halsoministeriet-foreslar-ansiktsmasker\/"},"author":{"name":"Robbie Eriksson","@id":"https:\/\/lightweb.dev\/l\/svm-temp\/#\/schema\/person\/caffe038990d25722f5a04a03c906a2b"},"headline":"Krav p\u00e5 munskydd splittrar Spanien","datePublished":"2024-01-08T12:30:23+00:00","dateModified":"2024-01-08T17:39:03+00:00","mainEntityOfPage":{"@id":"https:\/\/lightweb.dev\/l\/svm-temp\/nyheter\/halsoministeriet-foreslar-ansiktsmasker\/"},"wordCount":449,"publisher":{"@id":"https:\/\/lightweb.dev\/l\/svm-temp\/#organization"},"image":{"@id":"https:\/\/lightweb.dev\/l\/svm-temp\/nyheter\/halsoministeriet-foreslar-ansiktsmasker\/#primaryimage"},"thumbnailUrl":"https:\/\/lightweb.dev\/l\/svm-temp\/wp-content\/uploads\/2022\/06\/andalusien-delar-ut-75-miljoner-gratis-munskydd-ansiktsmasker.png","articleSection":["Arkiv","Nyheter"],"inLanguage":"sv-SE"},{"@type":"WebPage","@id":"https:\/\/lightweb.dev\/l\/svm-temp\/nyheter\/halsoministeriet-foreslar-ansiktsmasker\/","url":"https:\/\/lightweb.dev\/l\/svm-temp\/nyheter\/halsoministeriet-foreslar-ansiktsmasker\/","name":"Krav p\u00e5 munskydd splittrar Spanien - Svenska Magasinet","isPartOf":{"@id":"https:\/\/lightweb.dev\/l\/svm-temp\/#website"},"primaryImageOfPage":{"@id":"https:\/\/lightweb.dev\/l\/svm-temp\/nyheter\/halsoministeriet-foreslar-ansiktsmasker\/#primaryimage"},"image":{"@id":"https:\/\/lightweb.dev\/l\/svm-temp\/nyheter\/halsoministeriet-foreslar-ansiktsmasker\/#primaryimage"},"thumbnailUrl":"https:\/\/lightweb.dev\/l\/svm-temp\/wp-content\/uploads\/2022\/06\/andalusien-delar-ut-75-miljoner-gratis-munskydd-ansiktsmasker.png","datePublished":"2024-01-08T12:30:23+00:00","dateModified":"2024-01-08T17:39:03+00:00","description":"Vid ett extrainsatt m\u00f6te kom ett krav p\u00e5 munskydd i Spaniens sjukhus, v\u00e5rdcentraler och apotek.Men landets regioner \u00e4r inte \u00f6verens. Bara Murcia, Valenciaregionen och Katalonien inf\u00f6r obligatoriskt munskyddskrav p\u00e5 sjukhus, v\u00e5rdcentraler, apotek och v\u00e5rdinr\u00e4ttningar.\u00a0","breadcrumb":{"@id":"https:\/\/lightweb.dev\/l\/svm-temp\/nyheter\/halsoministeriet-foreslar-ansiktsmasker\/#breadcrumb"},"inLanguage":"sv-SE","potentialAction":[{"@type":"ReadAction","target":["https:\/\/lightweb.dev\/l\/svm-temp\/nyheter\/halsoministeriet-foreslar-ansiktsmasker\/"]}]},{"@type":"ImageObject","inLanguage":"sv-SE","@id":"https:\/\/lightweb.dev\/l\/svm-temp\/nyheter\/halsoministeriet-foreslar-ansiktsmasker\/#primaryimage","url":"https:\/\/lightweb.dev\/l\/svm-temp\/wp-content\/uploads\/2022\/06\/andalusien-delar-ut-75-miljoner-gratis-munskydd-ansiktsmasker.png","contentUrl":"https:\/\/lightweb.dev\/l\/svm-temp\/wp-content\/uploads\/2022\/06\/andalusien-delar-ut-75-miljoner-gratis-munskydd-ansiktsmasker.png","width":500,"height":300},{"@type":"BreadcrumbList","@id":"https:\/\/lightweb.dev\/l\/svm-temp\/nyheter\/halsoministeriet-foreslar-ansiktsmasker\/#breadcrumb","itemListElement":[{"@type":"ListItem","position":1,"name":"Hem","item":"https:\/\/lightweb.dev\/l\/svm-temp\/"},{"@type":"ListItem","position":2,"name":"Krav p\u00e5 munskydd splittrar Spanien"}]},{"@type":"WebSite","@id":"https:\/\/lightweb.dev\/l\/svm-temp\/#website","url":"https:\/\/lightweb.dev\/l\/svm-temp\/","name":"Svenska Magasinet","description":"Dina Spanska nyheter p&aring; Svenska","publisher":{"@id":"https:\/\/lightweb.dev\/l\/svm-temp\/#organization"},"potentialAction":[{"@type":"SearchAction","target":{"@type":"EntryPoint","urlTemplate":"https:\/\/lightweb.dev\/l\/svm-temp\/?s={search_term_string}"},"query-input":{"@type":"PropertyValueSpecification","valueRequired":true,"valueName":"search_term_string"}}],"inLanguage":"sv-SE"},{"@type":"Organization","@id":"https:\/\/lightweb.dev\/l\/svm-temp\/#organization","name":"Melkerson y Nott SL","alternateName":"Svenska Magasinet","url":"https:\/\/lightweb.dev\/l\/svm-temp\/","logo":{"@type":"ImageObject","inLanguage":"sv-SE","@id":"https:\/\/lightweb.dev\/l\/svm-temp\/#\/schema\/logo\/image\/","url":"https:\/\/lightweb.dev\/l\/svm-temp\/wp-content\/uploads\/2025\/02\/SvM-logo-Xtra-Centrerad-SVART.png","contentUrl":"https:\/\/lightweb.dev\/l\/svm-temp\/wp-content\/uploads\/2025\/02\/SvM-logo-Xtra-Centrerad-SVART.png","width":300,"height":99,"caption":"Melkerson y Nott SL"},"image":{"@id":"https:\/\/lightweb.dev\/l\/svm-temp\/#\/schema\/logo\/image\/"},"sameAs":["https:\/\/www.facebook.com\/svenskamagasinet","https:\/\/x.com\/SvenskaMagasine"]},{"@type":"Person","@id":"https:\/\/lightweb.dev\/l\/svm-temp\/#\/schema\/person\/caffe038990d25722f5a04a03c906a2b","name":"Robbie Eriksson","sameAs":["https:\/\/lightweb.dev\/l\/svm-temp"],"url":"https:\/\/lightweb.dev\/l\/svm-temp\/reporter\/robbie-eriksson\/"}]}},"_links":{"self":[{"href":"https:\/\/lightweb.dev\/l\/svm-temp\/wp-json\/wp\/v2\/posts\/68741","targetHints":{"allow":["GET"]}}],"collection":[{"href":"https:\/\/lightweb.dev\/l\/svm-temp\/wp-json\/wp\/v2\/posts"}],"about":[{"href":"https:\/\/lightweb.dev\/l\/svm-temp\/wp-json\/wp\/v2\/types\/post"}],"author":[{"embeddable":true,"href":"https:\/\/lightweb.dev\/l\/svm-temp\/wp-json\/wp\/v2\/users\/14"}],"replies":[{"embeddable":true,"href":"https:\/\/lightweb.dev\/l\/svm-temp\/wp-json\/wp\/v2\/comments?post=68741"}],"version-history":[{"count":0,"href":"https:\/\/lightweb.dev\/l\/svm-temp\/wp-json\/wp\/v2\/posts\/68741\/revisions"}],"wp:featuredmedia":[{"embeddable":true,"href":"https:\/\/lightweb.dev\/l\/svm-temp\/wp-json\/wp\/v2\/media\/13856"}],"wp:attachment":[{"href":"https:\/\/lightweb.dev\/l\/svm-temp\/wp-json\/wp\/v2\/media?parent=68741"}],"wp:term":[{"taxonomy":"category","embeddable":true,"href":"https:\/\/lightweb.dev\/l\/svm-temp\/wp-json\/wp\/v2\/categories?post=68741"},{"taxonomy":"post_tag","embeddable":true,"href":"https:\/\/lightweb.dev\/l\/svm-temp\/wp-json\/wp\/v2\/tags?post=68741"}],"curies":[{"name":"wp","href":"https:\/\/api.w.org\/{rel}","templated":true}]}}