{"id":68743,"date":"2024-01-08T13:51:06","date_gmt":"2024-01-08T12:51:06","guid":{"rendered":"https:\/\/lightweb.dev\/l\/svm-temp\/?p=68743"},"modified":"2024-01-08T13:56:54","modified_gmt":"2024-01-08T12:56:54","slug":"attackerna-mot-lakare-i-malaga-har-okat-med-nastan-100-procent","status":"publish","type":"post","link":"https:\/\/lightweb.dev\/l\/svm-temp\/nyheter\/attackerna-mot-lakare-i-malaga-har-okat-med-nastan-100-procent\/","title":{"rendered":"Attacker mot l\u00e4kare i M\u00e1laga har \u00f6kat med n\u00e4stan 100 procent"},"content":{"rendered":"<p><strong>\u00d6verfallen drabbar fr\u00e4mst kvinnliga l\u00e4kare och har alla intr\u00e4ffat i den offentliga sjukv\u00e5rdssektorn.\u00a0<\/strong><\/p>\n<p><span style=\"font-weight: 400;\">P\u00e5 bara ett \u00e5r har antalet fysiska \u00f6vergrepp p\u00e5 l\u00e4kare n\u00e4stan dubblerats i M\u00e1laga. Totalt anm\u00e4ldes 38 attacker under 2023, j\u00e4mf\u00f6rt med 22 stycken under det f\u00f6reg\u00e5ende \u00e5ret, enligt uppgifter fr\u00e5n Colegio de M\u00e9dicos. Det \u00e4r den n\u00e4st v\u00e4rsta \u00e5rsnoteringen sedan organisationen b\u00f6rjade m\u00e4ta \u00e5rliga attacker. Den h\u00f6gsta noteringen var 2019 d\u00e5 45 incidenter rapporterades. \u00c5r 2020 var siffran 21 och 2021 l\u00e5g den p\u00e5 26.\u00a0<\/span><\/p>\n<p><span style=\"font-weight: 400;\">Av de 38 attackerna som rapporterades var 30 mot kvinnliga l\u00e4kare. 14 av dessa var 35 \u00e5r eller yngre. 31 av offren blev psykiskt traumatiserade av h\u00e4ndelserna medan sju fick fysiska \u00e5kommor.\u00a0 Fyra av de drabbade beh\u00f6vde sjukskrivas efter\u00e5t.\u00a0<\/span><\/p>\n<p><span style=\"font-weight: 400;\">Alla \u00f6vergrepp skedde inom den offentliga sjukv\u00e5rden och siffrorna visar att m\u00e4n som var 35 \u00e5r eller \u00e4ldre begick drygt h\u00e4lften av dem.\u00a0<\/span><\/p>\n<p><span style=\"font-weight: 400;\">Uppgifter fr\u00e5n l\u00e4karf\u00f6rbundet visar p\u00e5 en n\u00e5got mindre siffra, med 29 attacker. Men de har inte r\u00e4knat med december m\u00e5nad n\u00e4r de redovisade sina siffror.\u00a0<\/span><\/p>\n<p><span style=\"font-weight: 400;\">Colegio de M\u00e9dicos sekreterare, psykiatern Dr Jos\u00e9 Miguel Pe\u00f1a Andreu, menar att uppgifterna endast visar \u201ctoppen av isberget\u201d och\u00a0 s\u00e4ger att \u201cantalet \u00f6vergrepp \u00f6kar och vi v\u00e4ntar oss att siffran kommer forts\u00e4tta att v\u00e4xa\u201d.\u00a0<\/span><\/p>\n<p><span style=\"font-weight: 400;\">Han refererar till en studie som gjordes innan pandemin d\u00e5 m\u00e5nga inom v\u00e5rden rapporterade att de upplevde en mer v\u00e5ldsam och hotfull atmosf\u00e4r. Han till\u00e4gger ocks\u00e5 att detta ska ses i en kontext d\u00e4r fler yrkesgrupper, till exempel v\u00e4ktare, upplever en liknande utveckling.\u00a0<\/span><\/p>\n<h2><span style=\"font-weight: 400;\">Vad kan g\u00f6ras \u00e5t situationen?<\/span><\/h2>\n<p><span style=\"font-weight: 400;\">\u201cV\u00e5r organisation utf\u00f6r f\u00f6rebyggande kampanjer, vi tillgodoser advokater och ordet om v\u00e5rt arbete sprider sig. Ist\u00e4llet f\u00f6r att bara g\u00e5 till polisen efter en incident v\u00e4nder sig fler och fler till oss ocks\u00e5\u201d, tillade Pe\u00f1a Andreu.\u00a0<\/span><\/p>\n<p><span style=\"font-weight: 400;\">En underliggande orsak menar han \u00e4r sjukv\u00e5rdskrisen. \u201cBland orsakerna till \u00f6verfallen \u00e4r l\u00e5ng v\u00e4ntetid en av de mest frekventa, dessa har blivit v\u00e4rre i och med krisen.\u201d Han tror att \u00f6kad tillg\u00e5ng till v\u00e5rd och kortare v\u00e4ntetider skulle f\u00f6rb\u00e4ttra situationen f\u00f6r l\u00e4karna.\u00a0\u00a0<\/span><\/p>\n<p><span style=\"font-weight: 400;\">Andra vanliga orsaker till attacker \u00e4r diskrepanser med f\u00f6rsiktighet och att l\u00e4karen inte vill skriva ut den medicin som patienten vill ha. <\/span><\/p>\n","protected":false},"excerpt":{"rendered":"<p>\u00d6verfallen drabbar fr\u00e4mst kvinnliga l\u00e4kare och har alla intr\u00e4ffat i den offentliga sjukv\u00e5rdssektorn.\u00a0<\/p>\n","protected":false},"author":14,"featured_media":43098,"comment_status":"closed","ping_status":"closed","sticky":false,"template":"","format":"standard","meta":{"_et_pb_use_builder":"","_et_pb_old_content":"","_et_gb_content_width":"","footnotes":""},"categories":[395,3],"tags":[],"class_list":["post-68743","post","type-post","status-publish","format-standard","has-post-thumbnail","hentry","category-arkiv-nyheter","category-nyheter"],"yoast_head":"<!-- This site is optimized with the Yoast SEO Premium plugin v26.2 (Yoast SEO v27.5) - https:\/\/yoast.com\/product\/yoast-seo-premium-wordpress\/ -->\n<title>Attacker mot l\u00e4kare i M\u00e1laga har \u00f6kat med n\u00e4stan 100 procent - Svenska Magasinet<\/title>\n<meta name=\"robots\" content=\"noindex, follow, max-snippet:-1, max-image-preview:large, max-video-preview:-1\" \/>\n<meta property=\"og:locale\" content=\"sv_SE\" \/>\n<meta property=\"og:type\" content=\"article\" \/>\n<meta property=\"og:title\" content=\"Attacker mot l\u00e4kare i M\u00e1laga har \u00f6kat med n\u00e4stan 100 procent\" \/>\n<meta property=\"og:description\" content=\"\u00d6verfallen drabbar fr\u00e4mst kvinnliga l\u00e4kare och har alla intr\u00e4ffat i den offentliga sjukv\u00e5rdssektorn.\u00a0\" \/>\n<meta property=\"og:url\" content=\"https:\/\/lightweb.dev\/l\/svm-temp\/nyheter\/attackerna-mot-lakare-i-malaga-har-okat-med-nastan-100-procent\/\" \/>\n<meta property=\"og:site_name\" content=\"Svenska Magasinet\" \/>\n<meta property=\"article:publisher\" content=\"https:\/\/www.facebook.com\/svenskamagasinet\" \/>\n<meta property=\"article:published_time\" content=\"2024-01-08T12:51:06+00:00\" \/>\n<meta property=\"article:modified_time\" content=\"2024-01-08T12:56:54+00:00\" \/>\n<meta property=\"og:image\" content=\"https:\/\/lightweb.dev\/l\/svm-temp\/wp-content\/uploads\/2022\/06\/nedskarningar-i-sjukvarden.png\" \/>\n\t<meta property=\"og:image:width\" content=\"280\" \/>\n\t<meta property=\"og:image:height\" content=\"280\" \/>\n\t<meta property=\"og:image:type\" content=\"image\/png\" \/>\n<meta name=\"author\" content=\"Robbie Eriksson\" \/>\n<meta name=\"twitter:card\" content=\"summary_large_image\" \/>\n<meta name=\"twitter:creator\" content=\"@SvenskaMagasine\" \/>\n<meta name=\"twitter:site\" content=\"@SvenskaMagasine\" \/>\n<script type=\"application\/ld+json\" class=\"yoast-schema-graph\">{\"@context\":\"https:\\\/\\\/schema.org\",\"@graph\":[{\"@type\":\"Article\",\"@id\":\"https:\\\/\\\/lightweb.dev\\\/l\\\/svm-temp\\\/nyheter\\\/attackerna-mot-lakare-i-malaga-har-okat-med-nastan-100-procent\\\/#article\",\"isPartOf\":{\"@id\":\"https:\\\/\\\/lightweb.dev\\\/l\\\/svm-temp\\\/nyheter\\\/attackerna-mot-lakare-i-malaga-har-okat-med-nastan-100-procent\\\/\"},\"author\":{\"name\":\"Robbie Eriksson\",\"@id\":\"https:\\\/\\\/lightweb.dev\\\/l\\\/svm-temp\\\/#\\\/schema\\\/person\\\/caffe038990d25722f5a04a03c906a2b\"},\"headline\":\"Attacker mot l\u00e4kare i M\u00e1laga har \u00f6kat med n\u00e4stan 100 procent\",\"datePublished\":\"2024-01-08T12:51:06+00:00\",\"dateModified\":\"2024-01-08T12:56:54+00:00\",\"mainEntityOfPage\":{\"@id\":\"https:\\\/\\\/lightweb.dev\\\/l\\\/svm-temp\\\/nyheter\\\/attackerna-mot-lakare-i-malaga-har-okat-med-nastan-100-procent\\\/\"},\"wordCount\":414,\"publisher\":{\"@id\":\"https:\\\/\\\/lightweb.dev\\\/l\\\/svm-temp\\\/#organization\"},\"image\":{\"@id\":\"https:\\\/\\\/lightweb.dev\\\/l\\\/svm-temp\\\/nyheter\\\/attackerna-mot-lakare-i-malaga-har-okat-med-nastan-100-procent\\\/#primaryimage\"},\"thumbnailUrl\":\"https:\\\/\\\/lightweb.dev\\\/l\\\/svm-temp\\\/wp-content\\\/uploads\\\/2022\\\/06\\\/nedskarningar-i-sjukvarden.png\",\"articleSection\":[\"Arkiv\",\"Nyheter\"],\"inLanguage\":\"sv-SE\"},{\"@type\":\"WebPage\",\"@id\":\"https:\\\/\\\/lightweb.dev\\\/l\\\/svm-temp\\\/nyheter\\\/attackerna-mot-lakare-i-malaga-har-okat-med-nastan-100-procent\\\/\",\"url\":\"https:\\\/\\\/lightweb.dev\\\/l\\\/svm-temp\\\/nyheter\\\/attackerna-mot-lakare-i-malaga-har-okat-med-nastan-100-procent\\\/\",\"name\":\"Attacker mot l\u00e4kare i M\u00e1laga har \u00f6kat med n\u00e4stan 100 procent - Svenska Magasinet\",\"isPartOf\":{\"@id\":\"https:\\\/\\\/lightweb.dev\\\/l\\\/svm-temp\\\/#website\"},\"primaryImageOfPage\":{\"@id\":\"https:\\\/\\\/lightweb.dev\\\/l\\\/svm-temp\\\/nyheter\\\/attackerna-mot-lakare-i-malaga-har-okat-med-nastan-100-procent\\\/#primaryimage\"},\"image\":{\"@id\":\"https:\\\/\\\/lightweb.dev\\\/l\\\/svm-temp\\\/nyheter\\\/attackerna-mot-lakare-i-malaga-har-okat-med-nastan-100-procent\\\/#primaryimage\"},\"thumbnailUrl\":\"https:\\\/\\\/lightweb.dev\\\/l\\\/svm-temp\\\/wp-content\\\/uploads\\\/2022\\\/06\\\/nedskarningar-i-sjukvarden.png\",\"datePublished\":\"2024-01-08T12:51:06+00:00\",\"dateModified\":\"2024-01-08T12:56:54+00:00\",\"breadcrumb\":{\"@id\":\"https:\\\/\\\/lightweb.dev\\\/l\\\/svm-temp\\\/nyheter\\\/attackerna-mot-lakare-i-malaga-har-okat-med-nastan-100-procent\\\/#breadcrumb\"},\"inLanguage\":\"sv-SE\",\"potentialAction\":[{\"@type\":\"ReadAction\",\"target\":[\"https:\\\/\\\/lightweb.dev\\\/l\\\/svm-temp\\\/nyheter\\\/attackerna-mot-lakare-i-malaga-har-okat-med-nastan-100-procent\\\/\"]}]},{\"@type\":\"ImageObject\",\"inLanguage\":\"sv-SE\",\"@id\":\"https:\\\/\\\/lightweb.dev\\\/l\\\/svm-temp\\\/nyheter\\\/attackerna-mot-lakare-i-malaga-har-okat-med-nastan-100-procent\\\/#primaryimage\",\"url\":\"https:\\\/\\\/lightweb.dev\\\/l\\\/svm-temp\\\/wp-content\\\/uploads\\\/2022\\\/06\\\/nedskarningar-i-sjukvarden.png\",\"contentUrl\":\"https:\\\/\\\/lightweb.dev\\\/l\\\/svm-temp\\\/wp-content\\\/uploads\\\/2022\\\/06\\\/nedskarningar-i-sjukvarden.png\",\"width\":280,\"height\":280},{\"@type\":\"BreadcrumbList\",\"@id\":\"https:\\\/\\\/lightweb.dev\\\/l\\\/svm-temp\\\/nyheter\\\/attackerna-mot-lakare-i-malaga-har-okat-med-nastan-100-procent\\\/#breadcrumb\",\"itemListElement\":[{\"@type\":\"ListItem\",\"position\":1,\"name\":\"Hem\",\"item\":\"https:\\\/\\\/lightweb.dev\\\/l\\\/svm-temp\\\/\"},{\"@type\":\"ListItem\",\"position\":2,\"name\":\"Attacker mot l\u00e4kare i M\u00e1laga har \u00f6kat med n\u00e4stan 100 procent\"}]},{\"@type\":\"WebSite\",\"@id\":\"https:\\\/\\\/lightweb.dev\\\/l\\\/svm-temp\\\/#website\",\"url\":\"https:\\\/\\\/lightweb.dev\\\/l\\\/svm-temp\\\/\",\"name\":\"Svenska Magasinet\",\"description\":\"Dina Spanska nyheter p&aring; Svenska\",\"publisher\":{\"@id\":\"https:\\\/\\\/lightweb.dev\\\/l\\\/svm-temp\\\/#organization\"},\"potentialAction\":[{\"@type\":\"SearchAction\",\"target\":{\"@type\":\"EntryPoint\",\"urlTemplate\":\"https:\\\/\\\/lightweb.dev\\\/l\\\/svm-temp\\\/?s={search_term_string}\"},\"query-input\":{\"@type\":\"PropertyValueSpecification\",\"valueRequired\":true,\"valueName\":\"search_term_string\"}}],\"inLanguage\":\"sv-SE\"},{\"@type\":\"Organization\",\"@id\":\"https:\\\/\\\/lightweb.dev\\\/l\\\/svm-temp\\\/#organization\",\"name\":\"Melkerson y Nott SL\",\"alternateName\":\"Svenska Magasinet\",\"url\":\"https:\\\/\\\/lightweb.dev\\\/l\\\/svm-temp\\\/\",\"logo\":{\"@type\":\"ImageObject\",\"inLanguage\":\"sv-SE\",\"@id\":\"https:\\\/\\\/lightweb.dev\\\/l\\\/svm-temp\\\/#\\\/schema\\\/logo\\\/image\\\/\",\"url\":\"https:\\\/\\\/lightweb.dev\\\/l\\\/svm-temp\\\/wp-content\\\/uploads\\\/2025\\\/02\\\/SvM-logo-Xtra-Centrerad-SVART.png\",\"contentUrl\":\"https:\\\/\\\/lightweb.dev\\\/l\\\/svm-temp\\\/wp-content\\\/uploads\\\/2025\\\/02\\\/SvM-logo-Xtra-Centrerad-SVART.png\",\"width\":300,\"height\":99,\"caption\":\"Melkerson y Nott SL\"},\"image\":{\"@id\":\"https:\\\/\\\/lightweb.dev\\\/l\\\/svm-temp\\\/#\\\/schema\\\/logo\\\/image\\\/\"},\"sameAs\":[\"https:\\\/\\\/www.facebook.com\\\/svenskamagasinet\",\"https:\\\/\\\/x.com\\\/SvenskaMagasine\"]},{\"@type\":\"Person\",\"@id\":\"https:\\\/\\\/lightweb.dev\\\/l\\\/svm-temp\\\/#\\\/schema\\\/person\\\/caffe038990d25722f5a04a03c906a2b\",\"name\":\"Robbie Eriksson\",\"sameAs\":[\"https:\\\/\\\/lightweb.dev\\\/l\\\/svm-temp\"],\"url\":\"https:\\\/\\\/lightweb.dev\\\/l\\\/svm-temp\\\/reporter\\\/robbie-eriksson\\\/\"}]}<\/script>\n<!-- \/ Yoast SEO Premium plugin. -->","yoast_head_json":{"title":"Attacker mot l\u00e4kare i M\u00e1laga har \u00f6kat med n\u00e4stan 100 procent - Svenska Magasinet","robots":{"index":"noindex","follow":"follow","max-snippet":"max-snippet:-1","max-image-preview":"max-image-preview:large","max-video-preview":"max-video-preview:-1"},"og_locale":"sv_SE","og_type":"article","og_title":"Attacker mot l\u00e4kare i M\u00e1laga har \u00f6kat med n\u00e4stan 100 procent","og_description":"\u00d6verfallen drabbar fr\u00e4mst kvinnliga l\u00e4kare och har alla intr\u00e4ffat i den offentliga sjukv\u00e5rdssektorn.\u00a0","og_url":"https:\/\/lightweb.dev\/l\/svm-temp\/nyheter\/attackerna-mot-lakare-i-malaga-har-okat-med-nastan-100-procent\/","og_site_name":"Svenska Magasinet","article_publisher":"https:\/\/www.facebook.com\/svenskamagasinet","article_published_time":"2024-01-08T12:51:06+00:00","article_modified_time":"2024-01-08T12:56:54+00:00","og_image":[{"width":280,"height":280,"url":"https:\/\/lightweb.dev\/l\/svm-temp\/wp-content\/uploads\/2022\/06\/nedskarningar-i-sjukvarden.png","type":"image\/png"}],"author":"Robbie Eriksson","twitter_card":"summary_large_image","twitter_creator":"@SvenskaMagasine","twitter_site":"@SvenskaMagasine","schema":{"@context":"https:\/\/schema.org","@graph":[{"@type":"Article","@id":"https:\/\/lightweb.dev\/l\/svm-temp\/nyheter\/attackerna-mot-lakare-i-malaga-har-okat-med-nastan-100-procent\/#article","isPartOf":{"@id":"https:\/\/lightweb.dev\/l\/svm-temp\/nyheter\/attackerna-mot-lakare-i-malaga-har-okat-med-nastan-100-procent\/"},"author":{"name":"Robbie Eriksson","@id":"https:\/\/lightweb.dev\/l\/svm-temp\/#\/schema\/person\/caffe038990d25722f5a04a03c906a2b"},"headline":"Attacker mot l\u00e4kare i M\u00e1laga har \u00f6kat med n\u00e4stan 100 procent","datePublished":"2024-01-08T12:51:06+00:00","dateModified":"2024-01-08T12:56:54+00:00","mainEntityOfPage":{"@id":"https:\/\/lightweb.dev\/l\/svm-temp\/nyheter\/attackerna-mot-lakare-i-malaga-har-okat-med-nastan-100-procent\/"},"wordCount":414,"publisher":{"@id":"https:\/\/lightweb.dev\/l\/svm-temp\/#organization"},"image":{"@id":"https:\/\/lightweb.dev\/l\/svm-temp\/nyheter\/attackerna-mot-lakare-i-malaga-har-okat-med-nastan-100-procent\/#primaryimage"},"thumbnailUrl":"https:\/\/lightweb.dev\/l\/svm-temp\/wp-content\/uploads\/2022\/06\/nedskarningar-i-sjukvarden.png","articleSection":["Arkiv","Nyheter"],"inLanguage":"sv-SE"},{"@type":"WebPage","@id":"https:\/\/lightweb.dev\/l\/svm-temp\/nyheter\/attackerna-mot-lakare-i-malaga-har-okat-med-nastan-100-procent\/","url":"https:\/\/lightweb.dev\/l\/svm-temp\/nyheter\/attackerna-mot-lakare-i-malaga-har-okat-med-nastan-100-procent\/","name":"Attacker mot l\u00e4kare i M\u00e1laga har \u00f6kat med n\u00e4stan 100 procent - Svenska Magasinet","isPartOf":{"@id":"https:\/\/lightweb.dev\/l\/svm-temp\/#website"},"primaryImageOfPage":{"@id":"https:\/\/lightweb.dev\/l\/svm-temp\/nyheter\/attackerna-mot-lakare-i-malaga-har-okat-med-nastan-100-procent\/#primaryimage"},"image":{"@id":"https:\/\/lightweb.dev\/l\/svm-temp\/nyheter\/attackerna-mot-lakare-i-malaga-har-okat-med-nastan-100-procent\/#primaryimage"},"thumbnailUrl":"https:\/\/lightweb.dev\/l\/svm-temp\/wp-content\/uploads\/2022\/06\/nedskarningar-i-sjukvarden.png","datePublished":"2024-01-08T12:51:06+00:00","dateModified":"2024-01-08T12:56:54+00:00","breadcrumb":{"@id":"https:\/\/lightweb.dev\/l\/svm-temp\/nyheter\/attackerna-mot-lakare-i-malaga-har-okat-med-nastan-100-procent\/#breadcrumb"},"inLanguage":"sv-SE","potentialAction":[{"@type":"ReadAction","target":["https:\/\/lightweb.dev\/l\/svm-temp\/nyheter\/attackerna-mot-lakare-i-malaga-har-okat-med-nastan-100-procent\/"]}]},{"@type":"ImageObject","inLanguage":"sv-SE","@id":"https:\/\/lightweb.dev\/l\/svm-temp\/nyheter\/attackerna-mot-lakare-i-malaga-har-okat-med-nastan-100-procent\/#primaryimage","url":"https:\/\/lightweb.dev\/l\/svm-temp\/wp-content\/uploads\/2022\/06\/nedskarningar-i-sjukvarden.png","contentUrl":"https:\/\/lightweb.dev\/l\/svm-temp\/wp-content\/uploads\/2022\/06\/nedskarningar-i-sjukvarden.png","width":280,"height":280},{"@type":"BreadcrumbList","@id":"https:\/\/lightweb.dev\/l\/svm-temp\/nyheter\/attackerna-mot-lakare-i-malaga-har-okat-med-nastan-100-procent\/#breadcrumb","itemListElement":[{"@type":"ListItem","position":1,"name":"Hem","item":"https:\/\/lightweb.dev\/l\/svm-temp\/"},{"@type":"ListItem","position":2,"name":"Attacker mot l\u00e4kare i M\u00e1laga har \u00f6kat med n\u00e4stan 100 procent"}]},{"@type":"WebSite","@id":"https:\/\/lightweb.dev\/l\/svm-temp\/#website","url":"https:\/\/lightweb.dev\/l\/svm-temp\/","name":"Svenska Magasinet","description":"Dina Spanska nyheter p&aring; Svenska","publisher":{"@id":"https:\/\/lightweb.dev\/l\/svm-temp\/#organization"},"potentialAction":[{"@type":"SearchAction","target":{"@type":"EntryPoint","urlTemplate":"https:\/\/lightweb.dev\/l\/svm-temp\/?s={search_term_string}"},"query-input":{"@type":"PropertyValueSpecification","valueRequired":true,"valueName":"search_term_string"}}],"inLanguage":"sv-SE"},{"@type":"Organization","@id":"https:\/\/lightweb.dev\/l\/svm-temp\/#organization","name":"Melkerson y Nott SL","alternateName":"Svenska Magasinet","url":"https:\/\/lightweb.dev\/l\/svm-temp\/","logo":{"@type":"ImageObject","inLanguage":"sv-SE","@id":"https:\/\/lightweb.dev\/l\/svm-temp\/#\/schema\/logo\/image\/","url":"https:\/\/lightweb.dev\/l\/svm-temp\/wp-content\/uploads\/2025\/02\/SvM-logo-Xtra-Centrerad-SVART.png","contentUrl":"https:\/\/lightweb.dev\/l\/svm-temp\/wp-content\/uploads\/2025\/02\/SvM-logo-Xtra-Centrerad-SVART.png","width":300,"height":99,"caption":"Melkerson y Nott SL"},"image":{"@id":"https:\/\/lightweb.dev\/l\/svm-temp\/#\/schema\/logo\/image\/"},"sameAs":["https:\/\/www.facebook.com\/svenskamagasinet","https:\/\/x.com\/SvenskaMagasine"]},{"@type":"Person","@id":"https:\/\/lightweb.dev\/l\/svm-temp\/#\/schema\/person\/caffe038990d25722f5a04a03c906a2b","name":"Robbie Eriksson","sameAs":["https:\/\/lightweb.dev\/l\/svm-temp"],"url":"https:\/\/lightweb.dev\/l\/svm-temp\/reporter\/robbie-eriksson\/"}]}},"_links":{"self":[{"href":"https:\/\/lightweb.dev\/l\/svm-temp\/wp-json\/wp\/v2\/posts\/68743","targetHints":{"allow":["GET"]}}],"collection":[{"href":"https:\/\/lightweb.dev\/l\/svm-temp\/wp-json\/wp\/v2\/posts"}],"about":[{"href":"https:\/\/lightweb.dev\/l\/svm-temp\/wp-json\/wp\/v2\/types\/post"}],"author":[{"embeddable":true,"href":"https:\/\/lightweb.dev\/l\/svm-temp\/wp-json\/wp\/v2\/users\/14"}],"replies":[{"embeddable":true,"href":"https:\/\/lightweb.dev\/l\/svm-temp\/wp-json\/wp\/v2\/comments?post=68743"}],"version-history":[{"count":0,"href":"https:\/\/lightweb.dev\/l\/svm-temp\/wp-json\/wp\/v2\/posts\/68743\/revisions"}],"wp:featuredmedia":[{"embeddable":true,"href":"https:\/\/lightweb.dev\/l\/svm-temp\/wp-json\/wp\/v2\/media\/43098"}],"wp:attachment":[{"href":"https:\/\/lightweb.dev\/l\/svm-temp\/wp-json\/wp\/v2\/media?parent=68743"}],"wp:term":[{"taxonomy":"category","embeddable":true,"href":"https:\/\/lightweb.dev\/l\/svm-temp\/wp-json\/wp\/v2\/categories?post=68743"},{"taxonomy":"post_tag","embeddable":true,"href":"https:\/\/lightweb.dev\/l\/svm-temp\/wp-json\/wp\/v2\/tags?post=68743"}],"curies":[{"name":"wp","href":"https:\/\/api.w.org\/{rel}","templated":true}]}}