{"id":68947,"date":"2024-01-11T16:31:59","date_gmt":"2024-01-11T15:31:59","guid":{"rendered":"https:\/\/lightweb.dev\/l\/svm-temp\/?p=68947"},"modified":"2024-01-11T16:34:45","modified_gmt":"2024-01-11T15:34:45","slug":"flera-pendeltagsstationer-i-andalusien-ska-forbattras","status":"publish","type":"post","link":"https:\/\/lightweb.dev\/l\/svm-temp\/nyheter\/flera-pendeltagsstationer-i-andalusien-ska-forbattras\/","title":{"rendered":"Flera pendelt\u00e5gsstationer i Andalusien ska f\u00f6rb\u00e4ttras"},"content":{"rendered":"<p><strong>Totalt ska 2,8 miljoner investeras \u00f6ver tre \u00e5r i tre av Andalusiens st\u00f6rsta Cercan\u00edas-hubbar.<\/strong><\/p>\n<p><span style=\"font-weight: 400;\">Renfe, Spaniens statliga j\u00e4rnv\u00e4gsoperat\u00f6r, kommer att l\u00e4gga 2,8 miljoner euro p\u00e5 att f\u00f6rb\u00e4ttra 14 pendelt\u00e5gsstationer (<\/span><span style=\"font-weight: 400;\">Cercan\u00edas) i Andalusien. De ligger alla i anslutning till pendelt\u00e5gshubbarna Cadiz, <\/span><span style=\"font-weight: 400;\">M\u00e1laga och Sevilla. Pengarna \u00e4r \u00f6ronm\u00e4rkta f\u00f6r sm\u00e5 f\u00f6rb\u00e4ttringar som ska ske mellan 2024 och 2026.\u00a0<\/span><\/p>\n<p><span style=\"font-weight: 400;\">Arbetet innefattar f\u00f6rb\u00e4ttrade skydd mot v\u00e4der och vind, nya lampor, anpassning eller flyttande av biljettf\u00f6rs\u00e4ljning och f\u00f6rb\u00e4ttring av taken.\u00a0<\/span><\/p>\n<p><span style=\"font-weight: 400;\">Totalt ska 2 846 000 euro investeras i projektet. De \u00e4r f\u00f6rdelade mellan de tre \u00e5ren. 720 000 euro ska anv\u00e4ndas under 2024, 1 410 000 under 2025 och 716 000 under 2026.\u00a0<\/span><\/p>\n<p><span style=\"font-weight: 400;\">I Cadiz ska arbete utf\u00f6ras p\u00e5 de tre stationerna <\/span><span style=\"font-weight: 400;\">San Fernando-Bah\u00eda Sur, Estadio och Puerto de Santa Mar\u00eda. D\u00e4r ska man fokusera p\u00e5 att renovera biljettkontoren, nytt ljus och att fixa l\u00e4ckor i taken.\u00a0<\/span><\/p>\n<p><span style=\"font-weight: 400;\">I <\/span><span style=\"font-weight: 400;\">M\u00e1laga ska f\u00f6rb\u00e4ttringar g\u00f6ras p\u00e5 <\/span><span style=\"font-weight: 400;\">Plaza Mayor, Montemar Alto och La Colina. D\u00e4r ska man bland annat f\u00f6rb\u00e4ttra busskurer, inh\u00e4gnader, s\u00e4kerhetsl\u00e5s och lysen.\u00a0<\/span><\/p>\n<p><span style=\"font-weight: 400;\">I Sevilla har man planerat arbete p\u00e5 \u00e5tta stationer. Lora del R\u00edo, Dos Hermanas, Bellavista, Jardines de H\u00e9rcules, Virgen del Roc\u00edo, Cazalla\/Constantina, El Pedroso och Brenes. D\u00e4r ska hissar och tak lagas, nya lampor ska installeras och nya kundtj\u00e4nstluckor byggas. <\/span><\/p>\n","protected":false},"excerpt":{"rendered":"<p>Totalt ska 2,8 miljoner investeras \u00f6ver tre \u00e5r i tre av Andalusiens st\u00f6rsta Cercan\u00edas-hubbar.<\/p>\n","protected":false},"author":14,"featured_media":15482,"comment_status":"closed","ping_status":"closed","sticky":false,"template":"","format":"standard","meta":{"_et_pb_use_builder":"","_et_pb_old_content":"","_et_gb_content_width":"","footnotes":""},"categories":[395,3],"tags":[],"class_list":["post-68947","post","type-post","status-publish","format-standard","has-post-thumbnail","hentry","category-arkiv-nyheter","category-nyheter"],"yoast_head":"<!-- This site is optimized with the Yoast SEO Premium plugin v26.2 (Yoast SEO v27.4) - https:\/\/yoast.com\/product\/yoast-seo-premium-wordpress\/ -->\n<title>Flera pendelt\u00e5gsstationer i Andalusien ska f\u00f6rb\u00e4ttras - Svenska Magasinet<\/title>\n<meta name=\"robots\" content=\"noindex, follow, max-snippet:-1, max-image-preview:large, max-video-preview:-1\" \/>\n<meta property=\"og:locale\" content=\"sv_SE\" \/>\n<meta property=\"og:type\" content=\"article\" \/>\n<meta property=\"og:title\" content=\"Flera pendelt\u00e5gsstationer i Andalusien ska f\u00f6rb\u00e4ttras\" \/>\n<meta property=\"og:description\" content=\"Totalt ska 2,8 miljoner investeras \u00f6ver tre \u00e5r i tre av Andalusiens st\u00f6rsta Cercan\u00edas-hubbar.\" \/>\n<meta property=\"og:url\" content=\"https:\/\/lightweb.dev\/l\/svm-temp\/nyheter\/flera-pendeltagsstationer-i-andalusien-ska-forbattras\/\" \/>\n<meta property=\"og:site_name\" content=\"Svenska Magasinet\" \/>\n<meta property=\"article:publisher\" content=\"https:\/\/www.facebook.com\/svenskamagasinet\" \/>\n<meta property=\"article:published_time\" content=\"2024-01-11T15:31:59+00:00\" \/>\n<meta property=\"article:modified_time\" content=\"2024-01-11T15:34:45+00:00\" \/>\n<meta property=\"og:image\" content=\"https:\/\/lightweb.dev\/l\/svm-temp\/wp-content\/uploads\/2022\/06\/utokad-pendeltagstrafik-bollen-ligger-hos-renfe.png\" \/>\n\t<meta property=\"og:image:width\" content=\"700\" \/>\n\t<meta property=\"og:image:height\" content=\"420\" \/>\n\t<meta property=\"og:image:type\" content=\"image\/png\" \/>\n<meta name=\"author\" content=\"Robbie Eriksson\" \/>\n<meta name=\"twitter:card\" content=\"summary_large_image\" \/>\n<meta name=\"twitter:creator\" content=\"@SvenskaMagasine\" \/>\n<meta name=\"twitter:site\" content=\"@SvenskaMagasine\" \/>\n<script type=\"application\/ld+json\" class=\"yoast-schema-graph\">{\"@context\":\"https:\\\/\\\/schema.org\",\"@graph\":[{\"@type\":\"Article\",\"@id\":\"https:\\\/\\\/lightweb.dev\\\/l\\\/svm-temp\\\/nyheter\\\/flera-pendeltagsstationer-i-andalusien-ska-forbattras\\\/#article\",\"isPartOf\":{\"@id\":\"https:\\\/\\\/lightweb.dev\\\/l\\\/svm-temp\\\/nyheter\\\/flera-pendeltagsstationer-i-andalusien-ska-forbattras\\\/\"},\"author\":{\"name\":\"Robbie Eriksson\",\"@id\":\"https:\\\/\\\/lightweb.dev\\\/l\\\/svm-temp\\\/#\\\/schema\\\/person\\\/caffe038990d25722f5a04a03c906a2b\"},\"headline\":\"Flera pendelt\u00e5gsstationer i Andalusien ska f\u00f6rb\u00e4ttras\",\"datePublished\":\"2024-01-11T15:31:59+00:00\",\"dateModified\":\"2024-01-11T15:34:45+00:00\",\"mainEntityOfPage\":{\"@id\":\"https:\\\/\\\/lightweb.dev\\\/l\\\/svm-temp\\\/nyheter\\\/flera-pendeltagsstationer-i-andalusien-ska-forbattras\\\/\"},\"wordCount\":243,\"publisher\":{\"@id\":\"https:\\\/\\\/lightweb.dev\\\/l\\\/svm-temp\\\/#organization\"},\"image\":{\"@id\":\"https:\\\/\\\/lightweb.dev\\\/l\\\/svm-temp\\\/nyheter\\\/flera-pendeltagsstationer-i-andalusien-ska-forbattras\\\/#primaryimage\"},\"thumbnailUrl\":\"https:\\\/\\\/lightweb.dev\\\/l\\\/svm-temp\\\/wp-content\\\/uploads\\\/2022\\\/06\\\/utokad-pendeltagstrafik-bollen-ligger-hos-renfe.png\",\"articleSection\":[\"Arkiv\",\"Nyheter\"],\"inLanguage\":\"sv-SE\"},{\"@type\":\"WebPage\",\"@id\":\"https:\\\/\\\/lightweb.dev\\\/l\\\/svm-temp\\\/nyheter\\\/flera-pendeltagsstationer-i-andalusien-ska-forbattras\\\/\",\"url\":\"https:\\\/\\\/lightweb.dev\\\/l\\\/svm-temp\\\/nyheter\\\/flera-pendeltagsstationer-i-andalusien-ska-forbattras\\\/\",\"name\":\"Flera pendelt\u00e5gsstationer i Andalusien ska f\u00f6rb\u00e4ttras - Svenska Magasinet\",\"isPartOf\":{\"@id\":\"https:\\\/\\\/lightweb.dev\\\/l\\\/svm-temp\\\/#website\"},\"primaryImageOfPage\":{\"@id\":\"https:\\\/\\\/lightweb.dev\\\/l\\\/svm-temp\\\/nyheter\\\/flera-pendeltagsstationer-i-andalusien-ska-forbattras\\\/#primaryimage\"},\"image\":{\"@id\":\"https:\\\/\\\/lightweb.dev\\\/l\\\/svm-temp\\\/nyheter\\\/flera-pendeltagsstationer-i-andalusien-ska-forbattras\\\/#primaryimage\"},\"thumbnailUrl\":\"https:\\\/\\\/lightweb.dev\\\/l\\\/svm-temp\\\/wp-content\\\/uploads\\\/2022\\\/06\\\/utokad-pendeltagstrafik-bollen-ligger-hos-renfe.png\",\"datePublished\":\"2024-01-11T15:31:59+00:00\",\"dateModified\":\"2024-01-11T15:34:45+00:00\",\"breadcrumb\":{\"@id\":\"https:\\\/\\\/lightweb.dev\\\/l\\\/svm-temp\\\/nyheter\\\/flera-pendeltagsstationer-i-andalusien-ska-forbattras\\\/#breadcrumb\"},\"inLanguage\":\"sv-SE\",\"potentialAction\":[{\"@type\":\"ReadAction\",\"target\":[\"https:\\\/\\\/lightweb.dev\\\/l\\\/svm-temp\\\/nyheter\\\/flera-pendeltagsstationer-i-andalusien-ska-forbattras\\\/\"]}]},{\"@type\":\"ImageObject\",\"inLanguage\":\"sv-SE\",\"@id\":\"https:\\\/\\\/lightweb.dev\\\/l\\\/svm-temp\\\/nyheter\\\/flera-pendeltagsstationer-i-andalusien-ska-forbattras\\\/#primaryimage\",\"url\":\"https:\\\/\\\/lightweb.dev\\\/l\\\/svm-temp\\\/wp-content\\\/uploads\\\/2022\\\/06\\\/utokad-pendeltagstrafik-bollen-ligger-hos-renfe.png\",\"contentUrl\":\"https:\\\/\\\/lightweb.dev\\\/l\\\/svm-temp\\\/wp-content\\\/uploads\\\/2022\\\/06\\\/utokad-pendeltagstrafik-bollen-ligger-hos-renfe.png\",\"width\":700,\"height\":420},{\"@type\":\"BreadcrumbList\",\"@id\":\"https:\\\/\\\/lightweb.dev\\\/l\\\/svm-temp\\\/nyheter\\\/flera-pendeltagsstationer-i-andalusien-ska-forbattras\\\/#breadcrumb\",\"itemListElement\":[{\"@type\":\"ListItem\",\"position\":1,\"name\":\"Hem\",\"item\":\"https:\\\/\\\/lightweb.dev\\\/l\\\/svm-temp\\\/\"},{\"@type\":\"ListItem\",\"position\":2,\"name\":\"Flera pendelt\u00e5gsstationer i Andalusien ska f\u00f6rb\u00e4ttras\"}]},{\"@type\":\"WebSite\",\"@id\":\"https:\\\/\\\/lightweb.dev\\\/l\\\/svm-temp\\\/#website\",\"url\":\"https:\\\/\\\/lightweb.dev\\\/l\\\/svm-temp\\\/\",\"name\":\"Svenska Magasinet\",\"description\":\"Dina Spanska nyheter p&aring; Svenska\",\"publisher\":{\"@id\":\"https:\\\/\\\/lightweb.dev\\\/l\\\/svm-temp\\\/#organization\"},\"potentialAction\":[{\"@type\":\"SearchAction\",\"target\":{\"@type\":\"EntryPoint\",\"urlTemplate\":\"https:\\\/\\\/lightweb.dev\\\/l\\\/svm-temp\\\/?s={search_term_string}\"},\"query-input\":{\"@type\":\"PropertyValueSpecification\",\"valueRequired\":true,\"valueName\":\"search_term_string\"}}],\"inLanguage\":\"sv-SE\"},{\"@type\":\"Organization\",\"@id\":\"https:\\\/\\\/lightweb.dev\\\/l\\\/svm-temp\\\/#organization\",\"name\":\"Melkerson y Nott SL\",\"alternateName\":\"Svenska Magasinet\",\"url\":\"https:\\\/\\\/lightweb.dev\\\/l\\\/svm-temp\\\/\",\"logo\":{\"@type\":\"ImageObject\",\"inLanguage\":\"sv-SE\",\"@id\":\"https:\\\/\\\/lightweb.dev\\\/l\\\/svm-temp\\\/#\\\/schema\\\/logo\\\/image\\\/\",\"url\":\"https:\\\/\\\/lightweb.dev\\\/l\\\/svm-temp\\\/wp-content\\\/uploads\\\/2025\\\/02\\\/SvM-logo-Xtra-Centrerad-SVART.png\",\"contentUrl\":\"https:\\\/\\\/lightweb.dev\\\/l\\\/svm-temp\\\/wp-content\\\/uploads\\\/2025\\\/02\\\/SvM-logo-Xtra-Centrerad-SVART.png\",\"width\":300,\"height\":99,\"caption\":\"Melkerson y Nott SL\"},\"image\":{\"@id\":\"https:\\\/\\\/lightweb.dev\\\/l\\\/svm-temp\\\/#\\\/schema\\\/logo\\\/image\\\/\"},\"sameAs\":[\"https:\\\/\\\/www.facebook.com\\\/svenskamagasinet\",\"https:\\\/\\\/x.com\\\/SvenskaMagasine\"]},{\"@type\":\"Person\",\"@id\":\"https:\\\/\\\/lightweb.dev\\\/l\\\/svm-temp\\\/#\\\/schema\\\/person\\\/caffe038990d25722f5a04a03c906a2b\",\"name\":\"Robbie Eriksson\",\"sameAs\":[\"https:\\\/\\\/lightweb.dev\\\/l\\\/svm-temp\"],\"url\":\"https:\\\/\\\/lightweb.dev\\\/l\\\/svm-temp\\\/reporter\\\/robbie-eriksson\\\/\"}]}<\/script>\n<!-- \/ Yoast SEO Premium plugin. -->","yoast_head_json":{"title":"Flera pendelt\u00e5gsstationer i Andalusien ska f\u00f6rb\u00e4ttras - Svenska Magasinet","robots":{"index":"noindex","follow":"follow","max-snippet":"max-snippet:-1","max-image-preview":"max-image-preview:large","max-video-preview":"max-video-preview:-1"},"og_locale":"sv_SE","og_type":"article","og_title":"Flera pendelt\u00e5gsstationer i Andalusien ska f\u00f6rb\u00e4ttras","og_description":"Totalt ska 2,8 miljoner investeras \u00f6ver tre \u00e5r i tre av Andalusiens st\u00f6rsta Cercan\u00edas-hubbar.","og_url":"https:\/\/lightweb.dev\/l\/svm-temp\/nyheter\/flera-pendeltagsstationer-i-andalusien-ska-forbattras\/","og_site_name":"Svenska Magasinet","article_publisher":"https:\/\/www.facebook.com\/svenskamagasinet","article_published_time":"2024-01-11T15:31:59+00:00","article_modified_time":"2024-01-11T15:34:45+00:00","og_image":[{"width":700,"height":420,"url":"https:\/\/lightweb.dev\/l\/svm-temp\/wp-content\/uploads\/2022\/06\/utokad-pendeltagstrafik-bollen-ligger-hos-renfe.png","type":"image\/png"}],"author":"Robbie Eriksson","twitter_card":"summary_large_image","twitter_creator":"@SvenskaMagasine","twitter_site":"@SvenskaMagasine","schema":{"@context":"https:\/\/schema.org","@graph":[{"@type":"Article","@id":"https:\/\/lightweb.dev\/l\/svm-temp\/nyheter\/flera-pendeltagsstationer-i-andalusien-ska-forbattras\/#article","isPartOf":{"@id":"https:\/\/lightweb.dev\/l\/svm-temp\/nyheter\/flera-pendeltagsstationer-i-andalusien-ska-forbattras\/"},"author":{"name":"Robbie Eriksson","@id":"https:\/\/lightweb.dev\/l\/svm-temp\/#\/schema\/person\/caffe038990d25722f5a04a03c906a2b"},"headline":"Flera pendelt\u00e5gsstationer i Andalusien ska f\u00f6rb\u00e4ttras","datePublished":"2024-01-11T15:31:59+00:00","dateModified":"2024-01-11T15:34:45+00:00","mainEntityOfPage":{"@id":"https:\/\/lightweb.dev\/l\/svm-temp\/nyheter\/flera-pendeltagsstationer-i-andalusien-ska-forbattras\/"},"wordCount":243,"publisher":{"@id":"https:\/\/lightweb.dev\/l\/svm-temp\/#organization"},"image":{"@id":"https:\/\/lightweb.dev\/l\/svm-temp\/nyheter\/flera-pendeltagsstationer-i-andalusien-ska-forbattras\/#primaryimage"},"thumbnailUrl":"https:\/\/lightweb.dev\/l\/svm-temp\/wp-content\/uploads\/2022\/06\/utokad-pendeltagstrafik-bollen-ligger-hos-renfe.png","articleSection":["Arkiv","Nyheter"],"inLanguage":"sv-SE"},{"@type":"WebPage","@id":"https:\/\/lightweb.dev\/l\/svm-temp\/nyheter\/flera-pendeltagsstationer-i-andalusien-ska-forbattras\/","url":"https:\/\/lightweb.dev\/l\/svm-temp\/nyheter\/flera-pendeltagsstationer-i-andalusien-ska-forbattras\/","name":"Flera pendelt\u00e5gsstationer i Andalusien ska f\u00f6rb\u00e4ttras - Svenska Magasinet","isPartOf":{"@id":"https:\/\/lightweb.dev\/l\/svm-temp\/#website"},"primaryImageOfPage":{"@id":"https:\/\/lightweb.dev\/l\/svm-temp\/nyheter\/flera-pendeltagsstationer-i-andalusien-ska-forbattras\/#primaryimage"},"image":{"@id":"https:\/\/lightweb.dev\/l\/svm-temp\/nyheter\/flera-pendeltagsstationer-i-andalusien-ska-forbattras\/#primaryimage"},"thumbnailUrl":"https:\/\/lightweb.dev\/l\/svm-temp\/wp-content\/uploads\/2022\/06\/utokad-pendeltagstrafik-bollen-ligger-hos-renfe.png","datePublished":"2024-01-11T15:31:59+00:00","dateModified":"2024-01-11T15:34:45+00:00","breadcrumb":{"@id":"https:\/\/lightweb.dev\/l\/svm-temp\/nyheter\/flera-pendeltagsstationer-i-andalusien-ska-forbattras\/#breadcrumb"},"inLanguage":"sv-SE","potentialAction":[{"@type":"ReadAction","target":["https:\/\/lightweb.dev\/l\/svm-temp\/nyheter\/flera-pendeltagsstationer-i-andalusien-ska-forbattras\/"]}]},{"@type":"ImageObject","inLanguage":"sv-SE","@id":"https:\/\/lightweb.dev\/l\/svm-temp\/nyheter\/flera-pendeltagsstationer-i-andalusien-ska-forbattras\/#primaryimage","url":"https:\/\/lightweb.dev\/l\/svm-temp\/wp-content\/uploads\/2022\/06\/utokad-pendeltagstrafik-bollen-ligger-hos-renfe.png","contentUrl":"https:\/\/lightweb.dev\/l\/svm-temp\/wp-content\/uploads\/2022\/06\/utokad-pendeltagstrafik-bollen-ligger-hos-renfe.png","width":700,"height":420},{"@type":"BreadcrumbList","@id":"https:\/\/lightweb.dev\/l\/svm-temp\/nyheter\/flera-pendeltagsstationer-i-andalusien-ska-forbattras\/#breadcrumb","itemListElement":[{"@type":"ListItem","position":1,"name":"Hem","item":"https:\/\/lightweb.dev\/l\/svm-temp\/"},{"@type":"ListItem","position":2,"name":"Flera pendelt\u00e5gsstationer i Andalusien ska f\u00f6rb\u00e4ttras"}]},{"@type":"WebSite","@id":"https:\/\/lightweb.dev\/l\/svm-temp\/#website","url":"https:\/\/lightweb.dev\/l\/svm-temp\/","name":"Svenska Magasinet","description":"Dina Spanska nyheter p&aring; Svenska","publisher":{"@id":"https:\/\/lightweb.dev\/l\/svm-temp\/#organization"},"potentialAction":[{"@type":"SearchAction","target":{"@type":"EntryPoint","urlTemplate":"https:\/\/lightweb.dev\/l\/svm-temp\/?s={search_term_string}"},"query-input":{"@type":"PropertyValueSpecification","valueRequired":true,"valueName":"search_term_string"}}],"inLanguage":"sv-SE"},{"@type":"Organization","@id":"https:\/\/lightweb.dev\/l\/svm-temp\/#organization","name":"Melkerson y Nott SL","alternateName":"Svenska Magasinet","url":"https:\/\/lightweb.dev\/l\/svm-temp\/","logo":{"@type":"ImageObject","inLanguage":"sv-SE","@id":"https:\/\/lightweb.dev\/l\/svm-temp\/#\/schema\/logo\/image\/","url":"https:\/\/lightweb.dev\/l\/svm-temp\/wp-content\/uploads\/2025\/02\/SvM-logo-Xtra-Centrerad-SVART.png","contentUrl":"https:\/\/lightweb.dev\/l\/svm-temp\/wp-content\/uploads\/2025\/02\/SvM-logo-Xtra-Centrerad-SVART.png","width":300,"height":99,"caption":"Melkerson y Nott SL"},"image":{"@id":"https:\/\/lightweb.dev\/l\/svm-temp\/#\/schema\/logo\/image\/"},"sameAs":["https:\/\/www.facebook.com\/svenskamagasinet","https:\/\/x.com\/SvenskaMagasine"]},{"@type":"Person","@id":"https:\/\/lightweb.dev\/l\/svm-temp\/#\/schema\/person\/caffe038990d25722f5a04a03c906a2b","name":"Robbie Eriksson","sameAs":["https:\/\/lightweb.dev\/l\/svm-temp"],"url":"https:\/\/lightweb.dev\/l\/svm-temp\/reporter\/robbie-eriksson\/"}]}},"_links":{"self":[{"href":"https:\/\/lightweb.dev\/l\/svm-temp\/wp-json\/wp\/v2\/posts\/68947","targetHints":{"allow":["GET"]}}],"collection":[{"href":"https:\/\/lightweb.dev\/l\/svm-temp\/wp-json\/wp\/v2\/posts"}],"about":[{"href":"https:\/\/lightweb.dev\/l\/svm-temp\/wp-json\/wp\/v2\/types\/post"}],"author":[{"embeddable":true,"href":"https:\/\/lightweb.dev\/l\/svm-temp\/wp-json\/wp\/v2\/users\/14"}],"replies":[{"embeddable":true,"href":"https:\/\/lightweb.dev\/l\/svm-temp\/wp-json\/wp\/v2\/comments?post=68947"}],"version-history":[{"count":0,"href":"https:\/\/lightweb.dev\/l\/svm-temp\/wp-json\/wp\/v2\/posts\/68947\/revisions"}],"wp:featuredmedia":[{"embeddable":true,"href":"https:\/\/lightweb.dev\/l\/svm-temp\/wp-json\/wp\/v2\/media\/15482"}],"wp:attachment":[{"href":"https:\/\/lightweb.dev\/l\/svm-temp\/wp-json\/wp\/v2\/media?parent=68947"}],"wp:term":[{"taxonomy":"category","embeddable":true,"href":"https:\/\/lightweb.dev\/l\/svm-temp\/wp-json\/wp\/v2\/categories?post=68947"},{"taxonomy":"post_tag","embeddable":true,"href":"https:\/\/lightweb.dev\/l\/svm-temp\/wp-json\/wp\/v2\/tags?post=68947"}],"curies":[{"name":"wp","href":"https:\/\/api.w.org\/{rel}","templated":true}]}}