{"id":68955,"date":"2024-01-12T12:20:39","date_gmt":"2024-01-12T11:20:39","guid":{"rendered":"https:\/\/lightweb.dev\/l\/svm-temp\/?p=68955"},"modified":"2024-01-12T12:21:25","modified_gmt":"2024-01-12T11:21:25","slug":"kung-felipe-vi-vill-se-tvastatslosning","status":"publish","type":"post","link":"https:\/\/lightweb.dev\/l\/svm-temp\/nyheter\/kung-felipe-vi-vill-se-tvastatslosning\/","title":{"rendered":"Kung Felipe VI vill se tv\u00e5statsl\u00f6sning"},"content":{"rendered":"<p><strong>En tv\u00e5statsl\u00f6sning, en palestinsk stat vid sidan om Israel. Det \u00e4r den enda politiska l\u00f6sningen f\u00f6r att \u201dstoppa v\u00e5ldscykeln\u201d i Mellersta \u00d6stern och f\u00f6rhindra att v\u00e5ldet upprepas i framtiden.<\/strong><\/p>\n<p><strong>Det sa Spaniens kung Felipe VI i samband med ambassad\u00f6rskonferensen vid Utrikesdepartementet.<\/strong><\/p>\n<p><img loading=\"lazy\" decoding=\"async\" class=\"size-medium wp-image-68957 alignright\" src=\"https:\/\/lightweb.dev\/l\/svm-temp\/wp-content\/uploads\/2024\/01\/GDlWXV0WwAAgf2X-stor-300x200.jpeg\" alt=\"\" width=\"300\" height=\"200\" srcset=\"https:\/\/lightweb.dev\/l\/svm-temp\/wp-content\/uploads\/2024\/01\/GDlWXV0WwAAgf2X-stor-300x200.jpeg 300w, https:\/\/lightweb.dev\/l\/svm-temp\/wp-content\/uploads\/2024\/01\/GDlWXV0WwAAgf2X-stor-900x601.jpeg 900w, https:\/\/lightweb.dev\/l\/svm-temp\/wp-content\/uploads\/2024\/01\/GDlWXV0WwAAgf2X-stor-768x513.jpeg 768w, https:\/\/lightweb.dev\/l\/svm-temp\/wp-content\/uploads\/2024\/01\/GDlWXV0WwAAgf2X-stor-610x407.jpeg 610w, https:\/\/lightweb.dev\/l\/svm-temp\/wp-content\/uploads\/2024\/01\/GDlWXV0WwAAgf2X-stor-1080x721.jpeg 1080w, https:\/\/lightweb.dev\/l\/svm-temp\/wp-content\/uploads\/2024\/01\/GDlWXV0WwAAgf2X-stor-600x401.jpeg 600w, https:\/\/lightweb.dev\/l\/svm-temp\/wp-content\/uploads\/2024\/01\/GDlWXV0WwAAgf2X-stor.jpeg 1280w\" sizes=\"(max-width: 300px) 100vw, 300px\" \/><\/p>\n<p>Tragedin som vi upplever i Gaza ber\u00f6r oss och p\u00e5verkar v\u00e5ra samveten liksom terrorattacken den 7 oktober utf\u00f6rd av Hamas mot den judiska staten som kan beskrivas som den v\u00e4rsta i historien, sa den spanske monarken vidare.<\/p>\n<p>&#8211; Vi m\u00e5ste f\u00f6rd\u00f6ma det som intr\u00e4ffat och kr\u00e4va att gisslan frisl\u00e4pps som just nu \u00e4r i islamisternas h\u00e4nder. Samtidigt m\u00e5ste vi respektera internationell r\u00e4tt och internationell humanit\u00e4r r\u00e4tt.<\/p>\n<p>&#8211; Vi m\u00e5ste forts\u00e4tta arbetet med en politisk l\u00f6sning och en tv\u00e5statsl\u00f6sning, en palestinsk stat vid sidan av Israel. F\u00f6rst d\u00e5 blir det m\u00f6jligt att stoppa denna v\u00e5ldscykel eller f\u00f6rhindra att den upprepas.<\/p>\n<p>Felipe VI h\u00e4nvisade under det avslutande talet till fredskonferensen i Madrid 1991 med m\u00e5let och l\u00f6ftet om tv\u00e5 stater.<\/p>\n<p>Kungens budskap kom efter att den spanska regeringschefen Pedro S\u00e1nchez under samma konferens ocks\u00e5 uppmanade v\u00e4stv\u00e4rlden att erk\u00e4nna den palestinska staten en g\u00e5ng f\u00f6r alla.<\/p>\n<p>P\u00e5 fredagen tog kung Felipe VI emot fem nya ambassad\u00f6rer i h\u00f6gtidliga audienser p\u00e5 Kungliga slottet och mottog kreditivbreven fr\u00e5n de nya ambassad\u00f6rerna fr\u00e5n El Salvador, Nordmakedonien, Iran, Peru, Tailand och Angola.<\/p>\n<blockquote class=\"twitter-tweet\" data-media-max-width=\"560\">\n<p dir=\"ltr\" lang=\"es\">El Rey, en la clausura de la <a href=\"https:\/\/twitter.com\/hashtag\/ConferenciaEmbajadores2024?src=hash&amp;ref_src=twsrc%5Etfw\">#ConferenciaEmbajadores2024<\/a>:<\/p>\n<p>\ud83d\udde8\ufe0f Ayudar a promocionar nuestro pa\u00eds en el mundo y defender nuestros intereses en cualquier \u00e1mbito no ser\u00eda posible sin un potente Servicio Exterior. Gracias por el gran trabajo que hac\u00e9is al servicio de Espa\u00f1a. <a href=\"https:\/\/t.co\/4YcUMorScx\">pic.twitter.com\/4YcUMorScx<\/a><\/p>\n<p>\u2014 Casa de S.M. el Rey (@CasaReal) <a href=\"https:\/\/twitter.com\/CasaReal\/status\/1745543630327066875?ref_src=twsrc%5Etfw\">January 11, 2024<\/a><\/p><\/blockquote>\n<p><script async src=\"https:\/\/platform.twitter.com\/widgets.js\" charset=\"utf-8\"><\/script><\/p>\n","protected":false},"excerpt":{"rendered":"<p>En tv\u00e5statsl\u00f6sning, en palestinsk stat vid sidan om Israel. Det \u00e4r den enda politiska l\u00f6sningen f\u00f6r att \u201dstoppa v\u00e5ldscykeln\u201d i Mellersta \u00d6stern och f\u00f6rhindra att v\u00e5ldet upprepas i framtiden. Det sa Spaniens kung Felipe VI&#8230;<\/p>\n","protected":false},"author":7,"featured_media":68956,"comment_status":"closed","ping_status":"closed","sticky":false,"template":"","format":"standard","meta":{"_et_pb_use_builder":"","_et_pb_old_content":"","_et_gb_content_width":"","footnotes":""},"categories":[395,3],"tags":[],"class_list":["post-68955","post","type-post","status-publish","format-standard","has-post-thumbnail","hentry","category-arkiv-nyheter","category-nyheter"],"yoast_head":"<!-- This site is optimized with the Yoast SEO Premium plugin v26.2 (Yoast SEO v27.4) - https:\/\/yoast.com\/product\/yoast-seo-premium-wordpress\/ -->\n<title>Kung Felipe VI vill se tv\u00e5statsl\u00f6sning - Svenska Magasinet<\/title>\n<meta name=\"description\" content=\"En tv\u00e5statsl\u00f6sning, en palestinsk stat vid sidan om Israel. Det \u00e4r den enda politiska l\u00f6sningen f\u00f6r att \u201dstoppa v\u00e5ldscykeln\u201d i Mellersta \u00d6stern och f\u00f6rhindra att v\u00e5ldet upprepas i framtiden. Det sa Spaniens kung Felipe VI i samband med ambassad\u00f6rskonferensen vid Utrikesdepartementet.\" \/>\n<meta name=\"robots\" content=\"noindex, follow, max-snippet:-1, max-image-preview:large, max-video-preview:-1\" \/>\n<meta property=\"og:locale\" content=\"sv_SE\" \/>\n<meta property=\"og:type\" content=\"article\" \/>\n<meta property=\"og:title\" content=\"Kung Felipe VI vill se tv\u00e5statsl\u00f6sning\" \/>\n<meta property=\"og:description\" content=\"En tv\u00e5statsl\u00f6sning, en palestinsk stat vid sidan om Israel. Det \u00e4r den enda politiska l\u00f6sningen f\u00f6r att \u201dstoppa v\u00e5ldscykeln\u201d i Mellersta \u00d6stern och f\u00f6rhindra att v\u00e5ldet upprepas i framtiden. Det sa Spaniens kung Felipe VI i samband med ambassad\u00f6rskonferensen vid Utrikesdepartementet.\" \/>\n<meta property=\"og:url\" content=\"https:\/\/lightweb.dev\/l\/svm-temp\/nyheter\/kung-felipe-vi-vill-se-tvastatslosning\/\" \/>\n<meta property=\"og:site_name\" content=\"Svenska Magasinet\" \/>\n<meta property=\"article:publisher\" content=\"https:\/\/www.facebook.com\/svenskamagasinet\" \/>\n<meta property=\"article:published_time\" content=\"2024-01-12T11:20:39+00:00\" \/>\n<meta property=\"article:modified_time\" content=\"2024-01-12T11:21:25+00:00\" \/>\n<meta property=\"og:image\" content=\"https:\/\/lightweb.dev\/l\/svm-temp\/wp-content\/uploads\/2024\/01\/GDlWTfQWkAAmWH7-stor.jpeg\" \/>\n\t<meta property=\"og:image:width\" content=\"1280\" \/>\n\t<meta property=\"og:image:height\" content=\"855\" \/>\n\t<meta property=\"og:image:type\" content=\"image\/jpeg\" \/>\n<meta name=\"author\" content=\"Ola Josefsson\" \/>\n<meta name=\"twitter:card\" content=\"summary_large_image\" \/>\n<meta name=\"twitter:creator\" content=\"@SvenskaMagasine\" \/>\n<meta name=\"twitter:site\" content=\"@SvenskaMagasine\" \/>\n<script type=\"application\/ld+json\" class=\"yoast-schema-graph\">{\"@context\":\"https:\\\/\\\/schema.org\",\"@graph\":[{\"@type\":\"Article\",\"@id\":\"https:\\\/\\\/lightweb.dev\\\/l\\\/svm-temp\\\/nyheter\\\/kung-felipe-vi-vill-se-tvastatslosning\\\/#article\",\"isPartOf\":{\"@id\":\"https:\\\/\\\/lightweb.dev\\\/l\\\/svm-temp\\\/nyheter\\\/kung-felipe-vi-vill-se-tvastatslosning\\\/\"},\"author\":{\"name\":\"Ola Josefsson\",\"@id\":\"https:\\\/\\\/lightweb.dev\\\/l\\\/svm-temp\\\/#\\\/schema\\\/person\\\/7a82b8a73d171d32360a564b6d03508e\"},\"headline\":\"Kung Felipe VI vill se tv\u00e5statsl\u00f6sning\",\"datePublished\":\"2024-01-12T11:20:39+00:00\",\"dateModified\":\"2024-01-12T11:21:25+00:00\",\"mainEntityOfPage\":{\"@id\":\"https:\\\/\\\/lightweb.dev\\\/l\\\/svm-temp\\\/nyheter\\\/kung-felipe-vi-vill-se-tvastatslosning\\\/\"},\"wordCount\":327,\"publisher\":{\"@id\":\"https:\\\/\\\/lightweb.dev\\\/l\\\/svm-temp\\\/#organization\"},\"image\":{\"@id\":\"https:\\\/\\\/lightweb.dev\\\/l\\\/svm-temp\\\/nyheter\\\/kung-felipe-vi-vill-se-tvastatslosning\\\/#primaryimage\"},\"thumbnailUrl\":\"https:\\\/\\\/lightweb.dev\\\/l\\\/svm-temp\\\/wp-content\\\/uploads\\\/2024\\\/01\\\/GDlWTfQWkAAmWH7-stor.jpeg\",\"articleSection\":[\"Arkiv\",\"Nyheter\"],\"inLanguage\":\"sv-SE\"},{\"@type\":\"WebPage\",\"@id\":\"https:\\\/\\\/lightweb.dev\\\/l\\\/svm-temp\\\/nyheter\\\/kung-felipe-vi-vill-se-tvastatslosning\\\/\",\"url\":\"https:\\\/\\\/lightweb.dev\\\/l\\\/svm-temp\\\/nyheter\\\/kung-felipe-vi-vill-se-tvastatslosning\\\/\",\"name\":\"Kung Felipe VI vill se tv\u00e5statsl\u00f6sning - Svenska Magasinet\",\"isPartOf\":{\"@id\":\"https:\\\/\\\/lightweb.dev\\\/l\\\/svm-temp\\\/#website\"},\"primaryImageOfPage\":{\"@id\":\"https:\\\/\\\/lightweb.dev\\\/l\\\/svm-temp\\\/nyheter\\\/kung-felipe-vi-vill-se-tvastatslosning\\\/#primaryimage\"},\"image\":{\"@id\":\"https:\\\/\\\/lightweb.dev\\\/l\\\/svm-temp\\\/nyheter\\\/kung-felipe-vi-vill-se-tvastatslosning\\\/#primaryimage\"},\"thumbnailUrl\":\"https:\\\/\\\/lightweb.dev\\\/l\\\/svm-temp\\\/wp-content\\\/uploads\\\/2024\\\/01\\\/GDlWTfQWkAAmWH7-stor.jpeg\",\"datePublished\":\"2024-01-12T11:20:39+00:00\",\"dateModified\":\"2024-01-12T11:21:25+00:00\",\"description\":\"En tv\u00e5statsl\u00f6sning, en palestinsk stat vid sidan om Israel. Det \u00e4r den enda politiska l\u00f6sningen f\u00f6r att \u201dstoppa v\u00e5ldscykeln\u201d i Mellersta \u00d6stern och f\u00f6rhindra att v\u00e5ldet upprepas i framtiden. Det sa Spaniens kung Felipe VI i samband med ambassad\u00f6rskonferensen vid Utrikesdepartementet.\",\"breadcrumb\":{\"@id\":\"https:\\\/\\\/lightweb.dev\\\/l\\\/svm-temp\\\/nyheter\\\/kung-felipe-vi-vill-se-tvastatslosning\\\/#breadcrumb\"},\"inLanguage\":\"sv-SE\",\"potentialAction\":[{\"@type\":\"ReadAction\",\"target\":[\"https:\\\/\\\/lightweb.dev\\\/l\\\/svm-temp\\\/nyheter\\\/kung-felipe-vi-vill-se-tvastatslosning\\\/\"]}]},{\"@type\":\"ImageObject\",\"inLanguage\":\"sv-SE\",\"@id\":\"https:\\\/\\\/lightweb.dev\\\/l\\\/svm-temp\\\/nyheter\\\/kung-felipe-vi-vill-se-tvastatslosning\\\/#primaryimage\",\"url\":\"https:\\\/\\\/lightweb.dev\\\/l\\\/svm-temp\\\/wp-content\\\/uploads\\\/2024\\\/01\\\/GDlWTfQWkAAmWH7-stor.jpeg\",\"contentUrl\":\"https:\\\/\\\/lightweb.dev\\\/l\\\/svm-temp\\\/wp-content\\\/uploads\\\/2024\\\/01\\\/GDlWTfQWkAAmWH7-stor.jpeg\",\"width\":1280,\"height\":855,\"caption\":\"(Foto: Kungahuset Casa Real)\"},{\"@type\":\"BreadcrumbList\",\"@id\":\"https:\\\/\\\/lightweb.dev\\\/l\\\/svm-temp\\\/nyheter\\\/kung-felipe-vi-vill-se-tvastatslosning\\\/#breadcrumb\",\"itemListElement\":[{\"@type\":\"ListItem\",\"position\":1,\"name\":\"Hem\",\"item\":\"https:\\\/\\\/lightweb.dev\\\/l\\\/svm-temp\\\/\"},{\"@type\":\"ListItem\",\"position\":2,\"name\":\"Kung Felipe VI vill se tv\u00e5statsl\u00f6sning\"}]},{\"@type\":\"WebSite\",\"@id\":\"https:\\\/\\\/lightweb.dev\\\/l\\\/svm-temp\\\/#website\",\"url\":\"https:\\\/\\\/lightweb.dev\\\/l\\\/svm-temp\\\/\",\"name\":\"Svenska Magasinet\",\"description\":\"Dina Spanska nyheter p&aring; Svenska\",\"publisher\":{\"@id\":\"https:\\\/\\\/lightweb.dev\\\/l\\\/svm-temp\\\/#organization\"},\"potentialAction\":[{\"@type\":\"SearchAction\",\"target\":{\"@type\":\"EntryPoint\",\"urlTemplate\":\"https:\\\/\\\/lightweb.dev\\\/l\\\/svm-temp\\\/?s={search_term_string}\"},\"query-input\":{\"@type\":\"PropertyValueSpecification\",\"valueRequired\":true,\"valueName\":\"search_term_string\"}}],\"inLanguage\":\"sv-SE\"},{\"@type\":\"Organization\",\"@id\":\"https:\\\/\\\/lightweb.dev\\\/l\\\/svm-temp\\\/#organization\",\"name\":\"Melkerson y Nott SL\",\"alternateName\":\"Svenska Magasinet\",\"url\":\"https:\\\/\\\/lightweb.dev\\\/l\\\/svm-temp\\\/\",\"logo\":{\"@type\":\"ImageObject\",\"inLanguage\":\"sv-SE\",\"@id\":\"https:\\\/\\\/lightweb.dev\\\/l\\\/svm-temp\\\/#\\\/schema\\\/logo\\\/image\\\/\",\"url\":\"https:\\\/\\\/lightweb.dev\\\/l\\\/svm-temp\\\/wp-content\\\/uploads\\\/2025\\\/02\\\/SvM-logo-Xtra-Centrerad-SVART.png\",\"contentUrl\":\"https:\\\/\\\/lightweb.dev\\\/l\\\/svm-temp\\\/wp-content\\\/uploads\\\/2025\\\/02\\\/SvM-logo-Xtra-Centrerad-SVART.png\",\"width\":300,\"height\":99,\"caption\":\"Melkerson y Nott SL\"},\"image\":{\"@id\":\"https:\\\/\\\/lightweb.dev\\\/l\\\/svm-temp\\\/#\\\/schema\\\/logo\\\/image\\\/\"},\"sameAs\":[\"https:\\\/\\\/www.facebook.com\\\/svenskamagasinet\",\"https:\\\/\\\/x.com\\\/SvenskaMagasine\"]},{\"@type\":\"Person\",\"@id\":\"https:\\\/\\\/lightweb.dev\\\/l\\\/svm-temp\\\/#\\\/schema\\\/person\\\/7a82b8a73d171d32360a564b6d03508e\",\"name\":\"Ola Josefsson\",\"description\":\"Bevakar Solkusten och Spanien sedan 1994.\",\"sameAs\":[\"https:\\\/\\\/lightweb.dev\\\/l\\\/svm-temp\"],\"url\":\"https:\\\/\\\/lightweb.dev\\\/l\\\/svm-temp\\\/reporter\\\/ola-josefsson\\\/\"}]}<\/script>\n<!-- \/ Yoast SEO Premium plugin. -->","yoast_head_json":{"title":"Kung Felipe VI vill se tv\u00e5statsl\u00f6sning - Svenska Magasinet","description":"En tv\u00e5statsl\u00f6sning, en palestinsk stat vid sidan om Israel. Det \u00e4r den enda politiska l\u00f6sningen f\u00f6r att \u201dstoppa v\u00e5ldscykeln\u201d i Mellersta \u00d6stern och f\u00f6rhindra att v\u00e5ldet upprepas i framtiden. Det sa Spaniens kung Felipe VI i samband med ambassad\u00f6rskonferensen vid Utrikesdepartementet.","robots":{"index":"noindex","follow":"follow","max-snippet":"max-snippet:-1","max-image-preview":"max-image-preview:large","max-video-preview":"max-video-preview:-1"},"og_locale":"sv_SE","og_type":"article","og_title":"Kung Felipe VI vill se tv\u00e5statsl\u00f6sning","og_description":"En tv\u00e5statsl\u00f6sning, en palestinsk stat vid sidan om Israel. Det \u00e4r den enda politiska l\u00f6sningen f\u00f6r att \u201dstoppa v\u00e5ldscykeln\u201d i Mellersta \u00d6stern och f\u00f6rhindra att v\u00e5ldet upprepas i framtiden. Det sa Spaniens kung Felipe VI i samband med ambassad\u00f6rskonferensen vid Utrikesdepartementet.","og_url":"https:\/\/lightweb.dev\/l\/svm-temp\/nyheter\/kung-felipe-vi-vill-se-tvastatslosning\/","og_site_name":"Svenska Magasinet","article_publisher":"https:\/\/www.facebook.com\/svenskamagasinet","article_published_time":"2024-01-12T11:20:39+00:00","article_modified_time":"2024-01-12T11:21:25+00:00","og_image":[{"width":1280,"height":855,"url":"https:\/\/lightweb.dev\/l\/svm-temp\/wp-content\/uploads\/2024\/01\/GDlWTfQWkAAmWH7-stor.jpeg","type":"image\/jpeg"}],"author":"Ola Josefsson","twitter_card":"summary_large_image","twitter_creator":"@SvenskaMagasine","twitter_site":"@SvenskaMagasine","schema":{"@context":"https:\/\/schema.org","@graph":[{"@type":"Article","@id":"https:\/\/lightweb.dev\/l\/svm-temp\/nyheter\/kung-felipe-vi-vill-se-tvastatslosning\/#article","isPartOf":{"@id":"https:\/\/lightweb.dev\/l\/svm-temp\/nyheter\/kung-felipe-vi-vill-se-tvastatslosning\/"},"author":{"name":"Ola Josefsson","@id":"https:\/\/lightweb.dev\/l\/svm-temp\/#\/schema\/person\/7a82b8a73d171d32360a564b6d03508e"},"headline":"Kung Felipe VI vill se tv\u00e5statsl\u00f6sning","datePublished":"2024-01-12T11:20:39+00:00","dateModified":"2024-01-12T11:21:25+00:00","mainEntityOfPage":{"@id":"https:\/\/lightweb.dev\/l\/svm-temp\/nyheter\/kung-felipe-vi-vill-se-tvastatslosning\/"},"wordCount":327,"publisher":{"@id":"https:\/\/lightweb.dev\/l\/svm-temp\/#organization"},"image":{"@id":"https:\/\/lightweb.dev\/l\/svm-temp\/nyheter\/kung-felipe-vi-vill-se-tvastatslosning\/#primaryimage"},"thumbnailUrl":"https:\/\/lightweb.dev\/l\/svm-temp\/wp-content\/uploads\/2024\/01\/GDlWTfQWkAAmWH7-stor.jpeg","articleSection":["Arkiv","Nyheter"],"inLanguage":"sv-SE"},{"@type":"WebPage","@id":"https:\/\/lightweb.dev\/l\/svm-temp\/nyheter\/kung-felipe-vi-vill-se-tvastatslosning\/","url":"https:\/\/lightweb.dev\/l\/svm-temp\/nyheter\/kung-felipe-vi-vill-se-tvastatslosning\/","name":"Kung Felipe VI vill se tv\u00e5statsl\u00f6sning - Svenska Magasinet","isPartOf":{"@id":"https:\/\/lightweb.dev\/l\/svm-temp\/#website"},"primaryImageOfPage":{"@id":"https:\/\/lightweb.dev\/l\/svm-temp\/nyheter\/kung-felipe-vi-vill-se-tvastatslosning\/#primaryimage"},"image":{"@id":"https:\/\/lightweb.dev\/l\/svm-temp\/nyheter\/kung-felipe-vi-vill-se-tvastatslosning\/#primaryimage"},"thumbnailUrl":"https:\/\/lightweb.dev\/l\/svm-temp\/wp-content\/uploads\/2024\/01\/GDlWTfQWkAAmWH7-stor.jpeg","datePublished":"2024-01-12T11:20:39+00:00","dateModified":"2024-01-12T11:21:25+00:00","description":"En tv\u00e5statsl\u00f6sning, en palestinsk stat vid sidan om Israel. Det \u00e4r den enda politiska l\u00f6sningen f\u00f6r att \u201dstoppa v\u00e5ldscykeln\u201d i Mellersta \u00d6stern och f\u00f6rhindra att v\u00e5ldet upprepas i framtiden. Det sa Spaniens kung Felipe VI i samband med ambassad\u00f6rskonferensen vid Utrikesdepartementet.","breadcrumb":{"@id":"https:\/\/lightweb.dev\/l\/svm-temp\/nyheter\/kung-felipe-vi-vill-se-tvastatslosning\/#breadcrumb"},"inLanguage":"sv-SE","potentialAction":[{"@type":"ReadAction","target":["https:\/\/lightweb.dev\/l\/svm-temp\/nyheter\/kung-felipe-vi-vill-se-tvastatslosning\/"]}]},{"@type":"ImageObject","inLanguage":"sv-SE","@id":"https:\/\/lightweb.dev\/l\/svm-temp\/nyheter\/kung-felipe-vi-vill-se-tvastatslosning\/#primaryimage","url":"https:\/\/lightweb.dev\/l\/svm-temp\/wp-content\/uploads\/2024\/01\/GDlWTfQWkAAmWH7-stor.jpeg","contentUrl":"https:\/\/lightweb.dev\/l\/svm-temp\/wp-content\/uploads\/2024\/01\/GDlWTfQWkAAmWH7-stor.jpeg","width":1280,"height":855,"caption":"(Foto: Kungahuset Casa Real)"},{"@type":"BreadcrumbList","@id":"https:\/\/lightweb.dev\/l\/svm-temp\/nyheter\/kung-felipe-vi-vill-se-tvastatslosning\/#breadcrumb","itemListElement":[{"@type":"ListItem","position":1,"name":"Hem","item":"https:\/\/lightweb.dev\/l\/svm-temp\/"},{"@type":"ListItem","position":2,"name":"Kung Felipe VI vill se tv\u00e5statsl\u00f6sning"}]},{"@type":"WebSite","@id":"https:\/\/lightweb.dev\/l\/svm-temp\/#website","url":"https:\/\/lightweb.dev\/l\/svm-temp\/","name":"Svenska Magasinet","description":"Dina Spanska nyheter p&aring; Svenska","publisher":{"@id":"https:\/\/lightweb.dev\/l\/svm-temp\/#organization"},"potentialAction":[{"@type":"SearchAction","target":{"@type":"EntryPoint","urlTemplate":"https:\/\/lightweb.dev\/l\/svm-temp\/?s={search_term_string}"},"query-input":{"@type":"PropertyValueSpecification","valueRequired":true,"valueName":"search_term_string"}}],"inLanguage":"sv-SE"},{"@type":"Organization","@id":"https:\/\/lightweb.dev\/l\/svm-temp\/#organization","name":"Melkerson y Nott SL","alternateName":"Svenska Magasinet","url":"https:\/\/lightweb.dev\/l\/svm-temp\/","logo":{"@type":"ImageObject","inLanguage":"sv-SE","@id":"https:\/\/lightweb.dev\/l\/svm-temp\/#\/schema\/logo\/image\/","url":"https:\/\/lightweb.dev\/l\/svm-temp\/wp-content\/uploads\/2025\/02\/SvM-logo-Xtra-Centrerad-SVART.png","contentUrl":"https:\/\/lightweb.dev\/l\/svm-temp\/wp-content\/uploads\/2025\/02\/SvM-logo-Xtra-Centrerad-SVART.png","width":300,"height":99,"caption":"Melkerson y Nott SL"},"image":{"@id":"https:\/\/lightweb.dev\/l\/svm-temp\/#\/schema\/logo\/image\/"},"sameAs":["https:\/\/www.facebook.com\/svenskamagasinet","https:\/\/x.com\/SvenskaMagasine"]},{"@type":"Person","@id":"https:\/\/lightweb.dev\/l\/svm-temp\/#\/schema\/person\/7a82b8a73d171d32360a564b6d03508e","name":"Ola Josefsson","description":"Bevakar Solkusten och Spanien sedan 1994.","sameAs":["https:\/\/lightweb.dev\/l\/svm-temp"],"url":"https:\/\/lightweb.dev\/l\/svm-temp\/reporter\/ola-josefsson\/"}]}},"_links":{"self":[{"href":"https:\/\/lightweb.dev\/l\/svm-temp\/wp-json\/wp\/v2\/posts\/68955","targetHints":{"allow":["GET"]}}],"collection":[{"href":"https:\/\/lightweb.dev\/l\/svm-temp\/wp-json\/wp\/v2\/posts"}],"about":[{"href":"https:\/\/lightweb.dev\/l\/svm-temp\/wp-json\/wp\/v2\/types\/post"}],"author":[{"embeddable":true,"href":"https:\/\/lightweb.dev\/l\/svm-temp\/wp-json\/wp\/v2\/users\/7"}],"replies":[{"embeddable":true,"href":"https:\/\/lightweb.dev\/l\/svm-temp\/wp-json\/wp\/v2\/comments?post=68955"}],"version-history":[{"count":0,"href":"https:\/\/lightweb.dev\/l\/svm-temp\/wp-json\/wp\/v2\/posts\/68955\/revisions"}],"wp:featuredmedia":[{"embeddable":true,"href":"https:\/\/lightweb.dev\/l\/svm-temp\/wp-json\/wp\/v2\/media\/68956"}],"wp:attachment":[{"href":"https:\/\/lightweb.dev\/l\/svm-temp\/wp-json\/wp\/v2\/media?parent=68955"}],"wp:term":[{"taxonomy":"category","embeddable":true,"href":"https:\/\/lightweb.dev\/l\/svm-temp\/wp-json\/wp\/v2\/categories?post=68955"},{"taxonomy":"post_tag","embeddable":true,"href":"https:\/\/lightweb.dev\/l\/svm-temp\/wp-json\/wp\/v2\/tags?post=68955"}],"curies":[{"name":"wp","href":"https:\/\/api.w.org\/{rel}","templated":true}]}}