{"id":68960,"date":"2024-01-12T15:51:59","date_gmt":"2024-01-12T14:51:59","guid":{"rendered":"https:\/\/lightweb.dev\/l\/svm-temp\/?p=68960"},"modified":"2024-01-12T15:51:59","modified_gmt":"2024-01-12T14:51:59","slug":"fuengirola-sanker-vattentrycket-fran-och-med-mandag","status":"publish","type":"post","link":"https:\/\/lightweb.dev\/l\/svm-temp\/nyheter\/fuengirola-sanker-vattentrycket-fran-och-med-mandag\/","title":{"rendered":"Fuengirola s\u00e4nker vattentrycket fr\u00e5n och med m\u00e5ndag"},"content":{"rendered":"<p><strong>Kommunen blir den f\u00f6rsta l\u00e4ngs den v\u00e4stra delen av Solkusten som tar till s\u00e5 drastiska metoder.\u00a0<\/strong><\/p>\n<p><strong>Det inneb\u00e4r att flera hush\u00e5ll och aff\u00e4rsverksamheter blir utan vatten nattetid.\u00a0<\/strong><\/p>\n<p><span style=\"font-weight: 400;\">Gestagua, f\u00f6retaget som tillhandah\u00e5ller vatten i Fuengirola, s\u00e4nker vattentrycket fr\u00e5n och med m\u00e5ndag n\u00e4sta vecka.\u00a0<\/span><\/p>\n<p><span style=\"font-weight: 400;\">Det inneb\u00e4r att flera hush\u00e5ll och kommersiella verksamheter kommer att vara utan vatten fr\u00e5n 00.00 till 07.00. Det g\u00e4ller fr\u00e4mst byggnader utan en egen vattentank men ocks\u00e5 hus i de delar av kommunen som \u00e4r bel\u00e4gna h\u00f6gre \u00f6ver vattenytan.\u00a0<\/span><\/p>\n<p><span style=\"font-weight: 400;\">Enligt stadshuset finns det just nu ingen prognos p\u00e5 hur m\u00e5nga hus som kommer att p\u00e5verkas.\u00a0<\/span><\/p>\n<p><span style=\"font-weight: 400;\">\u201cDetta \u00e4r inte ett beslut som vi tycker om att fatta, men vi har inget annat val eftersom det inte har regnat tillr\u00e4ckligt mycket,\u201d sade r\u00e5dmannen f\u00f6r infrastruktur <\/span><span style=\"font-weight: 400;\">Jos\u00e9 S\u00e1nchez. Han p\u00e5minde ocks\u00e5 om de restriktioner som redan g\u00e4ller sedan i somras och de kampanjer f\u00f6r att \u00f6ka medvetenheten som stadshuset har implementerat innan de n\u00e5dde denna punkt.\u00a0<\/span><\/p>\n<p><span style=\"font-weight: 400;\">Enrique S\u00e1nchez, chef p\u00e5 Gestagua, har sagt att f\u00f6retaget unders\u00f6ker m\u00f6jligheten att borra f\u00f6r att komma \u00e5t vatten som finns l\u00e5ngt under stadens mark.\u00a0<\/span><\/p>\n<h2><span style=\"font-weight: 400;\">Vattentank<\/span><\/h2>\n<p><span style=\"font-weight: 400;\">Jos\u00e9 S\u00e1nchez lade stor vikt vid att ha en egen vattentank eftersom \u201cendast de som har en tank kommer att ha tillg\u00e5ng till vatten under natten\u201d. D\u00e4rf\u00f6r rekommenderar han de som saknar en s\u00e5dan att installera en och alla som har en att kolla att den \u00e4r i gott skick.\u00a0<\/span><\/p>\n<p><span style=\"font-weight: 400;\">Han p\u00e5minde ocks\u00e5 att alla som bedriver hotell- och restaurangverksamhet \u00e4r skyldiga att tillgodose vatten under dygnets alla timmar. N\u00e5got som man tror att m\u00e5nga inte efterf\u00f6ljer.\u00a0<\/span><\/p>\n<p><span style=\"font-weight: 400;\">Han uppmanar ocks\u00e5 befolkningen att inte lagra vatten i on\u00f6dan. \u201cOm man g\u00f6r det skadar vi dem som inte har vattentankar och det kommer att inneb\u00e4ra att n\u00e4sta \u00e5tg\u00e4rd blir \u00e4nnu kraftigare. Det \u00e4r av h\u00f6gsta vikt att vi alla konsumerar vatten ansvarsfullt och f\u00f6ljer r\u00e5den fr\u00e5n Gestagua och kommunen\u201d.\u00a0<\/span><\/p>\n<p><span style=\"font-weight: 400;\">Han tillade att lokalregeringen i Andalusien arbetar med Acosol (ett annat f\u00f6retag som tillhandah\u00e5ller vatten) f\u00f6r att skynda p\u00e5 andra l\u00f6sningar och f\u00f6rb\u00e4ttra den befintliga infrastrukturen.\u00a0<\/span><\/p>\n<p><span style=\"font-weight: 400;\">F\u00f6r att lindra skadan p\u00e5 Fuengirolas kommersiella verksamhet kommer vattentrycket inte att s\u00e4nkas under l\u00f6rdagsn\u00e4tterna.\u00a0<\/span><\/p>\n","protected":false},"excerpt":{"rendered":"<p>Kommunen blir den f\u00f6rsta l\u00e4ngs den v\u00e4stra delen av Solkusten som tar till s\u00e5 drastiska metoder.\u00a0Det inneb\u00e4r att flera hush\u00e5ll och aff\u00e4rsverksamheter blir utan vatten nattetid.\u00a0<\/p>\n","protected":false},"author":14,"featured_media":60998,"comment_status":"closed","ping_status":"closed","sticky":false,"template":"","format":"standard","meta":{"_et_pb_use_builder":"","_et_pb_old_content":"","_et_gb_content_width":"","footnotes":""},"categories":[395,3],"tags":[],"class_list":["post-68960","post","type-post","status-publish","format-standard","has-post-thumbnail","hentry","category-arkiv-nyheter","category-nyheter"],"yoast_head":"<!-- This site is optimized with the Yoast SEO Premium plugin v26.2 (Yoast SEO v27.4) - https:\/\/yoast.com\/product\/yoast-seo-premium-wordpress\/ -->\n<title>Fuengirola s\u00e4nker vattentrycket fr\u00e5n och med m\u00e5ndag - Svenska Magasinet<\/title>\n<meta name=\"robots\" content=\"noindex, follow, max-snippet:-1, max-image-preview:large, max-video-preview:-1\" \/>\n<meta property=\"og:locale\" content=\"sv_SE\" \/>\n<meta property=\"og:type\" content=\"article\" \/>\n<meta property=\"og:title\" content=\"Fuengirola s\u00e4nker vattentrycket fr\u00e5n och med m\u00e5ndag\" \/>\n<meta property=\"og:description\" content=\"Kommunen blir den f\u00f6rsta l\u00e4ngs den v\u00e4stra delen av Solkusten som tar till s\u00e5 drastiska metoder.\u00a0Det inneb\u00e4r att flera hush\u00e5ll och aff\u00e4rsverksamheter blir utan vatten nattetid.\u00a0\" \/>\n<meta property=\"og:url\" content=\"https:\/\/lightweb.dev\/l\/svm-temp\/nyheter\/fuengirola-sanker-vattentrycket-fran-och-med-mandag\/\" \/>\n<meta property=\"og:site_name\" content=\"Svenska Magasinet\" \/>\n<meta property=\"article:publisher\" content=\"https:\/\/www.facebook.com\/svenskamagasinet\" \/>\n<meta property=\"article:published_time\" content=\"2024-01-12T14:51:59+00:00\" \/>\n<meta property=\"og:image\" content=\"https:\/\/lightweb.dev\/l\/svm-temp\/wp-content\/uploads\/2023\/01\/IMG-0451-stor.jpeg\" \/>\n\t<meta property=\"og:image:width\" content=\"1280\" \/>\n\t<meta property=\"og:image:height\" content=\"960\" \/>\n\t<meta property=\"og:image:type\" content=\"image\/jpeg\" \/>\n<meta name=\"author\" content=\"Robbie Eriksson\" \/>\n<meta name=\"twitter:card\" content=\"summary_large_image\" \/>\n<meta name=\"twitter:creator\" content=\"@SvenskaMagasine\" \/>\n<meta name=\"twitter:site\" content=\"@SvenskaMagasine\" \/>\n<script type=\"application\/ld+json\" class=\"yoast-schema-graph\">{\"@context\":\"https:\\\/\\\/schema.org\",\"@graph\":[{\"@type\":\"Article\",\"@id\":\"https:\\\/\\\/lightweb.dev\\\/l\\\/svm-temp\\\/nyheter\\\/fuengirola-sanker-vattentrycket-fran-och-med-mandag\\\/#article\",\"isPartOf\":{\"@id\":\"https:\\\/\\\/lightweb.dev\\\/l\\\/svm-temp\\\/nyheter\\\/fuengirola-sanker-vattentrycket-fran-och-med-mandag\\\/\"},\"author\":{\"name\":\"Robbie Eriksson\",\"@id\":\"https:\\\/\\\/lightweb.dev\\\/l\\\/svm-temp\\\/#\\\/schema\\\/person\\\/caffe038990d25722f5a04a03c906a2b\"},\"headline\":\"Fuengirola s\u00e4nker vattentrycket fr\u00e5n och med m\u00e5ndag\",\"datePublished\":\"2024-01-12T14:51:59+00:00\",\"mainEntityOfPage\":{\"@id\":\"https:\\\/\\\/lightweb.dev\\\/l\\\/svm-temp\\\/nyheter\\\/fuengirola-sanker-vattentrycket-fran-och-med-mandag\\\/\"},\"wordCount\":419,\"publisher\":{\"@id\":\"https:\\\/\\\/lightweb.dev\\\/l\\\/svm-temp\\\/#organization\"},\"image\":{\"@id\":\"https:\\\/\\\/lightweb.dev\\\/l\\\/svm-temp\\\/nyheter\\\/fuengirola-sanker-vattentrycket-fran-och-med-mandag\\\/#primaryimage\"},\"thumbnailUrl\":\"https:\\\/\\\/lightweb.dev\\\/l\\\/svm-temp\\\/wp-content\\\/uploads\\\/2023\\\/01\\\/IMG-0451-stor.jpeg\",\"articleSection\":[\"Arkiv\",\"Nyheter\"],\"inLanguage\":\"sv-SE\"},{\"@type\":\"WebPage\",\"@id\":\"https:\\\/\\\/lightweb.dev\\\/l\\\/svm-temp\\\/nyheter\\\/fuengirola-sanker-vattentrycket-fran-och-med-mandag\\\/\",\"url\":\"https:\\\/\\\/lightweb.dev\\\/l\\\/svm-temp\\\/nyheter\\\/fuengirola-sanker-vattentrycket-fran-och-med-mandag\\\/\",\"name\":\"Fuengirola s\u00e4nker vattentrycket fr\u00e5n och med m\u00e5ndag - Svenska Magasinet\",\"isPartOf\":{\"@id\":\"https:\\\/\\\/lightweb.dev\\\/l\\\/svm-temp\\\/#website\"},\"primaryImageOfPage\":{\"@id\":\"https:\\\/\\\/lightweb.dev\\\/l\\\/svm-temp\\\/nyheter\\\/fuengirola-sanker-vattentrycket-fran-och-med-mandag\\\/#primaryimage\"},\"image\":{\"@id\":\"https:\\\/\\\/lightweb.dev\\\/l\\\/svm-temp\\\/nyheter\\\/fuengirola-sanker-vattentrycket-fran-och-med-mandag\\\/#primaryimage\"},\"thumbnailUrl\":\"https:\\\/\\\/lightweb.dev\\\/l\\\/svm-temp\\\/wp-content\\\/uploads\\\/2023\\\/01\\\/IMG-0451-stor.jpeg\",\"datePublished\":\"2024-01-12T14:51:59+00:00\",\"breadcrumb\":{\"@id\":\"https:\\\/\\\/lightweb.dev\\\/l\\\/svm-temp\\\/nyheter\\\/fuengirola-sanker-vattentrycket-fran-och-med-mandag\\\/#breadcrumb\"},\"inLanguage\":\"sv-SE\",\"potentialAction\":[{\"@type\":\"ReadAction\",\"target\":[\"https:\\\/\\\/lightweb.dev\\\/l\\\/svm-temp\\\/nyheter\\\/fuengirola-sanker-vattentrycket-fran-och-med-mandag\\\/\"]}]},{\"@type\":\"ImageObject\",\"inLanguage\":\"sv-SE\",\"@id\":\"https:\\\/\\\/lightweb.dev\\\/l\\\/svm-temp\\\/nyheter\\\/fuengirola-sanker-vattentrycket-fran-och-med-mandag\\\/#primaryimage\",\"url\":\"https:\\\/\\\/lightweb.dev\\\/l\\\/svm-temp\\\/wp-content\\\/uploads\\\/2023\\\/01\\\/IMG-0451-stor.jpeg\",\"contentUrl\":\"https:\\\/\\\/lightweb.dev\\\/l\\\/svm-temp\\\/wp-content\\\/uploads\\\/2023\\\/01\\\/IMG-0451-stor.jpeg\",\"width\":1280,\"height\":960},{\"@type\":\"BreadcrumbList\",\"@id\":\"https:\\\/\\\/lightweb.dev\\\/l\\\/svm-temp\\\/nyheter\\\/fuengirola-sanker-vattentrycket-fran-och-med-mandag\\\/#breadcrumb\",\"itemListElement\":[{\"@type\":\"ListItem\",\"position\":1,\"name\":\"Hem\",\"item\":\"https:\\\/\\\/lightweb.dev\\\/l\\\/svm-temp\\\/\"},{\"@type\":\"ListItem\",\"position\":2,\"name\":\"Fuengirola s\u00e4nker vattentrycket fr\u00e5n och med m\u00e5ndag\"}]},{\"@type\":\"WebSite\",\"@id\":\"https:\\\/\\\/lightweb.dev\\\/l\\\/svm-temp\\\/#website\",\"url\":\"https:\\\/\\\/lightweb.dev\\\/l\\\/svm-temp\\\/\",\"name\":\"Svenska Magasinet\",\"description\":\"Dina Spanska nyheter p&aring; Svenska\",\"publisher\":{\"@id\":\"https:\\\/\\\/lightweb.dev\\\/l\\\/svm-temp\\\/#organization\"},\"potentialAction\":[{\"@type\":\"SearchAction\",\"target\":{\"@type\":\"EntryPoint\",\"urlTemplate\":\"https:\\\/\\\/lightweb.dev\\\/l\\\/svm-temp\\\/?s={search_term_string}\"},\"query-input\":{\"@type\":\"PropertyValueSpecification\",\"valueRequired\":true,\"valueName\":\"search_term_string\"}}],\"inLanguage\":\"sv-SE\"},{\"@type\":\"Organization\",\"@id\":\"https:\\\/\\\/lightweb.dev\\\/l\\\/svm-temp\\\/#organization\",\"name\":\"Melkerson y Nott SL\",\"alternateName\":\"Svenska Magasinet\",\"url\":\"https:\\\/\\\/lightweb.dev\\\/l\\\/svm-temp\\\/\",\"logo\":{\"@type\":\"ImageObject\",\"inLanguage\":\"sv-SE\",\"@id\":\"https:\\\/\\\/lightweb.dev\\\/l\\\/svm-temp\\\/#\\\/schema\\\/logo\\\/image\\\/\",\"url\":\"https:\\\/\\\/lightweb.dev\\\/l\\\/svm-temp\\\/wp-content\\\/uploads\\\/2025\\\/02\\\/SvM-logo-Xtra-Centrerad-SVART.png\",\"contentUrl\":\"https:\\\/\\\/lightweb.dev\\\/l\\\/svm-temp\\\/wp-content\\\/uploads\\\/2025\\\/02\\\/SvM-logo-Xtra-Centrerad-SVART.png\",\"width\":300,\"height\":99,\"caption\":\"Melkerson y Nott SL\"},\"image\":{\"@id\":\"https:\\\/\\\/lightweb.dev\\\/l\\\/svm-temp\\\/#\\\/schema\\\/logo\\\/image\\\/\"},\"sameAs\":[\"https:\\\/\\\/www.facebook.com\\\/svenskamagasinet\",\"https:\\\/\\\/x.com\\\/SvenskaMagasine\"]},{\"@type\":\"Person\",\"@id\":\"https:\\\/\\\/lightweb.dev\\\/l\\\/svm-temp\\\/#\\\/schema\\\/person\\\/caffe038990d25722f5a04a03c906a2b\",\"name\":\"Robbie Eriksson\",\"sameAs\":[\"https:\\\/\\\/lightweb.dev\\\/l\\\/svm-temp\"],\"url\":\"https:\\\/\\\/lightweb.dev\\\/l\\\/svm-temp\\\/reporter\\\/robbie-eriksson\\\/\"}]}<\/script>\n<!-- \/ Yoast SEO Premium plugin. -->","yoast_head_json":{"title":"Fuengirola s\u00e4nker vattentrycket fr\u00e5n och med m\u00e5ndag - Svenska Magasinet","robots":{"index":"noindex","follow":"follow","max-snippet":"max-snippet:-1","max-image-preview":"max-image-preview:large","max-video-preview":"max-video-preview:-1"},"og_locale":"sv_SE","og_type":"article","og_title":"Fuengirola s\u00e4nker vattentrycket fr\u00e5n och med m\u00e5ndag","og_description":"Kommunen blir den f\u00f6rsta l\u00e4ngs den v\u00e4stra delen av Solkusten som tar till s\u00e5 drastiska metoder.\u00a0Det inneb\u00e4r att flera hush\u00e5ll och aff\u00e4rsverksamheter blir utan vatten nattetid.\u00a0","og_url":"https:\/\/lightweb.dev\/l\/svm-temp\/nyheter\/fuengirola-sanker-vattentrycket-fran-och-med-mandag\/","og_site_name":"Svenska Magasinet","article_publisher":"https:\/\/www.facebook.com\/svenskamagasinet","article_published_time":"2024-01-12T14:51:59+00:00","og_image":[{"width":1280,"height":960,"url":"https:\/\/lightweb.dev\/l\/svm-temp\/wp-content\/uploads\/2023\/01\/IMG-0451-stor.jpeg","type":"image\/jpeg"}],"author":"Robbie Eriksson","twitter_card":"summary_large_image","twitter_creator":"@SvenskaMagasine","twitter_site":"@SvenskaMagasine","schema":{"@context":"https:\/\/schema.org","@graph":[{"@type":"Article","@id":"https:\/\/lightweb.dev\/l\/svm-temp\/nyheter\/fuengirola-sanker-vattentrycket-fran-och-med-mandag\/#article","isPartOf":{"@id":"https:\/\/lightweb.dev\/l\/svm-temp\/nyheter\/fuengirola-sanker-vattentrycket-fran-och-med-mandag\/"},"author":{"name":"Robbie Eriksson","@id":"https:\/\/lightweb.dev\/l\/svm-temp\/#\/schema\/person\/caffe038990d25722f5a04a03c906a2b"},"headline":"Fuengirola s\u00e4nker vattentrycket fr\u00e5n och med m\u00e5ndag","datePublished":"2024-01-12T14:51:59+00:00","mainEntityOfPage":{"@id":"https:\/\/lightweb.dev\/l\/svm-temp\/nyheter\/fuengirola-sanker-vattentrycket-fran-och-med-mandag\/"},"wordCount":419,"publisher":{"@id":"https:\/\/lightweb.dev\/l\/svm-temp\/#organization"},"image":{"@id":"https:\/\/lightweb.dev\/l\/svm-temp\/nyheter\/fuengirola-sanker-vattentrycket-fran-och-med-mandag\/#primaryimage"},"thumbnailUrl":"https:\/\/lightweb.dev\/l\/svm-temp\/wp-content\/uploads\/2023\/01\/IMG-0451-stor.jpeg","articleSection":["Arkiv","Nyheter"],"inLanguage":"sv-SE"},{"@type":"WebPage","@id":"https:\/\/lightweb.dev\/l\/svm-temp\/nyheter\/fuengirola-sanker-vattentrycket-fran-och-med-mandag\/","url":"https:\/\/lightweb.dev\/l\/svm-temp\/nyheter\/fuengirola-sanker-vattentrycket-fran-och-med-mandag\/","name":"Fuengirola s\u00e4nker vattentrycket fr\u00e5n och med m\u00e5ndag - Svenska Magasinet","isPartOf":{"@id":"https:\/\/lightweb.dev\/l\/svm-temp\/#website"},"primaryImageOfPage":{"@id":"https:\/\/lightweb.dev\/l\/svm-temp\/nyheter\/fuengirola-sanker-vattentrycket-fran-och-med-mandag\/#primaryimage"},"image":{"@id":"https:\/\/lightweb.dev\/l\/svm-temp\/nyheter\/fuengirola-sanker-vattentrycket-fran-och-med-mandag\/#primaryimage"},"thumbnailUrl":"https:\/\/lightweb.dev\/l\/svm-temp\/wp-content\/uploads\/2023\/01\/IMG-0451-stor.jpeg","datePublished":"2024-01-12T14:51:59+00:00","breadcrumb":{"@id":"https:\/\/lightweb.dev\/l\/svm-temp\/nyheter\/fuengirola-sanker-vattentrycket-fran-och-med-mandag\/#breadcrumb"},"inLanguage":"sv-SE","potentialAction":[{"@type":"ReadAction","target":["https:\/\/lightweb.dev\/l\/svm-temp\/nyheter\/fuengirola-sanker-vattentrycket-fran-och-med-mandag\/"]}]},{"@type":"ImageObject","inLanguage":"sv-SE","@id":"https:\/\/lightweb.dev\/l\/svm-temp\/nyheter\/fuengirola-sanker-vattentrycket-fran-och-med-mandag\/#primaryimage","url":"https:\/\/lightweb.dev\/l\/svm-temp\/wp-content\/uploads\/2023\/01\/IMG-0451-stor.jpeg","contentUrl":"https:\/\/lightweb.dev\/l\/svm-temp\/wp-content\/uploads\/2023\/01\/IMG-0451-stor.jpeg","width":1280,"height":960},{"@type":"BreadcrumbList","@id":"https:\/\/lightweb.dev\/l\/svm-temp\/nyheter\/fuengirola-sanker-vattentrycket-fran-och-med-mandag\/#breadcrumb","itemListElement":[{"@type":"ListItem","position":1,"name":"Hem","item":"https:\/\/lightweb.dev\/l\/svm-temp\/"},{"@type":"ListItem","position":2,"name":"Fuengirola s\u00e4nker vattentrycket fr\u00e5n och med m\u00e5ndag"}]},{"@type":"WebSite","@id":"https:\/\/lightweb.dev\/l\/svm-temp\/#website","url":"https:\/\/lightweb.dev\/l\/svm-temp\/","name":"Svenska Magasinet","description":"Dina Spanska nyheter p&aring; Svenska","publisher":{"@id":"https:\/\/lightweb.dev\/l\/svm-temp\/#organization"},"potentialAction":[{"@type":"SearchAction","target":{"@type":"EntryPoint","urlTemplate":"https:\/\/lightweb.dev\/l\/svm-temp\/?s={search_term_string}"},"query-input":{"@type":"PropertyValueSpecification","valueRequired":true,"valueName":"search_term_string"}}],"inLanguage":"sv-SE"},{"@type":"Organization","@id":"https:\/\/lightweb.dev\/l\/svm-temp\/#organization","name":"Melkerson y Nott SL","alternateName":"Svenska Magasinet","url":"https:\/\/lightweb.dev\/l\/svm-temp\/","logo":{"@type":"ImageObject","inLanguage":"sv-SE","@id":"https:\/\/lightweb.dev\/l\/svm-temp\/#\/schema\/logo\/image\/","url":"https:\/\/lightweb.dev\/l\/svm-temp\/wp-content\/uploads\/2025\/02\/SvM-logo-Xtra-Centrerad-SVART.png","contentUrl":"https:\/\/lightweb.dev\/l\/svm-temp\/wp-content\/uploads\/2025\/02\/SvM-logo-Xtra-Centrerad-SVART.png","width":300,"height":99,"caption":"Melkerson y Nott SL"},"image":{"@id":"https:\/\/lightweb.dev\/l\/svm-temp\/#\/schema\/logo\/image\/"},"sameAs":["https:\/\/www.facebook.com\/svenskamagasinet","https:\/\/x.com\/SvenskaMagasine"]},{"@type":"Person","@id":"https:\/\/lightweb.dev\/l\/svm-temp\/#\/schema\/person\/caffe038990d25722f5a04a03c906a2b","name":"Robbie Eriksson","sameAs":["https:\/\/lightweb.dev\/l\/svm-temp"],"url":"https:\/\/lightweb.dev\/l\/svm-temp\/reporter\/robbie-eriksson\/"}]}},"_links":{"self":[{"href":"https:\/\/lightweb.dev\/l\/svm-temp\/wp-json\/wp\/v2\/posts\/68960","targetHints":{"allow":["GET"]}}],"collection":[{"href":"https:\/\/lightweb.dev\/l\/svm-temp\/wp-json\/wp\/v2\/posts"}],"about":[{"href":"https:\/\/lightweb.dev\/l\/svm-temp\/wp-json\/wp\/v2\/types\/post"}],"author":[{"embeddable":true,"href":"https:\/\/lightweb.dev\/l\/svm-temp\/wp-json\/wp\/v2\/users\/14"}],"replies":[{"embeddable":true,"href":"https:\/\/lightweb.dev\/l\/svm-temp\/wp-json\/wp\/v2\/comments?post=68960"}],"version-history":[{"count":0,"href":"https:\/\/lightweb.dev\/l\/svm-temp\/wp-json\/wp\/v2\/posts\/68960\/revisions"}],"wp:featuredmedia":[{"embeddable":true,"href":"https:\/\/lightweb.dev\/l\/svm-temp\/wp-json\/wp\/v2\/media\/60998"}],"wp:attachment":[{"href":"https:\/\/lightweb.dev\/l\/svm-temp\/wp-json\/wp\/v2\/media?parent=68960"}],"wp:term":[{"taxonomy":"category","embeddable":true,"href":"https:\/\/lightweb.dev\/l\/svm-temp\/wp-json\/wp\/v2\/categories?post=68960"},{"taxonomy":"post_tag","embeddable":true,"href":"https:\/\/lightweb.dev\/l\/svm-temp\/wp-json\/wp\/v2\/tags?post=68960"}],"curies":[{"name":"wp","href":"https:\/\/api.w.org\/{rel}","templated":true}]}}