{"id":68962,"date":"2024-01-12T16:06:29","date_gmt":"2024-01-12T15:06:29","guid":{"rendered":"https:\/\/lightweb.dev\/l\/svm-temp\/?p=68962"},"modified":"2024-01-12T16:06:29","modified_gmt":"2024-01-12T15:06:29","slug":"regeringen-vann-sin-forsta-stora-omrostning","status":"publish","type":"post","link":"https:\/\/lightweb.dev\/l\/svm-temp\/nyheter\/regeringen-vann-sin-forsta-stora-omrostning\/","title":{"rendered":"Regeringen vann sin f\u00f6rsta stora omr\u00f6stning"},"content":{"rendered":"<p><strong>Pedro S\u00e1nchez br\u00e4ckliga koalition klarade denna vecka sin f\u00f6rsta stora pr\u00f6vning.\u00a0<\/strong><\/p>\n<p><strong>Regeringen vann omr\u00f6stningen i parlamentet tack vare katalanska nationalister.\u00a0<\/strong><\/p>\n<p><span style=\"font-weight: 400;\">Spaniens nya minoritetsregering stod inf\u00f6r sitt f\u00f6rsta stora test i onsdags denna vecka. F\u00f6r att f\u00e5 igenom tre kungliga dekret, som ministrar godk\u00e4nde innan jul, beh\u00f6vde premi\u00e4rminister Pedro <\/span><span style=\"font-weight: 400;\">S\u00e1nchez<\/span><span style=\"font-weight: 400;\"> st\u00f6d fr\u00e5n alla partier som utg\u00f6r hans <\/span><a href=\"https:\/\/lightweb.dev\/l\/svm-temp\/nyheter\/pedro-sanchez-omvald-som-regeringschef\/\"><span style=\"font-weight: 400;\">brokiga regeringsunderlag.\u00a0<\/span><\/a><\/p>\n<p><span style=\"font-weight: 400;\">Det s\u00e5g l\u00e4nge ut som att de skulle falla i och med att de katalanska nationalisterna i partiet Junts skulle r\u00f6sta nej.\u00a0\u00a0<\/span><\/p>\n<p><span style=\"font-weight: 400;\">Efter sena slutf\u00f6rhandlingar och nya eftergifter till Katalonien fick <\/span><span style=\"font-weight: 400;\">S\u00e1nchez<\/span><span style=\"font-weight: 400;\"> regering dock st\u00f6d fr\u00e5n Junts p\u00e5 tv\u00e5 av punkterna. De g\u00e4llde ut\u00f6kande av ekonomiska krispaket och ett antal administrativa reformer.<\/span><span style=\"font-weight: 400;\">Den tredje punkten, som g\u00e4llde nya arbetsr\u00e4ttslagar, f\u00f6ll d\u00e5 <\/span><span style=\"font-weight: 400;\">S\u00e1nchez<\/span><span style=\"font-weight: 400;\"> parti PSOE inte kunde komma \u00f6verens med Sumar, som \u00e4r ett parti p\u00e5 ytterkantsv\u00e4nstern. <\/span><\/p>\n","protected":false},"excerpt":{"rendered":"<p>Pedro S\u00e1nchez br\u00e4ckliga koalition klarade denna vecka sin f\u00f6rsta stora pr\u00f6vning.\u00a0Regeringen vann omr\u00f6stningen i parlamentet tack vare katalanska nationalister.\u00a0<\/p>\n","protected":false},"author":14,"featured_media":68963,"comment_status":"closed","ping_status":"closed","sticky":false,"template":"","format":"standard","meta":{"_et_pb_use_builder":"","_et_pb_old_content":"","_et_gb_content_width":"","footnotes":""},"categories":[395,3],"tags":[],"class_list":["post-68962","post","type-post","status-publish","format-standard","has-post-thumbnail","hentry","category-arkiv-nyheter","category-nyheter"],"yoast_head":"<!-- This site is optimized with the Yoast SEO Premium plugin v26.2 (Yoast SEO v27.4) - https:\/\/yoast.com\/product\/yoast-seo-premium-wordpress\/ -->\n<title>Regeringen vann sin f\u00f6rsta stora omr\u00f6stning - Svenska Magasinet<\/title>\n<meta name=\"robots\" content=\"noindex, follow, max-snippet:-1, max-image-preview:large, max-video-preview:-1\" \/>\n<meta property=\"og:locale\" content=\"sv_SE\" \/>\n<meta property=\"og:type\" content=\"article\" \/>\n<meta property=\"og:title\" content=\"Regeringen vann sin f\u00f6rsta stora omr\u00f6stning\" \/>\n<meta property=\"og:description\" content=\"Pedro S\u00e1nchez br\u00e4ckliga koalition klarade denna vecka sin f\u00f6rsta stora pr\u00f6vning.\u00a0Regeringen vann omr\u00f6stningen i parlamentet tack vare katalanska nationalister.\u00a0\" \/>\n<meta property=\"og:url\" content=\"https:\/\/lightweb.dev\/l\/svm-temp\/nyheter\/regeringen-vann-sin-forsta-stora-omrostning\/\" \/>\n<meta property=\"og:site_name\" content=\"Svenska Magasinet\" \/>\n<meta property=\"article:publisher\" content=\"https:\/\/www.facebook.com\/svenskamagasinet\" \/>\n<meta property=\"article:published_time\" content=\"2024-01-12T15:06:29+00:00\" \/>\n<meta property=\"og:image\" content=\"https:\/\/lightweb.dev\/l\/svm-temp\/wp-content\/uploads\/2024\/01\/187310737-1200x840-1.webp\" \/>\n\t<meta property=\"og:image:width\" content=\"1200\" \/>\n\t<meta property=\"og:image:height\" content=\"840\" \/>\n\t<meta property=\"og:image:type\" content=\"image\/webp\" \/>\n<meta name=\"author\" content=\"Robbie Eriksson\" \/>\n<meta name=\"twitter:card\" content=\"summary_large_image\" \/>\n<meta name=\"twitter:creator\" content=\"@SvenskaMagasine\" \/>\n<meta name=\"twitter:site\" content=\"@SvenskaMagasine\" \/>\n<script type=\"application\/ld+json\" class=\"yoast-schema-graph\">{\"@context\":\"https:\\\/\\\/schema.org\",\"@graph\":[{\"@type\":\"Article\",\"@id\":\"https:\\\/\\\/lightweb.dev\\\/l\\\/svm-temp\\\/nyheter\\\/regeringen-vann-sin-forsta-stora-omrostning\\\/#article\",\"isPartOf\":{\"@id\":\"https:\\\/\\\/lightweb.dev\\\/l\\\/svm-temp\\\/nyheter\\\/regeringen-vann-sin-forsta-stora-omrostning\\\/\"},\"author\":{\"name\":\"Robbie Eriksson\",\"@id\":\"https:\\\/\\\/lightweb.dev\\\/l\\\/svm-temp\\\/#\\\/schema\\\/person\\\/caffe038990d25722f5a04a03c906a2b\"},\"headline\":\"Regeringen vann sin f\u00f6rsta stora omr\u00f6stning\",\"datePublished\":\"2024-01-12T15:06:29+00:00\",\"mainEntityOfPage\":{\"@id\":\"https:\\\/\\\/lightweb.dev\\\/l\\\/svm-temp\\\/nyheter\\\/regeringen-vann-sin-forsta-stora-omrostning\\\/\"},\"wordCount\":171,\"publisher\":{\"@id\":\"https:\\\/\\\/lightweb.dev\\\/l\\\/svm-temp\\\/#organization\"},\"image\":{\"@id\":\"https:\\\/\\\/lightweb.dev\\\/l\\\/svm-temp\\\/nyheter\\\/regeringen-vann-sin-forsta-stora-omrostning\\\/#primaryimage\"},\"thumbnailUrl\":\"https:\\\/\\\/lightweb.dev\\\/l\\\/svm-temp\\\/wp-content\\\/uploads\\\/2024\\\/01\\\/187310737-1200x840-1.webp\",\"articleSection\":[\"Arkiv\",\"Nyheter\"],\"inLanguage\":\"sv-SE\"},{\"@type\":\"WebPage\",\"@id\":\"https:\\\/\\\/lightweb.dev\\\/l\\\/svm-temp\\\/nyheter\\\/regeringen-vann-sin-forsta-stora-omrostning\\\/\",\"url\":\"https:\\\/\\\/lightweb.dev\\\/l\\\/svm-temp\\\/nyheter\\\/regeringen-vann-sin-forsta-stora-omrostning\\\/\",\"name\":\"Regeringen vann sin f\u00f6rsta stora omr\u00f6stning - Svenska Magasinet\",\"isPartOf\":{\"@id\":\"https:\\\/\\\/lightweb.dev\\\/l\\\/svm-temp\\\/#website\"},\"primaryImageOfPage\":{\"@id\":\"https:\\\/\\\/lightweb.dev\\\/l\\\/svm-temp\\\/nyheter\\\/regeringen-vann-sin-forsta-stora-omrostning\\\/#primaryimage\"},\"image\":{\"@id\":\"https:\\\/\\\/lightweb.dev\\\/l\\\/svm-temp\\\/nyheter\\\/regeringen-vann-sin-forsta-stora-omrostning\\\/#primaryimage\"},\"thumbnailUrl\":\"https:\\\/\\\/lightweb.dev\\\/l\\\/svm-temp\\\/wp-content\\\/uploads\\\/2024\\\/01\\\/187310737-1200x840-1.webp\",\"datePublished\":\"2024-01-12T15:06:29+00:00\",\"breadcrumb\":{\"@id\":\"https:\\\/\\\/lightweb.dev\\\/l\\\/svm-temp\\\/nyheter\\\/regeringen-vann-sin-forsta-stora-omrostning\\\/#breadcrumb\"},\"inLanguage\":\"sv-SE\",\"potentialAction\":[{\"@type\":\"ReadAction\",\"target\":[\"https:\\\/\\\/lightweb.dev\\\/l\\\/svm-temp\\\/nyheter\\\/regeringen-vann-sin-forsta-stora-omrostning\\\/\"]}]},{\"@type\":\"ImageObject\",\"inLanguage\":\"sv-SE\",\"@id\":\"https:\\\/\\\/lightweb.dev\\\/l\\\/svm-temp\\\/nyheter\\\/regeringen-vann-sin-forsta-stora-omrostning\\\/#primaryimage\",\"url\":\"https:\\\/\\\/lightweb.dev\\\/l\\\/svm-temp\\\/wp-content\\\/uploads\\\/2024\\\/01\\\/187310737-1200x840-1.webp\",\"contentUrl\":\"https:\\\/\\\/lightweb.dev\\\/l\\\/svm-temp\\\/wp-content\\\/uploads\\\/2024\\\/01\\\/187310737-1200x840-1.webp\",\"width\":1200,\"height\":840,\"caption\":\"Premi\u00e4rminister Pedro S\u00e1nchez inv\u00e4ntar resultatet av omr\u00f6stningen. (Bild: EFE).\"},{\"@type\":\"BreadcrumbList\",\"@id\":\"https:\\\/\\\/lightweb.dev\\\/l\\\/svm-temp\\\/nyheter\\\/regeringen-vann-sin-forsta-stora-omrostning\\\/#breadcrumb\",\"itemListElement\":[{\"@type\":\"ListItem\",\"position\":1,\"name\":\"Hem\",\"item\":\"https:\\\/\\\/lightweb.dev\\\/l\\\/svm-temp\\\/\"},{\"@type\":\"ListItem\",\"position\":2,\"name\":\"Regeringen vann sin f\u00f6rsta stora omr\u00f6stning\"}]},{\"@type\":\"WebSite\",\"@id\":\"https:\\\/\\\/lightweb.dev\\\/l\\\/svm-temp\\\/#website\",\"url\":\"https:\\\/\\\/lightweb.dev\\\/l\\\/svm-temp\\\/\",\"name\":\"Svenska Magasinet\",\"description\":\"Dina Spanska nyheter p&aring; Svenska\",\"publisher\":{\"@id\":\"https:\\\/\\\/lightweb.dev\\\/l\\\/svm-temp\\\/#organization\"},\"potentialAction\":[{\"@type\":\"SearchAction\",\"target\":{\"@type\":\"EntryPoint\",\"urlTemplate\":\"https:\\\/\\\/lightweb.dev\\\/l\\\/svm-temp\\\/?s={search_term_string}\"},\"query-input\":{\"@type\":\"PropertyValueSpecification\",\"valueRequired\":true,\"valueName\":\"search_term_string\"}}],\"inLanguage\":\"sv-SE\"},{\"@type\":\"Organization\",\"@id\":\"https:\\\/\\\/lightweb.dev\\\/l\\\/svm-temp\\\/#organization\",\"name\":\"Melkerson y Nott SL\",\"alternateName\":\"Svenska Magasinet\",\"url\":\"https:\\\/\\\/lightweb.dev\\\/l\\\/svm-temp\\\/\",\"logo\":{\"@type\":\"ImageObject\",\"inLanguage\":\"sv-SE\",\"@id\":\"https:\\\/\\\/lightweb.dev\\\/l\\\/svm-temp\\\/#\\\/schema\\\/logo\\\/image\\\/\",\"url\":\"https:\\\/\\\/lightweb.dev\\\/l\\\/svm-temp\\\/wp-content\\\/uploads\\\/2025\\\/02\\\/SvM-logo-Xtra-Centrerad-SVART.png\",\"contentUrl\":\"https:\\\/\\\/lightweb.dev\\\/l\\\/svm-temp\\\/wp-content\\\/uploads\\\/2025\\\/02\\\/SvM-logo-Xtra-Centrerad-SVART.png\",\"width\":300,\"height\":99,\"caption\":\"Melkerson y Nott SL\"},\"image\":{\"@id\":\"https:\\\/\\\/lightweb.dev\\\/l\\\/svm-temp\\\/#\\\/schema\\\/logo\\\/image\\\/\"},\"sameAs\":[\"https:\\\/\\\/www.facebook.com\\\/svenskamagasinet\",\"https:\\\/\\\/x.com\\\/SvenskaMagasine\"]},{\"@type\":\"Person\",\"@id\":\"https:\\\/\\\/lightweb.dev\\\/l\\\/svm-temp\\\/#\\\/schema\\\/person\\\/caffe038990d25722f5a04a03c906a2b\",\"name\":\"Robbie Eriksson\",\"sameAs\":[\"https:\\\/\\\/lightweb.dev\\\/l\\\/svm-temp\"],\"url\":\"https:\\\/\\\/lightweb.dev\\\/l\\\/svm-temp\\\/reporter\\\/robbie-eriksson\\\/\"}]}<\/script>\n<!-- \/ Yoast SEO Premium plugin. -->","yoast_head_json":{"title":"Regeringen vann sin f\u00f6rsta stora omr\u00f6stning - Svenska Magasinet","robots":{"index":"noindex","follow":"follow","max-snippet":"max-snippet:-1","max-image-preview":"max-image-preview:large","max-video-preview":"max-video-preview:-1"},"og_locale":"sv_SE","og_type":"article","og_title":"Regeringen vann sin f\u00f6rsta stora omr\u00f6stning","og_description":"Pedro S\u00e1nchez br\u00e4ckliga koalition klarade denna vecka sin f\u00f6rsta stora pr\u00f6vning.\u00a0Regeringen vann omr\u00f6stningen i parlamentet tack vare katalanska nationalister.\u00a0","og_url":"https:\/\/lightweb.dev\/l\/svm-temp\/nyheter\/regeringen-vann-sin-forsta-stora-omrostning\/","og_site_name":"Svenska Magasinet","article_publisher":"https:\/\/www.facebook.com\/svenskamagasinet","article_published_time":"2024-01-12T15:06:29+00:00","og_image":[{"width":1200,"height":840,"url":"https:\/\/lightweb.dev\/l\/svm-temp\/wp-content\/uploads\/2024\/01\/187310737-1200x840-1.webp","type":"image\/webp"}],"author":"Robbie Eriksson","twitter_card":"summary_large_image","twitter_creator":"@SvenskaMagasine","twitter_site":"@SvenskaMagasine","schema":{"@context":"https:\/\/schema.org","@graph":[{"@type":"Article","@id":"https:\/\/lightweb.dev\/l\/svm-temp\/nyheter\/regeringen-vann-sin-forsta-stora-omrostning\/#article","isPartOf":{"@id":"https:\/\/lightweb.dev\/l\/svm-temp\/nyheter\/regeringen-vann-sin-forsta-stora-omrostning\/"},"author":{"name":"Robbie Eriksson","@id":"https:\/\/lightweb.dev\/l\/svm-temp\/#\/schema\/person\/caffe038990d25722f5a04a03c906a2b"},"headline":"Regeringen vann sin f\u00f6rsta stora omr\u00f6stning","datePublished":"2024-01-12T15:06:29+00:00","mainEntityOfPage":{"@id":"https:\/\/lightweb.dev\/l\/svm-temp\/nyheter\/regeringen-vann-sin-forsta-stora-omrostning\/"},"wordCount":171,"publisher":{"@id":"https:\/\/lightweb.dev\/l\/svm-temp\/#organization"},"image":{"@id":"https:\/\/lightweb.dev\/l\/svm-temp\/nyheter\/regeringen-vann-sin-forsta-stora-omrostning\/#primaryimage"},"thumbnailUrl":"https:\/\/lightweb.dev\/l\/svm-temp\/wp-content\/uploads\/2024\/01\/187310737-1200x840-1.webp","articleSection":["Arkiv","Nyheter"],"inLanguage":"sv-SE"},{"@type":"WebPage","@id":"https:\/\/lightweb.dev\/l\/svm-temp\/nyheter\/regeringen-vann-sin-forsta-stora-omrostning\/","url":"https:\/\/lightweb.dev\/l\/svm-temp\/nyheter\/regeringen-vann-sin-forsta-stora-omrostning\/","name":"Regeringen vann sin f\u00f6rsta stora omr\u00f6stning - Svenska Magasinet","isPartOf":{"@id":"https:\/\/lightweb.dev\/l\/svm-temp\/#website"},"primaryImageOfPage":{"@id":"https:\/\/lightweb.dev\/l\/svm-temp\/nyheter\/regeringen-vann-sin-forsta-stora-omrostning\/#primaryimage"},"image":{"@id":"https:\/\/lightweb.dev\/l\/svm-temp\/nyheter\/regeringen-vann-sin-forsta-stora-omrostning\/#primaryimage"},"thumbnailUrl":"https:\/\/lightweb.dev\/l\/svm-temp\/wp-content\/uploads\/2024\/01\/187310737-1200x840-1.webp","datePublished":"2024-01-12T15:06:29+00:00","breadcrumb":{"@id":"https:\/\/lightweb.dev\/l\/svm-temp\/nyheter\/regeringen-vann-sin-forsta-stora-omrostning\/#breadcrumb"},"inLanguage":"sv-SE","potentialAction":[{"@type":"ReadAction","target":["https:\/\/lightweb.dev\/l\/svm-temp\/nyheter\/regeringen-vann-sin-forsta-stora-omrostning\/"]}]},{"@type":"ImageObject","inLanguage":"sv-SE","@id":"https:\/\/lightweb.dev\/l\/svm-temp\/nyheter\/regeringen-vann-sin-forsta-stora-omrostning\/#primaryimage","url":"https:\/\/lightweb.dev\/l\/svm-temp\/wp-content\/uploads\/2024\/01\/187310737-1200x840-1.webp","contentUrl":"https:\/\/lightweb.dev\/l\/svm-temp\/wp-content\/uploads\/2024\/01\/187310737-1200x840-1.webp","width":1200,"height":840,"caption":"Premi\u00e4rminister Pedro S\u00e1nchez inv\u00e4ntar resultatet av omr\u00f6stningen. (Bild: EFE)."},{"@type":"BreadcrumbList","@id":"https:\/\/lightweb.dev\/l\/svm-temp\/nyheter\/regeringen-vann-sin-forsta-stora-omrostning\/#breadcrumb","itemListElement":[{"@type":"ListItem","position":1,"name":"Hem","item":"https:\/\/lightweb.dev\/l\/svm-temp\/"},{"@type":"ListItem","position":2,"name":"Regeringen vann sin f\u00f6rsta stora omr\u00f6stning"}]},{"@type":"WebSite","@id":"https:\/\/lightweb.dev\/l\/svm-temp\/#website","url":"https:\/\/lightweb.dev\/l\/svm-temp\/","name":"Svenska Magasinet","description":"Dina Spanska nyheter p&aring; Svenska","publisher":{"@id":"https:\/\/lightweb.dev\/l\/svm-temp\/#organization"},"potentialAction":[{"@type":"SearchAction","target":{"@type":"EntryPoint","urlTemplate":"https:\/\/lightweb.dev\/l\/svm-temp\/?s={search_term_string}"},"query-input":{"@type":"PropertyValueSpecification","valueRequired":true,"valueName":"search_term_string"}}],"inLanguage":"sv-SE"},{"@type":"Organization","@id":"https:\/\/lightweb.dev\/l\/svm-temp\/#organization","name":"Melkerson y Nott SL","alternateName":"Svenska Magasinet","url":"https:\/\/lightweb.dev\/l\/svm-temp\/","logo":{"@type":"ImageObject","inLanguage":"sv-SE","@id":"https:\/\/lightweb.dev\/l\/svm-temp\/#\/schema\/logo\/image\/","url":"https:\/\/lightweb.dev\/l\/svm-temp\/wp-content\/uploads\/2025\/02\/SvM-logo-Xtra-Centrerad-SVART.png","contentUrl":"https:\/\/lightweb.dev\/l\/svm-temp\/wp-content\/uploads\/2025\/02\/SvM-logo-Xtra-Centrerad-SVART.png","width":300,"height":99,"caption":"Melkerson y Nott SL"},"image":{"@id":"https:\/\/lightweb.dev\/l\/svm-temp\/#\/schema\/logo\/image\/"},"sameAs":["https:\/\/www.facebook.com\/svenskamagasinet","https:\/\/x.com\/SvenskaMagasine"]},{"@type":"Person","@id":"https:\/\/lightweb.dev\/l\/svm-temp\/#\/schema\/person\/caffe038990d25722f5a04a03c906a2b","name":"Robbie Eriksson","sameAs":["https:\/\/lightweb.dev\/l\/svm-temp"],"url":"https:\/\/lightweb.dev\/l\/svm-temp\/reporter\/robbie-eriksson\/"}]}},"_links":{"self":[{"href":"https:\/\/lightweb.dev\/l\/svm-temp\/wp-json\/wp\/v2\/posts\/68962","targetHints":{"allow":["GET"]}}],"collection":[{"href":"https:\/\/lightweb.dev\/l\/svm-temp\/wp-json\/wp\/v2\/posts"}],"about":[{"href":"https:\/\/lightweb.dev\/l\/svm-temp\/wp-json\/wp\/v2\/types\/post"}],"author":[{"embeddable":true,"href":"https:\/\/lightweb.dev\/l\/svm-temp\/wp-json\/wp\/v2\/users\/14"}],"replies":[{"embeddable":true,"href":"https:\/\/lightweb.dev\/l\/svm-temp\/wp-json\/wp\/v2\/comments?post=68962"}],"version-history":[{"count":0,"href":"https:\/\/lightweb.dev\/l\/svm-temp\/wp-json\/wp\/v2\/posts\/68962\/revisions"}],"wp:featuredmedia":[{"embeddable":true,"href":"https:\/\/lightweb.dev\/l\/svm-temp\/wp-json\/wp\/v2\/media\/68963"}],"wp:attachment":[{"href":"https:\/\/lightweb.dev\/l\/svm-temp\/wp-json\/wp\/v2\/media?parent=68962"}],"wp:term":[{"taxonomy":"category","embeddable":true,"href":"https:\/\/lightweb.dev\/l\/svm-temp\/wp-json\/wp\/v2\/categories?post=68962"},{"taxonomy":"post_tag","embeddable":true,"href":"https:\/\/lightweb.dev\/l\/svm-temp\/wp-json\/wp\/v2\/tags?post=68962"}],"curies":[{"name":"wp","href":"https:\/\/api.w.org\/{rel}","templated":true}]}}