{"id":68967,"date":"2024-01-12T16:32:11","date_gmt":"2024-01-12T15:32:11","guid":{"rendered":"https:\/\/lightweb.dev\/l\/svm-temp\/?p=68967"},"modified":"2024-01-12T16:32:11","modified_gmt":"2024-01-12T15:32:11","slug":"fem-regioner-kan-lyfta-maskkravet-redan-nu","status":"publish","type":"post","link":"https:\/\/lightweb.dev\/l\/svm-temp\/nyheter\/fem-regioner-kan-lyfta-maskkravet-redan-nu\/","title":{"rendered":"Fem regioner kan lyfta maskkravet redan nu"},"content":{"rendered":"<p><strong>Andalusien, Baskien, Extremadura, Kantabrien och Kanarie\u00f6arna uppfyller kraven f\u00f6r att \u00e4ndra regeringens masktv\u00e5ng till en rekommendation.\u00a0<\/strong><\/p>\n<p><span style=\"font-weight: 400;\">Fem av Spaniens regioner har nu m\u00f6jlighet att upph\u00e4va regeringens krav p\u00e5 ansiktsmasker, som g\u00e4ller i sjukhus, v\u00e5rdcentraler och apotek, om de \u00f6nskar. Kravet inf\u00f6rdes av h\u00e4lsoministeriet i alla landets regioner i onsdags denna vecka f\u00f6r att minska den stora spridningen av influensa som har p\u00e5verkat hela landet sedan mitten av december.\u00a0<\/span><\/p>\n<p><span style=\"font-weight: 400;\">Den nya skrivelsen inneh\u00e5ller dock en del undantag och nu st\u00e5r det klart att Andalusien, Baskien, Extremadura, Kantabrien och Kanarie\u00f6arna uppfyller kraven f\u00f6r att sj\u00e4lva f\u00e5 best\u00e4mma om de ska f\u00f6lja ministeriets regler.\u00a0<\/span><\/p>\n<p><span style=\"font-weight: 400;\">I dessa fem regioner har antalet fall av luftv\u00e4gsinfektioner minskat per 100 000 inv\u00e5nare under tv\u00e5 veckor i f\u00f6ljd. Detta enligt den f\u00f6rsta epidemiologiska veckorapporten f\u00f6r 2024.<\/span><\/p>\n<p><span style=\"font-weight: 400;\">Kravet lyfts dock inte automatiskt. Det \u00e4r upp till regionerna sj\u00e4lva att \u00e4ndra kravet p\u00e5 skyddsmasker till att endast vara en rekommendation.\u00a0<\/span><\/p>\n<p><span style=\"font-weight: 400;\">\u00c4ven om dessa fem regioner kan visa sjunkande siffror under de tv\u00e5 senaste veckorna ser situationen v\u00e4ldigt annorlunda ut mellan dem. Andalusien och Extremadura har 459 respektive 675 fall per 100 000 inv\u00e5nare, ungef\u00e4r h\u00e4lften av snittet sett till hela landet. Kantabrien och Kanarie\u00f6arnas siffror ligger p\u00e5 1 243 och 1 122 vilket \u00e4r klart \u00f6ver det nationella snittet.\u00a0<\/span><\/p>\n<p><span style=\"font-weight: 400;\">Det nationella snittet ligger p\u00e5 935 fall per 100 000 personer enligt den senaste rapporten. Det betyder att frekvensen av infektioner har fallit n\u00e5got (3 procent) under \u00e5rets f\u00f6rsta vecka. Anledningen tros vara att influensan har n\u00e5tt sin vintertopp och nu avtar.\u00a0<\/span><\/p>\n<p><span style=\"font-weight: 400;\">Om man ser till endast influensa specifikt s\u00e5 har 387 fall per 100 000 inv\u00e5nare rapporterats av husl\u00e4kare mellan den 1 och 7 januari. Det \u00e4r 51 f\u00e4rre \u00e4n den f\u00f6reg\u00e5ende veckan.\u00a0<\/span><\/p>\n<h2><span style=\"font-weight: 400;\">Antalet sjukhusinl\u00e4ggningar \u00f6kar<\/span><\/h2>\n<p><span style=\"font-weight: 400;\">Trots detta kan den problematiska situationen inte anses vara \u00f6ver d\u00e5 antalet fall fortfarande s\u00e4tter ett stort tryck p\u00e5 sjukhusen n\u00e4r det g\u00e4ller s\u00e4ngplatser. Under f\u00f6rra veckan lades 14 personer per 100 000 inv\u00e5nare in p\u00e5 sjukhus p\u00e5 grund av luftv\u00e4gsinfektioner, en mycket kraftig \u00f6kning j\u00e4mf\u00f6rt med veckan innan. D\u00e5 var siffran endast 9,4.<\/span><\/p>\n<p><span style=\"font-weight: 400;\">Det betyder att antalet sjukhusinl\u00e4ggningar har \u00f6kat nio veckor i rad. De flesta som l\u00e4ggs in \u00e4r \u00e4ldre personer som har underliggande sjukdomar.\u00a0<\/span><\/p>\n<p><span style=\"font-weight: 400;\">F\u00f6r att s\u00e4kerst\u00e4lla att antalet influensafall har n\u00e5tt sin toppnoteringen f\u00f6r s\u00e4songen beh\u00f6ver vi inv\u00e4nta \u00e5rets andra veckorapport. Den sl\u00e4pps p\u00e5 torsdag n\u00e4sta vecka.\u00a0<\/span><\/p>\n","protected":false},"excerpt":{"rendered":"<p>Andalusien, Baskien, Extremadura, Kantabrien och Kanarie\u00f6arna uppfyller kraven f\u00f6r att \u00e4ndra regeringens masktv\u00e5ng till en rekommendation.\u00a0<\/p>\n","protected":false},"author":14,"featured_media":56748,"comment_status":"closed","ping_status":"closed","sticky":false,"template":"","format":"standard","meta":{"_et_pb_use_builder":"","_et_pb_old_content":"","_et_gb_content_width":"","footnotes":""},"categories":[395,3],"tags":[],"class_list":["post-68967","post","type-post","status-publish","format-standard","has-post-thumbnail","hentry","category-arkiv-nyheter","category-nyheter"],"yoast_head":"<!-- This site is optimized with the Yoast SEO Premium plugin v26.2 (Yoast SEO v27.4) - https:\/\/yoast.com\/product\/yoast-seo-premium-wordpress\/ -->\n<title>Fem regioner kan lyfta maskkravet redan nu - Svenska Magasinet<\/title>\n<meta name=\"robots\" content=\"noindex, follow, max-snippet:-1, max-image-preview:large, max-video-preview:-1\" \/>\n<meta property=\"og:locale\" content=\"sv_SE\" \/>\n<meta property=\"og:type\" content=\"article\" \/>\n<meta property=\"og:title\" content=\"Fem regioner kan lyfta maskkravet redan nu\" \/>\n<meta property=\"og:description\" content=\"Andalusien, Baskien, Extremadura, Kantabrien och Kanarie\u00f6arna uppfyller kraven f\u00f6r att \u00e4ndra regeringens masktv\u00e5ng till en rekommendation.\u00a0\" \/>\n<meta property=\"og:url\" content=\"https:\/\/lightweb.dev\/l\/svm-temp\/nyheter\/fem-regioner-kan-lyfta-maskkravet-redan-nu\/\" \/>\n<meta property=\"og:site_name\" content=\"Svenska Magasinet\" \/>\n<meta property=\"article:publisher\" content=\"https:\/\/www.facebook.com\/svenskamagasinet\" \/>\n<meta property=\"article:published_time\" content=\"2024-01-12T15:32:11+00:00\" \/>\n<meta property=\"og:image\" content=\"https:\/\/lightweb.dev\/l\/svm-temp\/wp-content\/uploads\/2022\/08\/900000-gratis-ansiktsmasker-till-folket.jpg\" \/>\n\t<meta property=\"og:image:width\" content=\"500\" \/>\n\t<meta property=\"og:image:height\" content=\"300\" \/>\n\t<meta property=\"og:image:type\" content=\"image\/jpeg\" \/>\n<meta name=\"author\" content=\"Robbie Eriksson\" \/>\n<meta name=\"twitter:card\" content=\"summary_large_image\" \/>\n<meta name=\"twitter:creator\" content=\"@SvenskaMagasine\" \/>\n<meta name=\"twitter:site\" content=\"@SvenskaMagasine\" \/>\n<script type=\"application\/ld+json\" class=\"yoast-schema-graph\">{\"@context\":\"https:\\\/\\\/schema.org\",\"@graph\":[{\"@type\":\"Article\",\"@id\":\"https:\\\/\\\/lightweb.dev\\\/l\\\/svm-temp\\\/nyheter\\\/fem-regioner-kan-lyfta-maskkravet-redan-nu\\\/#article\",\"isPartOf\":{\"@id\":\"https:\\\/\\\/lightweb.dev\\\/l\\\/svm-temp\\\/nyheter\\\/fem-regioner-kan-lyfta-maskkravet-redan-nu\\\/\"},\"author\":{\"name\":\"Robbie Eriksson\",\"@id\":\"https:\\\/\\\/lightweb.dev\\\/l\\\/svm-temp\\\/#\\\/schema\\\/person\\\/caffe038990d25722f5a04a03c906a2b\"},\"headline\":\"Fem regioner kan lyfta maskkravet redan nu\",\"datePublished\":\"2024-01-12T15:32:11+00:00\",\"mainEntityOfPage\":{\"@id\":\"https:\\\/\\\/lightweb.dev\\\/l\\\/svm-temp\\\/nyheter\\\/fem-regioner-kan-lyfta-maskkravet-redan-nu\\\/\"},\"wordCount\":428,\"publisher\":{\"@id\":\"https:\\\/\\\/lightweb.dev\\\/l\\\/svm-temp\\\/#organization\"},\"image\":{\"@id\":\"https:\\\/\\\/lightweb.dev\\\/l\\\/svm-temp\\\/nyheter\\\/fem-regioner-kan-lyfta-maskkravet-redan-nu\\\/#primaryimage\"},\"thumbnailUrl\":\"https:\\\/\\\/lightweb.dev\\\/l\\\/svm-temp\\\/wp-content\\\/uploads\\\/2022\\\/08\\\/900000-gratis-ansiktsmasker-till-folket.jpg\",\"articleSection\":[\"Arkiv\",\"Nyheter\"],\"inLanguage\":\"sv-SE\"},{\"@type\":\"WebPage\",\"@id\":\"https:\\\/\\\/lightweb.dev\\\/l\\\/svm-temp\\\/nyheter\\\/fem-regioner-kan-lyfta-maskkravet-redan-nu\\\/\",\"url\":\"https:\\\/\\\/lightweb.dev\\\/l\\\/svm-temp\\\/nyheter\\\/fem-regioner-kan-lyfta-maskkravet-redan-nu\\\/\",\"name\":\"Fem regioner kan lyfta maskkravet redan nu - Svenska Magasinet\",\"isPartOf\":{\"@id\":\"https:\\\/\\\/lightweb.dev\\\/l\\\/svm-temp\\\/#website\"},\"primaryImageOfPage\":{\"@id\":\"https:\\\/\\\/lightweb.dev\\\/l\\\/svm-temp\\\/nyheter\\\/fem-regioner-kan-lyfta-maskkravet-redan-nu\\\/#primaryimage\"},\"image\":{\"@id\":\"https:\\\/\\\/lightweb.dev\\\/l\\\/svm-temp\\\/nyheter\\\/fem-regioner-kan-lyfta-maskkravet-redan-nu\\\/#primaryimage\"},\"thumbnailUrl\":\"https:\\\/\\\/lightweb.dev\\\/l\\\/svm-temp\\\/wp-content\\\/uploads\\\/2022\\\/08\\\/900000-gratis-ansiktsmasker-till-folket.jpg\",\"datePublished\":\"2024-01-12T15:32:11+00:00\",\"breadcrumb\":{\"@id\":\"https:\\\/\\\/lightweb.dev\\\/l\\\/svm-temp\\\/nyheter\\\/fem-regioner-kan-lyfta-maskkravet-redan-nu\\\/#breadcrumb\"},\"inLanguage\":\"sv-SE\",\"potentialAction\":[{\"@type\":\"ReadAction\",\"target\":[\"https:\\\/\\\/lightweb.dev\\\/l\\\/svm-temp\\\/nyheter\\\/fem-regioner-kan-lyfta-maskkravet-redan-nu\\\/\"]}]},{\"@type\":\"ImageObject\",\"inLanguage\":\"sv-SE\",\"@id\":\"https:\\\/\\\/lightweb.dev\\\/l\\\/svm-temp\\\/nyheter\\\/fem-regioner-kan-lyfta-maskkravet-redan-nu\\\/#primaryimage\",\"url\":\"https:\\\/\\\/lightweb.dev\\\/l\\\/svm-temp\\\/wp-content\\\/uploads\\\/2022\\\/08\\\/900000-gratis-ansiktsmasker-till-folket.jpg\",\"contentUrl\":\"https:\\\/\\\/lightweb.dev\\\/l\\\/svm-temp\\\/wp-content\\\/uploads\\\/2022\\\/08\\\/900000-gratis-ansiktsmasker-till-folket.jpg\",\"width\":500,\"height\":300},{\"@type\":\"BreadcrumbList\",\"@id\":\"https:\\\/\\\/lightweb.dev\\\/l\\\/svm-temp\\\/nyheter\\\/fem-regioner-kan-lyfta-maskkravet-redan-nu\\\/#breadcrumb\",\"itemListElement\":[{\"@type\":\"ListItem\",\"position\":1,\"name\":\"Hem\",\"item\":\"https:\\\/\\\/lightweb.dev\\\/l\\\/svm-temp\\\/\"},{\"@type\":\"ListItem\",\"position\":2,\"name\":\"Fem regioner kan lyfta maskkravet redan nu\"}]},{\"@type\":\"WebSite\",\"@id\":\"https:\\\/\\\/lightweb.dev\\\/l\\\/svm-temp\\\/#website\",\"url\":\"https:\\\/\\\/lightweb.dev\\\/l\\\/svm-temp\\\/\",\"name\":\"Svenska Magasinet\",\"description\":\"Dina Spanska nyheter p&aring; Svenska\",\"publisher\":{\"@id\":\"https:\\\/\\\/lightweb.dev\\\/l\\\/svm-temp\\\/#organization\"},\"potentialAction\":[{\"@type\":\"SearchAction\",\"target\":{\"@type\":\"EntryPoint\",\"urlTemplate\":\"https:\\\/\\\/lightweb.dev\\\/l\\\/svm-temp\\\/?s={search_term_string}\"},\"query-input\":{\"@type\":\"PropertyValueSpecification\",\"valueRequired\":true,\"valueName\":\"search_term_string\"}}],\"inLanguage\":\"sv-SE\"},{\"@type\":\"Organization\",\"@id\":\"https:\\\/\\\/lightweb.dev\\\/l\\\/svm-temp\\\/#organization\",\"name\":\"Melkerson y Nott SL\",\"alternateName\":\"Svenska Magasinet\",\"url\":\"https:\\\/\\\/lightweb.dev\\\/l\\\/svm-temp\\\/\",\"logo\":{\"@type\":\"ImageObject\",\"inLanguage\":\"sv-SE\",\"@id\":\"https:\\\/\\\/lightweb.dev\\\/l\\\/svm-temp\\\/#\\\/schema\\\/logo\\\/image\\\/\",\"url\":\"https:\\\/\\\/lightweb.dev\\\/l\\\/svm-temp\\\/wp-content\\\/uploads\\\/2025\\\/02\\\/SvM-logo-Xtra-Centrerad-SVART.png\",\"contentUrl\":\"https:\\\/\\\/lightweb.dev\\\/l\\\/svm-temp\\\/wp-content\\\/uploads\\\/2025\\\/02\\\/SvM-logo-Xtra-Centrerad-SVART.png\",\"width\":300,\"height\":99,\"caption\":\"Melkerson y Nott SL\"},\"image\":{\"@id\":\"https:\\\/\\\/lightweb.dev\\\/l\\\/svm-temp\\\/#\\\/schema\\\/logo\\\/image\\\/\"},\"sameAs\":[\"https:\\\/\\\/www.facebook.com\\\/svenskamagasinet\",\"https:\\\/\\\/x.com\\\/SvenskaMagasine\"]},{\"@type\":\"Person\",\"@id\":\"https:\\\/\\\/lightweb.dev\\\/l\\\/svm-temp\\\/#\\\/schema\\\/person\\\/caffe038990d25722f5a04a03c906a2b\",\"name\":\"Robbie Eriksson\",\"sameAs\":[\"https:\\\/\\\/lightweb.dev\\\/l\\\/svm-temp\"],\"url\":\"https:\\\/\\\/lightweb.dev\\\/l\\\/svm-temp\\\/reporter\\\/robbie-eriksson\\\/\"}]}<\/script>\n<!-- \/ Yoast SEO Premium plugin. -->","yoast_head_json":{"title":"Fem regioner kan lyfta maskkravet redan nu - Svenska Magasinet","robots":{"index":"noindex","follow":"follow","max-snippet":"max-snippet:-1","max-image-preview":"max-image-preview:large","max-video-preview":"max-video-preview:-1"},"og_locale":"sv_SE","og_type":"article","og_title":"Fem regioner kan lyfta maskkravet redan nu","og_description":"Andalusien, Baskien, Extremadura, Kantabrien och Kanarie\u00f6arna uppfyller kraven f\u00f6r att \u00e4ndra regeringens masktv\u00e5ng till en rekommendation.\u00a0","og_url":"https:\/\/lightweb.dev\/l\/svm-temp\/nyheter\/fem-regioner-kan-lyfta-maskkravet-redan-nu\/","og_site_name":"Svenska Magasinet","article_publisher":"https:\/\/www.facebook.com\/svenskamagasinet","article_published_time":"2024-01-12T15:32:11+00:00","og_image":[{"width":500,"height":300,"url":"https:\/\/lightweb.dev\/l\/svm-temp\/wp-content\/uploads\/2022\/08\/900000-gratis-ansiktsmasker-till-folket.jpg","type":"image\/jpeg"}],"author":"Robbie Eriksson","twitter_card":"summary_large_image","twitter_creator":"@SvenskaMagasine","twitter_site":"@SvenskaMagasine","schema":{"@context":"https:\/\/schema.org","@graph":[{"@type":"Article","@id":"https:\/\/lightweb.dev\/l\/svm-temp\/nyheter\/fem-regioner-kan-lyfta-maskkravet-redan-nu\/#article","isPartOf":{"@id":"https:\/\/lightweb.dev\/l\/svm-temp\/nyheter\/fem-regioner-kan-lyfta-maskkravet-redan-nu\/"},"author":{"name":"Robbie Eriksson","@id":"https:\/\/lightweb.dev\/l\/svm-temp\/#\/schema\/person\/caffe038990d25722f5a04a03c906a2b"},"headline":"Fem regioner kan lyfta maskkravet redan nu","datePublished":"2024-01-12T15:32:11+00:00","mainEntityOfPage":{"@id":"https:\/\/lightweb.dev\/l\/svm-temp\/nyheter\/fem-regioner-kan-lyfta-maskkravet-redan-nu\/"},"wordCount":428,"publisher":{"@id":"https:\/\/lightweb.dev\/l\/svm-temp\/#organization"},"image":{"@id":"https:\/\/lightweb.dev\/l\/svm-temp\/nyheter\/fem-regioner-kan-lyfta-maskkravet-redan-nu\/#primaryimage"},"thumbnailUrl":"https:\/\/lightweb.dev\/l\/svm-temp\/wp-content\/uploads\/2022\/08\/900000-gratis-ansiktsmasker-till-folket.jpg","articleSection":["Arkiv","Nyheter"],"inLanguage":"sv-SE"},{"@type":"WebPage","@id":"https:\/\/lightweb.dev\/l\/svm-temp\/nyheter\/fem-regioner-kan-lyfta-maskkravet-redan-nu\/","url":"https:\/\/lightweb.dev\/l\/svm-temp\/nyheter\/fem-regioner-kan-lyfta-maskkravet-redan-nu\/","name":"Fem regioner kan lyfta maskkravet redan nu - Svenska Magasinet","isPartOf":{"@id":"https:\/\/lightweb.dev\/l\/svm-temp\/#website"},"primaryImageOfPage":{"@id":"https:\/\/lightweb.dev\/l\/svm-temp\/nyheter\/fem-regioner-kan-lyfta-maskkravet-redan-nu\/#primaryimage"},"image":{"@id":"https:\/\/lightweb.dev\/l\/svm-temp\/nyheter\/fem-regioner-kan-lyfta-maskkravet-redan-nu\/#primaryimage"},"thumbnailUrl":"https:\/\/lightweb.dev\/l\/svm-temp\/wp-content\/uploads\/2022\/08\/900000-gratis-ansiktsmasker-till-folket.jpg","datePublished":"2024-01-12T15:32:11+00:00","breadcrumb":{"@id":"https:\/\/lightweb.dev\/l\/svm-temp\/nyheter\/fem-regioner-kan-lyfta-maskkravet-redan-nu\/#breadcrumb"},"inLanguage":"sv-SE","potentialAction":[{"@type":"ReadAction","target":["https:\/\/lightweb.dev\/l\/svm-temp\/nyheter\/fem-regioner-kan-lyfta-maskkravet-redan-nu\/"]}]},{"@type":"ImageObject","inLanguage":"sv-SE","@id":"https:\/\/lightweb.dev\/l\/svm-temp\/nyheter\/fem-regioner-kan-lyfta-maskkravet-redan-nu\/#primaryimage","url":"https:\/\/lightweb.dev\/l\/svm-temp\/wp-content\/uploads\/2022\/08\/900000-gratis-ansiktsmasker-till-folket.jpg","contentUrl":"https:\/\/lightweb.dev\/l\/svm-temp\/wp-content\/uploads\/2022\/08\/900000-gratis-ansiktsmasker-till-folket.jpg","width":500,"height":300},{"@type":"BreadcrumbList","@id":"https:\/\/lightweb.dev\/l\/svm-temp\/nyheter\/fem-regioner-kan-lyfta-maskkravet-redan-nu\/#breadcrumb","itemListElement":[{"@type":"ListItem","position":1,"name":"Hem","item":"https:\/\/lightweb.dev\/l\/svm-temp\/"},{"@type":"ListItem","position":2,"name":"Fem regioner kan lyfta maskkravet redan nu"}]},{"@type":"WebSite","@id":"https:\/\/lightweb.dev\/l\/svm-temp\/#website","url":"https:\/\/lightweb.dev\/l\/svm-temp\/","name":"Svenska Magasinet","description":"Dina Spanska nyheter p&aring; Svenska","publisher":{"@id":"https:\/\/lightweb.dev\/l\/svm-temp\/#organization"},"potentialAction":[{"@type":"SearchAction","target":{"@type":"EntryPoint","urlTemplate":"https:\/\/lightweb.dev\/l\/svm-temp\/?s={search_term_string}"},"query-input":{"@type":"PropertyValueSpecification","valueRequired":true,"valueName":"search_term_string"}}],"inLanguage":"sv-SE"},{"@type":"Organization","@id":"https:\/\/lightweb.dev\/l\/svm-temp\/#organization","name":"Melkerson y Nott SL","alternateName":"Svenska Magasinet","url":"https:\/\/lightweb.dev\/l\/svm-temp\/","logo":{"@type":"ImageObject","inLanguage":"sv-SE","@id":"https:\/\/lightweb.dev\/l\/svm-temp\/#\/schema\/logo\/image\/","url":"https:\/\/lightweb.dev\/l\/svm-temp\/wp-content\/uploads\/2025\/02\/SvM-logo-Xtra-Centrerad-SVART.png","contentUrl":"https:\/\/lightweb.dev\/l\/svm-temp\/wp-content\/uploads\/2025\/02\/SvM-logo-Xtra-Centrerad-SVART.png","width":300,"height":99,"caption":"Melkerson y Nott SL"},"image":{"@id":"https:\/\/lightweb.dev\/l\/svm-temp\/#\/schema\/logo\/image\/"},"sameAs":["https:\/\/www.facebook.com\/svenskamagasinet","https:\/\/x.com\/SvenskaMagasine"]},{"@type":"Person","@id":"https:\/\/lightweb.dev\/l\/svm-temp\/#\/schema\/person\/caffe038990d25722f5a04a03c906a2b","name":"Robbie Eriksson","sameAs":["https:\/\/lightweb.dev\/l\/svm-temp"],"url":"https:\/\/lightweb.dev\/l\/svm-temp\/reporter\/robbie-eriksson\/"}]}},"_links":{"self":[{"href":"https:\/\/lightweb.dev\/l\/svm-temp\/wp-json\/wp\/v2\/posts\/68967","targetHints":{"allow":["GET"]}}],"collection":[{"href":"https:\/\/lightweb.dev\/l\/svm-temp\/wp-json\/wp\/v2\/posts"}],"about":[{"href":"https:\/\/lightweb.dev\/l\/svm-temp\/wp-json\/wp\/v2\/types\/post"}],"author":[{"embeddable":true,"href":"https:\/\/lightweb.dev\/l\/svm-temp\/wp-json\/wp\/v2\/users\/14"}],"replies":[{"embeddable":true,"href":"https:\/\/lightweb.dev\/l\/svm-temp\/wp-json\/wp\/v2\/comments?post=68967"}],"version-history":[{"count":0,"href":"https:\/\/lightweb.dev\/l\/svm-temp\/wp-json\/wp\/v2\/posts\/68967\/revisions"}],"wp:featuredmedia":[{"embeddable":true,"href":"https:\/\/lightweb.dev\/l\/svm-temp\/wp-json\/wp\/v2\/media\/56748"}],"wp:attachment":[{"href":"https:\/\/lightweb.dev\/l\/svm-temp\/wp-json\/wp\/v2\/media?parent=68967"}],"wp:term":[{"taxonomy":"category","embeddable":true,"href":"https:\/\/lightweb.dev\/l\/svm-temp\/wp-json\/wp\/v2\/categories?post=68967"},{"taxonomy":"post_tag","embeddable":true,"href":"https:\/\/lightweb.dev\/l\/svm-temp\/wp-json\/wp\/v2\/tags?post=68967"}],"curies":[{"name":"wp","href":"https:\/\/api.w.org\/{rel}","templated":true}]}}