{"id":68971,"date":"2024-01-14T18:31:17","date_gmt":"2024-01-14T17:31:17","guid":{"rendered":"https:\/\/lightweb.dev\/l\/svm-temp\/?p=68971"},"modified":"2024-01-14T18:34:15","modified_gmt":"2024-01-14T17:34:15","slug":"finlandare-nodlandade-pa-costa-tropical","status":"publish","type":"post","link":"https:\/\/lightweb.dev\/l\/svm-temp\/nyheter\/finlandare-nodlandade-pa-costa-tropical\/","title":{"rendered":"Finl\u00e4ndare n\u00f6dlandade p\u00e5 Costa Tropical"},"content":{"rendered":"<p><strong>En finsk pilot som var ute p\u00e5 en \u00f6vningsflygning tillsammans med tv\u00e5 elever fick n\u00f6dlanda p\u00e5 stranden i Salobre\u00f1a p\u00e5 Costa Tropical.<\/strong><\/p>\n<p><strong>Inga personskador rapporteras.<\/strong><\/p>\n<p>Dagstidningen <a href=\"https:\/\/www.ideal.es\/granada\/costa\/avioneta-aterriza-playa-salobrena-averia-motor-20240112162233-nt.html\">Ideal<\/a> skriver att planet var p\u00e5 v\u00e4g fr\u00e5n Almer\u00eda till C\u00f3rdoba i samband med en utbildning n\u00e4r det fick motorproblem.<\/p>\n<div id=\"attachment_68973\" style=\"width: 310px\" class=\"wp-caption alignleft\"><img loading=\"lazy\" decoding=\"async\" aria-describedby=\"caption-attachment-68973\" class=\"size-medium wp-image-68973\" src=\"https:\/\/lightweb.dev\/l\/svm-temp\/wp-content\/uploads\/2024\/01\/GDqVf7EWwAA0y_H-stor-300x212.jpeg\" alt=\"\" width=\"300\" height=\"212\" srcset=\"https:\/\/lightweb.dev\/l\/svm-temp\/wp-content\/uploads\/2024\/01\/GDqVf7EWwAA0y_H-stor-300x212.jpeg 300w, https:\/\/lightweb.dev\/l\/svm-temp\/wp-content\/uploads\/2024\/01\/GDqVf7EWwAA0y_H-stor-900x637.jpeg 900w, https:\/\/lightweb.dev\/l\/svm-temp\/wp-content\/uploads\/2024\/01\/GDqVf7EWwAA0y_H-stor-768x544.jpeg 768w, https:\/\/lightweb.dev\/l\/svm-temp\/wp-content\/uploads\/2024\/01\/GDqVf7EWwAA0y_H-stor-610x432.jpeg 610w, https:\/\/lightweb.dev\/l\/svm-temp\/wp-content\/uploads\/2024\/01\/GDqVf7EWwAA0y_H-stor-400x284.jpeg 400w, https:\/\/lightweb.dev\/l\/svm-temp\/wp-content\/uploads\/2024\/01\/GDqVf7EWwAA0y_H-stor-1080x764.jpeg 1080w, https:\/\/lightweb.dev\/l\/svm-temp\/wp-content\/uploads\/2024\/01\/GDqVf7EWwAA0y_H-stor-600x425.jpeg 600w, https:\/\/lightweb.dev\/l\/svm-temp\/wp-content\/uploads\/2024\/01\/GDqVf7EWwAA0y_H-stor.jpeg 1280w\" sizes=\"(max-width: 300px) 100vw, 300px\" \/><p id=\"caption-attachment-68973\" class=\"wp-caption-text\">Med Flightradar24 kan man se planets f\u00e4rdriktning i samband med n\u00f6dlandningen.<\/p><\/div>\n<p>M\u00e5nga flan\u00f6rer l\u00e4ngs Paseo Mar\u00edtimo vid stranden La Charca blev \u00f6gonvittnen till h\u00e4ndelsen p\u00e5 l\u00f6rdagen och passade p\u00e5 att ta bilder av planet p\u00e5 stranden.<\/p>\n<p>Flygmekaniker anl\u00e4nde senare till platsen. Om det inte kan repareras kommer planet att transporteras till C\u00f3rdoba.<\/p>\n<p>Enligt finska <a href=\"https:\/\/svenska.yle.fi\/a\/7-10048987\">Yle<\/a> tillh\u00f6rde planet av typen Diamond DA40 NG f\u00f6rsvars- och teknikf\u00f6retaget Patrias som utbildar piloter i Pirkkala och i C\u00f3rdoba. F\u00f6retaget har totalt nio tr\u00e4ningsflygplan i C\u00f3rdoba.<\/p>\n<p>Patrias kommunikationsdirekt\u00f6r Sirje Ahvenlampi-Hyv\u00f6nen s\u00e4ger att n\u00f6dlandningen genomf\u00f6rdes helt enligt instruktionerna.<\/p>\n<p>\u2013 Piloten valde b\u00e4sta m\u00f6jliga plats att landa p\u00e5. I det h\u00e4r fallet var det en sandstrand.<\/p>\n<p><span>En liknande h\u00e4ndelse intr\u00e4ffade 2010 d\u00e5 ett litet plan n\u00f6dlanda p\u00e5 stranden La Charca p\u00e5 grund av att br\u00e4nslet hade tagit slut. tog slut.<\/span><\/p>\n","protected":false},"excerpt":{"rendered":"<p>En finsk pilot som var ute p\u00e5 en \u00f6vningsflygning tillsammans med tv\u00e5 elever fick n\u00f6dlanda p\u00e5 stranden i Salobre\u00f1a p\u00e5 Costa Tropical. Inga personskador rapporteras&#8230;<\/p>\n","protected":false},"author":7,"featured_media":68972,"comment_status":"closed","ping_status":"closed","sticky":false,"template":"","format":"standard","meta":{"_et_pb_use_builder":"","_et_pb_old_content":"","_et_gb_content_width":"","footnotes":""},"categories":[395,3],"tags":[],"class_list":["post-68971","post","type-post","status-publish","format-standard","has-post-thumbnail","hentry","category-arkiv-nyheter","category-nyheter"],"yoast_head":"<!-- This site is optimized with the Yoast SEO Premium plugin v26.2 (Yoast SEO v27.4) - https:\/\/yoast.com\/product\/yoast-seo-premium-wordpress\/ -->\n<title>Finl\u00e4ndare n\u00f6dlandade p\u00e5 Costa Tropical - Svenska Magasinet<\/title>\n<meta name=\"description\" content=\"En finsk pilot som var ute p\u00e5 en \u00f6vningsflygning tillsammans med tv\u00e5 elever fick n\u00f6dlanda p\u00e5 stranden i Salobre\u00f1a p\u00e5 Costa Tropical. Inga personskador rapporteras.\" \/>\n<meta name=\"robots\" content=\"noindex, follow, max-snippet:-1, max-image-preview:large, max-video-preview:-1\" \/>\n<meta property=\"og:locale\" content=\"sv_SE\" \/>\n<meta property=\"og:type\" content=\"article\" \/>\n<meta property=\"og:title\" content=\"Finl\u00e4ndare n\u00f6dlandade p\u00e5 Costa Tropical\" \/>\n<meta property=\"og:description\" content=\"En finsk pilot som var ute p\u00e5 en \u00f6vningsflygning tillsammans med tv\u00e5 elever fick n\u00f6dlanda p\u00e5 stranden i Salobre\u00f1a p\u00e5 Costa Tropical. Inga personskador rapporteras.\" \/>\n<meta property=\"og:url\" content=\"https:\/\/lightweb.dev\/l\/svm-temp\/nyheter\/finlandare-nodlandade-pa-costa-tropical\/\" \/>\n<meta property=\"og:site_name\" content=\"Svenska Magasinet\" \/>\n<meta property=\"article:publisher\" content=\"https:\/\/www.facebook.com\/svenskamagasinet\" \/>\n<meta property=\"article:published_time\" content=\"2024-01-14T17:31:17+00:00\" \/>\n<meta property=\"article:modified_time\" content=\"2024-01-14T17:34:15+00:00\" \/>\n<meta property=\"og:image\" content=\"https:\/\/lightweb.dev\/l\/svm-temp\/wp-content\/uploads\/2024\/01\/aterrizaje-avioneta-playa-1-stor.jpeg\" \/>\n\t<meta property=\"og:image:width\" content=\"1280\" \/>\n\t<meta property=\"og:image:height\" content=\"720\" \/>\n\t<meta property=\"og:image:type\" content=\"image\/jpeg\" \/>\n<meta name=\"author\" content=\"Ola Josefsson\" \/>\n<meta name=\"twitter:card\" content=\"summary_large_image\" \/>\n<meta name=\"twitter:creator\" content=\"@SvenskaMagasine\" \/>\n<meta name=\"twitter:site\" content=\"@SvenskaMagasine\" \/>\n<script type=\"application\/ld+json\" class=\"yoast-schema-graph\">{\"@context\":\"https:\\\/\\\/schema.org\",\"@graph\":[{\"@type\":\"Article\",\"@id\":\"https:\\\/\\\/lightweb.dev\\\/l\\\/svm-temp\\\/nyheter\\\/finlandare-nodlandade-pa-costa-tropical\\\/#article\",\"isPartOf\":{\"@id\":\"https:\\\/\\\/lightweb.dev\\\/l\\\/svm-temp\\\/nyheter\\\/finlandare-nodlandade-pa-costa-tropical\\\/\"},\"author\":{\"name\":\"Ola Josefsson\",\"@id\":\"https:\\\/\\\/lightweb.dev\\\/l\\\/svm-temp\\\/#\\\/schema\\\/person\\\/7a82b8a73d171d32360a564b6d03508e\"},\"headline\":\"Finl\u00e4ndare n\u00f6dlandade p\u00e5 Costa Tropical\",\"datePublished\":\"2024-01-14T17:31:17+00:00\",\"dateModified\":\"2024-01-14T17:34:15+00:00\",\"mainEntityOfPage\":{\"@id\":\"https:\\\/\\\/lightweb.dev\\\/l\\\/svm-temp\\\/nyheter\\\/finlandare-nodlandade-pa-costa-tropical\\\/\"},\"wordCount\":227,\"publisher\":{\"@id\":\"https:\\\/\\\/lightweb.dev\\\/l\\\/svm-temp\\\/#organization\"},\"image\":{\"@id\":\"https:\\\/\\\/lightweb.dev\\\/l\\\/svm-temp\\\/nyheter\\\/finlandare-nodlandade-pa-costa-tropical\\\/#primaryimage\"},\"thumbnailUrl\":\"https:\\\/\\\/lightweb.dev\\\/l\\\/svm-temp\\\/wp-content\\\/uploads\\\/2024\\\/01\\\/aterrizaje-avioneta-playa-1-stor.jpeg\",\"articleSection\":[\"Arkiv\",\"Nyheter\"],\"inLanguage\":\"sv-SE\"},{\"@type\":\"WebPage\",\"@id\":\"https:\\\/\\\/lightweb.dev\\\/l\\\/svm-temp\\\/nyheter\\\/finlandare-nodlandade-pa-costa-tropical\\\/\",\"url\":\"https:\\\/\\\/lightweb.dev\\\/l\\\/svm-temp\\\/nyheter\\\/finlandare-nodlandade-pa-costa-tropical\\\/\",\"name\":\"Finl\u00e4ndare n\u00f6dlandade p\u00e5 Costa Tropical - Svenska Magasinet\",\"isPartOf\":{\"@id\":\"https:\\\/\\\/lightweb.dev\\\/l\\\/svm-temp\\\/#website\"},\"primaryImageOfPage\":{\"@id\":\"https:\\\/\\\/lightweb.dev\\\/l\\\/svm-temp\\\/nyheter\\\/finlandare-nodlandade-pa-costa-tropical\\\/#primaryimage\"},\"image\":{\"@id\":\"https:\\\/\\\/lightweb.dev\\\/l\\\/svm-temp\\\/nyheter\\\/finlandare-nodlandade-pa-costa-tropical\\\/#primaryimage\"},\"thumbnailUrl\":\"https:\\\/\\\/lightweb.dev\\\/l\\\/svm-temp\\\/wp-content\\\/uploads\\\/2024\\\/01\\\/aterrizaje-avioneta-playa-1-stor.jpeg\",\"datePublished\":\"2024-01-14T17:31:17+00:00\",\"dateModified\":\"2024-01-14T17:34:15+00:00\",\"description\":\"En finsk pilot som var ute p\u00e5 en \u00f6vningsflygning tillsammans med tv\u00e5 elever fick n\u00f6dlanda p\u00e5 stranden i Salobre\u00f1a p\u00e5 Costa Tropical. Inga personskador rapporteras.\",\"breadcrumb\":{\"@id\":\"https:\\\/\\\/lightweb.dev\\\/l\\\/svm-temp\\\/nyheter\\\/finlandare-nodlandade-pa-costa-tropical\\\/#breadcrumb\"},\"inLanguage\":\"sv-SE\",\"potentialAction\":[{\"@type\":\"ReadAction\",\"target\":[\"https:\\\/\\\/lightweb.dev\\\/l\\\/svm-temp\\\/nyheter\\\/finlandare-nodlandade-pa-costa-tropical\\\/\"]}]},{\"@type\":\"ImageObject\",\"inLanguage\":\"sv-SE\",\"@id\":\"https:\\\/\\\/lightweb.dev\\\/l\\\/svm-temp\\\/nyheter\\\/finlandare-nodlandade-pa-costa-tropical\\\/#primaryimage\",\"url\":\"https:\\\/\\\/lightweb.dev\\\/l\\\/svm-temp\\\/wp-content\\\/uploads\\\/2024\\\/01\\\/aterrizaje-avioneta-playa-1-stor.jpeg\",\"contentUrl\":\"https:\\\/\\\/lightweb.dev\\\/l\\\/svm-temp\\\/wp-content\\\/uploads\\\/2024\\\/01\\\/aterrizaje-avioneta-playa-1-stor.jpeg\",\"width\":1280,\"height\":720,\"caption\":\"(Foto: Policia local Salobre\u00f1a)\"},{\"@type\":\"BreadcrumbList\",\"@id\":\"https:\\\/\\\/lightweb.dev\\\/l\\\/svm-temp\\\/nyheter\\\/finlandare-nodlandade-pa-costa-tropical\\\/#breadcrumb\",\"itemListElement\":[{\"@type\":\"ListItem\",\"position\":1,\"name\":\"Hem\",\"item\":\"https:\\\/\\\/lightweb.dev\\\/l\\\/svm-temp\\\/\"},{\"@type\":\"ListItem\",\"position\":2,\"name\":\"Finl\u00e4ndare n\u00f6dlandade p\u00e5 Costa Tropical\"}]},{\"@type\":\"WebSite\",\"@id\":\"https:\\\/\\\/lightweb.dev\\\/l\\\/svm-temp\\\/#website\",\"url\":\"https:\\\/\\\/lightweb.dev\\\/l\\\/svm-temp\\\/\",\"name\":\"Svenska Magasinet\",\"description\":\"Dina Spanska nyheter p&aring; Svenska\",\"publisher\":{\"@id\":\"https:\\\/\\\/lightweb.dev\\\/l\\\/svm-temp\\\/#organization\"},\"potentialAction\":[{\"@type\":\"SearchAction\",\"target\":{\"@type\":\"EntryPoint\",\"urlTemplate\":\"https:\\\/\\\/lightweb.dev\\\/l\\\/svm-temp\\\/?s={search_term_string}\"},\"query-input\":{\"@type\":\"PropertyValueSpecification\",\"valueRequired\":true,\"valueName\":\"search_term_string\"}}],\"inLanguage\":\"sv-SE\"},{\"@type\":\"Organization\",\"@id\":\"https:\\\/\\\/lightweb.dev\\\/l\\\/svm-temp\\\/#organization\",\"name\":\"Melkerson y Nott SL\",\"alternateName\":\"Svenska Magasinet\",\"url\":\"https:\\\/\\\/lightweb.dev\\\/l\\\/svm-temp\\\/\",\"logo\":{\"@type\":\"ImageObject\",\"inLanguage\":\"sv-SE\",\"@id\":\"https:\\\/\\\/lightweb.dev\\\/l\\\/svm-temp\\\/#\\\/schema\\\/logo\\\/image\\\/\",\"url\":\"https:\\\/\\\/lightweb.dev\\\/l\\\/svm-temp\\\/wp-content\\\/uploads\\\/2025\\\/02\\\/SvM-logo-Xtra-Centrerad-SVART.png\",\"contentUrl\":\"https:\\\/\\\/lightweb.dev\\\/l\\\/svm-temp\\\/wp-content\\\/uploads\\\/2025\\\/02\\\/SvM-logo-Xtra-Centrerad-SVART.png\",\"width\":300,\"height\":99,\"caption\":\"Melkerson y Nott SL\"},\"image\":{\"@id\":\"https:\\\/\\\/lightweb.dev\\\/l\\\/svm-temp\\\/#\\\/schema\\\/logo\\\/image\\\/\"},\"sameAs\":[\"https:\\\/\\\/www.facebook.com\\\/svenskamagasinet\",\"https:\\\/\\\/x.com\\\/SvenskaMagasine\"]},{\"@type\":\"Person\",\"@id\":\"https:\\\/\\\/lightweb.dev\\\/l\\\/svm-temp\\\/#\\\/schema\\\/person\\\/7a82b8a73d171d32360a564b6d03508e\",\"name\":\"Ola Josefsson\",\"description\":\"Bevakar Solkusten och Spanien sedan 1994.\",\"sameAs\":[\"https:\\\/\\\/lightweb.dev\\\/l\\\/svm-temp\"],\"url\":\"https:\\\/\\\/lightweb.dev\\\/l\\\/svm-temp\\\/reporter\\\/ola-josefsson\\\/\"}]}<\/script>\n<!-- \/ Yoast SEO Premium plugin. -->","yoast_head_json":{"title":"Finl\u00e4ndare n\u00f6dlandade p\u00e5 Costa Tropical - Svenska Magasinet","description":"En finsk pilot som var ute p\u00e5 en \u00f6vningsflygning tillsammans med tv\u00e5 elever fick n\u00f6dlanda p\u00e5 stranden i Salobre\u00f1a p\u00e5 Costa Tropical. Inga personskador rapporteras.","robots":{"index":"noindex","follow":"follow","max-snippet":"max-snippet:-1","max-image-preview":"max-image-preview:large","max-video-preview":"max-video-preview:-1"},"og_locale":"sv_SE","og_type":"article","og_title":"Finl\u00e4ndare n\u00f6dlandade p\u00e5 Costa Tropical","og_description":"En finsk pilot som var ute p\u00e5 en \u00f6vningsflygning tillsammans med tv\u00e5 elever fick n\u00f6dlanda p\u00e5 stranden i Salobre\u00f1a p\u00e5 Costa Tropical. Inga personskador rapporteras.","og_url":"https:\/\/lightweb.dev\/l\/svm-temp\/nyheter\/finlandare-nodlandade-pa-costa-tropical\/","og_site_name":"Svenska Magasinet","article_publisher":"https:\/\/www.facebook.com\/svenskamagasinet","article_published_time":"2024-01-14T17:31:17+00:00","article_modified_time":"2024-01-14T17:34:15+00:00","og_image":[{"width":1280,"height":720,"url":"https:\/\/lightweb.dev\/l\/svm-temp\/wp-content\/uploads\/2024\/01\/aterrizaje-avioneta-playa-1-stor.jpeg","type":"image\/jpeg"}],"author":"Ola Josefsson","twitter_card":"summary_large_image","twitter_creator":"@SvenskaMagasine","twitter_site":"@SvenskaMagasine","schema":{"@context":"https:\/\/schema.org","@graph":[{"@type":"Article","@id":"https:\/\/lightweb.dev\/l\/svm-temp\/nyheter\/finlandare-nodlandade-pa-costa-tropical\/#article","isPartOf":{"@id":"https:\/\/lightweb.dev\/l\/svm-temp\/nyheter\/finlandare-nodlandade-pa-costa-tropical\/"},"author":{"name":"Ola Josefsson","@id":"https:\/\/lightweb.dev\/l\/svm-temp\/#\/schema\/person\/7a82b8a73d171d32360a564b6d03508e"},"headline":"Finl\u00e4ndare n\u00f6dlandade p\u00e5 Costa Tropical","datePublished":"2024-01-14T17:31:17+00:00","dateModified":"2024-01-14T17:34:15+00:00","mainEntityOfPage":{"@id":"https:\/\/lightweb.dev\/l\/svm-temp\/nyheter\/finlandare-nodlandade-pa-costa-tropical\/"},"wordCount":227,"publisher":{"@id":"https:\/\/lightweb.dev\/l\/svm-temp\/#organization"},"image":{"@id":"https:\/\/lightweb.dev\/l\/svm-temp\/nyheter\/finlandare-nodlandade-pa-costa-tropical\/#primaryimage"},"thumbnailUrl":"https:\/\/lightweb.dev\/l\/svm-temp\/wp-content\/uploads\/2024\/01\/aterrizaje-avioneta-playa-1-stor.jpeg","articleSection":["Arkiv","Nyheter"],"inLanguage":"sv-SE"},{"@type":"WebPage","@id":"https:\/\/lightweb.dev\/l\/svm-temp\/nyheter\/finlandare-nodlandade-pa-costa-tropical\/","url":"https:\/\/lightweb.dev\/l\/svm-temp\/nyheter\/finlandare-nodlandade-pa-costa-tropical\/","name":"Finl\u00e4ndare n\u00f6dlandade p\u00e5 Costa Tropical - Svenska Magasinet","isPartOf":{"@id":"https:\/\/lightweb.dev\/l\/svm-temp\/#website"},"primaryImageOfPage":{"@id":"https:\/\/lightweb.dev\/l\/svm-temp\/nyheter\/finlandare-nodlandade-pa-costa-tropical\/#primaryimage"},"image":{"@id":"https:\/\/lightweb.dev\/l\/svm-temp\/nyheter\/finlandare-nodlandade-pa-costa-tropical\/#primaryimage"},"thumbnailUrl":"https:\/\/lightweb.dev\/l\/svm-temp\/wp-content\/uploads\/2024\/01\/aterrizaje-avioneta-playa-1-stor.jpeg","datePublished":"2024-01-14T17:31:17+00:00","dateModified":"2024-01-14T17:34:15+00:00","description":"En finsk pilot som var ute p\u00e5 en \u00f6vningsflygning tillsammans med tv\u00e5 elever fick n\u00f6dlanda p\u00e5 stranden i Salobre\u00f1a p\u00e5 Costa Tropical. Inga personskador rapporteras.","breadcrumb":{"@id":"https:\/\/lightweb.dev\/l\/svm-temp\/nyheter\/finlandare-nodlandade-pa-costa-tropical\/#breadcrumb"},"inLanguage":"sv-SE","potentialAction":[{"@type":"ReadAction","target":["https:\/\/lightweb.dev\/l\/svm-temp\/nyheter\/finlandare-nodlandade-pa-costa-tropical\/"]}]},{"@type":"ImageObject","inLanguage":"sv-SE","@id":"https:\/\/lightweb.dev\/l\/svm-temp\/nyheter\/finlandare-nodlandade-pa-costa-tropical\/#primaryimage","url":"https:\/\/lightweb.dev\/l\/svm-temp\/wp-content\/uploads\/2024\/01\/aterrizaje-avioneta-playa-1-stor.jpeg","contentUrl":"https:\/\/lightweb.dev\/l\/svm-temp\/wp-content\/uploads\/2024\/01\/aterrizaje-avioneta-playa-1-stor.jpeg","width":1280,"height":720,"caption":"(Foto: Policia local Salobre\u00f1a)"},{"@type":"BreadcrumbList","@id":"https:\/\/lightweb.dev\/l\/svm-temp\/nyheter\/finlandare-nodlandade-pa-costa-tropical\/#breadcrumb","itemListElement":[{"@type":"ListItem","position":1,"name":"Hem","item":"https:\/\/lightweb.dev\/l\/svm-temp\/"},{"@type":"ListItem","position":2,"name":"Finl\u00e4ndare n\u00f6dlandade p\u00e5 Costa Tropical"}]},{"@type":"WebSite","@id":"https:\/\/lightweb.dev\/l\/svm-temp\/#website","url":"https:\/\/lightweb.dev\/l\/svm-temp\/","name":"Svenska Magasinet","description":"Dina Spanska nyheter p&aring; Svenska","publisher":{"@id":"https:\/\/lightweb.dev\/l\/svm-temp\/#organization"},"potentialAction":[{"@type":"SearchAction","target":{"@type":"EntryPoint","urlTemplate":"https:\/\/lightweb.dev\/l\/svm-temp\/?s={search_term_string}"},"query-input":{"@type":"PropertyValueSpecification","valueRequired":true,"valueName":"search_term_string"}}],"inLanguage":"sv-SE"},{"@type":"Organization","@id":"https:\/\/lightweb.dev\/l\/svm-temp\/#organization","name":"Melkerson y Nott SL","alternateName":"Svenska Magasinet","url":"https:\/\/lightweb.dev\/l\/svm-temp\/","logo":{"@type":"ImageObject","inLanguage":"sv-SE","@id":"https:\/\/lightweb.dev\/l\/svm-temp\/#\/schema\/logo\/image\/","url":"https:\/\/lightweb.dev\/l\/svm-temp\/wp-content\/uploads\/2025\/02\/SvM-logo-Xtra-Centrerad-SVART.png","contentUrl":"https:\/\/lightweb.dev\/l\/svm-temp\/wp-content\/uploads\/2025\/02\/SvM-logo-Xtra-Centrerad-SVART.png","width":300,"height":99,"caption":"Melkerson y Nott SL"},"image":{"@id":"https:\/\/lightweb.dev\/l\/svm-temp\/#\/schema\/logo\/image\/"},"sameAs":["https:\/\/www.facebook.com\/svenskamagasinet","https:\/\/x.com\/SvenskaMagasine"]},{"@type":"Person","@id":"https:\/\/lightweb.dev\/l\/svm-temp\/#\/schema\/person\/7a82b8a73d171d32360a564b6d03508e","name":"Ola Josefsson","description":"Bevakar Solkusten och Spanien sedan 1994.","sameAs":["https:\/\/lightweb.dev\/l\/svm-temp"],"url":"https:\/\/lightweb.dev\/l\/svm-temp\/reporter\/ola-josefsson\/"}]}},"_links":{"self":[{"href":"https:\/\/lightweb.dev\/l\/svm-temp\/wp-json\/wp\/v2\/posts\/68971","targetHints":{"allow":["GET"]}}],"collection":[{"href":"https:\/\/lightweb.dev\/l\/svm-temp\/wp-json\/wp\/v2\/posts"}],"about":[{"href":"https:\/\/lightweb.dev\/l\/svm-temp\/wp-json\/wp\/v2\/types\/post"}],"author":[{"embeddable":true,"href":"https:\/\/lightweb.dev\/l\/svm-temp\/wp-json\/wp\/v2\/users\/7"}],"replies":[{"embeddable":true,"href":"https:\/\/lightweb.dev\/l\/svm-temp\/wp-json\/wp\/v2\/comments?post=68971"}],"version-history":[{"count":0,"href":"https:\/\/lightweb.dev\/l\/svm-temp\/wp-json\/wp\/v2\/posts\/68971\/revisions"}],"wp:featuredmedia":[{"embeddable":true,"href":"https:\/\/lightweb.dev\/l\/svm-temp\/wp-json\/wp\/v2\/media\/68972"}],"wp:attachment":[{"href":"https:\/\/lightweb.dev\/l\/svm-temp\/wp-json\/wp\/v2\/media?parent=68971"}],"wp:term":[{"taxonomy":"category","embeddable":true,"href":"https:\/\/lightweb.dev\/l\/svm-temp\/wp-json\/wp\/v2\/categories?post=68971"},{"taxonomy":"post_tag","embeddable":true,"href":"https:\/\/lightweb.dev\/l\/svm-temp\/wp-json\/wp\/v2\/tags?post=68971"}],"curies":[{"name":"wp","href":"https:\/\/api.w.org\/{rel}","templated":true}]}}