{"id":68993,"date":"2024-01-15T16:11:33","date_gmt":"2024-01-15T15:11:33","guid":{"rendered":"https:\/\/lightweb.dev\/l\/svm-temp\/?p=68993"},"modified":"2024-01-15T16:11:33","modified_gmt":"2024-01-15T15:11:33","slug":"halften-av-dricksvattnet-kommer-fran-havet","status":"publish","type":"post","link":"https:\/\/lightweb.dev\/l\/svm-temp\/nyheter\/halften-av-dricksvattnet-kommer-fran-havet\/","title":{"rendered":"H\u00e4lften av dricksvattnet kommer fr\u00e5n havet"},"content":{"rendered":"<p><strong>Avsaltningsanl\u00e4ggningen i Marbella tillgodoser v\u00e4stra Solkusten med 50 procent av dricksvattnet.\u00a0<\/strong><\/p>\n<p><strong>Maxkapaciteten \u00e4r just nu sex kubikhektometer per \u00e5r och man jobbar p\u00e5 att ut\u00f6ka den med det tredubbla.\u00a0<\/strong><\/p>\n<p><span style=\"font-weight: 400;\">Avsaltningsanl\u00e4ggningen i Marbella pr\u00e4glades l\u00e4nge av problem. Den byggdes med brister, inblandade personer f\u00e4lldes f\u00f6r avledning av ekonomiska medel och betalningar p\u00e5 22 miljoner euro uteblev till koncessionshavaren. P\u00e5 grund av detta togs verket inte i bruk under de \u00e5tta \u00e5r som f\u00f6ljde dess f\u00e4rdigst\u00e4llande.\u00a0<\/span><\/p>\n<p><span style=\"font-weight: 400;\">Det hela slutade med att verket k\u00f6ptes upp av staten och nu \u00e4r det det fr\u00e4msta verktyget i arbetet med att f\u00e5 fram extra vatten under den p\u00e5g\u00e5ende torkan. Marbellas avsaltningsanl\u00e4ggning st\u00e5r f\u00f6r h\u00e4lften av vattnet som dricks p\u00e5 v\u00e4stra Solkusten.\u00a0<\/span><\/p>\n<p><span style=\"font-weight: 400;\">Totalt f\u00f6rser anl\u00e4ggningen 11 kommuner med vatten, fr\u00e5n Torremolinos till Marbella. Acosol, f\u00f6retaget som driver anl\u00e4ggningen, ser till att den jobbar p\u00e5 maxkapaciteten som \u00e4r sex kubikhektometer per \u00e5r.\u00a0<\/span><\/p>\n<h2><span style=\"font-weight: 400;\">G\u00e5 upp till 12 kubikhektometer<\/span><\/h2>\n<p><span style=\"font-weight: 400;\">Den nuvarande maxkapaciteten utg\u00f6r, p\u00e5 grund av f\u00f6r\u00e5ldrade komponenter, bara h\u00e4lften av anl\u00e4ggningens originaldesign. F\u00f6rra veckan inleddes arbetet med att byta membran samt filtrerings- och avsaltningselement. Regionen har investerat 3 miljoner euro i projektet och m\u00e5let \u00e4r att verket under v\u00e5ren kan \u00f6ka sin kapacitet till 12 kubikhektometer per \u00e5r.<\/span><\/p>\n<p><span style=\"font-weight: 400;\">K\u00e4llor inom Acosol har sagt till tidningen SUR att arbetet med att byta komponenter g\u00f6rs lite i taget s\u00e5 att verket kan forts\u00e4tta operera som vanligt.\u00a0<\/span><\/p>\n<h3><span style=\"font-weight: 400;\">Fler steg kommer<\/span><\/h3>\n<p><span style=\"font-weight: 400;\">Efter det p\u00e5g\u00e5ende arbetet \u00e4r planen att ytterligare ut\u00f6ka maxkapaciteten med \u00e5tta kubikhektometer i b\u00f6rjan av sommaren. Detta betyder att kapaciteten kommer att vara mer \u00e4n tredubbelt s\u00e5 stor som det \u00e4r nu i slutet av \u00e5ret.\u00a0<\/span><\/p>\n<p><span style=\"font-weight: 400;\">Exakt hur man ska ut\u00f6ka verket till 20 kubikhektometer \u00e4r inte fastst\u00e4llt. Tekniska k\u00e4llor har f\u00f6rklarat att det finns tv\u00e5 alternativ p\u00e5 bordet. Antingen kommer man att ansluta en flyttbar avsaltningsanl\u00e4ggning eller l\u00e4gga till tv\u00e5 fasta produktionslinjer.\u00a0<\/span><\/p>\n<p><span style=\"font-weight: 400;\">Ett annat viktigt arbete \u00e4r de nyligen p\u00e5b\u00f6rjade f\u00f6rb\u00e4ttringarna av vattenpumparna i Rojas (Churriana). Tack vare dem kommer ett fl\u00f6de p\u00e5 500 liter per sekund inom n\u00e5gra m\u00e5nader kunna skickas i alla n\u00f6dv\u00e4ndiga riktningar. Det inneb\u00e4r att anl\u00e4ggningen kommer att kunna f\u00f6rse <\/span><span style=\"font-weight: 400;\">M\u00e1laga, Guadalhorce och Axarqu\u00eda med vatten.\u00a0<\/span><\/p>\n<p><span style=\"font-weight: 400;\">Anl\u00e4ggningen i Marbella ligger 2,5 kilometer fr\u00e5n Medelhavet intill floden Rio Verdes mynning.\u00a0<\/span><\/p>\n<h4><span style=\"font-weight: 400;\">Avsaltningen \u00f6kar<\/span><\/h4>\n<p><span style=\"font-weight: 400;\">Anl\u00e4ggningen i Marbella \u00e4r inte den enda avsaltningsresursen som \u00e4r viktig under den p\u00e5g\u00e5ende torkan. Regionala investeringar har gjorts under de senaste m\u00e5naderna f\u00f6r att \u00f6ka produktionen i en annan anl\u00e4ggning, El Atabal, med 10 procent.\u00a0<\/span><span style=\"font-weight: 400;\">Dessutom f\u00f6rbereder den regionala regeringen att installera sm\u00e5 portabla avsaltningsanl\u00e4ggningar f\u00f6r att komma \u00e5t vatten som finns l\u00e5ngt under jorden.<\/span><span style=\"font-weight: 400;\"> Med dessa hoppas man kunna utvinna 4 kubikhektometer vardera i kommunerna Estepona, Fuengirola och Trapiche. <\/span><\/p>\n","protected":false},"excerpt":{"rendered":"<p>Avsaltningsanl\u00e4ggningen i Marbella tillgodoser v\u00e4stra Solkusten med 50 procent av dricksvattnet.\u00a0Maxkapaciteten \u00e4r just nu sex kubikhektometer per \u00e5r och man jobbar p\u00e5 att ut\u00f6ka den med det tredubbla.\u00a0<\/p>\n","protected":false},"author":14,"featured_media":66085,"comment_status":"closed","ping_status":"closed","sticky":false,"template":"","format":"standard","meta":{"_et_pb_use_builder":"","_et_pb_old_content":"","_et_gb_content_width":"","footnotes":""},"categories":[395,3],"tags":[],"class_list":["post-68993","post","type-post","status-publish","format-standard","has-post-thumbnail","hentry","category-arkiv-nyheter","category-nyheter"],"yoast_head":"<!-- This site is optimized with the Yoast SEO Premium plugin v26.2 (Yoast SEO v27.4) - https:\/\/yoast.com\/product\/yoast-seo-premium-wordpress\/ -->\n<title>H\u00e4lften av dricksvattnet kommer fr\u00e5n havet - Svenska Magasinet<\/title>\n<meta name=\"robots\" content=\"noindex, follow, max-snippet:-1, max-image-preview:large, max-video-preview:-1\" \/>\n<meta property=\"og:locale\" content=\"sv_SE\" \/>\n<meta property=\"og:type\" content=\"article\" \/>\n<meta property=\"og:title\" content=\"H\u00e4lften av dricksvattnet kommer fr\u00e5n havet\" \/>\n<meta property=\"og:description\" content=\"Avsaltningsanl\u00e4ggningen i Marbella tillgodoser v\u00e4stra Solkusten med 50 procent av dricksvattnet.\u00a0Maxkapaciteten \u00e4r just nu sex kubikhektometer per \u00e5r och man jobbar p\u00e5 att ut\u00f6ka den med det tredubbla.\u00a0\" \/>\n<meta property=\"og:url\" content=\"https:\/\/lightweb.dev\/l\/svm-temp\/nyheter\/halften-av-dricksvattnet-kommer-fran-havet\/\" \/>\n<meta property=\"og:site_name\" content=\"Svenska Magasinet\" \/>\n<meta property=\"article:publisher\" content=\"https:\/\/www.facebook.com\/svenskamagasinet\" \/>\n<meta property=\"article:published_time\" content=\"2024-01-15T15:11:33+00:00\" \/>\n<meta property=\"og:image\" content=\"https:\/\/lightweb.dev\/l\/svm-temp\/wp-content\/uploads\/2023\/08\/DSC_6696-stor.jpeg\" \/>\n\t<meta property=\"og:image:width\" content=\"1280\" \/>\n\t<meta property=\"og:image:height\" content=\"859\" \/>\n\t<meta property=\"og:image:type\" content=\"image\/jpeg\" \/>\n<meta name=\"author\" content=\"Robbie Eriksson\" \/>\n<meta name=\"twitter:card\" content=\"summary_large_image\" \/>\n<meta name=\"twitter:creator\" content=\"@SvenskaMagasine\" \/>\n<meta name=\"twitter:site\" content=\"@SvenskaMagasine\" \/>\n<script type=\"application\/ld+json\" class=\"yoast-schema-graph\">{\"@context\":\"https:\\\/\\\/schema.org\",\"@graph\":[{\"@type\":\"Article\",\"@id\":\"https:\\\/\\\/lightweb.dev\\\/l\\\/svm-temp\\\/nyheter\\\/halften-av-dricksvattnet-kommer-fran-havet\\\/#article\",\"isPartOf\":{\"@id\":\"https:\\\/\\\/lightweb.dev\\\/l\\\/svm-temp\\\/nyheter\\\/halften-av-dricksvattnet-kommer-fran-havet\\\/\"},\"author\":{\"name\":\"Robbie Eriksson\",\"@id\":\"https:\\\/\\\/lightweb.dev\\\/l\\\/svm-temp\\\/#\\\/schema\\\/person\\\/caffe038990d25722f5a04a03c906a2b\"},\"headline\":\"H\u00e4lften av dricksvattnet kommer fr\u00e5n havet\",\"datePublished\":\"2024-01-15T15:11:33+00:00\",\"mainEntityOfPage\":{\"@id\":\"https:\\\/\\\/lightweb.dev\\\/l\\\/svm-temp\\\/nyheter\\\/halften-av-dricksvattnet-kommer-fran-havet\\\/\"},\"wordCount\":505,\"publisher\":{\"@id\":\"https:\\\/\\\/lightweb.dev\\\/l\\\/svm-temp\\\/#organization\"},\"image\":{\"@id\":\"https:\\\/\\\/lightweb.dev\\\/l\\\/svm-temp\\\/nyheter\\\/halften-av-dricksvattnet-kommer-fran-havet\\\/#primaryimage\"},\"thumbnailUrl\":\"https:\\\/\\\/lightweb.dev\\\/l\\\/svm-temp\\\/wp-content\\\/uploads\\\/2023\\\/08\\\/DSC_6696-stor.jpeg\",\"articleSection\":[\"Arkiv\",\"Nyheter\"],\"inLanguage\":\"sv-SE\"},{\"@type\":\"WebPage\",\"@id\":\"https:\\\/\\\/lightweb.dev\\\/l\\\/svm-temp\\\/nyheter\\\/halften-av-dricksvattnet-kommer-fran-havet\\\/\",\"url\":\"https:\\\/\\\/lightweb.dev\\\/l\\\/svm-temp\\\/nyheter\\\/halften-av-dricksvattnet-kommer-fran-havet\\\/\",\"name\":\"H\u00e4lften av dricksvattnet kommer fr\u00e5n havet - Svenska Magasinet\",\"isPartOf\":{\"@id\":\"https:\\\/\\\/lightweb.dev\\\/l\\\/svm-temp\\\/#website\"},\"primaryImageOfPage\":{\"@id\":\"https:\\\/\\\/lightweb.dev\\\/l\\\/svm-temp\\\/nyheter\\\/halften-av-dricksvattnet-kommer-fran-havet\\\/#primaryimage\"},\"image\":{\"@id\":\"https:\\\/\\\/lightweb.dev\\\/l\\\/svm-temp\\\/nyheter\\\/halften-av-dricksvattnet-kommer-fran-havet\\\/#primaryimage\"},\"thumbnailUrl\":\"https:\\\/\\\/lightweb.dev\\\/l\\\/svm-temp\\\/wp-content\\\/uploads\\\/2023\\\/08\\\/DSC_6696-stor.jpeg\",\"datePublished\":\"2024-01-15T15:11:33+00:00\",\"breadcrumb\":{\"@id\":\"https:\\\/\\\/lightweb.dev\\\/l\\\/svm-temp\\\/nyheter\\\/halften-av-dricksvattnet-kommer-fran-havet\\\/#breadcrumb\"},\"inLanguage\":\"sv-SE\",\"potentialAction\":[{\"@type\":\"ReadAction\",\"target\":[\"https:\\\/\\\/lightweb.dev\\\/l\\\/svm-temp\\\/nyheter\\\/halften-av-dricksvattnet-kommer-fran-havet\\\/\"]}]},{\"@type\":\"ImageObject\",\"inLanguage\":\"sv-SE\",\"@id\":\"https:\\\/\\\/lightweb.dev\\\/l\\\/svm-temp\\\/nyheter\\\/halften-av-dricksvattnet-kommer-fran-havet\\\/#primaryimage\",\"url\":\"https:\\\/\\\/lightweb.dev\\\/l\\\/svm-temp\\\/wp-content\\\/uploads\\\/2023\\\/08\\\/DSC_6696-stor.jpeg\",\"contentUrl\":\"https:\\\/\\\/lightweb.dev\\\/l\\\/svm-temp\\\/wp-content\\\/uploads\\\/2023\\\/08\\\/DSC_6696-stor.jpeg\",\"width\":1280,\"height\":859},{\"@type\":\"BreadcrumbList\",\"@id\":\"https:\\\/\\\/lightweb.dev\\\/l\\\/svm-temp\\\/nyheter\\\/halften-av-dricksvattnet-kommer-fran-havet\\\/#breadcrumb\",\"itemListElement\":[{\"@type\":\"ListItem\",\"position\":1,\"name\":\"Hem\",\"item\":\"https:\\\/\\\/lightweb.dev\\\/l\\\/svm-temp\\\/\"},{\"@type\":\"ListItem\",\"position\":2,\"name\":\"H\u00e4lften av dricksvattnet kommer fr\u00e5n havet\"}]},{\"@type\":\"WebSite\",\"@id\":\"https:\\\/\\\/lightweb.dev\\\/l\\\/svm-temp\\\/#website\",\"url\":\"https:\\\/\\\/lightweb.dev\\\/l\\\/svm-temp\\\/\",\"name\":\"Svenska Magasinet\",\"description\":\"Dina Spanska nyheter p&aring; Svenska\",\"publisher\":{\"@id\":\"https:\\\/\\\/lightweb.dev\\\/l\\\/svm-temp\\\/#organization\"},\"potentialAction\":[{\"@type\":\"SearchAction\",\"target\":{\"@type\":\"EntryPoint\",\"urlTemplate\":\"https:\\\/\\\/lightweb.dev\\\/l\\\/svm-temp\\\/?s={search_term_string}\"},\"query-input\":{\"@type\":\"PropertyValueSpecification\",\"valueRequired\":true,\"valueName\":\"search_term_string\"}}],\"inLanguage\":\"sv-SE\"},{\"@type\":\"Organization\",\"@id\":\"https:\\\/\\\/lightweb.dev\\\/l\\\/svm-temp\\\/#organization\",\"name\":\"Melkerson y Nott SL\",\"alternateName\":\"Svenska Magasinet\",\"url\":\"https:\\\/\\\/lightweb.dev\\\/l\\\/svm-temp\\\/\",\"logo\":{\"@type\":\"ImageObject\",\"inLanguage\":\"sv-SE\",\"@id\":\"https:\\\/\\\/lightweb.dev\\\/l\\\/svm-temp\\\/#\\\/schema\\\/logo\\\/image\\\/\",\"url\":\"https:\\\/\\\/lightweb.dev\\\/l\\\/svm-temp\\\/wp-content\\\/uploads\\\/2025\\\/02\\\/SvM-logo-Xtra-Centrerad-SVART.png\",\"contentUrl\":\"https:\\\/\\\/lightweb.dev\\\/l\\\/svm-temp\\\/wp-content\\\/uploads\\\/2025\\\/02\\\/SvM-logo-Xtra-Centrerad-SVART.png\",\"width\":300,\"height\":99,\"caption\":\"Melkerson y Nott SL\"},\"image\":{\"@id\":\"https:\\\/\\\/lightweb.dev\\\/l\\\/svm-temp\\\/#\\\/schema\\\/logo\\\/image\\\/\"},\"sameAs\":[\"https:\\\/\\\/www.facebook.com\\\/svenskamagasinet\",\"https:\\\/\\\/x.com\\\/SvenskaMagasine\"]},{\"@type\":\"Person\",\"@id\":\"https:\\\/\\\/lightweb.dev\\\/l\\\/svm-temp\\\/#\\\/schema\\\/person\\\/caffe038990d25722f5a04a03c906a2b\",\"name\":\"Robbie Eriksson\",\"sameAs\":[\"https:\\\/\\\/lightweb.dev\\\/l\\\/svm-temp\"],\"url\":\"https:\\\/\\\/lightweb.dev\\\/l\\\/svm-temp\\\/reporter\\\/robbie-eriksson\\\/\"}]}<\/script>\n<!-- \/ Yoast SEO Premium plugin. -->","yoast_head_json":{"title":"H\u00e4lften av dricksvattnet kommer fr\u00e5n havet - Svenska Magasinet","robots":{"index":"noindex","follow":"follow","max-snippet":"max-snippet:-1","max-image-preview":"max-image-preview:large","max-video-preview":"max-video-preview:-1"},"og_locale":"sv_SE","og_type":"article","og_title":"H\u00e4lften av dricksvattnet kommer fr\u00e5n havet","og_description":"Avsaltningsanl\u00e4ggningen i Marbella tillgodoser v\u00e4stra Solkusten med 50 procent av dricksvattnet.\u00a0Maxkapaciteten \u00e4r just nu sex kubikhektometer per \u00e5r och man jobbar p\u00e5 att ut\u00f6ka den med det tredubbla.\u00a0","og_url":"https:\/\/lightweb.dev\/l\/svm-temp\/nyheter\/halften-av-dricksvattnet-kommer-fran-havet\/","og_site_name":"Svenska Magasinet","article_publisher":"https:\/\/www.facebook.com\/svenskamagasinet","article_published_time":"2024-01-15T15:11:33+00:00","og_image":[{"width":1280,"height":859,"url":"https:\/\/lightweb.dev\/l\/svm-temp\/wp-content\/uploads\/2023\/08\/DSC_6696-stor.jpeg","type":"image\/jpeg"}],"author":"Robbie Eriksson","twitter_card":"summary_large_image","twitter_creator":"@SvenskaMagasine","twitter_site":"@SvenskaMagasine","schema":{"@context":"https:\/\/schema.org","@graph":[{"@type":"Article","@id":"https:\/\/lightweb.dev\/l\/svm-temp\/nyheter\/halften-av-dricksvattnet-kommer-fran-havet\/#article","isPartOf":{"@id":"https:\/\/lightweb.dev\/l\/svm-temp\/nyheter\/halften-av-dricksvattnet-kommer-fran-havet\/"},"author":{"name":"Robbie Eriksson","@id":"https:\/\/lightweb.dev\/l\/svm-temp\/#\/schema\/person\/caffe038990d25722f5a04a03c906a2b"},"headline":"H\u00e4lften av dricksvattnet kommer fr\u00e5n havet","datePublished":"2024-01-15T15:11:33+00:00","mainEntityOfPage":{"@id":"https:\/\/lightweb.dev\/l\/svm-temp\/nyheter\/halften-av-dricksvattnet-kommer-fran-havet\/"},"wordCount":505,"publisher":{"@id":"https:\/\/lightweb.dev\/l\/svm-temp\/#organization"},"image":{"@id":"https:\/\/lightweb.dev\/l\/svm-temp\/nyheter\/halften-av-dricksvattnet-kommer-fran-havet\/#primaryimage"},"thumbnailUrl":"https:\/\/lightweb.dev\/l\/svm-temp\/wp-content\/uploads\/2023\/08\/DSC_6696-stor.jpeg","articleSection":["Arkiv","Nyheter"],"inLanguage":"sv-SE"},{"@type":"WebPage","@id":"https:\/\/lightweb.dev\/l\/svm-temp\/nyheter\/halften-av-dricksvattnet-kommer-fran-havet\/","url":"https:\/\/lightweb.dev\/l\/svm-temp\/nyheter\/halften-av-dricksvattnet-kommer-fran-havet\/","name":"H\u00e4lften av dricksvattnet kommer fr\u00e5n havet - Svenska Magasinet","isPartOf":{"@id":"https:\/\/lightweb.dev\/l\/svm-temp\/#website"},"primaryImageOfPage":{"@id":"https:\/\/lightweb.dev\/l\/svm-temp\/nyheter\/halften-av-dricksvattnet-kommer-fran-havet\/#primaryimage"},"image":{"@id":"https:\/\/lightweb.dev\/l\/svm-temp\/nyheter\/halften-av-dricksvattnet-kommer-fran-havet\/#primaryimage"},"thumbnailUrl":"https:\/\/lightweb.dev\/l\/svm-temp\/wp-content\/uploads\/2023\/08\/DSC_6696-stor.jpeg","datePublished":"2024-01-15T15:11:33+00:00","breadcrumb":{"@id":"https:\/\/lightweb.dev\/l\/svm-temp\/nyheter\/halften-av-dricksvattnet-kommer-fran-havet\/#breadcrumb"},"inLanguage":"sv-SE","potentialAction":[{"@type":"ReadAction","target":["https:\/\/lightweb.dev\/l\/svm-temp\/nyheter\/halften-av-dricksvattnet-kommer-fran-havet\/"]}]},{"@type":"ImageObject","inLanguage":"sv-SE","@id":"https:\/\/lightweb.dev\/l\/svm-temp\/nyheter\/halften-av-dricksvattnet-kommer-fran-havet\/#primaryimage","url":"https:\/\/lightweb.dev\/l\/svm-temp\/wp-content\/uploads\/2023\/08\/DSC_6696-stor.jpeg","contentUrl":"https:\/\/lightweb.dev\/l\/svm-temp\/wp-content\/uploads\/2023\/08\/DSC_6696-stor.jpeg","width":1280,"height":859},{"@type":"BreadcrumbList","@id":"https:\/\/lightweb.dev\/l\/svm-temp\/nyheter\/halften-av-dricksvattnet-kommer-fran-havet\/#breadcrumb","itemListElement":[{"@type":"ListItem","position":1,"name":"Hem","item":"https:\/\/lightweb.dev\/l\/svm-temp\/"},{"@type":"ListItem","position":2,"name":"H\u00e4lften av dricksvattnet kommer fr\u00e5n havet"}]},{"@type":"WebSite","@id":"https:\/\/lightweb.dev\/l\/svm-temp\/#website","url":"https:\/\/lightweb.dev\/l\/svm-temp\/","name":"Svenska Magasinet","description":"Dina Spanska nyheter p&aring; Svenska","publisher":{"@id":"https:\/\/lightweb.dev\/l\/svm-temp\/#organization"},"potentialAction":[{"@type":"SearchAction","target":{"@type":"EntryPoint","urlTemplate":"https:\/\/lightweb.dev\/l\/svm-temp\/?s={search_term_string}"},"query-input":{"@type":"PropertyValueSpecification","valueRequired":true,"valueName":"search_term_string"}}],"inLanguage":"sv-SE"},{"@type":"Organization","@id":"https:\/\/lightweb.dev\/l\/svm-temp\/#organization","name":"Melkerson y Nott SL","alternateName":"Svenska Magasinet","url":"https:\/\/lightweb.dev\/l\/svm-temp\/","logo":{"@type":"ImageObject","inLanguage":"sv-SE","@id":"https:\/\/lightweb.dev\/l\/svm-temp\/#\/schema\/logo\/image\/","url":"https:\/\/lightweb.dev\/l\/svm-temp\/wp-content\/uploads\/2025\/02\/SvM-logo-Xtra-Centrerad-SVART.png","contentUrl":"https:\/\/lightweb.dev\/l\/svm-temp\/wp-content\/uploads\/2025\/02\/SvM-logo-Xtra-Centrerad-SVART.png","width":300,"height":99,"caption":"Melkerson y Nott SL"},"image":{"@id":"https:\/\/lightweb.dev\/l\/svm-temp\/#\/schema\/logo\/image\/"},"sameAs":["https:\/\/www.facebook.com\/svenskamagasinet","https:\/\/x.com\/SvenskaMagasine"]},{"@type":"Person","@id":"https:\/\/lightweb.dev\/l\/svm-temp\/#\/schema\/person\/caffe038990d25722f5a04a03c906a2b","name":"Robbie Eriksson","sameAs":["https:\/\/lightweb.dev\/l\/svm-temp"],"url":"https:\/\/lightweb.dev\/l\/svm-temp\/reporter\/robbie-eriksson\/"}]}},"_links":{"self":[{"href":"https:\/\/lightweb.dev\/l\/svm-temp\/wp-json\/wp\/v2\/posts\/68993","targetHints":{"allow":["GET"]}}],"collection":[{"href":"https:\/\/lightweb.dev\/l\/svm-temp\/wp-json\/wp\/v2\/posts"}],"about":[{"href":"https:\/\/lightweb.dev\/l\/svm-temp\/wp-json\/wp\/v2\/types\/post"}],"author":[{"embeddable":true,"href":"https:\/\/lightweb.dev\/l\/svm-temp\/wp-json\/wp\/v2\/users\/14"}],"replies":[{"embeddable":true,"href":"https:\/\/lightweb.dev\/l\/svm-temp\/wp-json\/wp\/v2\/comments?post=68993"}],"version-history":[{"count":0,"href":"https:\/\/lightweb.dev\/l\/svm-temp\/wp-json\/wp\/v2\/posts\/68993\/revisions"}],"wp:featuredmedia":[{"embeddable":true,"href":"https:\/\/lightweb.dev\/l\/svm-temp\/wp-json\/wp\/v2\/media\/66085"}],"wp:attachment":[{"href":"https:\/\/lightweb.dev\/l\/svm-temp\/wp-json\/wp\/v2\/media?parent=68993"}],"wp:term":[{"taxonomy":"category","embeddable":true,"href":"https:\/\/lightweb.dev\/l\/svm-temp\/wp-json\/wp\/v2\/categories?post=68993"},{"taxonomy":"post_tag","embeddable":true,"href":"https:\/\/lightweb.dev\/l\/svm-temp\/wp-json\/wp\/v2\/tags?post=68993"}],"curies":[{"name":"wp","href":"https:\/\/api.w.org\/{rel}","templated":true}]}}