{"id":68995,"date":"2024-01-15T16:35:26","date_gmt":"2024-01-15T15:35:26","guid":{"rendered":"https:\/\/lightweb.dev\/l\/svm-temp\/?p=68995"},"modified":"2024-01-15T16:35:26","modified_gmt":"2024-01-15T15:35:26","slug":"sa-ser-solkustens-hotells-plan-b-mot-torkan-ut","status":"publish","type":"post","link":"https:\/\/lightweb.dev\/l\/svm-temp\/nyheter\/sa-ser-solkustens-hotells-plan-b-mot-torkan-ut\/","title":{"rendered":"S\u00e5 ser Solkustens hotells plan-B mot torkan ut"},"content":{"rendered":"<p><strong>Turismsektorn fruktar att antalet bokningar i regionen kan minska p\u00e5 grund av den sv\u00e5ra torkan.\u00a0<\/strong><\/p>\n<p><span style=\"font-weight: 400;\">Bristen p\u00e5 vatten blir bara ett st\u00f6rre och st\u00f6rre problem p\u00e5 Solkusten. <\/span><a href=\"https:\/\/lightweb.dev\/l\/svm-temp\/nyheter\/fran-mars-manad-vantar-ytterligare-vattenrestriktioner\/\"><span style=\"font-weight: 400;\">Om det inte regnar snart kommer stora nedsk\u00e4rningar beh\u00f6va g\u00f6ras i mars<\/span><\/a><span style=\"font-weight: 400;\">.<\/span><\/p>\n<p><span style=\"font-weight: 400;\">F\u00f6rutom konsekvenserna detta har f\u00f6r lokalbefolkningen p\u00e5verkar situationen en bransch extra mycket, n\u00e4mligen turismen som \u00e4r s\u00e5 viktig f\u00f6r regionen.\u00a0<\/span><\/p>\n<p><span style=\"font-weight: 400;\">De som driver hotell, semesterl\u00e4<\/span><span style=\"font-weight: 400;\">genheter, barer, kaf\u00e9er, restauranger och allt annat som kopplas till turismen kommer kraftigt att p\u00e5verkas av bristen p\u00e5 vatten.\u00a0<\/span><\/p>\n<p><span style=\"font-weight: 400;\">\u201cProblemet \u00e4r inte bara restriktionerna men \u00e4ven att turister v\u00e4ljer andra resm\u00e5l d\u00e4r det inte finns begr\u00e4nsningar p\u00e5 vatten, s\u00e4rskilt de som kommer f\u00f6r att spela golf,\u201d sade <\/span><span style=\"font-weight: 400;\">Juan Mart\u00edn Mor\u00e9<\/span><span style=\"font-weight: 400;\"> som \u00e4r f\u00f6rs\u00e4ljningschef p\u00e5 hotellet The Flag Costa del Sol, Marbella &#8211; Estepona.\u00a0<\/span><\/p>\n<p><span style=\"font-weight: 400;\">Den st\u00f6rsta oron \u00e4r att den minskade tillg\u00e5ngen p\u00e5 vatten kommer att p\u00e5verka g\u00e4sternas upplevelse. Men hotellen oroar sig ocks\u00e5 f\u00f6r att budskapen som n\u00e5r potentiella kunder kan vara missvisande. Flera av de stora hotellen har redan en reservplan f\u00f6r att t\u00e4cka upp vattenf\u00f6rs\u00f6rjningen i sina anl\u00e4ggningar men tror \u00e4nd\u00e5 att informationen som sprids kommer att leda till f\u00e4rre bokningar.\u00a0<\/span><\/p>\n<p><span style=\"font-weight: 400;\">\u201cVi har vattentankar som kommer att hj\u00e4lpa oss under tillf\u00e4lliga avbrott i vattentillf\u00f6rseln tillsammans med flera andra \u00e5tg\u00e4rder som vi arbetat fram under en l\u00e4ngre tid f\u00f6r att minska den dagliga konsumtionen,&#8221; f\u00f6rklarar marknadsf\u00f6ringschefen p\u00e5 Hard Rock Hotel Marbella, <\/span><span style=\"font-weight: 400;\">Ignacio G\u00f3mez-Escola.<\/span><\/p>\n<p><span style=\"font-weight: 400;\">I samma anda ser vissa verksamheter inom turismsektorn \u00f6ver m\u00f6jligheten att installera system f\u00f6r att \u00e5tervinna vatten. \u201cVi utv\u00e4rderar de alternativ som vi har, F\u00f6rutom att anv\u00e4nda en vattentank vill vi installera ett system f\u00f6r att \u00e5teranv\u00e4nda vatten som samlas in fr\u00e5n duschar och toaletter,\u201d ber\u00e4ttar Mar\u00eda Guti\u00e9rrez, generaldirekt\u00f6r p\u00e5 Hotel Occidental Puerto Ban\u00fas f\u00f6r tidningen SUR.\u00a0<\/span><\/p>\n<h2><span style=\"font-weight: 400;\">\u00c4ldre hotel<\/span><\/h2>\n<p><span style=\"font-weight: 400;\">De \u00e4ldre och mindre lyxiga hotellen p\u00e5 Solkusten st\u00e5r inf\u00f6r st\u00f6rre problem. De f\u00f6rs\u00f6ker dock vara s\u00e5 positiva som m\u00f6jligt under den r\u00e5dande situationen. En person som sk\u00f6ter om ett mindre semesterboende i Marbella sade till SUR att de inte tror att restriktionerna i mars kommer att tr\u00e4da i kraft. Men om de g\u00f6r det s\u00e5 kommer de anpassa sig s\u00e5 gott de kan.\u00a0<\/span><\/p>\n","protected":false},"excerpt":{"rendered":"<p>Turismsektorn fruktar att antalet bokningar i regionen kan minska p\u00e5 grund av den sv\u00e5ra torkan.\u00a0 Bristen p\u00e5 vatten blir bara ett st\u00f6rre och st\u00f6rre problem p\u00e5 Solkusten. Om det inte regnar snart kommer stora nedsk\u00e4rningar beh\u00f6va g\u00f6ras i mars. F\u00f6rutom konsekvenserna detta har f\u00f6r lokalbefolkningen p\u00e5verkar situationen en bransch extra mycket, n\u00e4mligen turismen som \u00e4r [&hellip;]<\/p>\n","protected":false},"author":14,"featured_media":66999,"comment_status":"closed","ping_status":"closed","sticky":false,"template":"","format":"standard","meta":{"_et_pb_use_builder":"","_et_pb_old_content":"","_et_gb_content_width":"","footnotes":""},"categories":[395,3],"tags":[],"class_list":["post-68995","post","type-post","status-publish","format-standard","has-post-thumbnail","hentry","category-arkiv-nyheter","category-nyheter"],"yoast_head":"<!-- This site is optimized with the Yoast SEO Premium plugin v26.2 (Yoast SEO v27.4) - https:\/\/yoast.com\/product\/yoast-seo-premium-wordpress\/ -->\n<title>S\u00e5 ser Solkustens hotells plan-B mot torkan ut - Svenska Magasinet<\/title>\n<meta name=\"robots\" content=\"noindex, follow, max-snippet:-1, max-image-preview:large, max-video-preview:-1\" \/>\n<meta property=\"og:locale\" content=\"sv_SE\" \/>\n<meta property=\"og:type\" content=\"article\" \/>\n<meta property=\"og:title\" content=\"S\u00e5 ser Solkustens hotells plan-B mot torkan ut\" \/>\n<meta property=\"og:description\" content=\"Turismsektorn fruktar att antalet bokningar i regionen kan minska p\u00e5 grund av den sv\u00e5ra torkan.\u00a0 Bristen p\u00e5 vatten blir bara ett st\u00f6rre och st\u00f6rre problem p\u00e5 Solkusten. Om det inte regnar snart kommer stora nedsk\u00e4rningar beh\u00f6va g\u00f6ras i mars. F\u00f6rutom konsekvenserna detta har f\u00f6r lokalbefolkningen p\u00e5verkar situationen en bransch extra mycket, n\u00e4mligen turismen som \u00e4r [&hellip;]\" \/>\n<meta property=\"og:url\" content=\"https:\/\/lightweb.dev\/l\/svm-temp\/nyheter\/sa-ser-solkustens-hotells-plan-b-mot-torkan-ut\/\" \/>\n<meta property=\"og:site_name\" content=\"Svenska Magasinet\" \/>\n<meta property=\"article:publisher\" content=\"https:\/\/www.facebook.com\/svenskamagasinet\" \/>\n<meta property=\"article:published_time\" content=\"2024-01-15T15:35:26+00:00\" \/>\n<meta property=\"og:image\" content=\"https:\/\/lightweb.dev\/l\/svm-temp\/wp-content\/uploads\/2023\/10\/Utsikt-stor.jpeg\" \/>\n\t<meta property=\"og:image:width\" content=\"1280\" \/>\n\t<meta property=\"og:image:height\" content=\"960\" \/>\n\t<meta property=\"og:image:type\" content=\"image\/jpeg\" \/>\n<meta name=\"author\" content=\"Robbie Eriksson\" \/>\n<meta name=\"twitter:card\" content=\"summary_large_image\" \/>\n<meta name=\"twitter:creator\" content=\"@SvenskaMagasine\" \/>\n<meta name=\"twitter:site\" content=\"@SvenskaMagasine\" \/>\n<script type=\"application\/ld+json\" class=\"yoast-schema-graph\">{\"@context\":\"https:\\\/\\\/schema.org\",\"@graph\":[{\"@type\":\"Article\",\"@id\":\"https:\\\/\\\/lightweb.dev\\\/l\\\/svm-temp\\\/nyheter\\\/sa-ser-solkustens-hotells-plan-b-mot-torkan-ut\\\/#article\",\"isPartOf\":{\"@id\":\"https:\\\/\\\/lightweb.dev\\\/l\\\/svm-temp\\\/nyheter\\\/sa-ser-solkustens-hotells-plan-b-mot-torkan-ut\\\/\"},\"author\":{\"name\":\"Robbie Eriksson\",\"@id\":\"https:\\\/\\\/lightweb.dev\\\/l\\\/svm-temp\\\/#\\\/schema\\\/person\\\/caffe038990d25722f5a04a03c906a2b\"},\"headline\":\"S\u00e5 ser Solkustens hotells plan-B mot torkan ut\",\"datePublished\":\"2024-01-15T15:35:26+00:00\",\"mainEntityOfPage\":{\"@id\":\"https:\\\/\\\/lightweb.dev\\\/l\\\/svm-temp\\\/nyheter\\\/sa-ser-solkustens-hotells-plan-b-mot-torkan-ut\\\/\"},\"wordCount\":426,\"publisher\":{\"@id\":\"https:\\\/\\\/lightweb.dev\\\/l\\\/svm-temp\\\/#organization\"},\"image\":{\"@id\":\"https:\\\/\\\/lightweb.dev\\\/l\\\/svm-temp\\\/nyheter\\\/sa-ser-solkustens-hotells-plan-b-mot-torkan-ut\\\/#primaryimage\"},\"thumbnailUrl\":\"https:\\\/\\\/lightweb.dev\\\/l\\\/svm-temp\\\/wp-content\\\/uploads\\\/2023\\\/10\\\/Utsikt-stor.jpeg\",\"articleSection\":[\"Arkiv\",\"Nyheter\"],\"inLanguage\":\"sv-SE\"},{\"@type\":\"WebPage\",\"@id\":\"https:\\\/\\\/lightweb.dev\\\/l\\\/svm-temp\\\/nyheter\\\/sa-ser-solkustens-hotells-plan-b-mot-torkan-ut\\\/\",\"url\":\"https:\\\/\\\/lightweb.dev\\\/l\\\/svm-temp\\\/nyheter\\\/sa-ser-solkustens-hotells-plan-b-mot-torkan-ut\\\/\",\"name\":\"S\u00e5 ser Solkustens hotells plan-B mot torkan ut - Svenska Magasinet\",\"isPartOf\":{\"@id\":\"https:\\\/\\\/lightweb.dev\\\/l\\\/svm-temp\\\/#website\"},\"primaryImageOfPage\":{\"@id\":\"https:\\\/\\\/lightweb.dev\\\/l\\\/svm-temp\\\/nyheter\\\/sa-ser-solkustens-hotells-plan-b-mot-torkan-ut\\\/#primaryimage\"},\"image\":{\"@id\":\"https:\\\/\\\/lightweb.dev\\\/l\\\/svm-temp\\\/nyheter\\\/sa-ser-solkustens-hotells-plan-b-mot-torkan-ut\\\/#primaryimage\"},\"thumbnailUrl\":\"https:\\\/\\\/lightweb.dev\\\/l\\\/svm-temp\\\/wp-content\\\/uploads\\\/2023\\\/10\\\/Utsikt-stor.jpeg\",\"datePublished\":\"2024-01-15T15:35:26+00:00\",\"breadcrumb\":{\"@id\":\"https:\\\/\\\/lightweb.dev\\\/l\\\/svm-temp\\\/nyheter\\\/sa-ser-solkustens-hotells-plan-b-mot-torkan-ut\\\/#breadcrumb\"},\"inLanguage\":\"sv-SE\",\"potentialAction\":[{\"@type\":\"ReadAction\",\"target\":[\"https:\\\/\\\/lightweb.dev\\\/l\\\/svm-temp\\\/nyheter\\\/sa-ser-solkustens-hotells-plan-b-mot-torkan-ut\\\/\"]}]},{\"@type\":\"ImageObject\",\"inLanguage\":\"sv-SE\",\"@id\":\"https:\\\/\\\/lightweb.dev\\\/l\\\/svm-temp\\\/nyheter\\\/sa-ser-solkustens-hotells-plan-b-mot-torkan-ut\\\/#primaryimage\",\"url\":\"https:\\\/\\\/lightweb.dev\\\/l\\\/svm-temp\\\/wp-content\\\/uploads\\\/2023\\\/10\\\/Utsikt-stor.jpeg\",\"contentUrl\":\"https:\\\/\\\/lightweb.dev\\\/l\\\/svm-temp\\\/wp-content\\\/uploads\\\/2023\\\/10\\\/Utsikt-stor.jpeg\",\"width\":1280,\"height\":960},{\"@type\":\"BreadcrumbList\",\"@id\":\"https:\\\/\\\/lightweb.dev\\\/l\\\/svm-temp\\\/nyheter\\\/sa-ser-solkustens-hotells-plan-b-mot-torkan-ut\\\/#breadcrumb\",\"itemListElement\":[{\"@type\":\"ListItem\",\"position\":1,\"name\":\"Hem\",\"item\":\"https:\\\/\\\/lightweb.dev\\\/l\\\/svm-temp\\\/\"},{\"@type\":\"ListItem\",\"position\":2,\"name\":\"S\u00e5 ser Solkustens hotells plan-B mot torkan ut\"}]},{\"@type\":\"WebSite\",\"@id\":\"https:\\\/\\\/lightweb.dev\\\/l\\\/svm-temp\\\/#website\",\"url\":\"https:\\\/\\\/lightweb.dev\\\/l\\\/svm-temp\\\/\",\"name\":\"Svenska Magasinet\",\"description\":\"Dina Spanska nyheter p&aring; Svenska\",\"publisher\":{\"@id\":\"https:\\\/\\\/lightweb.dev\\\/l\\\/svm-temp\\\/#organization\"},\"potentialAction\":[{\"@type\":\"SearchAction\",\"target\":{\"@type\":\"EntryPoint\",\"urlTemplate\":\"https:\\\/\\\/lightweb.dev\\\/l\\\/svm-temp\\\/?s={search_term_string}\"},\"query-input\":{\"@type\":\"PropertyValueSpecification\",\"valueRequired\":true,\"valueName\":\"search_term_string\"}}],\"inLanguage\":\"sv-SE\"},{\"@type\":\"Organization\",\"@id\":\"https:\\\/\\\/lightweb.dev\\\/l\\\/svm-temp\\\/#organization\",\"name\":\"Melkerson y Nott SL\",\"alternateName\":\"Svenska Magasinet\",\"url\":\"https:\\\/\\\/lightweb.dev\\\/l\\\/svm-temp\\\/\",\"logo\":{\"@type\":\"ImageObject\",\"inLanguage\":\"sv-SE\",\"@id\":\"https:\\\/\\\/lightweb.dev\\\/l\\\/svm-temp\\\/#\\\/schema\\\/logo\\\/image\\\/\",\"url\":\"https:\\\/\\\/lightweb.dev\\\/l\\\/svm-temp\\\/wp-content\\\/uploads\\\/2025\\\/02\\\/SvM-logo-Xtra-Centrerad-SVART.png\",\"contentUrl\":\"https:\\\/\\\/lightweb.dev\\\/l\\\/svm-temp\\\/wp-content\\\/uploads\\\/2025\\\/02\\\/SvM-logo-Xtra-Centrerad-SVART.png\",\"width\":300,\"height\":99,\"caption\":\"Melkerson y Nott SL\"},\"image\":{\"@id\":\"https:\\\/\\\/lightweb.dev\\\/l\\\/svm-temp\\\/#\\\/schema\\\/logo\\\/image\\\/\"},\"sameAs\":[\"https:\\\/\\\/www.facebook.com\\\/svenskamagasinet\",\"https:\\\/\\\/x.com\\\/SvenskaMagasine\"]},{\"@type\":\"Person\",\"@id\":\"https:\\\/\\\/lightweb.dev\\\/l\\\/svm-temp\\\/#\\\/schema\\\/person\\\/caffe038990d25722f5a04a03c906a2b\",\"name\":\"Robbie Eriksson\",\"sameAs\":[\"https:\\\/\\\/lightweb.dev\\\/l\\\/svm-temp\"],\"url\":\"https:\\\/\\\/lightweb.dev\\\/l\\\/svm-temp\\\/reporter\\\/robbie-eriksson\\\/\"}]}<\/script>\n<!-- \/ Yoast SEO Premium plugin. -->","yoast_head_json":{"title":"S\u00e5 ser Solkustens hotells plan-B mot torkan ut - Svenska Magasinet","robots":{"index":"noindex","follow":"follow","max-snippet":"max-snippet:-1","max-image-preview":"max-image-preview:large","max-video-preview":"max-video-preview:-1"},"og_locale":"sv_SE","og_type":"article","og_title":"S\u00e5 ser Solkustens hotells plan-B mot torkan ut","og_description":"Turismsektorn fruktar att antalet bokningar i regionen kan minska p\u00e5 grund av den sv\u00e5ra torkan.\u00a0 Bristen p\u00e5 vatten blir bara ett st\u00f6rre och st\u00f6rre problem p\u00e5 Solkusten. Om det inte regnar snart kommer stora nedsk\u00e4rningar beh\u00f6va g\u00f6ras i mars. F\u00f6rutom konsekvenserna detta har f\u00f6r lokalbefolkningen p\u00e5verkar situationen en bransch extra mycket, n\u00e4mligen turismen som \u00e4r [&hellip;]","og_url":"https:\/\/lightweb.dev\/l\/svm-temp\/nyheter\/sa-ser-solkustens-hotells-plan-b-mot-torkan-ut\/","og_site_name":"Svenska Magasinet","article_publisher":"https:\/\/www.facebook.com\/svenskamagasinet","article_published_time":"2024-01-15T15:35:26+00:00","og_image":[{"width":1280,"height":960,"url":"https:\/\/lightweb.dev\/l\/svm-temp\/wp-content\/uploads\/2023\/10\/Utsikt-stor.jpeg","type":"image\/jpeg"}],"author":"Robbie Eriksson","twitter_card":"summary_large_image","twitter_creator":"@SvenskaMagasine","twitter_site":"@SvenskaMagasine","schema":{"@context":"https:\/\/schema.org","@graph":[{"@type":"Article","@id":"https:\/\/lightweb.dev\/l\/svm-temp\/nyheter\/sa-ser-solkustens-hotells-plan-b-mot-torkan-ut\/#article","isPartOf":{"@id":"https:\/\/lightweb.dev\/l\/svm-temp\/nyheter\/sa-ser-solkustens-hotells-plan-b-mot-torkan-ut\/"},"author":{"name":"Robbie Eriksson","@id":"https:\/\/lightweb.dev\/l\/svm-temp\/#\/schema\/person\/caffe038990d25722f5a04a03c906a2b"},"headline":"S\u00e5 ser Solkustens hotells plan-B mot torkan ut","datePublished":"2024-01-15T15:35:26+00:00","mainEntityOfPage":{"@id":"https:\/\/lightweb.dev\/l\/svm-temp\/nyheter\/sa-ser-solkustens-hotells-plan-b-mot-torkan-ut\/"},"wordCount":426,"publisher":{"@id":"https:\/\/lightweb.dev\/l\/svm-temp\/#organization"},"image":{"@id":"https:\/\/lightweb.dev\/l\/svm-temp\/nyheter\/sa-ser-solkustens-hotells-plan-b-mot-torkan-ut\/#primaryimage"},"thumbnailUrl":"https:\/\/lightweb.dev\/l\/svm-temp\/wp-content\/uploads\/2023\/10\/Utsikt-stor.jpeg","articleSection":["Arkiv","Nyheter"],"inLanguage":"sv-SE"},{"@type":"WebPage","@id":"https:\/\/lightweb.dev\/l\/svm-temp\/nyheter\/sa-ser-solkustens-hotells-plan-b-mot-torkan-ut\/","url":"https:\/\/lightweb.dev\/l\/svm-temp\/nyheter\/sa-ser-solkustens-hotells-plan-b-mot-torkan-ut\/","name":"S\u00e5 ser Solkustens hotells plan-B mot torkan ut - Svenska Magasinet","isPartOf":{"@id":"https:\/\/lightweb.dev\/l\/svm-temp\/#website"},"primaryImageOfPage":{"@id":"https:\/\/lightweb.dev\/l\/svm-temp\/nyheter\/sa-ser-solkustens-hotells-plan-b-mot-torkan-ut\/#primaryimage"},"image":{"@id":"https:\/\/lightweb.dev\/l\/svm-temp\/nyheter\/sa-ser-solkustens-hotells-plan-b-mot-torkan-ut\/#primaryimage"},"thumbnailUrl":"https:\/\/lightweb.dev\/l\/svm-temp\/wp-content\/uploads\/2023\/10\/Utsikt-stor.jpeg","datePublished":"2024-01-15T15:35:26+00:00","breadcrumb":{"@id":"https:\/\/lightweb.dev\/l\/svm-temp\/nyheter\/sa-ser-solkustens-hotells-plan-b-mot-torkan-ut\/#breadcrumb"},"inLanguage":"sv-SE","potentialAction":[{"@type":"ReadAction","target":["https:\/\/lightweb.dev\/l\/svm-temp\/nyheter\/sa-ser-solkustens-hotells-plan-b-mot-torkan-ut\/"]}]},{"@type":"ImageObject","inLanguage":"sv-SE","@id":"https:\/\/lightweb.dev\/l\/svm-temp\/nyheter\/sa-ser-solkustens-hotells-plan-b-mot-torkan-ut\/#primaryimage","url":"https:\/\/lightweb.dev\/l\/svm-temp\/wp-content\/uploads\/2023\/10\/Utsikt-stor.jpeg","contentUrl":"https:\/\/lightweb.dev\/l\/svm-temp\/wp-content\/uploads\/2023\/10\/Utsikt-stor.jpeg","width":1280,"height":960},{"@type":"BreadcrumbList","@id":"https:\/\/lightweb.dev\/l\/svm-temp\/nyheter\/sa-ser-solkustens-hotells-plan-b-mot-torkan-ut\/#breadcrumb","itemListElement":[{"@type":"ListItem","position":1,"name":"Hem","item":"https:\/\/lightweb.dev\/l\/svm-temp\/"},{"@type":"ListItem","position":2,"name":"S\u00e5 ser Solkustens hotells plan-B mot torkan ut"}]},{"@type":"WebSite","@id":"https:\/\/lightweb.dev\/l\/svm-temp\/#website","url":"https:\/\/lightweb.dev\/l\/svm-temp\/","name":"Svenska Magasinet","description":"Dina Spanska nyheter p&aring; Svenska","publisher":{"@id":"https:\/\/lightweb.dev\/l\/svm-temp\/#organization"},"potentialAction":[{"@type":"SearchAction","target":{"@type":"EntryPoint","urlTemplate":"https:\/\/lightweb.dev\/l\/svm-temp\/?s={search_term_string}"},"query-input":{"@type":"PropertyValueSpecification","valueRequired":true,"valueName":"search_term_string"}}],"inLanguage":"sv-SE"},{"@type":"Organization","@id":"https:\/\/lightweb.dev\/l\/svm-temp\/#organization","name":"Melkerson y Nott SL","alternateName":"Svenska Magasinet","url":"https:\/\/lightweb.dev\/l\/svm-temp\/","logo":{"@type":"ImageObject","inLanguage":"sv-SE","@id":"https:\/\/lightweb.dev\/l\/svm-temp\/#\/schema\/logo\/image\/","url":"https:\/\/lightweb.dev\/l\/svm-temp\/wp-content\/uploads\/2025\/02\/SvM-logo-Xtra-Centrerad-SVART.png","contentUrl":"https:\/\/lightweb.dev\/l\/svm-temp\/wp-content\/uploads\/2025\/02\/SvM-logo-Xtra-Centrerad-SVART.png","width":300,"height":99,"caption":"Melkerson y Nott SL"},"image":{"@id":"https:\/\/lightweb.dev\/l\/svm-temp\/#\/schema\/logo\/image\/"},"sameAs":["https:\/\/www.facebook.com\/svenskamagasinet","https:\/\/x.com\/SvenskaMagasine"]},{"@type":"Person","@id":"https:\/\/lightweb.dev\/l\/svm-temp\/#\/schema\/person\/caffe038990d25722f5a04a03c906a2b","name":"Robbie Eriksson","sameAs":["https:\/\/lightweb.dev\/l\/svm-temp"],"url":"https:\/\/lightweb.dev\/l\/svm-temp\/reporter\/robbie-eriksson\/"}]}},"_links":{"self":[{"href":"https:\/\/lightweb.dev\/l\/svm-temp\/wp-json\/wp\/v2\/posts\/68995","targetHints":{"allow":["GET"]}}],"collection":[{"href":"https:\/\/lightweb.dev\/l\/svm-temp\/wp-json\/wp\/v2\/posts"}],"about":[{"href":"https:\/\/lightweb.dev\/l\/svm-temp\/wp-json\/wp\/v2\/types\/post"}],"author":[{"embeddable":true,"href":"https:\/\/lightweb.dev\/l\/svm-temp\/wp-json\/wp\/v2\/users\/14"}],"replies":[{"embeddable":true,"href":"https:\/\/lightweb.dev\/l\/svm-temp\/wp-json\/wp\/v2\/comments?post=68995"}],"version-history":[{"count":0,"href":"https:\/\/lightweb.dev\/l\/svm-temp\/wp-json\/wp\/v2\/posts\/68995\/revisions"}],"wp:featuredmedia":[{"embeddable":true,"href":"https:\/\/lightweb.dev\/l\/svm-temp\/wp-json\/wp\/v2\/media\/66999"}],"wp:attachment":[{"href":"https:\/\/lightweb.dev\/l\/svm-temp\/wp-json\/wp\/v2\/media?parent=68995"}],"wp:term":[{"taxonomy":"category","embeddable":true,"href":"https:\/\/lightweb.dev\/l\/svm-temp\/wp-json\/wp\/v2\/categories?post=68995"},{"taxonomy":"post_tag","embeddable":true,"href":"https:\/\/lightweb.dev\/l\/svm-temp\/wp-json\/wp\/v2\/tags?post=68995"}],"curies":[{"name":"wp","href":"https:\/\/api.w.org\/{rel}","templated":true}]}}