{"id":68999,"date":"2024-01-15T16:44:12","date_gmt":"2024-01-15T15:44:12","guid":{"rendered":"https:\/\/lightweb.dev\/l\/svm-temp\/?p=68999"},"modified":"2024-01-15T17:03:44","modified_gmt":"2024-01-15T16:03:44","slug":"grottan-i-nerja-firar-65-ar-med-besoksrekord","status":"publish","type":"post","link":"https:\/\/lightweb.dev\/l\/svm-temp\/nyheter\/grottan-i-nerja-firar-65-ar-med-besoksrekord\/","title":{"rendered":"Grottan i Nerja firar 65 \u00e5r med bes\u00f6ksrekord"},"content":{"rendered":"<p><strong>F\u00f6r andra \u00e5ret i rad kom ett rekordstort antal bes\u00f6kare till Cueva de Nerja.\u00a0<\/strong><\/p>\n<p><strong>F\u00f6rra veckan firades det och att grottan fyllde 65 \u00e5r med en ceremoni. <\/strong><\/p>\n<p><span style=\"font-weight: 400;\">Fredag f\u00f6rra veckan var 65-\u00e5rsdagen sedan fem unga m\u00e4nniskor fr\u00e5n <\/span><span style=\"font-weight: 400;\">Mare\u00f1o gick in i grottan i Nerja. De gick in via en smal \u00f6ppning som kallas kyrkog\u00e5rdsgruvorna och uppt\u00e4ckte det massiva komplexet.\u00a0<\/span><\/p>\n<p><img loading=\"lazy\" decoding=\"async\" class=\"size-medium wp-image-69002 alignleft\" src=\"https:\/\/lightweb.dev\/l\/svm-temp\/wp-content\/uploads\/2024\/01\/DxcF9NWXcAAd2ni-stor-300x169.jpeg\" alt=\"\" width=\"300\" height=\"169\" srcset=\"https:\/\/lightweb.dev\/l\/svm-temp\/wp-content\/uploads\/2024\/01\/DxcF9NWXcAAd2ni-stor-300x169.jpeg 300w, https:\/\/lightweb.dev\/l\/svm-temp\/wp-content\/uploads\/2024\/01\/DxcF9NWXcAAd2ni-stor-900x507.jpeg 900w, https:\/\/lightweb.dev\/l\/svm-temp\/wp-content\/uploads\/2024\/01\/DxcF9NWXcAAd2ni-stor-768x432.jpeg 768w, https:\/\/lightweb.dev\/l\/svm-temp\/wp-content\/uploads\/2024\/01\/DxcF9NWXcAAd2ni-stor-610x343.jpeg 610w, https:\/\/lightweb.dev\/l\/svm-temp\/wp-content\/uploads\/2024\/01\/DxcF9NWXcAAd2ni-stor-600x338.jpeg 600w, https:\/\/lightweb.dev\/l\/svm-temp\/wp-content\/uploads\/2024\/01\/DxcF9NWXcAAd2ni-stor.jpeg 931w\" sizes=\"(max-width: 300px) 100vw, 300px\" \/><\/p>\n<p><span style=\"font-weight: 400;\">Uppt\u00e4ckten av grottan f\u00f6r\u00e4ndrade kursen f\u00f6r staden helt. N\u00e4r den \u00f6ppnades f\u00f6r allm\u00e4nheten ett \u00e5r senare gick Nerja fr\u00e5n att vara en jordbruks- och fiskestad till att bli ett resm\u00e5l f\u00f6r tusentals turister varje \u00e5r.\u00a0<\/span><\/p>\n<p><span style=\"font-weight: 400;\">Sedan invigningen i juni 1960 har fler \u00e4n 20 miljoner personer tagit sig in i grottan f\u00f6r att besk\u00e5da de fantastiska bergsformer som ristats av vattenerosion under tusentals \u00e5r. Dess dragningskraft \u00e4r fortfarande stor och de senaste \u00e5ren har antalet bes\u00f6kare blivit fler och fler.\u00a0<\/span><\/p>\n<p><span style=\"font-weight: 400;\">F\u00f6rra \u00e5ret sattes ett nytt rekord d\u00e5 hela 489 000 personer tog sig in i grottan. Det \u00e4r 53 000 fler \u00e4n 2022, som \u00e4ven det var ett rekord\u00e5r, och motsvarar en \u00f6kning p\u00e5 12 procent.\u00a0<\/span><\/p>\n<p><span style=\"font-weight: 400;\">F\u00f6r att fira de fina siffrorna och att grottan fyller 65 \u00e5r h\u00f6ll Nerja en hyllning till de fem uppt\u00e4ckarna och bj\u00f6d in dem till en ceremoni.\u00a0<\/span><\/p>\n<p><span style=\"font-weight: 400;\">Nerjas borgm\u00e4stare, Jos\u00e9 Alberto Armijo (PP), uttryckte \u201cord av beundran och tacksamhet\u201d till de fem unga m\u00e4nniskor som genom sin uppt\u00e4ckt satt Nerja p\u00e5 kartan som ett internationellt turistm\u00e5l.\u00a0<\/span><\/p>\n<p><span style=\"font-weight: 400;\">Han lyfte fram det positiva inflytande som grottan haft p\u00e5 det ekonomiska, turistiska och sociala i staden och visade ocks\u00e5 sin tacksamhet till alla som hj\u00e4lper till att skydda, bevara och prata om den.\u00a0<\/span><\/p>\n<p><span style=\"font-weight: 400;\">Armijo avslutade sitt tal med att uppmana Cueva de Nerja Foundation, som f\u00f6rvaltar grottan, att \u201cvi i ut\u00f6vandet av v\u00e5rt ansvar forts\u00e4tter att ro i r\u00e4tt riktning s\u00e5 att v\u00e5r grotta, denna naturskatt, blir en del av Heritage of Humanity\u201d, n\u00e5got som de str\u00e4vat efter i flera \u00e5rtionden.\u00a0<\/span><\/p>\n<p><span style=\"font-weight: 400;\">\u00c4ven representanter fr\u00e5n den lokala regeringen i Andalusien fanns p\u00e5 plats f\u00f6r att visa sin uppskattning och ge uppt\u00e4ckarna ett plakat till minne av detta 65-\u00e5rsjubileum. De ber\u00e4ttade ocks\u00e5 att \u00e5rsdagen kommer att firas med olika evenemang som utspelar sig under hela 2024.\u00a0\u00a0\u00a0<\/span><\/p>\n<p><span style=\"font-weight: 400;\">Firandet \u00e4gde rum p\u00e5 Plaza de los Descubridores (Uppt\u00e4ckarnas Torg), n\u00e4ra grottan och bes\u00f6ktes av flera personer. Bland dem fanns Cueva de Nerja Foundations chef, Chema Dom\u00ednguez, och flera av stiftelsens anst\u00e4llda samt medlemmar i olika organisationer och aff\u00e4rsm\u00e4n.\u00a0<\/span><\/p>\n","protected":false},"excerpt":{"rendered":"<p>F\u00f6r andra \u00e5ret i rad kom ett rekordstort antal bes\u00f6kare till Cueva de Nerja.\u00a0F\u00f6rra veckan firades det och att grottan fyllde 65 \u00e5r med en ceremoni.<\/p>\n","protected":false},"author":14,"featured_media":69001,"comment_status":"closed","ping_status":"closed","sticky":false,"template":"","format":"standard","meta":{"_et_pb_use_builder":"","_et_pb_old_content":"","_et_gb_content_width":"","footnotes":""},"categories":[395,3],"tags":[],"class_list":["post-68999","post","type-post","status-publish","format-standard","has-post-thumbnail","hentry","category-arkiv-nyheter","category-nyheter"],"yoast_head":"<!-- This site is optimized with the Yoast SEO Premium plugin v26.2 (Yoast SEO v27.4) - https:\/\/yoast.com\/product\/yoast-seo-premium-wordpress\/ -->\n<title>Grottan i Nerja firar 65 \u00e5r med bes\u00f6ksrekord - Svenska Magasinet<\/title>\n<meta name=\"robots\" content=\"noindex, follow, max-snippet:-1, max-image-preview:large, max-video-preview:-1\" \/>\n<meta property=\"og:locale\" content=\"sv_SE\" \/>\n<meta property=\"og:type\" content=\"article\" \/>\n<meta property=\"og:title\" content=\"Grottan i Nerja firar 65 \u00e5r med bes\u00f6ksrekord\" \/>\n<meta property=\"og:description\" content=\"F\u00f6r andra \u00e5ret i rad kom ett rekordstort antal bes\u00f6kare till Cueva de Nerja.\u00a0F\u00f6rra veckan firades det och att grottan fyllde 65 \u00e5r med en ceremoni.\" \/>\n<meta property=\"og:url\" content=\"https:\/\/lightweb.dev\/l\/svm-temp\/nyheter\/grottan-i-nerja-firar-65-ar-med-besoksrekord\/\" \/>\n<meta property=\"og:site_name\" content=\"Svenska Magasinet\" \/>\n<meta property=\"article:publisher\" content=\"https:\/\/www.facebook.com\/svenskamagasinet\" \/>\n<meta property=\"article:published_time\" content=\"2024-01-15T15:44:12+00:00\" \/>\n<meta property=\"article:modified_time\" content=\"2024-01-15T16:03:44+00:00\" \/>\n<meta property=\"og:image\" content=\"https:\/\/lightweb.dev\/l\/svm-temp\/wp-content\/uploads\/2024\/01\/DwzrOGbWwAEY725-stor.jpeg\" \/>\n\t<meta property=\"og:image:width\" content=\"1200\" \/>\n\t<meta property=\"og:image:height\" content=\"800\" \/>\n\t<meta property=\"og:image:type\" content=\"image\/jpeg\" \/>\n<meta name=\"author\" content=\"Robbie Eriksson\" \/>\n<meta name=\"twitter:card\" content=\"summary_large_image\" \/>\n<meta name=\"twitter:creator\" content=\"@SvenskaMagasine\" \/>\n<meta name=\"twitter:site\" content=\"@SvenskaMagasine\" \/>\n<script type=\"application\/ld+json\" class=\"yoast-schema-graph\">{\"@context\":\"https:\\\/\\\/schema.org\",\"@graph\":[{\"@type\":\"Article\",\"@id\":\"https:\\\/\\\/lightweb.dev\\\/l\\\/svm-temp\\\/nyheter\\\/grottan-i-nerja-firar-65-ar-med-besoksrekord\\\/#article\",\"isPartOf\":{\"@id\":\"https:\\\/\\\/lightweb.dev\\\/l\\\/svm-temp\\\/nyheter\\\/grottan-i-nerja-firar-65-ar-med-besoksrekord\\\/\"},\"author\":{\"name\":\"Robbie Eriksson\",\"@id\":\"https:\\\/\\\/lightweb.dev\\\/l\\\/svm-temp\\\/#\\\/schema\\\/person\\\/caffe038990d25722f5a04a03c906a2b\"},\"headline\":\"Grottan i Nerja firar 65 \u00e5r med bes\u00f6ksrekord\",\"datePublished\":\"2024-01-15T15:44:12+00:00\",\"dateModified\":\"2024-01-15T16:03:44+00:00\",\"mainEntityOfPage\":{\"@id\":\"https:\\\/\\\/lightweb.dev\\\/l\\\/svm-temp\\\/nyheter\\\/grottan-i-nerja-firar-65-ar-med-besoksrekord\\\/\"},\"wordCount\":446,\"publisher\":{\"@id\":\"https:\\\/\\\/lightweb.dev\\\/l\\\/svm-temp\\\/#organization\"},\"image\":{\"@id\":\"https:\\\/\\\/lightweb.dev\\\/l\\\/svm-temp\\\/nyheter\\\/grottan-i-nerja-firar-65-ar-med-besoksrekord\\\/#primaryimage\"},\"thumbnailUrl\":\"https:\\\/\\\/lightweb.dev\\\/l\\\/svm-temp\\\/wp-content\\\/uploads\\\/2024\\\/01\\\/DwzrOGbWwAEY725-stor.jpeg\",\"articleSection\":[\"Arkiv\",\"Nyheter\"],\"inLanguage\":\"sv-SE\"},{\"@type\":\"WebPage\",\"@id\":\"https:\\\/\\\/lightweb.dev\\\/l\\\/svm-temp\\\/nyheter\\\/grottan-i-nerja-firar-65-ar-med-besoksrekord\\\/\",\"url\":\"https:\\\/\\\/lightweb.dev\\\/l\\\/svm-temp\\\/nyheter\\\/grottan-i-nerja-firar-65-ar-med-besoksrekord\\\/\",\"name\":\"Grottan i Nerja firar 65 \u00e5r med bes\u00f6ksrekord - Svenska Magasinet\",\"isPartOf\":{\"@id\":\"https:\\\/\\\/lightweb.dev\\\/l\\\/svm-temp\\\/#website\"},\"primaryImageOfPage\":{\"@id\":\"https:\\\/\\\/lightweb.dev\\\/l\\\/svm-temp\\\/nyheter\\\/grottan-i-nerja-firar-65-ar-med-besoksrekord\\\/#primaryimage\"},\"image\":{\"@id\":\"https:\\\/\\\/lightweb.dev\\\/l\\\/svm-temp\\\/nyheter\\\/grottan-i-nerja-firar-65-ar-med-besoksrekord\\\/#primaryimage\"},\"thumbnailUrl\":\"https:\\\/\\\/lightweb.dev\\\/l\\\/svm-temp\\\/wp-content\\\/uploads\\\/2024\\\/01\\\/DwzrOGbWwAEY725-stor.jpeg\",\"datePublished\":\"2024-01-15T15:44:12+00:00\",\"dateModified\":\"2024-01-15T16:03:44+00:00\",\"breadcrumb\":{\"@id\":\"https:\\\/\\\/lightweb.dev\\\/l\\\/svm-temp\\\/nyheter\\\/grottan-i-nerja-firar-65-ar-med-besoksrekord\\\/#breadcrumb\"},\"inLanguage\":\"sv-SE\",\"potentialAction\":[{\"@type\":\"ReadAction\",\"target\":[\"https:\\\/\\\/lightweb.dev\\\/l\\\/svm-temp\\\/nyheter\\\/grottan-i-nerja-firar-65-ar-med-besoksrekord\\\/\"]}]},{\"@type\":\"ImageObject\",\"inLanguage\":\"sv-SE\",\"@id\":\"https:\\\/\\\/lightweb.dev\\\/l\\\/svm-temp\\\/nyheter\\\/grottan-i-nerja-firar-65-ar-med-besoksrekord\\\/#primaryimage\",\"url\":\"https:\\\/\\\/lightweb.dev\\\/l\\\/svm-temp\\\/wp-content\\\/uploads\\\/2024\\\/01\\\/DwzrOGbWwAEY725-stor.jpeg\",\"contentUrl\":\"https:\\\/\\\/lightweb.dev\\\/l\\\/svm-temp\\\/wp-content\\\/uploads\\\/2024\\\/01\\\/DwzrOGbWwAEY725-stor.jpeg\",\"width\":1200,\"height\":800},{\"@type\":\"BreadcrumbList\",\"@id\":\"https:\\\/\\\/lightweb.dev\\\/l\\\/svm-temp\\\/nyheter\\\/grottan-i-nerja-firar-65-ar-med-besoksrekord\\\/#breadcrumb\",\"itemListElement\":[{\"@type\":\"ListItem\",\"position\":1,\"name\":\"Hem\",\"item\":\"https:\\\/\\\/lightweb.dev\\\/l\\\/svm-temp\\\/\"},{\"@type\":\"ListItem\",\"position\":2,\"name\":\"Grottan i Nerja firar 65 \u00e5r med bes\u00f6ksrekord\"}]},{\"@type\":\"WebSite\",\"@id\":\"https:\\\/\\\/lightweb.dev\\\/l\\\/svm-temp\\\/#website\",\"url\":\"https:\\\/\\\/lightweb.dev\\\/l\\\/svm-temp\\\/\",\"name\":\"Svenska Magasinet\",\"description\":\"Dina Spanska nyheter p&aring; Svenska\",\"publisher\":{\"@id\":\"https:\\\/\\\/lightweb.dev\\\/l\\\/svm-temp\\\/#organization\"},\"potentialAction\":[{\"@type\":\"SearchAction\",\"target\":{\"@type\":\"EntryPoint\",\"urlTemplate\":\"https:\\\/\\\/lightweb.dev\\\/l\\\/svm-temp\\\/?s={search_term_string}\"},\"query-input\":{\"@type\":\"PropertyValueSpecification\",\"valueRequired\":true,\"valueName\":\"search_term_string\"}}],\"inLanguage\":\"sv-SE\"},{\"@type\":\"Organization\",\"@id\":\"https:\\\/\\\/lightweb.dev\\\/l\\\/svm-temp\\\/#organization\",\"name\":\"Melkerson y Nott SL\",\"alternateName\":\"Svenska Magasinet\",\"url\":\"https:\\\/\\\/lightweb.dev\\\/l\\\/svm-temp\\\/\",\"logo\":{\"@type\":\"ImageObject\",\"inLanguage\":\"sv-SE\",\"@id\":\"https:\\\/\\\/lightweb.dev\\\/l\\\/svm-temp\\\/#\\\/schema\\\/logo\\\/image\\\/\",\"url\":\"https:\\\/\\\/lightweb.dev\\\/l\\\/svm-temp\\\/wp-content\\\/uploads\\\/2025\\\/02\\\/SvM-logo-Xtra-Centrerad-SVART.png\",\"contentUrl\":\"https:\\\/\\\/lightweb.dev\\\/l\\\/svm-temp\\\/wp-content\\\/uploads\\\/2025\\\/02\\\/SvM-logo-Xtra-Centrerad-SVART.png\",\"width\":300,\"height\":99,\"caption\":\"Melkerson y Nott SL\"},\"image\":{\"@id\":\"https:\\\/\\\/lightweb.dev\\\/l\\\/svm-temp\\\/#\\\/schema\\\/logo\\\/image\\\/\"},\"sameAs\":[\"https:\\\/\\\/www.facebook.com\\\/svenskamagasinet\",\"https:\\\/\\\/x.com\\\/SvenskaMagasine\"]},{\"@type\":\"Person\",\"@id\":\"https:\\\/\\\/lightweb.dev\\\/l\\\/svm-temp\\\/#\\\/schema\\\/person\\\/caffe038990d25722f5a04a03c906a2b\",\"name\":\"Robbie Eriksson\",\"sameAs\":[\"https:\\\/\\\/lightweb.dev\\\/l\\\/svm-temp\"],\"url\":\"https:\\\/\\\/lightweb.dev\\\/l\\\/svm-temp\\\/reporter\\\/robbie-eriksson\\\/\"}]}<\/script>\n<!-- \/ Yoast SEO Premium plugin. -->","yoast_head_json":{"title":"Grottan i Nerja firar 65 \u00e5r med bes\u00f6ksrekord - Svenska Magasinet","robots":{"index":"noindex","follow":"follow","max-snippet":"max-snippet:-1","max-image-preview":"max-image-preview:large","max-video-preview":"max-video-preview:-1"},"og_locale":"sv_SE","og_type":"article","og_title":"Grottan i Nerja firar 65 \u00e5r med bes\u00f6ksrekord","og_description":"F\u00f6r andra \u00e5ret i rad kom ett rekordstort antal bes\u00f6kare till Cueva de Nerja.\u00a0F\u00f6rra veckan firades det och att grottan fyllde 65 \u00e5r med en ceremoni.","og_url":"https:\/\/lightweb.dev\/l\/svm-temp\/nyheter\/grottan-i-nerja-firar-65-ar-med-besoksrekord\/","og_site_name":"Svenska Magasinet","article_publisher":"https:\/\/www.facebook.com\/svenskamagasinet","article_published_time":"2024-01-15T15:44:12+00:00","article_modified_time":"2024-01-15T16:03:44+00:00","og_image":[{"width":1200,"height":800,"url":"https:\/\/lightweb.dev\/l\/svm-temp\/wp-content\/uploads\/2024\/01\/DwzrOGbWwAEY725-stor.jpeg","type":"image\/jpeg"}],"author":"Robbie Eriksson","twitter_card":"summary_large_image","twitter_creator":"@SvenskaMagasine","twitter_site":"@SvenskaMagasine","schema":{"@context":"https:\/\/schema.org","@graph":[{"@type":"Article","@id":"https:\/\/lightweb.dev\/l\/svm-temp\/nyheter\/grottan-i-nerja-firar-65-ar-med-besoksrekord\/#article","isPartOf":{"@id":"https:\/\/lightweb.dev\/l\/svm-temp\/nyheter\/grottan-i-nerja-firar-65-ar-med-besoksrekord\/"},"author":{"name":"Robbie Eriksson","@id":"https:\/\/lightweb.dev\/l\/svm-temp\/#\/schema\/person\/caffe038990d25722f5a04a03c906a2b"},"headline":"Grottan i Nerja firar 65 \u00e5r med bes\u00f6ksrekord","datePublished":"2024-01-15T15:44:12+00:00","dateModified":"2024-01-15T16:03:44+00:00","mainEntityOfPage":{"@id":"https:\/\/lightweb.dev\/l\/svm-temp\/nyheter\/grottan-i-nerja-firar-65-ar-med-besoksrekord\/"},"wordCount":446,"publisher":{"@id":"https:\/\/lightweb.dev\/l\/svm-temp\/#organization"},"image":{"@id":"https:\/\/lightweb.dev\/l\/svm-temp\/nyheter\/grottan-i-nerja-firar-65-ar-med-besoksrekord\/#primaryimage"},"thumbnailUrl":"https:\/\/lightweb.dev\/l\/svm-temp\/wp-content\/uploads\/2024\/01\/DwzrOGbWwAEY725-stor.jpeg","articleSection":["Arkiv","Nyheter"],"inLanguage":"sv-SE"},{"@type":"WebPage","@id":"https:\/\/lightweb.dev\/l\/svm-temp\/nyheter\/grottan-i-nerja-firar-65-ar-med-besoksrekord\/","url":"https:\/\/lightweb.dev\/l\/svm-temp\/nyheter\/grottan-i-nerja-firar-65-ar-med-besoksrekord\/","name":"Grottan i Nerja firar 65 \u00e5r med bes\u00f6ksrekord - Svenska Magasinet","isPartOf":{"@id":"https:\/\/lightweb.dev\/l\/svm-temp\/#website"},"primaryImageOfPage":{"@id":"https:\/\/lightweb.dev\/l\/svm-temp\/nyheter\/grottan-i-nerja-firar-65-ar-med-besoksrekord\/#primaryimage"},"image":{"@id":"https:\/\/lightweb.dev\/l\/svm-temp\/nyheter\/grottan-i-nerja-firar-65-ar-med-besoksrekord\/#primaryimage"},"thumbnailUrl":"https:\/\/lightweb.dev\/l\/svm-temp\/wp-content\/uploads\/2024\/01\/DwzrOGbWwAEY725-stor.jpeg","datePublished":"2024-01-15T15:44:12+00:00","dateModified":"2024-01-15T16:03:44+00:00","breadcrumb":{"@id":"https:\/\/lightweb.dev\/l\/svm-temp\/nyheter\/grottan-i-nerja-firar-65-ar-med-besoksrekord\/#breadcrumb"},"inLanguage":"sv-SE","potentialAction":[{"@type":"ReadAction","target":["https:\/\/lightweb.dev\/l\/svm-temp\/nyheter\/grottan-i-nerja-firar-65-ar-med-besoksrekord\/"]}]},{"@type":"ImageObject","inLanguage":"sv-SE","@id":"https:\/\/lightweb.dev\/l\/svm-temp\/nyheter\/grottan-i-nerja-firar-65-ar-med-besoksrekord\/#primaryimage","url":"https:\/\/lightweb.dev\/l\/svm-temp\/wp-content\/uploads\/2024\/01\/DwzrOGbWwAEY725-stor.jpeg","contentUrl":"https:\/\/lightweb.dev\/l\/svm-temp\/wp-content\/uploads\/2024\/01\/DwzrOGbWwAEY725-stor.jpeg","width":1200,"height":800},{"@type":"BreadcrumbList","@id":"https:\/\/lightweb.dev\/l\/svm-temp\/nyheter\/grottan-i-nerja-firar-65-ar-med-besoksrekord\/#breadcrumb","itemListElement":[{"@type":"ListItem","position":1,"name":"Hem","item":"https:\/\/lightweb.dev\/l\/svm-temp\/"},{"@type":"ListItem","position":2,"name":"Grottan i Nerja firar 65 \u00e5r med bes\u00f6ksrekord"}]},{"@type":"WebSite","@id":"https:\/\/lightweb.dev\/l\/svm-temp\/#website","url":"https:\/\/lightweb.dev\/l\/svm-temp\/","name":"Svenska Magasinet","description":"Dina Spanska nyheter p&aring; Svenska","publisher":{"@id":"https:\/\/lightweb.dev\/l\/svm-temp\/#organization"},"potentialAction":[{"@type":"SearchAction","target":{"@type":"EntryPoint","urlTemplate":"https:\/\/lightweb.dev\/l\/svm-temp\/?s={search_term_string}"},"query-input":{"@type":"PropertyValueSpecification","valueRequired":true,"valueName":"search_term_string"}}],"inLanguage":"sv-SE"},{"@type":"Organization","@id":"https:\/\/lightweb.dev\/l\/svm-temp\/#organization","name":"Melkerson y Nott SL","alternateName":"Svenska Magasinet","url":"https:\/\/lightweb.dev\/l\/svm-temp\/","logo":{"@type":"ImageObject","inLanguage":"sv-SE","@id":"https:\/\/lightweb.dev\/l\/svm-temp\/#\/schema\/logo\/image\/","url":"https:\/\/lightweb.dev\/l\/svm-temp\/wp-content\/uploads\/2025\/02\/SvM-logo-Xtra-Centrerad-SVART.png","contentUrl":"https:\/\/lightweb.dev\/l\/svm-temp\/wp-content\/uploads\/2025\/02\/SvM-logo-Xtra-Centrerad-SVART.png","width":300,"height":99,"caption":"Melkerson y Nott SL"},"image":{"@id":"https:\/\/lightweb.dev\/l\/svm-temp\/#\/schema\/logo\/image\/"},"sameAs":["https:\/\/www.facebook.com\/svenskamagasinet","https:\/\/x.com\/SvenskaMagasine"]},{"@type":"Person","@id":"https:\/\/lightweb.dev\/l\/svm-temp\/#\/schema\/person\/caffe038990d25722f5a04a03c906a2b","name":"Robbie Eriksson","sameAs":["https:\/\/lightweb.dev\/l\/svm-temp"],"url":"https:\/\/lightweb.dev\/l\/svm-temp\/reporter\/robbie-eriksson\/"}]}},"_links":{"self":[{"href":"https:\/\/lightweb.dev\/l\/svm-temp\/wp-json\/wp\/v2\/posts\/68999","targetHints":{"allow":["GET"]}}],"collection":[{"href":"https:\/\/lightweb.dev\/l\/svm-temp\/wp-json\/wp\/v2\/posts"}],"about":[{"href":"https:\/\/lightweb.dev\/l\/svm-temp\/wp-json\/wp\/v2\/types\/post"}],"author":[{"embeddable":true,"href":"https:\/\/lightweb.dev\/l\/svm-temp\/wp-json\/wp\/v2\/users\/14"}],"replies":[{"embeddable":true,"href":"https:\/\/lightweb.dev\/l\/svm-temp\/wp-json\/wp\/v2\/comments?post=68999"}],"version-history":[{"count":0,"href":"https:\/\/lightweb.dev\/l\/svm-temp\/wp-json\/wp\/v2\/posts\/68999\/revisions"}],"wp:featuredmedia":[{"embeddable":true,"href":"https:\/\/lightweb.dev\/l\/svm-temp\/wp-json\/wp\/v2\/media\/69001"}],"wp:attachment":[{"href":"https:\/\/lightweb.dev\/l\/svm-temp\/wp-json\/wp\/v2\/media?parent=68999"}],"wp:term":[{"taxonomy":"category","embeddable":true,"href":"https:\/\/lightweb.dev\/l\/svm-temp\/wp-json\/wp\/v2\/categories?post=68999"},{"taxonomy":"post_tag","embeddable":true,"href":"https:\/\/lightweb.dev\/l\/svm-temp\/wp-json\/wp\/v2\/tags?post=68999"}],"curies":[{"name":"wp","href":"https:\/\/api.w.org\/{rel}","templated":true}]}}