{"id":69005,"date":"2024-01-16T10:05:52","date_gmt":"2024-01-16T09:05:52","guid":{"rendered":"https:\/\/lightweb.dev\/l\/svm-temp\/?p=69005"},"modified":"2024-01-17T13:20:06","modified_gmt":"2024-01-17T12:20:06","slug":"malaga-och-alicante-flygplats-satter-rekord-i-antalet-resenarer","status":"publish","type":"post","link":"https:\/\/lightweb.dev\/l\/svm-temp\/nyheter\/malaga-och-alicante-flygplats-satter-rekord-i-antalet-resenarer\/","title":{"rendered":"M\u00e1laga och Alicante flygplats s\u00e4tter rekord i antalet resen\u00e4rer"},"content":{"rendered":"<p><strong>22.344.373. S\u00e5 m\u00e5nga resen\u00e4rer registrerade M\u00e1laga flygplats under 2023 vilket \u00e4r en \u00f6kning med 12,5 procent sedan f\u00f6rra rekord\u00e5ret 2019.<\/strong><\/p>\n<p><strong>Det visar officiella siffror fr\u00e5n spanska luftfartsverket Aena som presenterades p\u00e5 m\u00e5ndagen.<\/strong><\/p>\n<p>Det \u00e4r utrikestrafiken som dominerar klart med 18.262.581 resen\u00e4rer medan 4.023.569 resen\u00e4rer fl\u00f6g inrikes.<\/p>\n<h2 class=\"entry-title\">Livsstil: <a href=\"https:\/\/lightweb.dev\/l\/svm-temp\/artiklar\/mat-vin\/livsstil-spanien-ett-vinnande-land-inom-turism\/\">Spanien \u2013 ett vinnande land inom turism<\/a><\/h2>\n<p>De brittiska resen\u00e4rerna ligger i topp med 5.343.869 f\u00f6ljt av tyskar 1.646.777, holl\u00e4ndare 1.311.933, fransoser 1.274.737 och italienare 1.027.799.<\/p>\n<div id=\"attachment_69007\" style=\"width: 310px\" class=\"wp-caption alignleft\"><img loading=\"lazy\" decoding=\"async\" aria-describedby=\"caption-attachment-69007\" class=\"size-medium wp-image-69007\" src=\"https:\/\/lightweb.dev\/l\/svm-temp\/wp-content\/uploads\/2024\/01\/IMG_2120-stor-300x225.jpeg\" alt=\"\" width=\"300\" height=\"225\" srcset=\"https:\/\/lightweb.dev\/l\/svm-temp\/wp-content\/uploads\/2024\/01\/IMG_2120-stor-300x225.jpeg 300w, https:\/\/lightweb.dev\/l\/svm-temp\/wp-content\/uploads\/2024\/01\/IMG_2120-stor-900x675.jpeg 900w, https:\/\/lightweb.dev\/l\/svm-temp\/wp-content\/uploads\/2024\/01\/IMG_2120-stor-768x576.jpeg 768w, https:\/\/lightweb.dev\/l\/svm-temp\/wp-content\/uploads\/2024\/01\/IMG_2120-stor-610x458.jpeg 610w, https:\/\/lightweb.dev\/l\/svm-temp\/wp-content\/uploads\/2024\/01\/IMG_2120-stor-1080x810.jpeg 1080w, https:\/\/lightweb.dev\/l\/svm-temp\/wp-content\/uploads\/2024\/01\/IMG_2120-stor-600x450.jpeg 600w, https:\/\/lightweb.dev\/l\/svm-temp\/wp-content\/uploads\/2024\/01\/IMG_2120-stor.jpeg 1280w\" sizes=\"(max-width: 300px) 100vw, 300px\" \/><p id=\"caption-attachment-69007\" class=\"wp-caption-text\">Flygledningen vid M\u00e1laga flygplats hanterade 161.684 flyg under fjol\u00e5ret.<\/p><\/div>\n<p>46 flygplatser och tv\u00e5 helikopterflygplatser ing\u00e5r i Aenas n\u00e4tverk. Under 2023 registrerades totalt 283 miljoner resen\u00e4rer.<\/p>\n<p>Det spanska luftfartsverket Aenas generaldirekt\u00f6r Maurici Lucena s\u00e4ger att rekordsiffrorna f\u00f6r flyget \u00e4r grundl\u00e4ggande f\u00f6r den ekonomiska och sociala utvecklingen i Spanien.<\/p>\n<p>&#8211; Vi b\u00f6r s\u00e4ga grattis till oss sj\u00e4lva och \u00e4ven till flygbolagen precis som Aena drabbades h\u00e5rt av covid-19-pandemin men som nu transporterar fler passagerare \u00e4n n\u00e5gonsin tidigare.<\/p>\n<p>M\u00e1laga \u00e4r den fj\u00e4rde st\u00f6rsta flygplatsen i Spanien och den som har vuxit mest j\u00e4mf\u00f6rt med 2019.<\/p>\n<p>Totalt redovisade flygplatserna i Andalusien 33 miljoner resen\u00e4rer vilket ocks\u00e5 var en \u00f6kning j\u00e4mf\u00f6rt med f\u00f6rra rekord\u00e5ret 2019. Sevilla hade 8,07 miljoner resen\u00e4rer f\u00f6ljt av Granada med 1.039.429, Jerez 904.000 och Almer\u00eda 775.393.<\/p>\n<p>Som <a href=\"https:\/\/lightweb.dev\/l\/svm-temp\/nyheter\/malaga-flygplats-ska-byggas-ut\/\">Svenska Magasinet<\/a> tidigare har ber\u00e4ttat finns det planer p\u00e5 att ut\u00f6ka kapaciteten vid M\u00e1laga flygplats. Som det nu \u00e4r kan Terminal 3 betj\u00e4na 9 500 resen\u00e4rer per timme eller 30 miljoner resen\u00e4rer per \u00e5r. Men den siffran ser ut att krossas inom ett antal \u00e5r.<\/p>\n<h2>Valenciaregionen<\/h2>\n<p>\u00c4ven i Valenciaregionen satte flygplatserna nya rekord. Alicante-Elche Miguel Hern\u00e1ndez hade 15.747.678 resen\u00e4rer vilket var en \u00f6kning j\u00e4mf\u00f6rt med \u00e5ret 2019 d\u00e5 15.048.240 resen\u00e4rer registrerades.<\/p>\n<p>Valencia redovisade 9.948.141 vilket kan j\u00e4mf\u00f6ras med 8.539.579 f\u00f6r 2019.<\/p>\n<blockquote class=\"twitter-tweet\" data-media-max-width=\"560\">\n<p dir=\"ltr\" lang=\"es\">Los aeropuertos de Aena en Espa\u00f1a cierran 2023 con m\u00e1s de 283 millones de pasajeros.<\/p>\n<p>El presidente y CEO de Aena, Maurici Lucena, ha destacado que \u201cestas cifras r\u00e9cord en el transporte a\u00e9reo son fundamentales para el desarrollo econ\u00f3mico y social de Espa\u00f1a. Todos debemos\u2026 <a href=\"https:\/\/t.co\/dxN9aiGvq1\">pic.twitter.com\/dxN9aiGvq1<\/a><\/p>\n<p>\u2014 Aena (@aena) <a href=\"https:\/\/twitter.com\/aena\/status\/1746831743418601693?ref_src=twsrc%5Etfw\">January 15, 2024<\/a><\/p><\/blockquote>\n<p><script async src=\"https:\/\/platform.twitter.com\/widgets.js\" charset=\"utf-8\"><\/script><\/p>\n","protected":false},"excerpt":{"rendered":"<p>22.344.373. S\u00e5 m\u00e5nga resen\u00e4rer registrerade M\u00e1laga flygplats under 2023 vilket \u00e4r en \u00f6kning med 12,5 procent sedan f\u00f6rra rekord\u00e5ret 2019. Det visar officiella siffror fr\u00e5n spanska luftfartsverket Aena som presenterades p\u00e5 m\u00e5ndagen&#8230;<\/p>\n","protected":false},"author":7,"featured_media":69006,"comment_status":"closed","ping_status":"closed","sticky":false,"template":"","format":"standard","meta":{"_et_pb_use_builder":"","_et_pb_old_content":"","_et_gb_content_width":"","footnotes":""},"categories":[395,3],"tags":[],"class_list":["post-69005","post","type-post","status-publish","format-standard","has-post-thumbnail","hentry","category-arkiv-nyheter","category-nyheter"],"yoast_head":"<!-- This site is optimized with the Yoast SEO Premium plugin v26.2 (Yoast SEO v27.4) - https:\/\/yoast.com\/product\/yoast-seo-premium-wordpress\/ -->\n<title>M\u00e1laga och Alicante flygplats s\u00e4tter rekord i antalet resen\u00e4rer - Svenska Magasinet<\/title>\n<meta name=\"description\" content=\"22.344.373. S\u00e5 m\u00e5nga resen\u00e4rer registrerade M\u00e1laga flygplats under 2023 vilket \u00e4r en \u00f6kning med 12,5 procent sedan f\u00f6rra rekord\u00e5ret 2019. Det visar officiella siffror fr\u00e5n spanska luftfartsverket Aena som presenterades p\u00e5 m\u00e5ndagen.\" \/>\n<meta name=\"robots\" content=\"noindex, follow, max-snippet:-1, max-image-preview:large, max-video-preview:-1\" \/>\n<meta property=\"og:locale\" content=\"sv_SE\" \/>\n<meta property=\"og:type\" content=\"article\" \/>\n<meta property=\"og:title\" content=\"M\u00e1laga och Alicante flygplats s\u00e4tter rekord i antalet resen\u00e4rer\" \/>\n<meta property=\"og:description\" content=\"22.344.373. S\u00e5 m\u00e5nga resen\u00e4rer registrerade M\u00e1laga flygplats under 2023 vilket \u00e4r en \u00f6kning med 12,5 procent sedan f\u00f6rra rekord\u00e5ret 2019. Det visar officiella siffror fr\u00e5n spanska luftfartsverket Aena som presenterades p\u00e5 m\u00e5ndagen.\" \/>\n<meta property=\"og:url\" content=\"https:\/\/lightweb.dev\/l\/svm-temp\/nyheter\/malaga-och-alicante-flygplats-satter-rekord-i-antalet-resenarer\/\" \/>\n<meta property=\"og:site_name\" content=\"Svenska Magasinet\" \/>\n<meta property=\"article:publisher\" content=\"https:\/\/www.facebook.com\/svenskamagasinet\" \/>\n<meta property=\"article:published_time\" content=\"2024-01-16T09:05:52+00:00\" \/>\n<meta property=\"article:modified_time\" content=\"2024-01-17T12:20:06+00:00\" \/>\n<meta property=\"og:image\" content=\"https:\/\/lightweb.dev\/l\/svm-temp\/wp-content\/uploads\/2024\/01\/IMG_2110-stor.jpeg\" \/>\n\t<meta property=\"og:image:width\" content=\"1280\" \/>\n\t<meta property=\"og:image:height\" content=\"960\" \/>\n\t<meta property=\"og:image:type\" content=\"image\/jpeg\" \/>\n<meta name=\"author\" content=\"Ola Josefsson\" \/>\n<meta name=\"twitter:card\" content=\"summary_large_image\" \/>\n<meta name=\"twitter:creator\" content=\"@SvenskaMagasine\" \/>\n<meta name=\"twitter:site\" content=\"@SvenskaMagasine\" \/>\n<script type=\"application\/ld+json\" class=\"yoast-schema-graph\">{\"@context\":\"https:\\\/\\\/schema.org\",\"@graph\":[{\"@type\":\"Article\",\"@id\":\"https:\\\/\\\/lightweb.dev\\\/l\\\/svm-temp\\\/nyheter\\\/malaga-och-alicante-flygplats-satter-rekord-i-antalet-resenarer\\\/#article\",\"isPartOf\":{\"@id\":\"https:\\\/\\\/lightweb.dev\\\/l\\\/svm-temp\\\/nyheter\\\/malaga-och-alicante-flygplats-satter-rekord-i-antalet-resenarer\\\/\"},\"author\":{\"name\":\"Ola Josefsson\",\"@id\":\"https:\\\/\\\/lightweb.dev\\\/l\\\/svm-temp\\\/#\\\/schema\\\/person\\\/7a82b8a73d171d32360a564b6d03508e\"},\"headline\":\"M\u00e1laga och Alicante flygplats s\u00e4tter rekord i antalet resen\u00e4rer\",\"datePublished\":\"2024-01-16T09:05:52+00:00\",\"dateModified\":\"2024-01-17T12:20:06+00:00\",\"mainEntityOfPage\":{\"@id\":\"https:\\\/\\\/lightweb.dev\\\/l\\\/svm-temp\\\/nyheter\\\/malaga-och-alicante-flygplats-satter-rekord-i-antalet-resenarer\\\/\"},\"wordCount\":379,\"publisher\":{\"@id\":\"https:\\\/\\\/lightweb.dev\\\/l\\\/svm-temp\\\/#organization\"},\"image\":{\"@id\":\"https:\\\/\\\/lightweb.dev\\\/l\\\/svm-temp\\\/nyheter\\\/malaga-och-alicante-flygplats-satter-rekord-i-antalet-resenarer\\\/#primaryimage\"},\"thumbnailUrl\":\"https:\\\/\\\/lightweb.dev\\\/l\\\/svm-temp\\\/wp-content\\\/uploads\\\/2024\\\/01\\\/IMG_2110-stor.jpeg\",\"articleSection\":[\"Arkiv\",\"Nyheter\"],\"inLanguage\":\"sv-SE\"},{\"@type\":\"WebPage\",\"@id\":\"https:\\\/\\\/lightweb.dev\\\/l\\\/svm-temp\\\/nyheter\\\/malaga-och-alicante-flygplats-satter-rekord-i-antalet-resenarer\\\/\",\"url\":\"https:\\\/\\\/lightweb.dev\\\/l\\\/svm-temp\\\/nyheter\\\/malaga-och-alicante-flygplats-satter-rekord-i-antalet-resenarer\\\/\",\"name\":\"M\u00e1laga och Alicante flygplats s\u00e4tter rekord i antalet resen\u00e4rer - Svenska Magasinet\",\"isPartOf\":{\"@id\":\"https:\\\/\\\/lightweb.dev\\\/l\\\/svm-temp\\\/#website\"},\"primaryImageOfPage\":{\"@id\":\"https:\\\/\\\/lightweb.dev\\\/l\\\/svm-temp\\\/nyheter\\\/malaga-och-alicante-flygplats-satter-rekord-i-antalet-resenarer\\\/#primaryimage\"},\"image\":{\"@id\":\"https:\\\/\\\/lightweb.dev\\\/l\\\/svm-temp\\\/nyheter\\\/malaga-och-alicante-flygplats-satter-rekord-i-antalet-resenarer\\\/#primaryimage\"},\"thumbnailUrl\":\"https:\\\/\\\/lightweb.dev\\\/l\\\/svm-temp\\\/wp-content\\\/uploads\\\/2024\\\/01\\\/IMG_2110-stor.jpeg\",\"datePublished\":\"2024-01-16T09:05:52+00:00\",\"dateModified\":\"2024-01-17T12:20:06+00:00\",\"description\":\"22.344.373. S\u00e5 m\u00e5nga resen\u00e4rer registrerade M\u00e1laga flygplats under 2023 vilket \u00e4r en \u00f6kning med 12,5 procent sedan f\u00f6rra rekord\u00e5ret 2019. Det visar officiella siffror fr\u00e5n spanska luftfartsverket Aena som presenterades p\u00e5 m\u00e5ndagen.\",\"breadcrumb\":{\"@id\":\"https:\\\/\\\/lightweb.dev\\\/l\\\/svm-temp\\\/nyheter\\\/malaga-och-alicante-flygplats-satter-rekord-i-antalet-resenarer\\\/#breadcrumb\"},\"inLanguage\":\"sv-SE\",\"potentialAction\":[{\"@type\":\"ReadAction\",\"target\":[\"https:\\\/\\\/lightweb.dev\\\/l\\\/svm-temp\\\/nyheter\\\/malaga-och-alicante-flygplats-satter-rekord-i-antalet-resenarer\\\/\"]}]},{\"@type\":\"ImageObject\",\"inLanguage\":\"sv-SE\",\"@id\":\"https:\\\/\\\/lightweb.dev\\\/l\\\/svm-temp\\\/nyheter\\\/malaga-och-alicante-flygplats-satter-rekord-i-antalet-resenarer\\\/#primaryimage\",\"url\":\"https:\\\/\\\/lightweb.dev\\\/l\\\/svm-temp\\\/wp-content\\\/uploads\\\/2024\\\/01\\\/IMG_2110-stor.jpeg\",\"contentUrl\":\"https:\\\/\\\/lightweb.dev\\\/l\\\/svm-temp\\\/wp-content\\\/uploads\\\/2024\\\/01\\\/IMG_2110-stor.jpeg\",\"width\":1280,\"height\":960,\"caption\":\"22.344.373. S\u00e5 m\u00e5nga resen\u00e4rer registrerade M\u00e1laga flygplats under 2023.\"},{\"@type\":\"BreadcrumbList\",\"@id\":\"https:\\\/\\\/lightweb.dev\\\/l\\\/svm-temp\\\/nyheter\\\/malaga-och-alicante-flygplats-satter-rekord-i-antalet-resenarer\\\/#breadcrumb\",\"itemListElement\":[{\"@type\":\"ListItem\",\"position\":1,\"name\":\"Hem\",\"item\":\"https:\\\/\\\/lightweb.dev\\\/l\\\/svm-temp\\\/\"},{\"@type\":\"ListItem\",\"position\":2,\"name\":\"M\u00e1laga och Alicante flygplats s\u00e4tter rekord i antalet resen\u00e4rer\"}]},{\"@type\":\"WebSite\",\"@id\":\"https:\\\/\\\/lightweb.dev\\\/l\\\/svm-temp\\\/#website\",\"url\":\"https:\\\/\\\/lightweb.dev\\\/l\\\/svm-temp\\\/\",\"name\":\"Svenska Magasinet\",\"description\":\"Dina Spanska nyheter p&aring; Svenska\",\"publisher\":{\"@id\":\"https:\\\/\\\/lightweb.dev\\\/l\\\/svm-temp\\\/#organization\"},\"potentialAction\":[{\"@type\":\"SearchAction\",\"target\":{\"@type\":\"EntryPoint\",\"urlTemplate\":\"https:\\\/\\\/lightweb.dev\\\/l\\\/svm-temp\\\/?s={search_term_string}\"},\"query-input\":{\"@type\":\"PropertyValueSpecification\",\"valueRequired\":true,\"valueName\":\"search_term_string\"}}],\"inLanguage\":\"sv-SE\"},{\"@type\":\"Organization\",\"@id\":\"https:\\\/\\\/lightweb.dev\\\/l\\\/svm-temp\\\/#organization\",\"name\":\"Melkerson y Nott SL\",\"alternateName\":\"Svenska Magasinet\",\"url\":\"https:\\\/\\\/lightweb.dev\\\/l\\\/svm-temp\\\/\",\"logo\":{\"@type\":\"ImageObject\",\"inLanguage\":\"sv-SE\",\"@id\":\"https:\\\/\\\/lightweb.dev\\\/l\\\/svm-temp\\\/#\\\/schema\\\/logo\\\/image\\\/\",\"url\":\"https:\\\/\\\/lightweb.dev\\\/l\\\/svm-temp\\\/wp-content\\\/uploads\\\/2025\\\/02\\\/SvM-logo-Xtra-Centrerad-SVART.png\",\"contentUrl\":\"https:\\\/\\\/lightweb.dev\\\/l\\\/svm-temp\\\/wp-content\\\/uploads\\\/2025\\\/02\\\/SvM-logo-Xtra-Centrerad-SVART.png\",\"width\":300,\"height\":99,\"caption\":\"Melkerson y Nott SL\"},\"image\":{\"@id\":\"https:\\\/\\\/lightweb.dev\\\/l\\\/svm-temp\\\/#\\\/schema\\\/logo\\\/image\\\/\"},\"sameAs\":[\"https:\\\/\\\/www.facebook.com\\\/svenskamagasinet\",\"https:\\\/\\\/x.com\\\/SvenskaMagasine\"]},{\"@type\":\"Person\",\"@id\":\"https:\\\/\\\/lightweb.dev\\\/l\\\/svm-temp\\\/#\\\/schema\\\/person\\\/7a82b8a73d171d32360a564b6d03508e\",\"name\":\"Ola Josefsson\",\"description\":\"Bevakar Solkusten och Spanien sedan 1994.\",\"sameAs\":[\"https:\\\/\\\/lightweb.dev\\\/l\\\/svm-temp\"],\"url\":\"https:\\\/\\\/lightweb.dev\\\/l\\\/svm-temp\\\/reporter\\\/ola-josefsson\\\/\"}]}<\/script>\n<!-- \/ Yoast SEO Premium plugin. -->","yoast_head_json":{"title":"M\u00e1laga och Alicante flygplats s\u00e4tter rekord i antalet resen\u00e4rer - Svenska Magasinet","description":"22.344.373. S\u00e5 m\u00e5nga resen\u00e4rer registrerade M\u00e1laga flygplats under 2023 vilket \u00e4r en \u00f6kning med 12,5 procent sedan f\u00f6rra rekord\u00e5ret 2019. Det visar officiella siffror fr\u00e5n spanska luftfartsverket Aena som presenterades p\u00e5 m\u00e5ndagen.","robots":{"index":"noindex","follow":"follow","max-snippet":"max-snippet:-1","max-image-preview":"max-image-preview:large","max-video-preview":"max-video-preview:-1"},"og_locale":"sv_SE","og_type":"article","og_title":"M\u00e1laga och Alicante flygplats s\u00e4tter rekord i antalet resen\u00e4rer","og_description":"22.344.373. S\u00e5 m\u00e5nga resen\u00e4rer registrerade M\u00e1laga flygplats under 2023 vilket \u00e4r en \u00f6kning med 12,5 procent sedan f\u00f6rra rekord\u00e5ret 2019. Det visar officiella siffror fr\u00e5n spanska luftfartsverket Aena som presenterades p\u00e5 m\u00e5ndagen.","og_url":"https:\/\/lightweb.dev\/l\/svm-temp\/nyheter\/malaga-och-alicante-flygplats-satter-rekord-i-antalet-resenarer\/","og_site_name":"Svenska Magasinet","article_publisher":"https:\/\/www.facebook.com\/svenskamagasinet","article_published_time":"2024-01-16T09:05:52+00:00","article_modified_time":"2024-01-17T12:20:06+00:00","og_image":[{"width":1280,"height":960,"url":"https:\/\/lightweb.dev\/l\/svm-temp\/wp-content\/uploads\/2024\/01\/IMG_2110-stor.jpeg","type":"image\/jpeg"}],"author":"Ola Josefsson","twitter_card":"summary_large_image","twitter_creator":"@SvenskaMagasine","twitter_site":"@SvenskaMagasine","schema":{"@context":"https:\/\/schema.org","@graph":[{"@type":"Article","@id":"https:\/\/lightweb.dev\/l\/svm-temp\/nyheter\/malaga-och-alicante-flygplats-satter-rekord-i-antalet-resenarer\/#article","isPartOf":{"@id":"https:\/\/lightweb.dev\/l\/svm-temp\/nyheter\/malaga-och-alicante-flygplats-satter-rekord-i-antalet-resenarer\/"},"author":{"name":"Ola Josefsson","@id":"https:\/\/lightweb.dev\/l\/svm-temp\/#\/schema\/person\/7a82b8a73d171d32360a564b6d03508e"},"headline":"M\u00e1laga och Alicante flygplats s\u00e4tter rekord i antalet resen\u00e4rer","datePublished":"2024-01-16T09:05:52+00:00","dateModified":"2024-01-17T12:20:06+00:00","mainEntityOfPage":{"@id":"https:\/\/lightweb.dev\/l\/svm-temp\/nyheter\/malaga-och-alicante-flygplats-satter-rekord-i-antalet-resenarer\/"},"wordCount":379,"publisher":{"@id":"https:\/\/lightweb.dev\/l\/svm-temp\/#organization"},"image":{"@id":"https:\/\/lightweb.dev\/l\/svm-temp\/nyheter\/malaga-och-alicante-flygplats-satter-rekord-i-antalet-resenarer\/#primaryimage"},"thumbnailUrl":"https:\/\/lightweb.dev\/l\/svm-temp\/wp-content\/uploads\/2024\/01\/IMG_2110-stor.jpeg","articleSection":["Arkiv","Nyheter"],"inLanguage":"sv-SE"},{"@type":"WebPage","@id":"https:\/\/lightweb.dev\/l\/svm-temp\/nyheter\/malaga-och-alicante-flygplats-satter-rekord-i-antalet-resenarer\/","url":"https:\/\/lightweb.dev\/l\/svm-temp\/nyheter\/malaga-och-alicante-flygplats-satter-rekord-i-antalet-resenarer\/","name":"M\u00e1laga och Alicante flygplats s\u00e4tter rekord i antalet resen\u00e4rer - Svenska Magasinet","isPartOf":{"@id":"https:\/\/lightweb.dev\/l\/svm-temp\/#website"},"primaryImageOfPage":{"@id":"https:\/\/lightweb.dev\/l\/svm-temp\/nyheter\/malaga-och-alicante-flygplats-satter-rekord-i-antalet-resenarer\/#primaryimage"},"image":{"@id":"https:\/\/lightweb.dev\/l\/svm-temp\/nyheter\/malaga-och-alicante-flygplats-satter-rekord-i-antalet-resenarer\/#primaryimage"},"thumbnailUrl":"https:\/\/lightweb.dev\/l\/svm-temp\/wp-content\/uploads\/2024\/01\/IMG_2110-stor.jpeg","datePublished":"2024-01-16T09:05:52+00:00","dateModified":"2024-01-17T12:20:06+00:00","description":"22.344.373. S\u00e5 m\u00e5nga resen\u00e4rer registrerade M\u00e1laga flygplats under 2023 vilket \u00e4r en \u00f6kning med 12,5 procent sedan f\u00f6rra rekord\u00e5ret 2019. Det visar officiella siffror fr\u00e5n spanska luftfartsverket Aena som presenterades p\u00e5 m\u00e5ndagen.","breadcrumb":{"@id":"https:\/\/lightweb.dev\/l\/svm-temp\/nyheter\/malaga-och-alicante-flygplats-satter-rekord-i-antalet-resenarer\/#breadcrumb"},"inLanguage":"sv-SE","potentialAction":[{"@type":"ReadAction","target":["https:\/\/lightweb.dev\/l\/svm-temp\/nyheter\/malaga-och-alicante-flygplats-satter-rekord-i-antalet-resenarer\/"]}]},{"@type":"ImageObject","inLanguage":"sv-SE","@id":"https:\/\/lightweb.dev\/l\/svm-temp\/nyheter\/malaga-och-alicante-flygplats-satter-rekord-i-antalet-resenarer\/#primaryimage","url":"https:\/\/lightweb.dev\/l\/svm-temp\/wp-content\/uploads\/2024\/01\/IMG_2110-stor.jpeg","contentUrl":"https:\/\/lightweb.dev\/l\/svm-temp\/wp-content\/uploads\/2024\/01\/IMG_2110-stor.jpeg","width":1280,"height":960,"caption":"22.344.373. S\u00e5 m\u00e5nga resen\u00e4rer registrerade M\u00e1laga flygplats under 2023."},{"@type":"BreadcrumbList","@id":"https:\/\/lightweb.dev\/l\/svm-temp\/nyheter\/malaga-och-alicante-flygplats-satter-rekord-i-antalet-resenarer\/#breadcrumb","itemListElement":[{"@type":"ListItem","position":1,"name":"Hem","item":"https:\/\/lightweb.dev\/l\/svm-temp\/"},{"@type":"ListItem","position":2,"name":"M\u00e1laga och Alicante flygplats s\u00e4tter rekord i antalet resen\u00e4rer"}]},{"@type":"WebSite","@id":"https:\/\/lightweb.dev\/l\/svm-temp\/#website","url":"https:\/\/lightweb.dev\/l\/svm-temp\/","name":"Svenska Magasinet","description":"Dina Spanska nyheter p&aring; Svenska","publisher":{"@id":"https:\/\/lightweb.dev\/l\/svm-temp\/#organization"},"potentialAction":[{"@type":"SearchAction","target":{"@type":"EntryPoint","urlTemplate":"https:\/\/lightweb.dev\/l\/svm-temp\/?s={search_term_string}"},"query-input":{"@type":"PropertyValueSpecification","valueRequired":true,"valueName":"search_term_string"}}],"inLanguage":"sv-SE"},{"@type":"Organization","@id":"https:\/\/lightweb.dev\/l\/svm-temp\/#organization","name":"Melkerson y Nott SL","alternateName":"Svenska Magasinet","url":"https:\/\/lightweb.dev\/l\/svm-temp\/","logo":{"@type":"ImageObject","inLanguage":"sv-SE","@id":"https:\/\/lightweb.dev\/l\/svm-temp\/#\/schema\/logo\/image\/","url":"https:\/\/lightweb.dev\/l\/svm-temp\/wp-content\/uploads\/2025\/02\/SvM-logo-Xtra-Centrerad-SVART.png","contentUrl":"https:\/\/lightweb.dev\/l\/svm-temp\/wp-content\/uploads\/2025\/02\/SvM-logo-Xtra-Centrerad-SVART.png","width":300,"height":99,"caption":"Melkerson y Nott SL"},"image":{"@id":"https:\/\/lightweb.dev\/l\/svm-temp\/#\/schema\/logo\/image\/"},"sameAs":["https:\/\/www.facebook.com\/svenskamagasinet","https:\/\/x.com\/SvenskaMagasine"]},{"@type":"Person","@id":"https:\/\/lightweb.dev\/l\/svm-temp\/#\/schema\/person\/7a82b8a73d171d32360a564b6d03508e","name":"Ola Josefsson","description":"Bevakar Solkusten och Spanien sedan 1994.","sameAs":["https:\/\/lightweb.dev\/l\/svm-temp"],"url":"https:\/\/lightweb.dev\/l\/svm-temp\/reporter\/ola-josefsson\/"}]}},"_links":{"self":[{"href":"https:\/\/lightweb.dev\/l\/svm-temp\/wp-json\/wp\/v2\/posts\/69005","targetHints":{"allow":["GET"]}}],"collection":[{"href":"https:\/\/lightweb.dev\/l\/svm-temp\/wp-json\/wp\/v2\/posts"}],"about":[{"href":"https:\/\/lightweb.dev\/l\/svm-temp\/wp-json\/wp\/v2\/types\/post"}],"author":[{"embeddable":true,"href":"https:\/\/lightweb.dev\/l\/svm-temp\/wp-json\/wp\/v2\/users\/7"}],"replies":[{"embeddable":true,"href":"https:\/\/lightweb.dev\/l\/svm-temp\/wp-json\/wp\/v2\/comments?post=69005"}],"version-history":[{"count":0,"href":"https:\/\/lightweb.dev\/l\/svm-temp\/wp-json\/wp\/v2\/posts\/69005\/revisions"}],"wp:featuredmedia":[{"embeddable":true,"href":"https:\/\/lightweb.dev\/l\/svm-temp\/wp-json\/wp\/v2\/media\/69006"}],"wp:attachment":[{"href":"https:\/\/lightweb.dev\/l\/svm-temp\/wp-json\/wp\/v2\/media?parent=69005"}],"wp:term":[{"taxonomy":"category","embeddable":true,"href":"https:\/\/lightweb.dev\/l\/svm-temp\/wp-json\/wp\/v2\/categories?post=69005"},{"taxonomy":"post_tag","embeddable":true,"href":"https:\/\/lightweb.dev\/l\/svm-temp\/wp-json\/wp\/v2\/tags?post=69005"}],"curies":[{"name":"wp","href":"https:\/\/api.w.org\/{rel}","templated":true}]}}