{"id":69010,"date":"2024-01-16T10:54:06","date_gmt":"2024-01-16T09:54:06","guid":{"rendered":"https:\/\/lightweb.dev\/l\/svm-temp\/?p=69010"},"modified":"2024-01-16T10:54:06","modified_gmt":"2024-01-16T09:54:06","slug":"malagas-handelskammare-utokar-kontakten-med-utlandet","status":"publish","type":"post","link":"https:\/\/lightweb.dev\/l\/svm-temp\/nyheter\/malagas-handelskammare-utokar-kontakten-med-utlandet\/","title":{"rendered":"M\u00e1lagas handelskammare ut\u00f6kar kontakten med utlandet"},"content":{"rendered":"<p><strong>Bra kommunikationer och tillg\u00e5ng p\u00e5 vatten. Det \u00e4r f\u00f6rsta prioriteringar p\u00e5 Solkusten. Handelskammaren (C\u00e1mara de Comercio) i M\u00e1laga med den nyvalde presidenten Jos\u00e9 Carlos Escribano och regionalregeringens delegat i M\u00e1laga Patricia Navarro har haft sitt f\u00f6rsta m\u00f6ta f\u00f6r att ut\u00f6ka samarbetet mellan det offentlig och privata och f\u00f6r att diskutera projekt som \u00e4r n\u00f6dv\u00e4ndiga f\u00f6r att fr\u00e4mja en stark ekonomi i M\u00e1lagaprovinsen.<\/strong><\/p>\n<div id=\"attachment_69012\" style=\"width: 310px\" class=\"wp-caption alignleft\"><img loading=\"lazy\" decoding=\"async\" aria-describedby=\"caption-attachment-69012\" class=\"size-medium wp-image-69012\" src=\"https:\/\/lightweb.dev\/l\/svm-temp\/wp-content\/uploads\/2024\/01\/GDaiMCUWkAMTGXe-stor-300x200.jpeg\" alt=\"\" width=\"300\" height=\"200\" srcset=\"https:\/\/lightweb.dev\/l\/svm-temp\/wp-content\/uploads\/2024\/01\/GDaiMCUWkAMTGXe-stor-300x200.jpeg 300w, https:\/\/lightweb.dev\/l\/svm-temp\/wp-content\/uploads\/2024\/01\/GDaiMCUWkAMTGXe-stor-900x600.jpeg 900w, https:\/\/lightweb.dev\/l\/svm-temp\/wp-content\/uploads\/2024\/01\/GDaiMCUWkAMTGXe-stor-768x512.jpeg 768w, https:\/\/lightweb.dev\/l\/svm-temp\/wp-content\/uploads\/2024\/01\/GDaiMCUWkAMTGXe-stor-610x407.jpeg 610w, https:\/\/lightweb.dev\/l\/svm-temp\/wp-content\/uploads\/2024\/01\/GDaiMCUWkAMTGXe-stor-1080x720.jpeg 1080w, https:\/\/lightweb.dev\/l\/svm-temp\/wp-content\/uploads\/2024\/01\/GDaiMCUWkAMTGXe-stor-600x400.jpeg 600w, https:\/\/lightweb.dev\/l\/svm-temp\/wp-content\/uploads\/2024\/01\/GDaiMCUWkAMTGXe-stor.jpeg 1280w\" sizes=\"(max-width: 300px) 100vw, 300px\" \/><p id=\"caption-attachment-69012\" class=\"wp-caption-text\">Vid m\u00f6tet medverkade \u00e4ven Paloma Moreno och Juan Jos\u00e9 Vallejo som \u00e4r vice president vid Handelskammaren respektive kass\u00f6r.<\/p><\/div>\n<p>M\u00f6tet som nyligen h\u00f6lls var det f\u00f6rsta i en serie som planeras. B\u00e5da var \u00f6verens om att det omedelbara behovet \u00e4r att l\u00f6sa olika infrastrukturproblem, s\u00e4rskilt n\u00e4r det g\u00e4ller kommunikation som r\u00f6rlighet och \u00e4ven vattenf\u00f6rs\u00f6rjning.<\/p>\n<p><a href=\"https:\/\/camaramalaga.com\/\">Handelskammaren C\u00e1mara de Comercio<\/a> i M\u00e1laga \u00e4r den st\u00f6rsta p\u00e5 Solkusten. N\u00e4r Jos\u00e9 Carlos Escribano nyligen valdes till president redovisades handelskammarens fem grundpelare.<\/p>\n<p>Det ska knytas kontakter mellan M\u00e1lagas f\u00f6retag och utl\u00e4ndska f\u00f6retag. Konkurrenskraften f\u00f6r sm\u00e5 och medelstora f\u00f6retag ska bli b\u00e4ttre genom innovations- och digitaliseringsprocesser. Det ska satsas p\u00e5 f\u00f6retags- och yrkesutbildning och det ska bli en \u00f6kad medvetenhet om h\u00e5llbarhet inom aff\u00e4rsverksamheter.<\/p>\n<p>Patricia Navarro visade stort intresse f\u00f6r Handelskammarens projekt med att skapa en Coworking\/Hub Digital vid Handelskammarens h\u00f6gkvarter i Palacio de Villalc\u00e1zar samt framstegen med Hub M\u00e1laga Export.<\/p>\n<p>Hub M\u00e1laga Export \u00e4r en satsning som Handelskammaren g\u00f6r f\u00f6r att \u00f6ka synligheten och positioneringen av f\u00f6retag i M\u00e1laga internationellt.<\/p>\n<blockquote class=\"twitter-tweet\" data-media-max-width=\"560\">\n<p dir=\"ltr\" lang=\"es\">El presidente de <a href=\"https:\/\/twitter.com\/Camara_Malaga?ref_src=twsrc%5Etfw\">@Camara_Malaga<\/a> Jos\u00e9 Carlos Escribano, y la delegada de <a href=\"https:\/\/twitter.com\/MalagaJunta?ref_src=twsrc%5Etfw\">@MalagaJunta<\/a> Patricia Navarro, destacan en un encuentro la importancia de la colaboraci\u00f3n p\u00fablico-privada y la necesidad de actuar en temas como la movilidad o el agua en M\u00e1laga.<br \/>\nM\u00e1s: <a href=\"https:\/\/t.co\/Tdftup0OGb\">https:\/\/t.co\/Tdftup0OGb<\/a> <a href=\"https:\/\/t.co\/FXLqgT0qiz\">pic.twitter.com\/FXLqgT0qiz<\/a><\/p>\n<p>\u2014 C\u00e1mara de Comercio de M\u00e1laga (@Camara_Malaga) <a href=\"https:\/\/twitter.com\/Camara_Malaga\/status\/1744760364661641578?ref_src=twsrc%5Etfw\">January 9, 2024<\/a><\/p><\/blockquote>\n<p><script async src=\"https:\/\/platform.twitter.com\/widgets.js\" charset=\"utf-8\"><\/script><\/p>\n","protected":false},"excerpt":{"rendered":"<p>Bra kommunikationer och tillg\u00e5ng p\u00e5 vatten. Det \u00e4r f\u00f6rsta prioriteringar p\u00e5 Solkusten. Handelskammaren (C\u00e1mara de Comercio) i M\u00e1laga med den nyvalde presidenten Jos\u00e9 Carlos Escribano och regionalregeringens delegat i M\u00e1laga Patricia Navarro har haft sitt f\u00f6rsta m\u00f6ta f\u00f6r att ut\u00f6ka samarbetet mellan&#8230;<\/p>\n","protected":false},"author":7,"featured_media":69011,"comment_status":"closed","ping_status":"closed","sticky":false,"template":"","format":"standard","meta":{"_et_pb_use_builder":"","_et_pb_old_content":"","_et_gb_content_width":"","footnotes":""},"categories":[395,3],"tags":[],"class_list":["post-69010","post","type-post","status-publish","format-standard","has-post-thumbnail","hentry","category-arkiv-nyheter","category-nyheter"],"yoast_head":"<!-- This site is optimized with the Yoast SEO Premium plugin v26.2 (Yoast SEO v27.4) - https:\/\/yoast.com\/product\/yoast-seo-premium-wordpress\/ -->\n<title>M\u00e1lagas handelskammare ut\u00f6kar kontakten med utlandet - Svenska Magasinet<\/title>\n<meta name=\"description\" content=\"Bra kommunikationer och tillg\u00e5ng p\u00e5 vatten. Det \u00e4r f\u00f6rsta prioriteringar p\u00e5 Solkusten. Handelskammaren (C\u00e1mara de Comercio) i M\u00e1laga med den nyvalde presidenten Jos\u00e9 Carlos Escribano och regionalregeringens delegat i M\u00e1laga Patricia Navarro har haft sitt f\u00f6rsta m\u00f6ta f\u00f6r att ut\u00f6ka samarbetet mellan det offentlig och privata och f\u00f6r att diskutera projekt som \u00e4r n\u00f6dv\u00e4ndiga f\u00f6r att fr\u00e4mja en stark ekonomi i M\u00e1lagaprovinsen.\" \/>\n<meta name=\"robots\" content=\"noindex, follow, max-snippet:-1, max-image-preview:large, max-video-preview:-1\" \/>\n<meta property=\"og:locale\" content=\"sv_SE\" \/>\n<meta property=\"og:type\" content=\"article\" \/>\n<meta property=\"og:title\" content=\"M\u00e1lagas handelskammare ut\u00f6kar kontakten med utlandet\" \/>\n<meta property=\"og:description\" content=\"Bra kommunikationer och tillg\u00e5ng p\u00e5 vatten. Det \u00e4r f\u00f6rsta prioriteringar p\u00e5 Solkusten. Handelskammaren (C\u00e1mara de Comercio) i M\u00e1laga med den nyvalde presidenten Jos\u00e9 Carlos Escribano och regionalregeringens delegat i M\u00e1laga Patricia Navarro har haft sitt f\u00f6rsta m\u00f6ta f\u00f6r att ut\u00f6ka samarbetet mellan det offentlig och privata och f\u00f6r att diskutera projekt som \u00e4r n\u00f6dv\u00e4ndiga f\u00f6r att fr\u00e4mja en stark ekonomi i M\u00e1lagaprovinsen.\" \/>\n<meta property=\"og:url\" content=\"https:\/\/lightweb.dev\/l\/svm-temp\/nyheter\/malagas-handelskammare-utokar-kontakten-med-utlandet\/\" \/>\n<meta property=\"og:site_name\" content=\"Svenska Magasinet\" \/>\n<meta property=\"article:publisher\" content=\"https:\/\/www.facebook.com\/svenskamagasinet\" \/>\n<meta property=\"article:published_time\" content=\"2024-01-16T09:54:06+00:00\" \/>\n<meta property=\"og:image\" content=\"https:\/\/lightweb.dev\/l\/svm-temp\/wp-content\/uploads\/2024\/01\/GDaiMCVWkAUq5a0-stor.jpeg\" \/>\n\t<meta property=\"og:image:width\" content=\"1280\" \/>\n\t<meta property=\"og:image:height\" content=\"853\" \/>\n\t<meta property=\"og:image:type\" content=\"image\/jpeg\" \/>\n<meta name=\"author\" content=\"Ola Josefsson\" \/>\n<meta name=\"twitter:card\" content=\"summary_large_image\" \/>\n<meta name=\"twitter:creator\" content=\"@SvenskaMagasine\" \/>\n<meta name=\"twitter:site\" content=\"@SvenskaMagasine\" \/>\n<script type=\"application\/ld+json\" class=\"yoast-schema-graph\">{\"@context\":\"https:\\\/\\\/schema.org\",\"@graph\":[{\"@type\":\"Article\",\"@id\":\"https:\\\/\\\/lightweb.dev\\\/l\\\/svm-temp\\\/nyheter\\\/malagas-handelskammare-utokar-kontakten-med-utlandet\\\/#article\",\"isPartOf\":{\"@id\":\"https:\\\/\\\/lightweb.dev\\\/l\\\/svm-temp\\\/nyheter\\\/malagas-handelskammare-utokar-kontakten-med-utlandet\\\/\"},\"author\":{\"name\":\"Ola Josefsson\",\"@id\":\"https:\\\/\\\/lightweb.dev\\\/l\\\/svm-temp\\\/#\\\/schema\\\/person\\\/7a82b8a73d171d32360a564b6d03508e\"},\"headline\":\"M\u00e1lagas handelskammare ut\u00f6kar kontakten med utlandet\",\"datePublished\":\"2024-01-16T09:54:06+00:00\",\"mainEntityOfPage\":{\"@id\":\"https:\\\/\\\/lightweb.dev\\\/l\\\/svm-temp\\\/nyheter\\\/malagas-handelskammare-utokar-kontakten-med-utlandet\\\/\"},\"wordCount\":358,\"publisher\":{\"@id\":\"https:\\\/\\\/lightweb.dev\\\/l\\\/svm-temp\\\/#organization\"},\"image\":{\"@id\":\"https:\\\/\\\/lightweb.dev\\\/l\\\/svm-temp\\\/nyheter\\\/malagas-handelskammare-utokar-kontakten-med-utlandet\\\/#primaryimage\"},\"thumbnailUrl\":\"https:\\\/\\\/lightweb.dev\\\/l\\\/svm-temp\\\/wp-content\\\/uploads\\\/2024\\\/01\\\/GDaiMCVWkAUq5a0-stor.jpeg\",\"articleSection\":[\"Arkiv\",\"Nyheter\"],\"inLanguage\":\"sv-SE\"},{\"@type\":\"WebPage\",\"@id\":\"https:\\\/\\\/lightweb.dev\\\/l\\\/svm-temp\\\/nyheter\\\/malagas-handelskammare-utokar-kontakten-med-utlandet\\\/\",\"url\":\"https:\\\/\\\/lightweb.dev\\\/l\\\/svm-temp\\\/nyheter\\\/malagas-handelskammare-utokar-kontakten-med-utlandet\\\/\",\"name\":\"M\u00e1lagas handelskammare ut\u00f6kar kontakten med utlandet - Svenska Magasinet\",\"isPartOf\":{\"@id\":\"https:\\\/\\\/lightweb.dev\\\/l\\\/svm-temp\\\/#website\"},\"primaryImageOfPage\":{\"@id\":\"https:\\\/\\\/lightweb.dev\\\/l\\\/svm-temp\\\/nyheter\\\/malagas-handelskammare-utokar-kontakten-med-utlandet\\\/#primaryimage\"},\"image\":{\"@id\":\"https:\\\/\\\/lightweb.dev\\\/l\\\/svm-temp\\\/nyheter\\\/malagas-handelskammare-utokar-kontakten-med-utlandet\\\/#primaryimage\"},\"thumbnailUrl\":\"https:\\\/\\\/lightweb.dev\\\/l\\\/svm-temp\\\/wp-content\\\/uploads\\\/2024\\\/01\\\/GDaiMCVWkAUq5a0-stor.jpeg\",\"datePublished\":\"2024-01-16T09:54:06+00:00\",\"description\":\"Bra kommunikationer och tillg\u00e5ng p\u00e5 vatten. Det \u00e4r f\u00f6rsta prioriteringar p\u00e5 Solkusten. Handelskammaren (C\u00e1mara de Comercio) i M\u00e1laga med den nyvalde presidenten Jos\u00e9 Carlos Escribano och regionalregeringens delegat i M\u00e1laga Patricia Navarro har haft sitt f\u00f6rsta m\u00f6ta f\u00f6r att ut\u00f6ka samarbetet mellan det offentlig och privata och f\u00f6r att diskutera projekt som \u00e4r n\u00f6dv\u00e4ndiga f\u00f6r att fr\u00e4mja en stark ekonomi i M\u00e1lagaprovinsen.\",\"breadcrumb\":{\"@id\":\"https:\\\/\\\/lightweb.dev\\\/l\\\/svm-temp\\\/nyheter\\\/malagas-handelskammare-utokar-kontakten-med-utlandet\\\/#breadcrumb\"},\"inLanguage\":\"sv-SE\",\"potentialAction\":[{\"@type\":\"ReadAction\",\"target\":[\"https:\\\/\\\/lightweb.dev\\\/l\\\/svm-temp\\\/nyheter\\\/malagas-handelskammare-utokar-kontakten-med-utlandet\\\/\"]}]},{\"@type\":\"ImageObject\",\"inLanguage\":\"sv-SE\",\"@id\":\"https:\\\/\\\/lightweb.dev\\\/l\\\/svm-temp\\\/nyheter\\\/malagas-handelskammare-utokar-kontakten-med-utlandet\\\/#primaryimage\",\"url\":\"https:\\\/\\\/lightweb.dev\\\/l\\\/svm-temp\\\/wp-content\\\/uploads\\\/2024\\\/01\\\/GDaiMCVWkAUq5a0-stor.jpeg\",\"contentUrl\":\"https:\\\/\\\/lightweb.dev\\\/l\\\/svm-temp\\\/wp-content\\\/uploads\\\/2024\\\/01\\\/GDaiMCVWkAUq5a0-stor.jpeg\",\"width\":1280,\"height\":853,\"caption\":\"Handelskammarens president Jos\u00e9 Carlos Escribano och regionalregeringens delegat i M\u00e1laga Patricia Navarro.\"},{\"@type\":\"BreadcrumbList\",\"@id\":\"https:\\\/\\\/lightweb.dev\\\/l\\\/svm-temp\\\/nyheter\\\/malagas-handelskammare-utokar-kontakten-med-utlandet\\\/#breadcrumb\",\"itemListElement\":[{\"@type\":\"ListItem\",\"position\":1,\"name\":\"Hem\",\"item\":\"https:\\\/\\\/lightweb.dev\\\/l\\\/svm-temp\\\/\"},{\"@type\":\"ListItem\",\"position\":2,\"name\":\"M\u00e1lagas handelskammare ut\u00f6kar kontakten med utlandet\"}]},{\"@type\":\"WebSite\",\"@id\":\"https:\\\/\\\/lightweb.dev\\\/l\\\/svm-temp\\\/#website\",\"url\":\"https:\\\/\\\/lightweb.dev\\\/l\\\/svm-temp\\\/\",\"name\":\"Svenska Magasinet\",\"description\":\"Dina Spanska nyheter p&aring; Svenska\",\"publisher\":{\"@id\":\"https:\\\/\\\/lightweb.dev\\\/l\\\/svm-temp\\\/#organization\"},\"potentialAction\":[{\"@type\":\"SearchAction\",\"target\":{\"@type\":\"EntryPoint\",\"urlTemplate\":\"https:\\\/\\\/lightweb.dev\\\/l\\\/svm-temp\\\/?s={search_term_string}\"},\"query-input\":{\"@type\":\"PropertyValueSpecification\",\"valueRequired\":true,\"valueName\":\"search_term_string\"}}],\"inLanguage\":\"sv-SE\"},{\"@type\":\"Organization\",\"@id\":\"https:\\\/\\\/lightweb.dev\\\/l\\\/svm-temp\\\/#organization\",\"name\":\"Melkerson y Nott SL\",\"alternateName\":\"Svenska Magasinet\",\"url\":\"https:\\\/\\\/lightweb.dev\\\/l\\\/svm-temp\\\/\",\"logo\":{\"@type\":\"ImageObject\",\"inLanguage\":\"sv-SE\",\"@id\":\"https:\\\/\\\/lightweb.dev\\\/l\\\/svm-temp\\\/#\\\/schema\\\/logo\\\/image\\\/\",\"url\":\"https:\\\/\\\/lightweb.dev\\\/l\\\/svm-temp\\\/wp-content\\\/uploads\\\/2025\\\/02\\\/SvM-logo-Xtra-Centrerad-SVART.png\",\"contentUrl\":\"https:\\\/\\\/lightweb.dev\\\/l\\\/svm-temp\\\/wp-content\\\/uploads\\\/2025\\\/02\\\/SvM-logo-Xtra-Centrerad-SVART.png\",\"width\":300,\"height\":99,\"caption\":\"Melkerson y Nott SL\"},\"image\":{\"@id\":\"https:\\\/\\\/lightweb.dev\\\/l\\\/svm-temp\\\/#\\\/schema\\\/logo\\\/image\\\/\"},\"sameAs\":[\"https:\\\/\\\/www.facebook.com\\\/svenskamagasinet\",\"https:\\\/\\\/x.com\\\/SvenskaMagasine\"]},{\"@type\":\"Person\",\"@id\":\"https:\\\/\\\/lightweb.dev\\\/l\\\/svm-temp\\\/#\\\/schema\\\/person\\\/7a82b8a73d171d32360a564b6d03508e\",\"name\":\"Ola Josefsson\",\"description\":\"Bevakar Solkusten och Spanien sedan 1994.\",\"sameAs\":[\"https:\\\/\\\/lightweb.dev\\\/l\\\/svm-temp\"],\"url\":\"https:\\\/\\\/lightweb.dev\\\/l\\\/svm-temp\\\/reporter\\\/ola-josefsson\\\/\"}]}<\/script>\n<!-- \/ Yoast SEO Premium plugin. -->","yoast_head_json":{"title":"M\u00e1lagas handelskammare ut\u00f6kar kontakten med utlandet - Svenska Magasinet","description":"Bra kommunikationer och tillg\u00e5ng p\u00e5 vatten. Det \u00e4r f\u00f6rsta prioriteringar p\u00e5 Solkusten. Handelskammaren (C\u00e1mara de Comercio) i M\u00e1laga med den nyvalde presidenten Jos\u00e9 Carlos Escribano och regionalregeringens delegat i M\u00e1laga Patricia Navarro har haft sitt f\u00f6rsta m\u00f6ta f\u00f6r att ut\u00f6ka samarbetet mellan det offentlig och privata och f\u00f6r att diskutera projekt som \u00e4r n\u00f6dv\u00e4ndiga f\u00f6r att fr\u00e4mja en stark ekonomi i M\u00e1lagaprovinsen.","robots":{"index":"noindex","follow":"follow","max-snippet":"max-snippet:-1","max-image-preview":"max-image-preview:large","max-video-preview":"max-video-preview:-1"},"og_locale":"sv_SE","og_type":"article","og_title":"M\u00e1lagas handelskammare ut\u00f6kar kontakten med utlandet","og_description":"Bra kommunikationer och tillg\u00e5ng p\u00e5 vatten. Det \u00e4r f\u00f6rsta prioriteringar p\u00e5 Solkusten. Handelskammaren (C\u00e1mara de Comercio) i M\u00e1laga med den nyvalde presidenten Jos\u00e9 Carlos Escribano och regionalregeringens delegat i M\u00e1laga Patricia Navarro har haft sitt f\u00f6rsta m\u00f6ta f\u00f6r att ut\u00f6ka samarbetet mellan det offentlig och privata och f\u00f6r att diskutera projekt som \u00e4r n\u00f6dv\u00e4ndiga f\u00f6r att fr\u00e4mja en stark ekonomi i M\u00e1lagaprovinsen.","og_url":"https:\/\/lightweb.dev\/l\/svm-temp\/nyheter\/malagas-handelskammare-utokar-kontakten-med-utlandet\/","og_site_name":"Svenska Magasinet","article_publisher":"https:\/\/www.facebook.com\/svenskamagasinet","article_published_time":"2024-01-16T09:54:06+00:00","og_image":[{"width":1280,"height":853,"url":"https:\/\/lightweb.dev\/l\/svm-temp\/wp-content\/uploads\/2024\/01\/GDaiMCVWkAUq5a0-stor.jpeg","type":"image\/jpeg"}],"author":"Ola Josefsson","twitter_card":"summary_large_image","twitter_creator":"@SvenskaMagasine","twitter_site":"@SvenskaMagasine","schema":{"@context":"https:\/\/schema.org","@graph":[{"@type":"Article","@id":"https:\/\/lightweb.dev\/l\/svm-temp\/nyheter\/malagas-handelskammare-utokar-kontakten-med-utlandet\/#article","isPartOf":{"@id":"https:\/\/lightweb.dev\/l\/svm-temp\/nyheter\/malagas-handelskammare-utokar-kontakten-med-utlandet\/"},"author":{"name":"Ola Josefsson","@id":"https:\/\/lightweb.dev\/l\/svm-temp\/#\/schema\/person\/7a82b8a73d171d32360a564b6d03508e"},"headline":"M\u00e1lagas handelskammare ut\u00f6kar kontakten med utlandet","datePublished":"2024-01-16T09:54:06+00:00","mainEntityOfPage":{"@id":"https:\/\/lightweb.dev\/l\/svm-temp\/nyheter\/malagas-handelskammare-utokar-kontakten-med-utlandet\/"},"wordCount":358,"publisher":{"@id":"https:\/\/lightweb.dev\/l\/svm-temp\/#organization"},"image":{"@id":"https:\/\/lightweb.dev\/l\/svm-temp\/nyheter\/malagas-handelskammare-utokar-kontakten-med-utlandet\/#primaryimage"},"thumbnailUrl":"https:\/\/lightweb.dev\/l\/svm-temp\/wp-content\/uploads\/2024\/01\/GDaiMCVWkAUq5a0-stor.jpeg","articleSection":["Arkiv","Nyheter"],"inLanguage":"sv-SE"},{"@type":"WebPage","@id":"https:\/\/lightweb.dev\/l\/svm-temp\/nyheter\/malagas-handelskammare-utokar-kontakten-med-utlandet\/","url":"https:\/\/lightweb.dev\/l\/svm-temp\/nyheter\/malagas-handelskammare-utokar-kontakten-med-utlandet\/","name":"M\u00e1lagas handelskammare ut\u00f6kar kontakten med utlandet - Svenska Magasinet","isPartOf":{"@id":"https:\/\/lightweb.dev\/l\/svm-temp\/#website"},"primaryImageOfPage":{"@id":"https:\/\/lightweb.dev\/l\/svm-temp\/nyheter\/malagas-handelskammare-utokar-kontakten-med-utlandet\/#primaryimage"},"image":{"@id":"https:\/\/lightweb.dev\/l\/svm-temp\/nyheter\/malagas-handelskammare-utokar-kontakten-med-utlandet\/#primaryimage"},"thumbnailUrl":"https:\/\/lightweb.dev\/l\/svm-temp\/wp-content\/uploads\/2024\/01\/GDaiMCVWkAUq5a0-stor.jpeg","datePublished":"2024-01-16T09:54:06+00:00","description":"Bra kommunikationer och tillg\u00e5ng p\u00e5 vatten. Det \u00e4r f\u00f6rsta prioriteringar p\u00e5 Solkusten. Handelskammaren (C\u00e1mara de Comercio) i M\u00e1laga med den nyvalde presidenten Jos\u00e9 Carlos Escribano och regionalregeringens delegat i M\u00e1laga Patricia Navarro har haft sitt f\u00f6rsta m\u00f6ta f\u00f6r att ut\u00f6ka samarbetet mellan det offentlig och privata och f\u00f6r att diskutera projekt som \u00e4r n\u00f6dv\u00e4ndiga f\u00f6r att fr\u00e4mja en stark ekonomi i M\u00e1lagaprovinsen.","breadcrumb":{"@id":"https:\/\/lightweb.dev\/l\/svm-temp\/nyheter\/malagas-handelskammare-utokar-kontakten-med-utlandet\/#breadcrumb"},"inLanguage":"sv-SE","potentialAction":[{"@type":"ReadAction","target":["https:\/\/lightweb.dev\/l\/svm-temp\/nyheter\/malagas-handelskammare-utokar-kontakten-med-utlandet\/"]}]},{"@type":"ImageObject","inLanguage":"sv-SE","@id":"https:\/\/lightweb.dev\/l\/svm-temp\/nyheter\/malagas-handelskammare-utokar-kontakten-med-utlandet\/#primaryimage","url":"https:\/\/lightweb.dev\/l\/svm-temp\/wp-content\/uploads\/2024\/01\/GDaiMCVWkAUq5a0-stor.jpeg","contentUrl":"https:\/\/lightweb.dev\/l\/svm-temp\/wp-content\/uploads\/2024\/01\/GDaiMCVWkAUq5a0-stor.jpeg","width":1280,"height":853,"caption":"Handelskammarens president Jos\u00e9 Carlos Escribano och regionalregeringens delegat i M\u00e1laga Patricia Navarro."},{"@type":"BreadcrumbList","@id":"https:\/\/lightweb.dev\/l\/svm-temp\/nyheter\/malagas-handelskammare-utokar-kontakten-med-utlandet\/#breadcrumb","itemListElement":[{"@type":"ListItem","position":1,"name":"Hem","item":"https:\/\/lightweb.dev\/l\/svm-temp\/"},{"@type":"ListItem","position":2,"name":"M\u00e1lagas handelskammare ut\u00f6kar kontakten med utlandet"}]},{"@type":"WebSite","@id":"https:\/\/lightweb.dev\/l\/svm-temp\/#website","url":"https:\/\/lightweb.dev\/l\/svm-temp\/","name":"Svenska Magasinet","description":"Dina Spanska nyheter p&aring; Svenska","publisher":{"@id":"https:\/\/lightweb.dev\/l\/svm-temp\/#organization"},"potentialAction":[{"@type":"SearchAction","target":{"@type":"EntryPoint","urlTemplate":"https:\/\/lightweb.dev\/l\/svm-temp\/?s={search_term_string}"},"query-input":{"@type":"PropertyValueSpecification","valueRequired":true,"valueName":"search_term_string"}}],"inLanguage":"sv-SE"},{"@type":"Organization","@id":"https:\/\/lightweb.dev\/l\/svm-temp\/#organization","name":"Melkerson y Nott SL","alternateName":"Svenska Magasinet","url":"https:\/\/lightweb.dev\/l\/svm-temp\/","logo":{"@type":"ImageObject","inLanguage":"sv-SE","@id":"https:\/\/lightweb.dev\/l\/svm-temp\/#\/schema\/logo\/image\/","url":"https:\/\/lightweb.dev\/l\/svm-temp\/wp-content\/uploads\/2025\/02\/SvM-logo-Xtra-Centrerad-SVART.png","contentUrl":"https:\/\/lightweb.dev\/l\/svm-temp\/wp-content\/uploads\/2025\/02\/SvM-logo-Xtra-Centrerad-SVART.png","width":300,"height":99,"caption":"Melkerson y Nott SL"},"image":{"@id":"https:\/\/lightweb.dev\/l\/svm-temp\/#\/schema\/logo\/image\/"},"sameAs":["https:\/\/www.facebook.com\/svenskamagasinet","https:\/\/x.com\/SvenskaMagasine"]},{"@type":"Person","@id":"https:\/\/lightweb.dev\/l\/svm-temp\/#\/schema\/person\/7a82b8a73d171d32360a564b6d03508e","name":"Ola Josefsson","description":"Bevakar Solkusten och Spanien sedan 1994.","sameAs":["https:\/\/lightweb.dev\/l\/svm-temp"],"url":"https:\/\/lightweb.dev\/l\/svm-temp\/reporter\/ola-josefsson\/"}]}},"_links":{"self":[{"href":"https:\/\/lightweb.dev\/l\/svm-temp\/wp-json\/wp\/v2\/posts\/69010","targetHints":{"allow":["GET"]}}],"collection":[{"href":"https:\/\/lightweb.dev\/l\/svm-temp\/wp-json\/wp\/v2\/posts"}],"about":[{"href":"https:\/\/lightweb.dev\/l\/svm-temp\/wp-json\/wp\/v2\/types\/post"}],"author":[{"embeddable":true,"href":"https:\/\/lightweb.dev\/l\/svm-temp\/wp-json\/wp\/v2\/users\/7"}],"replies":[{"embeddable":true,"href":"https:\/\/lightweb.dev\/l\/svm-temp\/wp-json\/wp\/v2\/comments?post=69010"}],"version-history":[{"count":0,"href":"https:\/\/lightweb.dev\/l\/svm-temp\/wp-json\/wp\/v2\/posts\/69010\/revisions"}],"wp:featuredmedia":[{"embeddable":true,"href":"https:\/\/lightweb.dev\/l\/svm-temp\/wp-json\/wp\/v2\/media\/69011"}],"wp:attachment":[{"href":"https:\/\/lightweb.dev\/l\/svm-temp\/wp-json\/wp\/v2\/media?parent=69010"}],"wp:term":[{"taxonomy":"category","embeddable":true,"href":"https:\/\/lightweb.dev\/l\/svm-temp\/wp-json\/wp\/v2\/categories?post=69010"},{"taxonomy":"post_tag","embeddable":true,"href":"https:\/\/lightweb.dev\/l\/svm-temp\/wp-json\/wp\/v2\/tags?post=69010"}],"curies":[{"name":"wp","href":"https:\/\/api.w.org\/{rel}","templated":true}]}}