{"id":69018,"date":"2024-01-16T15:42:52","date_gmt":"2024-01-16T14:42:52","guid":{"rendered":"https:\/\/lightweb.dev\/l\/svm-temp\/?p=69018"},"modified":"2024-01-17T16:38:31","modified_gmt":"2024-01-17T15:38:31","slug":"sveriges-ambassador-pa-besok-i-jerez","status":"publish","type":"post","link":"https:\/\/lightweb.dev\/l\/svm-temp\/nyheter\/sveriges-ambassador-pa-besok-i-jerez\/","title":{"rendered":"Sveriges ambassad\u00f6r p\u00e5 bes\u00f6k i Jerez"},"content":{"rendered":"<p><strong>N\u00e4r sherryproducenten Gonzalez Byass skulle in p\u00e5 den svenska marknaden togs f\u00f6rsta steget via kontakter genom Sveriges ambassad.<\/strong><\/p>\n<p><strong>Med resultat att fyra familjemedlemmar har varit svensk honor\u00e4rkonsul i J\u00e9rez.<\/strong><\/p>\n<p>Sveriges ambassad\u00f6r i Spanien, Teppo Tauriainen, bes\u00f6ker honor\u00e4rkonsulaten i Sevilla och Jerez de la Frontera under veckan. Onsdagen den 17 januari har ambassad\u00f6ren \u00e4ven ett m\u00f6te med regionpresidenten f\u00f6r Junta de Andaluc\u00eda, Juanma Moreno, klockan 11.30.<\/p>\n<p>P\u00e5 tisdagen blev det ett m\u00f6te p\u00e5 kommunhuset med Jerez borgm\u00e4stare Mar\u00eda Jos\u00e9 Garc\u00eda-Pelayo och Sveriges honor\u00e4rkonsul i C\u00e1dizprovinmsen Pedro Rebuelta.<\/p>\n<div id=\"attachment_69020\" style=\"width: 310px\" class=\"wp-caption alignleft\"><img loading=\"lazy\" decoding=\"async\" aria-describedby=\"caption-attachment-69020\" class=\"size-medium wp-image-69020\" src=\"https:\/\/lightweb.dev\/l\/svm-temp\/wp-content\/uploads\/2024\/01\/Embajador_de_Suecia5-stor-300x205.jpeg\" alt=\"\" width=\"300\" height=\"205\" srcset=\"https:\/\/lightweb.dev\/l\/svm-temp\/wp-content\/uploads\/2024\/01\/Embajador_de_Suecia5-stor-300x205.jpeg 300w, https:\/\/lightweb.dev\/l\/svm-temp\/wp-content\/uploads\/2024\/01\/Embajador_de_Suecia5-stor-900x614.jpeg 900w, https:\/\/lightweb.dev\/l\/svm-temp\/wp-content\/uploads\/2024\/01\/Embajador_de_Suecia5-stor-768x524.jpeg 768w, https:\/\/lightweb.dev\/l\/svm-temp\/wp-content\/uploads\/2024\/01\/Embajador_de_Suecia5-stor-610x416.jpeg 610w, https:\/\/lightweb.dev\/l\/svm-temp\/wp-content\/uploads\/2024\/01\/Embajador_de_Suecia5-stor-1080x737.jpeg 1080w, https:\/\/lightweb.dev\/l\/svm-temp\/wp-content\/uploads\/2024\/01\/Embajador_de_Suecia5-stor-600x409.jpeg 600w, https:\/\/lightweb.dev\/l\/svm-temp\/wp-content\/uploads\/2024\/01\/Embajador_de_Suecia5-stor.jpeg 1280w\" sizes=\"(max-width: 300px) 100vw, 300px\" \/><p id=\"caption-attachment-69020\" class=\"wp-caption-text\">Teppo Tauriainen skrev en h\u00e4lsning i kommunens officiella g\u00e4stbok.<\/p><\/div>\n<p>Jerez borgm\u00e4stare ser det som en stor \u00e4ra att f\u00e5 v\u00e4lkomna Sveriges ambassad\u00f6r.<\/p>\n<p>&#8211; Det \u00e4r viktigt att v\u00e5r stad bygger broar genom samarbete. Vi h\u00e5ller d\u00f6rrarna \u00f6ppna f\u00f6r bes\u00f6kare att njuta av klimatet och vad vio har att erbjuda i form av fester och kultur, sa borgm\u00e4staren som tillade:<\/p>\n<p>&#8211; Jag vill ocks\u00e5 tacka den ambassad\u00f6ren f\u00f6r att han har betonat det betydande antal kvinnor som ing\u00e5r i den lokala regeringen. Det \u00e4r alltid viktigt att v\u00e4rdera det arbete vi g\u00f6r f\u00f6r att fr\u00e4mja j\u00e4mlikhet i f\u00f6rvaltningar och i det offentliga livet.<\/p>\n<p>Teppo Tauriainen sa att det \u00e4r viktigt att s\u00f6ka samarbete och kontakter i andra delar av Spanien. Svenska f\u00f6retag letar alltid efter nya m\u00f6jligheter att vara konkurrenskraftiga vilket gynnar alla.<\/p>\n<p>I samband med mottagningen p\u00e5 kommunhuset i Jerez p\u00e5minde Teppo Tauriainen att svenskar var bland de f\u00f6rsta turister som anl\u00e4nde till Andalusien.<\/p>\n<p>&#8211; Varje \u00e5r \u00e4r det omkring tv\u00e5 miljoner svenska turister som bes\u00f6ker Spanien och som lockas av klimatet och landets rika historia och kultur.<\/p>\n<h2 class=\"entry-title\">L\u00e4s mer: <a href=\"https:\/\/lightweb.dev\/l\/svm-temp\/artiklar\/mat-vin\/unik-kombination-skapar-sherry\/\">Unik kombination skapar Sherry<\/a><\/h2>\n<p>&#8211; N\u00e4r det g\u00e4ller Jerez \u00e4r det \u00e4r en stad som erbjuder mycket inom gastronomi och kultur. Sveriges ambassad kommer att forts\u00e4tta arbeta f\u00f6r att ut\u00f6ka dessa kontakter, s\u00e4ger Teppo Tauriainen.<\/p>\n<p>Pedro Rebuelta \u00e4r Sveriges honor\u00e4rkonsul i Jerez. 2009 \u00f6verl\u00e4mnade H.M. Kung Carl XVI Gustaf Nordstj\u00e4rneorden till den svenske honor\u00e4rkonsuln i Jerez de la Frontera.<\/p>\n<p>P\u00e5 v\u00e5ren 2008 bes\u00f6kte Svenska Magasinet Gonzalez Byass.<\/p>\n<h2>L\u00e4s mer: <a href=\"https:\/\/lightweb.dev\/l\/svm-temp\/artiklar\/vinproducent-som-svensk-honorarkonsul-i-fyra-generationer\/\">Vinproducent som svensk honor\u00e4rkonsul i fyra generationer<\/a><\/h2>\n<p>&nbsp;<\/p>\n<blockquote class=\"twitter-tweet\" data-media-max-width=\"560\">\n<p dir=\"ltr\" lang=\"sv\">Andalusiens regionalpresident Juanma Moreno tog idag emot Sveriges ambassad\u00f6r i Spanien, Teppo Tauriainen. &#8221;Vi delar engagemanget f\u00f6r h\u00e5llbarhet och kommer att forts\u00e4tta arbeta f\u00f6r att fr\u00e4mja kommersiella relationer&#8221; skriver Moreno. <a href=\"https:\/\/twitter.com\/EmbajadorSuecia?ref_src=twsrc%5Etfw\">@EmbajadorSuecia<\/a> <a href=\"https:\/\/t.co\/VAmfWUFUIv\">https:\/\/t.co\/VAmfWUFUIv<\/a><\/p>\n<p>\u2014 Svenska Magasinet (@SvenskaMagasine) <a href=\"https:\/\/twitter.com\/SvenskaMagasine\/status\/1747643915811868940?ref_src=twsrc%5Etfw\">January 17, 2024<\/a><\/p><\/blockquote>\n<p><script async src=\"https:\/\/platform.twitter.com\/widgets.js\" charset=\"utf-8\"><\/script><\/p>\n","protected":false},"excerpt":{"rendered":"<p>N\u00e4r sherryproducenten Gonzalez Byass skulle in p\u00e5 den svenska marknaden togs f\u00f6rsta steget via kontakter genom Sveriges ambassad. Med resultat att fyra familjemedlemmar har varit svensk honor\u00e4rkonsul i J\u00e9rez&#8230;<\/p>\n","protected":false},"author":7,"featured_media":69019,"comment_status":"closed","ping_status":"closed","sticky":false,"template":"","format":"standard","meta":{"_et_pb_use_builder":"","_et_pb_old_content":"","_et_gb_content_width":"","footnotes":""},"categories":[395,3],"tags":[],"class_list":["post-69018","post","type-post","status-publish","format-standard","has-post-thumbnail","hentry","category-arkiv-nyheter","category-nyheter"],"yoast_head":"<!-- This site is optimized with the Yoast SEO Premium plugin v26.2 (Yoast SEO v27.4) - https:\/\/yoast.com\/product\/yoast-seo-premium-wordpress\/ -->\n<title>Sveriges ambassad\u00f6r p\u00e5 bes\u00f6k i Jerez - Svenska Magasinet<\/title>\n<meta name=\"description\" content=\"N\u00e4r sherryproducenten Gonzalez Byass skulle in p\u00e5 den svenska marknaden togs f\u00f6rsta steget via kontakter genom Sveriges ambassad. Med resultat att fyra familjemedlemmar har varit svensk honor\u00e4rkonsul i J\u00e9rez.\" \/>\n<meta name=\"robots\" content=\"noindex, follow, max-snippet:-1, max-image-preview:large, max-video-preview:-1\" \/>\n<meta property=\"og:locale\" content=\"sv_SE\" \/>\n<meta property=\"og:type\" content=\"article\" \/>\n<meta property=\"og:title\" content=\"Sveriges ambassad\u00f6r p\u00e5 bes\u00f6k i Jerez\" \/>\n<meta property=\"og:description\" content=\"N\u00e4r sherryproducenten Gonzalez Byass skulle in p\u00e5 den svenska marknaden togs f\u00f6rsta steget via kontakter genom Sveriges ambassad. Med resultat att fyra familjemedlemmar har varit svensk honor\u00e4rkonsul i J\u00e9rez.\" \/>\n<meta property=\"og:url\" content=\"https:\/\/lightweb.dev\/l\/svm-temp\/nyheter\/sveriges-ambassador-pa-besok-i-jerez\/\" \/>\n<meta property=\"og:site_name\" content=\"Svenska Magasinet\" \/>\n<meta property=\"article:publisher\" content=\"https:\/\/www.facebook.com\/svenskamagasinet\" \/>\n<meta property=\"article:published_time\" content=\"2024-01-16T14:42:52+00:00\" \/>\n<meta property=\"article:modified_time\" content=\"2024-01-17T15:38:31+00:00\" \/>\n<meta property=\"og:image\" content=\"https:\/\/lightweb.dev\/l\/svm-temp\/wp-content\/uploads\/2024\/01\/Embajador_de_Suecia14-stor.jpeg\" \/>\n\t<meta property=\"og:image:width\" content=\"1280\" \/>\n\t<meta property=\"og:image:height\" content=\"873\" \/>\n\t<meta property=\"og:image:type\" content=\"image\/jpeg\" \/>\n<meta name=\"author\" content=\"Ola Josefsson\" \/>\n<meta name=\"twitter:card\" content=\"summary_large_image\" \/>\n<meta name=\"twitter:creator\" content=\"@SvenskaMagasine\" \/>\n<meta name=\"twitter:site\" content=\"@SvenskaMagasine\" \/>\n<script type=\"application\/ld+json\" class=\"yoast-schema-graph\">{\"@context\":\"https:\\\/\\\/schema.org\",\"@graph\":[{\"@type\":\"Article\",\"@id\":\"https:\\\/\\\/lightweb.dev\\\/l\\\/svm-temp\\\/nyheter\\\/sveriges-ambassador-pa-besok-i-jerez\\\/#article\",\"isPartOf\":{\"@id\":\"https:\\\/\\\/lightweb.dev\\\/l\\\/svm-temp\\\/nyheter\\\/sveriges-ambassador-pa-besok-i-jerez\\\/\"},\"author\":{\"name\":\"Ola Josefsson\",\"@id\":\"https:\\\/\\\/lightweb.dev\\\/l\\\/svm-temp\\\/#\\\/schema\\\/person\\\/7a82b8a73d171d32360a564b6d03508e\"},\"headline\":\"Sveriges ambassad\u00f6r p\u00e5 bes\u00f6k i Jerez\",\"datePublished\":\"2024-01-16T14:42:52+00:00\",\"dateModified\":\"2024-01-17T15:38:31+00:00\",\"mainEntityOfPage\":{\"@id\":\"https:\\\/\\\/lightweb.dev\\\/l\\\/svm-temp\\\/nyheter\\\/sveriges-ambassador-pa-besok-i-jerez\\\/\"},\"wordCount\":459,\"publisher\":{\"@id\":\"https:\\\/\\\/lightweb.dev\\\/l\\\/svm-temp\\\/#organization\"},\"image\":{\"@id\":\"https:\\\/\\\/lightweb.dev\\\/l\\\/svm-temp\\\/nyheter\\\/sveriges-ambassador-pa-besok-i-jerez\\\/#primaryimage\"},\"thumbnailUrl\":\"https:\\\/\\\/lightweb.dev\\\/l\\\/svm-temp\\\/wp-content\\\/uploads\\\/2024\\\/01\\\/Embajador_de_Suecia14-stor.jpeg\",\"articleSection\":[\"Arkiv\",\"Nyheter\"],\"inLanguage\":\"sv-SE\"},{\"@type\":\"WebPage\",\"@id\":\"https:\\\/\\\/lightweb.dev\\\/l\\\/svm-temp\\\/nyheter\\\/sveriges-ambassador-pa-besok-i-jerez\\\/\",\"url\":\"https:\\\/\\\/lightweb.dev\\\/l\\\/svm-temp\\\/nyheter\\\/sveriges-ambassador-pa-besok-i-jerez\\\/\",\"name\":\"Sveriges ambassad\u00f6r p\u00e5 bes\u00f6k i Jerez - Svenska Magasinet\",\"isPartOf\":{\"@id\":\"https:\\\/\\\/lightweb.dev\\\/l\\\/svm-temp\\\/#website\"},\"primaryImageOfPage\":{\"@id\":\"https:\\\/\\\/lightweb.dev\\\/l\\\/svm-temp\\\/nyheter\\\/sveriges-ambassador-pa-besok-i-jerez\\\/#primaryimage\"},\"image\":{\"@id\":\"https:\\\/\\\/lightweb.dev\\\/l\\\/svm-temp\\\/nyheter\\\/sveriges-ambassador-pa-besok-i-jerez\\\/#primaryimage\"},\"thumbnailUrl\":\"https:\\\/\\\/lightweb.dev\\\/l\\\/svm-temp\\\/wp-content\\\/uploads\\\/2024\\\/01\\\/Embajador_de_Suecia14-stor.jpeg\",\"datePublished\":\"2024-01-16T14:42:52+00:00\",\"dateModified\":\"2024-01-17T15:38:31+00:00\",\"description\":\"N\u00e4r sherryproducenten Gonzalez Byass skulle in p\u00e5 den svenska marknaden togs f\u00f6rsta steget via kontakter genom Sveriges ambassad. Med resultat att fyra familjemedlemmar har varit svensk honor\u00e4rkonsul i J\u00e9rez.\",\"breadcrumb\":{\"@id\":\"https:\\\/\\\/lightweb.dev\\\/l\\\/svm-temp\\\/nyheter\\\/sveriges-ambassador-pa-besok-i-jerez\\\/#breadcrumb\"},\"inLanguage\":\"sv-SE\",\"potentialAction\":[{\"@type\":\"ReadAction\",\"target\":[\"https:\\\/\\\/lightweb.dev\\\/l\\\/svm-temp\\\/nyheter\\\/sveriges-ambassador-pa-besok-i-jerez\\\/\"]}]},{\"@type\":\"ImageObject\",\"inLanguage\":\"sv-SE\",\"@id\":\"https:\\\/\\\/lightweb.dev\\\/l\\\/svm-temp\\\/nyheter\\\/sveriges-ambassador-pa-besok-i-jerez\\\/#primaryimage\",\"url\":\"https:\\\/\\\/lightweb.dev\\\/l\\\/svm-temp\\\/wp-content\\\/uploads\\\/2024\\\/01\\\/Embajador_de_Suecia14-stor.jpeg\",\"contentUrl\":\"https:\\\/\\\/lightweb.dev\\\/l\\\/svm-temp\\\/wp-content\\\/uploads\\\/2024\\\/01\\\/Embajador_de_Suecia14-stor.jpeg\",\"width\":1280,\"height\":873,\"caption\":\"Det blev s\u00e4kert en sherry n\u00e4r Sveriges ambassad\u00f6r i Spanien, Teppo Tauriainen tr\u00e4ffade Jerez borgm\u00e4stare Mar\u00eda Jos\u00e9 Garc\u00eda-Pelayo och Sveriges honor\u00e4rkonsul i C\u00e1dizprovinmsen Pedro Rebuelta. (Foto: Foto: Ayuntamiento de Jerez)\"},{\"@type\":\"BreadcrumbList\",\"@id\":\"https:\\\/\\\/lightweb.dev\\\/l\\\/svm-temp\\\/nyheter\\\/sveriges-ambassador-pa-besok-i-jerez\\\/#breadcrumb\",\"itemListElement\":[{\"@type\":\"ListItem\",\"position\":1,\"name\":\"Hem\",\"item\":\"https:\\\/\\\/lightweb.dev\\\/l\\\/svm-temp\\\/\"},{\"@type\":\"ListItem\",\"position\":2,\"name\":\"Sveriges ambassad\u00f6r p\u00e5 bes\u00f6k i Jerez\"}]},{\"@type\":\"WebSite\",\"@id\":\"https:\\\/\\\/lightweb.dev\\\/l\\\/svm-temp\\\/#website\",\"url\":\"https:\\\/\\\/lightweb.dev\\\/l\\\/svm-temp\\\/\",\"name\":\"Svenska Magasinet\",\"description\":\"Dina Spanska nyheter p&aring; Svenska\",\"publisher\":{\"@id\":\"https:\\\/\\\/lightweb.dev\\\/l\\\/svm-temp\\\/#organization\"},\"potentialAction\":[{\"@type\":\"SearchAction\",\"target\":{\"@type\":\"EntryPoint\",\"urlTemplate\":\"https:\\\/\\\/lightweb.dev\\\/l\\\/svm-temp\\\/?s={search_term_string}\"},\"query-input\":{\"@type\":\"PropertyValueSpecification\",\"valueRequired\":true,\"valueName\":\"search_term_string\"}}],\"inLanguage\":\"sv-SE\"},{\"@type\":\"Organization\",\"@id\":\"https:\\\/\\\/lightweb.dev\\\/l\\\/svm-temp\\\/#organization\",\"name\":\"Melkerson y Nott SL\",\"alternateName\":\"Svenska Magasinet\",\"url\":\"https:\\\/\\\/lightweb.dev\\\/l\\\/svm-temp\\\/\",\"logo\":{\"@type\":\"ImageObject\",\"inLanguage\":\"sv-SE\",\"@id\":\"https:\\\/\\\/lightweb.dev\\\/l\\\/svm-temp\\\/#\\\/schema\\\/logo\\\/image\\\/\",\"url\":\"https:\\\/\\\/lightweb.dev\\\/l\\\/svm-temp\\\/wp-content\\\/uploads\\\/2025\\\/02\\\/SvM-logo-Xtra-Centrerad-SVART.png\",\"contentUrl\":\"https:\\\/\\\/lightweb.dev\\\/l\\\/svm-temp\\\/wp-content\\\/uploads\\\/2025\\\/02\\\/SvM-logo-Xtra-Centrerad-SVART.png\",\"width\":300,\"height\":99,\"caption\":\"Melkerson y Nott SL\"},\"image\":{\"@id\":\"https:\\\/\\\/lightweb.dev\\\/l\\\/svm-temp\\\/#\\\/schema\\\/logo\\\/image\\\/\"},\"sameAs\":[\"https:\\\/\\\/www.facebook.com\\\/svenskamagasinet\",\"https:\\\/\\\/x.com\\\/SvenskaMagasine\"]},{\"@type\":\"Person\",\"@id\":\"https:\\\/\\\/lightweb.dev\\\/l\\\/svm-temp\\\/#\\\/schema\\\/person\\\/7a82b8a73d171d32360a564b6d03508e\",\"name\":\"Ola Josefsson\",\"description\":\"Bevakar Solkusten och Spanien sedan 1994.\",\"sameAs\":[\"https:\\\/\\\/lightweb.dev\\\/l\\\/svm-temp\"],\"url\":\"https:\\\/\\\/lightweb.dev\\\/l\\\/svm-temp\\\/reporter\\\/ola-josefsson\\\/\"}]}<\/script>\n<!-- \/ Yoast SEO Premium plugin. -->","yoast_head_json":{"title":"Sveriges ambassad\u00f6r p\u00e5 bes\u00f6k i Jerez - Svenska Magasinet","description":"N\u00e4r sherryproducenten Gonzalez Byass skulle in p\u00e5 den svenska marknaden togs f\u00f6rsta steget via kontakter genom Sveriges ambassad. Med resultat att fyra familjemedlemmar har varit svensk honor\u00e4rkonsul i J\u00e9rez.","robots":{"index":"noindex","follow":"follow","max-snippet":"max-snippet:-1","max-image-preview":"max-image-preview:large","max-video-preview":"max-video-preview:-1"},"og_locale":"sv_SE","og_type":"article","og_title":"Sveriges ambassad\u00f6r p\u00e5 bes\u00f6k i Jerez","og_description":"N\u00e4r sherryproducenten Gonzalez Byass skulle in p\u00e5 den svenska marknaden togs f\u00f6rsta steget via kontakter genom Sveriges ambassad. Med resultat att fyra familjemedlemmar har varit svensk honor\u00e4rkonsul i J\u00e9rez.","og_url":"https:\/\/lightweb.dev\/l\/svm-temp\/nyheter\/sveriges-ambassador-pa-besok-i-jerez\/","og_site_name":"Svenska Magasinet","article_publisher":"https:\/\/www.facebook.com\/svenskamagasinet","article_published_time":"2024-01-16T14:42:52+00:00","article_modified_time":"2024-01-17T15:38:31+00:00","og_image":[{"width":1280,"height":873,"url":"https:\/\/lightweb.dev\/l\/svm-temp\/wp-content\/uploads\/2024\/01\/Embajador_de_Suecia14-stor.jpeg","type":"image\/jpeg"}],"author":"Ola Josefsson","twitter_card":"summary_large_image","twitter_creator":"@SvenskaMagasine","twitter_site":"@SvenskaMagasine","schema":{"@context":"https:\/\/schema.org","@graph":[{"@type":"Article","@id":"https:\/\/lightweb.dev\/l\/svm-temp\/nyheter\/sveriges-ambassador-pa-besok-i-jerez\/#article","isPartOf":{"@id":"https:\/\/lightweb.dev\/l\/svm-temp\/nyheter\/sveriges-ambassador-pa-besok-i-jerez\/"},"author":{"name":"Ola Josefsson","@id":"https:\/\/lightweb.dev\/l\/svm-temp\/#\/schema\/person\/7a82b8a73d171d32360a564b6d03508e"},"headline":"Sveriges ambassad\u00f6r p\u00e5 bes\u00f6k i Jerez","datePublished":"2024-01-16T14:42:52+00:00","dateModified":"2024-01-17T15:38:31+00:00","mainEntityOfPage":{"@id":"https:\/\/lightweb.dev\/l\/svm-temp\/nyheter\/sveriges-ambassador-pa-besok-i-jerez\/"},"wordCount":459,"publisher":{"@id":"https:\/\/lightweb.dev\/l\/svm-temp\/#organization"},"image":{"@id":"https:\/\/lightweb.dev\/l\/svm-temp\/nyheter\/sveriges-ambassador-pa-besok-i-jerez\/#primaryimage"},"thumbnailUrl":"https:\/\/lightweb.dev\/l\/svm-temp\/wp-content\/uploads\/2024\/01\/Embajador_de_Suecia14-stor.jpeg","articleSection":["Arkiv","Nyheter"],"inLanguage":"sv-SE"},{"@type":"WebPage","@id":"https:\/\/lightweb.dev\/l\/svm-temp\/nyheter\/sveriges-ambassador-pa-besok-i-jerez\/","url":"https:\/\/lightweb.dev\/l\/svm-temp\/nyheter\/sveriges-ambassador-pa-besok-i-jerez\/","name":"Sveriges ambassad\u00f6r p\u00e5 bes\u00f6k i Jerez - Svenska Magasinet","isPartOf":{"@id":"https:\/\/lightweb.dev\/l\/svm-temp\/#website"},"primaryImageOfPage":{"@id":"https:\/\/lightweb.dev\/l\/svm-temp\/nyheter\/sveriges-ambassador-pa-besok-i-jerez\/#primaryimage"},"image":{"@id":"https:\/\/lightweb.dev\/l\/svm-temp\/nyheter\/sveriges-ambassador-pa-besok-i-jerez\/#primaryimage"},"thumbnailUrl":"https:\/\/lightweb.dev\/l\/svm-temp\/wp-content\/uploads\/2024\/01\/Embajador_de_Suecia14-stor.jpeg","datePublished":"2024-01-16T14:42:52+00:00","dateModified":"2024-01-17T15:38:31+00:00","description":"N\u00e4r sherryproducenten Gonzalez Byass skulle in p\u00e5 den svenska marknaden togs f\u00f6rsta steget via kontakter genom Sveriges ambassad. Med resultat att fyra familjemedlemmar har varit svensk honor\u00e4rkonsul i J\u00e9rez.","breadcrumb":{"@id":"https:\/\/lightweb.dev\/l\/svm-temp\/nyheter\/sveriges-ambassador-pa-besok-i-jerez\/#breadcrumb"},"inLanguage":"sv-SE","potentialAction":[{"@type":"ReadAction","target":["https:\/\/lightweb.dev\/l\/svm-temp\/nyheter\/sveriges-ambassador-pa-besok-i-jerez\/"]}]},{"@type":"ImageObject","inLanguage":"sv-SE","@id":"https:\/\/lightweb.dev\/l\/svm-temp\/nyheter\/sveriges-ambassador-pa-besok-i-jerez\/#primaryimage","url":"https:\/\/lightweb.dev\/l\/svm-temp\/wp-content\/uploads\/2024\/01\/Embajador_de_Suecia14-stor.jpeg","contentUrl":"https:\/\/lightweb.dev\/l\/svm-temp\/wp-content\/uploads\/2024\/01\/Embajador_de_Suecia14-stor.jpeg","width":1280,"height":873,"caption":"Det blev s\u00e4kert en sherry n\u00e4r Sveriges ambassad\u00f6r i Spanien, Teppo Tauriainen tr\u00e4ffade Jerez borgm\u00e4stare Mar\u00eda Jos\u00e9 Garc\u00eda-Pelayo och Sveriges honor\u00e4rkonsul i C\u00e1dizprovinmsen Pedro Rebuelta. (Foto: Foto: Ayuntamiento de Jerez)"},{"@type":"BreadcrumbList","@id":"https:\/\/lightweb.dev\/l\/svm-temp\/nyheter\/sveriges-ambassador-pa-besok-i-jerez\/#breadcrumb","itemListElement":[{"@type":"ListItem","position":1,"name":"Hem","item":"https:\/\/lightweb.dev\/l\/svm-temp\/"},{"@type":"ListItem","position":2,"name":"Sveriges ambassad\u00f6r p\u00e5 bes\u00f6k i Jerez"}]},{"@type":"WebSite","@id":"https:\/\/lightweb.dev\/l\/svm-temp\/#website","url":"https:\/\/lightweb.dev\/l\/svm-temp\/","name":"Svenska Magasinet","description":"Dina Spanska nyheter p&aring; Svenska","publisher":{"@id":"https:\/\/lightweb.dev\/l\/svm-temp\/#organization"},"potentialAction":[{"@type":"SearchAction","target":{"@type":"EntryPoint","urlTemplate":"https:\/\/lightweb.dev\/l\/svm-temp\/?s={search_term_string}"},"query-input":{"@type":"PropertyValueSpecification","valueRequired":true,"valueName":"search_term_string"}}],"inLanguage":"sv-SE"},{"@type":"Organization","@id":"https:\/\/lightweb.dev\/l\/svm-temp\/#organization","name":"Melkerson y Nott SL","alternateName":"Svenska Magasinet","url":"https:\/\/lightweb.dev\/l\/svm-temp\/","logo":{"@type":"ImageObject","inLanguage":"sv-SE","@id":"https:\/\/lightweb.dev\/l\/svm-temp\/#\/schema\/logo\/image\/","url":"https:\/\/lightweb.dev\/l\/svm-temp\/wp-content\/uploads\/2025\/02\/SvM-logo-Xtra-Centrerad-SVART.png","contentUrl":"https:\/\/lightweb.dev\/l\/svm-temp\/wp-content\/uploads\/2025\/02\/SvM-logo-Xtra-Centrerad-SVART.png","width":300,"height":99,"caption":"Melkerson y Nott SL"},"image":{"@id":"https:\/\/lightweb.dev\/l\/svm-temp\/#\/schema\/logo\/image\/"},"sameAs":["https:\/\/www.facebook.com\/svenskamagasinet","https:\/\/x.com\/SvenskaMagasine"]},{"@type":"Person","@id":"https:\/\/lightweb.dev\/l\/svm-temp\/#\/schema\/person\/7a82b8a73d171d32360a564b6d03508e","name":"Ola Josefsson","description":"Bevakar Solkusten och Spanien sedan 1994.","sameAs":["https:\/\/lightweb.dev\/l\/svm-temp"],"url":"https:\/\/lightweb.dev\/l\/svm-temp\/reporter\/ola-josefsson\/"}]}},"_links":{"self":[{"href":"https:\/\/lightweb.dev\/l\/svm-temp\/wp-json\/wp\/v2\/posts\/69018","targetHints":{"allow":["GET"]}}],"collection":[{"href":"https:\/\/lightweb.dev\/l\/svm-temp\/wp-json\/wp\/v2\/posts"}],"about":[{"href":"https:\/\/lightweb.dev\/l\/svm-temp\/wp-json\/wp\/v2\/types\/post"}],"author":[{"embeddable":true,"href":"https:\/\/lightweb.dev\/l\/svm-temp\/wp-json\/wp\/v2\/users\/7"}],"replies":[{"embeddable":true,"href":"https:\/\/lightweb.dev\/l\/svm-temp\/wp-json\/wp\/v2\/comments?post=69018"}],"version-history":[{"count":0,"href":"https:\/\/lightweb.dev\/l\/svm-temp\/wp-json\/wp\/v2\/posts\/69018\/revisions"}],"wp:featuredmedia":[{"embeddable":true,"href":"https:\/\/lightweb.dev\/l\/svm-temp\/wp-json\/wp\/v2\/media\/69019"}],"wp:attachment":[{"href":"https:\/\/lightweb.dev\/l\/svm-temp\/wp-json\/wp\/v2\/media?parent=69018"}],"wp:term":[{"taxonomy":"category","embeddable":true,"href":"https:\/\/lightweb.dev\/l\/svm-temp\/wp-json\/wp\/v2\/categories?post=69018"},{"taxonomy":"post_tag","embeddable":true,"href":"https:\/\/lightweb.dev\/l\/svm-temp\/wp-json\/wp\/v2\/tags?post=69018"}],"curies":[{"name":"wp","href":"https:\/\/api.w.org\/{rel}","templated":true}]}}