{"id":69026,"date":"2024-01-16T16:38:01","date_gmt":"2024-01-16T15:38:01","guid":{"rendered":"https:\/\/lightweb.dev\/l\/svm-temp\/?p=69026"},"modified":"2024-01-16T16:38:01","modified_gmt":"2024-01-16T15:38:01","slug":"ryanair-investerar-5-miljarder-euro-i-spanien","status":"publish","type":"post","link":"https:\/\/lightweb.dev\/l\/svm-temp\/nyheter\/ryanair-investerar-5-miljarder-euro-i-spanien\/","title":{"rendered":"Ryanair investerar 5 miljarder euro i Spanien"},"content":{"rendered":"<p><strong>Ett m\u00f6te mellan flygbolagets VD Michael O&#8217;Leary och landets premi\u00e4rminister Pedro S\u00e1nchez resulterade i en storsatsning.\u00a0<\/strong><\/p>\n<p><strong>Pengarna ska g\u00e5 till att f\u00f6rb\u00e4ttra flygplatser och st\u00e4rka ekonomin i Spaniens mindre k\u00e4nda orter.\u00a0<\/strong><\/p>\n<p><span style=\"font-weight: 400;\">Ryanair ska investera 5 miljarder euro i Spanien under de kommande sju \u00e5ren. Satsningen \u00e4r en del av flygbolagets l\u00e5nga \u00e5tagande f\u00f6r att f\u00f6rb\u00e4ttra flygtrafiken i landet.\u00a0<\/span><\/p>\n<p><span style=\"font-weight: 400;\">Det offentliggjordes efter ett m\u00f6te mellan premi\u00e4rminister <\/span><span style=\"font-weight: 400;\">Pedro S\u00e1nchez och Ryanairs VD <\/span><b>Michael O&#8217;Leary som h\u00f6lls i slutet av f\u00f6rra veckan.\u00a0<\/b><\/p>\n<p><span style=\"font-weight: 400;\">S\u00e1nchez var n\u00f6jd med resultatet och kommenterade att satsningen reflekterar \u201cstabiliteten och potentialen i den spanska ekonomin&#8221;. Han menar ocks\u00e5 att det bekr\u00e4ftar det f\u00f6rtroende som utl\u00e4ndska investerare har f\u00f6r landet.\u00a0\u00a0<\/span><\/p>\n<h2><span style=\"font-weight: 400;\">Fler resor<\/span><\/h2>\n<p><span style=\"font-weight: 400;\">Ryanair planerar att s\u00e4lja fler resor till Spanien. De ber\u00e4knar att siffran kommer att v\u00e4xa fr\u00e5n 55 miljoner passagerare per \u00e5r till 77 miljoner fram till 2030. D\u00e5 ska antalet flygrutter till landet ha \u00f6kat fr\u00e5n dagens 730 till fler \u00e4n 1 000.\u00a0\u00a0<\/span><\/p>\n<p><span style=\"font-weight: 400;\">P\u00e5 m\u00f6tet kom man \u00f6verens om att satsa en stor del av pengarna p\u00e5 att f\u00f6rb\u00e4ttra regionala flygplatser f\u00f6r att st\u00e4rka ekonomin i Spaniens mindre k\u00e4nda omr\u00e5den.\u00a0<\/span><\/p>\n<p><span style=\"font-weight: 400;\">6 500 personer arbetar p\u00e5 Ryanair i Spanien. De \u00e4r det ledande flygbolaget n\u00e4r det g\u00e4ller resor till landet med sina 730 rutter fr\u00e5n 29 olika l\u00e4nder.\u00a0<\/span><\/p>\n","protected":false},"excerpt":{"rendered":"<p>Ett m\u00f6te mellan flygbolagets VD Michael O&#8217;Leary och landets premi\u00e4rminister Pedro S\u00e1nchez resulterade i en storsatsning.\u00a0Pengarna ska g\u00e5 till att f\u00f6rb\u00e4ttra flygplatser och st\u00e4rka ekonomin i Spaniens mindre k\u00e4nda orter.\u00a0<\/p>\n","protected":false},"author":14,"featured_media":55954,"comment_status":"closed","ping_status":"closed","sticky":false,"template":"","format":"standard","meta":{"_et_pb_use_builder":"","_et_pb_old_content":"","_et_gb_content_width":"","footnotes":""},"categories":[395,3],"tags":[],"class_list":["post-69026","post","type-post","status-publish","format-standard","has-post-thumbnail","hentry","category-arkiv-nyheter","category-nyheter"],"yoast_head":"<!-- This site is optimized with the Yoast SEO Premium plugin v26.2 (Yoast SEO v27.4) - https:\/\/yoast.com\/product\/yoast-seo-premium-wordpress\/ -->\n<title>Ryanair investerar 5 miljarder euro i Spanien - Svenska Magasinet<\/title>\n<meta name=\"robots\" content=\"noindex, follow, max-snippet:-1, max-image-preview:large, max-video-preview:-1\" \/>\n<meta property=\"og:locale\" content=\"sv_SE\" \/>\n<meta property=\"og:type\" content=\"article\" \/>\n<meta property=\"og:title\" content=\"Ryanair investerar 5 miljarder euro i Spanien\" \/>\n<meta property=\"og:description\" content=\"Ett m\u00f6te mellan flygbolagets VD Michael O&#039;Leary och landets premi\u00e4rminister Pedro S\u00e1nchez resulterade i en storsatsning.\u00a0Pengarna ska g\u00e5 till att f\u00f6rb\u00e4ttra flygplatser och st\u00e4rka ekonomin i Spaniens mindre k\u00e4nda orter.\u00a0\" \/>\n<meta property=\"og:url\" content=\"https:\/\/lightweb.dev\/l\/svm-temp\/nyheter\/ryanair-investerar-5-miljarder-euro-i-spanien\/\" \/>\n<meta property=\"og:site_name\" content=\"Svenska Magasinet\" \/>\n<meta property=\"article:publisher\" content=\"https:\/\/www.facebook.com\/svenskamagasinet\" \/>\n<meta property=\"article:published_time\" content=\"2024-01-16T15:38:01+00:00\" \/>\n<meta property=\"og:image\" content=\"https:\/\/lightweb.dev\/l\/svm-temp\/wp-content\/uploads\/2022\/07\/Ryanair_Boeing_737-800_EI-EBX.jpg\" \/>\n\t<meta property=\"og:image:width\" content=\"1024\" \/>\n\t<meta property=\"og:image:height\" content=\"683\" \/>\n\t<meta property=\"og:image:type\" content=\"image\/jpeg\" \/>\n<meta name=\"author\" content=\"Robbie Eriksson\" \/>\n<meta name=\"twitter:card\" content=\"summary_large_image\" \/>\n<meta name=\"twitter:creator\" content=\"@SvenskaMagasine\" \/>\n<meta name=\"twitter:site\" content=\"@SvenskaMagasine\" \/>\n<script type=\"application\/ld+json\" class=\"yoast-schema-graph\">{\"@context\":\"https:\\\/\\\/schema.org\",\"@graph\":[{\"@type\":\"Article\",\"@id\":\"https:\\\/\\\/lightweb.dev\\\/l\\\/svm-temp\\\/nyheter\\\/ryanair-investerar-5-miljarder-euro-i-spanien\\\/#article\",\"isPartOf\":{\"@id\":\"https:\\\/\\\/lightweb.dev\\\/l\\\/svm-temp\\\/nyheter\\\/ryanair-investerar-5-miljarder-euro-i-spanien\\\/\"},\"author\":{\"name\":\"Robbie Eriksson\",\"@id\":\"https:\\\/\\\/lightweb.dev\\\/l\\\/svm-temp\\\/#\\\/schema\\\/person\\\/caffe038990d25722f5a04a03c906a2b\"},\"headline\":\"Ryanair investerar 5 miljarder euro i Spanien\",\"datePublished\":\"2024-01-16T15:38:01+00:00\",\"mainEntityOfPage\":{\"@id\":\"https:\\\/\\\/lightweb.dev\\\/l\\\/svm-temp\\\/nyheter\\\/ryanair-investerar-5-miljarder-euro-i-spanien\\\/\"},\"wordCount\":244,\"publisher\":{\"@id\":\"https:\\\/\\\/lightweb.dev\\\/l\\\/svm-temp\\\/#organization\"},\"image\":{\"@id\":\"https:\\\/\\\/lightweb.dev\\\/l\\\/svm-temp\\\/nyheter\\\/ryanair-investerar-5-miljarder-euro-i-spanien\\\/#primaryimage\"},\"thumbnailUrl\":\"https:\\\/\\\/lightweb.dev\\\/l\\\/svm-temp\\\/wp-content\\\/uploads\\\/2022\\\/07\\\/Ryanair_Boeing_737-800_EI-EBX.jpg\",\"articleSection\":[\"Arkiv\",\"Nyheter\"],\"inLanguage\":\"sv-SE\"},{\"@type\":\"WebPage\",\"@id\":\"https:\\\/\\\/lightweb.dev\\\/l\\\/svm-temp\\\/nyheter\\\/ryanair-investerar-5-miljarder-euro-i-spanien\\\/\",\"url\":\"https:\\\/\\\/lightweb.dev\\\/l\\\/svm-temp\\\/nyheter\\\/ryanair-investerar-5-miljarder-euro-i-spanien\\\/\",\"name\":\"Ryanair investerar 5 miljarder euro i Spanien - Svenska Magasinet\",\"isPartOf\":{\"@id\":\"https:\\\/\\\/lightweb.dev\\\/l\\\/svm-temp\\\/#website\"},\"primaryImageOfPage\":{\"@id\":\"https:\\\/\\\/lightweb.dev\\\/l\\\/svm-temp\\\/nyheter\\\/ryanair-investerar-5-miljarder-euro-i-spanien\\\/#primaryimage\"},\"image\":{\"@id\":\"https:\\\/\\\/lightweb.dev\\\/l\\\/svm-temp\\\/nyheter\\\/ryanair-investerar-5-miljarder-euro-i-spanien\\\/#primaryimage\"},\"thumbnailUrl\":\"https:\\\/\\\/lightweb.dev\\\/l\\\/svm-temp\\\/wp-content\\\/uploads\\\/2022\\\/07\\\/Ryanair_Boeing_737-800_EI-EBX.jpg\",\"datePublished\":\"2024-01-16T15:38:01+00:00\",\"breadcrumb\":{\"@id\":\"https:\\\/\\\/lightweb.dev\\\/l\\\/svm-temp\\\/nyheter\\\/ryanair-investerar-5-miljarder-euro-i-spanien\\\/#breadcrumb\"},\"inLanguage\":\"sv-SE\",\"potentialAction\":[{\"@type\":\"ReadAction\",\"target\":[\"https:\\\/\\\/lightweb.dev\\\/l\\\/svm-temp\\\/nyheter\\\/ryanair-investerar-5-miljarder-euro-i-spanien\\\/\"]}]},{\"@type\":\"ImageObject\",\"inLanguage\":\"sv-SE\",\"@id\":\"https:\\\/\\\/lightweb.dev\\\/l\\\/svm-temp\\\/nyheter\\\/ryanair-investerar-5-miljarder-euro-i-spanien\\\/#primaryimage\",\"url\":\"https:\\\/\\\/lightweb.dev\\\/l\\\/svm-temp\\\/wp-content\\\/uploads\\\/2022\\\/07\\\/Ryanair_Boeing_737-800_EI-EBX.jpg\",\"contentUrl\":\"https:\\\/\\\/lightweb.dev\\\/l\\\/svm-temp\\\/wp-content\\\/uploads\\\/2022\\\/07\\\/Ryanair_Boeing_737-800_EI-EBX.jpg\",\"width\":1024,\"height\":683,\"caption\":\"(Bild: Michael Oldfield.)\"},{\"@type\":\"BreadcrumbList\",\"@id\":\"https:\\\/\\\/lightweb.dev\\\/l\\\/svm-temp\\\/nyheter\\\/ryanair-investerar-5-miljarder-euro-i-spanien\\\/#breadcrumb\",\"itemListElement\":[{\"@type\":\"ListItem\",\"position\":1,\"name\":\"Hem\",\"item\":\"https:\\\/\\\/lightweb.dev\\\/l\\\/svm-temp\\\/\"},{\"@type\":\"ListItem\",\"position\":2,\"name\":\"Ryanair investerar 5 miljarder euro i Spanien\"}]},{\"@type\":\"WebSite\",\"@id\":\"https:\\\/\\\/lightweb.dev\\\/l\\\/svm-temp\\\/#website\",\"url\":\"https:\\\/\\\/lightweb.dev\\\/l\\\/svm-temp\\\/\",\"name\":\"Svenska Magasinet\",\"description\":\"Dina Spanska nyheter p&aring; Svenska\",\"publisher\":{\"@id\":\"https:\\\/\\\/lightweb.dev\\\/l\\\/svm-temp\\\/#organization\"},\"potentialAction\":[{\"@type\":\"SearchAction\",\"target\":{\"@type\":\"EntryPoint\",\"urlTemplate\":\"https:\\\/\\\/lightweb.dev\\\/l\\\/svm-temp\\\/?s={search_term_string}\"},\"query-input\":{\"@type\":\"PropertyValueSpecification\",\"valueRequired\":true,\"valueName\":\"search_term_string\"}}],\"inLanguage\":\"sv-SE\"},{\"@type\":\"Organization\",\"@id\":\"https:\\\/\\\/lightweb.dev\\\/l\\\/svm-temp\\\/#organization\",\"name\":\"Melkerson y Nott SL\",\"alternateName\":\"Svenska Magasinet\",\"url\":\"https:\\\/\\\/lightweb.dev\\\/l\\\/svm-temp\\\/\",\"logo\":{\"@type\":\"ImageObject\",\"inLanguage\":\"sv-SE\",\"@id\":\"https:\\\/\\\/lightweb.dev\\\/l\\\/svm-temp\\\/#\\\/schema\\\/logo\\\/image\\\/\",\"url\":\"https:\\\/\\\/lightweb.dev\\\/l\\\/svm-temp\\\/wp-content\\\/uploads\\\/2025\\\/02\\\/SvM-logo-Xtra-Centrerad-SVART.png\",\"contentUrl\":\"https:\\\/\\\/lightweb.dev\\\/l\\\/svm-temp\\\/wp-content\\\/uploads\\\/2025\\\/02\\\/SvM-logo-Xtra-Centrerad-SVART.png\",\"width\":300,\"height\":99,\"caption\":\"Melkerson y Nott SL\"},\"image\":{\"@id\":\"https:\\\/\\\/lightweb.dev\\\/l\\\/svm-temp\\\/#\\\/schema\\\/logo\\\/image\\\/\"},\"sameAs\":[\"https:\\\/\\\/www.facebook.com\\\/svenskamagasinet\",\"https:\\\/\\\/x.com\\\/SvenskaMagasine\"]},{\"@type\":\"Person\",\"@id\":\"https:\\\/\\\/lightweb.dev\\\/l\\\/svm-temp\\\/#\\\/schema\\\/person\\\/caffe038990d25722f5a04a03c906a2b\",\"name\":\"Robbie Eriksson\",\"sameAs\":[\"https:\\\/\\\/lightweb.dev\\\/l\\\/svm-temp\"],\"url\":\"https:\\\/\\\/lightweb.dev\\\/l\\\/svm-temp\\\/reporter\\\/robbie-eriksson\\\/\"}]}<\/script>\n<!-- \/ Yoast SEO Premium plugin. -->","yoast_head_json":{"title":"Ryanair investerar 5 miljarder euro i Spanien - Svenska Magasinet","robots":{"index":"noindex","follow":"follow","max-snippet":"max-snippet:-1","max-image-preview":"max-image-preview:large","max-video-preview":"max-video-preview:-1"},"og_locale":"sv_SE","og_type":"article","og_title":"Ryanair investerar 5 miljarder euro i Spanien","og_description":"Ett m\u00f6te mellan flygbolagets VD Michael O'Leary och landets premi\u00e4rminister Pedro S\u00e1nchez resulterade i en storsatsning.\u00a0Pengarna ska g\u00e5 till att f\u00f6rb\u00e4ttra flygplatser och st\u00e4rka ekonomin i Spaniens mindre k\u00e4nda orter.\u00a0","og_url":"https:\/\/lightweb.dev\/l\/svm-temp\/nyheter\/ryanair-investerar-5-miljarder-euro-i-spanien\/","og_site_name":"Svenska Magasinet","article_publisher":"https:\/\/www.facebook.com\/svenskamagasinet","article_published_time":"2024-01-16T15:38:01+00:00","og_image":[{"width":1024,"height":683,"url":"https:\/\/lightweb.dev\/l\/svm-temp\/wp-content\/uploads\/2022\/07\/Ryanair_Boeing_737-800_EI-EBX.jpg","type":"image\/jpeg"}],"author":"Robbie Eriksson","twitter_card":"summary_large_image","twitter_creator":"@SvenskaMagasine","twitter_site":"@SvenskaMagasine","schema":{"@context":"https:\/\/schema.org","@graph":[{"@type":"Article","@id":"https:\/\/lightweb.dev\/l\/svm-temp\/nyheter\/ryanair-investerar-5-miljarder-euro-i-spanien\/#article","isPartOf":{"@id":"https:\/\/lightweb.dev\/l\/svm-temp\/nyheter\/ryanair-investerar-5-miljarder-euro-i-spanien\/"},"author":{"name":"Robbie Eriksson","@id":"https:\/\/lightweb.dev\/l\/svm-temp\/#\/schema\/person\/caffe038990d25722f5a04a03c906a2b"},"headline":"Ryanair investerar 5 miljarder euro i Spanien","datePublished":"2024-01-16T15:38:01+00:00","mainEntityOfPage":{"@id":"https:\/\/lightweb.dev\/l\/svm-temp\/nyheter\/ryanair-investerar-5-miljarder-euro-i-spanien\/"},"wordCount":244,"publisher":{"@id":"https:\/\/lightweb.dev\/l\/svm-temp\/#organization"},"image":{"@id":"https:\/\/lightweb.dev\/l\/svm-temp\/nyheter\/ryanair-investerar-5-miljarder-euro-i-spanien\/#primaryimage"},"thumbnailUrl":"https:\/\/lightweb.dev\/l\/svm-temp\/wp-content\/uploads\/2022\/07\/Ryanair_Boeing_737-800_EI-EBX.jpg","articleSection":["Arkiv","Nyheter"],"inLanguage":"sv-SE"},{"@type":"WebPage","@id":"https:\/\/lightweb.dev\/l\/svm-temp\/nyheter\/ryanair-investerar-5-miljarder-euro-i-spanien\/","url":"https:\/\/lightweb.dev\/l\/svm-temp\/nyheter\/ryanair-investerar-5-miljarder-euro-i-spanien\/","name":"Ryanair investerar 5 miljarder euro i Spanien - Svenska Magasinet","isPartOf":{"@id":"https:\/\/lightweb.dev\/l\/svm-temp\/#website"},"primaryImageOfPage":{"@id":"https:\/\/lightweb.dev\/l\/svm-temp\/nyheter\/ryanair-investerar-5-miljarder-euro-i-spanien\/#primaryimage"},"image":{"@id":"https:\/\/lightweb.dev\/l\/svm-temp\/nyheter\/ryanair-investerar-5-miljarder-euro-i-spanien\/#primaryimage"},"thumbnailUrl":"https:\/\/lightweb.dev\/l\/svm-temp\/wp-content\/uploads\/2022\/07\/Ryanair_Boeing_737-800_EI-EBX.jpg","datePublished":"2024-01-16T15:38:01+00:00","breadcrumb":{"@id":"https:\/\/lightweb.dev\/l\/svm-temp\/nyheter\/ryanair-investerar-5-miljarder-euro-i-spanien\/#breadcrumb"},"inLanguage":"sv-SE","potentialAction":[{"@type":"ReadAction","target":["https:\/\/lightweb.dev\/l\/svm-temp\/nyheter\/ryanair-investerar-5-miljarder-euro-i-spanien\/"]}]},{"@type":"ImageObject","inLanguage":"sv-SE","@id":"https:\/\/lightweb.dev\/l\/svm-temp\/nyheter\/ryanair-investerar-5-miljarder-euro-i-spanien\/#primaryimage","url":"https:\/\/lightweb.dev\/l\/svm-temp\/wp-content\/uploads\/2022\/07\/Ryanair_Boeing_737-800_EI-EBX.jpg","contentUrl":"https:\/\/lightweb.dev\/l\/svm-temp\/wp-content\/uploads\/2022\/07\/Ryanair_Boeing_737-800_EI-EBX.jpg","width":1024,"height":683,"caption":"(Bild: Michael Oldfield.)"},{"@type":"BreadcrumbList","@id":"https:\/\/lightweb.dev\/l\/svm-temp\/nyheter\/ryanair-investerar-5-miljarder-euro-i-spanien\/#breadcrumb","itemListElement":[{"@type":"ListItem","position":1,"name":"Hem","item":"https:\/\/lightweb.dev\/l\/svm-temp\/"},{"@type":"ListItem","position":2,"name":"Ryanair investerar 5 miljarder euro i Spanien"}]},{"@type":"WebSite","@id":"https:\/\/lightweb.dev\/l\/svm-temp\/#website","url":"https:\/\/lightweb.dev\/l\/svm-temp\/","name":"Svenska Magasinet","description":"Dina Spanska nyheter p&aring; Svenska","publisher":{"@id":"https:\/\/lightweb.dev\/l\/svm-temp\/#organization"},"potentialAction":[{"@type":"SearchAction","target":{"@type":"EntryPoint","urlTemplate":"https:\/\/lightweb.dev\/l\/svm-temp\/?s={search_term_string}"},"query-input":{"@type":"PropertyValueSpecification","valueRequired":true,"valueName":"search_term_string"}}],"inLanguage":"sv-SE"},{"@type":"Organization","@id":"https:\/\/lightweb.dev\/l\/svm-temp\/#organization","name":"Melkerson y Nott SL","alternateName":"Svenska Magasinet","url":"https:\/\/lightweb.dev\/l\/svm-temp\/","logo":{"@type":"ImageObject","inLanguage":"sv-SE","@id":"https:\/\/lightweb.dev\/l\/svm-temp\/#\/schema\/logo\/image\/","url":"https:\/\/lightweb.dev\/l\/svm-temp\/wp-content\/uploads\/2025\/02\/SvM-logo-Xtra-Centrerad-SVART.png","contentUrl":"https:\/\/lightweb.dev\/l\/svm-temp\/wp-content\/uploads\/2025\/02\/SvM-logo-Xtra-Centrerad-SVART.png","width":300,"height":99,"caption":"Melkerson y Nott SL"},"image":{"@id":"https:\/\/lightweb.dev\/l\/svm-temp\/#\/schema\/logo\/image\/"},"sameAs":["https:\/\/www.facebook.com\/svenskamagasinet","https:\/\/x.com\/SvenskaMagasine"]},{"@type":"Person","@id":"https:\/\/lightweb.dev\/l\/svm-temp\/#\/schema\/person\/caffe038990d25722f5a04a03c906a2b","name":"Robbie Eriksson","sameAs":["https:\/\/lightweb.dev\/l\/svm-temp"],"url":"https:\/\/lightweb.dev\/l\/svm-temp\/reporter\/robbie-eriksson\/"}]}},"_links":{"self":[{"href":"https:\/\/lightweb.dev\/l\/svm-temp\/wp-json\/wp\/v2\/posts\/69026","targetHints":{"allow":["GET"]}}],"collection":[{"href":"https:\/\/lightweb.dev\/l\/svm-temp\/wp-json\/wp\/v2\/posts"}],"about":[{"href":"https:\/\/lightweb.dev\/l\/svm-temp\/wp-json\/wp\/v2\/types\/post"}],"author":[{"embeddable":true,"href":"https:\/\/lightweb.dev\/l\/svm-temp\/wp-json\/wp\/v2\/users\/14"}],"replies":[{"embeddable":true,"href":"https:\/\/lightweb.dev\/l\/svm-temp\/wp-json\/wp\/v2\/comments?post=69026"}],"version-history":[{"count":0,"href":"https:\/\/lightweb.dev\/l\/svm-temp\/wp-json\/wp\/v2\/posts\/69026\/revisions"}],"wp:featuredmedia":[{"embeddable":true,"href":"https:\/\/lightweb.dev\/l\/svm-temp\/wp-json\/wp\/v2\/media\/55954"}],"wp:attachment":[{"href":"https:\/\/lightweb.dev\/l\/svm-temp\/wp-json\/wp\/v2\/media?parent=69026"}],"wp:term":[{"taxonomy":"category","embeddable":true,"href":"https:\/\/lightweb.dev\/l\/svm-temp\/wp-json\/wp\/v2\/categories?post=69026"},{"taxonomy":"post_tag","embeddable":true,"href":"https:\/\/lightweb.dev\/l\/svm-temp\/wp-json\/wp\/v2\/tags?post=69026"}],"curies":[{"name":"wp","href":"https:\/\/api.w.org\/{rel}","templated":true}]}}