{"id":69038,"date":"2024-01-17T10:50:00","date_gmt":"2024-01-17T09:50:00","guid":{"rendered":"https:\/\/lightweb.dev\/l\/svm-temp\/?p=69038"},"modified":"2024-01-17T10:50:00","modified_gmt":"2024-01-17T09:50:00","slug":"marbella-tar-nya-steg-mot-rattssaker-stadsplanering","status":"publish","type":"post","link":"https:\/\/lightweb.dev\/l\/svm-temp\/nyheter\/marbella-tar-nya-steg-mot-rattssaker-stadsplanering\/","title":{"rendered":"Marbella tar nya steg mot r\u00e4ttss\u00e4ker stadsplanering"},"content":{"rendered":"<p><strong>En socialt h\u00e5llbar, flexibel och r\u00e4ttss\u00e4ker stadsplanering. De nya normerna inom stadsplanering tr\u00e4der i kraft i Marbella kommun i februari.<\/strong><\/p>\n<p><strong>De nya best\u00e4mmelserna ska g\u00f6ra det m\u00f6jligt att ta nya steg i planeringen av staden.<\/strong><\/p>\n<div id=\"attachment_68113\" style=\"width: 250px\" class=\"wp-caption alignright\"><img loading=\"lazy\" decoding=\"async\" aria-describedby=\"caption-attachment-68113\" class=\"size-medium wp-image-68113\" src=\"https:\/\/lightweb.dev\/l\/svm-temp\/wp-content\/uploads\/2023\/12\/F-en2htW4AA5Omu-stor-240x300.jpeg\" alt=\"\" width=\"240\" height=\"300\" srcset=\"https:\/\/lightweb.dev\/l\/svm-temp\/wp-content\/uploads\/2023\/12\/F-en2htW4AA5Omu-stor-240x300.jpeg 240w, https:\/\/lightweb.dev\/l\/svm-temp\/wp-content\/uploads\/2023\/12\/F-en2htW4AA5Omu-stor-720x900.jpeg 720w, https:\/\/lightweb.dev\/l\/svm-temp\/wp-content\/uploads\/2023\/12\/F-en2htW4AA5Omu-stor-768x960.jpeg 768w, https:\/\/lightweb.dev\/l\/svm-temp\/wp-content\/uploads\/2023\/12\/F-en2htW4AA5Omu-stor-610x763.jpeg 610w, https:\/\/lightweb.dev\/l\/svm-temp\/wp-content\/uploads\/2023\/12\/F-en2htW4AA5Omu-stor-600x750.jpeg 600w, https:\/\/lightweb.dev\/l\/svm-temp\/wp-content\/uploads\/2023\/12\/F-en2htW4AA5Omu-stor.jpeg 1024w\" sizes=\"(max-width: 240px) 100vw, 240px\" \/><p id=\"caption-attachment-68113\" class=\"wp-caption-text\">(Foto: Marbella Turismo)<\/p><\/div>\n<p>Det sa kommunens talesperson F\u00e9lix Romero och kommunalr\u00e5det f\u00f6r stadsplanering, Jos\u00e9 Eduardo D\u00edaz, i samband med en presstr\u00e4ff. De p\u00e5minde att stadsplanen PGOU (Plan General de Ordenaci\u00f3n Urbana) som g\u00e4ller i Marbella \u00e4r fr\u00e5n 1986.<\/p>\n<p>&#8211; Det \u00e4r en stadsplan som inte l\u00e4ngre svarar mot verkligheten och den utveckling vi ser i kommunen. Med nya normer hoppas vi kunna ta nya steg mot en r\u00e4ttss\u00e4ker stadsplanering.<\/p>\n<p>St\u00f6rre flexibilitet g\u00f6r exempelvis att det blir l\u00e4ttare att bevilja tillst\u00e5nd n\u00e4r specifika behov uppst\u00e5r. Det kan g\u00e4lla kompletterande syssels\u00e4ttningar inom fritid, restaurang och sport som har kopplingar till hotellverksamhet.<\/p>\n<p>De nya normerna medger \u00e4ven en flexibilitet inom sjukhusomr\u00e5den, serveringsst\u00e4llen och inom bes\u00f6ksn\u00e4ringen samt vid campingplatser.<\/p>\n<p>Det ska ocks\u00e5 bli b\u00e4ttre flexibilitet och enklare att f\u00e5 tillst\u00e5nd i samband med f\u00f6rb\u00e4ttringar och renoveringar.<\/p>\n<p>Marbellas kommunfullm\u00e4ktige betonar att utvecklingen av stadsplaneringen baseras p\u00e5 den nya lagen f\u00f6r att fr\u00e4mja h\u00e5llbarhet i Andalusien (LISTA).<\/p>\n<blockquote class=\"twitter-tweet\" data-media-max-width=\"560\">\n<p dir=\"ltr\" lang=\"es\">\ud83d\udd0aLas normas urban\u00edsticas de <a href=\"https:\/\/twitter.com\/hashtag\/Marbella?src=hash&amp;ref_src=twsrc%5Etfw\">#Marbella<\/a>, que permiten adaptar los usos del suelo a la realidad actual del municipio, entrar\u00e1n en vigor el pr\u00f3ximo mes de febrero\ud83d\udc49<a href=\"https:\/\/t.co\/UfIKuiOKBl\">https:\/\/t.co\/UfIKuiOKBl<\/a> <a href=\"https:\/\/t.co\/JWsdRUiZJA\">pic.twitter.com\/JWsdRUiZJA<\/a><\/p>\n<p>\u2014 Ayto. Marbella (@Ayto_Marbella) <a href=\"https:\/\/twitter.com\/Ayto_Marbella\/status\/1747257103495143556?ref_src=twsrc%5Etfw\">January 16, 2024<\/a><\/p><\/blockquote>\n<p><script async src=\"https:\/\/platform.twitter.com\/widgets.js\" charset=\"utf-8\"><\/script><\/p>\n","protected":false},"excerpt":{"rendered":"<p>En socialt h\u00e5llbar, flexibel och r\u00e4ttss\u00e4ker stadsplanering. De nya normerna inom stadsplanering tr\u00e4der i kraft i Marbella kommun i februari. De nya best\u00e4mmelserna ska g\u00f6ra det m\u00f6jligt att&#8230;<\/p>\n","protected":false},"author":7,"featured_media":69039,"comment_status":"closed","ping_status":"closed","sticky":false,"template":"","format":"standard","meta":{"_et_pb_use_builder":"","_et_pb_old_content":"","_et_gb_content_width":"","footnotes":""},"categories":[395,3],"tags":[],"class_list":["post-69038","post","type-post","status-publish","format-standard","has-post-thumbnail","hentry","category-arkiv-nyheter","category-nyheter"],"yoast_head":"<!-- This site is optimized with the Yoast SEO Premium plugin v26.2 (Yoast SEO v27.4) - https:\/\/yoast.com\/product\/yoast-seo-premium-wordpress\/ -->\n<title>Marbella tar nya steg mot r\u00e4ttss\u00e4ker stadsplanering - Svenska Magasinet<\/title>\n<meta name=\"description\" content=\"En socialt h\u00e5llbar, flexibel och r\u00e4ttss\u00e4ker stadsplanering. De nya normerna inom stadsplanering tr\u00e4der i kraft i Marbella kommun i februari. De nya best\u00e4mmelserna ska g\u00f6ra det m\u00f6jligt att ta nya steg i planeringen av staden.\" \/>\n<meta name=\"robots\" content=\"noindex, follow, max-snippet:-1, max-image-preview:large, max-video-preview:-1\" \/>\n<meta property=\"og:locale\" content=\"sv_SE\" \/>\n<meta property=\"og:type\" content=\"article\" \/>\n<meta property=\"og:title\" content=\"Marbella tar nya steg mot r\u00e4ttss\u00e4ker stadsplanering\" \/>\n<meta property=\"og:description\" content=\"En socialt h\u00e5llbar, flexibel och r\u00e4ttss\u00e4ker stadsplanering. De nya normerna inom stadsplanering tr\u00e4der i kraft i Marbella kommun i februari. De nya best\u00e4mmelserna ska g\u00f6ra det m\u00f6jligt att ta nya steg i planeringen av staden.\" \/>\n<meta property=\"og:url\" content=\"https:\/\/lightweb.dev\/l\/svm-temp\/nyheter\/marbella-tar-nya-steg-mot-rattssaker-stadsplanering\/\" \/>\n<meta property=\"og:site_name\" content=\"Svenska Magasinet\" \/>\n<meta property=\"article:publisher\" content=\"https:\/\/www.facebook.com\/svenskamagasinet\" \/>\n<meta property=\"article:published_time\" content=\"2024-01-17T09:50:00+00:00\" \/>\n<meta property=\"og:image\" content=\"https:\/\/lightweb.dev\/l\/svm-temp\/wp-content\/uploads\/2024\/01\/GD-BCaUbYAAcIaB-stor.jpeg\" \/>\n\t<meta property=\"og:image:width\" content=\"1280\" \/>\n\t<meta property=\"og:image:height\" content=\"853\" \/>\n\t<meta property=\"og:image:type\" content=\"image\/jpeg\" \/>\n<meta name=\"author\" content=\"Ola Josefsson\" \/>\n<meta name=\"twitter:card\" content=\"summary_large_image\" \/>\n<meta name=\"twitter:creator\" content=\"@SvenskaMagasine\" \/>\n<meta name=\"twitter:site\" content=\"@SvenskaMagasine\" \/>\n<script type=\"application\/ld+json\" class=\"yoast-schema-graph\">{\"@context\":\"https:\\\/\\\/schema.org\",\"@graph\":[{\"@type\":\"Article\",\"@id\":\"https:\\\/\\\/lightweb.dev\\\/l\\\/svm-temp\\\/nyheter\\\/marbella-tar-nya-steg-mot-rattssaker-stadsplanering\\\/#article\",\"isPartOf\":{\"@id\":\"https:\\\/\\\/lightweb.dev\\\/l\\\/svm-temp\\\/nyheter\\\/marbella-tar-nya-steg-mot-rattssaker-stadsplanering\\\/\"},\"author\":{\"name\":\"Ola Josefsson\",\"@id\":\"https:\\\/\\\/lightweb.dev\\\/l\\\/svm-temp\\\/#\\\/schema\\\/person\\\/7a82b8a73d171d32360a564b6d03508e\"},\"headline\":\"Marbella tar nya steg mot r\u00e4ttss\u00e4ker stadsplanering\",\"datePublished\":\"2024-01-17T09:50:00+00:00\",\"mainEntityOfPage\":{\"@id\":\"https:\\\/\\\/lightweb.dev\\\/l\\\/svm-temp\\\/nyheter\\\/marbella-tar-nya-steg-mot-rattssaker-stadsplanering\\\/\"},\"wordCount\":282,\"publisher\":{\"@id\":\"https:\\\/\\\/lightweb.dev\\\/l\\\/svm-temp\\\/#organization\"},\"image\":{\"@id\":\"https:\\\/\\\/lightweb.dev\\\/l\\\/svm-temp\\\/nyheter\\\/marbella-tar-nya-steg-mot-rattssaker-stadsplanering\\\/#primaryimage\"},\"thumbnailUrl\":\"https:\\\/\\\/lightweb.dev\\\/l\\\/svm-temp\\\/wp-content\\\/uploads\\\/2024\\\/01\\\/GD-BCaUbYAAcIaB-stor.jpeg\",\"articleSection\":[\"Arkiv\",\"Nyheter\"],\"inLanguage\":\"sv-SE\"},{\"@type\":\"WebPage\",\"@id\":\"https:\\\/\\\/lightweb.dev\\\/l\\\/svm-temp\\\/nyheter\\\/marbella-tar-nya-steg-mot-rattssaker-stadsplanering\\\/\",\"url\":\"https:\\\/\\\/lightweb.dev\\\/l\\\/svm-temp\\\/nyheter\\\/marbella-tar-nya-steg-mot-rattssaker-stadsplanering\\\/\",\"name\":\"Marbella tar nya steg mot r\u00e4ttss\u00e4ker stadsplanering - Svenska Magasinet\",\"isPartOf\":{\"@id\":\"https:\\\/\\\/lightweb.dev\\\/l\\\/svm-temp\\\/#website\"},\"primaryImageOfPage\":{\"@id\":\"https:\\\/\\\/lightweb.dev\\\/l\\\/svm-temp\\\/nyheter\\\/marbella-tar-nya-steg-mot-rattssaker-stadsplanering\\\/#primaryimage\"},\"image\":{\"@id\":\"https:\\\/\\\/lightweb.dev\\\/l\\\/svm-temp\\\/nyheter\\\/marbella-tar-nya-steg-mot-rattssaker-stadsplanering\\\/#primaryimage\"},\"thumbnailUrl\":\"https:\\\/\\\/lightweb.dev\\\/l\\\/svm-temp\\\/wp-content\\\/uploads\\\/2024\\\/01\\\/GD-BCaUbYAAcIaB-stor.jpeg\",\"datePublished\":\"2024-01-17T09:50:00+00:00\",\"description\":\"En socialt h\u00e5llbar, flexibel och r\u00e4ttss\u00e4ker stadsplanering. De nya normerna inom stadsplanering tr\u00e4der i kraft i Marbella kommun i februari. De nya best\u00e4mmelserna ska g\u00f6ra det m\u00f6jligt att ta nya steg i planeringen av staden.\",\"breadcrumb\":{\"@id\":\"https:\\\/\\\/lightweb.dev\\\/l\\\/svm-temp\\\/nyheter\\\/marbella-tar-nya-steg-mot-rattssaker-stadsplanering\\\/#breadcrumb\"},\"inLanguage\":\"sv-SE\",\"potentialAction\":[{\"@type\":\"ReadAction\",\"target\":[\"https:\\\/\\\/lightweb.dev\\\/l\\\/svm-temp\\\/nyheter\\\/marbella-tar-nya-steg-mot-rattssaker-stadsplanering\\\/\"]}]},{\"@type\":\"ImageObject\",\"inLanguage\":\"sv-SE\",\"@id\":\"https:\\\/\\\/lightweb.dev\\\/l\\\/svm-temp\\\/nyheter\\\/marbella-tar-nya-steg-mot-rattssaker-stadsplanering\\\/#primaryimage\",\"url\":\"https:\\\/\\\/lightweb.dev\\\/l\\\/svm-temp\\\/wp-content\\\/uploads\\\/2024\\\/01\\\/GD-BCaUbYAAcIaB-stor.jpeg\",\"contentUrl\":\"https:\\\/\\\/lightweb.dev\\\/l\\\/svm-temp\\\/wp-content\\\/uploads\\\/2024\\\/01\\\/GD-BCaUbYAAcIaB-stor.jpeg\",\"width\":1280,\"height\":853,\"caption\":\"F\u00e9lix Romero och kommunalr\u00e5det f\u00f6r stadsplanering, Jos\u00e9 Eduardo D\u00edaz vid g\u00e5rdagens presstr\u00e4ff.\"},{\"@type\":\"BreadcrumbList\",\"@id\":\"https:\\\/\\\/lightweb.dev\\\/l\\\/svm-temp\\\/nyheter\\\/marbella-tar-nya-steg-mot-rattssaker-stadsplanering\\\/#breadcrumb\",\"itemListElement\":[{\"@type\":\"ListItem\",\"position\":1,\"name\":\"Hem\",\"item\":\"https:\\\/\\\/lightweb.dev\\\/l\\\/svm-temp\\\/\"},{\"@type\":\"ListItem\",\"position\":2,\"name\":\"Marbella tar nya steg mot r\u00e4ttss\u00e4ker stadsplanering\"}]},{\"@type\":\"WebSite\",\"@id\":\"https:\\\/\\\/lightweb.dev\\\/l\\\/svm-temp\\\/#website\",\"url\":\"https:\\\/\\\/lightweb.dev\\\/l\\\/svm-temp\\\/\",\"name\":\"Svenska Magasinet\",\"description\":\"Dina Spanska nyheter p&aring; Svenska\",\"publisher\":{\"@id\":\"https:\\\/\\\/lightweb.dev\\\/l\\\/svm-temp\\\/#organization\"},\"potentialAction\":[{\"@type\":\"SearchAction\",\"target\":{\"@type\":\"EntryPoint\",\"urlTemplate\":\"https:\\\/\\\/lightweb.dev\\\/l\\\/svm-temp\\\/?s={search_term_string}\"},\"query-input\":{\"@type\":\"PropertyValueSpecification\",\"valueRequired\":true,\"valueName\":\"search_term_string\"}}],\"inLanguage\":\"sv-SE\"},{\"@type\":\"Organization\",\"@id\":\"https:\\\/\\\/lightweb.dev\\\/l\\\/svm-temp\\\/#organization\",\"name\":\"Melkerson y Nott SL\",\"alternateName\":\"Svenska Magasinet\",\"url\":\"https:\\\/\\\/lightweb.dev\\\/l\\\/svm-temp\\\/\",\"logo\":{\"@type\":\"ImageObject\",\"inLanguage\":\"sv-SE\",\"@id\":\"https:\\\/\\\/lightweb.dev\\\/l\\\/svm-temp\\\/#\\\/schema\\\/logo\\\/image\\\/\",\"url\":\"https:\\\/\\\/lightweb.dev\\\/l\\\/svm-temp\\\/wp-content\\\/uploads\\\/2025\\\/02\\\/SvM-logo-Xtra-Centrerad-SVART.png\",\"contentUrl\":\"https:\\\/\\\/lightweb.dev\\\/l\\\/svm-temp\\\/wp-content\\\/uploads\\\/2025\\\/02\\\/SvM-logo-Xtra-Centrerad-SVART.png\",\"width\":300,\"height\":99,\"caption\":\"Melkerson y Nott SL\"},\"image\":{\"@id\":\"https:\\\/\\\/lightweb.dev\\\/l\\\/svm-temp\\\/#\\\/schema\\\/logo\\\/image\\\/\"},\"sameAs\":[\"https:\\\/\\\/www.facebook.com\\\/svenskamagasinet\",\"https:\\\/\\\/x.com\\\/SvenskaMagasine\"]},{\"@type\":\"Person\",\"@id\":\"https:\\\/\\\/lightweb.dev\\\/l\\\/svm-temp\\\/#\\\/schema\\\/person\\\/7a82b8a73d171d32360a564b6d03508e\",\"name\":\"Ola Josefsson\",\"description\":\"Bevakar Solkusten och Spanien sedan 1994.\",\"sameAs\":[\"https:\\\/\\\/lightweb.dev\\\/l\\\/svm-temp\"],\"url\":\"https:\\\/\\\/lightweb.dev\\\/l\\\/svm-temp\\\/reporter\\\/ola-josefsson\\\/\"}]}<\/script>\n<!-- \/ Yoast SEO Premium plugin. -->","yoast_head_json":{"title":"Marbella tar nya steg mot r\u00e4ttss\u00e4ker stadsplanering - Svenska Magasinet","description":"En socialt h\u00e5llbar, flexibel och r\u00e4ttss\u00e4ker stadsplanering. De nya normerna inom stadsplanering tr\u00e4der i kraft i Marbella kommun i februari. De nya best\u00e4mmelserna ska g\u00f6ra det m\u00f6jligt att ta nya steg i planeringen av staden.","robots":{"index":"noindex","follow":"follow","max-snippet":"max-snippet:-1","max-image-preview":"max-image-preview:large","max-video-preview":"max-video-preview:-1"},"og_locale":"sv_SE","og_type":"article","og_title":"Marbella tar nya steg mot r\u00e4ttss\u00e4ker stadsplanering","og_description":"En socialt h\u00e5llbar, flexibel och r\u00e4ttss\u00e4ker stadsplanering. De nya normerna inom stadsplanering tr\u00e4der i kraft i Marbella kommun i februari. De nya best\u00e4mmelserna ska g\u00f6ra det m\u00f6jligt att ta nya steg i planeringen av staden.","og_url":"https:\/\/lightweb.dev\/l\/svm-temp\/nyheter\/marbella-tar-nya-steg-mot-rattssaker-stadsplanering\/","og_site_name":"Svenska Magasinet","article_publisher":"https:\/\/www.facebook.com\/svenskamagasinet","article_published_time":"2024-01-17T09:50:00+00:00","og_image":[{"width":1280,"height":853,"url":"https:\/\/lightweb.dev\/l\/svm-temp\/wp-content\/uploads\/2024\/01\/GD-BCaUbYAAcIaB-stor.jpeg","type":"image\/jpeg"}],"author":"Ola Josefsson","twitter_card":"summary_large_image","twitter_creator":"@SvenskaMagasine","twitter_site":"@SvenskaMagasine","schema":{"@context":"https:\/\/schema.org","@graph":[{"@type":"Article","@id":"https:\/\/lightweb.dev\/l\/svm-temp\/nyheter\/marbella-tar-nya-steg-mot-rattssaker-stadsplanering\/#article","isPartOf":{"@id":"https:\/\/lightweb.dev\/l\/svm-temp\/nyheter\/marbella-tar-nya-steg-mot-rattssaker-stadsplanering\/"},"author":{"name":"Ola Josefsson","@id":"https:\/\/lightweb.dev\/l\/svm-temp\/#\/schema\/person\/7a82b8a73d171d32360a564b6d03508e"},"headline":"Marbella tar nya steg mot r\u00e4ttss\u00e4ker stadsplanering","datePublished":"2024-01-17T09:50:00+00:00","mainEntityOfPage":{"@id":"https:\/\/lightweb.dev\/l\/svm-temp\/nyheter\/marbella-tar-nya-steg-mot-rattssaker-stadsplanering\/"},"wordCount":282,"publisher":{"@id":"https:\/\/lightweb.dev\/l\/svm-temp\/#organization"},"image":{"@id":"https:\/\/lightweb.dev\/l\/svm-temp\/nyheter\/marbella-tar-nya-steg-mot-rattssaker-stadsplanering\/#primaryimage"},"thumbnailUrl":"https:\/\/lightweb.dev\/l\/svm-temp\/wp-content\/uploads\/2024\/01\/GD-BCaUbYAAcIaB-stor.jpeg","articleSection":["Arkiv","Nyheter"],"inLanguage":"sv-SE"},{"@type":"WebPage","@id":"https:\/\/lightweb.dev\/l\/svm-temp\/nyheter\/marbella-tar-nya-steg-mot-rattssaker-stadsplanering\/","url":"https:\/\/lightweb.dev\/l\/svm-temp\/nyheter\/marbella-tar-nya-steg-mot-rattssaker-stadsplanering\/","name":"Marbella tar nya steg mot r\u00e4ttss\u00e4ker stadsplanering - Svenska Magasinet","isPartOf":{"@id":"https:\/\/lightweb.dev\/l\/svm-temp\/#website"},"primaryImageOfPage":{"@id":"https:\/\/lightweb.dev\/l\/svm-temp\/nyheter\/marbella-tar-nya-steg-mot-rattssaker-stadsplanering\/#primaryimage"},"image":{"@id":"https:\/\/lightweb.dev\/l\/svm-temp\/nyheter\/marbella-tar-nya-steg-mot-rattssaker-stadsplanering\/#primaryimage"},"thumbnailUrl":"https:\/\/lightweb.dev\/l\/svm-temp\/wp-content\/uploads\/2024\/01\/GD-BCaUbYAAcIaB-stor.jpeg","datePublished":"2024-01-17T09:50:00+00:00","description":"En socialt h\u00e5llbar, flexibel och r\u00e4ttss\u00e4ker stadsplanering. De nya normerna inom stadsplanering tr\u00e4der i kraft i Marbella kommun i februari. De nya best\u00e4mmelserna ska g\u00f6ra det m\u00f6jligt att ta nya steg i planeringen av staden.","breadcrumb":{"@id":"https:\/\/lightweb.dev\/l\/svm-temp\/nyheter\/marbella-tar-nya-steg-mot-rattssaker-stadsplanering\/#breadcrumb"},"inLanguage":"sv-SE","potentialAction":[{"@type":"ReadAction","target":["https:\/\/lightweb.dev\/l\/svm-temp\/nyheter\/marbella-tar-nya-steg-mot-rattssaker-stadsplanering\/"]}]},{"@type":"ImageObject","inLanguage":"sv-SE","@id":"https:\/\/lightweb.dev\/l\/svm-temp\/nyheter\/marbella-tar-nya-steg-mot-rattssaker-stadsplanering\/#primaryimage","url":"https:\/\/lightweb.dev\/l\/svm-temp\/wp-content\/uploads\/2024\/01\/GD-BCaUbYAAcIaB-stor.jpeg","contentUrl":"https:\/\/lightweb.dev\/l\/svm-temp\/wp-content\/uploads\/2024\/01\/GD-BCaUbYAAcIaB-stor.jpeg","width":1280,"height":853,"caption":"F\u00e9lix Romero och kommunalr\u00e5det f\u00f6r stadsplanering, Jos\u00e9 Eduardo D\u00edaz vid g\u00e5rdagens presstr\u00e4ff."},{"@type":"BreadcrumbList","@id":"https:\/\/lightweb.dev\/l\/svm-temp\/nyheter\/marbella-tar-nya-steg-mot-rattssaker-stadsplanering\/#breadcrumb","itemListElement":[{"@type":"ListItem","position":1,"name":"Hem","item":"https:\/\/lightweb.dev\/l\/svm-temp\/"},{"@type":"ListItem","position":2,"name":"Marbella tar nya steg mot r\u00e4ttss\u00e4ker stadsplanering"}]},{"@type":"WebSite","@id":"https:\/\/lightweb.dev\/l\/svm-temp\/#website","url":"https:\/\/lightweb.dev\/l\/svm-temp\/","name":"Svenska Magasinet","description":"Dina Spanska nyheter p&aring; Svenska","publisher":{"@id":"https:\/\/lightweb.dev\/l\/svm-temp\/#organization"},"potentialAction":[{"@type":"SearchAction","target":{"@type":"EntryPoint","urlTemplate":"https:\/\/lightweb.dev\/l\/svm-temp\/?s={search_term_string}"},"query-input":{"@type":"PropertyValueSpecification","valueRequired":true,"valueName":"search_term_string"}}],"inLanguage":"sv-SE"},{"@type":"Organization","@id":"https:\/\/lightweb.dev\/l\/svm-temp\/#organization","name":"Melkerson y Nott SL","alternateName":"Svenska Magasinet","url":"https:\/\/lightweb.dev\/l\/svm-temp\/","logo":{"@type":"ImageObject","inLanguage":"sv-SE","@id":"https:\/\/lightweb.dev\/l\/svm-temp\/#\/schema\/logo\/image\/","url":"https:\/\/lightweb.dev\/l\/svm-temp\/wp-content\/uploads\/2025\/02\/SvM-logo-Xtra-Centrerad-SVART.png","contentUrl":"https:\/\/lightweb.dev\/l\/svm-temp\/wp-content\/uploads\/2025\/02\/SvM-logo-Xtra-Centrerad-SVART.png","width":300,"height":99,"caption":"Melkerson y Nott SL"},"image":{"@id":"https:\/\/lightweb.dev\/l\/svm-temp\/#\/schema\/logo\/image\/"},"sameAs":["https:\/\/www.facebook.com\/svenskamagasinet","https:\/\/x.com\/SvenskaMagasine"]},{"@type":"Person","@id":"https:\/\/lightweb.dev\/l\/svm-temp\/#\/schema\/person\/7a82b8a73d171d32360a564b6d03508e","name":"Ola Josefsson","description":"Bevakar Solkusten och Spanien sedan 1994.","sameAs":["https:\/\/lightweb.dev\/l\/svm-temp"],"url":"https:\/\/lightweb.dev\/l\/svm-temp\/reporter\/ola-josefsson\/"}]}},"_links":{"self":[{"href":"https:\/\/lightweb.dev\/l\/svm-temp\/wp-json\/wp\/v2\/posts\/69038","targetHints":{"allow":["GET"]}}],"collection":[{"href":"https:\/\/lightweb.dev\/l\/svm-temp\/wp-json\/wp\/v2\/posts"}],"about":[{"href":"https:\/\/lightweb.dev\/l\/svm-temp\/wp-json\/wp\/v2\/types\/post"}],"author":[{"embeddable":true,"href":"https:\/\/lightweb.dev\/l\/svm-temp\/wp-json\/wp\/v2\/users\/7"}],"replies":[{"embeddable":true,"href":"https:\/\/lightweb.dev\/l\/svm-temp\/wp-json\/wp\/v2\/comments?post=69038"}],"version-history":[{"count":0,"href":"https:\/\/lightweb.dev\/l\/svm-temp\/wp-json\/wp\/v2\/posts\/69038\/revisions"}],"wp:featuredmedia":[{"embeddable":true,"href":"https:\/\/lightweb.dev\/l\/svm-temp\/wp-json\/wp\/v2\/media\/69039"}],"wp:attachment":[{"href":"https:\/\/lightweb.dev\/l\/svm-temp\/wp-json\/wp\/v2\/media?parent=69038"}],"wp:term":[{"taxonomy":"category","embeddable":true,"href":"https:\/\/lightweb.dev\/l\/svm-temp\/wp-json\/wp\/v2\/categories?post=69038"},{"taxonomy":"post_tag","embeddable":true,"href":"https:\/\/lightweb.dev\/l\/svm-temp\/wp-json\/wp\/v2\/tags?post=69038"}],"curies":[{"name":"wp","href":"https:\/\/api.w.org\/{rel}","templated":true}]}}