{"id":69046,"date":"2024-01-17T15:23:20","date_gmt":"2024-01-17T14:23:20","guid":{"rendered":"https:\/\/lightweb.dev\/l\/svm-temp\/?p=69046"},"modified":"2024-01-17T16:53:49","modified_gmt":"2024-01-17T15:53:49","slug":"ny-lag-ska-skydda-minderariga-fran-pornografi","status":"publish","type":"post","link":"https:\/\/lightweb.dev\/l\/svm-temp\/nyheter\/ny-lag-ska-skydda-minderariga-fran-pornografi\/","title":{"rendered":"Ny lag ska skydda minder\u00e5riga fr\u00e5n pornografi"},"content":{"rendered":"<p><strong>Spanien planerar en ny lag f\u00f6r att hindra minder\u00e5riga fr\u00e5n att komma \u00e5t pornografi p\u00e5 internet, enligt premi\u00e4rminster Pedro S\u00e1nchez.\u00a0<\/strong><\/p>\n<p><span style=\"font-weight: 400;\">Premi\u00e4rministern ber\u00e4ttade om planerna i en intervju med tidningen El Pais. Han kunde dock inte f\u00f6rklara exakt vad lagen inneb\u00e4r, f\u00f6rutom att den kommer att g\u00e4lla f\u00f6r hela landet.\u00a0<\/span><\/p>\n<p><span style=\"font-weight: 400;\">En \u00e5tg\u00e4rd som kan falla p\u00e5 plats \u00e4r \u201cutvecklandet av deviser som skulle hindra minder\u00e5riga fr\u00e5n att komma \u00e5t pornografiskt material\u201d, f\u00f6rklarade han.\u00a0<\/span><\/p>\n<p><span style=\"font-weight: 400;\">Just nu diskuteras dessa m\u00f6jligheter mellan den spanska byr\u00e5n f\u00f6r datas\u00e4kerhet och myndigheten som utf\u00e4rdar digitala ID-handlingar.\u00a0<\/span><\/p>\n<p><span style=\"font-weight: 400;\">Mer detaljer v\u00e4ntas komma i sommar och skulle i s\u00e5 fall f\u00f6lja Europeiska Kommissionens linje som inneb\u00e4r striktare \u00e5ldersverifikation hos de mest popul\u00e4ra pornografiska hemsidorna.\u00a0<\/span><\/p>\n<p><span style=\"font-weight: 400;\">Den Europeiska regeln tr\u00e4der i kraft i februari men kommer endast att p\u00e5verka de tre st\u00f6rsta pornografiska sidorna p\u00e5 global niv\u00e5 &#8211; Pornhub, Stripchat och Xvideos. Dessa tre plattformar har fler \u00e4n 45 miljoner m\u00e5natliga anv\u00e4ndare i EU.\u00a0<\/span><\/p>\n<p><span style=\"font-weight: 400;\">En tredje \u00e5tg\u00e4rd som\u00a0S\u00e1nchez pratade om f\u00f6r att minska det han kallar en &#8221;epidemi&#8221; av porrsurfande bland minder\u00e5riga \u00e4r tr\u00e4ning och utbildning. Premi\u00e4rministern vill se en \u201c tv\u00e4rvetenskaplig strategi inom utbildning, digitala kunskaper och j\u00e4mst\u00e4lldhet&#8221;, enligt intervjun med El Pais.\u00a0<\/span><\/p>\n","protected":false},"excerpt":{"rendered":"<p>Spanien planerar en ny lag f\u00f6r att hindra minder\u00e5riga fr\u00e5n att komma \u00e5t pornografi p\u00e5 internet, enligt premi\u00e4rminster Pedro Sanchez&#8230;<\/p>\n","protected":false},"author":14,"featured_media":58394,"comment_status":"closed","ping_status":"closed","sticky":false,"template":"","format":"standard","meta":{"_et_pb_use_builder":"","_et_pb_old_content":"","_et_gb_content_width":"","footnotes":""},"categories":[395,3],"tags":[],"class_list":["post-69046","post","type-post","status-publish","format-standard","has-post-thumbnail","hentry","category-arkiv-nyheter","category-nyheter"],"yoast_head":"<!-- This site is optimized with the Yoast SEO Premium plugin v26.2 (Yoast SEO v27.4) - https:\/\/yoast.com\/product\/yoast-seo-premium-wordpress\/ -->\n<title>Ny lag ska skydda minder\u00e5riga fr\u00e5n pornografi - Svenska Magasinet<\/title>\n<meta name=\"description\" content=\"Spanien planerar en ny lag f\u00f6r att hindra minder\u00e5riga fr\u00e5n att komma \u00e5t pornografi p\u00e5 internet, enligt premi\u00e4rminster Pedro Sanchez.\u00a0\" \/>\n<meta name=\"robots\" content=\"noindex, follow, max-snippet:-1, max-image-preview:large, max-video-preview:-1\" \/>\n<meta property=\"og:locale\" content=\"sv_SE\" \/>\n<meta property=\"og:type\" content=\"article\" \/>\n<meta property=\"og:title\" content=\"Ny lag ska skydda minder\u00e5riga fr\u00e5n pornografi\" \/>\n<meta property=\"og:description\" content=\"Spanien planerar en ny lag f\u00f6r att hindra minder\u00e5riga fr\u00e5n att komma \u00e5t pornografi p\u00e5 internet, enligt premi\u00e4rminster Pedro Sanchez.\u00a0\" \/>\n<meta property=\"og:url\" content=\"https:\/\/lightweb.dev\/l\/svm-temp\/nyheter\/ny-lag-ska-skydda-minderariga-fran-pornografi\/\" \/>\n<meta property=\"og:site_name\" content=\"Svenska Magasinet\" \/>\n<meta property=\"article:publisher\" content=\"https:\/\/www.facebook.com\/svenskamagasinet\" \/>\n<meta property=\"article:published_time\" content=\"2024-01-17T14:23:20+00:00\" \/>\n<meta property=\"article:modified_time\" content=\"2024-01-17T15:53:49+00:00\" \/>\n<meta property=\"og:image\" content=\"https:\/\/lightweb.dev\/l\/svm-temp\/wp-content\/uploads\/2022\/10\/woman-hands-holding-credit-card-using-computer-laptop-Stor.jpeg\" \/>\n\t<meta property=\"og:image:width\" content=\"1280\" \/>\n\t<meta property=\"og:image:height\" content=\"854\" \/>\n\t<meta property=\"og:image:type\" content=\"image\/jpeg\" \/>\n<meta name=\"author\" content=\"Robbie Eriksson\" \/>\n<meta name=\"twitter:card\" content=\"summary_large_image\" \/>\n<meta name=\"twitter:creator\" content=\"@SvenskaMagasine\" \/>\n<meta name=\"twitter:site\" content=\"@SvenskaMagasine\" \/>\n<script type=\"application\/ld+json\" class=\"yoast-schema-graph\">{\"@context\":\"https:\\\/\\\/schema.org\",\"@graph\":[{\"@type\":\"Article\",\"@id\":\"https:\\\/\\\/lightweb.dev\\\/l\\\/svm-temp\\\/nyheter\\\/ny-lag-ska-skydda-minderariga-fran-pornografi\\\/#article\",\"isPartOf\":{\"@id\":\"https:\\\/\\\/lightweb.dev\\\/l\\\/svm-temp\\\/nyheter\\\/ny-lag-ska-skydda-minderariga-fran-pornografi\\\/\"},\"author\":{\"name\":\"Robbie Eriksson\",\"@id\":\"https:\\\/\\\/lightweb.dev\\\/l\\\/svm-temp\\\/#\\\/schema\\\/person\\\/caffe038990d25722f5a04a03c906a2b\"},\"headline\":\"Ny lag ska skydda minder\u00e5riga fr\u00e5n pornografi\",\"datePublished\":\"2024-01-17T14:23:20+00:00\",\"dateModified\":\"2024-01-17T15:53:49+00:00\",\"mainEntityOfPage\":{\"@id\":\"https:\\\/\\\/lightweb.dev\\\/l\\\/svm-temp\\\/nyheter\\\/ny-lag-ska-skydda-minderariga-fran-pornografi\\\/\"},\"wordCount\":239,\"publisher\":{\"@id\":\"https:\\\/\\\/lightweb.dev\\\/l\\\/svm-temp\\\/#organization\"},\"image\":{\"@id\":\"https:\\\/\\\/lightweb.dev\\\/l\\\/svm-temp\\\/nyheter\\\/ny-lag-ska-skydda-minderariga-fran-pornografi\\\/#primaryimage\"},\"thumbnailUrl\":\"https:\\\/\\\/lightweb.dev\\\/l\\\/svm-temp\\\/wp-content\\\/uploads\\\/2022\\\/10\\\/woman-hands-holding-credit-card-using-computer-laptop-Stor.jpeg\",\"articleSection\":[\"Arkiv\",\"Nyheter\"],\"inLanguage\":\"sv-SE\"},{\"@type\":\"WebPage\",\"@id\":\"https:\\\/\\\/lightweb.dev\\\/l\\\/svm-temp\\\/nyheter\\\/ny-lag-ska-skydda-minderariga-fran-pornografi\\\/\",\"url\":\"https:\\\/\\\/lightweb.dev\\\/l\\\/svm-temp\\\/nyheter\\\/ny-lag-ska-skydda-minderariga-fran-pornografi\\\/\",\"name\":\"Ny lag ska skydda minder\u00e5riga fr\u00e5n pornografi - Svenska Magasinet\",\"isPartOf\":{\"@id\":\"https:\\\/\\\/lightweb.dev\\\/l\\\/svm-temp\\\/#website\"},\"primaryImageOfPage\":{\"@id\":\"https:\\\/\\\/lightweb.dev\\\/l\\\/svm-temp\\\/nyheter\\\/ny-lag-ska-skydda-minderariga-fran-pornografi\\\/#primaryimage\"},\"image\":{\"@id\":\"https:\\\/\\\/lightweb.dev\\\/l\\\/svm-temp\\\/nyheter\\\/ny-lag-ska-skydda-minderariga-fran-pornografi\\\/#primaryimage\"},\"thumbnailUrl\":\"https:\\\/\\\/lightweb.dev\\\/l\\\/svm-temp\\\/wp-content\\\/uploads\\\/2022\\\/10\\\/woman-hands-holding-credit-card-using-computer-laptop-Stor.jpeg\",\"datePublished\":\"2024-01-17T14:23:20+00:00\",\"dateModified\":\"2024-01-17T15:53:49+00:00\",\"description\":\"Spanien planerar en ny lag f\u00f6r att hindra minder\u00e5riga fr\u00e5n att komma \u00e5t pornografi p\u00e5 internet, enligt premi\u00e4rminster Pedro Sanchez.\u00a0\",\"breadcrumb\":{\"@id\":\"https:\\\/\\\/lightweb.dev\\\/l\\\/svm-temp\\\/nyheter\\\/ny-lag-ska-skydda-minderariga-fran-pornografi\\\/#breadcrumb\"},\"inLanguage\":\"sv-SE\",\"potentialAction\":[{\"@type\":\"ReadAction\",\"target\":[\"https:\\\/\\\/lightweb.dev\\\/l\\\/svm-temp\\\/nyheter\\\/ny-lag-ska-skydda-minderariga-fran-pornografi\\\/\"]}]},{\"@type\":\"ImageObject\",\"inLanguage\":\"sv-SE\",\"@id\":\"https:\\\/\\\/lightweb.dev\\\/l\\\/svm-temp\\\/nyheter\\\/ny-lag-ska-skydda-minderariga-fran-pornografi\\\/#primaryimage\",\"url\":\"https:\\\/\\\/lightweb.dev\\\/l\\\/svm-temp\\\/wp-content\\\/uploads\\\/2022\\\/10\\\/woman-hands-holding-credit-card-using-computer-laptop-Stor.jpeg\",\"contentUrl\":\"https:\\\/\\\/lightweb.dev\\\/l\\\/svm-temp\\\/wp-content\\\/uploads\\\/2022\\\/10\\\/woman-hands-holding-credit-card-using-computer-laptop-Stor.jpeg\",\"width\":1280,\"height\":854},{\"@type\":\"BreadcrumbList\",\"@id\":\"https:\\\/\\\/lightweb.dev\\\/l\\\/svm-temp\\\/nyheter\\\/ny-lag-ska-skydda-minderariga-fran-pornografi\\\/#breadcrumb\",\"itemListElement\":[{\"@type\":\"ListItem\",\"position\":1,\"name\":\"Hem\",\"item\":\"https:\\\/\\\/lightweb.dev\\\/l\\\/svm-temp\\\/\"},{\"@type\":\"ListItem\",\"position\":2,\"name\":\"Ny lag ska skydda minder\u00e5riga fr\u00e5n pornografi\"}]},{\"@type\":\"WebSite\",\"@id\":\"https:\\\/\\\/lightweb.dev\\\/l\\\/svm-temp\\\/#website\",\"url\":\"https:\\\/\\\/lightweb.dev\\\/l\\\/svm-temp\\\/\",\"name\":\"Svenska Magasinet\",\"description\":\"Dina Spanska nyheter p&aring; Svenska\",\"publisher\":{\"@id\":\"https:\\\/\\\/lightweb.dev\\\/l\\\/svm-temp\\\/#organization\"},\"potentialAction\":[{\"@type\":\"SearchAction\",\"target\":{\"@type\":\"EntryPoint\",\"urlTemplate\":\"https:\\\/\\\/lightweb.dev\\\/l\\\/svm-temp\\\/?s={search_term_string}\"},\"query-input\":{\"@type\":\"PropertyValueSpecification\",\"valueRequired\":true,\"valueName\":\"search_term_string\"}}],\"inLanguage\":\"sv-SE\"},{\"@type\":\"Organization\",\"@id\":\"https:\\\/\\\/lightweb.dev\\\/l\\\/svm-temp\\\/#organization\",\"name\":\"Melkerson y Nott SL\",\"alternateName\":\"Svenska Magasinet\",\"url\":\"https:\\\/\\\/lightweb.dev\\\/l\\\/svm-temp\\\/\",\"logo\":{\"@type\":\"ImageObject\",\"inLanguage\":\"sv-SE\",\"@id\":\"https:\\\/\\\/lightweb.dev\\\/l\\\/svm-temp\\\/#\\\/schema\\\/logo\\\/image\\\/\",\"url\":\"https:\\\/\\\/lightweb.dev\\\/l\\\/svm-temp\\\/wp-content\\\/uploads\\\/2025\\\/02\\\/SvM-logo-Xtra-Centrerad-SVART.png\",\"contentUrl\":\"https:\\\/\\\/lightweb.dev\\\/l\\\/svm-temp\\\/wp-content\\\/uploads\\\/2025\\\/02\\\/SvM-logo-Xtra-Centrerad-SVART.png\",\"width\":300,\"height\":99,\"caption\":\"Melkerson y Nott SL\"},\"image\":{\"@id\":\"https:\\\/\\\/lightweb.dev\\\/l\\\/svm-temp\\\/#\\\/schema\\\/logo\\\/image\\\/\"},\"sameAs\":[\"https:\\\/\\\/www.facebook.com\\\/svenskamagasinet\",\"https:\\\/\\\/x.com\\\/SvenskaMagasine\"]},{\"@type\":\"Person\",\"@id\":\"https:\\\/\\\/lightweb.dev\\\/l\\\/svm-temp\\\/#\\\/schema\\\/person\\\/caffe038990d25722f5a04a03c906a2b\",\"name\":\"Robbie Eriksson\",\"sameAs\":[\"https:\\\/\\\/lightweb.dev\\\/l\\\/svm-temp\"],\"url\":\"https:\\\/\\\/lightweb.dev\\\/l\\\/svm-temp\\\/reporter\\\/robbie-eriksson\\\/\"}]}<\/script>\n<!-- \/ Yoast SEO Premium plugin. -->","yoast_head_json":{"title":"Ny lag ska skydda minder\u00e5riga fr\u00e5n pornografi - Svenska Magasinet","description":"Spanien planerar en ny lag f\u00f6r att hindra minder\u00e5riga fr\u00e5n att komma \u00e5t pornografi p\u00e5 internet, enligt premi\u00e4rminster Pedro Sanchez.\u00a0","robots":{"index":"noindex","follow":"follow","max-snippet":"max-snippet:-1","max-image-preview":"max-image-preview:large","max-video-preview":"max-video-preview:-1"},"og_locale":"sv_SE","og_type":"article","og_title":"Ny lag ska skydda minder\u00e5riga fr\u00e5n pornografi","og_description":"Spanien planerar en ny lag f\u00f6r att hindra minder\u00e5riga fr\u00e5n att komma \u00e5t pornografi p\u00e5 internet, enligt premi\u00e4rminster Pedro Sanchez.\u00a0","og_url":"https:\/\/lightweb.dev\/l\/svm-temp\/nyheter\/ny-lag-ska-skydda-minderariga-fran-pornografi\/","og_site_name":"Svenska Magasinet","article_publisher":"https:\/\/www.facebook.com\/svenskamagasinet","article_published_time":"2024-01-17T14:23:20+00:00","article_modified_time":"2024-01-17T15:53:49+00:00","og_image":[{"width":1280,"height":854,"url":"https:\/\/lightweb.dev\/l\/svm-temp\/wp-content\/uploads\/2022\/10\/woman-hands-holding-credit-card-using-computer-laptop-Stor.jpeg","type":"image\/jpeg"}],"author":"Robbie Eriksson","twitter_card":"summary_large_image","twitter_creator":"@SvenskaMagasine","twitter_site":"@SvenskaMagasine","schema":{"@context":"https:\/\/schema.org","@graph":[{"@type":"Article","@id":"https:\/\/lightweb.dev\/l\/svm-temp\/nyheter\/ny-lag-ska-skydda-minderariga-fran-pornografi\/#article","isPartOf":{"@id":"https:\/\/lightweb.dev\/l\/svm-temp\/nyheter\/ny-lag-ska-skydda-minderariga-fran-pornografi\/"},"author":{"name":"Robbie Eriksson","@id":"https:\/\/lightweb.dev\/l\/svm-temp\/#\/schema\/person\/caffe038990d25722f5a04a03c906a2b"},"headline":"Ny lag ska skydda minder\u00e5riga fr\u00e5n pornografi","datePublished":"2024-01-17T14:23:20+00:00","dateModified":"2024-01-17T15:53:49+00:00","mainEntityOfPage":{"@id":"https:\/\/lightweb.dev\/l\/svm-temp\/nyheter\/ny-lag-ska-skydda-minderariga-fran-pornografi\/"},"wordCount":239,"publisher":{"@id":"https:\/\/lightweb.dev\/l\/svm-temp\/#organization"},"image":{"@id":"https:\/\/lightweb.dev\/l\/svm-temp\/nyheter\/ny-lag-ska-skydda-minderariga-fran-pornografi\/#primaryimage"},"thumbnailUrl":"https:\/\/lightweb.dev\/l\/svm-temp\/wp-content\/uploads\/2022\/10\/woman-hands-holding-credit-card-using-computer-laptop-Stor.jpeg","articleSection":["Arkiv","Nyheter"],"inLanguage":"sv-SE"},{"@type":"WebPage","@id":"https:\/\/lightweb.dev\/l\/svm-temp\/nyheter\/ny-lag-ska-skydda-minderariga-fran-pornografi\/","url":"https:\/\/lightweb.dev\/l\/svm-temp\/nyheter\/ny-lag-ska-skydda-minderariga-fran-pornografi\/","name":"Ny lag ska skydda minder\u00e5riga fr\u00e5n pornografi - Svenska Magasinet","isPartOf":{"@id":"https:\/\/lightweb.dev\/l\/svm-temp\/#website"},"primaryImageOfPage":{"@id":"https:\/\/lightweb.dev\/l\/svm-temp\/nyheter\/ny-lag-ska-skydda-minderariga-fran-pornografi\/#primaryimage"},"image":{"@id":"https:\/\/lightweb.dev\/l\/svm-temp\/nyheter\/ny-lag-ska-skydda-minderariga-fran-pornografi\/#primaryimage"},"thumbnailUrl":"https:\/\/lightweb.dev\/l\/svm-temp\/wp-content\/uploads\/2022\/10\/woman-hands-holding-credit-card-using-computer-laptop-Stor.jpeg","datePublished":"2024-01-17T14:23:20+00:00","dateModified":"2024-01-17T15:53:49+00:00","description":"Spanien planerar en ny lag f\u00f6r att hindra minder\u00e5riga fr\u00e5n att komma \u00e5t pornografi p\u00e5 internet, enligt premi\u00e4rminster Pedro Sanchez.\u00a0","breadcrumb":{"@id":"https:\/\/lightweb.dev\/l\/svm-temp\/nyheter\/ny-lag-ska-skydda-minderariga-fran-pornografi\/#breadcrumb"},"inLanguage":"sv-SE","potentialAction":[{"@type":"ReadAction","target":["https:\/\/lightweb.dev\/l\/svm-temp\/nyheter\/ny-lag-ska-skydda-minderariga-fran-pornografi\/"]}]},{"@type":"ImageObject","inLanguage":"sv-SE","@id":"https:\/\/lightweb.dev\/l\/svm-temp\/nyheter\/ny-lag-ska-skydda-minderariga-fran-pornografi\/#primaryimage","url":"https:\/\/lightweb.dev\/l\/svm-temp\/wp-content\/uploads\/2022\/10\/woman-hands-holding-credit-card-using-computer-laptop-Stor.jpeg","contentUrl":"https:\/\/lightweb.dev\/l\/svm-temp\/wp-content\/uploads\/2022\/10\/woman-hands-holding-credit-card-using-computer-laptop-Stor.jpeg","width":1280,"height":854},{"@type":"BreadcrumbList","@id":"https:\/\/lightweb.dev\/l\/svm-temp\/nyheter\/ny-lag-ska-skydda-minderariga-fran-pornografi\/#breadcrumb","itemListElement":[{"@type":"ListItem","position":1,"name":"Hem","item":"https:\/\/lightweb.dev\/l\/svm-temp\/"},{"@type":"ListItem","position":2,"name":"Ny lag ska skydda minder\u00e5riga fr\u00e5n pornografi"}]},{"@type":"WebSite","@id":"https:\/\/lightweb.dev\/l\/svm-temp\/#website","url":"https:\/\/lightweb.dev\/l\/svm-temp\/","name":"Svenska Magasinet","description":"Dina Spanska nyheter p&aring; Svenska","publisher":{"@id":"https:\/\/lightweb.dev\/l\/svm-temp\/#organization"},"potentialAction":[{"@type":"SearchAction","target":{"@type":"EntryPoint","urlTemplate":"https:\/\/lightweb.dev\/l\/svm-temp\/?s={search_term_string}"},"query-input":{"@type":"PropertyValueSpecification","valueRequired":true,"valueName":"search_term_string"}}],"inLanguage":"sv-SE"},{"@type":"Organization","@id":"https:\/\/lightweb.dev\/l\/svm-temp\/#organization","name":"Melkerson y Nott SL","alternateName":"Svenska Magasinet","url":"https:\/\/lightweb.dev\/l\/svm-temp\/","logo":{"@type":"ImageObject","inLanguage":"sv-SE","@id":"https:\/\/lightweb.dev\/l\/svm-temp\/#\/schema\/logo\/image\/","url":"https:\/\/lightweb.dev\/l\/svm-temp\/wp-content\/uploads\/2025\/02\/SvM-logo-Xtra-Centrerad-SVART.png","contentUrl":"https:\/\/lightweb.dev\/l\/svm-temp\/wp-content\/uploads\/2025\/02\/SvM-logo-Xtra-Centrerad-SVART.png","width":300,"height":99,"caption":"Melkerson y Nott SL"},"image":{"@id":"https:\/\/lightweb.dev\/l\/svm-temp\/#\/schema\/logo\/image\/"},"sameAs":["https:\/\/www.facebook.com\/svenskamagasinet","https:\/\/x.com\/SvenskaMagasine"]},{"@type":"Person","@id":"https:\/\/lightweb.dev\/l\/svm-temp\/#\/schema\/person\/caffe038990d25722f5a04a03c906a2b","name":"Robbie Eriksson","sameAs":["https:\/\/lightweb.dev\/l\/svm-temp"],"url":"https:\/\/lightweb.dev\/l\/svm-temp\/reporter\/robbie-eriksson\/"}]}},"_links":{"self":[{"href":"https:\/\/lightweb.dev\/l\/svm-temp\/wp-json\/wp\/v2\/posts\/69046","targetHints":{"allow":["GET"]}}],"collection":[{"href":"https:\/\/lightweb.dev\/l\/svm-temp\/wp-json\/wp\/v2\/posts"}],"about":[{"href":"https:\/\/lightweb.dev\/l\/svm-temp\/wp-json\/wp\/v2\/types\/post"}],"author":[{"embeddable":true,"href":"https:\/\/lightweb.dev\/l\/svm-temp\/wp-json\/wp\/v2\/users\/14"}],"replies":[{"embeddable":true,"href":"https:\/\/lightweb.dev\/l\/svm-temp\/wp-json\/wp\/v2\/comments?post=69046"}],"version-history":[{"count":0,"href":"https:\/\/lightweb.dev\/l\/svm-temp\/wp-json\/wp\/v2\/posts\/69046\/revisions"}],"wp:featuredmedia":[{"embeddable":true,"href":"https:\/\/lightweb.dev\/l\/svm-temp\/wp-json\/wp\/v2\/media\/58394"}],"wp:attachment":[{"href":"https:\/\/lightweb.dev\/l\/svm-temp\/wp-json\/wp\/v2\/media?parent=69046"}],"wp:term":[{"taxonomy":"category","embeddable":true,"href":"https:\/\/lightweb.dev\/l\/svm-temp\/wp-json\/wp\/v2\/categories?post=69046"},{"taxonomy":"post_tag","embeddable":true,"href":"https:\/\/lightweb.dev\/l\/svm-temp\/wp-json\/wp\/v2\/tags?post=69046"}],"curies":[{"name":"wp","href":"https:\/\/api.w.org\/{rel}","templated":true}]}}