{"id":69130,"date":"2024-01-19T16:08:46","date_gmt":"2024-01-19T15:08:46","guid":{"rendered":"https:\/\/lightweb.dev\/l\/svm-temp\/?p=69130"},"modified":"2024-01-19T18:21:52","modified_gmt":"2024-01-19T17:21:52","slug":"benalmadena-satter-stopp-for-husvagnar","status":"publish","type":"post","link":"https:\/\/lightweb.dev\/l\/svm-temp\/nyheter\/benalmadena-satter-stopp-for-husvagnar\/","title":{"rendered":"Benalm\u00e1dena s\u00e4tter stopp f\u00f6r husvagnar"},"content":{"rendered":"<p><strong>Polisen och kommunen har f\u00e5tt ingripa f\u00f6r att stoppa \u00f6verbel\u00e4ggningen av husbilar vid parkeringen bredvid Parque de la Paloma.\u00a0<\/strong><\/p>\n<p><strong>Som mest f\u00e5r 29 husbilar eller husvagnar st\u00e5 d\u00e4r. Vid vissa tillf\u00e4llen har kommunen r\u00e4knat upp till 200 stycken.\u00a0<\/strong><\/p>\n<p><span style=\"font-weight: 400;\">Lokalpolisen i Benalm\u00e1dena har satt stopp f\u00f6r problemet med \u00f6verbel\u00e4ggningen p\u00e5 en parkering som \u00e4r popul\u00e4r bland turister med husbilar.<\/span><\/p>\n<p><span style=\"font-weight: 400;\">Parkeringen ligger bredvid Parque de la Paloma, i Arroyo de la Miel. Det centrala l\u00e4get, den l\u00e5ga ljudniv\u00e5n och tillg\u00e5ngen till skugga g\u00f6r platsen mycket popul\u00e4r bland dem som reser med husbil.\u00a0<\/span><\/p>\n<p><span style=\"font-weight: 400;\">P\u00e5 olika forum och appar f\u00f6r husbilsresen\u00e4rer hade parkeringen blivit s\u00e5 pass omtalad att den blivit \u00f6verbelaggd. Dessutom p\u00e5stods det att parkeringen hade faciliteter som \u00e4r direkt p\u00e5hittade, till exempel tillg\u00e5ng till tv\u00e4ttstuga.\u00a0<\/span><\/p>\n<p><span style=\"font-weight: 400;\">Turismen med husbilar i Benalm\u00e1dena \u00e4r reglerad. P\u00e5 de parkeringar som till\u00e5ter det f\u00e5r max 29 fordon st\u00e5 och som l\u00e4ngst f\u00e5r man parkera d\u00e4r i 72 timmar. Enligt kommunalr\u00e5det f\u00f6r r\u00f6rlighet, <\/span><span style=\"font-weight: 400;\">Ra\u00fal Campos, har det vid vissa tillf\u00e4llen st\u00e5tt 200 fordon p\u00e5 parkeringen vid Parque de la Paloma.\u00a0<\/span><\/p>\n<p><span style=\"font-weight: 400;\">P\u00e5 grund av detta har polisen identifierat alla fordon och deras \u00e4gare. Kommunfullm\u00e4ktige har dessutom aviserat en \u00f6kad polisn\u00e4rvaro i omr\u00e5det f\u00f6r att s\u00e4kerst\u00e4lla att reglerna f\u00f6ljs noggrant f\u00f6r att inte hindra utryckningsfordon.\u00a0<\/span><\/p>\n<p><span style=\"font-weight: 400;\">Ut\u00f6ver det har nya skyltar satts upp och fordonens \u00e4gare har informerats f\u00f6r att undg\u00e5 \u00f6verbel\u00e4ggning.\u00a0<\/span><\/p>\n<p><span style=\"font-weight: 400;\">\u201cEn balans m\u00e5ste uppn\u00e5s s\u00e5 att den h\u00e4r typen av turism kan samexistera med lokalbefolkningen som anv\u00e4nder omr\u00e5det f\u00f6r att koppla av med sina familjer\u201d, kommenterade Campos.\u00a0<\/span><\/p>\n","protected":false},"excerpt":{"rendered":"<p>Polisen och kommunen har f\u00e5tt ingripa f\u00f6r att stoppa \u00f6verbel\u00e4ggningen av husbilar vid parkeringen bredvid Parque de la Paloma. Som mest f\u00e5r 29 husbilar eller husvagnar st\u00e5 d\u00e4r. Vid vissa tillf\u00e4llen har kommunen r\u00e4knat upp till 200 stycken&#8230;<\/p>\n","protected":false},"author":14,"featured_media":69131,"comment_status":"closed","ping_status":"closed","sticky":false,"template":"","format":"standard","meta":{"_et_pb_use_builder":"","_et_pb_old_content":"","_et_gb_content_width":"","footnotes":""},"categories":[395,3],"tags":[],"class_list":["post-69130","post","type-post","status-publish","format-standard","has-post-thumbnail","hentry","category-arkiv-nyheter","category-nyheter"],"yoast_head":"<!-- This site is optimized with the Yoast SEO Premium plugin v26.2 (Yoast SEO v27.4) - https:\/\/yoast.com\/product\/yoast-seo-premium-wordpress\/ -->\n<title>Benalm\u00e1dena s\u00e4tter stopp f\u00f6r husvagnar - Svenska Magasinet<\/title>\n<meta name=\"description\" content=\"Polisen och kommunen har f\u00e5tt ingripa f\u00f6r att stoppa \u00f6verbel\u00e4ggningen av husbilar vid parkeringen bredvid Parque de la Paloma.\u00a0Som mest f\u00e5r 29 husbilar eller husvagnar st\u00e5 d\u00e4r. Vid vissa tillf\u00e4llen har kommunen r\u00e4knat upp till 200 stycken.\u00a0\" \/>\n<meta name=\"robots\" content=\"noindex, follow, max-snippet:-1, max-image-preview:large, max-video-preview:-1\" \/>\n<meta property=\"og:locale\" content=\"sv_SE\" \/>\n<meta property=\"og:type\" content=\"article\" \/>\n<meta property=\"og:title\" content=\"Benalm\u00e1dena s\u00e4tter stopp f\u00f6r husvagnar\" \/>\n<meta property=\"og:description\" content=\"Polisen och kommunen har f\u00e5tt ingripa f\u00f6r att stoppa \u00f6verbel\u00e4ggningen av husbilar vid parkeringen bredvid Parque de la Paloma.\u00a0Som mest f\u00e5r 29 husbilar eller husvagnar st\u00e5 d\u00e4r. Vid vissa tillf\u00e4llen har kommunen r\u00e4knat upp till 200 stycken.\u00a0\" \/>\n<meta property=\"og:url\" content=\"https:\/\/lightweb.dev\/l\/svm-temp\/nyheter\/benalmadena-satter-stopp-for-husvagnar\/\" \/>\n<meta property=\"og:site_name\" content=\"Svenska Magasinet\" \/>\n<meta property=\"article:publisher\" content=\"https:\/\/www.facebook.com\/svenskamagasinet\" \/>\n<meta property=\"article:published_time\" content=\"2024-01-19T15:08:46+00:00\" \/>\n<meta property=\"article:modified_time\" content=\"2024-01-19T17:21:52+00:00\" \/>\n<meta property=\"og:image\" content=\"https:\/\/lightweb.dev\/l\/svm-temp\/wp-content\/uploads\/2024\/01\/2024-01-191705655667.png\" \/>\n\t<meta property=\"og:image:width\" content=\"800\" \/>\n\t<meta property=\"og:image:height\" content=\"535\" \/>\n\t<meta property=\"og:image:type\" content=\"image\/png\" \/>\n<meta name=\"author\" content=\"Robbie Eriksson\" \/>\n<meta name=\"twitter:card\" content=\"summary_large_image\" \/>\n<meta name=\"twitter:creator\" content=\"@SvenskaMagasine\" \/>\n<meta name=\"twitter:site\" content=\"@SvenskaMagasine\" \/>\n<script type=\"application\/ld+json\" class=\"yoast-schema-graph\">{\"@context\":\"https:\\\/\\\/schema.org\",\"@graph\":[{\"@type\":\"Article\",\"@id\":\"https:\\\/\\\/lightweb.dev\\\/l\\\/svm-temp\\\/nyheter\\\/benalmadena-satter-stopp-for-husvagnar\\\/#article\",\"isPartOf\":{\"@id\":\"https:\\\/\\\/lightweb.dev\\\/l\\\/svm-temp\\\/nyheter\\\/benalmadena-satter-stopp-for-husvagnar\\\/\"},\"author\":{\"name\":\"Robbie Eriksson\",\"@id\":\"https:\\\/\\\/lightweb.dev\\\/l\\\/svm-temp\\\/#\\\/schema\\\/person\\\/caffe038990d25722f5a04a03c906a2b\"},\"headline\":\"Benalm\u00e1dena s\u00e4tter stopp f\u00f6r husvagnar\",\"datePublished\":\"2024-01-19T15:08:46+00:00\",\"dateModified\":\"2024-01-19T17:21:52+00:00\",\"mainEntityOfPage\":{\"@id\":\"https:\\\/\\\/lightweb.dev\\\/l\\\/svm-temp\\\/nyheter\\\/benalmadena-satter-stopp-for-husvagnar\\\/\"},\"wordCount\":303,\"publisher\":{\"@id\":\"https:\\\/\\\/lightweb.dev\\\/l\\\/svm-temp\\\/#organization\"},\"image\":{\"@id\":\"https:\\\/\\\/lightweb.dev\\\/l\\\/svm-temp\\\/nyheter\\\/benalmadena-satter-stopp-for-husvagnar\\\/#primaryimage\"},\"thumbnailUrl\":\"https:\\\/\\\/lightweb.dev\\\/l\\\/svm-temp\\\/wp-content\\\/uploads\\\/2024\\\/01\\\/2024-01-191705655667.png\",\"articleSection\":[\"Arkiv\",\"Nyheter\"],\"inLanguage\":\"sv-SE\"},{\"@type\":\"WebPage\",\"@id\":\"https:\\\/\\\/lightweb.dev\\\/l\\\/svm-temp\\\/nyheter\\\/benalmadena-satter-stopp-for-husvagnar\\\/\",\"url\":\"https:\\\/\\\/lightweb.dev\\\/l\\\/svm-temp\\\/nyheter\\\/benalmadena-satter-stopp-for-husvagnar\\\/\",\"name\":\"Benalm\u00e1dena s\u00e4tter stopp f\u00f6r husvagnar - Svenska Magasinet\",\"isPartOf\":{\"@id\":\"https:\\\/\\\/lightweb.dev\\\/l\\\/svm-temp\\\/#website\"},\"primaryImageOfPage\":{\"@id\":\"https:\\\/\\\/lightweb.dev\\\/l\\\/svm-temp\\\/nyheter\\\/benalmadena-satter-stopp-for-husvagnar\\\/#primaryimage\"},\"image\":{\"@id\":\"https:\\\/\\\/lightweb.dev\\\/l\\\/svm-temp\\\/nyheter\\\/benalmadena-satter-stopp-for-husvagnar\\\/#primaryimage\"},\"thumbnailUrl\":\"https:\\\/\\\/lightweb.dev\\\/l\\\/svm-temp\\\/wp-content\\\/uploads\\\/2024\\\/01\\\/2024-01-191705655667.png\",\"datePublished\":\"2024-01-19T15:08:46+00:00\",\"dateModified\":\"2024-01-19T17:21:52+00:00\",\"description\":\"Polisen och kommunen har f\u00e5tt ingripa f\u00f6r att stoppa \u00f6verbel\u00e4ggningen av husbilar vid parkeringen bredvid Parque de la Paloma.\u00a0Som mest f\u00e5r 29 husbilar eller husvagnar st\u00e5 d\u00e4r. Vid vissa tillf\u00e4llen har kommunen r\u00e4knat upp till 200 stycken.\u00a0\",\"breadcrumb\":{\"@id\":\"https:\\\/\\\/lightweb.dev\\\/l\\\/svm-temp\\\/nyheter\\\/benalmadena-satter-stopp-for-husvagnar\\\/#breadcrumb\"},\"inLanguage\":\"sv-SE\",\"potentialAction\":[{\"@type\":\"ReadAction\",\"target\":[\"https:\\\/\\\/lightweb.dev\\\/l\\\/svm-temp\\\/nyheter\\\/benalmadena-satter-stopp-for-husvagnar\\\/\"]}]},{\"@type\":\"ImageObject\",\"inLanguage\":\"sv-SE\",\"@id\":\"https:\\\/\\\/lightweb.dev\\\/l\\\/svm-temp\\\/nyheter\\\/benalmadena-satter-stopp-for-husvagnar\\\/#primaryimage\",\"url\":\"https:\\\/\\\/lightweb.dev\\\/l\\\/svm-temp\\\/wp-content\\\/uploads\\\/2024\\\/01\\\/2024-01-191705655667.png\",\"contentUrl\":\"https:\\\/\\\/lightweb.dev\\\/l\\\/svm-temp\\\/wp-content\\\/uploads\\\/2024\\\/01\\\/2024-01-191705655667.png\",\"width\":800,\"height\":535,\"caption\":\"(Bild: Ayuntamiento de Benalmadena)\"},{\"@type\":\"BreadcrumbList\",\"@id\":\"https:\\\/\\\/lightweb.dev\\\/l\\\/svm-temp\\\/nyheter\\\/benalmadena-satter-stopp-for-husvagnar\\\/#breadcrumb\",\"itemListElement\":[{\"@type\":\"ListItem\",\"position\":1,\"name\":\"Hem\",\"item\":\"https:\\\/\\\/lightweb.dev\\\/l\\\/svm-temp\\\/\"},{\"@type\":\"ListItem\",\"position\":2,\"name\":\"Benalm\u00e1dena s\u00e4tter stopp f\u00f6r husvagnar\"}]},{\"@type\":\"WebSite\",\"@id\":\"https:\\\/\\\/lightweb.dev\\\/l\\\/svm-temp\\\/#website\",\"url\":\"https:\\\/\\\/lightweb.dev\\\/l\\\/svm-temp\\\/\",\"name\":\"Svenska Magasinet\",\"description\":\"Dina Spanska nyheter p&aring; Svenska\",\"publisher\":{\"@id\":\"https:\\\/\\\/lightweb.dev\\\/l\\\/svm-temp\\\/#organization\"},\"potentialAction\":[{\"@type\":\"SearchAction\",\"target\":{\"@type\":\"EntryPoint\",\"urlTemplate\":\"https:\\\/\\\/lightweb.dev\\\/l\\\/svm-temp\\\/?s={search_term_string}\"},\"query-input\":{\"@type\":\"PropertyValueSpecification\",\"valueRequired\":true,\"valueName\":\"search_term_string\"}}],\"inLanguage\":\"sv-SE\"},{\"@type\":\"Organization\",\"@id\":\"https:\\\/\\\/lightweb.dev\\\/l\\\/svm-temp\\\/#organization\",\"name\":\"Melkerson y Nott SL\",\"alternateName\":\"Svenska Magasinet\",\"url\":\"https:\\\/\\\/lightweb.dev\\\/l\\\/svm-temp\\\/\",\"logo\":{\"@type\":\"ImageObject\",\"inLanguage\":\"sv-SE\",\"@id\":\"https:\\\/\\\/lightweb.dev\\\/l\\\/svm-temp\\\/#\\\/schema\\\/logo\\\/image\\\/\",\"url\":\"https:\\\/\\\/lightweb.dev\\\/l\\\/svm-temp\\\/wp-content\\\/uploads\\\/2025\\\/02\\\/SvM-logo-Xtra-Centrerad-SVART.png\",\"contentUrl\":\"https:\\\/\\\/lightweb.dev\\\/l\\\/svm-temp\\\/wp-content\\\/uploads\\\/2025\\\/02\\\/SvM-logo-Xtra-Centrerad-SVART.png\",\"width\":300,\"height\":99,\"caption\":\"Melkerson y Nott SL\"},\"image\":{\"@id\":\"https:\\\/\\\/lightweb.dev\\\/l\\\/svm-temp\\\/#\\\/schema\\\/logo\\\/image\\\/\"},\"sameAs\":[\"https:\\\/\\\/www.facebook.com\\\/svenskamagasinet\",\"https:\\\/\\\/x.com\\\/SvenskaMagasine\"]},{\"@type\":\"Person\",\"@id\":\"https:\\\/\\\/lightweb.dev\\\/l\\\/svm-temp\\\/#\\\/schema\\\/person\\\/caffe038990d25722f5a04a03c906a2b\",\"name\":\"Robbie Eriksson\",\"sameAs\":[\"https:\\\/\\\/lightweb.dev\\\/l\\\/svm-temp\"],\"url\":\"https:\\\/\\\/lightweb.dev\\\/l\\\/svm-temp\\\/reporter\\\/robbie-eriksson\\\/\"}]}<\/script>\n<!-- \/ Yoast SEO Premium plugin. -->","yoast_head_json":{"title":"Benalm\u00e1dena s\u00e4tter stopp f\u00f6r husvagnar - Svenska Magasinet","description":"Polisen och kommunen har f\u00e5tt ingripa f\u00f6r att stoppa \u00f6verbel\u00e4ggningen av husbilar vid parkeringen bredvid Parque de la Paloma.\u00a0Som mest f\u00e5r 29 husbilar eller husvagnar st\u00e5 d\u00e4r. Vid vissa tillf\u00e4llen har kommunen r\u00e4knat upp till 200 stycken.\u00a0","robots":{"index":"noindex","follow":"follow","max-snippet":"max-snippet:-1","max-image-preview":"max-image-preview:large","max-video-preview":"max-video-preview:-1"},"og_locale":"sv_SE","og_type":"article","og_title":"Benalm\u00e1dena s\u00e4tter stopp f\u00f6r husvagnar","og_description":"Polisen och kommunen har f\u00e5tt ingripa f\u00f6r att stoppa \u00f6verbel\u00e4ggningen av husbilar vid parkeringen bredvid Parque de la Paloma.\u00a0Som mest f\u00e5r 29 husbilar eller husvagnar st\u00e5 d\u00e4r. Vid vissa tillf\u00e4llen har kommunen r\u00e4knat upp till 200 stycken.\u00a0","og_url":"https:\/\/lightweb.dev\/l\/svm-temp\/nyheter\/benalmadena-satter-stopp-for-husvagnar\/","og_site_name":"Svenska Magasinet","article_publisher":"https:\/\/www.facebook.com\/svenskamagasinet","article_published_time":"2024-01-19T15:08:46+00:00","article_modified_time":"2024-01-19T17:21:52+00:00","og_image":[{"width":800,"height":535,"url":"https:\/\/lightweb.dev\/l\/svm-temp\/wp-content\/uploads\/2024\/01\/2024-01-191705655667.png","type":"image\/png"}],"author":"Robbie Eriksson","twitter_card":"summary_large_image","twitter_creator":"@SvenskaMagasine","twitter_site":"@SvenskaMagasine","schema":{"@context":"https:\/\/schema.org","@graph":[{"@type":"Article","@id":"https:\/\/lightweb.dev\/l\/svm-temp\/nyheter\/benalmadena-satter-stopp-for-husvagnar\/#article","isPartOf":{"@id":"https:\/\/lightweb.dev\/l\/svm-temp\/nyheter\/benalmadena-satter-stopp-for-husvagnar\/"},"author":{"name":"Robbie Eriksson","@id":"https:\/\/lightweb.dev\/l\/svm-temp\/#\/schema\/person\/caffe038990d25722f5a04a03c906a2b"},"headline":"Benalm\u00e1dena s\u00e4tter stopp f\u00f6r husvagnar","datePublished":"2024-01-19T15:08:46+00:00","dateModified":"2024-01-19T17:21:52+00:00","mainEntityOfPage":{"@id":"https:\/\/lightweb.dev\/l\/svm-temp\/nyheter\/benalmadena-satter-stopp-for-husvagnar\/"},"wordCount":303,"publisher":{"@id":"https:\/\/lightweb.dev\/l\/svm-temp\/#organization"},"image":{"@id":"https:\/\/lightweb.dev\/l\/svm-temp\/nyheter\/benalmadena-satter-stopp-for-husvagnar\/#primaryimage"},"thumbnailUrl":"https:\/\/lightweb.dev\/l\/svm-temp\/wp-content\/uploads\/2024\/01\/2024-01-191705655667.png","articleSection":["Arkiv","Nyheter"],"inLanguage":"sv-SE"},{"@type":"WebPage","@id":"https:\/\/lightweb.dev\/l\/svm-temp\/nyheter\/benalmadena-satter-stopp-for-husvagnar\/","url":"https:\/\/lightweb.dev\/l\/svm-temp\/nyheter\/benalmadena-satter-stopp-for-husvagnar\/","name":"Benalm\u00e1dena s\u00e4tter stopp f\u00f6r husvagnar - Svenska Magasinet","isPartOf":{"@id":"https:\/\/lightweb.dev\/l\/svm-temp\/#website"},"primaryImageOfPage":{"@id":"https:\/\/lightweb.dev\/l\/svm-temp\/nyheter\/benalmadena-satter-stopp-for-husvagnar\/#primaryimage"},"image":{"@id":"https:\/\/lightweb.dev\/l\/svm-temp\/nyheter\/benalmadena-satter-stopp-for-husvagnar\/#primaryimage"},"thumbnailUrl":"https:\/\/lightweb.dev\/l\/svm-temp\/wp-content\/uploads\/2024\/01\/2024-01-191705655667.png","datePublished":"2024-01-19T15:08:46+00:00","dateModified":"2024-01-19T17:21:52+00:00","description":"Polisen och kommunen har f\u00e5tt ingripa f\u00f6r att stoppa \u00f6verbel\u00e4ggningen av husbilar vid parkeringen bredvid Parque de la Paloma.\u00a0Som mest f\u00e5r 29 husbilar eller husvagnar st\u00e5 d\u00e4r. Vid vissa tillf\u00e4llen har kommunen r\u00e4knat upp till 200 stycken.\u00a0","breadcrumb":{"@id":"https:\/\/lightweb.dev\/l\/svm-temp\/nyheter\/benalmadena-satter-stopp-for-husvagnar\/#breadcrumb"},"inLanguage":"sv-SE","potentialAction":[{"@type":"ReadAction","target":["https:\/\/lightweb.dev\/l\/svm-temp\/nyheter\/benalmadena-satter-stopp-for-husvagnar\/"]}]},{"@type":"ImageObject","inLanguage":"sv-SE","@id":"https:\/\/lightweb.dev\/l\/svm-temp\/nyheter\/benalmadena-satter-stopp-for-husvagnar\/#primaryimage","url":"https:\/\/lightweb.dev\/l\/svm-temp\/wp-content\/uploads\/2024\/01\/2024-01-191705655667.png","contentUrl":"https:\/\/lightweb.dev\/l\/svm-temp\/wp-content\/uploads\/2024\/01\/2024-01-191705655667.png","width":800,"height":535,"caption":"(Bild: Ayuntamiento de Benalmadena)"},{"@type":"BreadcrumbList","@id":"https:\/\/lightweb.dev\/l\/svm-temp\/nyheter\/benalmadena-satter-stopp-for-husvagnar\/#breadcrumb","itemListElement":[{"@type":"ListItem","position":1,"name":"Hem","item":"https:\/\/lightweb.dev\/l\/svm-temp\/"},{"@type":"ListItem","position":2,"name":"Benalm\u00e1dena s\u00e4tter stopp f\u00f6r husvagnar"}]},{"@type":"WebSite","@id":"https:\/\/lightweb.dev\/l\/svm-temp\/#website","url":"https:\/\/lightweb.dev\/l\/svm-temp\/","name":"Svenska Magasinet","description":"Dina Spanska nyheter p&aring; Svenska","publisher":{"@id":"https:\/\/lightweb.dev\/l\/svm-temp\/#organization"},"potentialAction":[{"@type":"SearchAction","target":{"@type":"EntryPoint","urlTemplate":"https:\/\/lightweb.dev\/l\/svm-temp\/?s={search_term_string}"},"query-input":{"@type":"PropertyValueSpecification","valueRequired":true,"valueName":"search_term_string"}}],"inLanguage":"sv-SE"},{"@type":"Organization","@id":"https:\/\/lightweb.dev\/l\/svm-temp\/#organization","name":"Melkerson y Nott SL","alternateName":"Svenska Magasinet","url":"https:\/\/lightweb.dev\/l\/svm-temp\/","logo":{"@type":"ImageObject","inLanguage":"sv-SE","@id":"https:\/\/lightweb.dev\/l\/svm-temp\/#\/schema\/logo\/image\/","url":"https:\/\/lightweb.dev\/l\/svm-temp\/wp-content\/uploads\/2025\/02\/SvM-logo-Xtra-Centrerad-SVART.png","contentUrl":"https:\/\/lightweb.dev\/l\/svm-temp\/wp-content\/uploads\/2025\/02\/SvM-logo-Xtra-Centrerad-SVART.png","width":300,"height":99,"caption":"Melkerson y Nott SL"},"image":{"@id":"https:\/\/lightweb.dev\/l\/svm-temp\/#\/schema\/logo\/image\/"},"sameAs":["https:\/\/www.facebook.com\/svenskamagasinet","https:\/\/x.com\/SvenskaMagasine"]},{"@type":"Person","@id":"https:\/\/lightweb.dev\/l\/svm-temp\/#\/schema\/person\/caffe038990d25722f5a04a03c906a2b","name":"Robbie Eriksson","sameAs":["https:\/\/lightweb.dev\/l\/svm-temp"],"url":"https:\/\/lightweb.dev\/l\/svm-temp\/reporter\/robbie-eriksson\/"}]}},"_links":{"self":[{"href":"https:\/\/lightweb.dev\/l\/svm-temp\/wp-json\/wp\/v2\/posts\/69130","targetHints":{"allow":["GET"]}}],"collection":[{"href":"https:\/\/lightweb.dev\/l\/svm-temp\/wp-json\/wp\/v2\/posts"}],"about":[{"href":"https:\/\/lightweb.dev\/l\/svm-temp\/wp-json\/wp\/v2\/types\/post"}],"author":[{"embeddable":true,"href":"https:\/\/lightweb.dev\/l\/svm-temp\/wp-json\/wp\/v2\/users\/14"}],"replies":[{"embeddable":true,"href":"https:\/\/lightweb.dev\/l\/svm-temp\/wp-json\/wp\/v2\/comments?post=69130"}],"version-history":[{"count":0,"href":"https:\/\/lightweb.dev\/l\/svm-temp\/wp-json\/wp\/v2\/posts\/69130\/revisions"}],"wp:featuredmedia":[{"embeddable":true,"href":"https:\/\/lightweb.dev\/l\/svm-temp\/wp-json\/wp\/v2\/media\/69131"}],"wp:attachment":[{"href":"https:\/\/lightweb.dev\/l\/svm-temp\/wp-json\/wp\/v2\/media?parent=69130"}],"wp:term":[{"taxonomy":"category","embeddable":true,"href":"https:\/\/lightweb.dev\/l\/svm-temp\/wp-json\/wp\/v2\/categories?post=69130"},{"taxonomy":"post_tag","embeddable":true,"href":"https:\/\/lightweb.dev\/l\/svm-temp\/wp-json\/wp\/v2\/tags?post=69130"}],"curies":[{"name":"wp","href":"https:\/\/api.w.org\/{rel}","templated":true}]}}