{"id":69140,"date":"2024-01-22T10:01:07","date_gmt":"2024-01-22T09:01:07","guid":{"rendered":"https:\/\/lightweb.dev\/l\/svm-temp\/?p=69140"},"modified":"2024-01-22T10:01:07","modified_gmt":"2024-01-22T09:01:07","slug":"svenskarnas-intresse-for-bostadskop-i-spanien-okar-igen","status":"publish","type":"post","link":"https:\/\/lightweb.dev\/l\/svm-temp\/nyheter\/svenskarnas-intresse-for-bostadskop-i-spanien-okar-igen\/","title":{"rendered":"Svenskarnas intresse f\u00f6r bostadsk\u00f6p i Spanien \u00f6kar igen"},"content":{"rendered":"<p><strong>Det kommer tecken p\u00e5 att svenskarnas intresse f\u00f6r bostadsk\u00f6p i Spanien \u00e4r p\u00e5 v\u00e4g tillbaka. Efter \u00e5rsskiftet har n\u00e5gonting h\u00e4nt.<\/strong><\/p>\n<p><strong>Kronan har st\u00e4rkts n\u00e5got och positiva besked om r\u00e4ntan bidrar till en \u00f6kad k\u00f6pvilja.<\/strong><\/p>\n<p>Den 27 december ber\u00e4ttade Svenska Magasinet att bostads\u00e5ret 2023 generellt hade pr\u00e4glats av fallande priser samtidigt som antalet f\u00f6rs\u00e4ljningar minskade kraftigt.<\/p>\n<h2 class=\"entry-title\">L\u00e4s mer: <a href=\"https:\/\/lightweb.dev\/l\/svm-temp\/artiklar\/hem-bostad\/nu-gar-vi-mot-ljusare-tider\/#google_vignette\">Nu g\u00e5r vi mot ljusare tider<\/a><\/h2>\n<p>Det beror p\u00e5 att majoriteten av svenskar som g\u00e5r med Spaniendr\u00f6mmar avvaktar n\u00e4r r\u00e4ntan stiger i kombination med h\u00f6g inflation och n\u00e4r svenska kronan tappar i v\u00e4rde.<\/p>\n<p>Med l\u00e4gre inflation, sjunkande r\u00e4ntor och en starkare kronkurs s\u00e5 finns det sk\u00e4l f\u00f6r att tro att marknaden tar fart igen.<\/p>\n<p>Det \u00e4r precis vad som h\u00e4nder nu.<\/p>\n<p>Senaste M\u00e4klarpanelen fr\u00e5n Fastighetsbyr\u00e5n i Spanien visar n\u00e4mligen att efterfr\u00e5gan fr\u00e5n svenskar p\u00e5 den spanska bostadsmarknaden nu \u00f6kar igen. Som grund ligger en unders\u00f6kning vid 36 av f\u00f6retagets m\u00e4klare p\u00e5 Costa del Sol, Costa Blanca, Mallorca, Gran Canaria och Barcelona.<\/p>\n<p>P\u00e5 fr\u00e5gan \u201dHur stark \u00e4r efterfr\u00e5gan fr\u00e5n svenska k\u00f6pare p\u00e5 din marknad just nu?\u201d blev snittet 3,14 p\u00e5 en skala mellan 1 (mycket svag) till 6 (mycket stark).\u00a0 Det kan j\u00e4mf\u00f6ras med 2,65 i oktober och 2,85 i januari 2023.<\/p>\n<p>Den \u00f6kade efterfr\u00e5gan avspeglas \u00e4ven i Fastighetsbyr\u00e5ns f\u00f6rs\u00e4ljningssiffror d\u00e4r antal f\u00f6rs\u00e4ljningar hittills i \u00e5r \u00f6kat med 48 procent j\u00e4mf\u00f6rt med samma period f\u00f6rra \u00e5ret.<\/p>\n<p>\u2013 P\u00e5 m\u00e5nga av v\u00e5ra orter i Spanien m\u00e4rker vi av en starkare efterfr\u00e5gan fr\u00e5n svenskar efter \u00e5rsskiftet. Kronan har st\u00e4rkts n\u00e5got och positiva besked om r\u00e4ntan bidrar till en \u00f6kad k\u00f6pvilja. M\u00e5nga svenskar har ocks\u00e5 avvaktat under en l\u00e4ngre tid s\u00e5 det finns ett uppd\u00e4mt behov. Nu k\u00e4nns det i alla fall som att en liten propp har g\u00e5tt ur, s\u00e4ger Martin Posch, aff\u00e4rsomr\u00e5deschef f\u00f6r Fastighetsbyr\u00e5n utland i ett <a href=\"https:\/\/news.cision.com\/se\/fastighetsbyran\/r\/maklarpanelen-spanien--svenska-bostadskopare-atervander-till-spanien,c3912501\">pressmeddelande.<\/a><\/p>\n<p>\u2013 Andra k\u00f6pstarka nationaliteter \u00e4r holl\u00e4ndare, fransm\u00e4n, belgare samt givetvis spanjorerna, s\u00e4ger Lise-Lotte Hallman, franchisetagare p\u00e5 Fastighetsbyr\u00e5n i Torre del Mar.<\/p>\n<p>P\u00e5 fr\u00e5gan \u201dF\u00f6r vilka \u00e4r bostadsmarknaden mest f\u00f6rdelaktig just nu\u201d blev snittet 5,61 p\u00e5 en skala mellan 0 (k\u00f6parna) och 10 (s\u00e4ljarna), det vill s\u00e4ga ett \u00f6vertag f\u00f6r s\u00e4ljarna p\u00e5 marknaden. Det kan j\u00e4mf\u00f6ras med 6.05 i oktober och 6,16 f\u00f6r ett \u00e5r sedan.<\/p>\n<h2>Stillast\u00e5ende eller stigande priser 2024<\/h2>\n<p>P\u00e5 fr\u00e5gan \u201dHur utvecklas bostadspriserna p\u00e5 din marknad just nu?\u201d svarade 61 % av m\u00e4klarna att de \u00e4r stillast\u00e5ende och 36 % svarar stigande. 53 % av m\u00e4klarna sp\u00e5r \u00e4ven att priserna kommer att vara stillast\u00e5ende fortsatt under 2024 medan 42 % tror p\u00e5 stigande priser. Endast 6 % av m\u00e4klarna tror p\u00e5 sjunkande priser under \u00e5ret.<\/p>\n<p>&#8211; F\u00e4rre bost\u00e4der till salu ger en \u00f6kad konkurrens mellan k\u00f6parna p\u00e5 marknaden. Buden som presenteras \u00e4r genomg\u00e5ende starka j\u00e4mf\u00f6rt med tidigare. Svenska k\u00f6pare b\u00f6rjar inse att priserna inte kommer att sjunka i Spanien och att den b\u00e4sta aff\u00e4ren \u00e4r att hoppa p\u00e5 t\u00e5get nu, s\u00e4ger Anna Williams, m\u00e4klare p\u00e5 Fastighetsbyr\u00e5n i Alicante.<\/p>\n","protected":false},"excerpt":{"rendered":"<p>Det kommer tecken p\u00e5 att svenskarnas intresse f\u00f6r bostadsk\u00f6p i Spanien \u00e4r p\u00e5 v\u00e4g tillbaka. Efter \u00e5rsskiftet har n\u00e5gonting h\u00e4nt. Kronan har st\u00e4rkts n\u00e5got och positiva besked om r\u00e4ntan bidrar till en \u00f6kad k\u00f6pvilja&#8230;<\/p>\n","protected":false},"author":7,"featured_media":58382,"comment_status":"closed","ping_status":"closed","sticky":false,"template":"","format":"standard","meta":{"_et_pb_use_builder":"","_et_pb_old_content":"","_et_gb_content_width":"","footnotes":""},"categories":[395,3],"tags":[],"class_list":["post-69140","post","type-post","status-publish","format-standard","has-post-thumbnail","hentry","category-arkiv-nyheter","category-nyheter"],"yoast_head":"<!-- This site is optimized with the Yoast SEO Premium plugin v26.2 (Yoast SEO v27.4) - https:\/\/yoast.com\/product\/yoast-seo-premium-wordpress\/ -->\n<title>Svenskarnas intresse f\u00f6r bostadsk\u00f6p i Spanien \u00f6kar igen - Svenska Magasinet<\/title>\n<meta name=\"description\" content=\"Det kommer tecken p\u00e5 att svenskarnas intresse f\u00f6r bostadsk\u00f6p i Spanien \u00e4r p\u00e5 v\u00e4g tillbaka. Efter \u00e5rsskiftet har n\u00e5gonting h\u00e4nt. Kronan har st\u00e4rkts n\u00e5got och positiva besked om r\u00e4ntan bidrar till en \u00f6kad k\u00f6pvilja.\" \/>\n<meta name=\"robots\" content=\"noindex, follow, max-snippet:-1, max-image-preview:large, max-video-preview:-1\" \/>\n<meta property=\"og:locale\" content=\"sv_SE\" \/>\n<meta property=\"og:type\" content=\"article\" \/>\n<meta property=\"og:title\" content=\"Svenskarnas intresse f\u00f6r bostadsk\u00f6p i Spanien \u00f6kar igen\" \/>\n<meta property=\"og:description\" content=\"Det kommer tecken p\u00e5 att svenskarnas intresse f\u00f6r bostadsk\u00f6p i Spanien \u00e4r p\u00e5 v\u00e4g tillbaka. Efter \u00e5rsskiftet har n\u00e5gonting h\u00e4nt. Kronan har st\u00e4rkts n\u00e5got och positiva besked om r\u00e4ntan bidrar till en \u00f6kad k\u00f6pvilja.\" \/>\n<meta property=\"og:url\" content=\"https:\/\/lightweb.dev\/l\/svm-temp\/artiklar\/hem-bostad\/svenskarnas-intresse-for-bostadskop-i-spanien-okar-igen\/\" \/>\n<meta property=\"og:site_name\" content=\"Svenska Magasinet\" \/>\n<meta property=\"article:publisher\" content=\"https:\/\/www.facebook.com\/svenskamagasinet\" \/>\n<meta property=\"article:published_time\" content=\"2024-01-22T09:01:07+00:00\" \/>\n<meta property=\"og:image\" content=\"https:\/\/lightweb.dev\/l\/svm-temp\/wp-content\/uploads\/2022\/10\/Asa-Pettersson-17-Stor.jpeg\" \/>\n\t<meta property=\"og:image:width\" content=\"1280\" \/>\n\t<meta property=\"og:image:height\" content=\"853\" \/>\n\t<meta property=\"og:image:type\" content=\"image\/jpeg\" \/>\n<meta name=\"author\" content=\"Ola Josefsson\" \/>\n<meta name=\"twitter:card\" content=\"summary_large_image\" \/>\n<meta name=\"twitter:creator\" content=\"@SvenskaMagasine\" \/>\n<meta name=\"twitter:site\" content=\"@SvenskaMagasine\" \/>\n<script type=\"application\/ld+json\" class=\"yoast-schema-graph\">{\"@context\":\"https:\\\/\\\/schema.org\",\"@graph\":[{\"@type\":\"Article\",\"@id\":\"https:\\\/\\\/lightweb.dev\\\/l\\\/svm-temp\\\/artiklar\\\/hem-bostad\\\/svenskarnas-intresse-for-bostadskop-i-spanien-okar-igen\\\/#article\",\"isPartOf\":{\"@id\":\"https:\\\/\\\/lightweb.dev\\\/l\\\/svm-temp\\\/artiklar\\\/hem-bostad\\\/svenskarnas-intresse-for-bostadskop-i-spanien-okar-igen\\\/\"},\"author\":{\"name\":\"Ola Josefsson\",\"@id\":\"https:\\\/\\\/lightweb.dev\\\/l\\\/svm-temp\\\/#\\\/schema\\\/person\\\/7a82b8a73d171d32360a564b6d03508e\"},\"headline\":\"Svenskarnas intresse f\u00f6r bostadsk\u00f6p i Spanien \u00f6kar igen\",\"datePublished\":\"2024-01-22T09:01:07+00:00\",\"mainEntityOfPage\":{\"@id\":\"https:\\\/\\\/lightweb.dev\\\/l\\\/svm-temp\\\/artiklar\\\/hem-bostad\\\/svenskarnas-intresse-for-bostadskop-i-spanien-okar-igen\\\/\"},\"wordCount\":564,\"publisher\":{\"@id\":\"https:\\\/\\\/lightweb.dev\\\/l\\\/svm-temp\\\/#organization\"},\"image\":{\"@id\":\"https:\\\/\\\/lightweb.dev\\\/l\\\/svm-temp\\\/artiklar\\\/hem-bostad\\\/svenskarnas-intresse-for-bostadskop-i-spanien-okar-igen\\\/#primaryimage\"},\"thumbnailUrl\":\"https:\\\/\\\/lightweb.dev\\\/l\\\/svm-temp\\\/wp-content\\\/uploads\\\/2022\\\/10\\\/Asa-Pettersson-17-Stor.jpeg\",\"articleSection\":[\"Arkiv\",\"Nyheter\"],\"inLanguage\":\"sv-SE\"},{\"@type\":\"WebPage\",\"@id\":\"https:\\\/\\\/lightweb.dev\\\/l\\\/svm-temp\\\/artiklar\\\/hem-bostad\\\/svenskarnas-intresse-for-bostadskop-i-spanien-okar-igen\\\/\",\"url\":\"https:\\\/\\\/lightweb.dev\\\/l\\\/svm-temp\\\/artiklar\\\/hem-bostad\\\/svenskarnas-intresse-for-bostadskop-i-spanien-okar-igen\\\/\",\"name\":\"Svenskarnas intresse f\u00f6r bostadsk\u00f6p i Spanien \u00f6kar igen - Svenska Magasinet\",\"isPartOf\":{\"@id\":\"https:\\\/\\\/lightweb.dev\\\/l\\\/svm-temp\\\/#website\"},\"primaryImageOfPage\":{\"@id\":\"https:\\\/\\\/lightweb.dev\\\/l\\\/svm-temp\\\/artiklar\\\/hem-bostad\\\/svenskarnas-intresse-for-bostadskop-i-spanien-okar-igen\\\/#primaryimage\"},\"image\":{\"@id\":\"https:\\\/\\\/lightweb.dev\\\/l\\\/svm-temp\\\/artiklar\\\/hem-bostad\\\/svenskarnas-intresse-for-bostadskop-i-spanien-okar-igen\\\/#primaryimage\"},\"thumbnailUrl\":\"https:\\\/\\\/lightweb.dev\\\/l\\\/svm-temp\\\/wp-content\\\/uploads\\\/2022\\\/10\\\/Asa-Pettersson-17-Stor.jpeg\",\"datePublished\":\"2024-01-22T09:01:07+00:00\",\"description\":\"Det kommer tecken p\u00e5 att svenskarnas intresse f\u00f6r bostadsk\u00f6p i Spanien \u00e4r p\u00e5 v\u00e4g tillbaka. Efter \u00e5rsskiftet har n\u00e5gonting h\u00e4nt. Kronan har st\u00e4rkts n\u00e5got och positiva besked om r\u00e4ntan bidrar till en \u00f6kad k\u00f6pvilja.\",\"breadcrumb\":{\"@id\":\"https:\\\/\\\/lightweb.dev\\\/l\\\/svm-temp\\\/artiklar\\\/hem-bostad\\\/svenskarnas-intresse-for-bostadskop-i-spanien-okar-igen\\\/#breadcrumb\"},\"inLanguage\":\"sv-SE\",\"potentialAction\":[{\"@type\":\"ReadAction\",\"target\":[\"https:\\\/\\\/lightweb.dev\\\/l\\\/svm-temp\\\/artiklar\\\/hem-bostad\\\/svenskarnas-intresse-for-bostadskop-i-spanien-okar-igen\\\/\"]}]},{\"@type\":\"ImageObject\",\"inLanguage\":\"sv-SE\",\"@id\":\"https:\\\/\\\/lightweb.dev\\\/l\\\/svm-temp\\\/artiklar\\\/hem-bostad\\\/svenskarnas-intresse-for-bostadskop-i-spanien-okar-igen\\\/#primaryimage\",\"url\":\"https:\\\/\\\/lightweb.dev\\\/l\\\/svm-temp\\\/wp-content\\\/uploads\\\/2022\\\/10\\\/Asa-Pettersson-17-Stor.jpeg\",\"contentUrl\":\"https:\\\/\\\/lightweb.dev\\\/l\\\/svm-temp\\\/wp-content\\\/uploads\\\/2022\\\/10\\\/Asa-Pettersson-17-Stor.jpeg\",\"width\":1280,\"height\":853},{\"@type\":\"BreadcrumbList\",\"@id\":\"https:\\\/\\\/lightweb.dev\\\/l\\\/svm-temp\\\/artiklar\\\/hem-bostad\\\/svenskarnas-intresse-for-bostadskop-i-spanien-okar-igen\\\/#breadcrumb\",\"itemListElement\":[{\"@type\":\"ListItem\",\"position\":1,\"name\":\"Hem\",\"item\":\"https:\\\/\\\/lightweb.dev\\\/l\\\/svm-temp\\\/\"},{\"@type\":\"ListItem\",\"position\":2,\"name\":\"Svenskarnas intresse f\u00f6r bostadsk\u00f6p i Spanien \u00f6kar igen\"}]},{\"@type\":\"WebSite\",\"@id\":\"https:\\\/\\\/lightweb.dev\\\/l\\\/svm-temp\\\/#website\",\"url\":\"https:\\\/\\\/lightweb.dev\\\/l\\\/svm-temp\\\/\",\"name\":\"Svenska Magasinet\",\"description\":\"Dina Spanska nyheter p&aring; Svenska\",\"publisher\":{\"@id\":\"https:\\\/\\\/lightweb.dev\\\/l\\\/svm-temp\\\/#organization\"},\"potentialAction\":[{\"@type\":\"SearchAction\",\"target\":{\"@type\":\"EntryPoint\",\"urlTemplate\":\"https:\\\/\\\/lightweb.dev\\\/l\\\/svm-temp\\\/?s={search_term_string}\"},\"query-input\":{\"@type\":\"PropertyValueSpecification\",\"valueRequired\":true,\"valueName\":\"search_term_string\"}}],\"inLanguage\":\"sv-SE\"},{\"@type\":\"Organization\",\"@id\":\"https:\\\/\\\/lightweb.dev\\\/l\\\/svm-temp\\\/#organization\",\"name\":\"Melkerson y Nott SL\",\"alternateName\":\"Svenska Magasinet\",\"url\":\"https:\\\/\\\/lightweb.dev\\\/l\\\/svm-temp\\\/\",\"logo\":{\"@type\":\"ImageObject\",\"inLanguage\":\"sv-SE\",\"@id\":\"https:\\\/\\\/lightweb.dev\\\/l\\\/svm-temp\\\/#\\\/schema\\\/logo\\\/image\\\/\",\"url\":\"https:\\\/\\\/lightweb.dev\\\/l\\\/svm-temp\\\/wp-content\\\/uploads\\\/2025\\\/02\\\/SvM-logo-Xtra-Centrerad-SVART.png\",\"contentUrl\":\"https:\\\/\\\/lightweb.dev\\\/l\\\/svm-temp\\\/wp-content\\\/uploads\\\/2025\\\/02\\\/SvM-logo-Xtra-Centrerad-SVART.png\",\"width\":300,\"height\":99,\"caption\":\"Melkerson y Nott SL\"},\"image\":{\"@id\":\"https:\\\/\\\/lightweb.dev\\\/l\\\/svm-temp\\\/#\\\/schema\\\/logo\\\/image\\\/\"},\"sameAs\":[\"https:\\\/\\\/www.facebook.com\\\/svenskamagasinet\",\"https:\\\/\\\/x.com\\\/SvenskaMagasine\"]},{\"@type\":\"Person\",\"@id\":\"https:\\\/\\\/lightweb.dev\\\/l\\\/svm-temp\\\/#\\\/schema\\\/person\\\/7a82b8a73d171d32360a564b6d03508e\",\"name\":\"Ola Josefsson\",\"description\":\"Bevakar Solkusten och Spanien sedan 1994.\",\"sameAs\":[\"https:\\\/\\\/lightweb.dev\\\/l\\\/svm-temp\"],\"url\":\"https:\\\/\\\/lightweb.dev\\\/l\\\/svm-temp\\\/reporter\\\/ola-josefsson\\\/\"}]}<\/script>\n<!-- \/ Yoast SEO Premium plugin. -->","yoast_head_json":{"title":"Svenskarnas intresse f\u00f6r bostadsk\u00f6p i Spanien \u00f6kar igen - Svenska Magasinet","description":"Det kommer tecken p\u00e5 att svenskarnas intresse f\u00f6r bostadsk\u00f6p i Spanien \u00e4r p\u00e5 v\u00e4g tillbaka. Efter \u00e5rsskiftet har n\u00e5gonting h\u00e4nt. Kronan har st\u00e4rkts n\u00e5got och positiva besked om r\u00e4ntan bidrar till en \u00f6kad k\u00f6pvilja.","robots":{"index":"noindex","follow":"follow","max-snippet":"max-snippet:-1","max-image-preview":"max-image-preview:large","max-video-preview":"max-video-preview:-1"},"og_locale":"sv_SE","og_type":"article","og_title":"Svenskarnas intresse f\u00f6r bostadsk\u00f6p i Spanien \u00f6kar igen","og_description":"Det kommer tecken p\u00e5 att svenskarnas intresse f\u00f6r bostadsk\u00f6p i Spanien \u00e4r p\u00e5 v\u00e4g tillbaka. Efter \u00e5rsskiftet har n\u00e5gonting h\u00e4nt. Kronan har st\u00e4rkts n\u00e5got och positiva besked om r\u00e4ntan bidrar till en \u00f6kad k\u00f6pvilja.","og_url":"https:\/\/lightweb.dev\/l\/svm-temp\/artiklar\/hem-bostad\/svenskarnas-intresse-for-bostadskop-i-spanien-okar-igen\/","og_site_name":"Svenska Magasinet","article_publisher":"https:\/\/www.facebook.com\/svenskamagasinet","article_published_time":"2024-01-22T09:01:07+00:00","og_image":[{"width":1280,"height":853,"url":"https:\/\/lightweb.dev\/l\/svm-temp\/wp-content\/uploads\/2022\/10\/Asa-Pettersson-17-Stor.jpeg","type":"image\/jpeg"}],"author":"Ola Josefsson","twitter_card":"summary_large_image","twitter_creator":"@SvenskaMagasine","twitter_site":"@SvenskaMagasine","schema":{"@context":"https:\/\/schema.org","@graph":[{"@type":"Article","@id":"https:\/\/lightweb.dev\/l\/svm-temp\/artiklar\/hem-bostad\/svenskarnas-intresse-for-bostadskop-i-spanien-okar-igen\/#article","isPartOf":{"@id":"https:\/\/lightweb.dev\/l\/svm-temp\/artiklar\/hem-bostad\/svenskarnas-intresse-for-bostadskop-i-spanien-okar-igen\/"},"author":{"name":"Ola Josefsson","@id":"https:\/\/lightweb.dev\/l\/svm-temp\/#\/schema\/person\/7a82b8a73d171d32360a564b6d03508e"},"headline":"Svenskarnas intresse f\u00f6r bostadsk\u00f6p i Spanien \u00f6kar igen","datePublished":"2024-01-22T09:01:07+00:00","mainEntityOfPage":{"@id":"https:\/\/lightweb.dev\/l\/svm-temp\/artiklar\/hem-bostad\/svenskarnas-intresse-for-bostadskop-i-spanien-okar-igen\/"},"wordCount":564,"publisher":{"@id":"https:\/\/lightweb.dev\/l\/svm-temp\/#organization"},"image":{"@id":"https:\/\/lightweb.dev\/l\/svm-temp\/artiklar\/hem-bostad\/svenskarnas-intresse-for-bostadskop-i-spanien-okar-igen\/#primaryimage"},"thumbnailUrl":"https:\/\/lightweb.dev\/l\/svm-temp\/wp-content\/uploads\/2022\/10\/Asa-Pettersson-17-Stor.jpeg","articleSection":["Arkiv","Nyheter"],"inLanguage":"sv-SE"},{"@type":"WebPage","@id":"https:\/\/lightweb.dev\/l\/svm-temp\/artiklar\/hem-bostad\/svenskarnas-intresse-for-bostadskop-i-spanien-okar-igen\/","url":"https:\/\/lightweb.dev\/l\/svm-temp\/artiklar\/hem-bostad\/svenskarnas-intresse-for-bostadskop-i-spanien-okar-igen\/","name":"Svenskarnas intresse f\u00f6r bostadsk\u00f6p i Spanien \u00f6kar igen - Svenska Magasinet","isPartOf":{"@id":"https:\/\/lightweb.dev\/l\/svm-temp\/#website"},"primaryImageOfPage":{"@id":"https:\/\/lightweb.dev\/l\/svm-temp\/artiklar\/hem-bostad\/svenskarnas-intresse-for-bostadskop-i-spanien-okar-igen\/#primaryimage"},"image":{"@id":"https:\/\/lightweb.dev\/l\/svm-temp\/artiklar\/hem-bostad\/svenskarnas-intresse-for-bostadskop-i-spanien-okar-igen\/#primaryimage"},"thumbnailUrl":"https:\/\/lightweb.dev\/l\/svm-temp\/wp-content\/uploads\/2022\/10\/Asa-Pettersson-17-Stor.jpeg","datePublished":"2024-01-22T09:01:07+00:00","description":"Det kommer tecken p\u00e5 att svenskarnas intresse f\u00f6r bostadsk\u00f6p i Spanien \u00e4r p\u00e5 v\u00e4g tillbaka. Efter \u00e5rsskiftet har n\u00e5gonting h\u00e4nt. Kronan har st\u00e4rkts n\u00e5got och positiva besked om r\u00e4ntan bidrar till en \u00f6kad k\u00f6pvilja.","breadcrumb":{"@id":"https:\/\/lightweb.dev\/l\/svm-temp\/artiklar\/hem-bostad\/svenskarnas-intresse-for-bostadskop-i-spanien-okar-igen\/#breadcrumb"},"inLanguage":"sv-SE","potentialAction":[{"@type":"ReadAction","target":["https:\/\/lightweb.dev\/l\/svm-temp\/artiklar\/hem-bostad\/svenskarnas-intresse-for-bostadskop-i-spanien-okar-igen\/"]}]},{"@type":"ImageObject","inLanguage":"sv-SE","@id":"https:\/\/lightweb.dev\/l\/svm-temp\/artiklar\/hem-bostad\/svenskarnas-intresse-for-bostadskop-i-spanien-okar-igen\/#primaryimage","url":"https:\/\/lightweb.dev\/l\/svm-temp\/wp-content\/uploads\/2022\/10\/Asa-Pettersson-17-Stor.jpeg","contentUrl":"https:\/\/lightweb.dev\/l\/svm-temp\/wp-content\/uploads\/2022\/10\/Asa-Pettersson-17-Stor.jpeg","width":1280,"height":853},{"@type":"BreadcrumbList","@id":"https:\/\/lightweb.dev\/l\/svm-temp\/artiklar\/hem-bostad\/svenskarnas-intresse-for-bostadskop-i-spanien-okar-igen\/#breadcrumb","itemListElement":[{"@type":"ListItem","position":1,"name":"Hem","item":"https:\/\/lightweb.dev\/l\/svm-temp\/"},{"@type":"ListItem","position":2,"name":"Svenskarnas intresse f\u00f6r bostadsk\u00f6p i Spanien \u00f6kar igen"}]},{"@type":"WebSite","@id":"https:\/\/lightweb.dev\/l\/svm-temp\/#website","url":"https:\/\/lightweb.dev\/l\/svm-temp\/","name":"Svenska Magasinet","description":"Dina Spanska nyheter p&aring; Svenska","publisher":{"@id":"https:\/\/lightweb.dev\/l\/svm-temp\/#organization"},"potentialAction":[{"@type":"SearchAction","target":{"@type":"EntryPoint","urlTemplate":"https:\/\/lightweb.dev\/l\/svm-temp\/?s={search_term_string}"},"query-input":{"@type":"PropertyValueSpecification","valueRequired":true,"valueName":"search_term_string"}}],"inLanguage":"sv-SE"},{"@type":"Organization","@id":"https:\/\/lightweb.dev\/l\/svm-temp\/#organization","name":"Melkerson y Nott SL","alternateName":"Svenska Magasinet","url":"https:\/\/lightweb.dev\/l\/svm-temp\/","logo":{"@type":"ImageObject","inLanguage":"sv-SE","@id":"https:\/\/lightweb.dev\/l\/svm-temp\/#\/schema\/logo\/image\/","url":"https:\/\/lightweb.dev\/l\/svm-temp\/wp-content\/uploads\/2025\/02\/SvM-logo-Xtra-Centrerad-SVART.png","contentUrl":"https:\/\/lightweb.dev\/l\/svm-temp\/wp-content\/uploads\/2025\/02\/SvM-logo-Xtra-Centrerad-SVART.png","width":300,"height":99,"caption":"Melkerson y Nott SL"},"image":{"@id":"https:\/\/lightweb.dev\/l\/svm-temp\/#\/schema\/logo\/image\/"},"sameAs":["https:\/\/www.facebook.com\/svenskamagasinet","https:\/\/x.com\/SvenskaMagasine"]},{"@type":"Person","@id":"https:\/\/lightweb.dev\/l\/svm-temp\/#\/schema\/person\/7a82b8a73d171d32360a564b6d03508e","name":"Ola Josefsson","description":"Bevakar Solkusten och Spanien sedan 1994.","sameAs":["https:\/\/lightweb.dev\/l\/svm-temp"],"url":"https:\/\/lightweb.dev\/l\/svm-temp\/reporter\/ola-josefsson\/"}]}},"_links":{"self":[{"href":"https:\/\/lightweb.dev\/l\/svm-temp\/wp-json\/wp\/v2\/posts\/69140","targetHints":{"allow":["GET"]}}],"collection":[{"href":"https:\/\/lightweb.dev\/l\/svm-temp\/wp-json\/wp\/v2\/posts"}],"about":[{"href":"https:\/\/lightweb.dev\/l\/svm-temp\/wp-json\/wp\/v2\/types\/post"}],"author":[{"embeddable":true,"href":"https:\/\/lightweb.dev\/l\/svm-temp\/wp-json\/wp\/v2\/users\/7"}],"replies":[{"embeddable":true,"href":"https:\/\/lightweb.dev\/l\/svm-temp\/wp-json\/wp\/v2\/comments?post=69140"}],"version-history":[{"count":0,"href":"https:\/\/lightweb.dev\/l\/svm-temp\/wp-json\/wp\/v2\/posts\/69140\/revisions"}],"wp:featuredmedia":[{"embeddable":true,"href":"https:\/\/lightweb.dev\/l\/svm-temp\/wp-json\/wp\/v2\/media\/58382"}],"wp:attachment":[{"href":"https:\/\/lightweb.dev\/l\/svm-temp\/wp-json\/wp\/v2\/media?parent=69140"}],"wp:term":[{"taxonomy":"category","embeddable":true,"href":"https:\/\/lightweb.dev\/l\/svm-temp\/wp-json\/wp\/v2\/categories?post=69140"},{"taxonomy":"post_tag","embeddable":true,"href":"https:\/\/lightweb.dev\/l\/svm-temp\/wp-json\/wp\/v2\/tags?post=69140"}],"curies":[{"name":"wp","href":"https:\/\/api.w.org\/{rel}","templated":true}]}}