{"id":69142,"date":"2024-01-22T10:54:16","date_gmt":"2024-01-22T09:54:16","guid":{"rendered":"https:\/\/lightweb.dev\/l\/svm-temp\/?p=69142"},"modified":"2024-01-22T10:54:16","modified_gmt":"2024-01-22T09:54:16","slug":"turister-fran-utlandet-omsatte-108-miljarder-euro","status":"publish","type":"post","link":"https:\/\/lightweb.dev\/l\/svm-temp\/nyheter\/turister-fran-utlandet-omsatte-108-miljarder-euro\/","title":{"rendered":"Turister fr\u00e5n utlandet omsatte 108 miljarder euro"},"content":{"rendered":"<p><strong>Aldrig n\u00e5gonsin har turister fr\u00e5n utlandet p\u00e5 bes\u00f6k i Spanien omsatt s\u00e5 stora summor pengar som under fjol\u00e5ret 2023.<\/strong><\/p>\n<p><strong>\u00d6ver 84 miljoner utl\u00e4ndska bes\u00f6kare omsatta \u00f6ver 108 miljarder euro vilket \u00e4r en \u00f6kning med 17,4 procent j\u00e4mf\u00f6rt med f\u00f6rra rekord\u00e5ret 2019.<\/strong><\/p>\n<p>P\u00e5 onsdag inleds en av v\u00e4rldens st\u00f6rsta turistm\u00e4ssor, Fitur (Feria Internacional de Turismo), vid m\u00e4sshallarna Ifema i Madrid. Den p\u00e5g\u00e5r fram till s\u00f6ndag.<\/p>\n<p>Den spanska turistn\u00e4ringen har aldrig n\u00e5gonsin g\u00e5tt b\u00e4ttre. Under fjol\u00e5ret blev det rekord i b\u00e5de bes\u00f6kare och oms\u00e4ttning. Turistindustrin st\u00e5r nu f\u00f6r 12,8 procent av landets BNP.<\/p>\n<p>Det betyder att Spanien har \u00e5terh\u00e4mtat sig fr\u00e5n chocken som f\u00f6ljde med pandemin. Samtidigt har v\u00e4rldsl\u00e4get med oroligheter i \u00f6stra Europa gjort att turister s\u00f6kt sig till v\u00e4stra Europa.<\/p>\n<p>&#8211; Rekordsiffrorna f\u00f6r 2023 bidrar till b\u00e5de \u00f6kade inkomster som till fler arbetstillf\u00e4llen, s\u00e4ger statssekreteraren inom turism Rosa Murillo och Miguel Sanz vid turistmyndigheten Turespa\u00f1a.<\/p>\n<p>Antalet anst\u00e4llda inom turistbranschen steg \u00f6ver 2,5 miljoner personer under 2023.<\/p>\n<p>&#8211; Turismsektorn \u00e4r grundl\u00e4ggande f\u00f6r resten av ekonomin. Vi ska inte bli sj\u00e4lvbel\u00e5tna utan forts\u00e4tta att v\u00e5rda Spaniens magnifika ekonomisk sektor. Att \u00f6ver 84 miljoner m\u00e4nniskor i v\u00e4rlden bes\u00f6ker oss \u00e4r ett uttryck f\u00f6r framg\u00e5ng, s\u00e4ger landets turistminister Jordi Hereu.<\/p>\n<h2>2024<\/h2>\n<p>Utsikterna f\u00f6r 2024 \u00e4r mycket positiva. Siffror f\u00f6r f\u00f6rsta kvartalet d\u00e4r \u00e4ven p\u00e5skveckan Semana santa ing\u00e5r pekar p\u00e5 23,2 miljoner bes\u00f6kare vilket \u00e4r en \u00f6kning med 11 procent j\u00e4mf\u00f6rt med samma period 2023.<\/p>\n<p>Enligt Exceltur, turismsektorns arbetsgivarf\u00f6rening, omsatte turistsektorn 187 miljarder euro om vi \u00e4ven r\u00e4knar in de som turistar p\u00e5 hemmaplan.<\/p>\n<p>Enligt myndigheterna finns det flera omr\u00e5den inom turismen som m\u00e5ste styras upp och bli b\u00e4ttre. Det g\u00e4ller inte minst de illegala turistl\u00e4genheter. Det \u00e4r en hyresmarknad som m\u00e5ste regleras b\u00e4ttre.<\/p>\n<p>Myndigheterna vill \u00e4ven minska trycket p\u00e5 vissa turistt\u00e4ta omr\u00e5den och f\u00f6rs\u00f6ka sprida bes\u00f6kare till fler omr\u00e5den i Spanien dit turister tidigare inte har hittat.<\/p>\n<blockquote class=\"twitter-tweet\" data-media-max-width=\"560\">\n<p dir=\"ltr\" lang=\"es\">\ud83d\udc4f<a href=\"https:\/\/twitter.com\/jordihereub?ref_src=twsrc%5Etfw\">@jordihereub<\/a> confirma un 2023 de r\u00e9cord para el <a href=\"https:\/\/twitter.com\/hashtag\/turismo?src=hash&amp;ref_src=twsrc%5Etfw\">#turismo<\/a>.<\/p>\n<p>\u270584 millones de turistas internacionales<br \/>\n\u2705108 mil M\u20ac de gasto en destino<\/p>\n<p>\ud83d\udd1d<a href=\"https:\/\/twitter.com\/Turespana_?ref_src=twsrc%5Etfw\">@Turespana_<\/a> prev\u00e9 un 10,8% m\u00e1s de visitantes y un 18,5% m\u00e1s de gasto en el primer cuatrimestre de 2024.<\/p>\n<p>\ud83d\uddde\ufe0f<a href=\"https:\/\/t.co\/KJMViG9VS0\">https:\/\/t.co\/KJMViG9VS0<\/a> <a href=\"https:\/\/t.co\/klJSyLKw1S\">pic.twitter.com\/klJSyLKw1S<\/a><\/p>\n<p>\u2014 Ministerio de Industria y Turismo (@minturgob) <a href=\"https:\/\/twitter.com\/minturgob\/status\/1748334383247827247?ref_src=twsrc%5Etfw\">January 19, 2024<\/a><\/p><\/blockquote>\n<p><script async src=\"https:\/\/platform.twitter.com\/widgets.js\" charset=\"utf-8\"><\/script><\/p>\n","protected":false},"excerpt":{"rendered":"<p>Aldrig n\u00e5gonsin har turister fr\u00e5n utlandet p\u00e5 bes\u00f6k i Spanien omsatt s\u00e5 stora summor pengar som under fjol\u00e5ret 2023. \u00d6ver 84 miljoner utl\u00e4ndska bes\u00f6kare omsatta \u00f6ver 108 miljarder euro vilket \u00e4r en \u00f6kning med 17,4 procent j\u00e4mf\u00f6rt med f\u00f6rra rekord\u00e5ret 2019&#8230;<\/p>\n","protected":false},"author":7,"featured_media":56543,"comment_status":"closed","ping_status":"closed","sticky":false,"template":"","format":"standard","meta":{"_et_pb_use_builder":"","_et_pb_old_content":"","_et_gb_content_width":"","footnotes":""},"categories":[395,3],"tags":[],"class_list":["post-69142","post","type-post","status-publish","format-standard","has-post-thumbnail","hentry","category-arkiv-nyheter","category-nyheter"],"yoast_head":"<!-- This site is optimized with the Yoast SEO Premium plugin v26.2 (Yoast SEO v27.4) - https:\/\/yoast.com\/product\/yoast-seo-premium-wordpress\/ -->\n<title>Turister fr\u00e5n utlandet omsatte 108 miljarder euro - Svenska Magasinet<\/title>\n<meta name=\"description\" content=\"Aldrig n\u00e5gonsin har turister fr\u00e5n utlandet p\u00e5 bes\u00f6k i Spanien omsatt s\u00e5 stora summor pengar som under fjol\u00e5ret 2023. \u00d6ver 84 miljoner utl\u00e4ndska bes\u00f6kare omsatta \u00f6ver 108 miljarder euro vilket \u00e4r en \u00f6kning med 17,4 procent j\u00e4mf\u00f6rt med f\u00f6rra rekord\u00e5ret 2019.\" \/>\n<meta name=\"robots\" content=\"noindex, follow, max-snippet:-1, max-image-preview:large, max-video-preview:-1\" \/>\n<meta property=\"og:locale\" content=\"sv_SE\" \/>\n<meta property=\"og:type\" content=\"article\" \/>\n<meta property=\"og:title\" content=\"Turister fr\u00e5n utlandet omsatte 108 miljarder euro\" \/>\n<meta property=\"og:description\" content=\"Aldrig n\u00e5gonsin har turister fr\u00e5n utlandet p\u00e5 bes\u00f6k i Spanien omsatt s\u00e5 stora summor pengar som under fjol\u00e5ret 2023. \u00d6ver 84 miljoner utl\u00e4ndska bes\u00f6kare omsatta \u00f6ver 108 miljarder euro vilket \u00e4r en \u00f6kning med 17,4 procent j\u00e4mf\u00f6rt med f\u00f6rra rekord\u00e5ret 2019.\" \/>\n<meta property=\"og:url\" content=\"https:\/\/lightweb.dev\/l\/svm-temp\/nyheter\/turister-fran-utlandet-omsatte-108-miljarder-euro\/\" \/>\n<meta property=\"og:site_name\" content=\"Svenska Magasinet\" \/>\n<meta property=\"article:publisher\" content=\"https:\/\/www.facebook.com\/svenskamagasinet\" \/>\n<meta property=\"article:published_time\" content=\"2024-01-22T09:54:16+00:00\" \/>\n<meta property=\"og:image\" content=\"https:\/\/lightweb.dev\/l\/svm-temp\/wp-content\/uploads\/2022\/08\/FZI8hw4XoAAO0uq-Stor.jpeg\" \/>\n\t<meta property=\"og:image:width\" content=\"1182\" \/>\n\t<meta property=\"og:image:height\" content=\"791\" \/>\n\t<meta property=\"og:image:type\" content=\"image\/jpeg\" \/>\n<meta name=\"author\" content=\"Ola Josefsson\" \/>\n<meta name=\"twitter:card\" content=\"summary_large_image\" \/>\n<meta name=\"twitter:creator\" content=\"@SvenskaMagasine\" \/>\n<meta name=\"twitter:site\" content=\"@SvenskaMagasine\" \/>\n<script type=\"application\/ld+json\" class=\"yoast-schema-graph\">{\"@context\":\"https:\\\/\\\/schema.org\",\"@graph\":[{\"@type\":\"Article\",\"@id\":\"https:\\\/\\\/lightweb.dev\\\/l\\\/svm-temp\\\/nyheter\\\/turister-fran-utlandet-omsatte-108-miljarder-euro\\\/#article\",\"isPartOf\":{\"@id\":\"https:\\\/\\\/lightweb.dev\\\/l\\\/svm-temp\\\/nyheter\\\/turister-fran-utlandet-omsatte-108-miljarder-euro\\\/\"},\"author\":{\"name\":\"Ola Josefsson\",\"@id\":\"https:\\\/\\\/lightweb.dev\\\/l\\\/svm-temp\\\/#\\\/schema\\\/person\\\/7a82b8a73d171d32360a564b6d03508e\"},\"headline\":\"Turister fr\u00e5n utlandet omsatte 108 miljarder euro\",\"datePublished\":\"2024-01-22T09:54:16+00:00\",\"mainEntityOfPage\":{\"@id\":\"https:\\\/\\\/lightweb.dev\\\/l\\\/svm-temp\\\/nyheter\\\/turister-fran-utlandet-omsatte-108-miljarder-euro\\\/\"},\"wordCount\":424,\"publisher\":{\"@id\":\"https:\\\/\\\/lightweb.dev\\\/l\\\/svm-temp\\\/#organization\"},\"image\":{\"@id\":\"https:\\\/\\\/lightweb.dev\\\/l\\\/svm-temp\\\/nyheter\\\/turister-fran-utlandet-omsatte-108-miljarder-euro\\\/#primaryimage\"},\"thumbnailUrl\":\"https:\\\/\\\/lightweb.dev\\\/l\\\/svm-temp\\\/wp-content\\\/uploads\\\/2022\\\/08\\\/FZI8hw4XoAAO0uq-Stor.jpeg\",\"articleSection\":[\"Arkiv\",\"Nyheter\"],\"inLanguage\":\"sv-SE\"},{\"@type\":\"WebPage\",\"@id\":\"https:\\\/\\\/lightweb.dev\\\/l\\\/svm-temp\\\/nyheter\\\/turister-fran-utlandet-omsatte-108-miljarder-euro\\\/\",\"url\":\"https:\\\/\\\/lightweb.dev\\\/l\\\/svm-temp\\\/nyheter\\\/turister-fran-utlandet-omsatte-108-miljarder-euro\\\/\",\"name\":\"Turister fr\u00e5n utlandet omsatte 108 miljarder euro - Svenska Magasinet\",\"isPartOf\":{\"@id\":\"https:\\\/\\\/lightweb.dev\\\/l\\\/svm-temp\\\/#website\"},\"primaryImageOfPage\":{\"@id\":\"https:\\\/\\\/lightweb.dev\\\/l\\\/svm-temp\\\/nyheter\\\/turister-fran-utlandet-omsatte-108-miljarder-euro\\\/#primaryimage\"},\"image\":{\"@id\":\"https:\\\/\\\/lightweb.dev\\\/l\\\/svm-temp\\\/nyheter\\\/turister-fran-utlandet-omsatte-108-miljarder-euro\\\/#primaryimage\"},\"thumbnailUrl\":\"https:\\\/\\\/lightweb.dev\\\/l\\\/svm-temp\\\/wp-content\\\/uploads\\\/2022\\\/08\\\/FZI8hw4XoAAO0uq-Stor.jpeg\",\"datePublished\":\"2024-01-22T09:54:16+00:00\",\"description\":\"Aldrig n\u00e5gonsin har turister fr\u00e5n utlandet p\u00e5 bes\u00f6k i Spanien omsatt s\u00e5 stora summor pengar som under fjol\u00e5ret 2023. \u00d6ver 84 miljoner utl\u00e4ndska bes\u00f6kare omsatta \u00f6ver 108 miljarder euro vilket \u00e4r en \u00f6kning med 17,4 procent j\u00e4mf\u00f6rt med f\u00f6rra rekord\u00e5ret 2019.\",\"breadcrumb\":{\"@id\":\"https:\\\/\\\/lightweb.dev\\\/l\\\/svm-temp\\\/nyheter\\\/turister-fran-utlandet-omsatte-108-miljarder-euro\\\/#breadcrumb\"},\"inLanguage\":\"sv-SE\",\"potentialAction\":[{\"@type\":\"ReadAction\",\"target\":[\"https:\\\/\\\/lightweb.dev\\\/l\\\/svm-temp\\\/nyheter\\\/turister-fran-utlandet-omsatte-108-miljarder-euro\\\/\"]}]},{\"@type\":\"ImageObject\",\"inLanguage\":\"sv-SE\",\"@id\":\"https:\\\/\\\/lightweb.dev\\\/l\\\/svm-temp\\\/nyheter\\\/turister-fran-utlandet-omsatte-108-miljarder-euro\\\/#primaryimage\",\"url\":\"https:\\\/\\\/lightweb.dev\\\/l\\\/svm-temp\\\/wp-content\\\/uploads\\\/2022\\\/08\\\/FZI8hw4XoAAO0uq-Stor.jpeg\",\"contentUrl\":\"https:\\\/\\\/lightweb.dev\\\/l\\\/svm-temp\\\/wp-content\\\/uploads\\\/2022\\\/08\\\/FZI8hw4XoAAO0uq-Stor.jpeg\",\"width\":1182,\"height\":791,\"caption\":\"(Foto: Twitter @Alicante_City)\"},{\"@type\":\"BreadcrumbList\",\"@id\":\"https:\\\/\\\/lightweb.dev\\\/l\\\/svm-temp\\\/nyheter\\\/turister-fran-utlandet-omsatte-108-miljarder-euro\\\/#breadcrumb\",\"itemListElement\":[{\"@type\":\"ListItem\",\"position\":1,\"name\":\"Hem\",\"item\":\"https:\\\/\\\/lightweb.dev\\\/l\\\/svm-temp\\\/\"},{\"@type\":\"ListItem\",\"position\":2,\"name\":\"Turister fr\u00e5n utlandet omsatte 108 miljarder euro\"}]},{\"@type\":\"WebSite\",\"@id\":\"https:\\\/\\\/lightweb.dev\\\/l\\\/svm-temp\\\/#website\",\"url\":\"https:\\\/\\\/lightweb.dev\\\/l\\\/svm-temp\\\/\",\"name\":\"Svenska Magasinet\",\"description\":\"Dina Spanska nyheter p&aring; Svenska\",\"publisher\":{\"@id\":\"https:\\\/\\\/lightweb.dev\\\/l\\\/svm-temp\\\/#organization\"},\"potentialAction\":[{\"@type\":\"SearchAction\",\"target\":{\"@type\":\"EntryPoint\",\"urlTemplate\":\"https:\\\/\\\/lightweb.dev\\\/l\\\/svm-temp\\\/?s={search_term_string}\"},\"query-input\":{\"@type\":\"PropertyValueSpecification\",\"valueRequired\":true,\"valueName\":\"search_term_string\"}}],\"inLanguage\":\"sv-SE\"},{\"@type\":\"Organization\",\"@id\":\"https:\\\/\\\/lightweb.dev\\\/l\\\/svm-temp\\\/#organization\",\"name\":\"Melkerson y Nott SL\",\"alternateName\":\"Svenska Magasinet\",\"url\":\"https:\\\/\\\/lightweb.dev\\\/l\\\/svm-temp\\\/\",\"logo\":{\"@type\":\"ImageObject\",\"inLanguage\":\"sv-SE\",\"@id\":\"https:\\\/\\\/lightweb.dev\\\/l\\\/svm-temp\\\/#\\\/schema\\\/logo\\\/image\\\/\",\"url\":\"https:\\\/\\\/lightweb.dev\\\/l\\\/svm-temp\\\/wp-content\\\/uploads\\\/2025\\\/02\\\/SvM-logo-Xtra-Centrerad-SVART.png\",\"contentUrl\":\"https:\\\/\\\/lightweb.dev\\\/l\\\/svm-temp\\\/wp-content\\\/uploads\\\/2025\\\/02\\\/SvM-logo-Xtra-Centrerad-SVART.png\",\"width\":300,\"height\":99,\"caption\":\"Melkerson y Nott SL\"},\"image\":{\"@id\":\"https:\\\/\\\/lightweb.dev\\\/l\\\/svm-temp\\\/#\\\/schema\\\/logo\\\/image\\\/\"},\"sameAs\":[\"https:\\\/\\\/www.facebook.com\\\/svenskamagasinet\",\"https:\\\/\\\/x.com\\\/SvenskaMagasine\"]},{\"@type\":\"Person\",\"@id\":\"https:\\\/\\\/lightweb.dev\\\/l\\\/svm-temp\\\/#\\\/schema\\\/person\\\/7a82b8a73d171d32360a564b6d03508e\",\"name\":\"Ola Josefsson\",\"description\":\"Bevakar Solkusten och Spanien sedan 1994.\",\"sameAs\":[\"https:\\\/\\\/lightweb.dev\\\/l\\\/svm-temp\"],\"url\":\"https:\\\/\\\/lightweb.dev\\\/l\\\/svm-temp\\\/reporter\\\/ola-josefsson\\\/\"}]}<\/script>\n<!-- \/ Yoast SEO Premium plugin. -->","yoast_head_json":{"title":"Turister fr\u00e5n utlandet omsatte 108 miljarder euro - Svenska Magasinet","description":"Aldrig n\u00e5gonsin har turister fr\u00e5n utlandet p\u00e5 bes\u00f6k i Spanien omsatt s\u00e5 stora summor pengar som under fjol\u00e5ret 2023. \u00d6ver 84 miljoner utl\u00e4ndska bes\u00f6kare omsatta \u00f6ver 108 miljarder euro vilket \u00e4r en \u00f6kning med 17,4 procent j\u00e4mf\u00f6rt med f\u00f6rra rekord\u00e5ret 2019.","robots":{"index":"noindex","follow":"follow","max-snippet":"max-snippet:-1","max-image-preview":"max-image-preview:large","max-video-preview":"max-video-preview:-1"},"og_locale":"sv_SE","og_type":"article","og_title":"Turister fr\u00e5n utlandet omsatte 108 miljarder euro","og_description":"Aldrig n\u00e5gonsin har turister fr\u00e5n utlandet p\u00e5 bes\u00f6k i Spanien omsatt s\u00e5 stora summor pengar som under fjol\u00e5ret 2023. \u00d6ver 84 miljoner utl\u00e4ndska bes\u00f6kare omsatta \u00f6ver 108 miljarder euro vilket \u00e4r en \u00f6kning med 17,4 procent j\u00e4mf\u00f6rt med f\u00f6rra rekord\u00e5ret 2019.","og_url":"https:\/\/lightweb.dev\/l\/svm-temp\/nyheter\/turister-fran-utlandet-omsatte-108-miljarder-euro\/","og_site_name":"Svenska Magasinet","article_publisher":"https:\/\/www.facebook.com\/svenskamagasinet","article_published_time":"2024-01-22T09:54:16+00:00","og_image":[{"width":1182,"height":791,"url":"https:\/\/lightweb.dev\/l\/svm-temp\/wp-content\/uploads\/2022\/08\/FZI8hw4XoAAO0uq-Stor.jpeg","type":"image\/jpeg"}],"author":"Ola Josefsson","twitter_card":"summary_large_image","twitter_creator":"@SvenskaMagasine","twitter_site":"@SvenskaMagasine","schema":{"@context":"https:\/\/schema.org","@graph":[{"@type":"Article","@id":"https:\/\/lightweb.dev\/l\/svm-temp\/nyheter\/turister-fran-utlandet-omsatte-108-miljarder-euro\/#article","isPartOf":{"@id":"https:\/\/lightweb.dev\/l\/svm-temp\/nyheter\/turister-fran-utlandet-omsatte-108-miljarder-euro\/"},"author":{"name":"Ola Josefsson","@id":"https:\/\/lightweb.dev\/l\/svm-temp\/#\/schema\/person\/7a82b8a73d171d32360a564b6d03508e"},"headline":"Turister fr\u00e5n utlandet omsatte 108 miljarder euro","datePublished":"2024-01-22T09:54:16+00:00","mainEntityOfPage":{"@id":"https:\/\/lightweb.dev\/l\/svm-temp\/nyheter\/turister-fran-utlandet-omsatte-108-miljarder-euro\/"},"wordCount":424,"publisher":{"@id":"https:\/\/lightweb.dev\/l\/svm-temp\/#organization"},"image":{"@id":"https:\/\/lightweb.dev\/l\/svm-temp\/nyheter\/turister-fran-utlandet-omsatte-108-miljarder-euro\/#primaryimage"},"thumbnailUrl":"https:\/\/lightweb.dev\/l\/svm-temp\/wp-content\/uploads\/2022\/08\/FZI8hw4XoAAO0uq-Stor.jpeg","articleSection":["Arkiv","Nyheter"],"inLanguage":"sv-SE"},{"@type":"WebPage","@id":"https:\/\/lightweb.dev\/l\/svm-temp\/nyheter\/turister-fran-utlandet-omsatte-108-miljarder-euro\/","url":"https:\/\/lightweb.dev\/l\/svm-temp\/nyheter\/turister-fran-utlandet-omsatte-108-miljarder-euro\/","name":"Turister fr\u00e5n utlandet omsatte 108 miljarder euro - Svenska Magasinet","isPartOf":{"@id":"https:\/\/lightweb.dev\/l\/svm-temp\/#website"},"primaryImageOfPage":{"@id":"https:\/\/lightweb.dev\/l\/svm-temp\/nyheter\/turister-fran-utlandet-omsatte-108-miljarder-euro\/#primaryimage"},"image":{"@id":"https:\/\/lightweb.dev\/l\/svm-temp\/nyheter\/turister-fran-utlandet-omsatte-108-miljarder-euro\/#primaryimage"},"thumbnailUrl":"https:\/\/lightweb.dev\/l\/svm-temp\/wp-content\/uploads\/2022\/08\/FZI8hw4XoAAO0uq-Stor.jpeg","datePublished":"2024-01-22T09:54:16+00:00","description":"Aldrig n\u00e5gonsin har turister fr\u00e5n utlandet p\u00e5 bes\u00f6k i Spanien omsatt s\u00e5 stora summor pengar som under fjol\u00e5ret 2023. \u00d6ver 84 miljoner utl\u00e4ndska bes\u00f6kare omsatta \u00f6ver 108 miljarder euro vilket \u00e4r en \u00f6kning med 17,4 procent j\u00e4mf\u00f6rt med f\u00f6rra rekord\u00e5ret 2019.","breadcrumb":{"@id":"https:\/\/lightweb.dev\/l\/svm-temp\/nyheter\/turister-fran-utlandet-omsatte-108-miljarder-euro\/#breadcrumb"},"inLanguage":"sv-SE","potentialAction":[{"@type":"ReadAction","target":["https:\/\/lightweb.dev\/l\/svm-temp\/nyheter\/turister-fran-utlandet-omsatte-108-miljarder-euro\/"]}]},{"@type":"ImageObject","inLanguage":"sv-SE","@id":"https:\/\/lightweb.dev\/l\/svm-temp\/nyheter\/turister-fran-utlandet-omsatte-108-miljarder-euro\/#primaryimage","url":"https:\/\/lightweb.dev\/l\/svm-temp\/wp-content\/uploads\/2022\/08\/FZI8hw4XoAAO0uq-Stor.jpeg","contentUrl":"https:\/\/lightweb.dev\/l\/svm-temp\/wp-content\/uploads\/2022\/08\/FZI8hw4XoAAO0uq-Stor.jpeg","width":1182,"height":791,"caption":"(Foto: Twitter @Alicante_City)"},{"@type":"BreadcrumbList","@id":"https:\/\/lightweb.dev\/l\/svm-temp\/nyheter\/turister-fran-utlandet-omsatte-108-miljarder-euro\/#breadcrumb","itemListElement":[{"@type":"ListItem","position":1,"name":"Hem","item":"https:\/\/lightweb.dev\/l\/svm-temp\/"},{"@type":"ListItem","position":2,"name":"Turister fr\u00e5n utlandet omsatte 108 miljarder euro"}]},{"@type":"WebSite","@id":"https:\/\/lightweb.dev\/l\/svm-temp\/#website","url":"https:\/\/lightweb.dev\/l\/svm-temp\/","name":"Svenska Magasinet","description":"Dina Spanska nyheter p&aring; Svenska","publisher":{"@id":"https:\/\/lightweb.dev\/l\/svm-temp\/#organization"},"potentialAction":[{"@type":"SearchAction","target":{"@type":"EntryPoint","urlTemplate":"https:\/\/lightweb.dev\/l\/svm-temp\/?s={search_term_string}"},"query-input":{"@type":"PropertyValueSpecification","valueRequired":true,"valueName":"search_term_string"}}],"inLanguage":"sv-SE"},{"@type":"Organization","@id":"https:\/\/lightweb.dev\/l\/svm-temp\/#organization","name":"Melkerson y Nott SL","alternateName":"Svenska Magasinet","url":"https:\/\/lightweb.dev\/l\/svm-temp\/","logo":{"@type":"ImageObject","inLanguage":"sv-SE","@id":"https:\/\/lightweb.dev\/l\/svm-temp\/#\/schema\/logo\/image\/","url":"https:\/\/lightweb.dev\/l\/svm-temp\/wp-content\/uploads\/2025\/02\/SvM-logo-Xtra-Centrerad-SVART.png","contentUrl":"https:\/\/lightweb.dev\/l\/svm-temp\/wp-content\/uploads\/2025\/02\/SvM-logo-Xtra-Centrerad-SVART.png","width":300,"height":99,"caption":"Melkerson y Nott SL"},"image":{"@id":"https:\/\/lightweb.dev\/l\/svm-temp\/#\/schema\/logo\/image\/"},"sameAs":["https:\/\/www.facebook.com\/svenskamagasinet","https:\/\/x.com\/SvenskaMagasine"]},{"@type":"Person","@id":"https:\/\/lightweb.dev\/l\/svm-temp\/#\/schema\/person\/7a82b8a73d171d32360a564b6d03508e","name":"Ola Josefsson","description":"Bevakar Solkusten och Spanien sedan 1994.","sameAs":["https:\/\/lightweb.dev\/l\/svm-temp"],"url":"https:\/\/lightweb.dev\/l\/svm-temp\/reporter\/ola-josefsson\/"}]}},"_links":{"self":[{"href":"https:\/\/lightweb.dev\/l\/svm-temp\/wp-json\/wp\/v2\/posts\/69142","targetHints":{"allow":["GET"]}}],"collection":[{"href":"https:\/\/lightweb.dev\/l\/svm-temp\/wp-json\/wp\/v2\/posts"}],"about":[{"href":"https:\/\/lightweb.dev\/l\/svm-temp\/wp-json\/wp\/v2\/types\/post"}],"author":[{"embeddable":true,"href":"https:\/\/lightweb.dev\/l\/svm-temp\/wp-json\/wp\/v2\/users\/7"}],"replies":[{"embeddable":true,"href":"https:\/\/lightweb.dev\/l\/svm-temp\/wp-json\/wp\/v2\/comments?post=69142"}],"version-history":[{"count":0,"href":"https:\/\/lightweb.dev\/l\/svm-temp\/wp-json\/wp\/v2\/posts\/69142\/revisions"}],"wp:featuredmedia":[{"embeddable":true,"href":"https:\/\/lightweb.dev\/l\/svm-temp\/wp-json\/wp\/v2\/media\/56543"}],"wp:attachment":[{"href":"https:\/\/lightweb.dev\/l\/svm-temp\/wp-json\/wp\/v2\/media?parent=69142"}],"wp:term":[{"taxonomy":"category","embeddable":true,"href":"https:\/\/lightweb.dev\/l\/svm-temp\/wp-json\/wp\/v2\/categories?post=69142"},{"taxonomy":"post_tag","embeddable":true,"href":"https:\/\/lightweb.dev\/l\/svm-temp\/wp-json\/wp\/v2\/tags?post=69142"}],"curies":[{"name":"wp","href":"https:\/\/api.w.org\/{rel}","templated":true}]}}