{"id":69201,"date":"2024-01-25T16:11:38","date_gmt":"2024-01-25T15:11:38","guid":{"rendered":"https:\/\/lightweb.dev\/l\/svm-temp\/?p=69201"},"modified":"2024-01-25T16:12:11","modified_gmt":"2024-01-25T15:12:11","slug":"dromlyan-att-hyra-i-malaga","status":"publish","type":"post","link":"https:\/\/lightweb.dev\/l\/svm-temp\/nyheter\/dromlyan-att-hyra-i-malaga\/","title":{"rendered":"Dr\u00f6mlyan att hyra i M\u00e1laga"},"content":{"rendered":"<p><strong>En m\u00e5nadshyra p\u00e5 4.500 euro. Det kostar en hyresbostad med bra utsikt i de nybyggda h\u00f6ga \u201dlas torres de Martiricos\u201d vid fotbollsstadion La Rosaleda i M\u00e1laga.<\/strong><\/p>\n<p><strong>Om priset l\u00e5g p\u00e5 250.000 till 600.000 euro vid k\u00f6p s\u00e5 ligger \u00e4ven hyran h\u00f6gt.<\/strong><\/p>\n<div id=\"attachment_69203\" style=\"width: 310px\" class=\"wp-caption alignright\"><img loading=\"lazy\" decoding=\"async\" aria-describedby=\"caption-attachment-69203\" class=\"size-medium wp-image-69203\" src=\"https:\/\/lightweb.dev\/l\/svm-temp\/wp-content\/uploads\/2024\/01\/748435565_231631862_1706x960-stor-300x169.jpeg\" alt=\"\" width=\"300\" height=\"169\" srcset=\"https:\/\/lightweb.dev\/l\/svm-temp\/wp-content\/uploads\/2024\/01\/748435565_231631862_1706x960-stor-300x169.jpeg 300w, https:\/\/lightweb.dev\/l\/svm-temp\/wp-content\/uploads\/2024\/01\/748435565_231631862_1706x960-stor-900x506.jpeg 900w, https:\/\/lightweb.dev\/l\/svm-temp\/wp-content\/uploads\/2024\/01\/748435565_231631862_1706x960-stor-768x432.jpeg 768w, https:\/\/lightweb.dev\/l\/svm-temp\/wp-content\/uploads\/2024\/01\/748435565_231631862_1706x960-stor-610x343.jpeg 610w, https:\/\/lightweb.dev\/l\/svm-temp\/wp-content\/uploads\/2024\/01\/748435565_231631862_1706x960-stor-1080x608.jpeg 1080w, https:\/\/lightweb.dev\/l\/svm-temp\/wp-content\/uploads\/2024\/01\/748435565_231631862_1706x960-stor-600x338.jpeg 600w, https:\/\/lightweb.dev\/l\/svm-temp\/wp-content\/uploads\/2024\/01\/748435565_231631862_1706x960-stor.jpeg 1280w\" sizes=\"(max-width: 300px) 100vw, 300px\" \/><p id=\"caption-attachment-69203\" class=\"wp-caption-text\">\u201dLas torres de Martiricos\u201d \u00e4r de h\u00f6gsta husen i centrala M\u00e1laga.<\/p><\/div>\n<p>P\u00e5 fastighetsportalen Idealista finns flera hyresannonser utlagda. Som den p\u00e5 v\u00e5ning 17 som kostar 4.500 euro i m\u00e5naden. Och d\u00e5 \u00e4r det \u00e4nd\u00e5 med tio procents rabatt.<\/p>\n<p>Det \u00e4r At Home Costa del Sol som har lagt ut annonsen p\u00e5 bostaden som m\u00e4ter 120 kvadratmeter med tre sovrum. En rymlig terrass med en imponerande panoramautsikt ing\u00e5r ocks\u00e5.<\/p>\n<p>I priset p\u00e5 4.500 euro ing\u00e5r parkeringsplats och f\u00f6rr\u00e5d. I tornen finns gemensamma utrymmen som pool, biograf, tv\u00e4ttinr\u00e4ttning och gym.<\/p>\n<p>P\u00e5 f\u00f6rsta v\u00e5ningen finns l\u00e4genheter p\u00e5 80 kvadratmeter med en hyra p\u00e5 2.000 euro.<\/p>\n<p>De tv\u00e5 tornen inneh\u00e5ller 198 bost\u00e4der plus tv\u00e5 hotell (norra) och 252 bost\u00e4der (s\u00f6dra).<\/p>\n<blockquote class=\"twitter-tweet\" data-media-max-width=\"560\">\n<p dir=\"ltr\" lang=\"und\">M\u00e1laga 120m2 4.500\u20ac<br \/>\nNew York (Manhattan Central Park )65m2 3.995$<br \/>\nMiami (Brickell) 60m2 2.400\u20ac <a href=\"https:\/\/t.co\/kiF7vJtS7d\">pic.twitter.com\/kiF7vJtS7d<\/a><\/p>\n<p>\u2014 Real Estate vibes (@DavidSolhi) <a href=\"https:\/\/twitter.com\/DavidSolhi\/status\/1750057333818863640?ref_src=twsrc%5Etfw\">January 24, 2024<\/a><\/p><\/blockquote>\n<p><script async src=\"https:\/\/platform.twitter.com\/widgets.js\" charset=\"utf-8\"><\/script><\/p>\n","protected":false},"excerpt":{"rendered":"<p>En m\u00e5nadshyra p\u00e5 4.500 euro. Det kostar en hyresbostad med bra utsikt i de nybyggda h\u00f6ga \u201dlas torres de Martiricos\u201d vid fotbollsstadion La Rosaleda i M\u00e1laga&#8230;.<\/p>\n","protected":false},"author":7,"featured_media":69202,"comment_status":"closed","ping_status":"closed","sticky":false,"template":"","format":"standard","meta":{"_et_pb_use_builder":"","_et_pb_old_content":"","_et_gb_content_width":"","footnotes":""},"categories":[395,3],"tags":[],"class_list":["post-69201","post","type-post","status-publish","format-standard","has-post-thumbnail","hentry","category-arkiv-nyheter","category-nyheter"],"yoast_head":"<!-- This site is optimized with the Yoast SEO Premium plugin v26.2 (Yoast SEO v27.4) - https:\/\/yoast.com\/product\/yoast-seo-premium-wordpress\/ -->\n<title>Dr\u00f6mlyan att hyra i M\u00e1laga - Svenska Magasinet<\/title>\n<meta name=\"description\" content=\"En m\u00e5nadshyra p\u00e5 4.500 euro. Det kostar en hyresbostad med bra utsikt i de nybyggda h\u00f6ga \u201dlas torres de Martiricos\u201d vid fotbollsstadion La Rosaleda i M\u00e1laga. Om priset l\u00e5g p\u00e5 250.000 till 600.000 euro vid k\u00f6p s\u00e5 ligger \u00e4ven hyran h\u00f6gt.\" \/>\n<meta name=\"robots\" content=\"noindex, follow, max-snippet:-1, max-image-preview:large, max-video-preview:-1\" \/>\n<meta property=\"og:locale\" content=\"sv_SE\" \/>\n<meta property=\"og:type\" content=\"article\" \/>\n<meta property=\"og:title\" content=\"Dr\u00f6mlyan att hyra i M\u00e1laga\" \/>\n<meta property=\"og:description\" content=\"En m\u00e5nadshyra p\u00e5 4.500 euro. Det kostar en hyresbostad med bra utsikt i de nybyggda h\u00f6ga \u201dlas torres de Martiricos\u201d vid fotbollsstadion La Rosaleda i M\u00e1laga. Om priset l\u00e5g p\u00e5 250.000 till 600.000 euro vid k\u00f6p s\u00e5 ligger \u00e4ven hyran h\u00f6gt.\" \/>\n<meta property=\"og:url\" content=\"https:\/\/lightweb.dev\/l\/svm-temp\/artiklar\/hem-bostad\/dromlyan-att-hyra-i-malaga\/\" \/>\n<meta property=\"og:site_name\" content=\"Svenska Magasinet\" \/>\n<meta property=\"article:publisher\" content=\"https:\/\/www.facebook.com\/svenskamagasinet\" \/>\n<meta property=\"article:published_time\" content=\"2024-01-25T15:11:38+00:00\" \/>\n<meta property=\"article:modified_time\" content=\"2024-01-25T15:12:11+00:00\" \/>\n<meta property=\"og:image\" content=\"https:\/\/lightweb.dev\/l\/svm-temp\/wp-content\/uploads\/2024\/01\/AQ-Urban-Sky-General-1536x864-stor.jpeg\" \/>\n\t<meta property=\"og:image:width\" content=\"1280\" \/>\n\t<meta property=\"og:image:height\" content=\"720\" \/>\n\t<meta property=\"og:image:type\" content=\"image\/jpeg\" \/>\n<meta name=\"author\" content=\"Ola Josefsson\" \/>\n<meta name=\"twitter:card\" content=\"summary_large_image\" \/>\n<meta name=\"twitter:creator\" content=\"@SvenskaMagasine\" \/>\n<meta name=\"twitter:site\" content=\"@SvenskaMagasine\" \/>\n<script type=\"application\/ld+json\" class=\"yoast-schema-graph\">{\"@context\":\"https:\\\/\\\/schema.org\",\"@graph\":[{\"@type\":\"Article\",\"@id\":\"https:\\\/\\\/lightweb.dev\\\/l\\\/svm-temp\\\/artiklar\\\/hem-bostad\\\/dromlyan-att-hyra-i-malaga\\\/#article\",\"isPartOf\":{\"@id\":\"https:\\\/\\\/lightweb.dev\\\/l\\\/svm-temp\\\/artiklar\\\/hem-bostad\\\/dromlyan-att-hyra-i-malaga\\\/\"},\"author\":{\"name\":\"Ola Josefsson\",\"@id\":\"https:\\\/\\\/lightweb.dev\\\/l\\\/svm-temp\\\/#\\\/schema\\\/person\\\/7a82b8a73d171d32360a564b6d03508e\"},\"headline\":\"Dr\u00f6mlyan att hyra i M\u00e1laga\",\"datePublished\":\"2024-01-25T15:11:38+00:00\",\"dateModified\":\"2024-01-25T15:12:11+00:00\",\"mainEntityOfPage\":{\"@id\":\"https:\\\/\\\/lightweb.dev\\\/l\\\/svm-temp\\\/artiklar\\\/hem-bostad\\\/dromlyan-att-hyra-i-malaga\\\/\"},\"wordCount\":207,\"publisher\":{\"@id\":\"https:\\\/\\\/lightweb.dev\\\/l\\\/svm-temp\\\/#organization\"},\"image\":{\"@id\":\"https:\\\/\\\/lightweb.dev\\\/l\\\/svm-temp\\\/artiklar\\\/hem-bostad\\\/dromlyan-att-hyra-i-malaga\\\/#primaryimage\"},\"thumbnailUrl\":\"https:\\\/\\\/lightweb.dev\\\/l\\\/svm-temp\\\/wp-content\\\/uploads\\\/2024\\\/01\\\/AQ-Urban-Sky-General-1536x864-stor.jpeg\",\"articleSection\":[\"Arkiv\",\"Nyheter\"],\"inLanguage\":\"sv-SE\"},{\"@type\":\"WebPage\",\"@id\":\"https:\\\/\\\/lightweb.dev\\\/l\\\/svm-temp\\\/artiklar\\\/hem-bostad\\\/dromlyan-att-hyra-i-malaga\\\/\",\"url\":\"https:\\\/\\\/lightweb.dev\\\/l\\\/svm-temp\\\/artiklar\\\/hem-bostad\\\/dromlyan-att-hyra-i-malaga\\\/\",\"name\":\"Dr\u00f6mlyan att hyra i M\u00e1laga - Svenska Magasinet\",\"isPartOf\":{\"@id\":\"https:\\\/\\\/lightweb.dev\\\/l\\\/svm-temp\\\/#website\"},\"primaryImageOfPage\":{\"@id\":\"https:\\\/\\\/lightweb.dev\\\/l\\\/svm-temp\\\/artiklar\\\/hem-bostad\\\/dromlyan-att-hyra-i-malaga\\\/#primaryimage\"},\"image\":{\"@id\":\"https:\\\/\\\/lightweb.dev\\\/l\\\/svm-temp\\\/artiklar\\\/hem-bostad\\\/dromlyan-att-hyra-i-malaga\\\/#primaryimage\"},\"thumbnailUrl\":\"https:\\\/\\\/lightweb.dev\\\/l\\\/svm-temp\\\/wp-content\\\/uploads\\\/2024\\\/01\\\/AQ-Urban-Sky-General-1536x864-stor.jpeg\",\"datePublished\":\"2024-01-25T15:11:38+00:00\",\"dateModified\":\"2024-01-25T15:12:11+00:00\",\"description\":\"En m\u00e5nadshyra p\u00e5 4.500 euro. Det kostar en hyresbostad med bra utsikt i de nybyggda h\u00f6ga \u201dlas torres de Martiricos\u201d vid fotbollsstadion La Rosaleda i M\u00e1laga. Om priset l\u00e5g p\u00e5 250.000 till 600.000 euro vid k\u00f6p s\u00e5 ligger \u00e4ven hyran h\u00f6gt.\",\"breadcrumb\":{\"@id\":\"https:\\\/\\\/lightweb.dev\\\/l\\\/svm-temp\\\/artiklar\\\/hem-bostad\\\/dromlyan-att-hyra-i-malaga\\\/#breadcrumb\"},\"inLanguage\":\"sv-SE\",\"potentialAction\":[{\"@type\":\"ReadAction\",\"target\":[\"https:\\\/\\\/lightweb.dev\\\/l\\\/svm-temp\\\/artiklar\\\/hem-bostad\\\/dromlyan-att-hyra-i-malaga\\\/\"]}]},{\"@type\":\"ImageObject\",\"inLanguage\":\"sv-SE\",\"@id\":\"https:\\\/\\\/lightweb.dev\\\/l\\\/svm-temp\\\/artiklar\\\/hem-bostad\\\/dromlyan-att-hyra-i-malaga\\\/#primaryimage\",\"url\":\"https:\\\/\\\/lightweb.dev\\\/l\\\/svm-temp\\\/wp-content\\\/uploads\\\/2024\\\/01\\\/AQ-Urban-Sky-General-1536x864-stor.jpeg\",\"contentUrl\":\"https:\\\/\\\/lightweb.dev\\\/l\\\/svm-temp\\\/wp-content\\\/uploads\\\/2024\\\/01\\\/AQ-Urban-Sky-General-1536x864-stor.jpeg\",\"width\":1280,\"height\":720},{\"@type\":\"BreadcrumbList\",\"@id\":\"https:\\\/\\\/lightweb.dev\\\/l\\\/svm-temp\\\/artiklar\\\/hem-bostad\\\/dromlyan-att-hyra-i-malaga\\\/#breadcrumb\",\"itemListElement\":[{\"@type\":\"ListItem\",\"position\":1,\"name\":\"Hem\",\"item\":\"https:\\\/\\\/lightweb.dev\\\/l\\\/svm-temp\\\/\"},{\"@type\":\"ListItem\",\"position\":2,\"name\":\"Dr\u00f6mlyan att hyra i M\u00e1laga\"}]},{\"@type\":\"WebSite\",\"@id\":\"https:\\\/\\\/lightweb.dev\\\/l\\\/svm-temp\\\/#website\",\"url\":\"https:\\\/\\\/lightweb.dev\\\/l\\\/svm-temp\\\/\",\"name\":\"Svenska Magasinet\",\"description\":\"Dina Spanska nyheter p&aring; Svenska\",\"publisher\":{\"@id\":\"https:\\\/\\\/lightweb.dev\\\/l\\\/svm-temp\\\/#organization\"},\"potentialAction\":[{\"@type\":\"SearchAction\",\"target\":{\"@type\":\"EntryPoint\",\"urlTemplate\":\"https:\\\/\\\/lightweb.dev\\\/l\\\/svm-temp\\\/?s={search_term_string}\"},\"query-input\":{\"@type\":\"PropertyValueSpecification\",\"valueRequired\":true,\"valueName\":\"search_term_string\"}}],\"inLanguage\":\"sv-SE\"},{\"@type\":\"Organization\",\"@id\":\"https:\\\/\\\/lightweb.dev\\\/l\\\/svm-temp\\\/#organization\",\"name\":\"Melkerson y Nott SL\",\"alternateName\":\"Svenska Magasinet\",\"url\":\"https:\\\/\\\/lightweb.dev\\\/l\\\/svm-temp\\\/\",\"logo\":{\"@type\":\"ImageObject\",\"inLanguage\":\"sv-SE\",\"@id\":\"https:\\\/\\\/lightweb.dev\\\/l\\\/svm-temp\\\/#\\\/schema\\\/logo\\\/image\\\/\",\"url\":\"https:\\\/\\\/lightweb.dev\\\/l\\\/svm-temp\\\/wp-content\\\/uploads\\\/2025\\\/02\\\/SvM-logo-Xtra-Centrerad-SVART.png\",\"contentUrl\":\"https:\\\/\\\/lightweb.dev\\\/l\\\/svm-temp\\\/wp-content\\\/uploads\\\/2025\\\/02\\\/SvM-logo-Xtra-Centrerad-SVART.png\",\"width\":300,\"height\":99,\"caption\":\"Melkerson y Nott SL\"},\"image\":{\"@id\":\"https:\\\/\\\/lightweb.dev\\\/l\\\/svm-temp\\\/#\\\/schema\\\/logo\\\/image\\\/\"},\"sameAs\":[\"https:\\\/\\\/www.facebook.com\\\/svenskamagasinet\",\"https:\\\/\\\/x.com\\\/SvenskaMagasine\"]},{\"@type\":\"Person\",\"@id\":\"https:\\\/\\\/lightweb.dev\\\/l\\\/svm-temp\\\/#\\\/schema\\\/person\\\/7a82b8a73d171d32360a564b6d03508e\",\"name\":\"Ola Josefsson\",\"description\":\"Bevakar Solkusten och Spanien sedan 1994.\",\"sameAs\":[\"https:\\\/\\\/lightweb.dev\\\/l\\\/svm-temp\"],\"url\":\"https:\\\/\\\/lightweb.dev\\\/l\\\/svm-temp\\\/reporter\\\/ola-josefsson\\\/\"}]}<\/script>\n<!-- \/ Yoast SEO Premium plugin. -->","yoast_head_json":{"title":"Dr\u00f6mlyan att hyra i M\u00e1laga - Svenska Magasinet","description":"En m\u00e5nadshyra p\u00e5 4.500 euro. Det kostar en hyresbostad med bra utsikt i de nybyggda h\u00f6ga \u201dlas torres de Martiricos\u201d vid fotbollsstadion La Rosaleda i M\u00e1laga. Om priset l\u00e5g p\u00e5 250.000 till 600.000 euro vid k\u00f6p s\u00e5 ligger \u00e4ven hyran h\u00f6gt.","robots":{"index":"noindex","follow":"follow","max-snippet":"max-snippet:-1","max-image-preview":"max-image-preview:large","max-video-preview":"max-video-preview:-1"},"og_locale":"sv_SE","og_type":"article","og_title":"Dr\u00f6mlyan att hyra i M\u00e1laga","og_description":"En m\u00e5nadshyra p\u00e5 4.500 euro. Det kostar en hyresbostad med bra utsikt i de nybyggda h\u00f6ga \u201dlas torres de Martiricos\u201d vid fotbollsstadion La Rosaleda i M\u00e1laga. Om priset l\u00e5g p\u00e5 250.000 till 600.000 euro vid k\u00f6p s\u00e5 ligger \u00e4ven hyran h\u00f6gt.","og_url":"https:\/\/lightweb.dev\/l\/svm-temp\/artiklar\/hem-bostad\/dromlyan-att-hyra-i-malaga\/","og_site_name":"Svenska Magasinet","article_publisher":"https:\/\/www.facebook.com\/svenskamagasinet","article_published_time":"2024-01-25T15:11:38+00:00","article_modified_time":"2024-01-25T15:12:11+00:00","og_image":[{"width":1280,"height":720,"url":"https:\/\/lightweb.dev\/l\/svm-temp\/wp-content\/uploads\/2024\/01\/AQ-Urban-Sky-General-1536x864-stor.jpeg","type":"image\/jpeg"}],"author":"Ola Josefsson","twitter_card":"summary_large_image","twitter_creator":"@SvenskaMagasine","twitter_site":"@SvenskaMagasine","schema":{"@context":"https:\/\/schema.org","@graph":[{"@type":"Article","@id":"https:\/\/lightweb.dev\/l\/svm-temp\/artiklar\/hem-bostad\/dromlyan-att-hyra-i-malaga\/#article","isPartOf":{"@id":"https:\/\/lightweb.dev\/l\/svm-temp\/artiklar\/hem-bostad\/dromlyan-att-hyra-i-malaga\/"},"author":{"name":"Ola Josefsson","@id":"https:\/\/lightweb.dev\/l\/svm-temp\/#\/schema\/person\/7a82b8a73d171d32360a564b6d03508e"},"headline":"Dr\u00f6mlyan att hyra i M\u00e1laga","datePublished":"2024-01-25T15:11:38+00:00","dateModified":"2024-01-25T15:12:11+00:00","mainEntityOfPage":{"@id":"https:\/\/lightweb.dev\/l\/svm-temp\/artiklar\/hem-bostad\/dromlyan-att-hyra-i-malaga\/"},"wordCount":207,"publisher":{"@id":"https:\/\/lightweb.dev\/l\/svm-temp\/#organization"},"image":{"@id":"https:\/\/lightweb.dev\/l\/svm-temp\/artiklar\/hem-bostad\/dromlyan-att-hyra-i-malaga\/#primaryimage"},"thumbnailUrl":"https:\/\/lightweb.dev\/l\/svm-temp\/wp-content\/uploads\/2024\/01\/AQ-Urban-Sky-General-1536x864-stor.jpeg","articleSection":["Arkiv","Nyheter"],"inLanguage":"sv-SE"},{"@type":"WebPage","@id":"https:\/\/lightweb.dev\/l\/svm-temp\/artiklar\/hem-bostad\/dromlyan-att-hyra-i-malaga\/","url":"https:\/\/lightweb.dev\/l\/svm-temp\/artiklar\/hem-bostad\/dromlyan-att-hyra-i-malaga\/","name":"Dr\u00f6mlyan att hyra i M\u00e1laga - Svenska Magasinet","isPartOf":{"@id":"https:\/\/lightweb.dev\/l\/svm-temp\/#website"},"primaryImageOfPage":{"@id":"https:\/\/lightweb.dev\/l\/svm-temp\/artiklar\/hem-bostad\/dromlyan-att-hyra-i-malaga\/#primaryimage"},"image":{"@id":"https:\/\/lightweb.dev\/l\/svm-temp\/artiklar\/hem-bostad\/dromlyan-att-hyra-i-malaga\/#primaryimage"},"thumbnailUrl":"https:\/\/lightweb.dev\/l\/svm-temp\/wp-content\/uploads\/2024\/01\/AQ-Urban-Sky-General-1536x864-stor.jpeg","datePublished":"2024-01-25T15:11:38+00:00","dateModified":"2024-01-25T15:12:11+00:00","description":"En m\u00e5nadshyra p\u00e5 4.500 euro. Det kostar en hyresbostad med bra utsikt i de nybyggda h\u00f6ga \u201dlas torres de Martiricos\u201d vid fotbollsstadion La Rosaleda i M\u00e1laga. Om priset l\u00e5g p\u00e5 250.000 till 600.000 euro vid k\u00f6p s\u00e5 ligger \u00e4ven hyran h\u00f6gt.","breadcrumb":{"@id":"https:\/\/lightweb.dev\/l\/svm-temp\/artiklar\/hem-bostad\/dromlyan-att-hyra-i-malaga\/#breadcrumb"},"inLanguage":"sv-SE","potentialAction":[{"@type":"ReadAction","target":["https:\/\/lightweb.dev\/l\/svm-temp\/artiklar\/hem-bostad\/dromlyan-att-hyra-i-malaga\/"]}]},{"@type":"ImageObject","inLanguage":"sv-SE","@id":"https:\/\/lightweb.dev\/l\/svm-temp\/artiklar\/hem-bostad\/dromlyan-att-hyra-i-malaga\/#primaryimage","url":"https:\/\/lightweb.dev\/l\/svm-temp\/wp-content\/uploads\/2024\/01\/AQ-Urban-Sky-General-1536x864-stor.jpeg","contentUrl":"https:\/\/lightweb.dev\/l\/svm-temp\/wp-content\/uploads\/2024\/01\/AQ-Urban-Sky-General-1536x864-stor.jpeg","width":1280,"height":720},{"@type":"BreadcrumbList","@id":"https:\/\/lightweb.dev\/l\/svm-temp\/artiklar\/hem-bostad\/dromlyan-att-hyra-i-malaga\/#breadcrumb","itemListElement":[{"@type":"ListItem","position":1,"name":"Hem","item":"https:\/\/lightweb.dev\/l\/svm-temp\/"},{"@type":"ListItem","position":2,"name":"Dr\u00f6mlyan att hyra i M\u00e1laga"}]},{"@type":"WebSite","@id":"https:\/\/lightweb.dev\/l\/svm-temp\/#website","url":"https:\/\/lightweb.dev\/l\/svm-temp\/","name":"Svenska Magasinet","description":"Dina Spanska nyheter p&aring; Svenska","publisher":{"@id":"https:\/\/lightweb.dev\/l\/svm-temp\/#organization"},"potentialAction":[{"@type":"SearchAction","target":{"@type":"EntryPoint","urlTemplate":"https:\/\/lightweb.dev\/l\/svm-temp\/?s={search_term_string}"},"query-input":{"@type":"PropertyValueSpecification","valueRequired":true,"valueName":"search_term_string"}}],"inLanguage":"sv-SE"},{"@type":"Organization","@id":"https:\/\/lightweb.dev\/l\/svm-temp\/#organization","name":"Melkerson y Nott SL","alternateName":"Svenska Magasinet","url":"https:\/\/lightweb.dev\/l\/svm-temp\/","logo":{"@type":"ImageObject","inLanguage":"sv-SE","@id":"https:\/\/lightweb.dev\/l\/svm-temp\/#\/schema\/logo\/image\/","url":"https:\/\/lightweb.dev\/l\/svm-temp\/wp-content\/uploads\/2025\/02\/SvM-logo-Xtra-Centrerad-SVART.png","contentUrl":"https:\/\/lightweb.dev\/l\/svm-temp\/wp-content\/uploads\/2025\/02\/SvM-logo-Xtra-Centrerad-SVART.png","width":300,"height":99,"caption":"Melkerson y Nott SL"},"image":{"@id":"https:\/\/lightweb.dev\/l\/svm-temp\/#\/schema\/logo\/image\/"},"sameAs":["https:\/\/www.facebook.com\/svenskamagasinet","https:\/\/x.com\/SvenskaMagasine"]},{"@type":"Person","@id":"https:\/\/lightweb.dev\/l\/svm-temp\/#\/schema\/person\/7a82b8a73d171d32360a564b6d03508e","name":"Ola Josefsson","description":"Bevakar Solkusten och Spanien sedan 1994.","sameAs":["https:\/\/lightweb.dev\/l\/svm-temp"],"url":"https:\/\/lightweb.dev\/l\/svm-temp\/reporter\/ola-josefsson\/"}]}},"_links":{"self":[{"href":"https:\/\/lightweb.dev\/l\/svm-temp\/wp-json\/wp\/v2\/posts\/69201","targetHints":{"allow":["GET"]}}],"collection":[{"href":"https:\/\/lightweb.dev\/l\/svm-temp\/wp-json\/wp\/v2\/posts"}],"about":[{"href":"https:\/\/lightweb.dev\/l\/svm-temp\/wp-json\/wp\/v2\/types\/post"}],"author":[{"embeddable":true,"href":"https:\/\/lightweb.dev\/l\/svm-temp\/wp-json\/wp\/v2\/users\/7"}],"replies":[{"embeddable":true,"href":"https:\/\/lightweb.dev\/l\/svm-temp\/wp-json\/wp\/v2\/comments?post=69201"}],"version-history":[{"count":0,"href":"https:\/\/lightweb.dev\/l\/svm-temp\/wp-json\/wp\/v2\/posts\/69201\/revisions"}],"wp:featuredmedia":[{"embeddable":true,"href":"https:\/\/lightweb.dev\/l\/svm-temp\/wp-json\/wp\/v2\/media\/69202"}],"wp:attachment":[{"href":"https:\/\/lightweb.dev\/l\/svm-temp\/wp-json\/wp\/v2\/media?parent=69201"}],"wp:term":[{"taxonomy":"category","embeddable":true,"href":"https:\/\/lightweb.dev\/l\/svm-temp\/wp-json\/wp\/v2\/categories?post=69201"},{"taxonomy":"post_tag","embeddable":true,"href":"https:\/\/lightweb.dev\/l\/svm-temp\/wp-json\/wp\/v2\/tags?post=69201"}],"curies":[{"name":"wp","href":"https:\/\/api.w.org\/{rel}","templated":true}]}}