{"id":69209,"date":"2024-01-25T16:27:57","date_gmt":"2024-01-25T15:27:57","guid":{"rendered":"https:\/\/lightweb.dev\/l\/svm-temp\/?p=69209"},"modified":"2024-01-25T16:27:57","modified_gmt":"2024-01-25T15:27:57","slug":"sa-ska-malagaprovinsen-locka-annu-fler-besokare","status":"publish","type":"post","link":"https:\/\/lightweb.dev\/l\/svm-temp\/nyheter\/sa-ska-malagaprovinsen-locka-annu-fler-besokare\/","title":{"rendered":"S\u00e5 ska M\u00e1lagaprovinsen locka \u00e4nnu fler bes\u00f6kare"},"content":{"rendered":"<p><strong>P\u00e5 den p\u00e5g\u00e5ende Fiturm\u00e4ssan har flera av Solkustens kommuner visat sina planer f\u00f6r 2024.\u00a0<\/strong><\/p>\n<p><strong>Under den f\u00f6rsta dagen av den internationella m\u00e4ssan Fitur presenterades nya projekt f\u00f6r att gynna turistn\u00e4ringen p\u00e5 Solkusten.\u00a0<\/strong><\/p>\n<p><span style=\"font-weight: 400;\">Bland annat visade en delegation fr\u00e5n Estepona, ledd av stadens borgm\u00e4stare J<\/span><span style=\"font-weight: 400;\">os\u00e9 Mar\u00eda Garc\u00eda Urbano, upp skisser p\u00e5 planer som kommer att se dagens ljus under 2024.\u00a0<\/span><\/p>\n<p><span style=\"font-weight: 400;\">&#8221;I \u00e5r ska vi f\u00f6rb\u00e4ttra v\u00e5r stadsmodell, g\u00f6ra den mer tillg\u00e4nglig och h\u00e5llbar och b\u00e4ttre f\u00f6r fotg\u00e4ngare\u201d, f\u00f6rklarade han.\u00a0\u00a0<\/span><\/p>\n<p><span style=\"font-weight: 400;\">Garc\u00eda Urbano refererade till de 130 gator och 18 kilometer som \u00e4r perfekta f\u00f6r att lugnt strosa igenom Estepona. Samt den stora boulevarden som byggdes p\u00e5 gamla N-340 och gjort staden till en av de vackraste att promenera i runt Medelhavet.\u00a0<\/span><\/p>\n<h2><span style=\"font-weight: 400;\">Torrox<\/span><\/h2>\n<p><span style=\"font-weight: 400;\">Torrox kommun forts\u00e4tter att g\u00f6ra anspr\u00e5k p\u00e5 att vara en framtr\u00e4dande plats f\u00f6r turism. I sin monter lyfte man fram sin atmosf\u00e4r genom att efterlikna en mysig strandbar. D\u00e4r visades ocks\u00e5 attraktioner som dess historiska centrum och Torrox-fyren upp.\u00a0<\/span><\/p>\n<p><span style=\"font-weight: 400;\">H\u00f6jdpunkten f\u00f6r utst\u00e4llarna fr\u00e5n Torrox var dock n\u00e4r de under invigningsturen av m\u00e4ssan fick ett bes\u00f6k av kung Felipe VI och drottning Letizia. Under kungaparets bes\u00f6k passade borgm\u00e4staren, \u00d3scar Medina, p\u00e5 att ge kungen ett exemplar av en <\/span><a href=\"https:\/\/sv.wikipedia.org\/wiki\/Caj%C3%B3n\"><span style=\"font-weight: 400;\">flamencocajon<\/span><\/a><span style=\"font-weight: 400;\">. \u201cVi passade p\u00e5 att ge kungen en cajon med hans eget sigill p\u00e5 eftersom vi i Torrox har en av de b\u00e4sta hantverkarna\u201d, f\u00f6rklarade Medina.\u00a0<\/span><\/p>\n<p><span style=\"font-weight: 400;\">Ut\u00f6ver detta lyftes \u00e4ven kommunens gastronomi, som firas med en festival varje december, fram. De bj\u00f6d p\u00e5 smakprover av deras typiska Torrox Migas, som g\u00f6rs p\u00e5 vetegrynsmj\u00f6l, vilket ledde till att l\u00e5nga k\u00f6er bildades till montern.\u00a0\u00a0<\/span><\/p>\n<h3><span style=\"font-weight: 400;\">Benalm\u00e1dena<\/span><\/h3>\n<p><span style=\"font-weight: 400;\">\u00c4ven Benalm\u00e1dena har en framtr\u00e4dande plats bland Solkustens kommuner. I sin monter presenterar man hur man ska s\u00e4songsanpassa turismen med ett stort engagemang f\u00f6r stadens kulturarv. Borgm\u00e4stare Juan Antonio Lara f\u00f6rklarar att fokus kommer att ligga p\u00e5 f\u00f6rhistoriska platser. Bland annat Cueva del Toro, som ligger vid foten av bergen.\u00a0<\/span><\/p>\n<p><span style=\"font-weight: 400;\">Benalm\u00e1dena ska dessutom investera 4,5 miljoner euro f\u00f6r att f\u00f6rb\u00e4ttra hamnen under det kommande \u00e5ret. Den \u00e4r utan tvekan en av stadens st\u00f6rsta attraktioner f\u00f6r att locka bes\u00f6kare. De satsar \u00e4ven stort p\u00e5 sport och under \u00e5ret kommer finalerna av Copa del Rey och Copa del Reina i landhockey att utspela sig d\u00e4r. Det \u00e4r f\u00f6rsta g\u00e5ngen som turneringen avg\u00f6rs i Andalusien. <\/span><\/p>\n","protected":false},"excerpt":{"rendered":"<p>P\u00e5 den p\u00e5g\u00e5ende Fiturm\u00e4ssan har flera av Solkustens kommuner visat sina planer f\u00f6r 2024.\u00a0Under den f\u00f6rsta dagen av den internationella m\u00e4ssan Fitur presenterades nya projekt f\u00f6r att gynna turistn\u00e4ringen p\u00e5 Solkusten.\u00a0<\/p>\n","protected":false},"author":14,"featured_media":69211,"comment_status":"closed","ping_status":"closed","sticky":false,"template":"","format":"standard","meta":{"_et_pb_use_builder":"","_et_pb_old_content":"","_et_gb_content_width":"","footnotes":""},"categories":[395,3],"tags":[],"class_list":["post-69209","post","type-post","status-publish","format-standard","has-post-thumbnail","hentry","category-arkiv-nyheter","category-nyheter"],"yoast_head":"<!-- This site is optimized with the Yoast SEO Premium plugin v26.2 (Yoast SEO v27.4) - https:\/\/yoast.com\/product\/yoast-seo-premium-wordpress\/ -->\n<title>S\u00e5 ska M\u00e1lagaprovinsen locka \u00e4nnu fler bes\u00f6kare - Svenska Magasinet<\/title>\n<meta name=\"robots\" content=\"noindex, follow, max-snippet:-1, max-image-preview:large, max-video-preview:-1\" \/>\n<meta property=\"og:locale\" content=\"sv_SE\" \/>\n<meta property=\"og:type\" content=\"article\" \/>\n<meta property=\"og:title\" content=\"S\u00e5 ska M\u00e1lagaprovinsen locka \u00e4nnu fler bes\u00f6kare\" \/>\n<meta property=\"og:description\" content=\"P\u00e5 den p\u00e5g\u00e5ende Fiturm\u00e4ssan har flera av Solkustens kommuner visat sina planer f\u00f6r 2024.\u00a0Under den f\u00f6rsta dagen av den internationella m\u00e4ssan Fitur presenterades nya projekt f\u00f6r att gynna turistn\u00e4ringen p\u00e5 Solkusten.\u00a0\" \/>\n<meta property=\"og:url\" content=\"https:\/\/lightweb.dev\/l\/svm-temp\/nyheter\/sa-ska-malagaprovinsen-locka-annu-fler-besokare\/\" \/>\n<meta property=\"og:site_name\" content=\"Svenska Magasinet\" \/>\n<meta property=\"article:publisher\" content=\"https:\/\/www.facebook.com\/svenskamagasinet\" \/>\n<meta property=\"article:published_time\" content=\"2024-01-25T15:27:57+00:00\" \/>\n<meta property=\"og:image\" content=\"https:\/\/lightweb.dev\/l\/svm-temp\/wp-content\/uploads\/2024\/01\/estepona.webp\" \/>\n\t<meta property=\"og:image:width\" content=\"1280\" \/>\n\t<meta property=\"og:image:height\" content=\"640\" \/>\n\t<meta property=\"og:image:type\" content=\"image\/webp\" \/>\n<meta name=\"author\" content=\"Robbie Eriksson\" \/>\n<meta name=\"twitter:card\" content=\"summary_large_image\" \/>\n<meta name=\"twitter:creator\" content=\"@SvenskaMagasine\" \/>\n<meta name=\"twitter:site\" content=\"@SvenskaMagasine\" \/>\n<script type=\"application\/ld+json\" class=\"yoast-schema-graph\">{\"@context\":\"https:\\\/\\\/schema.org\",\"@graph\":[{\"@type\":\"Article\",\"@id\":\"https:\\\/\\\/lightweb.dev\\\/l\\\/svm-temp\\\/nyheter\\\/sa-ska-malagaprovinsen-locka-annu-fler-besokare\\\/#article\",\"isPartOf\":{\"@id\":\"https:\\\/\\\/lightweb.dev\\\/l\\\/svm-temp\\\/nyheter\\\/sa-ska-malagaprovinsen-locka-annu-fler-besokare\\\/\"},\"author\":{\"name\":\"Robbie Eriksson\",\"@id\":\"https:\\\/\\\/lightweb.dev\\\/l\\\/svm-temp\\\/#\\\/schema\\\/person\\\/caffe038990d25722f5a04a03c906a2b\"},\"headline\":\"S\u00e5 ska M\u00e1lagaprovinsen locka \u00e4nnu fler bes\u00f6kare\",\"datePublished\":\"2024-01-25T15:27:57+00:00\",\"mainEntityOfPage\":{\"@id\":\"https:\\\/\\\/lightweb.dev\\\/l\\\/svm-temp\\\/nyheter\\\/sa-ska-malagaprovinsen-locka-annu-fler-besokare\\\/\"},\"wordCount\":444,\"publisher\":{\"@id\":\"https:\\\/\\\/lightweb.dev\\\/l\\\/svm-temp\\\/#organization\"},\"image\":{\"@id\":\"https:\\\/\\\/lightweb.dev\\\/l\\\/svm-temp\\\/nyheter\\\/sa-ska-malagaprovinsen-locka-annu-fler-besokare\\\/#primaryimage\"},\"thumbnailUrl\":\"https:\\\/\\\/lightweb.dev\\\/l\\\/svm-temp\\\/wp-content\\\/uploads\\\/2024\\\/01\\\/estepona.webp\",\"articleSection\":[\"Arkiv\",\"Nyheter\"],\"inLanguage\":\"sv-SE\"},{\"@type\":\"WebPage\",\"@id\":\"https:\\\/\\\/lightweb.dev\\\/l\\\/svm-temp\\\/nyheter\\\/sa-ska-malagaprovinsen-locka-annu-fler-besokare\\\/\",\"url\":\"https:\\\/\\\/lightweb.dev\\\/l\\\/svm-temp\\\/nyheter\\\/sa-ska-malagaprovinsen-locka-annu-fler-besokare\\\/\",\"name\":\"S\u00e5 ska M\u00e1lagaprovinsen locka \u00e4nnu fler bes\u00f6kare - Svenska Magasinet\",\"isPartOf\":{\"@id\":\"https:\\\/\\\/lightweb.dev\\\/l\\\/svm-temp\\\/#website\"},\"primaryImageOfPage\":{\"@id\":\"https:\\\/\\\/lightweb.dev\\\/l\\\/svm-temp\\\/nyheter\\\/sa-ska-malagaprovinsen-locka-annu-fler-besokare\\\/#primaryimage\"},\"image\":{\"@id\":\"https:\\\/\\\/lightweb.dev\\\/l\\\/svm-temp\\\/nyheter\\\/sa-ska-malagaprovinsen-locka-annu-fler-besokare\\\/#primaryimage\"},\"thumbnailUrl\":\"https:\\\/\\\/lightweb.dev\\\/l\\\/svm-temp\\\/wp-content\\\/uploads\\\/2024\\\/01\\\/estepona.webp\",\"datePublished\":\"2024-01-25T15:27:57+00:00\",\"breadcrumb\":{\"@id\":\"https:\\\/\\\/lightweb.dev\\\/l\\\/svm-temp\\\/nyheter\\\/sa-ska-malagaprovinsen-locka-annu-fler-besokare\\\/#breadcrumb\"},\"inLanguage\":\"sv-SE\",\"potentialAction\":[{\"@type\":\"ReadAction\",\"target\":[\"https:\\\/\\\/lightweb.dev\\\/l\\\/svm-temp\\\/nyheter\\\/sa-ska-malagaprovinsen-locka-annu-fler-besokare\\\/\"]}]},{\"@type\":\"ImageObject\",\"inLanguage\":\"sv-SE\",\"@id\":\"https:\\\/\\\/lightweb.dev\\\/l\\\/svm-temp\\\/nyheter\\\/sa-ska-malagaprovinsen-locka-annu-fler-besokare\\\/#primaryimage\",\"url\":\"https:\\\/\\\/lightweb.dev\\\/l\\\/svm-temp\\\/wp-content\\\/uploads\\\/2024\\\/01\\\/estepona.webp\",\"contentUrl\":\"https:\\\/\\\/lightweb.dev\\\/l\\\/svm-temp\\\/wp-content\\\/uploads\\\/2024\\\/01\\\/estepona.webp\",\"width\":1280,\"height\":640},{\"@type\":\"BreadcrumbList\",\"@id\":\"https:\\\/\\\/lightweb.dev\\\/l\\\/svm-temp\\\/nyheter\\\/sa-ska-malagaprovinsen-locka-annu-fler-besokare\\\/#breadcrumb\",\"itemListElement\":[{\"@type\":\"ListItem\",\"position\":1,\"name\":\"Hem\",\"item\":\"https:\\\/\\\/lightweb.dev\\\/l\\\/svm-temp\\\/\"},{\"@type\":\"ListItem\",\"position\":2,\"name\":\"S\u00e5 ska M\u00e1lagaprovinsen locka \u00e4nnu fler bes\u00f6kare\"}]},{\"@type\":\"WebSite\",\"@id\":\"https:\\\/\\\/lightweb.dev\\\/l\\\/svm-temp\\\/#website\",\"url\":\"https:\\\/\\\/lightweb.dev\\\/l\\\/svm-temp\\\/\",\"name\":\"Svenska Magasinet\",\"description\":\"Dina Spanska nyheter p&aring; Svenska\",\"publisher\":{\"@id\":\"https:\\\/\\\/lightweb.dev\\\/l\\\/svm-temp\\\/#organization\"},\"potentialAction\":[{\"@type\":\"SearchAction\",\"target\":{\"@type\":\"EntryPoint\",\"urlTemplate\":\"https:\\\/\\\/lightweb.dev\\\/l\\\/svm-temp\\\/?s={search_term_string}\"},\"query-input\":{\"@type\":\"PropertyValueSpecification\",\"valueRequired\":true,\"valueName\":\"search_term_string\"}}],\"inLanguage\":\"sv-SE\"},{\"@type\":\"Organization\",\"@id\":\"https:\\\/\\\/lightweb.dev\\\/l\\\/svm-temp\\\/#organization\",\"name\":\"Melkerson y Nott SL\",\"alternateName\":\"Svenska Magasinet\",\"url\":\"https:\\\/\\\/lightweb.dev\\\/l\\\/svm-temp\\\/\",\"logo\":{\"@type\":\"ImageObject\",\"inLanguage\":\"sv-SE\",\"@id\":\"https:\\\/\\\/lightweb.dev\\\/l\\\/svm-temp\\\/#\\\/schema\\\/logo\\\/image\\\/\",\"url\":\"https:\\\/\\\/lightweb.dev\\\/l\\\/svm-temp\\\/wp-content\\\/uploads\\\/2025\\\/02\\\/SvM-logo-Xtra-Centrerad-SVART.png\",\"contentUrl\":\"https:\\\/\\\/lightweb.dev\\\/l\\\/svm-temp\\\/wp-content\\\/uploads\\\/2025\\\/02\\\/SvM-logo-Xtra-Centrerad-SVART.png\",\"width\":300,\"height\":99,\"caption\":\"Melkerson y Nott SL\"},\"image\":{\"@id\":\"https:\\\/\\\/lightweb.dev\\\/l\\\/svm-temp\\\/#\\\/schema\\\/logo\\\/image\\\/\"},\"sameAs\":[\"https:\\\/\\\/www.facebook.com\\\/svenskamagasinet\",\"https:\\\/\\\/x.com\\\/SvenskaMagasine\"]},{\"@type\":\"Person\",\"@id\":\"https:\\\/\\\/lightweb.dev\\\/l\\\/svm-temp\\\/#\\\/schema\\\/person\\\/caffe038990d25722f5a04a03c906a2b\",\"name\":\"Robbie Eriksson\",\"sameAs\":[\"https:\\\/\\\/lightweb.dev\\\/l\\\/svm-temp\"],\"url\":\"https:\\\/\\\/lightweb.dev\\\/l\\\/svm-temp\\\/reporter\\\/robbie-eriksson\\\/\"}]}<\/script>\n<!-- \/ Yoast SEO Premium plugin. -->","yoast_head_json":{"title":"S\u00e5 ska M\u00e1lagaprovinsen locka \u00e4nnu fler bes\u00f6kare - Svenska Magasinet","robots":{"index":"noindex","follow":"follow","max-snippet":"max-snippet:-1","max-image-preview":"max-image-preview:large","max-video-preview":"max-video-preview:-1"},"og_locale":"sv_SE","og_type":"article","og_title":"S\u00e5 ska M\u00e1lagaprovinsen locka \u00e4nnu fler bes\u00f6kare","og_description":"P\u00e5 den p\u00e5g\u00e5ende Fiturm\u00e4ssan har flera av Solkustens kommuner visat sina planer f\u00f6r 2024.\u00a0Under den f\u00f6rsta dagen av den internationella m\u00e4ssan Fitur presenterades nya projekt f\u00f6r att gynna turistn\u00e4ringen p\u00e5 Solkusten.\u00a0","og_url":"https:\/\/lightweb.dev\/l\/svm-temp\/nyheter\/sa-ska-malagaprovinsen-locka-annu-fler-besokare\/","og_site_name":"Svenska Magasinet","article_publisher":"https:\/\/www.facebook.com\/svenskamagasinet","article_published_time":"2024-01-25T15:27:57+00:00","og_image":[{"width":1280,"height":640,"url":"https:\/\/lightweb.dev\/l\/svm-temp\/wp-content\/uploads\/2024\/01\/estepona.webp","type":"image\/webp"}],"author":"Robbie Eriksson","twitter_card":"summary_large_image","twitter_creator":"@SvenskaMagasine","twitter_site":"@SvenskaMagasine","schema":{"@context":"https:\/\/schema.org","@graph":[{"@type":"Article","@id":"https:\/\/lightweb.dev\/l\/svm-temp\/nyheter\/sa-ska-malagaprovinsen-locka-annu-fler-besokare\/#article","isPartOf":{"@id":"https:\/\/lightweb.dev\/l\/svm-temp\/nyheter\/sa-ska-malagaprovinsen-locka-annu-fler-besokare\/"},"author":{"name":"Robbie Eriksson","@id":"https:\/\/lightweb.dev\/l\/svm-temp\/#\/schema\/person\/caffe038990d25722f5a04a03c906a2b"},"headline":"S\u00e5 ska M\u00e1lagaprovinsen locka \u00e4nnu fler bes\u00f6kare","datePublished":"2024-01-25T15:27:57+00:00","mainEntityOfPage":{"@id":"https:\/\/lightweb.dev\/l\/svm-temp\/nyheter\/sa-ska-malagaprovinsen-locka-annu-fler-besokare\/"},"wordCount":444,"publisher":{"@id":"https:\/\/lightweb.dev\/l\/svm-temp\/#organization"},"image":{"@id":"https:\/\/lightweb.dev\/l\/svm-temp\/nyheter\/sa-ska-malagaprovinsen-locka-annu-fler-besokare\/#primaryimage"},"thumbnailUrl":"https:\/\/lightweb.dev\/l\/svm-temp\/wp-content\/uploads\/2024\/01\/estepona.webp","articleSection":["Arkiv","Nyheter"],"inLanguage":"sv-SE"},{"@type":"WebPage","@id":"https:\/\/lightweb.dev\/l\/svm-temp\/nyheter\/sa-ska-malagaprovinsen-locka-annu-fler-besokare\/","url":"https:\/\/lightweb.dev\/l\/svm-temp\/nyheter\/sa-ska-malagaprovinsen-locka-annu-fler-besokare\/","name":"S\u00e5 ska M\u00e1lagaprovinsen locka \u00e4nnu fler bes\u00f6kare - Svenska Magasinet","isPartOf":{"@id":"https:\/\/lightweb.dev\/l\/svm-temp\/#website"},"primaryImageOfPage":{"@id":"https:\/\/lightweb.dev\/l\/svm-temp\/nyheter\/sa-ska-malagaprovinsen-locka-annu-fler-besokare\/#primaryimage"},"image":{"@id":"https:\/\/lightweb.dev\/l\/svm-temp\/nyheter\/sa-ska-malagaprovinsen-locka-annu-fler-besokare\/#primaryimage"},"thumbnailUrl":"https:\/\/lightweb.dev\/l\/svm-temp\/wp-content\/uploads\/2024\/01\/estepona.webp","datePublished":"2024-01-25T15:27:57+00:00","breadcrumb":{"@id":"https:\/\/lightweb.dev\/l\/svm-temp\/nyheter\/sa-ska-malagaprovinsen-locka-annu-fler-besokare\/#breadcrumb"},"inLanguage":"sv-SE","potentialAction":[{"@type":"ReadAction","target":["https:\/\/lightweb.dev\/l\/svm-temp\/nyheter\/sa-ska-malagaprovinsen-locka-annu-fler-besokare\/"]}]},{"@type":"ImageObject","inLanguage":"sv-SE","@id":"https:\/\/lightweb.dev\/l\/svm-temp\/nyheter\/sa-ska-malagaprovinsen-locka-annu-fler-besokare\/#primaryimage","url":"https:\/\/lightweb.dev\/l\/svm-temp\/wp-content\/uploads\/2024\/01\/estepona.webp","contentUrl":"https:\/\/lightweb.dev\/l\/svm-temp\/wp-content\/uploads\/2024\/01\/estepona.webp","width":1280,"height":640},{"@type":"BreadcrumbList","@id":"https:\/\/lightweb.dev\/l\/svm-temp\/nyheter\/sa-ska-malagaprovinsen-locka-annu-fler-besokare\/#breadcrumb","itemListElement":[{"@type":"ListItem","position":1,"name":"Hem","item":"https:\/\/lightweb.dev\/l\/svm-temp\/"},{"@type":"ListItem","position":2,"name":"S\u00e5 ska M\u00e1lagaprovinsen locka \u00e4nnu fler bes\u00f6kare"}]},{"@type":"WebSite","@id":"https:\/\/lightweb.dev\/l\/svm-temp\/#website","url":"https:\/\/lightweb.dev\/l\/svm-temp\/","name":"Svenska Magasinet","description":"Dina Spanska nyheter p&aring; Svenska","publisher":{"@id":"https:\/\/lightweb.dev\/l\/svm-temp\/#organization"},"potentialAction":[{"@type":"SearchAction","target":{"@type":"EntryPoint","urlTemplate":"https:\/\/lightweb.dev\/l\/svm-temp\/?s={search_term_string}"},"query-input":{"@type":"PropertyValueSpecification","valueRequired":true,"valueName":"search_term_string"}}],"inLanguage":"sv-SE"},{"@type":"Organization","@id":"https:\/\/lightweb.dev\/l\/svm-temp\/#organization","name":"Melkerson y Nott SL","alternateName":"Svenska Magasinet","url":"https:\/\/lightweb.dev\/l\/svm-temp\/","logo":{"@type":"ImageObject","inLanguage":"sv-SE","@id":"https:\/\/lightweb.dev\/l\/svm-temp\/#\/schema\/logo\/image\/","url":"https:\/\/lightweb.dev\/l\/svm-temp\/wp-content\/uploads\/2025\/02\/SvM-logo-Xtra-Centrerad-SVART.png","contentUrl":"https:\/\/lightweb.dev\/l\/svm-temp\/wp-content\/uploads\/2025\/02\/SvM-logo-Xtra-Centrerad-SVART.png","width":300,"height":99,"caption":"Melkerson y Nott SL"},"image":{"@id":"https:\/\/lightweb.dev\/l\/svm-temp\/#\/schema\/logo\/image\/"},"sameAs":["https:\/\/www.facebook.com\/svenskamagasinet","https:\/\/x.com\/SvenskaMagasine"]},{"@type":"Person","@id":"https:\/\/lightweb.dev\/l\/svm-temp\/#\/schema\/person\/caffe038990d25722f5a04a03c906a2b","name":"Robbie Eriksson","sameAs":["https:\/\/lightweb.dev\/l\/svm-temp"],"url":"https:\/\/lightweb.dev\/l\/svm-temp\/reporter\/robbie-eriksson\/"}]}},"_links":{"self":[{"href":"https:\/\/lightweb.dev\/l\/svm-temp\/wp-json\/wp\/v2\/posts\/69209","targetHints":{"allow":["GET"]}}],"collection":[{"href":"https:\/\/lightweb.dev\/l\/svm-temp\/wp-json\/wp\/v2\/posts"}],"about":[{"href":"https:\/\/lightweb.dev\/l\/svm-temp\/wp-json\/wp\/v2\/types\/post"}],"author":[{"embeddable":true,"href":"https:\/\/lightweb.dev\/l\/svm-temp\/wp-json\/wp\/v2\/users\/14"}],"replies":[{"embeddable":true,"href":"https:\/\/lightweb.dev\/l\/svm-temp\/wp-json\/wp\/v2\/comments?post=69209"}],"version-history":[{"count":0,"href":"https:\/\/lightweb.dev\/l\/svm-temp\/wp-json\/wp\/v2\/posts\/69209\/revisions"}],"wp:featuredmedia":[{"embeddable":true,"href":"https:\/\/lightweb.dev\/l\/svm-temp\/wp-json\/wp\/v2\/media\/69211"}],"wp:attachment":[{"href":"https:\/\/lightweb.dev\/l\/svm-temp\/wp-json\/wp\/v2\/media?parent=69209"}],"wp:term":[{"taxonomy":"category","embeddable":true,"href":"https:\/\/lightweb.dev\/l\/svm-temp\/wp-json\/wp\/v2\/categories?post=69209"},{"taxonomy":"post_tag","embeddable":true,"href":"https:\/\/lightweb.dev\/l\/svm-temp\/wp-json\/wp\/v2\/tags?post=69209"}],"curies":[{"name":"wp","href":"https:\/\/api.w.org\/{rel}","templated":true}]}}