{"id":69221,"date":"2024-01-26T09:59:55","date_gmt":"2024-01-26T08:59:55","guid":{"rendered":"https:\/\/lightweb.dev\/l\/svm-temp\/?p=69221"},"modified":"2024-01-26T09:59:55","modified_gmt":"2024-01-26T08:59:55","slug":"efterlyste-och-farliga-el-pastilla-greps-i-tyskland","status":"publish","type":"post","link":"https:\/\/lightweb.dev\/l\/svm-temp\/nyheter\/efterlyste-och-farliga-el-pastilla-greps-i-tyskland\/","title":{"rendered":"Efterlyste och farliga \u201dEl Pastilla\u201d greps i Tyskland"},"content":{"rendered":"<p><strong>Det var en spektakul\u00e4r f\u00e4ngelserymning n\u00e4r dubbelm\u00f6rdaren och den spanske medborgaren Yusef Mohamed Leherech mera k\u00e4nd som \u201cEl Pastilla\u201d lyckades fly fr\u00e5n Madridf\u00e4ngelset Alcal\u00e1 Meco genom att kamouflera sig och f\u00f6lja med en grupp anh\u00f6riga som l\u00e4mnade f\u00e4ngelset efter ett bes\u00f6k.<\/strong><\/p>\n<p><strong>Ig\u00e5r grep tysk polis \u201dEl Pastilla\u201d p\u00e5 en j\u00e4rnv\u00e4gsstation i Leipzig.<\/strong><\/p>\n<p>Inrikesdepartementet publicerade en efterlysning p\u00e5 dubbelm\u00f6rdaren Yusef Mohamed Leherech fr\u00e5n Ceuta efter rymningen. Myndigheterna gick ut med information om den mycket farliga dubbelm\u00f6rdaren. En efterlysning som <a href=\"https:\/\/lightweb.dev\/l\/svm-temp\/nyheter\/polisen-ber-allmanheten-om-hjalp-att-lokalisera-farliga-el-pastilla\/\">Svenska Magasinet<\/a> publicerade.<\/p>\n<p>De senaste veckorna har han s\u00f6kts i M\u00e1laga, C\u00e1diz, Marocko och Frankrike.<\/p>\n<p>Spanska myndigheter fick till slut information om att Leherech befann sig i Tyskland d\u00e4r han flyttade runt mellan olika adresser.<\/p>\n<p>Klockan 15 p\u00e5 torsdagen lokaliserades och greps den efterlyste av Tysklands federala kriminalpolis BKA (Bundeskriminalamt).<\/p>\n<p>Bortsett fr\u00e5n tv\u00e5 mord, utreds \u201dEl Pastilla\u201d ocks\u00e5 f\u00f6r otaliga skjutningar utf\u00f6rda av g\u00e4ngkriminella grupperingar f\u00f6r att f\u00e5 kontroll \u00f6ver narkotikahandeln i Ceuta.<\/p>\n<p>Den 3 december hade han blivit \u00f6verflyttad fr\u00e5n anstalten Botafuegos i Algeciras till Alcal\u00e1 Meco i Madrid efter att ha blivit hotad upprepade g\u00e5nger inne i anstalten.<\/p>\n<blockquote class=\"twitter-tweet\" data-media-max-width=\"560\">\n<p dir=\"ltr\" lang=\"es\">\ud83d\udea9\ud83d\udea9\ud83d\udea9Detenido &#8221;El Pastilla&#8221; en una estaci\u00f3n de tren de <a href=\"https:\/\/twitter.com\/hashtag\/Leipzig?src=hash&amp;ref_src=twsrc%5Etfw\">#Leipzig<\/a> (Alemania)\ud83d\udea9\ud83d\udea9\ud83d\udea9<\/p>\n<p>Los investigadores de la Secci\u00f3n de Localizaci\u00f3n de Fugitivos de <a href=\"https:\/\/twitter.com\/policia?ref_src=twsrc%5Etfw\">@policia<\/a> ten\u00edan abierta una investigaci\u00f3n a trav\u00e9s de la Red <a href=\"https:\/\/twitter.com\/hashtag\/ENFAST?src=hash&amp;ref_src=twsrc%5Etfw\">#ENFAST<\/a> que le situaba en territorio germano<a href=\"https:\/\/twitter.com\/hashtag\/SomosTuPolic%C3%ADa?src=hash&amp;ref_src=twsrc%5Etfw\">#SomosTuPolic\u00eda<\/a> <a href=\"https:\/\/t.co\/bzRV2F7lCE\">pic.twitter.com\/bzRV2F7lCE<\/a><\/p>\n<p>\u2014 Polic\u00eda Nacional (@policia) <a href=\"https:\/\/twitter.com\/policia\/status\/1750578902659928225?ref_src=twsrc%5Etfw\">January 25, 2024<\/a><\/p><\/blockquote>\n<p><script async src=\"https:\/\/platform.twitter.com\/widgets.js\" charset=\"utf-8\"><\/script><\/p>\n","protected":false},"excerpt":{"rendered":"<p>Det var en spektakul\u00e4r f\u00e4ngelserymning n\u00e4r dubbelm\u00f6rdaren och den spanske medborgaren Yusef Mohamed Leherech mera k\u00e4nd som \u201cEl Pastilla\u201d lyckades fly fr\u00e5n Madridf\u00e4ngelset Alcal\u00e1 Meco. Ig\u00e5r grep tysk polis \u201dEl Pastilla\u201d p\u00e5 en j\u00e4rnv\u00e4gsstation i Leipzig&#8230;<\/p>\n","protected":false},"author":7,"featured_media":69222,"comment_status":"closed","ping_status":"closed","sticky":false,"template":"","format":"standard","meta":{"_et_pb_use_builder":"","_et_pb_old_content":"","_et_gb_content_width":"","footnotes":""},"categories":[395,3],"tags":[],"class_list":["post-69221","post","type-post","status-publish","format-standard","has-post-thumbnail","hentry","category-arkiv-nyheter","category-nyheter"],"yoast_head":"<!-- This site is optimized with the Yoast SEO Premium plugin v26.2 (Yoast SEO v27.4) - https:\/\/yoast.com\/product\/yoast-seo-premium-wordpress\/ -->\n<title>Efterlyste och farliga \u201dEl Pastilla\u201d greps i Tyskland - Svenska Magasinet<\/title>\n<meta name=\"description\" content=\"Det var en spektakul\u00e4r f\u00e4ngelserymning n\u00e4r dubbelm\u00f6rdaren och den spanske medborgaren Yusef Mohamed Leherech mera k\u00e4nd som \u201cEl Pastilla\u201d lyckades fly fr\u00e5n Madridf\u00e4ngelset Alcal\u00e1 Meco genom att kamouflera sig och f\u00f6lja med en grupp anh\u00f6riga som l\u00e4mnade f\u00e4ngelset efter ett bes\u00f6k. Ig\u00e5r grep tysk polis \u201dEl Pastilla\u201d p\u00e5 en j\u00e4rnv\u00e4gsstation i Leipzig.\" \/>\n<meta name=\"robots\" content=\"noindex, follow, max-snippet:-1, max-image-preview:large, max-video-preview:-1\" \/>\n<meta property=\"og:locale\" content=\"sv_SE\" \/>\n<meta property=\"og:type\" content=\"article\" \/>\n<meta property=\"og:title\" content=\"Efterlyste och farliga \u201dEl Pastilla\u201d greps i Tyskland\" \/>\n<meta property=\"og:description\" content=\"Det var en spektakul\u00e4r f\u00e4ngelserymning n\u00e4r dubbelm\u00f6rdaren och den spanske medborgaren Yusef Mohamed Leherech mera k\u00e4nd som \u201cEl Pastilla\u201d lyckades fly fr\u00e5n Madridf\u00e4ngelset Alcal\u00e1 Meco genom att kamouflera sig och f\u00f6lja med en grupp anh\u00f6riga som l\u00e4mnade f\u00e4ngelset efter ett bes\u00f6k. Ig\u00e5r grep tysk polis \u201dEl Pastilla\u201d p\u00e5 en j\u00e4rnv\u00e4gsstation i Leipzig.\" \/>\n<meta property=\"og:url\" content=\"https:\/\/lightweb.dev\/l\/svm-temp\/nyheter\/efterlyste-och-farliga-el-pastilla-greps-i-tyskland\/\" \/>\n<meta property=\"og:site_name\" content=\"Svenska Magasinet\" \/>\n<meta property=\"article:publisher\" content=\"https:\/\/www.facebook.com\/svenskamagasinet\" \/>\n<meta property=\"article:published_time\" content=\"2024-01-26T08:59:55+00:00\" \/>\n<meta property=\"og:image\" content=\"https:\/\/lightweb.dev\/l\/svm-temp\/wp-content\/uploads\/2024\/01\/GEtOPArXYAADoZY-stor.jpeg\" \/>\n\t<meta property=\"og:image:width\" content=\"1280\" \/>\n\t<meta property=\"og:image:height\" content=\"934\" \/>\n\t<meta property=\"og:image:type\" content=\"image\/jpeg\" \/>\n<meta name=\"author\" content=\"Ola Josefsson\" \/>\n<meta name=\"twitter:card\" content=\"summary_large_image\" \/>\n<meta name=\"twitter:creator\" content=\"@SvenskaMagasine\" \/>\n<meta name=\"twitter:site\" content=\"@SvenskaMagasine\" \/>\n<script type=\"application\/ld+json\" class=\"yoast-schema-graph\">{\"@context\":\"https:\\\/\\\/schema.org\",\"@graph\":[{\"@type\":\"Article\",\"@id\":\"https:\\\/\\\/lightweb.dev\\\/l\\\/svm-temp\\\/nyheter\\\/efterlyste-och-farliga-el-pastilla-greps-i-tyskland\\\/#article\",\"isPartOf\":{\"@id\":\"https:\\\/\\\/lightweb.dev\\\/l\\\/svm-temp\\\/nyheter\\\/efterlyste-och-farliga-el-pastilla-greps-i-tyskland\\\/\"},\"author\":{\"name\":\"Ola Josefsson\",\"@id\":\"https:\\\/\\\/lightweb.dev\\\/l\\\/svm-temp\\\/#\\\/schema\\\/person\\\/7a82b8a73d171d32360a564b6d03508e\"},\"headline\":\"Efterlyste och farliga \u201dEl Pastilla\u201d greps i Tyskland\",\"datePublished\":\"2024-01-26T08:59:55+00:00\",\"mainEntityOfPage\":{\"@id\":\"https:\\\/\\\/lightweb.dev\\\/l\\\/svm-temp\\\/nyheter\\\/efterlyste-och-farliga-el-pastilla-greps-i-tyskland\\\/\"},\"wordCount\":270,\"publisher\":{\"@id\":\"https:\\\/\\\/lightweb.dev\\\/l\\\/svm-temp\\\/#organization\"},\"image\":{\"@id\":\"https:\\\/\\\/lightweb.dev\\\/l\\\/svm-temp\\\/nyheter\\\/efterlyste-och-farliga-el-pastilla-greps-i-tyskland\\\/#primaryimage\"},\"thumbnailUrl\":\"https:\\\/\\\/lightweb.dev\\\/l\\\/svm-temp\\\/wp-content\\\/uploads\\\/2024\\\/01\\\/GEtOPArXYAADoZY-stor.jpeg\",\"articleSection\":[\"Arkiv\",\"Nyheter\"],\"inLanguage\":\"sv-SE\"},{\"@type\":\"WebPage\",\"@id\":\"https:\\\/\\\/lightweb.dev\\\/l\\\/svm-temp\\\/nyheter\\\/efterlyste-och-farliga-el-pastilla-greps-i-tyskland\\\/\",\"url\":\"https:\\\/\\\/lightweb.dev\\\/l\\\/svm-temp\\\/nyheter\\\/efterlyste-och-farliga-el-pastilla-greps-i-tyskland\\\/\",\"name\":\"Efterlyste och farliga \u201dEl Pastilla\u201d greps i Tyskland - Svenska Magasinet\",\"isPartOf\":{\"@id\":\"https:\\\/\\\/lightweb.dev\\\/l\\\/svm-temp\\\/#website\"},\"primaryImageOfPage\":{\"@id\":\"https:\\\/\\\/lightweb.dev\\\/l\\\/svm-temp\\\/nyheter\\\/efterlyste-och-farliga-el-pastilla-greps-i-tyskland\\\/#primaryimage\"},\"image\":{\"@id\":\"https:\\\/\\\/lightweb.dev\\\/l\\\/svm-temp\\\/nyheter\\\/efterlyste-och-farliga-el-pastilla-greps-i-tyskland\\\/#primaryimage\"},\"thumbnailUrl\":\"https:\\\/\\\/lightweb.dev\\\/l\\\/svm-temp\\\/wp-content\\\/uploads\\\/2024\\\/01\\\/GEtOPArXYAADoZY-stor.jpeg\",\"datePublished\":\"2024-01-26T08:59:55+00:00\",\"description\":\"Det var en spektakul\u00e4r f\u00e4ngelserymning n\u00e4r dubbelm\u00f6rdaren och den spanske medborgaren Yusef Mohamed Leherech mera k\u00e4nd som \u201cEl Pastilla\u201d lyckades fly fr\u00e5n Madridf\u00e4ngelset Alcal\u00e1 Meco genom att kamouflera sig och f\u00f6lja med en grupp anh\u00f6riga som l\u00e4mnade f\u00e4ngelset efter ett bes\u00f6k. Ig\u00e5r grep tysk polis \u201dEl Pastilla\u201d p\u00e5 en j\u00e4rnv\u00e4gsstation i Leipzig.\",\"breadcrumb\":{\"@id\":\"https:\\\/\\\/lightweb.dev\\\/l\\\/svm-temp\\\/nyheter\\\/efterlyste-och-farliga-el-pastilla-greps-i-tyskland\\\/#breadcrumb\"},\"inLanguage\":\"sv-SE\",\"potentialAction\":[{\"@type\":\"ReadAction\",\"target\":[\"https:\\\/\\\/lightweb.dev\\\/l\\\/svm-temp\\\/nyheter\\\/efterlyste-och-farliga-el-pastilla-greps-i-tyskland\\\/\"]}]},{\"@type\":\"ImageObject\",\"inLanguage\":\"sv-SE\",\"@id\":\"https:\\\/\\\/lightweb.dev\\\/l\\\/svm-temp\\\/nyheter\\\/efterlyste-och-farliga-el-pastilla-greps-i-tyskland\\\/#primaryimage\",\"url\":\"https:\\\/\\\/lightweb.dev\\\/l\\\/svm-temp\\\/wp-content\\\/uploads\\\/2024\\\/01\\\/GEtOPArXYAADoZY-stor.jpeg\",\"contentUrl\":\"https:\\\/\\\/lightweb.dev\\\/l\\\/svm-temp\\\/wp-content\\\/uploads\\\/2024\\\/01\\\/GEtOPArXYAADoZY-stor.jpeg\",\"width\":1280,\"height\":934},{\"@type\":\"BreadcrumbList\",\"@id\":\"https:\\\/\\\/lightweb.dev\\\/l\\\/svm-temp\\\/nyheter\\\/efterlyste-och-farliga-el-pastilla-greps-i-tyskland\\\/#breadcrumb\",\"itemListElement\":[{\"@type\":\"ListItem\",\"position\":1,\"name\":\"Hem\",\"item\":\"https:\\\/\\\/lightweb.dev\\\/l\\\/svm-temp\\\/\"},{\"@type\":\"ListItem\",\"position\":2,\"name\":\"Efterlyste och farliga \u201dEl Pastilla\u201d greps i Tyskland\"}]},{\"@type\":\"WebSite\",\"@id\":\"https:\\\/\\\/lightweb.dev\\\/l\\\/svm-temp\\\/#website\",\"url\":\"https:\\\/\\\/lightweb.dev\\\/l\\\/svm-temp\\\/\",\"name\":\"Svenska Magasinet\",\"description\":\"Dina Spanska nyheter p&aring; Svenska\",\"publisher\":{\"@id\":\"https:\\\/\\\/lightweb.dev\\\/l\\\/svm-temp\\\/#organization\"},\"potentialAction\":[{\"@type\":\"SearchAction\",\"target\":{\"@type\":\"EntryPoint\",\"urlTemplate\":\"https:\\\/\\\/lightweb.dev\\\/l\\\/svm-temp\\\/?s={search_term_string}\"},\"query-input\":{\"@type\":\"PropertyValueSpecification\",\"valueRequired\":true,\"valueName\":\"search_term_string\"}}],\"inLanguage\":\"sv-SE\"},{\"@type\":\"Organization\",\"@id\":\"https:\\\/\\\/lightweb.dev\\\/l\\\/svm-temp\\\/#organization\",\"name\":\"Melkerson y Nott SL\",\"alternateName\":\"Svenska Magasinet\",\"url\":\"https:\\\/\\\/lightweb.dev\\\/l\\\/svm-temp\\\/\",\"logo\":{\"@type\":\"ImageObject\",\"inLanguage\":\"sv-SE\",\"@id\":\"https:\\\/\\\/lightweb.dev\\\/l\\\/svm-temp\\\/#\\\/schema\\\/logo\\\/image\\\/\",\"url\":\"https:\\\/\\\/lightweb.dev\\\/l\\\/svm-temp\\\/wp-content\\\/uploads\\\/2025\\\/02\\\/SvM-logo-Xtra-Centrerad-SVART.png\",\"contentUrl\":\"https:\\\/\\\/lightweb.dev\\\/l\\\/svm-temp\\\/wp-content\\\/uploads\\\/2025\\\/02\\\/SvM-logo-Xtra-Centrerad-SVART.png\",\"width\":300,\"height\":99,\"caption\":\"Melkerson y Nott SL\"},\"image\":{\"@id\":\"https:\\\/\\\/lightweb.dev\\\/l\\\/svm-temp\\\/#\\\/schema\\\/logo\\\/image\\\/\"},\"sameAs\":[\"https:\\\/\\\/www.facebook.com\\\/svenskamagasinet\",\"https:\\\/\\\/x.com\\\/SvenskaMagasine\"]},{\"@type\":\"Person\",\"@id\":\"https:\\\/\\\/lightweb.dev\\\/l\\\/svm-temp\\\/#\\\/schema\\\/person\\\/7a82b8a73d171d32360a564b6d03508e\",\"name\":\"Ola Josefsson\",\"description\":\"Bevakar Solkusten och Spanien sedan 1994.\",\"sameAs\":[\"https:\\\/\\\/lightweb.dev\\\/l\\\/svm-temp\"],\"url\":\"https:\\\/\\\/lightweb.dev\\\/l\\\/svm-temp\\\/reporter\\\/ola-josefsson\\\/\"}]}<\/script>\n<!-- \/ Yoast SEO Premium plugin. -->","yoast_head_json":{"title":"Efterlyste och farliga \u201dEl Pastilla\u201d greps i Tyskland - Svenska Magasinet","description":"Det var en spektakul\u00e4r f\u00e4ngelserymning n\u00e4r dubbelm\u00f6rdaren och den spanske medborgaren Yusef Mohamed Leherech mera k\u00e4nd som \u201cEl Pastilla\u201d lyckades fly fr\u00e5n Madridf\u00e4ngelset Alcal\u00e1 Meco genom att kamouflera sig och f\u00f6lja med en grupp anh\u00f6riga som l\u00e4mnade f\u00e4ngelset efter ett bes\u00f6k. Ig\u00e5r grep tysk polis \u201dEl Pastilla\u201d p\u00e5 en j\u00e4rnv\u00e4gsstation i Leipzig.","robots":{"index":"noindex","follow":"follow","max-snippet":"max-snippet:-1","max-image-preview":"max-image-preview:large","max-video-preview":"max-video-preview:-1"},"og_locale":"sv_SE","og_type":"article","og_title":"Efterlyste och farliga \u201dEl Pastilla\u201d greps i Tyskland","og_description":"Det var en spektakul\u00e4r f\u00e4ngelserymning n\u00e4r dubbelm\u00f6rdaren och den spanske medborgaren Yusef Mohamed Leherech mera k\u00e4nd som \u201cEl Pastilla\u201d lyckades fly fr\u00e5n Madridf\u00e4ngelset Alcal\u00e1 Meco genom att kamouflera sig och f\u00f6lja med en grupp anh\u00f6riga som l\u00e4mnade f\u00e4ngelset efter ett bes\u00f6k. Ig\u00e5r grep tysk polis \u201dEl Pastilla\u201d p\u00e5 en j\u00e4rnv\u00e4gsstation i Leipzig.","og_url":"https:\/\/lightweb.dev\/l\/svm-temp\/nyheter\/efterlyste-och-farliga-el-pastilla-greps-i-tyskland\/","og_site_name":"Svenska Magasinet","article_publisher":"https:\/\/www.facebook.com\/svenskamagasinet","article_published_time":"2024-01-26T08:59:55+00:00","og_image":[{"width":1280,"height":934,"url":"https:\/\/lightweb.dev\/l\/svm-temp\/wp-content\/uploads\/2024\/01\/GEtOPArXYAADoZY-stor.jpeg","type":"image\/jpeg"}],"author":"Ola Josefsson","twitter_card":"summary_large_image","twitter_creator":"@SvenskaMagasine","twitter_site":"@SvenskaMagasine","schema":{"@context":"https:\/\/schema.org","@graph":[{"@type":"Article","@id":"https:\/\/lightweb.dev\/l\/svm-temp\/nyheter\/efterlyste-och-farliga-el-pastilla-greps-i-tyskland\/#article","isPartOf":{"@id":"https:\/\/lightweb.dev\/l\/svm-temp\/nyheter\/efterlyste-och-farliga-el-pastilla-greps-i-tyskland\/"},"author":{"name":"Ola Josefsson","@id":"https:\/\/lightweb.dev\/l\/svm-temp\/#\/schema\/person\/7a82b8a73d171d32360a564b6d03508e"},"headline":"Efterlyste och farliga \u201dEl Pastilla\u201d greps i Tyskland","datePublished":"2024-01-26T08:59:55+00:00","mainEntityOfPage":{"@id":"https:\/\/lightweb.dev\/l\/svm-temp\/nyheter\/efterlyste-och-farliga-el-pastilla-greps-i-tyskland\/"},"wordCount":270,"publisher":{"@id":"https:\/\/lightweb.dev\/l\/svm-temp\/#organization"},"image":{"@id":"https:\/\/lightweb.dev\/l\/svm-temp\/nyheter\/efterlyste-och-farliga-el-pastilla-greps-i-tyskland\/#primaryimage"},"thumbnailUrl":"https:\/\/lightweb.dev\/l\/svm-temp\/wp-content\/uploads\/2024\/01\/GEtOPArXYAADoZY-stor.jpeg","articleSection":["Arkiv","Nyheter"],"inLanguage":"sv-SE"},{"@type":"WebPage","@id":"https:\/\/lightweb.dev\/l\/svm-temp\/nyheter\/efterlyste-och-farliga-el-pastilla-greps-i-tyskland\/","url":"https:\/\/lightweb.dev\/l\/svm-temp\/nyheter\/efterlyste-och-farliga-el-pastilla-greps-i-tyskland\/","name":"Efterlyste och farliga \u201dEl Pastilla\u201d greps i Tyskland - Svenska Magasinet","isPartOf":{"@id":"https:\/\/lightweb.dev\/l\/svm-temp\/#website"},"primaryImageOfPage":{"@id":"https:\/\/lightweb.dev\/l\/svm-temp\/nyheter\/efterlyste-och-farliga-el-pastilla-greps-i-tyskland\/#primaryimage"},"image":{"@id":"https:\/\/lightweb.dev\/l\/svm-temp\/nyheter\/efterlyste-och-farliga-el-pastilla-greps-i-tyskland\/#primaryimage"},"thumbnailUrl":"https:\/\/lightweb.dev\/l\/svm-temp\/wp-content\/uploads\/2024\/01\/GEtOPArXYAADoZY-stor.jpeg","datePublished":"2024-01-26T08:59:55+00:00","description":"Det var en spektakul\u00e4r f\u00e4ngelserymning n\u00e4r dubbelm\u00f6rdaren och den spanske medborgaren Yusef Mohamed Leherech mera k\u00e4nd som \u201cEl Pastilla\u201d lyckades fly fr\u00e5n Madridf\u00e4ngelset Alcal\u00e1 Meco genom att kamouflera sig och f\u00f6lja med en grupp anh\u00f6riga som l\u00e4mnade f\u00e4ngelset efter ett bes\u00f6k. Ig\u00e5r grep tysk polis \u201dEl Pastilla\u201d p\u00e5 en j\u00e4rnv\u00e4gsstation i Leipzig.","breadcrumb":{"@id":"https:\/\/lightweb.dev\/l\/svm-temp\/nyheter\/efterlyste-och-farliga-el-pastilla-greps-i-tyskland\/#breadcrumb"},"inLanguage":"sv-SE","potentialAction":[{"@type":"ReadAction","target":["https:\/\/lightweb.dev\/l\/svm-temp\/nyheter\/efterlyste-och-farliga-el-pastilla-greps-i-tyskland\/"]}]},{"@type":"ImageObject","inLanguage":"sv-SE","@id":"https:\/\/lightweb.dev\/l\/svm-temp\/nyheter\/efterlyste-och-farliga-el-pastilla-greps-i-tyskland\/#primaryimage","url":"https:\/\/lightweb.dev\/l\/svm-temp\/wp-content\/uploads\/2024\/01\/GEtOPArXYAADoZY-stor.jpeg","contentUrl":"https:\/\/lightweb.dev\/l\/svm-temp\/wp-content\/uploads\/2024\/01\/GEtOPArXYAADoZY-stor.jpeg","width":1280,"height":934},{"@type":"BreadcrumbList","@id":"https:\/\/lightweb.dev\/l\/svm-temp\/nyheter\/efterlyste-och-farliga-el-pastilla-greps-i-tyskland\/#breadcrumb","itemListElement":[{"@type":"ListItem","position":1,"name":"Hem","item":"https:\/\/lightweb.dev\/l\/svm-temp\/"},{"@type":"ListItem","position":2,"name":"Efterlyste och farliga \u201dEl Pastilla\u201d greps i Tyskland"}]},{"@type":"WebSite","@id":"https:\/\/lightweb.dev\/l\/svm-temp\/#website","url":"https:\/\/lightweb.dev\/l\/svm-temp\/","name":"Svenska Magasinet","description":"Dina Spanska nyheter p&aring; Svenska","publisher":{"@id":"https:\/\/lightweb.dev\/l\/svm-temp\/#organization"},"potentialAction":[{"@type":"SearchAction","target":{"@type":"EntryPoint","urlTemplate":"https:\/\/lightweb.dev\/l\/svm-temp\/?s={search_term_string}"},"query-input":{"@type":"PropertyValueSpecification","valueRequired":true,"valueName":"search_term_string"}}],"inLanguage":"sv-SE"},{"@type":"Organization","@id":"https:\/\/lightweb.dev\/l\/svm-temp\/#organization","name":"Melkerson y Nott SL","alternateName":"Svenska Magasinet","url":"https:\/\/lightweb.dev\/l\/svm-temp\/","logo":{"@type":"ImageObject","inLanguage":"sv-SE","@id":"https:\/\/lightweb.dev\/l\/svm-temp\/#\/schema\/logo\/image\/","url":"https:\/\/lightweb.dev\/l\/svm-temp\/wp-content\/uploads\/2025\/02\/SvM-logo-Xtra-Centrerad-SVART.png","contentUrl":"https:\/\/lightweb.dev\/l\/svm-temp\/wp-content\/uploads\/2025\/02\/SvM-logo-Xtra-Centrerad-SVART.png","width":300,"height":99,"caption":"Melkerson y Nott SL"},"image":{"@id":"https:\/\/lightweb.dev\/l\/svm-temp\/#\/schema\/logo\/image\/"},"sameAs":["https:\/\/www.facebook.com\/svenskamagasinet","https:\/\/x.com\/SvenskaMagasine"]},{"@type":"Person","@id":"https:\/\/lightweb.dev\/l\/svm-temp\/#\/schema\/person\/7a82b8a73d171d32360a564b6d03508e","name":"Ola Josefsson","description":"Bevakar Solkusten och Spanien sedan 1994.","sameAs":["https:\/\/lightweb.dev\/l\/svm-temp"],"url":"https:\/\/lightweb.dev\/l\/svm-temp\/reporter\/ola-josefsson\/"}]}},"_links":{"self":[{"href":"https:\/\/lightweb.dev\/l\/svm-temp\/wp-json\/wp\/v2\/posts\/69221","targetHints":{"allow":["GET"]}}],"collection":[{"href":"https:\/\/lightweb.dev\/l\/svm-temp\/wp-json\/wp\/v2\/posts"}],"about":[{"href":"https:\/\/lightweb.dev\/l\/svm-temp\/wp-json\/wp\/v2\/types\/post"}],"author":[{"embeddable":true,"href":"https:\/\/lightweb.dev\/l\/svm-temp\/wp-json\/wp\/v2\/users\/7"}],"replies":[{"embeddable":true,"href":"https:\/\/lightweb.dev\/l\/svm-temp\/wp-json\/wp\/v2\/comments?post=69221"}],"version-history":[{"count":0,"href":"https:\/\/lightweb.dev\/l\/svm-temp\/wp-json\/wp\/v2\/posts\/69221\/revisions"}],"wp:featuredmedia":[{"embeddable":true,"href":"https:\/\/lightweb.dev\/l\/svm-temp\/wp-json\/wp\/v2\/media\/69222"}],"wp:attachment":[{"href":"https:\/\/lightweb.dev\/l\/svm-temp\/wp-json\/wp\/v2\/media?parent=69221"}],"wp:term":[{"taxonomy":"category","embeddable":true,"href":"https:\/\/lightweb.dev\/l\/svm-temp\/wp-json\/wp\/v2\/categories?post=69221"},{"taxonomy":"post_tag","embeddable":true,"href":"https:\/\/lightweb.dev\/l\/svm-temp\/wp-json\/wp\/v2\/tags?post=69221"}],"curies":[{"name":"wp","href":"https:\/\/api.w.org\/{rel}","templated":true}]}}