{"id":69224,"date":"2024-01-26T10:44:20","date_gmt":"2024-01-26T09:44:20","guid":{"rendered":"https:\/\/lightweb.dev\/l\/svm-temp\/?p=69224"},"modified":"2024-01-26T10:44:20","modified_gmt":"2024-01-26T09:44:20","slug":"psoe-befinner-sig-i-utkanten-av-grundlagen","status":"publish","type":"post","link":"https:\/\/lightweb.dev\/l\/svm-temp\/nyheter\/psoe-befinner-sig-i-utkanten-av-grundlagen\/","title":{"rendered":"\u201dPSOE befinner sig i utkanten av grundlagen\u201d"},"content":{"rendered":"<p><strong>Regionpresidenten i Castilla-La Mancha, Emiliano Garc\u00eda-Page, \u00e4r kritisk till f\u00f6rslaget om att terrorbrott ska ing\u00e5 i amnestilagen f\u00f6r tidigare d\u00f6mda katalanska separatister och de som fortsatt \u00e4r under utredning.<\/strong><\/p>\n<p><strong>Emiliano Garc\u00eda-Page spar inte p\u00e5 orden och placerar sitt parti i \u201dutkanten av grundlagen\u201d.<\/strong><\/p>\n<p>Det mesta i Spanien i v\u00e5ra dagar handlar om katalanska separatister och deras krav f\u00f6r att st\u00f6dja regeringspartiet PSOE och Pedro S\u00e1nchez. Och PSOE och S\u00e1nchez g\u00f6r vad som helst f\u00f6r att f\u00e5 sitta kvar att styra.<\/p>\n<p>Som att erbjuda d\u00f6mda katalanska separatister amnesti.<\/p>\n<p>Maktpartiet PSOE \u00e4r splittrat \u00e4ven om partiledningen och partiledaren Pedro S\u00e1nchez f\u00f6rs\u00f6ker g\u00f6ra allt f\u00f6r att h\u00e5lla ihop manskapet. Sedan tidigare har veteranpolitikern och Spaniens tidigare premi\u00e4rminister Felipe Gonz\u00e1lez helt avf\u00e4rdat amnestilagen och att ha n\u00e5got att g\u00f6ra med d\u00f6mda katalanska separatister.<\/p>\n<p>Emiliano Garc\u00eda-Page som \u00e4r regionpresident i Castilla-La Mancha placerar sitt parti i utkanten av grundlagen. Ett uttalande som fick ledande karri\u00e4rpolitiker hos PSOE att h\u00f6ja r\u00f6sten. Transportministern \u00d3scar Puente svarade med att placera socialistledaren i Kastilien-La Mancha i \u201dutkanten\u201d av sitt partiet.<\/p>\n<p>I dagsl\u00e4get styr PSOE endast i tre regioner. I Castilla-La Mancha har partiet egen majoritet. I Asturien styr PSOE tack vare st\u00f6d av F\u00f6renade v\u00e4nstern IU och Podemos. I Navarra \u00e4r det en koalition mellan PSOE och Geroa Bai, Contigo Zurekin och EH Bildu med r\u00f6tter i den terrorst\u00e4mplade v\u00e4nstergerillan ETA.<\/p>\n<p>Under g\u00e5rdagen f\u00f6rd\u00f6mde den spanske domaren Manuel Garc\u00eda Castell\u00f3n den spanska PSOE-regeringen som har kommit \u00f6verens med de katalanska separatistpartierna Junts och ERC om \u00e4ndringen av amnestilagen med vilken de avser att skydda Carles Puigdemont och nummer 2 hos partiet ERC, Marta Rovira och CDR mot anklagelserna f\u00f6r terrorism.<\/p>\n<p>Enligt domaren var Carles Puigdemont ansvarig f\u00f6r de oroligheter som uppkom i samband med plattformen Tsunami Democr\u00e0tic incidenter 18 oktober 2019 d\u00e4r flera poliser skadades.<\/p>\n<p>Det handlade om v\u00e5ldsamma indslag med kr\u00e4nkningar f\u00f6r \u201dr\u00e4tten till liv och fysisk integritet\u201d enligt artikel 15 i konstitutionen och artikel 2 i den europeiska konventionen om m\u00e4nskliga r\u00e4ttigheter.<\/p>\n","protected":false},"excerpt":{"rendered":"<p>Regionpresidenten i Castilla-La Mancha, Emiliano Garc\u00eda-Page, \u00e4r kritisk till f\u00f6rslaget om att terrorbrott ska ing\u00e5 i amnestilagen f\u00f6r tidigare d\u00f6mda katalanska separatister och de som fortsatt \u00e4r under utredning. Emiliano Garc\u00eda-Page spar inte p\u00e5 orden och placerar sitt parti i \u201dutkanten av grundlagen\u201d&#8230;<\/p>\n","protected":false},"author":7,"featured_media":69225,"comment_status":"closed","ping_status":"closed","sticky":false,"template":"","format":"standard","meta":{"_et_pb_use_builder":"","_et_pb_old_content":"","_et_gb_content_width":"","footnotes":""},"categories":[395,3],"tags":[],"class_list":["post-69224","post","type-post","status-publish","format-standard","has-post-thumbnail","hentry","category-arkiv-nyheter","category-nyheter"],"yoast_head":"<!-- This site is optimized with the Yoast SEO Premium plugin v26.2 (Yoast SEO v27.4) - https:\/\/yoast.com\/product\/yoast-seo-premium-wordpress\/ -->\n<title>\u201dPSOE befinner sig i utkanten av grundlagen\u201d - Svenska Magasinet<\/title>\n<meta name=\"description\" content=\"Regionpresidenten i Castilla-La Mancha, Emiliano Garc\u00eda-Page, \u00e4r kritisk till f\u00f6rslaget om att terrorbrott ska ing\u00e5 i amnestilagen f\u00f6r tidigare d\u00f6mda katalanska separatister och de som fortsatt \u00e4r under utredning. Emiliano Garc\u00eda-Page spar inte p\u00e5 orden och placerar sitt parti i \u201dutkanten av grundlagen\u201d.\" \/>\n<meta name=\"robots\" content=\"noindex, follow, max-snippet:-1, max-image-preview:large, max-video-preview:-1\" \/>\n<meta property=\"og:locale\" content=\"sv_SE\" \/>\n<meta property=\"og:type\" content=\"article\" \/>\n<meta property=\"og:title\" content=\"\u201dPSOE befinner sig i utkanten av grundlagen\u201d\" \/>\n<meta property=\"og:description\" content=\"Regionpresidenten i Castilla-La Mancha, Emiliano Garc\u00eda-Page, \u00e4r kritisk till f\u00f6rslaget om att terrorbrott ska ing\u00e5 i amnestilagen f\u00f6r tidigare d\u00f6mda katalanska separatister och de som fortsatt \u00e4r under utredning. Emiliano Garc\u00eda-Page spar inte p\u00e5 orden och placerar sitt parti i \u201dutkanten av grundlagen\u201d.\" \/>\n<meta property=\"og:url\" content=\"https:\/\/lightweb.dev\/l\/svm-temp\/nyheter\/psoe-befinner-sig-i-utkanten-av-grundlagen\/\" \/>\n<meta property=\"og:site_name\" content=\"Svenska Magasinet\" \/>\n<meta property=\"article:publisher\" content=\"https:\/\/www.facebook.com\/svenskamagasinet\" \/>\n<meta property=\"article:published_time\" content=\"2024-01-26T09:44:20+00:00\" \/>\n<meta property=\"og:image\" content=\"https:\/\/lightweb.dev\/l\/svm-temp\/wp-content\/uploads\/2024\/01\/039a2de6-1f1f-4988-b5eb-ad27c69b9aae_16-9-discover-aspect-ratio_default_0-stor.jpeg\" \/>\n\t<meta property=\"og:image:width\" content=\"1200\" \/>\n\t<meta property=\"og:image:height\" content=\"675\" \/>\n\t<meta property=\"og:image:type\" content=\"image\/jpeg\" \/>\n<meta name=\"author\" content=\"Ola Josefsson\" \/>\n<meta name=\"twitter:card\" content=\"summary_large_image\" \/>\n<meta name=\"twitter:creator\" content=\"@SvenskaMagasine\" \/>\n<meta name=\"twitter:site\" content=\"@SvenskaMagasine\" \/>\n<script type=\"application\/ld+json\" class=\"yoast-schema-graph\">{\"@context\":\"https:\\\/\\\/schema.org\",\"@graph\":[{\"@type\":\"Article\",\"@id\":\"https:\\\/\\\/lightweb.dev\\\/l\\\/svm-temp\\\/nyheter\\\/psoe-befinner-sig-i-utkanten-av-grundlagen\\\/#article\",\"isPartOf\":{\"@id\":\"https:\\\/\\\/lightweb.dev\\\/l\\\/svm-temp\\\/nyheter\\\/psoe-befinner-sig-i-utkanten-av-grundlagen\\\/\"},\"author\":{\"name\":\"Ola Josefsson\",\"@id\":\"https:\\\/\\\/lightweb.dev\\\/l\\\/svm-temp\\\/#\\\/schema\\\/person\\\/7a82b8a73d171d32360a564b6d03508e\"},\"headline\":\"\u201dPSOE befinner sig i utkanten av grundlagen\u201d\",\"datePublished\":\"2024-01-26T09:44:20+00:00\",\"mainEntityOfPage\":{\"@id\":\"https:\\\/\\\/lightweb.dev\\\/l\\\/svm-temp\\\/nyheter\\\/psoe-befinner-sig-i-utkanten-av-grundlagen\\\/\"},\"wordCount\":378,\"publisher\":{\"@id\":\"https:\\\/\\\/lightweb.dev\\\/l\\\/svm-temp\\\/#organization\"},\"image\":{\"@id\":\"https:\\\/\\\/lightweb.dev\\\/l\\\/svm-temp\\\/nyheter\\\/psoe-befinner-sig-i-utkanten-av-grundlagen\\\/#primaryimage\"},\"thumbnailUrl\":\"https:\\\/\\\/lightweb.dev\\\/l\\\/svm-temp\\\/wp-content\\\/uploads\\\/2024\\\/01\\\/039a2de6-1f1f-4988-b5eb-ad27c69b9aae_16-9-discover-aspect-ratio_default_0-stor.jpeg\",\"articleSection\":[\"Arkiv\",\"Nyheter\"],\"inLanguage\":\"sv-SE\"},{\"@type\":\"WebPage\",\"@id\":\"https:\\\/\\\/lightweb.dev\\\/l\\\/svm-temp\\\/nyheter\\\/psoe-befinner-sig-i-utkanten-av-grundlagen\\\/\",\"url\":\"https:\\\/\\\/lightweb.dev\\\/l\\\/svm-temp\\\/nyheter\\\/psoe-befinner-sig-i-utkanten-av-grundlagen\\\/\",\"name\":\"\u201dPSOE befinner sig i utkanten av grundlagen\u201d - Svenska Magasinet\",\"isPartOf\":{\"@id\":\"https:\\\/\\\/lightweb.dev\\\/l\\\/svm-temp\\\/#website\"},\"primaryImageOfPage\":{\"@id\":\"https:\\\/\\\/lightweb.dev\\\/l\\\/svm-temp\\\/nyheter\\\/psoe-befinner-sig-i-utkanten-av-grundlagen\\\/#primaryimage\"},\"image\":{\"@id\":\"https:\\\/\\\/lightweb.dev\\\/l\\\/svm-temp\\\/nyheter\\\/psoe-befinner-sig-i-utkanten-av-grundlagen\\\/#primaryimage\"},\"thumbnailUrl\":\"https:\\\/\\\/lightweb.dev\\\/l\\\/svm-temp\\\/wp-content\\\/uploads\\\/2024\\\/01\\\/039a2de6-1f1f-4988-b5eb-ad27c69b9aae_16-9-discover-aspect-ratio_default_0-stor.jpeg\",\"datePublished\":\"2024-01-26T09:44:20+00:00\",\"description\":\"Regionpresidenten i Castilla-La Mancha, Emiliano Garc\u00eda-Page, \u00e4r kritisk till f\u00f6rslaget om att terrorbrott ska ing\u00e5 i amnestilagen f\u00f6r tidigare d\u00f6mda katalanska separatister och de som fortsatt \u00e4r under utredning. Emiliano Garc\u00eda-Page spar inte p\u00e5 orden och placerar sitt parti i \u201dutkanten av grundlagen\u201d.\",\"breadcrumb\":{\"@id\":\"https:\\\/\\\/lightweb.dev\\\/l\\\/svm-temp\\\/nyheter\\\/psoe-befinner-sig-i-utkanten-av-grundlagen\\\/#breadcrumb\"},\"inLanguage\":\"sv-SE\",\"potentialAction\":[{\"@type\":\"ReadAction\",\"target\":[\"https:\\\/\\\/lightweb.dev\\\/l\\\/svm-temp\\\/nyheter\\\/psoe-befinner-sig-i-utkanten-av-grundlagen\\\/\"]}]},{\"@type\":\"ImageObject\",\"inLanguage\":\"sv-SE\",\"@id\":\"https:\\\/\\\/lightweb.dev\\\/l\\\/svm-temp\\\/nyheter\\\/psoe-befinner-sig-i-utkanten-av-grundlagen\\\/#primaryimage\",\"url\":\"https:\\\/\\\/lightweb.dev\\\/l\\\/svm-temp\\\/wp-content\\\/uploads\\\/2024\\\/01\\\/039a2de6-1f1f-4988-b5eb-ad27c69b9aae_16-9-discover-aspect-ratio_default_0-stor.jpeg\",\"contentUrl\":\"https:\\\/\\\/lightweb.dev\\\/l\\\/svm-temp\\\/wp-content\\\/uploads\\\/2024\\\/01\\\/039a2de6-1f1f-4988-b5eb-ad27c69b9aae_16-9-discover-aspect-ratio_default_0-stor.jpeg\",\"width\":1200,\"height\":675,\"caption\":\"Emiliano Garc\u00eda-Page\"},{\"@type\":\"BreadcrumbList\",\"@id\":\"https:\\\/\\\/lightweb.dev\\\/l\\\/svm-temp\\\/nyheter\\\/psoe-befinner-sig-i-utkanten-av-grundlagen\\\/#breadcrumb\",\"itemListElement\":[{\"@type\":\"ListItem\",\"position\":1,\"name\":\"Hem\",\"item\":\"https:\\\/\\\/lightweb.dev\\\/l\\\/svm-temp\\\/\"},{\"@type\":\"ListItem\",\"position\":2,\"name\":\"\u201dPSOE befinner sig i utkanten av grundlagen\u201d\"}]},{\"@type\":\"WebSite\",\"@id\":\"https:\\\/\\\/lightweb.dev\\\/l\\\/svm-temp\\\/#website\",\"url\":\"https:\\\/\\\/lightweb.dev\\\/l\\\/svm-temp\\\/\",\"name\":\"Svenska Magasinet\",\"description\":\"Dina Spanska nyheter p&aring; Svenska\",\"publisher\":{\"@id\":\"https:\\\/\\\/lightweb.dev\\\/l\\\/svm-temp\\\/#organization\"},\"potentialAction\":[{\"@type\":\"SearchAction\",\"target\":{\"@type\":\"EntryPoint\",\"urlTemplate\":\"https:\\\/\\\/lightweb.dev\\\/l\\\/svm-temp\\\/?s={search_term_string}\"},\"query-input\":{\"@type\":\"PropertyValueSpecification\",\"valueRequired\":true,\"valueName\":\"search_term_string\"}}],\"inLanguage\":\"sv-SE\"},{\"@type\":\"Organization\",\"@id\":\"https:\\\/\\\/lightweb.dev\\\/l\\\/svm-temp\\\/#organization\",\"name\":\"Melkerson y Nott SL\",\"alternateName\":\"Svenska Magasinet\",\"url\":\"https:\\\/\\\/lightweb.dev\\\/l\\\/svm-temp\\\/\",\"logo\":{\"@type\":\"ImageObject\",\"inLanguage\":\"sv-SE\",\"@id\":\"https:\\\/\\\/lightweb.dev\\\/l\\\/svm-temp\\\/#\\\/schema\\\/logo\\\/image\\\/\",\"url\":\"https:\\\/\\\/lightweb.dev\\\/l\\\/svm-temp\\\/wp-content\\\/uploads\\\/2025\\\/02\\\/SvM-logo-Xtra-Centrerad-SVART.png\",\"contentUrl\":\"https:\\\/\\\/lightweb.dev\\\/l\\\/svm-temp\\\/wp-content\\\/uploads\\\/2025\\\/02\\\/SvM-logo-Xtra-Centrerad-SVART.png\",\"width\":300,\"height\":99,\"caption\":\"Melkerson y Nott SL\"},\"image\":{\"@id\":\"https:\\\/\\\/lightweb.dev\\\/l\\\/svm-temp\\\/#\\\/schema\\\/logo\\\/image\\\/\"},\"sameAs\":[\"https:\\\/\\\/www.facebook.com\\\/svenskamagasinet\",\"https:\\\/\\\/x.com\\\/SvenskaMagasine\"]},{\"@type\":\"Person\",\"@id\":\"https:\\\/\\\/lightweb.dev\\\/l\\\/svm-temp\\\/#\\\/schema\\\/person\\\/7a82b8a73d171d32360a564b6d03508e\",\"name\":\"Ola Josefsson\",\"description\":\"Bevakar Solkusten och Spanien sedan 1994.\",\"sameAs\":[\"https:\\\/\\\/lightweb.dev\\\/l\\\/svm-temp\"],\"url\":\"https:\\\/\\\/lightweb.dev\\\/l\\\/svm-temp\\\/reporter\\\/ola-josefsson\\\/\"}]}<\/script>\n<!-- \/ Yoast SEO Premium plugin. -->","yoast_head_json":{"title":"\u201dPSOE befinner sig i utkanten av grundlagen\u201d - Svenska Magasinet","description":"Regionpresidenten i Castilla-La Mancha, Emiliano Garc\u00eda-Page, \u00e4r kritisk till f\u00f6rslaget om att terrorbrott ska ing\u00e5 i amnestilagen f\u00f6r tidigare d\u00f6mda katalanska separatister och de som fortsatt \u00e4r under utredning. Emiliano Garc\u00eda-Page spar inte p\u00e5 orden och placerar sitt parti i \u201dutkanten av grundlagen\u201d.","robots":{"index":"noindex","follow":"follow","max-snippet":"max-snippet:-1","max-image-preview":"max-image-preview:large","max-video-preview":"max-video-preview:-1"},"og_locale":"sv_SE","og_type":"article","og_title":"\u201dPSOE befinner sig i utkanten av grundlagen\u201d","og_description":"Regionpresidenten i Castilla-La Mancha, Emiliano Garc\u00eda-Page, \u00e4r kritisk till f\u00f6rslaget om att terrorbrott ska ing\u00e5 i amnestilagen f\u00f6r tidigare d\u00f6mda katalanska separatister och de som fortsatt \u00e4r under utredning. Emiliano Garc\u00eda-Page spar inte p\u00e5 orden och placerar sitt parti i \u201dutkanten av grundlagen\u201d.","og_url":"https:\/\/lightweb.dev\/l\/svm-temp\/nyheter\/psoe-befinner-sig-i-utkanten-av-grundlagen\/","og_site_name":"Svenska Magasinet","article_publisher":"https:\/\/www.facebook.com\/svenskamagasinet","article_published_time":"2024-01-26T09:44:20+00:00","og_image":[{"width":1200,"height":675,"url":"https:\/\/lightweb.dev\/l\/svm-temp\/wp-content\/uploads\/2024\/01\/039a2de6-1f1f-4988-b5eb-ad27c69b9aae_16-9-discover-aspect-ratio_default_0-stor.jpeg","type":"image\/jpeg"}],"author":"Ola Josefsson","twitter_card":"summary_large_image","twitter_creator":"@SvenskaMagasine","twitter_site":"@SvenskaMagasine","schema":{"@context":"https:\/\/schema.org","@graph":[{"@type":"Article","@id":"https:\/\/lightweb.dev\/l\/svm-temp\/nyheter\/psoe-befinner-sig-i-utkanten-av-grundlagen\/#article","isPartOf":{"@id":"https:\/\/lightweb.dev\/l\/svm-temp\/nyheter\/psoe-befinner-sig-i-utkanten-av-grundlagen\/"},"author":{"name":"Ola Josefsson","@id":"https:\/\/lightweb.dev\/l\/svm-temp\/#\/schema\/person\/7a82b8a73d171d32360a564b6d03508e"},"headline":"\u201dPSOE befinner sig i utkanten av grundlagen\u201d","datePublished":"2024-01-26T09:44:20+00:00","mainEntityOfPage":{"@id":"https:\/\/lightweb.dev\/l\/svm-temp\/nyheter\/psoe-befinner-sig-i-utkanten-av-grundlagen\/"},"wordCount":378,"publisher":{"@id":"https:\/\/lightweb.dev\/l\/svm-temp\/#organization"},"image":{"@id":"https:\/\/lightweb.dev\/l\/svm-temp\/nyheter\/psoe-befinner-sig-i-utkanten-av-grundlagen\/#primaryimage"},"thumbnailUrl":"https:\/\/lightweb.dev\/l\/svm-temp\/wp-content\/uploads\/2024\/01\/039a2de6-1f1f-4988-b5eb-ad27c69b9aae_16-9-discover-aspect-ratio_default_0-stor.jpeg","articleSection":["Arkiv","Nyheter"],"inLanguage":"sv-SE"},{"@type":"WebPage","@id":"https:\/\/lightweb.dev\/l\/svm-temp\/nyheter\/psoe-befinner-sig-i-utkanten-av-grundlagen\/","url":"https:\/\/lightweb.dev\/l\/svm-temp\/nyheter\/psoe-befinner-sig-i-utkanten-av-grundlagen\/","name":"\u201dPSOE befinner sig i utkanten av grundlagen\u201d - Svenska Magasinet","isPartOf":{"@id":"https:\/\/lightweb.dev\/l\/svm-temp\/#website"},"primaryImageOfPage":{"@id":"https:\/\/lightweb.dev\/l\/svm-temp\/nyheter\/psoe-befinner-sig-i-utkanten-av-grundlagen\/#primaryimage"},"image":{"@id":"https:\/\/lightweb.dev\/l\/svm-temp\/nyheter\/psoe-befinner-sig-i-utkanten-av-grundlagen\/#primaryimage"},"thumbnailUrl":"https:\/\/lightweb.dev\/l\/svm-temp\/wp-content\/uploads\/2024\/01\/039a2de6-1f1f-4988-b5eb-ad27c69b9aae_16-9-discover-aspect-ratio_default_0-stor.jpeg","datePublished":"2024-01-26T09:44:20+00:00","description":"Regionpresidenten i Castilla-La Mancha, Emiliano Garc\u00eda-Page, \u00e4r kritisk till f\u00f6rslaget om att terrorbrott ska ing\u00e5 i amnestilagen f\u00f6r tidigare d\u00f6mda katalanska separatister och de som fortsatt \u00e4r under utredning. Emiliano Garc\u00eda-Page spar inte p\u00e5 orden och placerar sitt parti i \u201dutkanten av grundlagen\u201d.","breadcrumb":{"@id":"https:\/\/lightweb.dev\/l\/svm-temp\/nyheter\/psoe-befinner-sig-i-utkanten-av-grundlagen\/#breadcrumb"},"inLanguage":"sv-SE","potentialAction":[{"@type":"ReadAction","target":["https:\/\/lightweb.dev\/l\/svm-temp\/nyheter\/psoe-befinner-sig-i-utkanten-av-grundlagen\/"]}]},{"@type":"ImageObject","inLanguage":"sv-SE","@id":"https:\/\/lightweb.dev\/l\/svm-temp\/nyheter\/psoe-befinner-sig-i-utkanten-av-grundlagen\/#primaryimage","url":"https:\/\/lightweb.dev\/l\/svm-temp\/wp-content\/uploads\/2024\/01\/039a2de6-1f1f-4988-b5eb-ad27c69b9aae_16-9-discover-aspect-ratio_default_0-stor.jpeg","contentUrl":"https:\/\/lightweb.dev\/l\/svm-temp\/wp-content\/uploads\/2024\/01\/039a2de6-1f1f-4988-b5eb-ad27c69b9aae_16-9-discover-aspect-ratio_default_0-stor.jpeg","width":1200,"height":675,"caption":"Emiliano Garc\u00eda-Page"},{"@type":"BreadcrumbList","@id":"https:\/\/lightweb.dev\/l\/svm-temp\/nyheter\/psoe-befinner-sig-i-utkanten-av-grundlagen\/#breadcrumb","itemListElement":[{"@type":"ListItem","position":1,"name":"Hem","item":"https:\/\/lightweb.dev\/l\/svm-temp\/"},{"@type":"ListItem","position":2,"name":"\u201dPSOE befinner sig i utkanten av grundlagen\u201d"}]},{"@type":"WebSite","@id":"https:\/\/lightweb.dev\/l\/svm-temp\/#website","url":"https:\/\/lightweb.dev\/l\/svm-temp\/","name":"Svenska Magasinet","description":"Dina Spanska nyheter p&aring; Svenska","publisher":{"@id":"https:\/\/lightweb.dev\/l\/svm-temp\/#organization"},"potentialAction":[{"@type":"SearchAction","target":{"@type":"EntryPoint","urlTemplate":"https:\/\/lightweb.dev\/l\/svm-temp\/?s={search_term_string}"},"query-input":{"@type":"PropertyValueSpecification","valueRequired":true,"valueName":"search_term_string"}}],"inLanguage":"sv-SE"},{"@type":"Organization","@id":"https:\/\/lightweb.dev\/l\/svm-temp\/#organization","name":"Melkerson y Nott SL","alternateName":"Svenska Magasinet","url":"https:\/\/lightweb.dev\/l\/svm-temp\/","logo":{"@type":"ImageObject","inLanguage":"sv-SE","@id":"https:\/\/lightweb.dev\/l\/svm-temp\/#\/schema\/logo\/image\/","url":"https:\/\/lightweb.dev\/l\/svm-temp\/wp-content\/uploads\/2025\/02\/SvM-logo-Xtra-Centrerad-SVART.png","contentUrl":"https:\/\/lightweb.dev\/l\/svm-temp\/wp-content\/uploads\/2025\/02\/SvM-logo-Xtra-Centrerad-SVART.png","width":300,"height":99,"caption":"Melkerson y Nott SL"},"image":{"@id":"https:\/\/lightweb.dev\/l\/svm-temp\/#\/schema\/logo\/image\/"},"sameAs":["https:\/\/www.facebook.com\/svenskamagasinet","https:\/\/x.com\/SvenskaMagasine"]},{"@type":"Person","@id":"https:\/\/lightweb.dev\/l\/svm-temp\/#\/schema\/person\/7a82b8a73d171d32360a564b6d03508e","name":"Ola Josefsson","description":"Bevakar Solkusten och Spanien sedan 1994.","sameAs":["https:\/\/lightweb.dev\/l\/svm-temp"],"url":"https:\/\/lightweb.dev\/l\/svm-temp\/reporter\/ola-josefsson\/"}]}},"_links":{"self":[{"href":"https:\/\/lightweb.dev\/l\/svm-temp\/wp-json\/wp\/v2\/posts\/69224","targetHints":{"allow":["GET"]}}],"collection":[{"href":"https:\/\/lightweb.dev\/l\/svm-temp\/wp-json\/wp\/v2\/posts"}],"about":[{"href":"https:\/\/lightweb.dev\/l\/svm-temp\/wp-json\/wp\/v2\/types\/post"}],"author":[{"embeddable":true,"href":"https:\/\/lightweb.dev\/l\/svm-temp\/wp-json\/wp\/v2\/users\/7"}],"replies":[{"embeddable":true,"href":"https:\/\/lightweb.dev\/l\/svm-temp\/wp-json\/wp\/v2\/comments?post=69224"}],"version-history":[{"count":0,"href":"https:\/\/lightweb.dev\/l\/svm-temp\/wp-json\/wp\/v2\/posts\/69224\/revisions"}],"wp:featuredmedia":[{"embeddable":true,"href":"https:\/\/lightweb.dev\/l\/svm-temp\/wp-json\/wp\/v2\/media\/69225"}],"wp:attachment":[{"href":"https:\/\/lightweb.dev\/l\/svm-temp\/wp-json\/wp\/v2\/media?parent=69224"}],"wp:term":[{"taxonomy":"category","embeddable":true,"href":"https:\/\/lightweb.dev\/l\/svm-temp\/wp-json\/wp\/v2\/categories?post=69224"},{"taxonomy":"post_tag","embeddable":true,"href":"https:\/\/lightweb.dev\/l\/svm-temp\/wp-json\/wp\/v2\/tags?post=69224"}],"curies":[{"name":"wp","href":"https:\/\/api.w.org\/{rel}","templated":true}]}}