{"id":69233,"date":"2024-01-26T16:44:46","date_gmt":"2024-01-26T15:44:46","guid":{"rendered":"https:\/\/lightweb.dev\/l\/svm-temp\/?p=69233"},"modified":"2024-01-29T10:18:48","modified_gmt":"2024-01-29T09:18:48","slug":"forbattrad-sakerhet-pa-dodens-vag","status":"publish","type":"post","link":"https:\/\/lightweb.dev\/l\/svm-temp\/nyheter\/forbattrad-sakerhet-pa-dodens-vag\/","title":{"rendered":"F\u00f6rb\u00e4ttrad s\u00e4kerhet p\u00e5 \u201cd\u00f6dens v\u00e4g\u201d"},"content":{"rendered":"<p><strong>En r\u00f6d linje m\u00e5las l\u00e4ngs med delar av A-355 f\u00f6r att f\u00f6rtydliga omk\u00f6rningsf\u00f6rbudet.\u00a0<\/strong><\/p>\n<p><strong>F\u00f6rra \u00e5ret intr\u00e4ffade mer \u00e4n 25 procent av d\u00f6dsolyckorna i trafiken p\u00e5 str\u00e4ckan som kommit att kallas f\u00f6r \u201cd\u00f6dens v\u00e4g\u201d.\u00a0<\/strong><\/p>\n<p><span style=\"font-weight: 400;\">En stor r\u00f6d linje med vita kanter har b\u00f6rjat m\u00e5las l\u00e4ngs med A-355 &#8211; ibland kallad \u201cd\u00f6dens v\u00e4g\u201d. Linjen ska str\u00e4cka sig fr\u00e5n avfarterna vid Guadalhorce och Coin till Monda kommun. Det \u00e4r en \u00e5tg\u00e4rd som aldrig tidigare har vidtagits i M\u00e1lagaprovinsen och knappt i Spanien \u00f6ver huvud taget, f\u00f6rutom ett par fall i Katalonien. Projektet passar bra med EUs direktiv om trafiks\u00e4kerhet.\u00a0<\/span><\/p>\n<p><span style=\"font-weight: 400;\">Tanken med den r\u00f6da linjen \u00e4r enkel. Man vill p\u00e5minna f\u00f6rarna som k\u00f6r d\u00e4r att det \u00e4r en farlig dubbelriktad v\u00e4g d\u00e4r man inte under n\u00e5gra som helst omst\u00e4ndigheter f\u00e5r korsa linjen f\u00f6r att g\u00f6ra en omk\u00f6rning.\u00a0<\/span><\/p>\n<p><span style=\"font-weight: 400;\">Tidningen SUR rapporterade om \u00e5tg\u00e4rden i slutet p\u00e5 f\u00f6rra \u00e5ret och nu har arbetet satt ig\u00e5ng. De ing\u00e5r i ett paket av l\u00f6sningar som tagits fram av regionalregeringen i Andalusien, det spanska trafikverket och kommunfullm\u00e4ktige i Coin. Alla parter var \u00f6verens om att n\u00e5got beh\u00f6vde g\u00f6ras l\u00e4ngs med str\u00e4ckan. F\u00f6rra \u00e5ret dog 38 personer i trafikolyckor i M\u00e1lagaprovinsen, 10 av dem intr\u00e4ffade d\u00e4r den r\u00f6da linjen nu m\u00e5las.\u00a0<\/span><\/p>\n<p><span style=\"font-weight: 400;\">Den r\u00f6da linjen v\u00e4ntas f\u00e5 effekt. Man har utv\u00e4rderat resultaten av till\u00e4mpandet i Katalonien och det tros bli ett kostnadseffektivt s\u00e4tt att p\u00e5minna f\u00f6rarna att de absolut inte f\u00e5r inkr\u00e4nka p\u00e5 det m\u00f6tande k\u00f6rf\u00e4ltet.\u00a0<\/span><\/p>\n<h2><span style=\"font-weight: 400;\">Fler \u00e5tg\u00e4rder kan vara p\u00e5 g\u00e5ng<\/span><\/h2>\n<p><span style=\"font-weight: 400;\">B\u00e5de borgm\u00e4staren i Coin, Francisco Santos, och regionalregeringens delegat, Patricia Navarro, lyfte fram str\u00e4ckan under m\u00f6tena med trafikverket eftersom antalet olyckor eskalerade under f\u00f6rra \u00e5ret. Det \u00e4r m\u00f6jligt att fler \u00e5tg\u00e4rder kommer att inf\u00f6ras.<\/span><\/p>\n<p><span style=\"font-weight: 400;\">Trafikverket har m\u00f6jligheten att inf\u00f6ra sensorer f\u00f6r att \u00f6vervaka str\u00e4ckor d\u00e4r det finns problem. Dessa finns redan placerade p\u00e5 samma v\u00e4g men i slutet av den, vid Ojen. D\u00e4r \u00e4r v\u00e4gen mer slingrande vilket i sig avskr\u00e4cker f\u00f6rare fr\u00e5n att l\u00e4mna sitt k\u00f6rf\u00e4lt. V\u00e4gsektionen vid Coin \u00e4r en l\u00e5ng rakstr\u00e4cka, vilket gjort att fler f\u00f6rare chansar n\u00e4r de vill k\u00f6ra om. Just nu utv\u00e4rderar man m\u00f6jligheten att installera sensorer \u00e4ven d\u00e4r.\u00a0<\/span><\/p>\n<p><span style=\"font-weight: 400;\">V\u00e4gen har blivit allt mer trafikerad i takt med att de ekonomiska och arbets- och fritids relationerna mellan Marbella och resten av kusten blivit starkare. F\u00f6rut l\u00e5g snittet p\u00e5 omkring 7 000 fordon per dag men \u00e4r nu uppe i 20 000.\u00a0<\/span><\/p>\n<p><span style=\"font-weight: 400;\">Genom utvecklingsministeriet har pengar i 2024 \u00e5rs budget avsatts f\u00f6r att f\u00f6rb\u00e4ttra s\u00e4kerheten p\u00e5 v\u00e4gen. Men arbetet med f\u00f6rb\u00e4ttringarna har redan p\u00e5g\u00e5tt under en tid. De senaste m\u00e5naderna har bland annat skyddsbarri\u00e4rer placerats l\u00e4ngs 4 kilometer av str\u00e4ckan och man har m\u00e5lat om v\u00e4gmarkeringar i sj\u00e4lvlysande f\u00e4rg.\u00a0<\/span><\/p>\n<p><span style=\"font-weight: 400;\">Dessutom studerar man m\u00f6jligheten att inf\u00f6ra radarsensorer f\u00f6r att med hj\u00e4lp av blinkande signalskyltar uppm\u00e4rksamma f\u00f6rare som beh\u00f6ver s\u00e4nka hastigheten.<\/span><\/p>\n<p><span style=\"font-weight: 400;\">Den dyraste l\u00f6sningen som finns i lokalregeringens l\u00e5da \u00e4r att bredda v\u00e4gen. P\u00e5 s\u00e5 vis skulle delar av den ha extra filer vid avfarter f\u00f6r att anpassa den till olika hastigheter. <\/span><\/p>\n","protected":false},"excerpt":{"rendered":"<p>En r\u00f6d linje m\u00e5las l\u00e4ngs med delar av A-355 f\u00f6r att f\u00f6rtydliga omk\u00f6rningsf\u00f6rbudet.\u00a0F\u00f6rra \u00e5ret intr\u00e4ffade mer \u00e4n 25 procent av d\u00f6dsolyckorna i trafiken p\u00e5 str\u00e4ckan som kommit att kallas f\u00f6r \u201cd\u00f6dens v\u00e4g\u201d.\u00a0<\/p>\n","protected":false},"author":14,"featured_media":69258,"comment_status":"closed","ping_status":"closed","sticky":false,"template":"","format":"standard","meta":{"_et_pb_use_builder":"","_et_pb_old_content":"","_et_gb_content_width":"","footnotes":""},"categories":[395,3],"tags":[],"class_list":["post-69233","post","type-post","status-publish","format-standard","has-post-thumbnail","hentry","category-arkiv-nyheter","category-nyheter"],"yoast_head":"<!-- This site is optimized with the Yoast SEO Premium plugin v26.2 (Yoast SEO v27.4) - https:\/\/yoast.com\/product\/yoast-seo-premium-wordpress\/ -->\n<title>F\u00f6rb\u00e4ttrad s\u00e4kerhet p\u00e5 \u201cd\u00f6dens v\u00e4g\u201d - Svenska Magasinet<\/title>\n<meta name=\"robots\" content=\"noindex, follow, max-snippet:-1, max-image-preview:large, max-video-preview:-1\" \/>\n<meta property=\"og:locale\" content=\"sv_SE\" \/>\n<meta property=\"og:type\" content=\"article\" \/>\n<meta property=\"og:title\" content=\"F\u00f6rb\u00e4ttrad s\u00e4kerhet p\u00e5 \u201cd\u00f6dens v\u00e4g\u201d\" \/>\n<meta property=\"og:description\" content=\"En r\u00f6d linje m\u00e5las l\u00e4ngs med delar av A-355 f\u00f6r att f\u00f6rtydliga omk\u00f6rningsf\u00f6rbudet.\u00a0F\u00f6rra \u00e5ret intr\u00e4ffade mer \u00e4n 25 procent av d\u00f6dsolyckorna i trafiken p\u00e5 str\u00e4ckan som kommit att kallas f\u00f6r \u201cd\u00f6dens v\u00e4g\u201d.\u00a0\" \/>\n<meta property=\"og:url\" content=\"https:\/\/lightweb.dev\/l\/svm-temp\/nyheter\/forbattrad-sakerhet-pa-dodens-vag\/\" \/>\n<meta property=\"og:site_name\" content=\"Svenska Magasinet\" \/>\n<meta property=\"article:publisher\" content=\"https:\/\/www.facebook.com\/svenskamagasinet\" \/>\n<meta property=\"article:published_time\" content=\"2024-01-26T15:44:46+00:00\" \/>\n<meta property=\"article:modified_time\" content=\"2024-01-29T09:18:48+00:00\" \/>\n<meta property=\"og:image\" content=\"https:\/\/lightweb.dev\/l\/svm-temp\/wp-content\/uploads\/2024\/01\/linea-roja-carretera-Malaga23-stor.jpeg\" \/>\n\t<meta property=\"og:image:width\" content=\"1280\" \/>\n\t<meta property=\"og:image:height\" content=\"872\" \/>\n\t<meta property=\"og:image:type\" content=\"image\/jpeg\" \/>\n<meta name=\"author\" content=\"Robbie Eriksson\" \/>\n<meta name=\"twitter:card\" content=\"summary_large_image\" \/>\n<meta name=\"twitter:creator\" content=\"@SvenskaMagasine\" \/>\n<meta name=\"twitter:site\" content=\"@SvenskaMagasine\" \/>\n<script type=\"application\/ld+json\" class=\"yoast-schema-graph\">{\"@context\":\"https:\\\/\\\/schema.org\",\"@graph\":[{\"@type\":\"Article\",\"@id\":\"https:\\\/\\\/lightweb.dev\\\/l\\\/svm-temp\\\/nyheter\\\/forbattrad-sakerhet-pa-dodens-vag\\\/#article\",\"isPartOf\":{\"@id\":\"https:\\\/\\\/lightweb.dev\\\/l\\\/svm-temp\\\/nyheter\\\/forbattrad-sakerhet-pa-dodens-vag\\\/\"},\"author\":{\"name\":\"Robbie Eriksson\",\"@id\":\"https:\\\/\\\/lightweb.dev\\\/l\\\/svm-temp\\\/#\\\/schema\\\/person\\\/caffe038990d25722f5a04a03c906a2b\"},\"headline\":\"F\u00f6rb\u00e4ttrad s\u00e4kerhet p\u00e5 \u201cd\u00f6dens v\u00e4g\u201d\",\"datePublished\":\"2024-01-26T15:44:46+00:00\",\"dateModified\":\"2024-01-29T09:18:48+00:00\",\"mainEntityOfPage\":{\"@id\":\"https:\\\/\\\/lightweb.dev\\\/l\\\/svm-temp\\\/nyheter\\\/forbattrad-sakerhet-pa-dodens-vag\\\/\"},\"wordCount\":620,\"publisher\":{\"@id\":\"https:\\\/\\\/lightweb.dev\\\/l\\\/svm-temp\\\/#organization\"},\"image\":{\"@id\":\"https:\\\/\\\/lightweb.dev\\\/l\\\/svm-temp\\\/nyheter\\\/forbattrad-sakerhet-pa-dodens-vag\\\/#primaryimage\"},\"thumbnailUrl\":\"https:\\\/\\\/lightweb.dev\\\/l\\\/svm-temp\\\/wp-content\\\/uploads\\\/2024\\\/01\\\/linea-roja-carretera-Malaga23-stor.jpeg\",\"articleSection\":[\"Arkiv\",\"Nyheter\"],\"inLanguage\":\"sv-SE\"},{\"@type\":\"WebPage\",\"@id\":\"https:\\\/\\\/lightweb.dev\\\/l\\\/svm-temp\\\/nyheter\\\/forbattrad-sakerhet-pa-dodens-vag\\\/\",\"url\":\"https:\\\/\\\/lightweb.dev\\\/l\\\/svm-temp\\\/nyheter\\\/forbattrad-sakerhet-pa-dodens-vag\\\/\",\"name\":\"F\u00f6rb\u00e4ttrad s\u00e4kerhet p\u00e5 \u201cd\u00f6dens v\u00e4g\u201d - Svenska Magasinet\",\"isPartOf\":{\"@id\":\"https:\\\/\\\/lightweb.dev\\\/l\\\/svm-temp\\\/#website\"},\"primaryImageOfPage\":{\"@id\":\"https:\\\/\\\/lightweb.dev\\\/l\\\/svm-temp\\\/nyheter\\\/forbattrad-sakerhet-pa-dodens-vag\\\/#primaryimage\"},\"image\":{\"@id\":\"https:\\\/\\\/lightweb.dev\\\/l\\\/svm-temp\\\/nyheter\\\/forbattrad-sakerhet-pa-dodens-vag\\\/#primaryimage\"},\"thumbnailUrl\":\"https:\\\/\\\/lightweb.dev\\\/l\\\/svm-temp\\\/wp-content\\\/uploads\\\/2024\\\/01\\\/linea-roja-carretera-Malaga23-stor.jpeg\",\"datePublished\":\"2024-01-26T15:44:46+00:00\",\"dateModified\":\"2024-01-29T09:18:48+00:00\",\"breadcrumb\":{\"@id\":\"https:\\\/\\\/lightweb.dev\\\/l\\\/svm-temp\\\/nyheter\\\/forbattrad-sakerhet-pa-dodens-vag\\\/#breadcrumb\"},\"inLanguage\":\"sv-SE\",\"potentialAction\":[{\"@type\":\"ReadAction\",\"target\":[\"https:\\\/\\\/lightweb.dev\\\/l\\\/svm-temp\\\/nyheter\\\/forbattrad-sakerhet-pa-dodens-vag\\\/\"]}]},{\"@type\":\"ImageObject\",\"inLanguage\":\"sv-SE\",\"@id\":\"https:\\\/\\\/lightweb.dev\\\/l\\\/svm-temp\\\/nyheter\\\/forbattrad-sakerhet-pa-dodens-vag\\\/#primaryimage\",\"url\":\"https:\\\/\\\/lightweb.dev\\\/l\\\/svm-temp\\\/wp-content\\\/uploads\\\/2024\\\/01\\\/linea-roja-carretera-Malaga23-stor.jpeg\",\"contentUrl\":\"https:\\\/\\\/lightweb.dev\\\/l\\\/svm-temp\\\/wp-content\\\/uploads\\\/2024\\\/01\\\/linea-roja-carretera-Malaga23-stor.jpeg\",\"width\":1280,\"height\":872,\"caption\":\"A-355:an vid Co\u00edn. (Foto: Junta de Andalucia)\"},{\"@type\":\"BreadcrumbList\",\"@id\":\"https:\\\/\\\/lightweb.dev\\\/l\\\/svm-temp\\\/nyheter\\\/forbattrad-sakerhet-pa-dodens-vag\\\/#breadcrumb\",\"itemListElement\":[{\"@type\":\"ListItem\",\"position\":1,\"name\":\"Hem\",\"item\":\"https:\\\/\\\/lightweb.dev\\\/l\\\/svm-temp\\\/\"},{\"@type\":\"ListItem\",\"position\":2,\"name\":\"F\u00f6rb\u00e4ttrad s\u00e4kerhet p\u00e5 \u201cd\u00f6dens v\u00e4g\u201d\"}]},{\"@type\":\"WebSite\",\"@id\":\"https:\\\/\\\/lightweb.dev\\\/l\\\/svm-temp\\\/#website\",\"url\":\"https:\\\/\\\/lightweb.dev\\\/l\\\/svm-temp\\\/\",\"name\":\"Svenska Magasinet\",\"description\":\"Dina Spanska nyheter p&aring; Svenska\",\"publisher\":{\"@id\":\"https:\\\/\\\/lightweb.dev\\\/l\\\/svm-temp\\\/#organization\"},\"potentialAction\":[{\"@type\":\"SearchAction\",\"target\":{\"@type\":\"EntryPoint\",\"urlTemplate\":\"https:\\\/\\\/lightweb.dev\\\/l\\\/svm-temp\\\/?s={search_term_string}\"},\"query-input\":{\"@type\":\"PropertyValueSpecification\",\"valueRequired\":true,\"valueName\":\"search_term_string\"}}],\"inLanguage\":\"sv-SE\"},{\"@type\":\"Organization\",\"@id\":\"https:\\\/\\\/lightweb.dev\\\/l\\\/svm-temp\\\/#organization\",\"name\":\"Melkerson y Nott SL\",\"alternateName\":\"Svenska Magasinet\",\"url\":\"https:\\\/\\\/lightweb.dev\\\/l\\\/svm-temp\\\/\",\"logo\":{\"@type\":\"ImageObject\",\"inLanguage\":\"sv-SE\",\"@id\":\"https:\\\/\\\/lightweb.dev\\\/l\\\/svm-temp\\\/#\\\/schema\\\/logo\\\/image\\\/\",\"url\":\"https:\\\/\\\/lightweb.dev\\\/l\\\/svm-temp\\\/wp-content\\\/uploads\\\/2025\\\/02\\\/SvM-logo-Xtra-Centrerad-SVART.png\",\"contentUrl\":\"https:\\\/\\\/lightweb.dev\\\/l\\\/svm-temp\\\/wp-content\\\/uploads\\\/2025\\\/02\\\/SvM-logo-Xtra-Centrerad-SVART.png\",\"width\":300,\"height\":99,\"caption\":\"Melkerson y Nott SL\"},\"image\":{\"@id\":\"https:\\\/\\\/lightweb.dev\\\/l\\\/svm-temp\\\/#\\\/schema\\\/logo\\\/image\\\/\"},\"sameAs\":[\"https:\\\/\\\/www.facebook.com\\\/svenskamagasinet\",\"https:\\\/\\\/x.com\\\/SvenskaMagasine\"]},{\"@type\":\"Person\",\"@id\":\"https:\\\/\\\/lightweb.dev\\\/l\\\/svm-temp\\\/#\\\/schema\\\/person\\\/caffe038990d25722f5a04a03c906a2b\",\"name\":\"Robbie Eriksson\",\"sameAs\":[\"https:\\\/\\\/lightweb.dev\\\/l\\\/svm-temp\"],\"url\":\"https:\\\/\\\/lightweb.dev\\\/l\\\/svm-temp\\\/reporter\\\/robbie-eriksson\\\/\"}]}<\/script>\n<!-- \/ Yoast SEO Premium plugin. -->","yoast_head_json":{"title":"F\u00f6rb\u00e4ttrad s\u00e4kerhet p\u00e5 \u201cd\u00f6dens v\u00e4g\u201d - Svenska Magasinet","robots":{"index":"noindex","follow":"follow","max-snippet":"max-snippet:-1","max-image-preview":"max-image-preview:large","max-video-preview":"max-video-preview:-1"},"og_locale":"sv_SE","og_type":"article","og_title":"F\u00f6rb\u00e4ttrad s\u00e4kerhet p\u00e5 \u201cd\u00f6dens v\u00e4g\u201d","og_description":"En r\u00f6d linje m\u00e5las l\u00e4ngs med delar av A-355 f\u00f6r att f\u00f6rtydliga omk\u00f6rningsf\u00f6rbudet.\u00a0F\u00f6rra \u00e5ret intr\u00e4ffade mer \u00e4n 25 procent av d\u00f6dsolyckorna i trafiken p\u00e5 str\u00e4ckan som kommit att kallas f\u00f6r \u201cd\u00f6dens v\u00e4g\u201d.\u00a0","og_url":"https:\/\/lightweb.dev\/l\/svm-temp\/nyheter\/forbattrad-sakerhet-pa-dodens-vag\/","og_site_name":"Svenska Magasinet","article_publisher":"https:\/\/www.facebook.com\/svenskamagasinet","article_published_time":"2024-01-26T15:44:46+00:00","article_modified_time":"2024-01-29T09:18:48+00:00","og_image":[{"width":1280,"height":872,"url":"https:\/\/lightweb.dev\/l\/svm-temp\/wp-content\/uploads\/2024\/01\/linea-roja-carretera-Malaga23-stor.jpeg","type":"image\/jpeg"}],"author":"Robbie Eriksson","twitter_card":"summary_large_image","twitter_creator":"@SvenskaMagasine","twitter_site":"@SvenskaMagasine","schema":{"@context":"https:\/\/schema.org","@graph":[{"@type":"Article","@id":"https:\/\/lightweb.dev\/l\/svm-temp\/nyheter\/forbattrad-sakerhet-pa-dodens-vag\/#article","isPartOf":{"@id":"https:\/\/lightweb.dev\/l\/svm-temp\/nyheter\/forbattrad-sakerhet-pa-dodens-vag\/"},"author":{"name":"Robbie Eriksson","@id":"https:\/\/lightweb.dev\/l\/svm-temp\/#\/schema\/person\/caffe038990d25722f5a04a03c906a2b"},"headline":"F\u00f6rb\u00e4ttrad s\u00e4kerhet p\u00e5 \u201cd\u00f6dens v\u00e4g\u201d","datePublished":"2024-01-26T15:44:46+00:00","dateModified":"2024-01-29T09:18:48+00:00","mainEntityOfPage":{"@id":"https:\/\/lightweb.dev\/l\/svm-temp\/nyheter\/forbattrad-sakerhet-pa-dodens-vag\/"},"wordCount":620,"publisher":{"@id":"https:\/\/lightweb.dev\/l\/svm-temp\/#organization"},"image":{"@id":"https:\/\/lightweb.dev\/l\/svm-temp\/nyheter\/forbattrad-sakerhet-pa-dodens-vag\/#primaryimage"},"thumbnailUrl":"https:\/\/lightweb.dev\/l\/svm-temp\/wp-content\/uploads\/2024\/01\/linea-roja-carretera-Malaga23-stor.jpeg","articleSection":["Arkiv","Nyheter"],"inLanguage":"sv-SE"},{"@type":"WebPage","@id":"https:\/\/lightweb.dev\/l\/svm-temp\/nyheter\/forbattrad-sakerhet-pa-dodens-vag\/","url":"https:\/\/lightweb.dev\/l\/svm-temp\/nyheter\/forbattrad-sakerhet-pa-dodens-vag\/","name":"F\u00f6rb\u00e4ttrad s\u00e4kerhet p\u00e5 \u201cd\u00f6dens v\u00e4g\u201d - Svenska Magasinet","isPartOf":{"@id":"https:\/\/lightweb.dev\/l\/svm-temp\/#website"},"primaryImageOfPage":{"@id":"https:\/\/lightweb.dev\/l\/svm-temp\/nyheter\/forbattrad-sakerhet-pa-dodens-vag\/#primaryimage"},"image":{"@id":"https:\/\/lightweb.dev\/l\/svm-temp\/nyheter\/forbattrad-sakerhet-pa-dodens-vag\/#primaryimage"},"thumbnailUrl":"https:\/\/lightweb.dev\/l\/svm-temp\/wp-content\/uploads\/2024\/01\/linea-roja-carretera-Malaga23-stor.jpeg","datePublished":"2024-01-26T15:44:46+00:00","dateModified":"2024-01-29T09:18:48+00:00","breadcrumb":{"@id":"https:\/\/lightweb.dev\/l\/svm-temp\/nyheter\/forbattrad-sakerhet-pa-dodens-vag\/#breadcrumb"},"inLanguage":"sv-SE","potentialAction":[{"@type":"ReadAction","target":["https:\/\/lightweb.dev\/l\/svm-temp\/nyheter\/forbattrad-sakerhet-pa-dodens-vag\/"]}]},{"@type":"ImageObject","inLanguage":"sv-SE","@id":"https:\/\/lightweb.dev\/l\/svm-temp\/nyheter\/forbattrad-sakerhet-pa-dodens-vag\/#primaryimage","url":"https:\/\/lightweb.dev\/l\/svm-temp\/wp-content\/uploads\/2024\/01\/linea-roja-carretera-Malaga23-stor.jpeg","contentUrl":"https:\/\/lightweb.dev\/l\/svm-temp\/wp-content\/uploads\/2024\/01\/linea-roja-carretera-Malaga23-stor.jpeg","width":1280,"height":872,"caption":"A-355:an vid Co\u00edn. (Foto: Junta de Andalucia)"},{"@type":"BreadcrumbList","@id":"https:\/\/lightweb.dev\/l\/svm-temp\/nyheter\/forbattrad-sakerhet-pa-dodens-vag\/#breadcrumb","itemListElement":[{"@type":"ListItem","position":1,"name":"Hem","item":"https:\/\/lightweb.dev\/l\/svm-temp\/"},{"@type":"ListItem","position":2,"name":"F\u00f6rb\u00e4ttrad s\u00e4kerhet p\u00e5 \u201cd\u00f6dens v\u00e4g\u201d"}]},{"@type":"WebSite","@id":"https:\/\/lightweb.dev\/l\/svm-temp\/#website","url":"https:\/\/lightweb.dev\/l\/svm-temp\/","name":"Svenska Magasinet","description":"Dina Spanska nyheter p&aring; Svenska","publisher":{"@id":"https:\/\/lightweb.dev\/l\/svm-temp\/#organization"},"potentialAction":[{"@type":"SearchAction","target":{"@type":"EntryPoint","urlTemplate":"https:\/\/lightweb.dev\/l\/svm-temp\/?s={search_term_string}"},"query-input":{"@type":"PropertyValueSpecification","valueRequired":true,"valueName":"search_term_string"}}],"inLanguage":"sv-SE"},{"@type":"Organization","@id":"https:\/\/lightweb.dev\/l\/svm-temp\/#organization","name":"Melkerson y Nott SL","alternateName":"Svenska Magasinet","url":"https:\/\/lightweb.dev\/l\/svm-temp\/","logo":{"@type":"ImageObject","inLanguage":"sv-SE","@id":"https:\/\/lightweb.dev\/l\/svm-temp\/#\/schema\/logo\/image\/","url":"https:\/\/lightweb.dev\/l\/svm-temp\/wp-content\/uploads\/2025\/02\/SvM-logo-Xtra-Centrerad-SVART.png","contentUrl":"https:\/\/lightweb.dev\/l\/svm-temp\/wp-content\/uploads\/2025\/02\/SvM-logo-Xtra-Centrerad-SVART.png","width":300,"height":99,"caption":"Melkerson y Nott SL"},"image":{"@id":"https:\/\/lightweb.dev\/l\/svm-temp\/#\/schema\/logo\/image\/"},"sameAs":["https:\/\/www.facebook.com\/svenskamagasinet","https:\/\/x.com\/SvenskaMagasine"]},{"@type":"Person","@id":"https:\/\/lightweb.dev\/l\/svm-temp\/#\/schema\/person\/caffe038990d25722f5a04a03c906a2b","name":"Robbie Eriksson","sameAs":["https:\/\/lightweb.dev\/l\/svm-temp"],"url":"https:\/\/lightweb.dev\/l\/svm-temp\/reporter\/robbie-eriksson\/"}]}},"_links":{"self":[{"href":"https:\/\/lightweb.dev\/l\/svm-temp\/wp-json\/wp\/v2\/posts\/69233","targetHints":{"allow":["GET"]}}],"collection":[{"href":"https:\/\/lightweb.dev\/l\/svm-temp\/wp-json\/wp\/v2\/posts"}],"about":[{"href":"https:\/\/lightweb.dev\/l\/svm-temp\/wp-json\/wp\/v2\/types\/post"}],"author":[{"embeddable":true,"href":"https:\/\/lightweb.dev\/l\/svm-temp\/wp-json\/wp\/v2\/users\/14"}],"replies":[{"embeddable":true,"href":"https:\/\/lightweb.dev\/l\/svm-temp\/wp-json\/wp\/v2\/comments?post=69233"}],"version-history":[{"count":0,"href":"https:\/\/lightweb.dev\/l\/svm-temp\/wp-json\/wp\/v2\/posts\/69233\/revisions"}],"wp:featuredmedia":[{"embeddable":true,"href":"https:\/\/lightweb.dev\/l\/svm-temp\/wp-json\/wp\/v2\/media\/69258"}],"wp:attachment":[{"href":"https:\/\/lightweb.dev\/l\/svm-temp\/wp-json\/wp\/v2\/media?parent=69233"}],"wp:term":[{"taxonomy":"category","embeddable":true,"href":"https:\/\/lightweb.dev\/l\/svm-temp\/wp-json\/wp\/v2\/categories?post=69233"},{"taxonomy":"post_tag","embeddable":true,"href":"https:\/\/lightweb.dev\/l\/svm-temp\/wp-json\/wp\/v2\/tags?post=69233"}],"curies":[{"name":"wp","href":"https:\/\/api.w.org\/{rel}","templated":true}]}}