{"id":69236,"date":"2024-01-26T16:50:26","date_gmt":"2024-01-26T15:50:26","guid":{"rendered":"https:\/\/lightweb.dev\/l\/svm-temp\/?p=69236"},"modified":"2024-01-26T17:13:42","modified_gmt":"2024-01-26T16:13:42","slug":"tagen-mellan-malaga-och-fuengirola-ska-byggas-ut-och-forbattras","status":"publish","type":"post","link":"https:\/\/lightweb.dev\/l\/svm-temp\/nyheter\/tagen-mellan-malaga-och-fuengirola-ska-byggas-ut-och-forbattras\/","title":{"rendered":"T\u00e5gen mellan M\u00e1laga och Fuengirola ska byggas ut och f\u00f6rb\u00e4ttras"},"content":{"rendered":"<p><strong>Men projektet \u00e4r i en tidig fas och kommer att ta tid.\u00a0<\/strong><\/p>\n<p><span style=\"font-weight: 400;\">Transportminister Oscar Puente tillk\u00e4nnagav i onsdags sitt \u00e5tagande att ut\u00f6ka frekvensen p\u00e5 pendelt\u00e5gen, Cercanias. Som svar p\u00e5 en fr\u00e5ga fr\u00e5n M\u00e1lagas st\u00e4llf\u00f6retr\u00e4dare fr\u00e5n det socialistiska partiet PSOE Nacho Lopez. \u201cVi har satt som m\u00e5l att t\u00e5gen fr\u00e5n och till Fuengirola ska g\u00e5 varje 15 minuter ist\u00e4llet f\u00f6r 20,\u201d kommenterade Puente som inte utesluter att t\u00e5gen kan bli \u00e4n mer frekventa.\u00a0<\/span><\/p>\n<p><span style=\"font-weight: 400;\">Detta kommer efter flera klagom\u00e5l fr\u00e5n de som reser med pendelt\u00e5gen. De \u00e4r ofta \u00f6verbelastade och ofta f\u00f6rsenade.\u00a0<\/span><\/p>\n<p><span style=\"font-weight: 400;\">Tekniker h\u00e5ller redan p\u00e5 med den topografiska unders\u00f6kningen l\u00e4ngs str\u00e4ckan. De unders\u00f6ker vilka delar av r\u00e4lsen som skulle kunna dubbleras. Detta har bekr\u00e4ftats av k\u00e4llor till tidningen SUR inom b\u00e5de departementet f\u00f6r transport och PSOE.\u00a0<\/span><\/p>\n<p><span style=\"font-weight: 400;\">Detta steg \u00e4r den andra fasen av funktionsstudien f\u00f6r att f\u00f6rb\u00e4ttra driften och tillf\u00f6rlitligheten mellan M\u00e1laga och Fuengirola. Det f\u00f6rsta utf\u00f6rdes under 2022 och 2023. Just nu utv\u00e4rderas de delar av r\u00e4lsen som bara har ett sp\u00e5r. Det \u00e4r str\u00e4ckorna Maria Zambrano &#8211; Centro Alameda, Torremolinos &#8211; El Pinillo och Benalm\u00e1dena &#8211; Campo de Golf.\u00a0<\/span><\/p>\n<p><span style=\"font-weight: 400;\">Str\u00e4ckan mellan M\u00e1laga och Fuengirola \u00e4r 31 kilometer l\u00e5ng. F\u00f6r n\u00e4rvarande har 19,9 av dem dubbelsp\u00e5r. Det nu p\u00e5g\u00e5ende tekniska arbetet kommer att ta flera m\u00e5nader, s\u00e5 inga f\u00f6rb\u00e4ttringar kommer att ske p\u00e5 kort sikt. N\u00e4r de punkter d\u00e4r arbetet \u00e4r m\u00f6jligt \u00e4r fastst\u00e4llda m\u00e5ste projektet l\u00e4ggas ut till budgivning, tilldelas och genomf\u00f6ras.\u00a0<\/span><\/p>\n<p><span style=\"font-weight: 400;\">K\u00e4llorna till SUR uppger att man kommer att fokusera p\u00e5 de omr\u00e5den d\u00e4r balansen mellan kostnad och nytta \u00e4r som mest gynnsam. Man har redan identifierat ett omr\u00e5de d\u00e4r en ut\u00f6kning kan genomf\u00f6ras med en h\u00e5llbar investering, eftersom det redan finns nog med plats f\u00f6r att bygga ett extra sp\u00e5r.\u00a0<\/span><\/p>\n<p><span style=\"font-weight: 400;\">Det g\u00e4ller sektionen mellan Plaza Mayor och flygplatsen. Det ser dessutom ut att vara m\u00f6jligt att genomf\u00f6ra arbetet runt Benalmadena. Det ser d\u00e4remot ut att vara mer komplicerat att genomf\u00f6ra arbetet mellan Maria Zambrano och Centro Alameda. Dessutom \u00e4r flera andra delar mer komplicerade d\u00e5 de ligger n\u00e4ra bost\u00e4der och infrastruktur.\u00a0<\/span><\/p>\n<p><span style=\"font-weight: 400;\">F\u00f6r att genomf\u00f6ra det ministern har lovat skulle \u00e5tminstone mellan 27 och 28 kilometer av str\u00e4ckan beh\u00f6va bli dubbelsp\u00e5riga. Dessutom beh\u00f6ver renoveringar och utbyggnader g\u00f6ras p\u00e5 olika stationer och man beh\u00f6ver fler t\u00e5g.\u00a0<\/span><\/p>\n<p><span style=\"font-weight: 400;\">Under den f\u00f6rsta fasen som blev klar f\u00f6r ett antal m\u00e5nader sedan tog man fram de mest br\u00e5dskande \u00e5tg\u00e4rderna f\u00f6r att f\u00f6rb\u00e4ttra t\u00e5gtrafiken. Nu utreder man vilka m\u00f6jligheter som \u00e4r realistiska f\u00f6r att dubblera sp\u00e5ret.\u00a0<\/span><\/p>\n<p><span style=\"font-weight: 400;\">Den nuvarande strukturen av pendelt\u00e5gen \u00e4r resultatet av investeringar som gjordes mellan 2005 och 2011. Innan dess fanns endast ett sp\u00e5r l\u00e4ngs hela str\u00e4ckan. Under det projektet byggdes \u00e4ven stationerna Viktoria Kent och pendelt\u00e5gsstationen i Maria Zambrano. Sedan dess har t\u00e5gen avg\u00e5tt var 20 minut, innan dess gick de var 30.<\/span><\/p>\n","protected":false},"excerpt":{"rendered":"<p>Men projektet \u00e4r i en tidig fas och kommer att ta tid.\u00a0<\/p>\n","protected":false},"author":14,"featured_media":15482,"comment_status":"closed","ping_status":"closed","sticky":false,"template":"","format":"standard","meta":{"_et_pb_use_builder":"","_et_pb_old_content":"","_et_gb_content_width":"","footnotes":""},"categories":[395,3],"tags":[],"class_list":["post-69236","post","type-post","status-publish","format-standard","has-post-thumbnail","hentry","category-arkiv-nyheter","category-nyheter"],"yoast_head":"<!-- This site is optimized with the Yoast SEO Premium plugin v26.2 (Yoast SEO v27.4) - https:\/\/yoast.com\/product\/yoast-seo-premium-wordpress\/ -->\n<title>T\u00e5gen mellan M\u00e1laga och Fuengirola ska byggas ut och f\u00f6rb\u00e4ttras - Svenska Magasinet<\/title>\n<meta name=\"robots\" content=\"noindex, follow, max-snippet:-1, max-image-preview:large, max-video-preview:-1\" \/>\n<meta property=\"og:locale\" content=\"sv_SE\" \/>\n<meta property=\"og:type\" content=\"article\" \/>\n<meta property=\"og:title\" content=\"T\u00e5gen mellan M\u00e1laga och Fuengirola ska byggas ut och f\u00f6rb\u00e4ttras\" \/>\n<meta property=\"og:description\" content=\"Men projektet \u00e4r i en tidig fas och kommer att ta tid.\u00a0\" \/>\n<meta property=\"og:url\" content=\"https:\/\/lightweb.dev\/l\/svm-temp\/nyheter\/tagen-mellan-malaga-och-fuengirola-ska-byggas-ut-och-forbattras\/\" \/>\n<meta property=\"og:site_name\" content=\"Svenska Magasinet\" \/>\n<meta property=\"article:publisher\" content=\"https:\/\/www.facebook.com\/svenskamagasinet\" \/>\n<meta property=\"article:published_time\" content=\"2024-01-26T15:50:26+00:00\" \/>\n<meta property=\"article:modified_time\" content=\"2024-01-26T16:13:42+00:00\" \/>\n<meta property=\"og:image\" content=\"https:\/\/lightweb.dev\/l\/svm-temp\/wp-content\/uploads\/2022\/06\/utokad-pendeltagstrafik-bollen-ligger-hos-renfe.png\" \/>\n\t<meta property=\"og:image:width\" content=\"700\" \/>\n\t<meta property=\"og:image:height\" content=\"420\" \/>\n\t<meta property=\"og:image:type\" content=\"image\/png\" \/>\n<meta name=\"author\" content=\"Robbie Eriksson\" \/>\n<meta name=\"twitter:card\" content=\"summary_large_image\" \/>\n<meta name=\"twitter:creator\" content=\"@SvenskaMagasine\" \/>\n<meta name=\"twitter:site\" content=\"@SvenskaMagasine\" \/>\n<script type=\"application\/ld+json\" class=\"yoast-schema-graph\">{\"@context\":\"https:\\\/\\\/schema.org\",\"@graph\":[{\"@type\":\"Article\",\"@id\":\"https:\\\/\\\/lightweb.dev\\\/l\\\/svm-temp\\\/nyheter\\\/tagen-mellan-malaga-och-fuengirola-ska-byggas-ut-och-forbattras\\\/#article\",\"isPartOf\":{\"@id\":\"https:\\\/\\\/lightweb.dev\\\/l\\\/svm-temp\\\/nyheter\\\/tagen-mellan-malaga-och-fuengirola-ska-byggas-ut-och-forbattras\\\/\"},\"author\":{\"name\":\"Robbie Eriksson\",\"@id\":\"https:\\\/\\\/lightweb.dev\\\/l\\\/svm-temp\\\/#\\\/schema\\\/person\\\/caffe038990d25722f5a04a03c906a2b\"},\"headline\":\"T\u00e5gen mellan M\u00e1laga och Fuengirola ska byggas ut och f\u00f6rb\u00e4ttras\",\"datePublished\":\"2024-01-26T15:50:26+00:00\",\"dateModified\":\"2024-01-26T16:13:42+00:00\",\"mainEntityOfPage\":{\"@id\":\"https:\\\/\\\/lightweb.dev\\\/l\\\/svm-temp\\\/nyheter\\\/tagen-mellan-malaga-och-fuengirola-ska-byggas-ut-och-forbattras\\\/\"},\"wordCount\":560,\"publisher\":{\"@id\":\"https:\\\/\\\/lightweb.dev\\\/l\\\/svm-temp\\\/#organization\"},\"image\":{\"@id\":\"https:\\\/\\\/lightweb.dev\\\/l\\\/svm-temp\\\/nyheter\\\/tagen-mellan-malaga-och-fuengirola-ska-byggas-ut-och-forbattras\\\/#primaryimage\"},\"thumbnailUrl\":\"https:\\\/\\\/lightweb.dev\\\/l\\\/svm-temp\\\/wp-content\\\/uploads\\\/2022\\\/06\\\/utokad-pendeltagstrafik-bollen-ligger-hos-renfe.png\",\"articleSection\":[\"Arkiv\",\"Nyheter\"],\"inLanguage\":\"sv-SE\"},{\"@type\":\"WebPage\",\"@id\":\"https:\\\/\\\/lightweb.dev\\\/l\\\/svm-temp\\\/nyheter\\\/tagen-mellan-malaga-och-fuengirola-ska-byggas-ut-och-forbattras\\\/\",\"url\":\"https:\\\/\\\/lightweb.dev\\\/l\\\/svm-temp\\\/nyheter\\\/tagen-mellan-malaga-och-fuengirola-ska-byggas-ut-och-forbattras\\\/\",\"name\":\"T\u00e5gen mellan M\u00e1laga och Fuengirola ska byggas ut och f\u00f6rb\u00e4ttras - Svenska Magasinet\",\"isPartOf\":{\"@id\":\"https:\\\/\\\/lightweb.dev\\\/l\\\/svm-temp\\\/#website\"},\"primaryImageOfPage\":{\"@id\":\"https:\\\/\\\/lightweb.dev\\\/l\\\/svm-temp\\\/nyheter\\\/tagen-mellan-malaga-och-fuengirola-ska-byggas-ut-och-forbattras\\\/#primaryimage\"},\"image\":{\"@id\":\"https:\\\/\\\/lightweb.dev\\\/l\\\/svm-temp\\\/nyheter\\\/tagen-mellan-malaga-och-fuengirola-ska-byggas-ut-och-forbattras\\\/#primaryimage\"},\"thumbnailUrl\":\"https:\\\/\\\/lightweb.dev\\\/l\\\/svm-temp\\\/wp-content\\\/uploads\\\/2022\\\/06\\\/utokad-pendeltagstrafik-bollen-ligger-hos-renfe.png\",\"datePublished\":\"2024-01-26T15:50:26+00:00\",\"dateModified\":\"2024-01-26T16:13:42+00:00\",\"breadcrumb\":{\"@id\":\"https:\\\/\\\/lightweb.dev\\\/l\\\/svm-temp\\\/nyheter\\\/tagen-mellan-malaga-och-fuengirola-ska-byggas-ut-och-forbattras\\\/#breadcrumb\"},\"inLanguage\":\"sv-SE\",\"potentialAction\":[{\"@type\":\"ReadAction\",\"target\":[\"https:\\\/\\\/lightweb.dev\\\/l\\\/svm-temp\\\/nyheter\\\/tagen-mellan-malaga-och-fuengirola-ska-byggas-ut-och-forbattras\\\/\"]}]},{\"@type\":\"ImageObject\",\"inLanguage\":\"sv-SE\",\"@id\":\"https:\\\/\\\/lightweb.dev\\\/l\\\/svm-temp\\\/nyheter\\\/tagen-mellan-malaga-och-fuengirola-ska-byggas-ut-och-forbattras\\\/#primaryimage\",\"url\":\"https:\\\/\\\/lightweb.dev\\\/l\\\/svm-temp\\\/wp-content\\\/uploads\\\/2022\\\/06\\\/utokad-pendeltagstrafik-bollen-ligger-hos-renfe.png\",\"contentUrl\":\"https:\\\/\\\/lightweb.dev\\\/l\\\/svm-temp\\\/wp-content\\\/uploads\\\/2022\\\/06\\\/utokad-pendeltagstrafik-bollen-ligger-hos-renfe.png\",\"width\":700,\"height\":420},{\"@type\":\"BreadcrumbList\",\"@id\":\"https:\\\/\\\/lightweb.dev\\\/l\\\/svm-temp\\\/nyheter\\\/tagen-mellan-malaga-och-fuengirola-ska-byggas-ut-och-forbattras\\\/#breadcrumb\",\"itemListElement\":[{\"@type\":\"ListItem\",\"position\":1,\"name\":\"Hem\",\"item\":\"https:\\\/\\\/lightweb.dev\\\/l\\\/svm-temp\\\/\"},{\"@type\":\"ListItem\",\"position\":2,\"name\":\"T\u00e5gen mellan M\u00e1laga och Fuengirola ska byggas ut och f\u00f6rb\u00e4ttras\"}]},{\"@type\":\"WebSite\",\"@id\":\"https:\\\/\\\/lightweb.dev\\\/l\\\/svm-temp\\\/#website\",\"url\":\"https:\\\/\\\/lightweb.dev\\\/l\\\/svm-temp\\\/\",\"name\":\"Svenska Magasinet\",\"description\":\"Dina Spanska nyheter p&aring; Svenska\",\"publisher\":{\"@id\":\"https:\\\/\\\/lightweb.dev\\\/l\\\/svm-temp\\\/#organization\"},\"potentialAction\":[{\"@type\":\"SearchAction\",\"target\":{\"@type\":\"EntryPoint\",\"urlTemplate\":\"https:\\\/\\\/lightweb.dev\\\/l\\\/svm-temp\\\/?s={search_term_string}\"},\"query-input\":{\"@type\":\"PropertyValueSpecification\",\"valueRequired\":true,\"valueName\":\"search_term_string\"}}],\"inLanguage\":\"sv-SE\"},{\"@type\":\"Organization\",\"@id\":\"https:\\\/\\\/lightweb.dev\\\/l\\\/svm-temp\\\/#organization\",\"name\":\"Melkerson y Nott SL\",\"alternateName\":\"Svenska Magasinet\",\"url\":\"https:\\\/\\\/lightweb.dev\\\/l\\\/svm-temp\\\/\",\"logo\":{\"@type\":\"ImageObject\",\"inLanguage\":\"sv-SE\",\"@id\":\"https:\\\/\\\/lightweb.dev\\\/l\\\/svm-temp\\\/#\\\/schema\\\/logo\\\/image\\\/\",\"url\":\"https:\\\/\\\/lightweb.dev\\\/l\\\/svm-temp\\\/wp-content\\\/uploads\\\/2025\\\/02\\\/SvM-logo-Xtra-Centrerad-SVART.png\",\"contentUrl\":\"https:\\\/\\\/lightweb.dev\\\/l\\\/svm-temp\\\/wp-content\\\/uploads\\\/2025\\\/02\\\/SvM-logo-Xtra-Centrerad-SVART.png\",\"width\":300,\"height\":99,\"caption\":\"Melkerson y Nott SL\"},\"image\":{\"@id\":\"https:\\\/\\\/lightweb.dev\\\/l\\\/svm-temp\\\/#\\\/schema\\\/logo\\\/image\\\/\"},\"sameAs\":[\"https:\\\/\\\/www.facebook.com\\\/svenskamagasinet\",\"https:\\\/\\\/x.com\\\/SvenskaMagasine\"]},{\"@type\":\"Person\",\"@id\":\"https:\\\/\\\/lightweb.dev\\\/l\\\/svm-temp\\\/#\\\/schema\\\/person\\\/caffe038990d25722f5a04a03c906a2b\",\"name\":\"Robbie Eriksson\",\"sameAs\":[\"https:\\\/\\\/lightweb.dev\\\/l\\\/svm-temp\"],\"url\":\"https:\\\/\\\/lightweb.dev\\\/l\\\/svm-temp\\\/reporter\\\/robbie-eriksson\\\/\"}]}<\/script>\n<!-- \/ Yoast SEO Premium plugin. -->","yoast_head_json":{"title":"T\u00e5gen mellan M\u00e1laga och Fuengirola ska byggas ut och f\u00f6rb\u00e4ttras - Svenska Magasinet","robots":{"index":"noindex","follow":"follow","max-snippet":"max-snippet:-1","max-image-preview":"max-image-preview:large","max-video-preview":"max-video-preview:-1"},"og_locale":"sv_SE","og_type":"article","og_title":"T\u00e5gen mellan M\u00e1laga och Fuengirola ska byggas ut och f\u00f6rb\u00e4ttras","og_description":"Men projektet \u00e4r i en tidig fas och kommer att ta tid.\u00a0","og_url":"https:\/\/lightweb.dev\/l\/svm-temp\/nyheter\/tagen-mellan-malaga-och-fuengirola-ska-byggas-ut-och-forbattras\/","og_site_name":"Svenska Magasinet","article_publisher":"https:\/\/www.facebook.com\/svenskamagasinet","article_published_time":"2024-01-26T15:50:26+00:00","article_modified_time":"2024-01-26T16:13:42+00:00","og_image":[{"width":700,"height":420,"url":"https:\/\/lightweb.dev\/l\/svm-temp\/wp-content\/uploads\/2022\/06\/utokad-pendeltagstrafik-bollen-ligger-hos-renfe.png","type":"image\/png"}],"author":"Robbie Eriksson","twitter_card":"summary_large_image","twitter_creator":"@SvenskaMagasine","twitter_site":"@SvenskaMagasine","schema":{"@context":"https:\/\/schema.org","@graph":[{"@type":"Article","@id":"https:\/\/lightweb.dev\/l\/svm-temp\/nyheter\/tagen-mellan-malaga-och-fuengirola-ska-byggas-ut-och-forbattras\/#article","isPartOf":{"@id":"https:\/\/lightweb.dev\/l\/svm-temp\/nyheter\/tagen-mellan-malaga-och-fuengirola-ska-byggas-ut-och-forbattras\/"},"author":{"name":"Robbie Eriksson","@id":"https:\/\/lightweb.dev\/l\/svm-temp\/#\/schema\/person\/caffe038990d25722f5a04a03c906a2b"},"headline":"T\u00e5gen mellan M\u00e1laga och Fuengirola ska byggas ut och f\u00f6rb\u00e4ttras","datePublished":"2024-01-26T15:50:26+00:00","dateModified":"2024-01-26T16:13:42+00:00","mainEntityOfPage":{"@id":"https:\/\/lightweb.dev\/l\/svm-temp\/nyheter\/tagen-mellan-malaga-och-fuengirola-ska-byggas-ut-och-forbattras\/"},"wordCount":560,"publisher":{"@id":"https:\/\/lightweb.dev\/l\/svm-temp\/#organization"},"image":{"@id":"https:\/\/lightweb.dev\/l\/svm-temp\/nyheter\/tagen-mellan-malaga-och-fuengirola-ska-byggas-ut-och-forbattras\/#primaryimage"},"thumbnailUrl":"https:\/\/lightweb.dev\/l\/svm-temp\/wp-content\/uploads\/2022\/06\/utokad-pendeltagstrafik-bollen-ligger-hos-renfe.png","articleSection":["Arkiv","Nyheter"],"inLanguage":"sv-SE"},{"@type":"WebPage","@id":"https:\/\/lightweb.dev\/l\/svm-temp\/nyheter\/tagen-mellan-malaga-och-fuengirola-ska-byggas-ut-och-forbattras\/","url":"https:\/\/lightweb.dev\/l\/svm-temp\/nyheter\/tagen-mellan-malaga-och-fuengirola-ska-byggas-ut-och-forbattras\/","name":"T\u00e5gen mellan M\u00e1laga och Fuengirola ska byggas ut och f\u00f6rb\u00e4ttras - Svenska Magasinet","isPartOf":{"@id":"https:\/\/lightweb.dev\/l\/svm-temp\/#website"},"primaryImageOfPage":{"@id":"https:\/\/lightweb.dev\/l\/svm-temp\/nyheter\/tagen-mellan-malaga-och-fuengirola-ska-byggas-ut-och-forbattras\/#primaryimage"},"image":{"@id":"https:\/\/lightweb.dev\/l\/svm-temp\/nyheter\/tagen-mellan-malaga-och-fuengirola-ska-byggas-ut-och-forbattras\/#primaryimage"},"thumbnailUrl":"https:\/\/lightweb.dev\/l\/svm-temp\/wp-content\/uploads\/2022\/06\/utokad-pendeltagstrafik-bollen-ligger-hos-renfe.png","datePublished":"2024-01-26T15:50:26+00:00","dateModified":"2024-01-26T16:13:42+00:00","breadcrumb":{"@id":"https:\/\/lightweb.dev\/l\/svm-temp\/nyheter\/tagen-mellan-malaga-och-fuengirola-ska-byggas-ut-och-forbattras\/#breadcrumb"},"inLanguage":"sv-SE","potentialAction":[{"@type":"ReadAction","target":["https:\/\/lightweb.dev\/l\/svm-temp\/nyheter\/tagen-mellan-malaga-och-fuengirola-ska-byggas-ut-och-forbattras\/"]}]},{"@type":"ImageObject","inLanguage":"sv-SE","@id":"https:\/\/lightweb.dev\/l\/svm-temp\/nyheter\/tagen-mellan-malaga-och-fuengirola-ska-byggas-ut-och-forbattras\/#primaryimage","url":"https:\/\/lightweb.dev\/l\/svm-temp\/wp-content\/uploads\/2022\/06\/utokad-pendeltagstrafik-bollen-ligger-hos-renfe.png","contentUrl":"https:\/\/lightweb.dev\/l\/svm-temp\/wp-content\/uploads\/2022\/06\/utokad-pendeltagstrafik-bollen-ligger-hos-renfe.png","width":700,"height":420},{"@type":"BreadcrumbList","@id":"https:\/\/lightweb.dev\/l\/svm-temp\/nyheter\/tagen-mellan-malaga-och-fuengirola-ska-byggas-ut-och-forbattras\/#breadcrumb","itemListElement":[{"@type":"ListItem","position":1,"name":"Hem","item":"https:\/\/lightweb.dev\/l\/svm-temp\/"},{"@type":"ListItem","position":2,"name":"T\u00e5gen mellan M\u00e1laga och Fuengirola ska byggas ut och f\u00f6rb\u00e4ttras"}]},{"@type":"WebSite","@id":"https:\/\/lightweb.dev\/l\/svm-temp\/#website","url":"https:\/\/lightweb.dev\/l\/svm-temp\/","name":"Svenska Magasinet","description":"Dina Spanska nyheter p&aring; Svenska","publisher":{"@id":"https:\/\/lightweb.dev\/l\/svm-temp\/#organization"},"potentialAction":[{"@type":"SearchAction","target":{"@type":"EntryPoint","urlTemplate":"https:\/\/lightweb.dev\/l\/svm-temp\/?s={search_term_string}"},"query-input":{"@type":"PropertyValueSpecification","valueRequired":true,"valueName":"search_term_string"}}],"inLanguage":"sv-SE"},{"@type":"Organization","@id":"https:\/\/lightweb.dev\/l\/svm-temp\/#organization","name":"Melkerson y Nott SL","alternateName":"Svenska Magasinet","url":"https:\/\/lightweb.dev\/l\/svm-temp\/","logo":{"@type":"ImageObject","inLanguage":"sv-SE","@id":"https:\/\/lightweb.dev\/l\/svm-temp\/#\/schema\/logo\/image\/","url":"https:\/\/lightweb.dev\/l\/svm-temp\/wp-content\/uploads\/2025\/02\/SvM-logo-Xtra-Centrerad-SVART.png","contentUrl":"https:\/\/lightweb.dev\/l\/svm-temp\/wp-content\/uploads\/2025\/02\/SvM-logo-Xtra-Centrerad-SVART.png","width":300,"height":99,"caption":"Melkerson y Nott SL"},"image":{"@id":"https:\/\/lightweb.dev\/l\/svm-temp\/#\/schema\/logo\/image\/"},"sameAs":["https:\/\/www.facebook.com\/svenskamagasinet","https:\/\/x.com\/SvenskaMagasine"]},{"@type":"Person","@id":"https:\/\/lightweb.dev\/l\/svm-temp\/#\/schema\/person\/caffe038990d25722f5a04a03c906a2b","name":"Robbie Eriksson","sameAs":["https:\/\/lightweb.dev\/l\/svm-temp"],"url":"https:\/\/lightweb.dev\/l\/svm-temp\/reporter\/robbie-eriksson\/"}]}},"_links":{"self":[{"href":"https:\/\/lightweb.dev\/l\/svm-temp\/wp-json\/wp\/v2\/posts\/69236","targetHints":{"allow":["GET"]}}],"collection":[{"href":"https:\/\/lightweb.dev\/l\/svm-temp\/wp-json\/wp\/v2\/posts"}],"about":[{"href":"https:\/\/lightweb.dev\/l\/svm-temp\/wp-json\/wp\/v2\/types\/post"}],"author":[{"embeddable":true,"href":"https:\/\/lightweb.dev\/l\/svm-temp\/wp-json\/wp\/v2\/users\/14"}],"replies":[{"embeddable":true,"href":"https:\/\/lightweb.dev\/l\/svm-temp\/wp-json\/wp\/v2\/comments?post=69236"}],"version-history":[{"count":0,"href":"https:\/\/lightweb.dev\/l\/svm-temp\/wp-json\/wp\/v2\/posts\/69236\/revisions"}],"wp:featuredmedia":[{"embeddable":true,"href":"https:\/\/lightweb.dev\/l\/svm-temp\/wp-json\/wp\/v2\/media\/15482"}],"wp:attachment":[{"href":"https:\/\/lightweb.dev\/l\/svm-temp\/wp-json\/wp\/v2\/media?parent=69236"}],"wp:term":[{"taxonomy":"category","embeddable":true,"href":"https:\/\/lightweb.dev\/l\/svm-temp\/wp-json\/wp\/v2\/categories?post=69236"},{"taxonomy":"post_tag","embeddable":true,"href":"https:\/\/lightweb.dev\/l\/svm-temp\/wp-json\/wp\/v2\/tags?post=69236"}],"curies":[{"name":"wp","href":"https:\/\/api.w.org\/{rel}","templated":true}]}}