{"id":69249,"date":"2024-01-28T19:24:45","date_gmt":"2024-01-28T18:24:45","guid":{"rendered":"https:\/\/lightweb.dev\/l\/svm-temp\/?p=69249"},"modified":"2024-01-28T19:25:44","modified_gmt":"2024-01-28T18:25:44","slug":"driftig-kvinna-planerar-varldens-storsta-nojespark-for-vuxna-i-estepona","status":"publish","type":"post","link":"https:\/\/lightweb.dev\/l\/svm-temp\/nyheter\/driftig-kvinna-planerar-varldens-storsta-nojespark-for-vuxna-i-estepona\/","title":{"rendered":"Driftig kvinna planerar v\u00e4rldens st\u00f6rsta n\u00f6jespark f\u00f6r vuxna i Estepona"},"content":{"rendered":"<p><strong>Shower, gastronomi och konst. M\u00e5let \u00e4r att skapa magi med en n\u00f6jespark i Estepona som blir unik p\u00e5 global niv\u00e5 och som \u00e4r \u00f6ppen \u00e5ret runt.<\/strong><\/p>\n<p><strong>Det s\u00e4ger Sandra Garc\u00eda-Sanju\u00e1n som med framg\u00e5ngssagan Starlite \u00e4r en av de fr\u00e4msta aff\u00e4rskvinnorna i musikbranschen i Spanien.<\/strong><\/p>\n<p>I s\u00f6ndagens nummer av <a href=\"https:\/\/www.diariosur.es\/marbella\/sandra-garciasanjuan-parque-atracciones-starlite-20240127235159-nt.html\">Diario Sur<\/a> ber\u00e4ttar entrepren\u00f6ren Sandra Garc\u00eda-Sanju\u00e1n om sina planer med en n\u00f6jespark i Estepona kommun. Det har varit tolv framg\u00e5ngsrika \u00e5r och totalt tv\u00e5 miljoner bes\u00f6kare med Starlite i det gamla stenbrottet norr om Marbella centrum. F\u00f6r Sandra Garc\u00eda-Sanju\u00e1n har utm\u00e4rkelserna st\u00e5tt p\u00e5 rad, hon har mottagit flera priser f\u00f6r sitt engagemang.<\/p>\n<p>Nu \u00e4r det dags att g\u00e5 vidare med n\u00e5got st\u00f6rre d\u00e4r b\u00e5de konserter som milj\u00f6 och upplevelser ska vara i fr\u00e4msta rummet.<\/p>\n<p>Som <a href=\"https:\/\/lightweb.dev\/l\/svm-temp\/nyheter\/starlite-planerar-musikstad-i-estepona\/\">SvM<\/a> tidigare har ber\u00e4ttat planeras en musikstad eller n\u00f6jespark i \u00f6stra delen av Estepona.<\/p>\n<p>I dagens intervju beskriver Sandra Garc\u00eda-Sanju\u00e1n det som \u201dv\u00e4rldens st\u00f6rsta n\u00f6jespark f\u00f6r vuxna\u201d med shower, god gastronomi och d\u00e4r den b\u00e4sta konsten samexisterar \u00e5ret runt.<\/p>\n<p>&#8211; Min man, Ignacio Maluquer, \u00e4r en spektakul\u00e4r vision\u00e4r, en man med v\u00e4ldigt tydliga id\u00e9er och v\u00e4ldigt m\u00e5lmedveten. Han har m\u00e5ls\u00e4ttningen klar med vart vi ska. Med ett team av \u201dgladiatorer\u201d och p\u00e5 k\u00f6pet en man som \u00e4r kapten s\u00e5 har vi ett lag. H\u00e4r finns den perfekta kombinationen.<\/p>\n<p>Det \u00e4r meningen att det som planeras i Estepona ska bli ett ambiti\u00f6st l\u00e5ngsiktigt projekt.<\/p>\n<p>&#8211; Vi ska bygga en musikstad som inte finns n\u00e5gon annanstans i v\u00e4rlden. En stor n\u00f6jespark f\u00f6r vuxna. H\u00e4r blir det barnen som f\u00f6ljer med sina f\u00f6r\u00e4ldrar.<\/p>\n<p>&#8211; N\u00f6jesparker \u00e4r normalt inriktade p\u00e5 barn med gungor och underh\u00e5llning f\u00f6r minder\u00e5riga. Men detta ska bli en n\u00f6jespark f\u00f6r vuxna som vill ha kul \u00e4ven om barnen \u00e4r med, men det \u00e4r f\u00f6r\u00e4ldrarna som huvudpersoner. Det blir en upplevelse som kan g\u00f6ras som familj med \u00f6vernattning p\u00e5 hotell, gastronomi och musik, s\u00e4ger Sandra Garc\u00eda-Sanju\u00e1n.<\/p>\n<p>Bes\u00f6karna ska kunna \u00e4ta middag, se shower, konstutst\u00e4llningar, g\u00e5 i butiker och ta del av gastronomiska upplevelser under en dag. Det ska \u00e4ven bli en utm\u00e4rkt plats f\u00f6r kongresser eller konferenser.<\/p>\n<p>\u00c4ven om Starlite Estepona blir en forts\u00e4ttning p\u00e5 Starlite Marbella kommer den senare att finnas kvar.<\/p>\n<p>F\u00f6rutom en musikstad ska \u00e4ven en audiovisuell stad byggas med inspelningsstudior.<\/p>\n","protected":false},"excerpt":{"rendered":"<p>Shower, gastronomi och konst. M\u00e5let \u00e4r att skapa magi med en n\u00f6jespark i Estepona som blir unik p\u00e5 global niv\u00e5 och som \u00e4r \u00f6ppen \u00e5ret runt. Det s\u00e4ger Sandra Garc\u00eda-Sanju\u00e1n som med framg\u00e5ngssagan Starlite \u00e4r en av de fr\u00e4msta aff\u00e4rskvinnorna i musikbranschen&#8230;<\/p>\n","protected":false},"author":7,"featured_media":69250,"comment_status":"closed","ping_status":"closed","sticky":false,"template":"","format":"standard","meta":{"_et_pb_use_builder":"","_et_pb_old_content":"","_et_gb_content_width":"","footnotes":""},"categories":[395,3],"tags":[],"class_list":["post-69249","post","type-post","status-publish","format-standard","has-post-thumbnail","hentry","category-arkiv-nyheter","category-nyheter"],"yoast_head":"<!-- This site is optimized with the Yoast SEO Premium plugin v26.2 (Yoast SEO v27.4) - https:\/\/yoast.com\/product\/yoast-seo-premium-wordpress\/ -->\n<title>Driftig kvinna planerar v\u00e4rldens st\u00f6rsta n\u00f6jespark f\u00f6r vuxna i Estepona - Svenska Magasinet<\/title>\n<meta name=\"description\" content=\"Shower, gastronomi och konst. M\u00e5let \u00e4r att skapa magi med en n\u00f6jespark i Estepona som blir unik p\u00e5 global niv\u00e5 och som \u00e4r \u00f6ppen \u00e5ret runt. Det s\u00e4ger Sandra Garc\u00eda-Sanju\u00e1n som med framg\u00e5ngssagan Starlite \u00e4r en av de fr\u00e4msta aff\u00e4rskvinnorna i musikbranschen i Spanien.\" \/>\n<meta name=\"robots\" content=\"noindex, follow, max-snippet:-1, max-image-preview:large, max-video-preview:-1\" \/>\n<meta property=\"og:locale\" content=\"sv_SE\" \/>\n<meta property=\"og:type\" content=\"article\" \/>\n<meta property=\"og:title\" content=\"Driftig kvinna planerar v\u00e4rldens st\u00f6rsta n\u00f6jespark f\u00f6r vuxna i Estepona\" \/>\n<meta property=\"og:description\" content=\"Shower, gastronomi och konst. M\u00e5let \u00e4r att skapa magi med en n\u00f6jespark i Estepona som blir unik p\u00e5 global niv\u00e5 och som \u00e4r \u00f6ppen \u00e5ret runt. Det s\u00e4ger Sandra Garc\u00eda-Sanju\u00e1n som med framg\u00e5ngssagan Starlite \u00e4r en av de fr\u00e4msta aff\u00e4rskvinnorna i musikbranschen i Spanien.\" \/>\n<meta property=\"og:url\" content=\"https:\/\/lightweb.dev\/l\/svm-temp\/nyheter\/driftig-kvinna-planerar-varldens-storsta-nojespark-for-vuxna-i-estepona\/\" \/>\n<meta property=\"og:site_name\" content=\"Svenska Magasinet\" \/>\n<meta property=\"article:publisher\" content=\"https:\/\/www.facebook.com\/svenskamagasinet\" \/>\n<meta property=\"article:published_time\" content=\"2024-01-28T18:24:45+00:00\" \/>\n<meta property=\"article:modified_time\" content=\"2024-01-28T18:25:44+00:00\" \/>\n<meta property=\"og:image\" content=\"https:\/\/lightweb.dev\/l\/svm-temp\/wp-content\/uploads\/2024\/01\/Sandra_Garcia-Sanjuan_Machado-stor.jpeg\" \/>\n\t<meta property=\"og:image:width\" content=\"1280\" \/>\n\t<meta property=\"og:image:height\" content=\"853\" \/>\n\t<meta property=\"og:image:type\" content=\"image\/jpeg\" \/>\n<meta name=\"author\" content=\"Ola Josefsson\" \/>\n<meta name=\"twitter:card\" content=\"summary_large_image\" \/>\n<meta name=\"twitter:creator\" content=\"@SvenskaMagasine\" \/>\n<meta name=\"twitter:site\" content=\"@SvenskaMagasine\" \/>\n<script type=\"application\/ld+json\" class=\"yoast-schema-graph\">{\"@context\":\"https:\\\/\\\/schema.org\",\"@graph\":[{\"@type\":\"Article\",\"@id\":\"https:\\\/\\\/lightweb.dev\\\/l\\\/svm-temp\\\/nyheter\\\/driftig-kvinna-planerar-varldens-storsta-nojespark-for-vuxna-i-estepona\\\/#article\",\"isPartOf\":{\"@id\":\"https:\\\/\\\/lightweb.dev\\\/l\\\/svm-temp\\\/nyheter\\\/driftig-kvinna-planerar-varldens-storsta-nojespark-for-vuxna-i-estepona\\\/\"},\"author\":{\"name\":\"Ola Josefsson\",\"@id\":\"https:\\\/\\\/lightweb.dev\\\/l\\\/svm-temp\\\/#\\\/schema\\\/person\\\/7a82b8a73d171d32360a564b6d03508e\"},\"headline\":\"Driftig kvinna planerar v\u00e4rldens st\u00f6rsta n\u00f6jespark f\u00f6r vuxna i Estepona\",\"datePublished\":\"2024-01-28T18:24:45+00:00\",\"dateModified\":\"2024-01-28T18:25:44+00:00\",\"mainEntityOfPage\":{\"@id\":\"https:\\\/\\\/lightweb.dev\\\/l\\\/svm-temp\\\/nyheter\\\/driftig-kvinna-planerar-varldens-storsta-nojespark-for-vuxna-i-estepona\\\/\"},\"wordCount\":455,\"publisher\":{\"@id\":\"https:\\\/\\\/lightweb.dev\\\/l\\\/svm-temp\\\/#organization\"},\"image\":{\"@id\":\"https:\\\/\\\/lightweb.dev\\\/l\\\/svm-temp\\\/nyheter\\\/driftig-kvinna-planerar-varldens-storsta-nojespark-for-vuxna-i-estepona\\\/#primaryimage\"},\"thumbnailUrl\":\"https:\\\/\\\/lightweb.dev\\\/l\\\/svm-temp\\\/wp-content\\\/uploads\\\/2024\\\/01\\\/Sandra_Garcia-Sanjuan_Machado-stor.jpeg\",\"articleSection\":[\"Arkiv\",\"Nyheter\"],\"inLanguage\":\"sv-SE\"},{\"@type\":\"WebPage\",\"@id\":\"https:\\\/\\\/lightweb.dev\\\/l\\\/svm-temp\\\/nyheter\\\/driftig-kvinna-planerar-varldens-storsta-nojespark-for-vuxna-i-estepona\\\/\",\"url\":\"https:\\\/\\\/lightweb.dev\\\/l\\\/svm-temp\\\/nyheter\\\/driftig-kvinna-planerar-varldens-storsta-nojespark-for-vuxna-i-estepona\\\/\",\"name\":\"Driftig kvinna planerar v\u00e4rldens st\u00f6rsta n\u00f6jespark f\u00f6r vuxna i Estepona - Svenska Magasinet\",\"isPartOf\":{\"@id\":\"https:\\\/\\\/lightweb.dev\\\/l\\\/svm-temp\\\/#website\"},\"primaryImageOfPage\":{\"@id\":\"https:\\\/\\\/lightweb.dev\\\/l\\\/svm-temp\\\/nyheter\\\/driftig-kvinna-planerar-varldens-storsta-nojespark-for-vuxna-i-estepona\\\/#primaryimage\"},\"image\":{\"@id\":\"https:\\\/\\\/lightweb.dev\\\/l\\\/svm-temp\\\/nyheter\\\/driftig-kvinna-planerar-varldens-storsta-nojespark-for-vuxna-i-estepona\\\/#primaryimage\"},\"thumbnailUrl\":\"https:\\\/\\\/lightweb.dev\\\/l\\\/svm-temp\\\/wp-content\\\/uploads\\\/2024\\\/01\\\/Sandra_Garcia-Sanjuan_Machado-stor.jpeg\",\"datePublished\":\"2024-01-28T18:24:45+00:00\",\"dateModified\":\"2024-01-28T18:25:44+00:00\",\"description\":\"Shower, gastronomi och konst. M\u00e5let \u00e4r att skapa magi med en n\u00f6jespark i Estepona som blir unik p\u00e5 global niv\u00e5 och som \u00e4r \u00f6ppen \u00e5ret runt. Det s\u00e4ger Sandra Garc\u00eda-Sanju\u00e1n som med framg\u00e5ngssagan Starlite \u00e4r en av de fr\u00e4msta aff\u00e4rskvinnorna i musikbranschen i Spanien.\",\"breadcrumb\":{\"@id\":\"https:\\\/\\\/lightweb.dev\\\/l\\\/svm-temp\\\/nyheter\\\/driftig-kvinna-planerar-varldens-storsta-nojespark-for-vuxna-i-estepona\\\/#breadcrumb\"},\"inLanguage\":\"sv-SE\",\"potentialAction\":[{\"@type\":\"ReadAction\",\"target\":[\"https:\\\/\\\/lightweb.dev\\\/l\\\/svm-temp\\\/nyheter\\\/driftig-kvinna-planerar-varldens-storsta-nojespark-for-vuxna-i-estepona\\\/\"]}]},{\"@type\":\"ImageObject\",\"inLanguage\":\"sv-SE\",\"@id\":\"https:\\\/\\\/lightweb.dev\\\/l\\\/svm-temp\\\/nyheter\\\/driftig-kvinna-planerar-varldens-storsta-nojespark-for-vuxna-i-estepona\\\/#primaryimage\",\"url\":\"https:\\\/\\\/lightweb.dev\\\/l\\\/svm-temp\\\/wp-content\\\/uploads\\\/2024\\\/01\\\/Sandra_Garcia-Sanjuan_Machado-stor.jpeg\",\"contentUrl\":\"https:\\\/\\\/lightweb.dev\\\/l\\\/svm-temp\\\/wp-content\\\/uploads\\\/2024\\\/01\\\/Sandra_Garcia-Sanjuan_Machado-stor.jpeg\",\"width\":1280,\"height\":853,\"caption\":\"(Foto: Iriatapias)\"},{\"@type\":\"BreadcrumbList\",\"@id\":\"https:\\\/\\\/lightweb.dev\\\/l\\\/svm-temp\\\/nyheter\\\/driftig-kvinna-planerar-varldens-storsta-nojespark-for-vuxna-i-estepona\\\/#breadcrumb\",\"itemListElement\":[{\"@type\":\"ListItem\",\"position\":1,\"name\":\"Hem\",\"item\":\"https:\\\/\\\/lightweb.dev\\\/l\\\/svm-temp\\\/\"},{\"@type\":\"ListItem\",\"position\":2,\"name\":\"Driftig kvinna planerar v\u00e4rldens st\u00f6rsta n\u00f6jespark f\u00f6r vuxna i Estepona\"}]},{\"@type\":\"WebSite\",\"@id\":\"https:\\\/\\\/lightweb.dev\\\/l\\\/svm-temp\\\/#website\",\"url\":\"https:\\\/\\\/lightweb.dev\\\/l\\\/svm-temp\\\/\",\"name\":\"Svenska Magasinet\",\"description\":\"Dina Spanska nyheter p&aring; Svenska\",\"publisher\":{\"@id\":\"https:\\\/\\\/lightweb.dev\\\/l\\\/svm-temp\\\/#organization\"},\"potentialAction\":[{\"@type\":\"SearchAction\",\"target\":{\"@type\":\"EntryPoint\",\"urlTemplate\":\"https:\\\/\\\/lightweb.dev\\\/l\\\/svm-temp\\\/?s={search_term_string}\"},\"query-input\":{\"@type\":\"PropertyValueSpecification\",\"valueRequired\":true,\"valueName\":\"search_term_string\"}}],\"inLanguage\":\"sv-SE\"},{\"@type\":\"Organization\",\"@id\":\"https:\\\/\\\/lightweb.dev\\\/l\\\/svm-temp\\\/#organization\",\"name\":\"Melkerson y Nott SL\",\"alternateName\":\"Svenska Magasinet\",\"url\":\"https:\\\/\\\/lightweb.dev\\\/l\\\/svm-temp\\\/\",\"logo\":{\"@type\":\"ImageObject\",\"inLanguage\":\"sv-SE\",\"@id\":\"https:\\\/\\\/lightweb.dev\\\/l\\\/svm-temp\\\/#\\\/schema\\\/logo\\\/image\\\/\",\"url\":\"https:\\\/\\\/lightweb.dev\\\/l\\\/svm-temp\\\/wp-content\\\/uploads\\\/2025\\\/02\\\/SvM-logo-Xtra-Centrerad-SVART.png\",\"contentUrl\":\"https:\\\/\\\/lightweb.dev\\\/l\\\/svm-temp\\\/wp-content\\\/uploads\\\/2025\\\/02\\\/SvM-logo-Xtra-Centrerad-SVART.png\",\"width\":300,\"height\":99,\"caption\":\"Melkerson y Nott SL\"},\"image\":{\"@id\":\"https:\\\/\\\/lightweb.dev\\\/l\\\/svm-temp\\\/#\\\/schema\\\/logo\\\/image\\\/\"},\"sameAs\":[\"https:\\\/\\\/www.facebook.com\\\/svenskamagasinet\",\"https:\\\/\\\/x.com\\\/SvenskaMagasine\"]},{\"@type\":\"Person\",\"@id\":\"https:\\\/\\\/lightweb.dev\\\/l\\\/svm-temp\\\/#\\\/schema\\\/person\\\/7a82b8a73d171d32360a564b6d03508e\",\"name\":\"Ola Josefsson\",\"description\":\"Bevakar Solkusten och Spanien sedan 1994.\",\"sameAs\":[\"https:\\\/\\\/lightweb.dev\\\/l\\\/svm-temp\"],\"url\":\"https:\\\/\\\/lightweb.dev\\\/l\\\/svm-temp\\\/reporter\\\/ola-josefsson\\\/\"}]}<\/script>\n<!-- \/ Yoast SEO Premium plugin. -->","yoast_head_json":{"title":"Driftig kvinna planerar v\u00e4rldens st\u00f6rsta n\u00f6jespark f\u00f6r vuxna i Estepona - Svenska Magasinet","description":"Shower, gastronomi och konst. M\u00e5let \u00e4r att skapa magi med en n\u00f6jespark i Estepona som blir unik p\u00e5 global niv\u00e5 och som \u00e4r \u00f6ppen \u00e5ret runt. Det s\u00e4ger Sandra Garc\u00eda-Sanju\u00e1n som med framg\u00e5ngssagan Starlite \u00e4r en av de fr\u00e4msta aff\u00e4rskvinnorna i musikbranschen i Spanien.","robots":{"index":"noindex","follow":"follow","max-snippet":"max-snippet:-1","max-image-preview":"max-image-preview:large","max-video-preview":"max-video-preview:-1"},"og_locale":"sv_SE","og_type":"article","og_title":"Driftig kvinna planerar v\u00e4rldens st\u00f6rsta n\u00f6jespark f\u00f6r vuxna i Estepona","og_description":"Shower, gastronomi och konst. M\u00e5let \u00e4r att skapa magi med en n\u00f6jespark i Estepona som blir unik p\u00e5 global niv\u00e5 och som \u00e4r \u00f6ppen \u00e5ret runt. Det s\u00e4ger Sandra Garc\u00eda-Sanju\u00e1n som med framg\u00e5ngssagan Starlite \u00e4r en av de fr\u00e4msta aff\u00e4rskvinnorna i musikbranschen i Spanien.","og_url":"https:\/\/lightweb.dev\/l\/svm-temp\/nyheter\/driftig-kvinna-planerar-varldens-storsta-nojespark-for-vuxna-i-estepona\/","og_site_name":"Svenska Magasinet","article_publisher":"https:\/\/www.facebook.com\/svenskamagasinet","article_published_time":"2024-01-28T18:24:45+00:00","article_modified_time":"2024-01-28T18:25:44+00:00","og_image":[{"width":1280,"height":853,"url":"https:\/\/lightweb.dev\/l\/svm-temp\/wp-content\/uploads\/2024\/01\/Sandra_Garcia-Sanjuan_Machado-stor.jpeg","type":"image\/jpeg"}],"author":"Ola Josefsson","twitter_card":"summary_large_image","twitter_creator":"@SvenskaMagasine","twitter_site":"@SvenskaMagasine","schema":{"@context":"https:\/\/schema.org","@graph":[{"@type":"Article","@id":"https:\/\/lightweb.dev\/l\/svm-temp\/nyheter\/driftig-kvinna-planerar-varldens-storsta-nojespark-for-vuxna-i-estepona\/#article","isPartOf":{"@id":"https:\/\/lightweb.dev\/l\/svm-temp\/nyheter\/driftig-kvinna-planerar-varldens-storsta-nojespark-for-vuxna-i-estepona\/"},"author":{"name":"Ola Josefsson","@id":"https:\/\/lightweb.dev\/l\/svm-temp\/#\/schema\/person\/7a82b8a73d171d32360a564b6d03508e"},"headline":"Driftig kvinna planerar v\u00e4rldens st\u00f6rsta n\u00f6jespark f\u00f6r vuxna i Estepona","datePublished":"2024-01-28T18:24:45+00:00","dateModified":"2024-01-28T18:25:44+00:00","mainEntityOfPage":{"@id":"https:\/\/lightweb.dev\/l\/svm-temp\/nyheter\/driftig-kvinna-planerar-varldens-storsta-nojespark-for-vuxna-i-estepona\/"},"wordCount":455,"publisher":{"@id":"https:\/\/lightweb.dev\/l\/svm-temp\/#organization"},"image":{"@id":"https:\/\/lightweb.dev\/l\/svm-temp\/nyheter\/driftig-kvinna-planerar-varldens-storsta-nojespark-for-vuxna-i-estepona\/#primaryimage"},"thumbnailUrl":"https:\/\/lightweb.dev\/l\/svm-temp\/wp-content\/uploads\/2024\/01\/Sandra_Garcia-Sanjuan_Machado-stor.jpeg","articleSection":["Arkiv","Nyheter"],"inLanguage":"sv-SE"},{"@type":"WebPage","@id":"https:\/\/lightweb.dev\/l\/svm-temp\/nyheter\/driftig-kvinna-planerar-varldens-storsta-nojespark-for-vuxna-i-estepona\/","url":"https:\/\/lightweb.dev\/l\/svm-temp\/nyheter\/driftig-kvinna-planerar-varldens-storsta-nojespark-for-vuxna-i-estepona\/","name":"Driftig kvinna planerar v\u00e4rldens st\u00f6rsta n\u00f6jespark f\u00f6r vuxna i Estepona - Svenska Magasinet","isPartOf":{"@id":"https:\/\/lightweb.dev\/l\/svm-temp\/#website"},"primaryImageOfPage":{"@id":"https:\/\/lightweb.dev\/l\/svm-temp\/nyheter\/driftig-kvinna-planerar-varldens-storsta-nojespark-for-vuxna-i-estepona\/#primaryimage"},"image":{"@id":"https:\/\/lightweb.dev\/l\/svm-temp\/nyheter\/driftig-kvinna-planerar-varldens-storsta-nojespark-for-vuxna-i-estepona\/#primaryimage"},"thumbnailUrl":"https:\/\/lightweb.dev\/l\/svm-temp\/wp-content\/uploads\/2024\/01\/Sandra_Garcia-Sanjuan_Machado-stor.jpeg","datePublished":"2024-01-28T18:24:45+00:00","dateModified":"2024-01-28T18:25:44+00:00","description":"Shower, gastronomi och konst. M\u00e5let \u00e4r att skapa magi med en n\u00f6jespark i Estepona som blir unik p\u00e5 global niv\u00e5 och som \u00e4r \u00f6ppen \u00e5ret runt. Det s\u00e4ger Sandra Garc\u00eda-Sanju\u00e1n som med framg\u00e5ngssagan Starlite \u00e4r en av de fr\u00e4msta aff\u00e4rskvinnorna i musikbranschen i Spanien.","breadcrumb":{"@id":"https:\/\/lightweb.dev\/l\/svm-temp\/nyheter\/driftig-kvinna-planerar-varldens-storsta-nojespark-for-vuxna-i-estepona\/#breadcrumb"},"inLanguage":"sv-SE","potentialAction":[{"@type":"ReadAction","target":["https:\/\/lightweb.dev\/l\/svm-temp\/nyheter\/driftig-kvinna-planerar-varldens-storsta-nojespark-for-vuxna-i-estepona\/"]}]},{"@type":"ImageObject","inLanguage":"sv-SE","@id":"https:\/\/lightweb.dev\/l\/svm-temp\/nyheter\/driftig-kvinna-planerar-varldens-storsta-nojespark-for-vuxna-i-estepona\/#primaryimage","url":"https:\/\/lightweb.dev\/l\/svm-temp\/wp-content\/uploads\/2024\/01\/Sandra_Garcia-Sanjuan_Machado-stor.jpeg","contentUrl":"https:\/\/lightweb.dev\/l\/svm-temp\/wp-content\/uploads\/2024\/01\/Sandra_Garcia-Sanjuan_Machado-stor.jpeg","width":1280,"height":853,"caption":"(Foto: Iriatapias)"},{"@type":"BreadcrumbList","@id":"https:\/\/lightweb.dev\/l\/svm-temp\/nyheter\/driftig-kvinna-planerar-varldens-storsta-nojespark-for-vuxna-i-estepona\/#breadcrumb","itemListElement":[{"@type":"ListItem","position":1,"name":"Hem","item":"https:\/\/lightweb.dev\/l\/svm-temp\/"},{"@type":"ListItem","position":2,"name":"Driftig kvinna planerar v\u00e4rldens st\u00f6rsta n\u00f6jespark f\u00f6r vuxna i Estepona"}]},{"@type":"WebSite","@id":"https:\/\/lightweb.dev\/l\/svm-temp\/#website","url":"https:\/\/lightweb.dev\/l\/svm-temp\/","name":"Svenska Magasinet","description":"Dina Spanska nyheter p&aring; Svenska","publisher":{"@id":"https:\/\/lightweb.dev\/l\/svm-temp\/#organization"},"potentialAction":[{"@type":"SearchAction","target":{"@type":"EntryPoint","urlTemplate":"https:\/\/lightweb.dev\/l\/svm-temp\/?s={search_term_string}"},"query-input":{"@type":"PropertyValueSpecification","valueRequired":true,"valueName":"search_term_string"}}],"inLanguage":"sv-SE"},{"@type":"Organization","@id":"https:\/\/lightweb.dev\/l\/svm-temp\/#organization","name":"Melkerson y Nott SL","alternateName":"Svenska Magasinet","url":"https:\/\/lightweb.dev\/l\/svm-temp\/","logo":{"@type":"ImageObject","inLanguage":"sv-SE","@id":"https:\/\/lightweb.dev\/l\/svm-temp\/#\/schema\/logo\/image\/","url":"https:\/\/lightweb.dev\/l\/svm-temp\/wp-content\/uploads\/2025\/02\/SvM-logo-Xtra-Centrerad-SVART.png","contentUrl":"https:\/\/lightweb.dev\/l\/svm-temp\/wp-content\/uploads\/2025\/02\/SvM-logo-Xtra-Centrerad-SVART.png","width":300,"height":99,"caption":"Melkerson y Nott SL"},"image":{"@id":"https:\/\/lightweb.dev\/l\/svm-temp\/#\/schema\/logo\/image\/"},"sameAs":["https:\/\/www.facebook.com\/svenskamagasinet","https:\/\/x.com\/SvenskaMagasine"]},{"@type":"Person","@id":"https:\/\/lightweb.dev\/l\/svm-temp\/#\/schema\/person\/7a82b8a73d171d32360a564b6d03508e","name":"Ola Josefsson","description":"Bevakar Solkusten och Spanien sedan 1994.","sameAs":["https:\/\/lightweb.dev\/l\/svm-temp"],"url":"https:\/\/lightweb.dev\/l\/svm-temp\/reporter\/ola-josefsson\/"}]}},"_links":{"self":[{"href":"https:\/\/lightweb.dev\/l\/svm-temp\/wp-json\/wp\/v2\/posts\/69249","targetHints":{"allow":["GET"]}}],"collection":[{"href":"https:\/\/lightweb.dev\/l\/svm-temp\/wp-json\/wp\/v2\/posts"}],"about":[{"href":"https:\/\/lightweb.dev\/l\/svm-temp\/wp-json\/wp\/v2\/types\/post"}],"author":[{"embeddable":true,"href":"https:\/\/lightweb.dev\/l\/svm-temp\/wp-json\/wp\/v2\/users\/7"}],"replies":[{"embeddable":true,"href":"https:\/\/lightweb.dev\/l\/svm-temp\/wp-json\/wp\/v2\/comments?post=69249"}],"version-history":[{"count":0,"href":"https:\/\/lightweb.dev\/l\/svm-temp\/wp-json\/wp\/v2\/posts\/69249\/revisions"}],"wp:featuredmedia":[{"embeddable":true,"href":"https:\/\/lightweb.dev\/l\/svm-temp\/wp-json\/wp\/v2\/media\/69250"}],"wp:attachment":[{"href":"https:\/\/lightweb.dev\/l\/svm-temp\/wp-json\/wp\/v2\/media?parent=69249"}],"wp:term":[{"taxonomy":"category","embeddable":true,"href":"https:\/\/lightweb.dev\/l\/svm-temp\/wp-json\/wp\/v2\/categories?post=69249"},{"taxonomy":"post_tag","embeddable":true,"href":"https:\/\/lightweb.dev\/l\/svm-temp\/wp-json\/wp\/v2\/tags?post=69249"}],"curies":[{"name":"wp","href":"https:\/\/api.w.org\/{rel}","templated":true}]}}