{"id":69254,"date":"2024-01-29T10:00:23","date_gmt":"2024-01-29T09:00:23","guid":{"rendered":"https:\/\/lightweb.dev\/l\/svm-temp\/?p=69254"},"modified":"2024-01-29T10:00:23","modified_gmt":"2024-01-29T09:00:23","slug":"lagutslappszoner-skjuts-upp-i-alicante-till-2025","status":"publish","type":"post","link":"https:\/\/lightweb.dev\/l\/svm-temp\/nyheter\/lagutslappszoner-skjuts-upp-i-alicante-till-2025\/","title":{"rendered":"L\u00e5gutsl\u00e4ppszoner skjuts upp i Alicante till 2025"},"content":{"rendered":"<p><strong>F\u00f6rst fr\u00e5n 2025 kommer Alicante p\u00e5 Costa Blanca precis som flera andra kommuner med \u00f6ver 50.000 inv\u00e5nare att b\u00f6rja till\u00e4mpa l\u00e5gutsl\u00e4ppszoner (Zonas de Bajas Emisiones, ZBE) som ing\u00e5r i landets klimatf\u00f6r\u00e4ndringslag.<\/strong><\/p>\n<p>Flera kommuner har redan satt upp skyltning om ZBE-zoner. Men \u00e4nnu har inga trafikrestriktioner med b\u00f6ter som f\u00f6ljd inf\u00f6rts.<\/p>\n<p>I exempelvis Alicante kommer inte l\u00e5gutsl\u00e4ppszoner (ZBE) att inf\u00f6ras helt och fullt f\u00f6rr\u00e4n 2025. Departementet f\u00f6r ekologisk omst\u00e4llning beslutade sig nyligen f\u00f6r att skjuta upp inf\u00f6randet av ZBE ett \u00e5r till den 31 december 2024.<\/p>\n<p>N\u00e4r ZBE v\u00e4l inf\u00f6rs inkluderar det b\u00f6ter p\u00e5 200 euro f\u00f6r de f\u00f6rare som bryter mot tilltr\u00e4des-, cirkulations- och parkeringsf\u00f6rbud.<\/p>\n<p>Alicante tillsammans med cirka 150 kommuner i Spanien \u00e4r skyldiga att inf\u00f6ra dessa l\u00e5gutsl\u00e4ppszoner f\u00f6r att minska v\u00e4gtrafiken s\u00e5 att det i sin tur bidrar till mindre f\u00f6roreningar och b\u00e4ttre luftkvalitet.<\/p>\n<p>ZBE \u00e4r redan i drift i Madrid, Barcelona, C\u00f3rdoba, Pontevedra, A Coru\u00f1a, Sevilla, Badalona, Rivas-Vaciamadrid, San Cugat del Vall\u00e9s, Valencia och Sant Joan Desp\u00ed.<\/p>\n<p>Alicante kommun har \u00e5 andra sidan investerat 26 miljoner euro, pengar fr\u00e5n europeiska fonder, f\u00f6r att inf\u00f6ra en trafikd\u00e4mpande policy. Sedan oktober finns kontrollstationer som bygger p\u00e5 ett luftf\u00f6roreningsindex som g\u00f6r att trafiken kan begr\u00e4nsas helt eller delvis tills luftkvaliteten har f\u00f6rb\u00e4ttrats.<\/p>\n<p>N\u00e4r ZBE v\u00e4l har inf\u00f6rts ska alla motorfordon vara f\u00f6rsedda med ett milj\u00f6m\u00e4rke fr\u00e5n DGT som kategoriserar fordon efter f\u00f6roreningsgrad och s\u00e4tter standarden f\u00f6r vilka fordon som f\u00e5r k\u00f6ra i stadsk\u00e4rnor.<\/p>\n<p>Rent generellt s\u00e5 handlar det om k\u00f6rf\u00f6rbud i stadsk\u00e4rnor f\u00f6r motorfordon p\u00e5 bensin som \u00e4r tillverkade f\u00f6re \u00e5r 2000 eller f\u00f6re 2006 om det g\u00e4ller dieselmodeller.<\/p>\n<p>Fordon m\u00e4rkta med B (gul) motsvarar personbilar och l\u00e4tta sk\u00e5pbilar som drivs med bensin som \u00e4r registrerade fr\u00e5n januari 2000 respektive diesel fr\u00e5n januari 2006. Bilar med detta milj\u00f6m\u00e4rke kan k\u00f6ra in i ZBE-zoner men inte parkera som i exempelvis Madrid.<\/p>\n<p>Bilar med C (gr\u00f6n f\u00e4rg), ECO (bl\u00e5\/gr\u00f6n) och Cero (bl\u00e5 f\u00e4rg) \u00e4r undantagna fr\u00e5n f\u00f6rbuden.<\/p>\n<p>Milj\u00f6m\u00e4rket f\u00e5r du genom att kontakta DGT. L\u00e4s mer p\u00e5 <a href=\"https:\/\/sede.dgt.gob.es\/es\/vehiculos\/tramites-para-administraciones\/descarga-de-fichero-zbe-zona-de-bajas-emisiones\/\">DGT:s webbplats.<\/a><\/p>\n","protected":false},"excerpt":{"rendered":"<p>F\u00f6rst fr\u00e5n 2025 kommer Alicante p\u00e5 Costa Blanca precis som flera andra kommuner med \u00f6ver 50.000 inv\u00e5nare att b\u00f6rja till\u00e4mpa l\u00e5gutsl\u00e4ppszoner (Zonas de Bajas Emisiones, ZBE) som ing\u00e5r i landets klimatf\u00f6r\u00e4ndringslag.<\/p>\n","protected":false},"author":7,"featured_media":69255,"comment_status":"closed","ping_status":"closed","sticky":false,"template":"","format":"standard","meta":{"_et_pb_use_builder":"","_et_pb_old_content":"","_et_gb_content_width":"","footnotes":""},"categories":[395,3],"tags":[],"class_list":["post-69254","post","type-post","status-publish","format-standard","has-post-thumbnail","hentry","category-arkiv-nyheter","category-nyheter"],"yoast_head":"<!-- This site is optimized with the Yoast SEO Premium plugin v26.2 (Yoast SEO v27.4) - https:\/\/yoast.com\/product\/yoast-seo-premium-wordpress\/ -->\n<title>L\u00e5gutsl\u00e4ppszoner skjuts upp i Alicante till 2025 - Svenska Magasinet<\/title>\n<meta name=\"description\" content=\"F\u00f6rst fr\u00e5n 2025 kommer Alicante p\u00e5 Costa Blanca precis som flera andra kommuner med \u00f6ver 50.000 inv\u00e5nare att b\u00f6rja till\u00e4mpa l\u00e5gutsl\u00e4ppszoner (Zonas de Bajas Emisiones, ZBE) som ing\u00e5r i landets klimatf\u00f6r\u00e4ndringslag.\" \/>\n<meta name=\"robots\" content=\"noindex, follow, max-snippet:-1, max-image-preview:large, max-video-preview:-1\" \/>\n<meta property=\"og:locale\" content=\"sv_SE\" \/>\n<meta property=\"og:type\" content=\"article\" \/>\n<meta property=\"og:title\" content=\"L\u00e5gutsl\u00e4ppszoner skjuts upp i Alicante till 2025\" \/>\n<meta property=\"og:description\" content=\"F\u00f6rst fr\u00e5n 2025 kommer Alicante p\u00e5 Costa Blanca precis som flera andra kommuner med \u00f6ver 50.000 inv\u00e5nare att b\u00f6rja till\u00e4mpa l\u00e5gutsl\u00e4ppszoner (Zonas de Bajas Emisiones, ZBE) som ing\u00e5r i landets klimatf\u00f6r\u00e4ndringslag.\" \/>\n<meta property=\"og:url\" content=\"https:\/\/lightweb.dev\/l\/svm-temp\/nyheter\/lagutslappszoner-skjuts-upp-i-alicante-till-2025\/\" \/>\n<meta property=\"og:site_name\" content=\"Svenska Magasinet\" \/>\n<meta property=\"article:publisher\" content=\"https:\/\/www.facebook.com\/svenskamagasinet\" \/>\n<meta property=\"article:published_time\" content=\"2024-01-29T09:00:23+00:00\" \/>\n<meta property=\"og:image\" content=\"https:\/\/lightweb.dev\/l\/svm-temp\/wp-content\/uploads\/2024\/01\/GD4HGAcXMAAfSlB-stor.jpeg\" \/>\n\t<meta property=\"og:image:width\" content=\"1280\" \/>\n\t<meta property=\"og:image:height\" content=\"737\" \/>\n\t<meta property=\"og:image:type\" content=\"image\/jpeg\" \/>\n<meta name=\"author\" content=\"Ola Josefsson\" \/>\n<meta name=\"twitter:card\" content=\"summary_large_image\" \/>\n<meta name=\"twitter:creator\" content=\"@SvenskaMagasine\" \/>\n<meta name=\"twitter:site\" content=\"@SvenskaMagasine\" \/>\n<script type=\"application\/ld+json\" class=\"yoast-schema-graph\">{\"@context\":\"https:\\\/\\\/schema.org\",\"@graph\":[{\"@type\":\"Article\",\"@id\":\"https:\\\/\\\/lightweb.dev\\\/l\\\/svm-temp\\\/nyheter\\\/lagutslappszoner-skjuts-upp-i-alicante-till-2025\\\/#article\",\"isPartOf\":{\"@id\":\"https:\\\/\\\/lightweb.dev\\\/l\\\/svm-temp\\\/nyheter\\\/lagutslappszoner-skjuts-upp-i-alicante-till-2025\\\/\"},\"author\":{\"name\":\"Ola Josefsson\",\"@id\":\"https:\\\/\\\/lightweb.dev\\\/l\\\/svm-temp\\\/#\\\/schema\\\/person\\\/7a82b8a73d171d32360a564b6d03508e\"},\"headline\":\"L\u00e5gutsl\u00e4ppszoner skjuts upp i Alicante till 2025\",\"datePublished\":\"2024-01-29T09:00:23+00:00\",\"mainEntityOfPage\":{\"@id\":\"https:\\\/\\\/lightweb.dev\\\/l\\\/svm-temp\\\/nyheter\\\/lagutslappszoner-skjuts-upp-i-alicante-till-2025\\\/\"},\"wordCount\":411,\"publisher\":{\"@id\":\"https:\\\/\\\/lightweb.dev\\\/l\\\/svm-temp\\\/#organization\"},\"image\":{\"@id\":\"https:\\\/\\\/lightweb.dev\\\/l\\\/svm-temp\\\/nyheter\\\/lagutslappszoner-skjuts-upp-i-alicante-till-2025\\\/#primaryimage\"},\"thumbnailUrl\":\"https:\\\/\\\/lightweb.dev\\\/l\\\/svm-temp\\\/wp-content\\\/uploads\\\/2024\\\/01\\\/GD4HGAcXMAAfSlB-stor.jpeg\",\"articleSection\":[\"Arkiv\",\"Nyheter\"],\"inLanguage\":\"sv-SE\"},{\"@type\":\"WebPage\",\"@id\":\"https:\\\/\\\/lightweb.dev\\\/l\\\/svm-temp\\\/nyheter\\\/lagutslappszoner-skjuts-upp-i-alicante-till-2025\\\/\",\"url\":\"https:\\\/\\\/lightweb.dev\\\/l\\\/svm-temp\\\/nyheter\\\/lagutslappszoner-skjuts-upp-i-alicante-till-2025\\\/\",\"name\":\"L\u00e5gutsl\u00e4ppszoner skjuts upp i Alicante till 2025 - Svenska Magasinet\",\"isPartOf\":{\"@id\":\"https:\\\/\\\/lightweb.dev\\\/l\\\/svm-temp\\\/#website\"},\"primaryImageOfPage\":{\"@id\":\"https:\\\/\\\/lightweb.dev\\\/l\\\/svm-temp\\\/nyheter\\\/lagutslappszoner-skjuts-upp-i-alicante-till-2025\\\/#primaryimage\"},\"image\":{\"@id\":\"https:\\\/\\\/lightweb.dev\\\/l\\\/svm-temp\\\/nyheter\\\/lagutslappszoner-skjuts-upp-i-alicante-till-2025\\\/#primaryimage\"},\"thumbnailUrl\":\"https:\\\/\\\/lightweb.dev\\\/l\\\/svm-temp\\\/wp-content\\\/uploads\\\/2024\\\/01\\\/GD4HGAcXMAAfSlB-stor.jpeg\",\"datePublished\":\"2024-01-29T09:00:23+00:00\",\"description\":\"F\u00f6rst fr\u00e5n 2025 kommer Alicante p\u00e5 Costa Blanca precis som flera andra kommuner med \u00f6ver 50.000 inv\u00e5nare att b\u00f6rja till\u00e4mpa l\u00e5gutsl\u00e4ppszoner (Zonas de Bajas Emisiones, ZBE) som ing\u00e5r i landets klimatf\u00f6r\u00e4ndringslag.\",\"breadcrumb\":{\"@id\":\"https:\\\/\\\/lightweb.dev\\\/l\\\/svm-temp\\\/nyheter\\\/lagutslappszoner-skjuts-upp-i-alicante-till-2025\\\/#breadcrumb\"},\"inLanguage\":\"sv-SE\",\"potentialAction\":[{\"@type\":\"ReadAction\",\"target\":[\"https:\\\/\\\/lightweb.dev\\\/l\\\/svm-temp\\\/nyheter\\\/lagutslappszoner-skjuts-upp-i-alicante-till-2025\\\/\"]}]},{\"@type\":\"ImageObject\",\"inLanguage\":\"sv-SE\",\"@id\":\"https:\\\/\\\/lightweb.dev\\\/l\\\/svm-temp\\\/nyheter\\\/lagutslappszoner-skjuts-upp-i-alicante-till-2025\\\/#primaryimage\",\"url\":\"https:\\\/\\\/lightweb.dev\\\/l\\\/svm-temp\\\/wp-content\\\/uploads\\\/2024\\\/01\\\/GD4HGAcXMAAfSlB-stor.jpeg\",\"contentUrl\":\"https:\\\/\\\/lightweb.dev\\\/l\\\/svm-temp\\\/wp-content\\\/uploads\\\/2024\\\/01\\\/GD4HGAcXMAAfSlB-stor.jpeg\",\"width\":1280,\"height\":737,\"caption\":\"(Foto: @Alicante_City)\"},{\"@type\":\"BreadcrumbList\",\"@id\":\"https:\\\/\\\/lightweb.dev\\\/l\\\/svm-temp\\\/nyheter\\\/lagutslappszoner-skjuts-upp-i-alicante-till-2025\\\/#breadcrumb\",\"itemListElement\":[{\"@type\":\"ListItem\",\"position\":1,\"name\":\"Hem\",\"item\":\"https:\\\/\\\/lightweb.dev\\\/l\\\/svm-temp\\\/\"},{\"@type\":\"ListItem\",\"position\":2,\"name\":\"L\u00e5gutsl\u00e4ppszoner skjuts upp i Alicante till 2025\"}]},{\"@type\":\"WebSite\",\"@id\":\"https:\\\/\\\/lightweb.dev\\\/l\\\/svm-temp\\\/#website\",\"url\":\"https:\\\/\\\/lightweb.dev\\\/l\\\/svm-temp\\\/\",\"name\":\"Svenska Magasinet\",\"description\":\"Dina Spanska nyheter p&aring; Svenska\",\"publisher\":{\"@id\":\"https:\\\/\\\/lightweb.dev\\\/l\\\/svm-temp\\\/#organization\"},\"potentialAction\":[{\"@type\":\"SearchAction\",\"target\":{\"@type\":\"EntryPoint\",\"urlTemplate\":\"https:\\\/\\\/lightweb.dev\\\/l\\\/svm-temp\\\/?s={search_term_string}\"},\"query-input\":{\"@type\":\"PropertyValueSpecification\",\"valueRequired\":true,\"valueName\":\"search_term_string\"}}],\"inLanguage\":\"sv-SE\"},{\"@type\":\"Organization\",\"@id\":\"https:\\\/\\\/lightweb.dev\\\/l\\\/svm-temp\\\/#organization\",\"name\":\"Melkerson y Nott SL\",\"alternateName\":\"Svenska Magasinet\",\"url\":\"https:\\\/\\\/lightweb.dev\\\/l\\\/svm-temp\\\/\",\"logo\":{\"@type\":\"ImageObject\",\"inLanguage\":\"sv-SE\",\"@id\":\"https:\\\/\\\/lightweb.dev\\\/l\\\/svm-temp\\\/#\\\/schema\\\/logo\\\/image\\\/\",\"url\":\"https:\\\/\\\/lightweb.dev\\\/l\\\/svm-temp\\\/wp-content\\\/uploads\\\/2025\\\/02\\\/SvM-logo-Xtra-Centrerad-SVART.png\",\"contentUrl\":\"https:\\\/\\\/lightweb.dev\\\/l\\\/svm-temp\\\/wp-content\\\/uploads\\\/2025\\\/02\\\/SvM-logo-Xtra-Centrerad-SVART.png\",\"width\":300,\"height\":99,\"caption\":\"Melkerson y Nott SL\"},\"image\":{\"@id\":\"https:\\\/\\\/lightweb.dev\\\/l\\\/svm-temp\\\/#\\\/schema\\\/logo\\\/image\\\/\"},\"sameAs\":[\"https:\\\/\\\/www.facebook.com\\\/svenskamagasinet\",\"https:\\\/\\\/x.com\\\/SvenskaMagasine\"]},{\"@type\":\"Person\",\"@id\":\"https:\\\/\\\/lightweb.dev\\\/l\\\/svm-temp\\\/#\\\/schema\\\/person\\\/7a82b8a73d171d32360a564b6d03508e\",\"name\":\"Ola Josefsson\",\"description\":\"Bevakar Solkusten och Spanien sedan 1994.\",\"sameAs\":[\"https:\\\/\\\/lightweb.dev\\\/l\\\/svm-temp\"],\"url\":\"https:\\\/\\\/lightweb.dev\\\/l\\\/svm-temp\\\/reporter\\\/ola-josefsson\\\/\"}]}<\/script>\n<!-- \/ Yoast SEO Premium plugin. -->","yoast_head_json":{"title":"L\u00e5gutsl\u00e4ppszoner skjuts upp i Alicante till 2025 - Svenska Magasinet","description":"F\u00f6rst fr\u00e5n 2025 kommer Alicante p\u00e5 Costa Blanca precis som flera andra kommuner med \u00f6ver 50.000 inv\u00e5nare att b\u00f6rja till\u00e4mpa l\u00e5gutsl\u00e4ppszoner (Zonas de Bajas Emisiones, ZBE) som ing\u00e5r i landets klimatf\u00f6r\u00e4ndringslag.","robots":{"index":"noindex","follow":"follow","max-snippet":"max-snippet:-1","max-image-preview":"max-image-preview:large","max-video-preview":"max-video-preview:-1"},"og_locale":"sv_SE","og_type":"article","og_title":"L\u00e5gutsl\u00e4ppszoner skjuts upp i Alicante till 2025","og_description":"F\u00f6rst fr\u00e5n 2025 kommer Alicante p\u00e5 Costa Blanca precis som flera andra kommuner med \u00f6ver 50.000 inv\u00e5nare att b\u00f6rja till\u00e4mpa l\u00e5gutsl\u00e4ppszoner (Zonas de Bajas Emisiones, ZBE) som ing\u00e5r i landets klimatf\u00f6r\u00e4ndringslag.","og_url":"https:\/\/lightweb.dev\/l\/svm-temp\/nyheter\/lagutslappszoner-skjuts-upp-i-alicante-till-2025\/","og_site_name":"Svenska Magasinet","article_publisher":"https:\/\/www.facebook.com\/svenskamagasinet","article_published_time":"2024-01-29T09:00:23+00:00","og_image":[{"width":1280,"height":737,"url":"https:\/\/lightweb.dev\/l\/svm-temp\/wp-content\/uploads\/2024\/01\/GD4HGAcXMAAfSlB-stor.jpeg","type":"image\/jpeg"}],"author":"Ola Josefsson","twitter_card":"summary_large_image","twitter_creator":"@SvenskaMagasine","twitter_site":"@SvenskaMagasine","schema":{"@context":"https:\/\/schema.org","@graph":[{"@type":"Article","@id":"https:\/\/lightweb.dev\/l\/svm-temp\/nyheter\/lagutslappszoner-skjuts-upp-i-alicante-till-2025\/#article","isPartOf":{"@id":"https:\/\/lightweb.dev\/l\/svm-temp\/nyheter\/lagutslappszoner-skjuts-upp-i-alicante-till-2025\/"},"author":{"name":"Ola Josefsson","@id":"https:\/\/lightweb.dev\/l\/svm-temp\/#\/schema\/person\/7a82b8a73d171d32360a564b6d03508e"},"headline":"L\u00e5gutsl\u00e4ppszoner skjuts upp i Alicante till 2025","datePublished":"2024-01-29T09:00:23+00:00","mainEntityOfPage":{"@id":"https:\/\/lightweb.dev\/l\/svm-temp\/nyheter\/lagutslappszoner-skjuts-upp-i-alicante-till-2025\/"},"wordCount":411,"publisher":{"@id":"https:\/\/lightweb.dev\/l\/svm-temp\/#organization"},"image":{"@id":"https:\/\/lightweb.dev\/l\/svm-temp\/nyheter\/lagutslappszoner-skjuts-upp-i-alicante-till-2025\/#primaryimage"},"thumbnailUrl":"https:\/\/lightweb.dev\/l\/svm-temp\/wp-content\/uploads\/2024\/01\/GD4HGAcXMAAfSlB-stor.jpeg","articleSection":["Arkiv","Nyheter"],"inLanguage":"sv-SE"},{"@type":"WebPage","@id":"https:\/\/lightweb.dev\/l\/svm-temp\/nyheter\/lagutslappszoner-skjuts-upp-i-alicante-till-2025\/","url":"https:\/\/lightweb.dev\/l\/svm-temp\/nyheter\/lagutslappszoner-skjuts-upp-i-alicante-till-2025\/","name":"L\u00e5gutsl\u00e4ppszoner skjuts upp i Alicante till 2025 - Svenska Magasinet","isPartOf":{"@id":"https:\/\/lightweb.dev\/l\/svm-temp\/#website"},"primaryImageOfPage":{"@id":"https:\/\/lightweb.dev\/l\/svm-temp\/nyheter\/lagutslappszoner-skjuts-upp-i-alicante-till-2025\/#primaryimage"},"image":{"@id":"https:\/\/lightweb.dev\/l\/svm-temp\/nyheter\/lagutslappszoner-skjuts-upp-i-alicante-till-2025\/#primaryimage"},"thumbnailUrl":"https:\/\/lightweb.dev\/l\/svm-temp\/wp-content\/uploads\/2024\/01\/GD4HGAcXMAAfSlB-stor.jpeg","datePublished":"2024-01-29T09:00:23+00:00","description":"F\u00f6rst fr\u00e5n 2025 kommer Alicante p\u00e5 Costa Blanca precis som flera andra kommuner med \u00f6ver 50.000 inv\u00e5nare att b\u00f6rja till\u00e4mpa l\u00e5gutsl\u00e4ppszoner (Zonas de Bajas Emisiones, ZBE) som ing\u00e5r i landets klimatf\u00f6r\u00e4ndringslag.","breadcrumb":{"@id":"https:\/\/lightweb.dev\/l\/svm-temp\/nyheter\/lagutslappszoner-skjuts-upp-i-alicante-till-2025\/#breadcrumb"},"inLanguage":"sv-SE","potentialAction":[{"@type":"ReadAction","target":["https:\/\/lightweb.dev\/l\/svm-temp\/nyheter\/lagutslappszoner-skjuts-upp-i-alicante-till-2025\/"]}]},{"@type":"ImageObject","inLanguage":"sv-SE","@id":"https:\/\/lightweb.dev\/l\/svm-temp\/nyheter\/lagutslappszoner-skjuts-upp-i-alicante-till-2025\/#primaryimage","url":"https:\/\/lightweb.dev\/l\/svm-temp\/wp-content\/uploads\/2024\/01\/GD4HGAcXMAAfSlB-stor.jpeg","contentUrl":"https:\/\/lightweb.dev\/l\/svm-temp\/wp-content\/uploads\/2024\/01\/GD4HGAcXMAAfSlB-stor.jpeg","width":1280,"height":737,"caption":"(Foto: @Alicante_City)"},{"@type":"BreadcrumbList","@id":"https:\/\/lightweb.dev\/l\/svm-temp\/nyheter\/lagutslappszoner-skjuts-upp-i-alicante-till-2025\/#breadcrumb","itemListElement":[{"@type":"ListItem","position":1,"name":"Hem","item":"https:\/\/lightweb.dev\/l\/svm-temp\/"},{"@type":"ListItem","position":2,"name":"L\u00e5gutsl\u00e4ppszoner skjuts upp i Alicante till 2025"}]},{"@type":"WebSite","@id":"https:\/\/lightweb.dev\/l\/svm-temp\/#website","url":"https:\/\/lightweb.dev\/l\/svm-temp\/","name":"Svenska Magasinet","description":"Dina Spanska nyheter p&aring; Svenska","publisher":{"@id":"https:\/\/lightweb.dev\/l\/svm-temp\/#organization"},"potentialAction":[{"@type":"SearchAction","target":{"@type":"EntryPoint","urlTemplate":"https:\/\/lightweb.dev\/l\/svm-temp\/?s={search_term_string}"},"query-input":{"@type":"PropertyValueSpecification","valueRequired":true,"valueName":"search_term_string"}}],"inLanguage":"sv-SE"},{"@type":"Organization","@id":"https:\/\/lightweb.dev\/l\/svm-temp\/#organization","name":"Melkerson y Nott SL","alternateName":"Svenska Magasinet","url":"https:\/\/lightweb.dev\/l\/svm-temp\/","logo":{"@type":"ImageObject","inLanguage":"sv-SE","@id":"https:\/\/lightweb.dev\/l\/svm-temp\/#\/schema\/logo\/image\/","url":"https:\/\/lightweb.dev\/l\/svm-temp\/wp-content\/uploads\/2025\/02\/SvM-logo-Xtra-Centrerad-SVART.png","contentUrl":"https:\/\/lightweb.dev\/l\/svm-temp\/wp-content\/uploads\/2025\/02\/SvM-logo-Xtra-Centrerad-SVART.png","width":300,"height":99,"caption":"Melkerson y Nott SL"},"image":{"@id":"https:\/\/lightweb.dev\/l\/svm-temp\/#\/schema\/logo\/image\/"},"sameAs":["https:\/\/www.facebook.com\/svenskamagasinet","https:\/\/x.com\/SvenskaMagasine"]},{"@type":"Person","@id":"https:\/\/lightweb.dev\/l\/svm-temp\/#\/schema\/person\/7a82b8a73d171d32360a564b6d03508e","name":"Ola Josefsson","description":"Bevakar Solkusten och Spanien sedan 1994.","sameAs":["https:\/\/lightweb.dev\/l\/svm-temp"],"url":"https:\/\/lightweb.dev\/l\/svm-temp\/reporter\/ola-josefsson\/"}]}},"_links":{"self":[{"href":"https:\/\/lightweb.dev\/l\/svm-temp\/wp-json\/wp\/v2\/posts\/69254","targetHints":{"allow":["GET"]}}],"collection":[{"href":"https:\/\/lightweb.dev\/l\/svm-temp\/wp-json\/wp\/v2\/posts"}],"about":[{"href":"https:\/\/lightweb.dev\/l\/svm-temp\/wp-json\/wp\/v2\/types\/post"}],"author":[{"embeddable":true,"href":"https:\/\/lightweb.dev\/l\/svm-temp\/wp-json\/wp\/v2\/users\/7"}],"replies":[{"embeddable":true,"href":"https:\/\/lightweb.dev\/l\/svm-temp\/wp-json\/wp\/v2\/comments?post=69254"}],"version-history":[{"count":0,"href":"https:\/\/lightweb.dev\/l\/svm-temp\/wp-json\/wp\/v2\/posts\/69254\/revisions"}],"wp:featuredmedia":[{"embeddable":true,"href":"https:\/\/lightweb.dev\/l\/svm-temp\/wp-json\/wp\/v2\/media\/69255"}],"wp:attachment":[{"href":"https:\/\/lightweb.dev\/l\/svm-temp\/wp-json\/wp\/v2\/media?parent=69254"}],"wp:term":[{"taxonomy":"category","embeddable":true,"href":"https:\/\/lightweb.dev\/l\/svm-temp\/wp-json\/wp\/v2\/categories?post=69254"},{"taxonomy":"post_tag","embeddable":true,"href":"https:\/\/lightweb.dev\/l\/svm-temp\/wp-json\/wp\/v2\/tags?post=69254"}],"curies":[{"name":"wp","href":"https:\/\/api.w.org\/{rel}","templated":true}]}}