{"id":69260,"date":"2024-01-29T15:29:47","date_gmt":"2024-01-29T14:29:47","guid":{"rendered":"https:\/\/lightweb.dev\/l\/svm-temp\/?p=69260"},"modified":"2024-01-29T15:29:47","modified_gmt":"2024-01-29T14:29:47","slug":"samhalle-som-lag-under-vatten-i-reservoar-kommer-fram","status":"publish","type":"post","link":"https:\/\/lightweb.dev\/l\/svm-temp\/nyheter\/samhalle-som-lag-under-vatten-i-reservoar-kommer-fram\/","title":{"rendered":"Samh\u00e4lle som l\u00e5g under vatten i reservoar kommer fram"},"content":{"rendered":"<p><strong>I Pe\u00f1arrubia norr om M\u00e1laga tv\u00e5ngsf\u00f6rflyttades 1.832 inv\u00e5nare n\u00e4r vattenreservoarerna i Guadalteba norr om M\u00e1laga skulle byggas.<\/strong><\/p>\n<p><strong>Med torkan kommer delar av byn fram som lades under vatten 1972.<\/strong><\/p>\n<p><img loading=\"lazy\" decoding=\"async\" class=\"size-medium wp-image-69262 alignleft\" src=\"https:\/\/lightweb.dev\/l\/svm-temp\/wp-content\/uploads\/2024\/01\/F8QDiVXXkAEXzzz-stor-300x225.jpeg\" alt=\"\" width=\"300\" height=\"225\" srcset=\"https:\/\/lightweb.dev\/l\/svm-temp\/wp-content\/uploads\/2024\/01\/F8QDiVXXkAEXzzz-stor-300x225.jpeg 300w, https:\/\/lightweb.dev\/l\/svm-temp\/wp-content\/uploads\/2024\/01\/F8QDiVXXkAEXzzz-stor-900x675.jpeg 900w, https:\/\/lightweb.dev\/l\/svm-temp\/wp-content\/uploads\/2024\/01\/F8QDiVXXkAEXzzz-stor-768x576.jpeg 768w, https:\/\/lightweb.dev\/l\/svm-temp\/wp-content\/uploads\/2024\/01\/F8QDiVXXkAEXzzz-stor-610x458.jpeg 610w, https:\/\/lightweb.dev\/l\/svm-temp\/wp-content\/uploads\/2024\/01\/F8QDiVXXkAEXzzz-stor-1080x810.jpeg 1080w, https:\/\/lightweb.dev\/l\/svm-temp\/wp-content\/uploads\/2024\/01\/F8QDiVXXkAEXzzz-stor-600x450.jpeg 600w, https:\/\/lightweb.dev\/l\/svm-temp\/wp-content\/uploads\/2024\/01\/F8QDiVXXkAEXzzz-stor.jpeg 1280w\" sizes=\"(max-width: 300px) 100vw, 300px\" \/><\/p>\n<p>De \u00e4ldre kan fortfarande k\u00e4nna igen gatorna och husens placering genom att se p\u00e5 ruinerna som nu \u00e4r synliga n\u00e4r vattnet \u00e4r p\u00e5 v\u00e4g att f\u00f6rsvinna. Bilderna visar rester av fundament, murar och stenh\u00f6gar som b\u00e4r p\u00e5 ett vittnesb\u00f6rd om det lilla samh\u00e4llet Pe\u00f1arrubia, skriver <a href=\"https:\/\/www.laopiniondemalaga.es\/municipios\/2024\/01\/28\/sequia-saca-luz-restos-penarrubia-97428484.html\">La Opini\u00f3n de M\u00e1laga.<\/a><\/p>\n<p>Arbetet med vattenreservoaren inleddes 1966 och avslutades 1971.<\/p>\n<p>De som var fr\u00e5n 18 \u00e5r och som tv\u00e5ngsf\u00f6rflyttades kompenserades med 100.000 pesetas och andra tillh\u00f6righeter f\u00f6r att kunna k\u00f6pa sig en bostad i den nya stadsdelen Santa Rosal\u00eda i Campanillas. \u00c5ter andra flyttade till Ardales, C\u00e1rtama och Ronda medan andra emigrerade till Mollerussa i L\u00e9rida i Katalonien eller till andra regioner som Galicien och Baskien. N\u00e5gra flyttade utomlands.<\/p>\n<p><img loading=\"lazy\" decoding=\"async\" class=\"size-medium wp-image-69263 alignright\" src=\"https:\/\/lightweb.dev\/l\/svm-temp\/wp-content\/uploads\/2024\/01\/F8QDiVWXoAAhFoL-stor-300x225.jpeg\" alt=\"\" width=\"300\" height=\"225\" srcset=\"https:\/\/lightweb.dev\/l\/svm-temp\/wp-content\/uploads\/2024\/01\/F8QDiVWXoAAhFoL-stor-300x225.jpeg 300w, https:\/\/lightweb.dev\/l\/svm-temp\/wp-content\/uploads\/2024\/01\/F8QDiVWXoAAhFoL-stor-900x675.jpeg 900w, https:\/\/lightweb.dev\/l\/svm-temp\/wp-content\/uploads\/2024\/01\/F8QDiVWXoAAhFoL-stor-768x576.jpeg 768w, https:\/\/lightweb.dev\/l\/svm-temp\/wp-content\/uploads\/2024\/01\/F8QDiVWXoAAhFoL-stor-610x458.jpeg 610w, https:\/\/lightweb.dev\/l\/svm-temp\/wp-content\/uploads\/2024\/01\/F8QDiVWXoAAhFoL-stor-1080x810.jpeg 1080w, https:\/\/lightweb.dev\/l\/svm-temp\/wp-content\/uploads\/2024\/01\/F8QDiVWXoAAhFoL-stor-600x450.jpeg 600w, https:\/\/lightweb.dev\/l\/svm-temp\/wp-content\/uploads\/2024\/01\/F8QDiVWXoAAhFoL-stor.jpeg 1280w\" sizes=\"(max-width: 300px) 100vw, 300px\" \/><\/p>\n<p>Vart femte \u00e5r tr\u00e4ffas anh\u00f6riga och familjemedlemmar som fortsatt lever f\u00f6r att fira la romer\u00eda de la virgen del Rosario vid en liten kyrka som byggdes n\u00e4ra platsen d\u00e4r Pe\u00f1arubbia l\u00e5g.<\/p>\n<h2>Nytt dekret<\/h2>\n<p>P\u00e5 m\u00e5ndagen meddelade regionregeringen i Andalusien att man godk\u00e4nt ett fj\u00e4rde dekret f\u00f6r att bek\u00e4mpa den sv\u00e5ra torkan. Totalt 218 miljoner euro satsas p\u00e5 l\u00f6sningar i form av borrning efter f\u00e4rskvatten, dr\u00e4neringsanl\u00e4ggningar och ut\u00f6kad avsaltning.<\/p>\n<p>En fj\u00e4rdedel av summan g\u00e5r till jordbruks- och livsmedelssektorn som \u00e4r s\u00e4rskilt drabbat av torkan. Bland annat ska renat vatten g\u00e5 till konstbevattning i Axarqu\u00eda. Det meddelade regionregeringens talesperson, Ram\u00f3n Fern\u00e1ndez-Pacheco, och regionr\u00e5det f\u00f6r jordbruk och vatten, Carmen Crespo.<\/p>\n<p>L\u00e4get f\u00f6rv\u00e4rras f\u00f6r varje dag som g\u00e5r. De n\u00e4rmaste tio dagarna f\u00f6rv\u00e4ntas inte n\u00e5gon nederb\u00f6rd.<\/p>\n<p>F\u00f6rberedelser g\u00f6rs f\u00f6r att ta emot fartyg med vatten i hamnarna i M\u00e1laga, Algeciras (C\u00e1diz) och Carboneras (Almer\u00eda). Det vatten som finns i reservoarerna bed\u00f6ms vara av d\u00e5lig kvalit\u00e9.<\/p>\n<blockquote class=\"twitter-tweet\" data-media-max-width=\"560\">\n<p dir=\"ltr\" lang=\"es\">Restos de Pe\u00f1arrubia, emergido por la sequ\u00eda del pantano <a href=\"https:\/\/twitter.com\/hashtag\/Malaga?src=hash&amp;ref_src=twsrc%5Etfw\">#Malaga<\/a> <a href=\"https:\/\/twitter.com\/hashtag\/Campillos?src=hash&amp;ref_src=twsrc%5Etfw\">#Campillos<\/a> <a href=\"https:\/\/twitter.com\/hashtag\/Pe%C3%B1arrubia?src=hash&amp;ref_src=twsrc%5Etfw\">#Pe\u00f1arrubia<\/a> <a href=\"https:\/\/twitter.com\/hashtag\/Pantano?src=hash&amp;ref_src=twsrc%5Etfw\">#Pantano<\/a> <a href=\"https:\/\/t.co\/BCH2wplm1R\">pic.twitter.com\/BCH2wplm1R<\/a><\/p>\n<p>\u2014 iadc (@iadc89) <a href=\"https:\/\/twitter.com\/iadc89\/status\/1712497659922075650?ref_src=twsrc%5Etfw\">October 12, 2023<\/a><\/p><\/blockquote>\n<p><script async src=\"https:\/\/platform.twitter.com\/widgets.js\" charset=\"utf-8\"><\/script><\/p>\n","protected":false},"excerpt":{"rendered":"<p>I Pe\u00f1arrubia norr om M\u00e1laga tv\u00e5ngsf\u00f6rflyttades 1.832 inv\u00e5nare n\u00e4r vattenreservoarerna i Guadalteba norr om M\u00e1laga skulle byggas. Med torkan kommer delar av byn fram som lades under vatten 1972&#8230;<\/p>\n","protected":false},"author":7,"featured_media":69261,"comment_status":"closed","ping_status":"closed","sticky":false,"template":"","format":"standard","meta":{"_et_pb_use_builder":"","_et_pb_old_content":"","_et_gb_content_width":"","footnotes":""},"categories":[395,3],"tags":[],"class_list":["post-69260","post","type-post","status-publish","format-standard","has-post-thumbnail","hentry","category-arkiv-nyheter","category-nyheter"],"yoast_head":"<!-- This site is optimized with the Yoast SEO Premium plugin v26.2 (Yoast SEO v27.4) - https:\/\/yoast.com\/product\/yoast-seo-premium-wordpress\/ -->\n<title>Samh\u00e4lle som l\u00e5g under vatten i reservoar kommer fram - Svenska Magasinet<\/title>\n<meta name=\"description\" content=\"I Pe\u00f1arrubia norr om M\u00e1laga tv\u00e5ngsf\u00f6rflyttades 1.832 inv\u00e5nare n\u00e4r vattenreservoarerna i Guadalteba norr om M\u00e1laga skulle byggas. Med torkan kommer delar av byn fram som lades under vatten 1972.\" \/>\n<meta name=\"robots\" content=\"noindex, follow, max-snippet:-1, max-image-preview:large, max-video-preview:-1\" \/>\n<meta property=\"og:locale\" content=\"sv_SE\" \/>\n<meta property=\"og:type\" content=\"article\" \/>\n<meta property=\"og:title\" content=\"Samh\u00e4lle som l\u00e5g under vatten i reservoar kommer fram\" \/>\n<meta property=\"og:description\" content=\"I Pe\u00f1arrubia norr om M\u00e1laga tv\u00e5ngsf\u00f6rflyttades 1.832 inv\u00e5nare n\u00e4r vattenreservoarerna i Guadalteba norr om M\u00e1laga skulle byggas. Med torkan kommer delar av byn fram som lades under vatten 1972.\" \/>\n<meta property=\"og:url\" content=\"https:\/\/lightweb.dev\/l\/svm-temp\/nyheter\/samhalle-som-lag-under-vatten-i-reservoar-kommer-fram\/\" \/>\n<meta property=\"og:site_name\" content=\"Svenska Magasinet\" \/>\n<meta property=\"article:publisher\" content=\"https:\/\/www.facebook.com\/svenskamagasinet\" \/>\n<meta property=\"article:published_time\" content=\"2024-01-29T14:29:47+00:00\" \/>\n<meta property=\"og:image\" content=\"https:\/\/lightweb.dev\/l\/svm-temp\/wp-content\/uploads\/2024\/01\/F8QDiVZWwAA4ZbY-stor.jpeg\" \/>\n\t<meta property=\"og:image:width\" content=\"1280\" \/>\n\t<meta property=\"og:image:height\" content=\"960\" \/>\n\t<meta property=\"og:image:type\" content=\"image\/jpeg\" \/>\n<meta name=\"author\" content=\"Ola Josefsson\" \/>\n<meta name=\"twitter:card\" content=\"summary_large_image\" \/>\n<meta name=\"twitter:creator\" content=\"@SvenskaMagasine\" \/>\n<meta name=\"twitter:site\" content=\"@SvenskaMagasine\" \/>\n<script type=\"application\/ld+json\" class=\"yoast-schema-graph\">{\"@context\":\"https:\\\/\\\/schema.org\",\"@graph\":[{\"@type\":\"Article\",\"@id\":\"https:\\\/\\\/lightweb.dev\\\/l\\\/svm-temp\\\/nyheter\\\/samhalle-som-lag-under-vatten-i-reservoar-kommer-fram\\\/#article\",\"isPartOf\":{\"@id\":\"https:\\\/\\\/lightweb.dev\\\/l\\\/svm-temp\\\/nyheter\\\/samhalle-som-lag-under-vatten-i-reservoar-kommer-fram\\\/\"},\"author\":{\"name\":\"Ola Josefsson\",\"@id\":\"https:\\\/\\\/lightweb.dev\\\/l\\\/svm-temp\\\/#\\\/schema\\\/person\\\/7a82b8a73d171d32360a564b6d03508e\"},\"headline\":\"Samh\u00e4lle som l\u00e5g under vatten i reservoar kommer fram\",\"datePublished\":\"2024-01-29T14:29:47+00:00\",\"mainEntityOfPage\":{\"@id\":\"https:\\\/\\\/lightweb.dev\\\/l\\\/svm-temp\\\/nyheter\\\/samhalle-som-lag-under-vatten-i-reservoar-kommer-fram\\\/\"},\"wordCount\":398,\"publisher\":{\"@id\":\"https:\\\/\\\/lightweb.dev\\\/l\\\/svm-temp\\\/#organization\"},\"image\":{\"@id\":\"https:\\\/\\\/lightweb.dev\\\/l\\\/svm-temp\\\/nyheter\\\/samhalle-som-lag-under-vatten-i-reservoar-kommer-fram\\\/#primaryimage\"},\"thumbnailUrl\":\"https:\\\/\\\/lightweb.dev\\\/l\\\/svm-temp\\\/wp-content\\\/uploads\\\/2024\\\/01\\\/F8QDiVZWwAA4ZbY-stor.jpeg\",\"articleSection\":[\"Arkiv\",\"Nyheter\"],\"inLanguage\":\"sv-SE\"},{\"@type\":\"WebPage\",\"@id\":\"https:\\\/\\\/lightweb.dev\\\/l\\\/svm-temp\\\/nyheter\\\/samhalle-som-lag-under-vatten-i-reservoar-kommer-fram\\\/\",\"url\":\"https:\\\/\\\/lightweb.dev\\\/l\\\/svm-temp\\\/nyheter\\\/samhalle-som-lag-under-vatten-i-reservoar-kommer-fram\\\/\",\"name\":\"Samh\u00e4lle som l\u00e5g under vatten i reservoar kommer fram - Svenska Magasinet\",\"isPartOf\":{\"@id\":\"https:\\\/\\\/lightweb.dev\\\/l\\\/svm-temp\\\/#website\"},\"primaryImageOfPage\":{\"@id\":\"https:\\\/\\\/lightweb.dev\\\/l\\\/svm-temp\\\/nyheter\\\/samhalle-som-lag-under-vatten-i-reservoar-kommer-fram\\\/#primaryimage\"},\"image\":{\"@id\":\"https:\\\/\\\/lightweb.dev\\\/l\\\/svm-temp\\\/nyheter\\\/samhalle-som-lag-under-vatten-i-reservoar-kommer-fram\\\/#primaryimage\"},\"thumbnailUrl\":\"https:\\\/\\\/lightweb.dev\\\/l\\\/svm-temp\\\/wp-content\\\/uploads\\\/2024\\\/01\\\/F8QDiVZWwAA4ZbY-stor.jpeg\",\"datePublished\":\"2024-01-29T14:29:47+00:00\",\"description\":\"I Pe\u00f1arrubia norr om M\u00e1laga tv\u00e5ngsf\u00f6rflyttades 1.832 inv\u00e5nare n\u00e4r vattenreservoarerna i Guadalteba norr om M\u00e1laga skulle byggas. Med torkan kommer delar av byn fram som lades under vatten 1972.\",\"breadcrumb\":{\"@id\":\"https:\\\/\\\/lightweb.dev\\\/l\\\/svm-temp\\\/nyheter\\\/samhalle-som-lag-under-vatten-i-reservoar-kommer-fram\\\/#breadcrumb\"},\"inLanguage\":\"sv-SE\",\"potentialAction\":[{\"@type\":\"ReadAction\",\"target\":[\"https:\\\/\\\/lightweb.dev\\\/l\\\/svm-temp\\\/nyheter\\\/samhalle-som-lag-under-vatten-i-reservoar-kommer-fram\\\/\"]}]},{\"@type\":\"ImageObject\",\"inLanguage\":\"sv-SE\",\"@id\":\"https:\\\/\\\/lightweb.dev\\\/l\\\/svm-temp\\\/nyheter\\\/samhalle-som-lag-under-vatten-i-reservoar-kommer-fram\\\/#primaryimage\",\"url\":\"https:\\\/\\\/lightweb.dev\\\/l\\\/svm-temp\\\/wp-content\\\/uploads\\\/2024\\\/01\\\/F8QDiVZWwAA4ZbY-stor.jpeg\",\"contentUrl\":\"https:\\\/\\\/lightweb.dev\\\/l\\\/svm-temp\\\/wp-content\\\/uploads\\\/2024\\\/01\\\/F8QDiVZWwAA4ZbY-stor.jpeg\",\"width\":1280,\"height\":960,\"caption\":\"(Foto: @iadc89)\"},{\"@type\":\"BreadcrumbList\",\"@id\":\"https:\\\/\\\/lightweb.dev\\\/l\\\/svm-temp\\\/nyheter\\\/samhalle-som-lag-under-vatten-i-reservoar-kommer-fram\\\/#breadcrumb\",\"itemListElement\":[{\"@type\":\"ListItem\",\"position\":1,\"name\":\"Hem\",\"item\":\"https:\\\/\\\/lightweb.dev\\\/l\\\/svm-temp\\\/\"},{\"@type\":\"ListItem\",\"position\":2,\"name\":\"Samh\u00e4lle som l\u00e5g under vatten i reservoar kommer fram\"}]},{\"@type\":\"WebSite\",\"@id\":\"https:\\\/\\\/lightweb.dev\\\/l\\\/svm-temp\\\/#website\",\"url\":\"https:\\\/\\\/lightweb.dev\\\/l\\\/svm-temp\\\/\",\"name\":\"Svenska Magasinet\",\"description\":\"Dina Spanska nyheter p&aring; Svenska\",\"publisher\":{\"@id\":\"https:\\\/\\\/lightweb.dev\\\/l\\\/svm-temp\\\/#organization\"},\"potentialAction\":[{\"@type\":\"SearchAction\",\"target\":{\"@type\":\"EntryPoint\",\"urlTemplate\":\"https:\\\/\\\/lightweb.dev\\\/l\\\/svm-temp\\\/?s={search_term_string}\"},\"query-input\":{\"@type\":\"PropertyValueSpecification\",\"valueRequired\":true,\"valueName\":\"search_term_string\"}}],\"inLanguage\":\"sv-SE\"},{\"@type\":\"Organization\",\"@id\":\"https:\\\/\\\/lightweb.dev\\\/l\\\/svm-temp\\\/#organization\",\"name\":\"Melkerson y Nott SL\",\"alternateName\":\"Svenska Magasinet\",\"url\":\"https:\\\/\\\/lightweb.dev\\\/l\\\/svm-temp\\\/\",\"logo\":{\"@type\":\"ImageObject\",\"inLanguage\":\"sv-SE\",\"@id\":\"https:\\\/\\\/lightweb.dev\\\/l\\\/svm-temp\\\/#\\\/schema\\\/logo\\\/image\\\/\",\"url\":\"https:\\\/\\\/lightweb.dev\\\/l\\\/svm-temp\\\/wp-content\\\/uploads\\\/2025\\\/02\\\/SvM-logo-Xtra-Centrerad-SVART.png\",\"contentUrl\":\"https:\\\/\\\/lightweb.dev\\\/l\\\/svm-temp\\\/wp-content\\\/uploads\\\/2025\\\/02\\\/SvM-logo-Xtra-Centrerad-SVART.png\",\"width\":300,\"height\":99,\"caption\":\"Melkerson y Nott SL\"},\"image\":{\"@id\":\"https:\\\/\\\/lightweb.dev\\\/l\\\/svm-temp\\\/#\\\/schema\\\/logo\\\/image\\\/\"},\"sameAs\":[\"https:\\\/\\\/www.facebook.com\\\/svenskamagasinet\",\"https:\\\/\\\/x.com\\\/SvenskaMagasine\"]},{\"@type\":\"Person\",\"@id\":\"https:\\\/\\\/lightweb.dev\\\/l\\\/svm-temp\\\/#\\\/schema\\\/person\\\/7a82b8a73d171d32360a564b6d03508e\",\"name\":\"Ola Josefsson\",\"description\":\"Bevakar Solkusten och Spanien sedan 1994.\",\"sameAs\":[\"https:\\\/\\\/lightweb.dev\\\/l\\\/svm-temp\"],\"url\":\"https:\\\/\\\/lightweb.dev\\\/l\\\/svm-temp\\\/reporter\\\/ola-josefsson\\\/\"}]}<\/script>\n<!-- \/ Yoast SEO Premium plugin. -->","yoast_head_json":{"title":"Samh\u00e4lle som l\u00e5g under vatten i reservoar kommer fram - Svenska Magasinet","description":"I Pe\u00f1arrubia norr om M\u00e1laga tv\u00e5ngsf\u00f6rflyttades 1.832 inv\u00e5nare n\u00e4r vattenreservoarerna i Guadalteba norr om M\u00e1laga skulle byggas. Med torkan kommer delar av byn fram som lades under vatten 1972.","robots":{"index":"noindex","follow":"follow","max-snippet":"max-snippet:-1","max-image-preview":"max-image-preview:large","max-video-preview":"max-video-preview:-1"},"og_locale":"sv_SE","og_type":"article","og_title":"Samh\u00e4lle som l\u00e5g under vatten i reservoar kommer fram","og_description":"I Pe\u00f1arrubia norr om M\u00e1laga tv\u00e5ngsf\u00f6rflyttades 1.832 inv\u00e5nare n\u00e4r vattenreservoarerna i Guadalteba norr om M\u00e1laga skulle byggas. Med torkan kommer delar av byn fram som lades under vatten 1972.","og_url":"https:\/\/lightweb.dev\/l\/svm-temp\/nyheter\/samhalle-som-lag-under-vatten-i-reservoar-kommer-fram\/","og_site_name":"Svenska Magasinet","article_publisher":"https:\/\/www.facebook.com\/svenskamagasinet","article_published_time":"2024-01-29T14:29:47+00:00","og_image":[{"width":1280,"height":960,"url":"https:\/\/lightweb.dev\/l\/svm-temp\/wp-content\/uploads\/2024\/01\/F8QDiVZWwAA4ZbY-stor.jpeg","type":"image\/jpeg"}],"author":"Ola Josefsson","twitter_card":"summary_large_image","twitter_creator":"@SvenskaMagasine","twitter_site":"@SvenskaMagasine","schema":{"@context":"https:\/\/schema.org","@graph":[{"@type":"Article","@id":"https:\/\/lightweb.dev\/l\/svm-temp\/nyheter\/samhalle-som-lag-under-vatten-i-reservoar-kommer-fram\/#article","isPartOf":{"@id":"https:\/\/lightweb.dev\/l\/svm-temp\/nyheter\/samhalle-som-lag-under-vatten-i-reservoar-kommer-fram\/"},"author":{"name":"Ola Josefsson","@id":"https:\/\/lightweb.dev\/l\/svm-temp\/#\/schema\/person\/7a82b8a73d171d32360a564b6d03508e"},"headline":"Samh\u00e4lle som l\u00e5g under vatten i reservoar kommer fram","datePublished":"2024-01-29T14:29:47+00:00","mainEntityOfPage":{"@id":"https:\/\/lightweb.dev\/l\/svm-temp\/nyheter\/samhalle-som-lag-under-vatten-i-reservoar-kommer-fram\/"},"wordCount":398,"publisher":{"@id":"https:\/\/lightweb.dev\/l\/svm-temp\/#organization"},"image":{"@id":"https:\/\/lightweb.dev\/l\/svm-temp\/nyheter\/samhalle-som-lag-under-vatten-i-reservoar-kommer-fram\/#primaryimage"},"thumbnailUrl":"https:\/\/lightweb.dev\/l\/svm-temp\/wp-content\/uploads\/2024\/01\/F8QDiVZWwAA4ZbY-stor.jpeg","articleSection":["Arkiv","Nyheter"],"inLanguage":"sv-SE"},{"@type":"WebPage","@id":"https:\/\/lightweb.dev\/l\/svm-temp\/nyheter\/samhalle-som-lag-under-vatten-i-reservoar-kommer-fram\/","url":"https:\/\/lightweb.dev\/l\/svm-temp\/nyheter\/samhalle-som-lag-under-vatten-i-reservoar-kommer-fram\/","name":"Samh\u00e4lle som l\u00e5g under vatten i reservoar kommer fram - Svenska Magasinet","isPartOf":{"@id":"https:\/\/lightweb.dev\/l\/svm-temp\/#website"},"primaryImageOfPage":{"@id":"https:\/\/lightweb.dev\/l\/svm-temp\/nyheter\/samhalle-som-lag-under-vatten-i-reservoar-kommer-fram\/#primaryimage"},"image":{"@id":"https:\/\/lightweb.dev\/l\/svm-temp\/nyheter\/samhalle-som-lag-under-vatten-i-reservoar-kommer-fram\/#primaryimage"},"thumbnailUrl":"https:\/\/lightweb.dev\/l\/svm-temp\/wp-content\/uploads\/2024\/01\/F8QDiVZWwAA4ZbY-stor.jpeg","datePublished":"2024-01-29T14:29:47+00:00","description":"I Pe\u00f1arrubia norr om M\u00e1laga tv\u00e5ngsf\u00f6rflyttades 1.832 inv\u00e5nare n\u00e4r vattenreservoarerna i Guadalteba norr om M\u00e1laga skulle byggas. Med torkan kommer delar av byn fram som lades under vatten 1972.","breadcrumb":{"@id":"https:\/\/lightweb.dev\/l\/svm-temp\/nyheter\/samhalle-som-lag-under-vatten-i-reservoar-kommer-fram\/#breadcrumb"},"inLanguage":"sv-SE","potentialAction":[{"@type":"ReadAction","target":["https:\/\/lightweb.dev\/l\/svm-temp\/nyheter\/samhalle-som-lag-under-vatten-i-reservoar-kommer-fram\/"]}]},{"@type":"ImageObject","inLanguage":"sv-SE","@id":"https:\/\/lightweb.dev\/l\/svm-temp\/nyheter\/samhalle-som-lag-under-vatten-i-reservoar-kommer-fram\/#primaryimage","url":"https:\/\/lightweb.dev\/l\/svm-temp\/wp-content\/uploads\/2024\/01\/F8QDiVZWwAA4ZbY-stor.jpeg","contentUrl":"https:\/\/lightweb.dev\/l\/svm-temp\/wp-content\/uploads\/2024\/01\/F8QDiVZWwAA4ZbY-stor.jpeg","width":1280,"height":960,"caption":"(Foto: @iadc89)"},{"@type":"BreadcrumbList","@id":"https:\/\/lightweb.dev\/l\/svm-temp\/nyheter\/samhalle-som-lag-under-vatten-i-reservoar-kommer-fram\/#breadcrumb","itemListElement":[{"@type":"ListItem","position":1,"name":"Hem","item":"https:\/\/lightweb.dev\/l\/svm-temp\/"},{"@type":"ListItem","position":2,"name":"Samh\u00e4lle som l\u00e5g under vatten i reservoar kommer fram"}]},{"@type":"WebSite","@id":"https:\/\/lightweb.dev\/l\/svm-temp\/#website","url":"https:\/\/lightweb.dev\/l\/svm-temp\/","name":"Svenska Magasinet","description":"Dina Spanska nyheter p&aring; Svenska","publisher":{"@id":"https:\/\/lightweb.dev\/l\/svm-temp\/#organization"},"potentialAction":[{"@type":"SearchAction","target":{"@type":"EntryPoint","urlTemplate":"https:\/\/lightweb.dev\/l\/svm-temp\/?s={search_term_string}"},"query-input":{"@type":"PropertyValueSpecification","valueRequired":true,"valueName":"search_term_string"}}],"inLanguage":"sv-SE"},{"@type":"Organization","@id":"https:\/\/lightweb.dev\/l\/svm-temp\/#organization","name":"Melkerson y Nott SL","alternateName":"Svenska Magasinet","url":"https:\/\/lightweb.dev\/l\/svm-temp\/","logo":{"@type":"ImageObject","inLanguage":"sv-SE","@id":"https:\/\/lightweb.dev\/l\/svm-temp\/#\/schema\/logo\/image\/","url":"https:\/\/lightweb.dev\/l\/svm-temp\/wp-content\/uploads\/2025\/02\/SvM-logo-Xtra-Centrerad-SVART.png","contentUrl":"https:\/\/lightweb.dev\/l\/svm-temp\/wp-content\/uploads\/2025\/02\/SvM-logo-Xtra-Centrerad-SVART.png","width":300,"height":99,"caption":"Melkerson y Nott SL"},"image":{"@id":"https:\/\/lightweb.dev\/l\/svm-temp\/#\/schema\/logo\/image\/"},"sameAs":["https:\/\/www.facebook.com\/svenskamagasinet","https:\/\/x.com\/SvenskaMagasine"]},{"@type":"Person","@id":"https:\/\/lightweb.dev\/l\/svm-temp\/#\/schema\/person\/7a82b8a73d171d32360a564b6d03508e","name":"Ola Josefsson","description":"Bevakar Solkusten och Spanien sedan 1994.","sameAs":["https:\/\/lightweb.dev\/l\/svm-temp"],"url":"https:\/\/lightweb.dev\/l\/svm-temp\/reporter\/ola-josefsson\/"}]}},"_links":{"self":[{"href":"https:\/\/lightweb.dev\/l\/svm-temp\/wp-json\/wp\/v2\/posts\/69260","targetHints":{"allow":["GET"]}}],"collection":[{"href":"https:\/\/lightweb.dev\/l\/svm-temp\/wp-json\/wp\/v2\/posts"}],"about":[{"href":"https:\/\/lightweb.dev\/l\/svm-temp\/wp-json\/wp\/v2\/types\/post"}],"author":[{"embeddable":true,"href":"https:\/\/lightweb.dev\/l\/svm-temp\/wp-json\/wp\/v2\/users\/7"}],"replies":[{"embeddable":true,"href":"https:\/\/lightweb.dev\/l\/svm-temp\/wp-json\/wp\/v2\/comments?post=69260"}],"version-history":[{"count":0,"href":"https:\/\/lightweb.dev\/l\/svm-temp\/wp-json\/wp\/v2\/posts\/69260\/revisions"}],"wp:featuredmedia":[{"embeddable":true,"href":"https:\/\/lightweb.dev\/l\/svm-temp\/wp-json\/wp\/v2\/media\/69261"}],"wp:attachment":[{"href":"https:\/\/lightweb.dev\/l\/svm-temp\/wp-json\/wp\/v2\/media?parent=69260"}],"wp:term":[{"taxonomy":"category","embeddable":true,"href":"https:\/\/lightweb.dev\/l\/svm-temp\/wp-json\/wp\/v2\/categories?post=69260"},{"taxonomy":"post_tag","embeddable":true,"href":"https:\/\/lightweb.dev\/l\/svm-temp\/wp-json\/wp\/v2\/tags?post=69260"}],"curies":[{"name":"wp","href":"https:\/\/api.w.org\/{rel}","templated":true}]}}