{"id":69471,"date":"2024-02-09T10:48:48","date_gmt":"2024-02-09T09:48:48","guid":{"rendered":"https:\/\/lightweb.dev\/l\/svm-temp\/?p=69471"},"modified":"2024-02-09T10:49:24","modified_gmt":"2024-02-09T09:49:24","slug":"minderariga-dodade-adoptivmamma-efter-kritik-for-daliga-betyg","status":"publish","type":"post","link":"https:\/\/lightweb.dev\/l\/svm-temp\/nyheter\/minderariga-dodade-adoptivmamma-efter-kritik-for-daliga-betyg\/","title":{"rendered":"Minder\u00e5riga d\u00f6dade adoptivmamma efter kritik f\u00f6r d\u00e5liga betyg"},"content":{"rendered":"<p><strong>Det \u00e4r mordet som skakar Spanien. Tv\u00e5 minder\u00e5riga barn, 15 och 13 \u00e5r gamla, som misst\u00e4nks ha m\u00f6rdat sin adoptivmamma.<\/strong><\/p>\n<p><strong>Orsaken ska vara att hon kritiserat barnen f\u00f6r d\u00e5liga betyg.<\/strong><\/p>\n<p>Mamman hittades p\u00e5 onsdagskv\u00e4llen vid bostaden p\u00e5 calle Monte Cerredo i Castro Urdiales (Kantabrien) med en plastp\u00e5se \u00f6ver huvudet. Enligt uppgifter till dagstidningen <a href=\"https:\/\/www.abc.es\/espana\/castigos-malas-notas-excusa-ninos-cantabria-matar-20240209210205-nt.html\">ABC<\/a> ska tekniker uppgett att huvudet mottagit flera slag och minst ett d\u00f6dligt hugg i nacken. Kroppen var placerad i baks\u00e4tet i kvinnans bil.<\/p>\n<p>De minder\u00e5riga, av ryskt ursprung, ringde sin mormor och uppgav att de hade blivit kidnappade. Hon kontaktade d\u00e4refter Guardia Civil som gjorde uppt\u00e4ckten i bostaden.<\/p>\n<p>Guardia Civil lokaliserade barnen n\u00e5gra timmar efter brottet d\u00e5 de hade g\u00f6mt sig i den n\u00e4rliggande Cotolinoparken.<\/p>\n<p>Mordet p\u00e5 adoptivmamman skakar Spanien. Under torsdagskv\u00e4llen intervjuades psykologer och experter. M\u00e5nga fr\u00e5gor men svaren tr\u00f6star inte n\u00e5gon. H\u00e4ndelsen beskrivs vara s\u00e5 brutal att det inte finns n\u00e5gra f\u00f6rklaringar.<\/p>\n<p>Enligt k\u00e4llor vid Guardia Civil ska mamman ha varit kritisk till barnens alltf\u00f6r d\u00e5liga betyg. Men borgm\u00e4staren har f\u00f6rs\u00e4krat i intervjuer att de var utm\u00e4rkta elever.<\/p>\n<p>\u201dS\u00e5 ironiskt. Man s\u00e4ger ingenting f\u00f6r att undvika konflikter och man lever i konflikt f\u00f6r att man inte s\u00e4ger n\u00e5got\u201d var det sista som adoptivmamman Silvia L\u00f3pez Gayubas publicerade p\u00e5 ett socialt n\u00e4tverk.<\/p>\n<p>Adoptivpappan \u00e4r avskriven fr\u00e5n misstankar d\u00e5 han arbetade i Bilbao vid tidpunkten f\u00f6r h\u00e4ndelserna. N\u00e4r han fick besked om vad som h\u00e4nt fick han en chock.<\/p>\n<p>Det finns inga uppgifter p\u00e5 att det skulle ha varit problem inom familjen.<\/p>\n<p>Borgm\u00e4staren i Castro Urdiales, Susana Herr\u00e1n, s\u00e4ger att vi k\u00e4nner ingenting annat \u00e4n en stor sorg. Det \u00e4r beklagligt att s\u00e5dant h\u00e4r intr\u00e4ffar. Kommunen har utlyst tre dagars officiell sorg och st\u00e4llt in karnevalen.<\/p>\n","protected":false},"excerpt":{"rendered":"<p>Det \u00e4r mordet som skakar Spanien. Tv\u00e5 minder\u00e5riga barn, 15 och 13 \u00e5r gamla, som misst\u00e4nks ha m\u00f6rdat sin adoptivmamma. Orsaken ska vara att hon kritiserat barnen f\u00f6r d\u00e5liga betyg&#8230;<\/p>\n","protected":false},"author":7,"featured_media":69472,"comment_status":"closed","ping_status":"closed","sticky":false,"template":"","format":"standard","meta":{"_et_pb_use_builder":"","_et_pb_old_content":"","_et_gb_content_width":"","footnotes":""},"categories":[395,3],"tags":[],"class_list":["post-69471","post","type-post","status-publish","format-standard","has-post-thumbnail","hentry","category-arkiv-nyheter","category-nyheter"],"yoast_head":"<!-- This site is optimized with the Yoast SEO Premium plugin v26.2 (Yoast SEO v28.2) - https:\/\/yoast.com\/product\/yoast-seo-premium-wordpress\/ -->\n<title>Minder\u00e5riga d\u00f6dade adoptivmamma efter kritik f\u00f6r d\u00e5liga betyg - Svenska Magasinet<\/title>\n<meta name=\"description\" content=\"Det \u00e4r mordet som skakar Spanien. Tv\u00e5 minder\u00e5riga barn, 15 och 13 \u00e5r gamla, som misst\u00e4nks ha m\u00f6rdat sin adoptivmamma. Orsaken ska vara att hon kritiserat barnen f\u00f6r d\u00e5liga betyg.\" \/>\n<meta name=\"robots\" content=\"noindex, follow, max-snippet:-1, max-image-preview:large, max-video-preview:-1\" \/>\n<meta property=\"og:locale\" content=\"sv_SE\" \/>\n<meta property=\"og:type\" content=\"article\" \/>\n<meta property=\"og:title\" content=\"Minder\u00e5riga d\u00f6dade adoptivmamma efter kritik f\u00f6r d\u00e5liga betyg\" \/>\n<meta property=\"og:description\" content=\"Det \u00e4r mordet som skakar Spanien. Tv\u00e5 minder\u00e5riga barn, 15 och 13 \u00e5r gamla, som misst\u00e4nks ha m\u00f6rdat sin adoptivmamma. Orsaken ska vara att hon kritiserat barnen f\u00f6r d\u00e5liga betyg.\" \/>\n<meta property=\"og:url\" content=\"https:\/\/lightweb.dev\/l\/svm-temp\/nyheter\/minderariga-dodade-adoptivmamma-efter-kritik-for-daliga-betyg\/\" \/>\n<meta property=\"og:site_name\" content=\"Svenska Magasinet\" \/>\n<meta property=\"article:publisher\" content=\"https:\/\/www.facebook.com\/svenskamagasinet\" \/>\n<meta property=\"article:published_time\" content=\"2024-02-09T09:48:48+00:00\" \/>\n<meta property=\"article:modified_time\" content=\"2024-02-09T09:49:24+00:00\" \/>\n<meta property=\"og:image\" content=\"https:\/\/lightweb.dev\/l\/svm-temp\/wp-content\/uploads\/2024\/02\/831177134_239774049_1706x960.webp\" \/>\n\t<meta property=\"og:image:width\" content=\"1706\" \/>\n\t<meta property=\"og:image:height\" content=\"960\" \/>\n\t<meta property=\"og:image:type\" content=\"image\/webp\" \/>\n<meta name=\"author\" content=\"Ola Josefsson\" \/>\n<meta name=\"twitter:card\" content=\"summary_large_image\" \/>\n<meta name=\"twitter:creator\" content=\"@SvenskaMagasine\" \/>\n<meta name=\"twitter:site\" content=\"@SvenskaMagasine\" \/>\n<script type=\"application\/ld+json\" class=\"yoast-schema-graph\">{\"@context\":\"https:\\\/\\\/schema.org\",\"@graph\":[{\"@type\":\"Article\",\"@id\":\"https:\\\/\\\/lightweb.dev\\\/l\\\/svm-temp\\\/nyheter\\\/minderariga-dodade-adoptivmamma-efter-kritik-for-daliga-betyg\\\/#article\",\"isPartOf\":{\"@id\":\"https:\\\/\\\/lightweb.dev\\\/l\\\/svm-temp\\\/nyheter\\\/minderariga-dodade-adoptivmamma-efter-kritik-for-daliga-betyg\\\/\"},\"author\":{\"name\":\"Ola Josefsson\",\"@id\":\"https:\\\/\\\/lightweb.dev\\\/l\\\/svm-temp\\\/#\\\/schema\\\/person\\\/7a82b8a73d171d32360a564b6d03508e\"},\"headline\":\"Minder\u00e5riga d\u00f6dade adoptivmamma efter kritik f\u00f6r d\u00e5liga betyg\",\"datePublished\":\"2024-02-09T09:48:48+00:00\",\"dateModified\":\"2024-02-09T09:49:24+00:00\",\"mainEntityOfPage\":{\"@id\":\"https:\\\/\\\/lightweb.dev\\\/l\\\/svm-temp\\\/nyheter\\\/minderariga-dodade-adoptivmamma-efter-kritik-for-daliga-betyg\\\/\"},\"wordCount\":340,\"publisher\":{\"@id\":\"https:\\\/\\\/lightweb.dev\\\/l\\\/svm-temp\\\/#organization\"},\"image\":{\"@id\":\"https:\\\/\\\/lightweb.dev\\\/l\\\/svm-temp\\\/nyheter\\\/minderariga-dodade-adoptivmamma-efter-kritik-for-daliga-betyg\\\/#primaryimage\"},\"thumbnailUrl\":\"https:\\\/\\\/lightweb.dev\\\/l\\\/svm-temp\\\/wp-content\\\/uploads\\\/2024\\\/02\\\/831177134_239774049_1706x960.webp\",\"articleSection\":[\"Arkiv\",\"Nyheter\"],\"inLanguage\":\"sv-SE\"},{\"@type\":\"WebPage\",\"@id\":\"https:\\\/\\\/lightweb.dev\\\/l\\\/svm-temp\\\/nyheter\\\/minderariga-dodade-adoptivmamma-efter-kritik-for-daliga-betyg\\\/\",\"url\":\"https:\\\/\\\/lightweb.dev\\\/l\\\/svm-temp\\\/nyheter\\\/minderariga-dodade-adoptivmamma-efter-kritik-for-daliga-betyg\\\/\",\"name\":\"Minder\u00e5riga d\u00f6dade adoptivmamma efter kritik f\u00f6r d\u00e5liga betyg - Svenska Magasinet\",\"isPartOf\":{\"@id\":\"https:\\\/\\\/lightweb.dev\\\/l\\\/svm-temp\\\/#website\"},\"primaryImageOfPage\":{\"@id\":\"https:\\\/\\\/lightweb.dev\\\/l\\\/svm-temp\\\/nyheter\\\/minderariga-dodade-adoptivmamma-efter-kritik-for-daliga-betyg\\\/#primaryimage\"},\"image\":{\"@id\":\"https:\\\/\\\/lightweb.dev\\\/l\\\/svm-temp\\\/nyheter\\\/minderariga-dodade-adoptivmamma-efter-kritik-for-daliga-betyg\\\/#primaryimage\"},\"thumbnailUrl\":\"https:\\\/\\\/lightweb.dev\\\/l\\\/svm-temp\\\/wp-content\\\/uploads\\\/2024\\\/02\\\/831177134_239774049_1706x960.webp\",\"datePublished\":\"2024-02-09T09:48:48+00:00\",\"dateModified\":\"2024-02-09T09:49:24+00:00\",\"description\":\"Det \u00e4r mordet som skakar Spanien. Tv\u00e5 minder\u00e5riga barn, 15 och 13 \u00e5r gamla, som misst\u00e4nks ha m\u00f6rdat sin adoptivmamma. Orsaken ska vara att hon kritiserat barnen f\u00f6r d\u00e5liga betyg.\",\"breadcrumb\":{\"@id\":\"https:\\\/\\\/lightweb.dev\\\/l\\\/svm-temp\\\/nyheter\\\/minderariga-dodade-adoptivmamma-efter-kritik-for-daliga-betyg\\\/#breadcrumb\"},\"inLanguage\":\"sv-SE\",\"potentialAction\":[{\"@type\":\"ReadAction\",\"target\":[\"https:\\\/\\\/lightweb.dev\\\/l\\\/svm-temp\\\/nyheter\\\/minderariga-dodade-adoptivmamma-efter-kritik-for-daliga-betyg\\\/\"]}]},{\"@type\":\"ImageObject\",\"inLanguage\":\"sv-SE\",\"@id\":\"https:\\\/\\\/lightweb.dev\\\/l\\\/svm-temp\\\/nyheter\\\/minderariga-dodade-adoptivmamma-efter-kritik-for-daliga-betyg\\\/#primaryimage\",\"url\":\"https:\\\/\\\/lightweb.dev\\\/l\\\/svm-temp\\\/wp-content\\\/uploads\\\/2024\\\/02\\\/831177134_239774049_1706x960.webp\",\"contentUrl\":\"https:\\\/\\\/lightweb.dev\\\/l\\\/svm-temp\\\/wp-content\\\/uploads\\\/2024\\\/02\\\/831177134_239774049_1706x960.webp\",\"width\":1706,\"height\":960},{\"@type\":\"BreadcrumbList\",\"@id\":\"https:\\\/\\\/lightweb.dev\\\/l\\\/svm-temp\\\/nyheter\\\/minderariga-dodade-adoptivmamma-efter-kritik-for-daliga-betyg\\\/#breadcrumb\",\"itemListElement\":[{\"@type\":\"ListItem\",\"position\":1,\"name\":\"Hem\",\"item\":\"https:\\\/\\\/lightweb.dev\\\/l\\\/svm-temp\\\/\"},{\"@type\":\"ListItem\",\"position\":2,\"name\":\"Minder\u00e5riga d\u00f6dade adoptivmamma efter kritik f\u00f6r d\u00e5liga betyg\"}]},{\"@type\":\"WebSite\",\"@id\":\"https:\\\/\\\/lightweb.dev\\\/l\\\/svm-temp\\\/#website\",\"url\":\"https:\\\/\\\/lightweb.dev\\\/l\\\/svm-temp\\\/\",\"name\":\"Svenska Magasinet\",\"description\":\"Dina Spanska nyheter p&aring; Svenska\",\"publisher\":{\"@id\":\"https:\\\/\\\/lightweb.dev\\\/l\\\/svm-temp\\\/#organization\"},\"potentialAction\":[{\"@type\":\"SearchAction\",\"target\":{\"@type\":\"EntryPoint\",\"urlTemplate\":\"https:\\\/\\\/lightweb.dev\\\/l\\\/svm-temp\\\/?s={search_term_string}\"},\"query-input\":{\"@type\":\"PropertyValueSpecification\",\"valueRequired\":true,\"valueName\":\"search_term_string\"}}],\"inLanguage\":\"sv-SE\"},{\"@type\":\"Organization\",\"@id\":\"https:\\\/\\\/lightweb.dev\\\/l\\\/svm-temp\\\/#organization\",\"name\":\"Melkerson y Nott SL\",\"alternateName\":\"Svenska Magasinet\",\"url\":\"https:\\\/\\\/lightweb.dev\\\/l\\\/svm-temp\\\/\",\"logo\":{\"@type\":\"ImageObject\",\"inLanguage\":\"sv-SE\",\"@id\":\"https:\\\/\\\/lightweb.dev\\\/l\\\/svm-temp\\\/#\\\/schema\\\/logo\\\/image\\\/\",\"url\":\"https:\\\/\\\/lightweb.dev\\\/l\\\/svm-temp\\\/wp-content\\\/uploads\\\/2025\\\/02\\\/SvM-logo-Xtra-Centrerad-SVART.png\",\"contentUrl\":\"https:\\\/\\\/lightweb.dev\\\/l\\\/svm-temp\\\/wp-content\\\/uploads\\\/2025\\\/02\\\/SvM-logo-Xtra-Centrerad-SVART.png\",\"width\":300,\"height\":99,\"caption\":\"Melkerson y Nott SL\"},\"image\":{\"@id\":\"https:\\\/\\\/lightweb.dev\\\/l\\\/svm-temp\\\/#\\\/schema\\\/logo\\\/image\\\/\"},\"sameAs\":[\"https:\\\/\\\/www.facebook.com\\\/svenskamagasinet\",\"https:\\\/\\\/x.com\\\/SvenskaMagasine\"]},{\"@type\":\"Person\",\"@id\":\"https:\\\/\\\/lightweb.dev\\\/l\\\/svm-temp\\\/#\\\/schema\\\/person\\\/7a82b8a73d171d32360a564b6d03508e\",\"name\":\"Ola Josefsson\",\"description\":\"Bevakar Solkusten och Spanien sedan 1994.\",\"sameAs\":[\"https:\\\/\\\/lightweb.dev\\\/l\\\/svm-temp\"],\"url\":\"https:\\\/\\\/lightweb.dev\\\/l\\\/svm-temp\\\/reporter\\\/ola-josefsson\\\/\"}]}<\/script>\n<!-- \/ Yoast SEO Premium plugin. -->","yoast_head_json":{"title":"Minder\u00e5riga d\u00f6dade adoptivmamma efter kritik f\u00f6r d\u00e5liga betyg - Svenska Magasinet","description":"Det \u00e4r mordet som skakar Spanien. Tv\u00e5 minder\u00e5riga barn, 15 och 13 \u00e5r gamla, som misst\u00e4nks ha m\u00f6rdat sin adoptivmamma. Orsaken ska vara att hon kritiserat barnen f\u00f6r d\u00e5liga betyg.","robots":{"index":"noindex","follow":"follow","max-snippet":"max-snippet:-1","max-image-preview":"max-image-preview:large","max-video-preview":"max-video-preview:-1"},"og_locale":"sv_SE","og_type":"article","og_title":"Minder\u00e5riga d\u00f6dade adoptivmamma efter kritik f\u00f6r d\u00e5liga betyg","og_description":"Det \u00e4r mordet som skakar Spanien. Tv\u00e5 minder\u00e5riga barn, 15 och 13 \u00e5r gamla, som misst\u00e4nks ha m\u00f6rdat sin adoptivmamma. Orsaken ska vara att hon kritiserat barnen f\u00f6r d\u00e5liga betyg.","og_url":"https:\/\/lightweb.dev\/l\/svm-temp\/nyheter\/minderariga-dodade-adoptivmamma-efter-kritik-for-daliga-betyg\/","og_site_name":"Svenska Magasinet","article_publisher":"https:\/\/www.facebook.com\/svenskamagasinet","article_published_time":"2024-02-09T09:48:48+00:00","article_modified_time":"2024-02-09T09:49:24+00:00","og_image":[{"width":1706,"height":960,"url":"https:\/\/lightweb.dev\/l\/svm-temp\/wp-content\/uploads\/2024\/02\/831177134_239774049_1706x960.webp","type":"image\/webp"}],"author":"Ola Josefsson","twitter_card":"summary_large_image","twitter_creator":"@SvenskaMagasine","twitter_site":"@SvenskaMagasine","schema":{"@context":"https:\/\/schema.org","@graph":[{"@type":"Article","@id":"https:\/\/lightweb.dev\/l\/svm-temp\/nyheter\/minderariga-dodade-adoptivmamma-efter-kritik-for-daliga-betyg\/#article","isPartOf":{"@id":"https:\/\/lightweb.dev\/l\/svm-temp\/nyheter\/minderariga-dodade-adoptivmamma-efter-kritik-for-daliga-betyg\/"},"author":{"name":"Ola Josefsson","@id":"https:\/\/lightweb.dev\/l\/svm-temp\/#\/schema\/person\/7a82b8a73d171d32360a564b6d03508e"},"headline":"Minder\u00e5riga d\u00f6dade adoptivmamma efter kritik f\u00f6r d\u00e5liga betyg","datePublished":"2024-02-09T09:48:48+00:00","dateModified":"2024-02-09T09:49:24+00:00","mainEntityOfPage":{"@id":"https:\/\/lightweb.dev\/l\/svm-temp\/nyheter\/minderariga-dodade-adoptivmamma-efter-kritik-for-daliga-betyg\/"},"wordCount":340,"publisher":{"@id":"https:\/\/lightweb.dev\/l\/svm-temp\/#organization"},"image":{"@id":"https:\/\/lightweb.dev\/l\/svm-temp\/nyheter\/minderariga-dodade-adoptivmamma-efter-kritik-for-daliga-betyg\/#primaryimage"},"thumbnailUrl":"https:\/\/lightweb.dev\/l\/svm-temp\/wp-content\/uploads\/2024\/02\/831177134_239774049_1706x960.webp","articleSection":["Arkiv","Nyheter"],"inLanguage":"sv-SE"},{"@type":"WebPage","@id":"https:\/\/lightweb.dev\/l\/svm-temp\/nyheter\/minderariga-dodade-adoptivmamma-efter-kritik-for-daliga-betyg\/","url":"https:\/\/lightweb.dev\/l\/svm-temp\/nyheter\/minderariga-dodade-adoptivmamma-efter-kritik-for-daliga-betyg\/","name":"Minder\u00e5riga d\u00f6dade adoptivmamma efter kritik f\u00f6r d\u00e5liga betyg - Svenska Magasinet","isPartOf":{"@id":"https:\/\/lightweb.dev\/l\/svm-temp\/#website"},"primaryImageOfPage":{"@id":"https:\/\/lightweb.dev\/l\/svm-temp\/nyheter\/minderariga-dodade-adoptivmamma-efter-kritik-for-daliga-betyg\/#primaryimage"},"image":{"@id":"https:\/\/lightweb.dev\/l\/svm-temp\/nyheter\/minderariga-dodade-adoptivmamma-efter-kritik-for-daliga-betyg\/#primaryimage"},"thumbnailUrl":"https:\/\/lightweb.dev\/l\/svm-temp\/wp-content\/uploads\/2024\/02\/831177134_239774049_1706x960.webp","datePublished":"2024-02-09T09:48:48+00:00","dateModified":"2024-02-09T09:49:24+00:00","description":"Det \u00e4r mordet som skakar Spanien. Tv\u00e5 minder\u00e5riga barn, 15 och 13 \u00e5r gamla, som misst\u00e4nks ha m\u00f6rdat sin adoptivmamma. Orsaken ska vara att hon kritiserat barnen f\u00f6r d\u00e5liga betyg.","breadcrumb":{"@id":"https:\/\/lightweb.dev\/l\/svm-temp\/nyheter\/minderariga-dodade-adoptivmamma-efter-kritik-for-daliga-betyg\/#breadcrumb"},"inLanguage":"sv-SE","potentialAction":[{"@type":"ReadAction","target":["https:\/\/lightweb.dev\/l\/svm-temp\/nyheter\/minderariga-dodade-adoptivmamma-efter-kritik-for-daliga-betyg\/"]}]},{"@type":"ImageObject","inLanguage":"sv-SE","@id":"https:\/\/lightweb.dev\/l\/svm-temp\/nyheter\/minderariga-dodade-adoptivmamma-efter-kritik-for-daliga-betyg\/#primaryimage","url":"https:\/\/lightweb.dev\/l\/svm-temp\/wp-content\/uploads\/2024\/02\/831177134_239774049_1706x960.webp","contentUrl":"https:\/\/lightweb.dev\/l\/svm-temp\/wp-content\/uploads\/2024\/02\/831177134_239774049_1706x960.webp","width":1706,"height":960},{"@type":"BreadcrumbList","@id":"https:\/\/lightweb.dev\/l\/svm-temp\/nyheter\/minderariga-dodade-adoptivmamma-efter-kritik-for-daliga-betyg\/#breadcrumb","itemListElement":[{"@type":"ListItem","position":1,"name":"Hem","item":"https:\/\/lightweb.dev\/l\/svm-temp\/"},{"@type":"ListItem","position":2,"name":"Minder\u00e5riga d\u00f6dade adoptivmamma efter kritik f\u00f6r d\u00e5liga betyg"}]},{"@type":"WebSite","@id":"https:\/\/lightweb.dev\/l\/svm-temp\/#website","url":"https:\/\/lightweb.dev\/l\/svm-temp\/","name":"Svenska Magasinet","description":"Dina Spanska nyheter p&aring; Svenska","publisher":{"@id":"https:\/\/lightweb.dev\/l\/svm-temp\/#organization"},"potentialAction":[{"@type":"SearchAction","target":{"@type":"EntryPoint","urlTemplate":"https:\/\/lightweb.dev\/l\/svm-temp\/?s={search_term_string}"},"query-input":{"@type":"PropertyValueSpecification","valueRequired":true,"valueName":"search_term_string"}}],"inLanguage":"sv-SE"},{"@type":"Organization","@id":"https:\/\/lightweb.dev\/l\/svm-temp\/#organization","name":"Melkerson y Nott SL","alternateName":"Svenska Magasinet","url":"https:\/\/lightweb.dev\/l\/svm-temp\/","logo":{"@type":"ImageObject","inLanguage":"sv-SE","@id":"https:\/\/lightweb.dev\/l\/svm-temp\/#\/schema\/logo\/image\/","url":"https:\/\/lightweb.dev\/l\/svm-temp\/wp-content\/uploads\/2025\/02\/SvM-logo-Xtra-Centrerad-SVART.png","contentUrl":"https:\/\/lightweb.dev\/l\/svm-temp\/wp-content\/uploads\/2025\/02\/SvM-logo-Xtra-Centrerad-SVART.png","width":300,"height":99,"caption":"Melkerson y Nott SL"},"image":{"@id":"https:\/\/lightweb.dev\/l\/svm-temp\/#\/schema\/logo\/image\/"},"sameAs":["https:\/\/www.facebook.com\/svenskamagasinet","https:\/\/x.com\/SvenskaMagasine"]},{"@type":"Person","@id":"https:\/\/lightweb.dev\/l\/svm-temp\/#\/schema\/person\/7a82b8a73d171d32360a564b6d03508e","name":"Ola Josefsson","description":"Bevakar Solkusten och Spanien sedan 1994.","sameAs":["https:\/\/lightweb.dev\/l\/svm-temp"],"url":"https:\/\/lightweb.dev\/l\/svm-temp\/reporter\/ola-josefsson\/"}]}},"_links":{"self":[{"href":"https:\/\/lightweb.dev\/l\/svm-temp\/wp-json\/wp\/v2\/posts\/69471","targetHints":{"allow":["GET"]}}],"collection":[{"href":"https:\/\/lightweb.dev\/l\/svm-temp\/wp-json\/wp\/v2\/posts"}],"about":[{"href":"https:\/\/lightweb.dev\/l\/svm-temp\/wp-json\/wp\/v2\/types\/post"}],"author":[{"embeddable":true,"href":"https:\/\/lightweb.dev\/l\/svm-temp\/wp-json\/wp\/v2\/users\/7"}],"replies":[{"embeddable":true,"href":"https:\/\/lightweb.dev\/l\/svm-temp\/wp-json\/wp\/v2\/comments?post=69471"}],"version-history":[{"count":0,"href":"https:\/\/lightweb.dev\/l\/svm-temp\/wp-json\/wp\/v2\/posts\/69471\/revisions"}],"wp:featuredmedia":[{"embeddable":true,"href":"https:\/\/lightweb.dev\/l\/svm-temp\/wp-json\/wp\/v2\/media\/69472"}],"wp:attachment":[{"href":"https:\/\/lightweb.dev\/l\/svm-temp\/wp-json\/wp\/v2\/media?parent=69471"}],"wp:term":[{"taxonomy":"category","embeddable":true,"href":"https:\/\/lightweb.dev\/l\/svm-temp\/wp-json\/wp\/v2\/categories?post=69471"},{"taxonomy":"post_tag","embeddable":true,"href":"https:\/\/lightweb.dev\/l\/svm-temp\/wp-json\/wp\/v2\/tags?post=69471"}],"curies":[{"name":"wp","href":"https:\/\/api.w.org\/{rel}","templated":true}]}}