{"id":69694,"date":"2024-02-14T21:51:35","date_gmt":"2024-02-14T20:51:35","guid":{"rendered":"https:\/\/lightweb.dev\/l\/svm-temp\/?p=69694"},"modified":"2024-02-14T21:51:35","modified_gmt":"2024-02-14T20:51:35","slug":"fritidsbat-exploderade-i-puerto-marina-tva-personer-skadade","status":"publish","type":"post","link":"https:\/\/lightweb.dev\/l\/svm-temp\/nyheter\/fritidsbat-exploderade-i-puerto-marina-tva-personer-skadade\/","title":{"rendered":"Fritidsb\u00e5t exploderade i Puerto Marina \u2013 tv\u00e5 personer skadade"},"content":{"rendered":"<p><strong>P\u00e5 onsdagseftermiddagen b\u00f6rjade en mindre fritidsb\u00e5t brinna och orsakade en explosion i fritidshamnen Puerto Marina i Benalm\u00e1dena.<\/strong><\/p>\n<p><strong>Tv\u00e5 personer uppges ha f\u00e5tt skador varav den ena har \u00e5dragit sig 25-procentiga br\u00e4nnskador.<\/strong><\/p>\n<p>En av de skadade \u00e4r b\u00e5t\u00e4garens son och den andra \u00e4r en person som hj\u00e4lpte denne att st\u00e4da b\u00e5ten.<\/p>\n<p>Klockan 17.50 fick r\u00e4ddningstj\u00e4nsten 112 in samtal om att en fritidsb\u00e5t exploderat.<\/p>\n<p>Ambulanspersonal, lokalpolis, r\u00e4ddningstj\u00e4nsten, Guardia Civil och hamnpersonal kom till platsen men kunde bara konstatera att b\u00e5ten hade sjunkit.<\/p>\n<p>De tv\u00e5 skadades f\u00f6rdes till sjukhuset Hospital Regional de M\u00e1laga.<\/p>\n<p>Enligt de f\u00f6rsta uppgifterna tyder det p\u00e5 att det r\u00f6r sig om en gasexplosion.<\/p>\n<blockquote class=\"twitter-tweet\" data-media-max-width=\"560\">\n<p dir=\"ltr\" lang=\"es\">Gracias a los servicios de emergencia municipales, polic\u00eda local, bomberos, guardia civil mar\u00edtima y servicios sanitarios, marineros y equipo de mantenimiento del puerto han intervenido de manera extraordinaria y en 20 minutos se ha desplegado el dispositivo de seguridad. <a href=\"https:\/\/t.co\/C9H8CEG3d8\">pic.twitter.com\/C9H8CEG3d8<\/a><\/p>\n<p>\u2014 Puerto Deportivo de Benalm\u00e1dena (@pdbenalmadena) <a href=\"https:\/\/twitter.com\/pdbenalmadena\/status\/1757836041422016893?ref_src=twsrc%5Etfw\">February 14, 2024<\/a><\/p><\/blockquote>\n<p><script async src=\"https:\/\/platform.twitter.com\/widgets.js\" charset=\"utf-8\"><\/script><\/p>\n","protected":false},"excerpt":{"rendered":"<p>P\u00e5 onsdagseftermiddagen b\u00f6rjade en mindre fritidsb\u00e5t brinna och orsakade en explosion i fritidshamnen Puerto Marina i Benalm\u00e1dena. Tv\u00e5 personer uppges ha f\u00e5tt skador varav&#8230;<\/p>\n","protected":false},"author":7,"featured_media":69695,"comment_status":"closed","ping_status":"closed","sticky":false,"template":"","format":"standard","meta":{"_et_pb_use_builder":"","_et_pb_old_content":"","_et_gb_content_width":"","footnotes":""},"categories":[395,3],"tags":[],"class_list":["post-69694","post","type-post","status-publish","format-standard","has-post-thumbnail","hentry","category-arkiv-nyheter","category-nyheter"],"yoast_head":"<!-- This site is optimized with the Yoast SEO Premium plugin v26.2 (Yoast SEO v27.4) - https:\/\/yoast.com\/product\/yoast-seo-premium-wordpress\/ -->\n<title>Fritidsb\u00e5t exploderade i Puerto Marina \u2013 tv\u00e5 personer skadade - Svenska Magasinet<\/title>\n<meta name=\"description\" content=\"P\u00e5 onsdagseftermiddagen b\u00f6rjade en mindre fritidsb\u00e5t brinna och orsakade en explosion i fritidshamnen Puerto Marina i Benalm\u00e1dena. Tv\u00e5 personer uppges ha f\u00e5tt skador varav den ena har \u00e5dragit sig 25-procentiga br\u00e4nnskador.\" \/>\n<meta name=\"robots\" content=\"noindex, follow, max-snippet:-1, max-image-preview:large, max-video-preview:-1\" \/>\n<meta property=\"og:locale\" content=\"sv_SE\" \/>\n<meta property=\"og:type\" content=\"article\" \/>\n<meta property=\"og:title\" content=\"Fritidsb\u00e5t exploderade i Puerto Marina \u2013 tv\u00e5 personer skadade\" \/>\n<meta property=\"og:description\" content=\"P\u00e5 onsdagseftermiddagen b\u00f6rjade en mindre fritidsb\u00e5t brinna och orsakade en explosion i fritidshamnen Puerto Marina i Benalm\u00e1dena. Tv\u00e5 personer uppges ha f\u00e5tt skador varav den ena har \u00e5dragit sig 25-procentiga br\u00e4nnskador.\" \/>\n<meta property=\"og:url\" content=\"https:\/\/lightweb.dev\/l\/svm-temp\/nyheter\/fritidsbat-exploderade-i-puerto-marina-tva-personer-skadade\/\" \/>\n<meta property=\"og:site_name\" content=\"Svenska Magasinet\" \/>\n<meta property=\"article:publisher\" content=\"https:\/\/www.facebook.com\/svenskamagasinet\" \/>\n<meta property=\"article:published_time\" content=\"2024-02-14T20:51:35+00:00\" \/>\n<meta property=\"og:image\" content=\"https:\/\/lightweb.dev\/l\/svm-temp\/wp-content\/uploads\/2024\/02\/GGUWjzZXoAAOug5-stor-2.jpeg\" \/>\n\t<meta property=\"og:image:width\" content=\"1280\" \/>\n\t<meta property=\"og:image:height\" content=\"960\" \/>\n\t<meta property=\"og:image:type\" content=\"image\/jpeg\" \/>\n<meta name=\"author\" content=\"Ola Josefsson\" \/>\n<meta name=\"twitter:card\" content=\"summary_large_image\" \/>\n<meta name=\"twitter:creator\" content=\"@SvenskaMagasine\" \/>\n<meta name=\"twitter:site\" content=\"@SvenskaMagasine\" \/>\n<script type=\"application\/ld+json\" class=\"yoast-schema-graph\">{\"@context\":\"https:\\\/\\\/schema.org\",\"@graph\":[{\"@type\":\"Article\",\"@id\":\"https:\\\/\\\/lightweb.dev\\\/l\\\/svm-temp\\\/nyheter\\\/fritidsbat-exploderade-i-puerto-marina-tva-personer-skadade\\\/#article\",\"isPartOf\":{\"@id\":\"https:\\\/\\\/lightweb.dev\\\/l\\\/svm-temp\\\/nyheter\\\/fritidsbat-exploderade-i-puerto-marina-tva-personer-skadade\\\/\"},\"author\":{\"name\":\"Ola Josefsson\",\"@id\":\"https:\\\/\\\/lightweb.dev\\\/l\\\/svm-temp\\\/#\\\/schema\\\/person\\\/7a82b8a73d171d32360a564b6d03508e\"},\"headline\":\"Fritidsb\u00e5t exploderade i Puerto Marina \u2013 tv\u00e5 personer skadade\",\"datePublished\":\"2024-02-14T20:51:35+00:00\",\"mainEntityOfPage\":{\"@id\":\"https:\\\/\\\/lightweb.dev\\\/l\\\/svm-temp\\\/nyheter\\\/fritidsbat-exploderade-i-puerto-marina-tva-personer-skadade\\\/\"},\"wordCount\":185,\"publisher\":{\"@id\":\"https:\\\/\\\/lightweb.dev\\\/l\\\/svm-temp\\\/#organization\"},\"image\":{\"@id\":\"https:\\\/\\\/lightweb.dev\\\/l\\\/svm-temp\\\/nyheter\\\/fritidsbat-exploderade-i-puerto-marina-tva-personer-skadade\\\/#primaryimage\"},\"thumbnailUrl\":\"https:\\\/\\\/lightweb.dev\\\/l\\\/svm-temp\\\/wp-content\\\/uploads\\\/2024\\\/02\\\/GGUWjzZXoAAOug5-stor-2.jpeg\",\"articleSection\":[\"Arkiv\",\"Nyheter\"],\"inLanguage\":\"sv-SE\"},{\"@type\":\"WebPage\",\"@id\":\"https:\\\/\\\/lightweb.dev\\\/l\\\/svm-temp\\\/nyheter\\\/fritidsbat-exploderade-i-puerto-marina-tva-personer-skadade\\\/\",\"url\":\"https:\\\/\\\/lightweb.dev\\\/l\\\/svm-temp\\\/nyheter\\\/fritidsbat-exploderade-i-puerto-marina-tva-personer-skadade\\\/\",\"name\":\"Fritidsb\u00e5t exploderade i Puerto Marina \u2013 tv\u00e5 personer skadade - Svenska Magasinet\",\"isPartOf\":{\"@id\":\"https:\\\/\\\/lightweb.dev\\\/l\\\/svm-temp\\\/#website\"},\"primaryImageOfPage\":{\"@id\":\"https:\\\/\\\/lightweb.dev\\\/l\\\/svm-temp\\\/nyheter\\\/fritidsbat-exploderade-i-puerto-marina-tva-personer-skadade\\\/#primaryimage\"},\"image\":{\"@id\":\"https:\\\/\\\/lightweb.dev\\\/l\\\/svm-temp\\\/nyheter\\\/fritidsbat-exploderade-i-puerto-marina-tva-personer-skadade\\\/#primaryimage\"},\"thumbnailUrl\":\"https:\\\/\\\/lightweb.dev\\\/l\\\/svm-temp\\\/wp-content\\\/uploads\\\/2024\\\/02\\\/GGUWjzZXoAAOug5-stor-2.jpeg\",\"datePublished\":\"2024-02-14T20:51:35+00:00\",\"description\":\"P\u00e5 onsdagseftermiddagen b\u00f6rjade en mindre fritidsb\u00e5t brinna och orsakade en explosion i fritidshamnen Puerto Marina i Benalm\u00e1dena. Tv\u00e5 personer uppges ha f\u00e5tt skador varav den ena har \u00e5dragit sig 25-procentiga br\u00e4nnskador.\",\"breadcrumb\":{\"@id\":\"https:\\\/\\\/lightweb.dev\\\/l\\\/svm-temp\\\/nyheter\\\/fritidsbat-exploderade-i-puerto-marina-tva-personer-skadade\\\/#breadcrumb\"},\"inLanguage\":\"sv-SE\",\"potentialAction\":[{\"@type\":\"ReadAction\",\"target\":[\"https:\\\/\\\/lightweb.dev\\\/l\\\/svm-temp\\\/nyheter\\\/fritidsbat-exploderade-i-puerto-marina-tva-personer-skadade\\\/\"]}]},{\"@type\":\"ImageObject\",\"inLanguage\":\"sv-SE\",\"@id\":\"https:\\\/\\\/lightweb.dev\\\/l\\\/svm-temp\\\/nyheter\\\/fritidsbat-exploderade-i-puerto-marina-tva-personer-skadade\\\/#primaryimage\",\"url\":\"https:\\\/\\\/lightweb.dev\\\/l\\\/svm-temp\\\/wp-content\\\/uploads\\\/2024\\\/02\\\/GGUWjzZXoAAOug5-stor-2.jpeg\",\"contentUrl\":\"https:\\\/\\\/lightweb.dev\\\/l\\\/svm-temp\\\/wp-content\\\/uploads\\\/2024\\\/02\\\/GGUWjzZXoAAOug5-stor-2.jpeg\",\"width\":1280,\"height\":960},{\"@type\":\"BreadcrumbList\",\"@id\":\"https:\\\/\\\/lightweb.dev\\\/l\\\/svm-temp\\\/nyheter\\\/fritidsbat-exploderade-i-puerto-marina-tva-personer-skadade\\\/#breadcrumb\",\"itemListElement\":[{\"@type\":\"ListItem\",\"position\":1,\"name\":\"Hem\",\"item\":\"https:\\\/\\\/lightweb.dev\\\/l\\\/svm-temp\\\/\"},{\"@type\":\"ListItem\",\"position\":2,\"name\":\"Fritidsb\u00e5t exploderade i Puerto Marina \u2013 tv\u00e5 personer skadade\"}]},{\"@type\":\"WebSite\",\"@id\":\"https:\\\/\\\/lightweb.dev\\\/l\\\/svm-temp\\\/#website\",\"url\":\"https:\\\/\\\/lightweb.dev\\\/l\\\/svm-temp\\\/\",\"name\":\"Svenska Magasinet\",\"description\":\"Dina Spanska nyheter p&aring; Svenska\",\"publisher\":{\"@id\":\"https:\\\/\\\/lightweb.dev\\\/l\\\/svm-temp\\\/#organization\"},\"potentialAction\":[{\"@type\":\"SearchAction\",\"target\":{\"@type\":\"EntryPoint\",\"urlTemplate\":\"https:\\\/\\\/lightweb.dev\\\/l\\\/svm-temp\\\/?s={search_term_string}\"},\"query-input\":{\"@type\":\"PropertyValueSpecification\",\"valueRequired\":true,\"valueName\":\"search_term_string\"}}],\"inLanguage\":\"sv-SE\"},{\"@type\":\"Organization\",\"@id\":\"https:\\\/\\\/lightweb.dev\\\/l\\\/svm-temp\\\/#organization\",\"name\":\"Melkerson y Nott SL\",\"alternateName\":\"Svenska Magasinet\",\"url\":\"https:\\\/\\\/lightweb.dev\\\/l\\\/svm-temp\\\/\",\"logo\":{\"@type\":\"ImageObject\",\"inLanguage\":\"sv-SE\",\"@id\":\"https:\\\/\\\/lightweb.dev\\\/l\\\/svm-temp\\\/#\\\/schema\\\/logo\\\/image\\\/\",\"url\":\"https:\\\/\\\/lightweb.dev\\\/l\\\/svm-temp\\\/wp-content\\\/uploads\\\/2025\\\/02\\\/SvM-logo-Xtra-Centrerad-SVART.png\",\"contentUrl\":\"https:\\\/\\\/lightweb.dev\\\/l\\\/svm-temp\\\/wp-content\\\/uploads\\\/2025\\\/02\\\/SvM-logo-Xtra-Centrerad-SVART.png\",\"width\":300,\"height\":99,\"caption\":\"Melkerson y Nott SL\"},\"image\":{\"@id\":\"https:\\\/\\\/lightweb.dev\\\/l\\\/svm-temp\\\/#\\\/schema\\\/logo\\\/image\\\/\"},\"sameAs\":[\"https:\\\/\\\/www.facebook.com\\\/svenskamagasinet\",\"https:\\\/\\\/x.com\\\/SvenskaMagasine\"]},{\"@type\":\"Person\",\"@id\":\"https:\\\/\\\/lightweb.dev\\\/l\\\/svm-temp\\\/#\\\/schema\\\/person\\\/7a82b8a73d171d32360a564b6d03508e\",\"name\":\"Ola Josefsson\",\"description\":\"Bevakar Solkusten och Spanien sedan 1994.\",\"sameAs\":[\"https:\\\/\\\/lightweb.dev\\\/l\\\/svm-temp\"],\"url\":\"https:\\\/\\\/lightweb.dev\\\/l\\\/svm-temp\\\/reporter\\\/ola-josefsson\\\/\"}]}<\/script>\n<!-- \/ Yoast SEO Premium plugin. -->","yoast_head_json":{"title":"Fritidsb\u00e5t exploderade i Puerto Marina \u2013 tv\u00e5 personer skadade - Svenska Magasinet","description":"P\u00e5 onsdagseftermiddagen b\u00f6rjade en mindre fritidsb\u00e5t brinna och orsakade en explosion i fritidshamnen Puerto Marina i Benalm\u00e1dena. Tv\u00e5 personer uppges ha f\u00e5tt skador varav den ena har \u00e5dragit sig 25-procentiga br\u00e4nnskador.","robots":{"index":"noindex","follow":"follow","max-snippet":"max-snippet:-1","max-image-preview":"max-image-preview:large","max-video-preview":"max-video-preview:-1"},"og_locale":"sv_SE","og_type":"article","og_title":"Fritidsb\u00e5t exploderade i Puerto Marina \u2013 tv\u00e5 personer skadade","og_description":"P\u00e5 onsdagseftermiddagen b\u00f6rjade en mindre fritidsb\u00e5t brinna och orsakade en explosion i fritidshamnen Puerto Marina i Benalm\u00e1dena. Tv\u00e5 personer uppges ha f\u00e5tt skador varav den ena har \u00e5dragit sig 25-procentiga br\u00e4nnskador.","og_url":"https:\/\/lightweb.dev\/l\/svm-temp\/nyheter\/fritidsbat-exploderade-i-puerto-marina-tva-personer-skadade\/","og_site_name":"Svenska Magasinet","article_publisher":"https:\/\/www.facebook.com\/svenskamagasinet","article_published_time":"2024-02-14T20:51:35+00:00","og_image":[{"width":1280,"height":960,"url":"https:\/\/lightweb.dev\/l\/svm-temp\/wp-content\/uploads\/2024\/02\/GGUWjzZXoAAOug5-stor-2.jpeg","type":"image\/jpeg"}],"author":"Ola Josefsson","twitter_card":"summary_large_image","twitter_creator":"@SvenskaMagasine","twitter_site":"@SvenskaMagasine","schema":{"@context":"https:\/\/schema.org","@graph":[{"@type":"Article","@id":"https:\/\/lightweb.dev\/l\/svm-temp\/nyheter\/fritidsbat-exploderade-i-puerto-marina-tva-personer-skadade\/#article","isPartOf":{"@id":"https:\/\/lightweb.dev\/l\/svm-temp\/nyheter\/fritidsbat-exploderade-i-puerto-marina-tva-personer-skadade\/"},"author":{"name":"Ola Josefsson","@id":"https:\/\/lightweb.dev\/l\/svm-temp\/#\/schema\/person\/7a82b8a73d171d32360a564b6d03508e"},"headline":"Fritidsb\u00e5t exploderade i Puerto Marina \u2013 tv\u00e5 personer skadade","datePublished":"2024-02-14T20:51:35+00:00","mainEntityOfPage":{"@id":"https:\/\/lightweb.dev\/l\/svm-temp\/nyheter\/fritidsbat-exploderade-i-puerto-marina-tva-personer-skadade\/"},"wordCount":185,"publisher":{"@id":"https:\/\/lightweb.dev\/l\/svm-temp\/#organization"},"image":{"@id":"https:\/\/lightweb.dev\/l\/svm-temp\/nyheter\/fritidsbat-exploderade-i-puerto-marina-tva-personer-skadade\/#primaryimage"},"thumbnailUrl":"https:\/\/lightweb.dev\/l\/svm-temp\/wp-content\/uploads\/2024\/02\/GGUWjzZXoAAOug5-stor-2.jpeg","articleSection":["Arkiv","Nyheter"],"inLanguage":"sv-SE"},{"@type":"WebPage","@id":"https:\/\/lightweb.dev\/l\/svm-temp\/nyheter\/fritidsbat-exploderade-i-puerto-marina-tva-personer-skadade\/","url":"https:\/\/lightweb.dev\/l\/svm-temp\/nyheter\/fritidsbat-exploderade-i-puerto-marina-tva-personer-skadade\/","name":"Fritidsb\u00e5t exploderade i Puerto Marina \u2013 tv\u00e5 personer skadade - Svenska Magasinet","isPartOf":{"@id":"https:\/\/lightweb.dev\/l\/svm-temp\/#website"},"primaryImageOfPage":{"@id":"https:\/\/lightweb.dev\/l\/svm-temp\/nyheter\/fritidsbat-exploderade-i-puerto-marina-tva-personer-skadade\/#primaryimage"},"image":{"@id":"https:\/\/lightweb.dev\/l\/svm-temp\/nyheter\/fritidsbat-exploderade-i-puerto-marina-tva-personer-skadade\/#primaryimage"},"thumbnailUrl":"https:\/\/lightweb.dev\/l\/svm-temp\/wp-content\/uploads\/2024\/02\/GGUWjzZXoAAOug5-stor-2.jpeg","datePublished":"2024-02-14T20:51:35+00:00","description":"P\u00e5 onsdagseftermiddagen b\u00f6rjade en mindre fritidsb\u00e5t brinna och orsakade en explosion i fritidshamnen Puerto Marina i Benalm\u00e1dena. Tv\u00e5 personer uppges ha f\u00e5tt skador varav den ena har \u00e5dragit sig 25-procentiga br\u00e4nnskador.","breadcrumb":{"@id":"https:\/\/lightweb.dev\/l\/svm-temp\/nyheter\/fritidsbat-exploderade-i-puerto-marina-tva-personer-skadade\/#breadcrumb"},"inLanguage":"sv-SE","potentialAction":[{"@type":"ReadAction","target":["https:\/\/lightweb.dev\/l\/svm-temp\/nyheter\/fritidsbat-exploderade-i-puerto-marina-tva-personer-skadade\/"]}]},{"@type":"ImageObject","inLanguage":"sv-SE","@id":"https:\/\/lightweb.dev\/l\/svm-temp\/nyheter\/fritidsbat-exploderade-i-puerto-marina-tva-personer-skadade\/#primaryimage","url":"https:\/\/lightweb.dev\/l\/svm-temp\/wp-content\/uploads\/2024\/02\/GGUWjzZXoAAOug5-stor-2.jpeg","contentUrl":"https:\/\/lightweb.dev\/l\/svm-temp\/wp-content\/uploads\/2024\/02\/GGUWjzZXoAAOug5-stor-2.jpeg","width":1280,"height":960},{"@type":"BreadcrumbList","@id":"https:\/\/lightweb.dev\/l\/svm-temp\/nyheter\/fritidsbat-exploderade-i-puerto-marina-tva-personer-skadade\/#breadcrumb","itemListElement":[{"@type":"ListItem","position":1,"name":"Hem","item":"https:\/\/lightweb.dev\/l\/svm-temp\/"},{"@type":"ListItem","position":2,"name":"Fritidsb\u00e5t exploderade i Puerto Marina \u2013 tv\u00e5 personer skadade"}]},{"@type":"WebSite","@id":"https:\/\/lightweb.dev\/l\/svm-temp\/#website","url":"https:\/\/lightweb.dev\/l\/svm-temp\/","name":"Svenska Magasinet","description":"Dina Spanska nyheter p&aring; Svenska","publisher":{"@id":"https:\/\/lightweb.dev\/l\/svm-temp\/#organization"},"potentialAction":[{"@type":"SearchAction","target":{"@type":"EntryPoint","urlTemplate":"https:\/\/lightweb.dev\/l\/svm-temp\/?s={search_term_string}"},"query-input":{"@type":"PropertyValueSpecification","valueRequired":true,"valueName":"search_term_string"}}],"inLanguage":"sv-SE"},{"@type":"Organization","@id":"https:\/\/lightweb.dev\/l\/svm-temp\/#organization","name":"Melkerson y Nott SL","alternateName":"Svenska Magasinet","url":"https:\/\/lightweb.dev\/l\/svm-temp\/","logo":{"@type":"ImageObject","inLanguage":"sv-SE","@id":"https:\/\/lightweb.dev\/l\/svm-temp\/#\/schema\/logo\/image\/","url":"https:\/\/lightweb.dev\/l\/svm-temp\/wp-content\/uploads\/2025\/02\/SvM-logo-Xtra-Centrerad-SVART.png","contentUrl":"https:\/\/lightweb.dev\/l\/svm-temp\/wp-content\/uploads\/2025\/02\/SvM-logo-Xtra-Centrerad-SVART.png","width":300,"height":99,"caption":"Melkerson y Nott SL"},"image":{"@id":"https:\/\/lightweb.dev\/l\/svm-temp\/#\/schema\/logo\/image\/"},"sameAs":["https:\/\/www.facebook.com\/svenskamagasinet","https:\/\/x.com\/SvenskaMagasine"]},{"@type":"Person","@id":"https:\/\/lightweb.dev\/l\/svm-temp\/#\/schema\/person\/7a82b8a73d171d32360a564b6d03508e","name":"Ola Josefsson","description":"Bevakar Solkusten och Spanien sedan 1994.","sameAs":["https:\/\/lightweb.dev\/l\/svm-temp"],"url":"https:\/\/lightweb.dev\/l\/svm-temp\/reporter\/ola-josefsson\/"}]}},"_links":{"self":[{"href":"https:\/\/lightweb.dev\/l\/svm-temp\/wp-json\/wp\/v2\/posts\/69694","targetHints":{"allow":["GET"]}}],"collection":[{"href":"https:\/\/lightweb.dev\/l\/svm-temp\/wp-json\/wp\/v2\/posts"}],"about":[{"href":"https:\/\/lightweb.dev\/l\/svm-temp\/wp-json\/wp\/v2\/types\/post"}],"author":[{"embeddable":true,"href":"https:\/\/lightweb.dev\/l\/svm-temp\/wp-json\/wp\/v2\/users\/7"}],"replies":[{"embeddable":true,"href":"https:\/\/lightweb.dev\/l\/svm-temp\/wp-json\/wp\/v2\/comments?post=69694"}],"version-history":[{"count":0,"href":"https:\/\/lightweb.dev\/l\/svm-temp\/wp-json\/wp\/v2\/posts\/69694\/revisions"}],"wp:featuredmedia":[{"embeddable":true,"href":"https:\/\/lightweb.dev\/l\/svm-temp\/wp-json\/wp\/v2\/media\/69695"}],"wp:attachment":[{"href":"https:\/\/lightweb.dev\/l\/svm-temp\/wp-json\/wp\/v2\/media?parent=69694"}],"wp:term":[{"taxonomy":"category","embeddable":true,"href":"https:\/\/lightweb.dev\/l\/svm-temp\/wp-json\/wp\/v2\/categories?post=69694"},{"taxonomy":"post_tag","embeddable":true,"href":"https:\/\/lightweb.dev\/l\/svm-temp\/wp-json\/wp\/v2\/tags?post=69694"}],"curies":[{"name":"wp","href":"https:\/\/api.w.org\/{rel}","templated":true}]}}