{"id":69720,"date":"2024-02-15T16:19:44","date_gmt":"2024-02-15T15:19:44","guid":{"rendered":"https:\/\/lightweb.dev\/l\/svm-temp\/?p=69720"},"modified":"2024-02-15T16:23:20","modified_gmt":"2024-02-15T15:23:20","slug":"farre-dodsfall-pa-arbetsplatser","status":"publish","type":"post","link":"https:\/\/lightweb.dev\/l\/svm-temp\/nyheter\/farre-dodsfall-pa-arbetsplatser\/","title":{"rendered":"F\u00e4rre d\u00f6dsfall p\u00e5 arbetsplatser"},"content":{"rendered":"<p><strong>Antalet arbetsplatsolyckor med d\u00f6dlig utg\u00e5ng minskade 2023 med 12,7 procent.<\/strong><\/p>\n<p><strong>\u00c4ven de som ledde till sjukskrivning sj\u00f6nk med 1,1 procent.\u00a0<\/strong><\/p>\n<p><span style=\"font-weight: 400;\">F\u00e4rre personer dog i samband med arbetsplatsolyckor f\u00f6rra \u00e5ret. Under 2023 s\u00e5g vi 105 f\u00e4rre olyckor med d\u00f6dlig utg\u00e5ng, en minskning med 12,7 procent. Men den tragiska siffran stannade fortfarande p\u00e5 h\u00f6ga 721. Detta enligt uppgifter som publicerades i tisdags av arbetsdepartementet.\u00a0<\/span><\/p>\n<p><span style=\"font-weight: 400;\">En av tre d\u00f6dsolyckor var till f\u00f6ljd av en hj\u00e4rtinfarkt eller stroke, n\u00e5got som ibland orsakas av stress och sp\u00e4nningar som arbetare uts\u00e4tts f\u00f6r. 91 personer dog till f\u00f6ljd av en trafikolycka och lika m\u00e5nga efter att ha fallit till marken.\u00a0<\/span><\/p>\n<p><span style=\"font-weight: 400;\">Antalet d\u00f6dsfall minskade i alla sektorer under 2023 j\u00e4mf\u00f6rt med 2022. Den st\u00f6rsta minskningen skedde p\u00e5 landsbygden, f\u00f6ljt av industri och bygg. Det st\u00f6rsta antalet d\u00f6dsfall intr\u00e4ffade inom tj\u00e4nstesektorn, som ocks\u00e5 \u00e4r den \u00f6verl\u00e4gset st\u00f6rsta i landet.\u00a0<\/span><\/p>\n<h2><span style=\"font-weight: 400;\">F\u00e4rre sjukskrivningar<\/span><\/h2>\n<p><span style=\"font-weight: 400;\">Antalet olyckor som ledde till sjukskrivningar minskade ocks\u00e5 men betydligt mindre. Den siffran sj\u00f6nk med 1,1 procent. Totalt intr\u00e4ffade 624 911 s\u00e5dana olyckor. Av dem var 539 584 p\u00e5 sj\u00e4lva arbetsplatsen och 85 327 p\u00e5 v\u00e4g till eller fr\u00e5n jobbet.\u00a0<\/span><\/p>\n<p><span style=\"font-weight: 400;\">Spaniens fackf\u00f6reningar har ber\u00f6mt f\u00f6rb\u00e4ttringen men p\u00e5minner om att siffran kan komma att \u00f6ka d\u00e5 definitionen av en d\u00f6dsolycka inkluderar fall d\u00e4r personen avlider upp till 12 m\u00e5nader efter att olyckan intr\u00e4ffar.\u00a0<\/span><\/p>\n<p><span style=\"font-weight: 400;\">Regeringen meddelade i samband med att siffrorna redovisades att de just nu f\u00f6rhandlar om att uppdatera lagen om f\u00f6rebyggande av arbetsrisk. <\/span><\/p>\n","protected":false},"excerpt":{"rendered":"<p>Antalet arbetsplatsolyckor med d\u00f6dlig utg\u00e5ng minskade 2023 med 12,7 procent. \u00c4ven de som ledde till sjukskrivning sj\u00f6nk med 1,1 procent.\u00a0<\/p>\n","protected":false},"author":14,"featured_media":45484,"comment_status":"closed","ping_status":"closed","sticky":false,"template":"","format":"standard","meta":{"_et_pb_use_builder":"","_et_pb_old_content":"","_et_gb_content_width":"","footnotes":""},"categories":[395,3],"tags":[],"class_list":["post-69720","post","type-post","status-publish","format-standard","has-post-thumbnail","hentry","category-arkiv-nyheter","category-nyheter"],"yoast_head":"<!-- This site is optimized with the Yoast SEO Premium plugin v26.2 (Yoast SEO v27.4) - https:\/\/yoast.com\/product\/yoast-seo-premium-wordpress\/ -->\n<title>F\u00e4rre d\u00f6dsfall p\u00e5 arbetsplatser - Svenska Magasinet<\/title>\n<meta name=\"robots\" content=\"noindex, follow, max-snippet:-1, max-image-preview:large, max-video-preview:-1\" \/>\n<meta property=\"og:locale\" content=\"sv_SE\" \/>\n<meta property=\"og:type\" content=\"article\" \/>\n<meta property=\"og:title\" content=\"F\u00e4rre d\u00f6dsfall p\u00e5 arbetsplatser\" \/>\n<meta property=\"og:description\" content=\"Antalet arbetsplatsolyckor med d\u00f6dlig utg\u00e5ng minskade 2023 med 12,7 procent. \u00c4ven de som ledde till sjukskrivning sj\u00f6nk med 1,1 procent.\u00a0\" \/>\n<meta property=\"og:url\" content=\"https:\/\/lightweb.dev\/l\/svm-temp\/nyheter\/farre-dodsfall-pa-arbetsplatser\/\" \/>\n<meta property=\"og:site_name\" content=\"Svenska Magasinet\" \/>\n<meta property=\"article:publisher\" content=\"https:\/\/www.facebook.com\/svenskamagasinet\" \/>\n<meta property=\"article:published_time\" content=\"2024-02-15T15:19:44+00:00\" \/>\n<meta property=\"article:modified_time\" content=\"2024-02-15T15:23:20+00:00\" \/>\n<meta property=\"og:image\" content=\"https:\/\/lightweb.dev\/l\/svm-temp\/wp-content\/uploads\/2022\/06\/tva-omkom-vid-arbetsplatsolyckor-utan-arbetskontrakt.png\" \/>\n\t<meta property=\"og:image:width\" content=\"280\" \/>\n\t<meta property=\"og:image:height\" content=\"210\" \/>\n\t<meta property=\"og:image:type\" content=\"image\/png\" \/>\n<meta name=\"author\" content=\"Robbie Eriksson\" \/>\n<meta name=\"twitter:card\" content=\"summary_large_image\" \/>\n<meta name=\"twitter:creator\" content=\"@SvenskaMagasine\" \/>\n<meta name=\"twitter:site\" content=\"@SvenskaMagasine\" \/>\n<script type=\"application\/ld+json\" class=\"yoast-schema-graph\">{\"@context\":\"https:\\\/\\\/schema.org\",\"@graph\":[{\"@type\":\"Article\",\"@id\":\"https:\\\/\\\/lightweb.dev\\\/l\\\/svm-temp\\\/nyheter\\\/farre-dodsfall-pa-arbetsplatser\\\/#article\",\"isPartOf\":{\"@id\":\"https:\\\/\\\/lightweb.dev\\\/l\\\/svm-temp\\\/nyheter\\\/farre-dodsfall-pa-arbetsplatser\\\/\"},\"author\":{\"name\":\"Robbie Eriksson\",\"@id\":\"https:\\\/\\\/lightweb.dev\\\/l\\\/svm-temp\\\/#\\\/schema\\\/person\\\/caffe038990d25722f5a04a03c906a2b\"},\"headline\":\"F\u00e4rre d\u00f6dsfall p\u00e5 arbetsplatser\",\"datePublished\":\"2024-02-15T15:19:44+00:00\",\"dateModified\":\"2024-02-15T15:23:20+00:00\",\"mainEntityOfPage\":{\"@id\":\"https:\\\/\\\/lightweb.dev\\\/l\\\/svm-temp\\\/nyheter\\\/farre-dodsfall-pa-arbetsplatser\\\/\"},\"wordCount\":271,\"publisher\":{\"@id\":\"https:\\\/\\\/lightweb.dev\\\/l\\\/svm-temp\\\/#organization\"},\"image\":{\"@id\":\"https:\\\/\\\/lightweb.dev\\\/l\\\/svm-temp\\\/nyheter\\\/farre-dodsfall-pa-arbetsplatser\\\/#primaryimage\"},\"thumbnailUrl\":\"https:\\\/\\\/lightweb.dev\\\/l\\\/svm-temp\\\/wp-content\\\/uploads\\\/2022\\\/06\\\/tva-omkom-vid-arbetsplatsolyckor-utan-arbetskontrakt.png\",\"articleSection\":[\"Arkiv\",\"Nyheter\"],\"inLanguage\":\"sv-SE\"},{\"@type\":\"WebPage\",\"@id\":\"https:\\\/\\\/lightweb.dev\\\/l\\\/svm-temp\\\/nyheter\\\/farre-dodsfall-pa-arbetsplatser\\\/\",\"url\":\"https:\\\/\\\/lightweb.dev\\\/l\\\/svm-temp\\\/nyheter\\\/farre-dodsfall-pa-arbetsplatser\\\/\",\"name\":\"F\u00e4rre d\u00f6dsfall p\u00e5 arbetsplatser - Svenska Magasinet\",\"isPartOf\":{\"@id\":\"https:\\\/\\\/lightweb.dev\\\/l\\\/svm-temp\\\/#website\"},\"primaryImageOfPage\":{\"@id\":\"https:\\\/\\\/lightweb.dev\\\/l\\\/svm-temp\\\/nyheter\\\/farre-dodsfall-pa-arbetsplatser\\\/#primaryimage\"},\"image\":{\"@id\":\"https:\\\/\\\/lightweb.dev\\\/l\\\/svm-temp\\\/nyheter\\\/farre-dodsfall-pa-arbetsplatser\\\/#primaryimage\"},\"thumbnailUrl\":\"https:\\\/\\\/lightweb.dev\\\/l\\\/svm-temp\\\/wp-content\\\/uploads\\\/2022\\\/06\\\/tva-omkom-vid-arbetsplatsolyckor-utan-arbetskontrakt.png\",\"datePublished\":\"2024-02-15T15:19:44+00:00\",\"dateModified\":\"2024-02-15T15:23:20+00:00\",\"breadcrumb\":{\"@id\":\"https:\\\/\\\/lightweb.dev\\\/l\\\/svm-temp\\\/nyheter\\\/farre-dodsfall-pa-arbetsplatser\\\/#breadcrumb\"},\"inLanguage\":\"sv-SE\",\"potentialAction\":[{\"@type\":\"ReadAction\",\"target\":[\"https:\\\/\\\/lightweb.dev\\\/l\\\/svm-temp\\\/nyheter\\\/farre-dodsfall-pa-arbetsplatser\\\/\"]}]},{\"@type\":\"ImageObject\",\"inLanguage\":\"sv-SE\",\"@id\":\"https:\\\/\\\/lightweb.dev\\\/l\\\/svm-temp\\\/nyheter\\\/farre-dodsfall-pa-arbetsplatser\\\/#primaryimage\",\"url\":\"https:\\\/\\\/lightweb.dev\\\/l\\\/svm-temp\\\/wp-content\\\/uploads\\\/2022\\\/06\\\/tva-omkom-vid-arbetsplatsolyckor-utan-arbetskontrakt.png\",\"contentUrl\":\"https:\\\/\\\/lightweb.dev\\\/l\\\/svm-temp\\\/wp-content\\\/uploads\\\/2022\\\/06\\\/tva-omkom-vid-arbetsplatsolyckor-utan-arbetskontrakt.png\",\"width\":280,\"height\":210},{\"@type\":\"BreadcrumbList\",\"@id\":\"https:\\\/\\\/lightweb.dev\\\/l\\\/svm-temp\\\/nyheter\\\/farre-dodsfall-pa-arbetsplatser\\\/#breadcrumb\",\"itemListElement\":[{\"@type\":\"ListItem\",\"position\":1,\"name\":\"Hem\",\"item\":\"https:\\\/\\\/lightweb.dev\\\/l\\\/svm-temp\\\/\"},{\"@type\":\"ListItem\",\"position\":2,\"name\":\"F\u00e4rre d\u00f6dsfall p\u00e5 arbetsplatser\"}]},{\"@type\":\"WebSite\",\"@id\":\"https:\\\/\\\/lightweb.dev\\\/l\\\/svm-temp\\\/#website\",\"url\":\"https:\\\/\\\/lightweb.dev\\\/l\\\/svm-temp\\\/\",\"name\":\"Svenska Magasinet\",\"description\":\"Dina Spanska nyheter p&aring; Svenska\",\"publisher\":{\"@id\":\"https:\\\/\\\/lightweb.dev\\\/l\\\/svm-temp\\\/#organization\"},\"potentialAction\":[{\"@type\":\"SearchAction\",\"target\":{\"@type\":\"EntryPoint\",\"urlTemplate\":\"https:\\\/\\\/lightweb.dev\\\/l\\\/svm-temp\\\/?s={search_term_string}\"},\"query-input\":{\"@type\":\"PropertyValueSpecification\",\"valueRequired\":true,\"valueName\":\"search_term_string\"}}],\"inLanguage\":\"sv-SE\"},{\"@type\":\"Organization\",\"@id\":\"https:\\\/\\\/lightweb.dev\\\/l\\\/svm-temp\\\/#organization\",\"name\":\"Melkerson y Nott SL\",\"alternateName\":\"Svenska Magasinet\",\"url\":\"https:\\\/\\\/lightweb.dev\\\/l\\\/svm-temp\\\/\",\"logo\":{\"@type\":\"ImageObject\",\"inLanguage\":\"sv-SE\",\"@id\":\"https:\\\/\\\/lightweb.dev\\\/l\\\/svm-temp\\\/#\\\/schema\\\/logo\\\/image\\\/\",\"url\":\"https:\\\/\\\/lightweb.dev\\\/l\\\/svm-temp\\\/wp-content\\\/uploads\\\/2025\\\/02\\\/SvM-logo-Xtra-Centrerad-SVART.png\",\"contentUrl\":\"https:\\\/\\\/lightweb.dev\\\/l\\\/svm-temp\\\/wp-content\\\/uploads\\\/2025\\\/02\\\/SvM-logo-Xtra-Centrerad-SVART.png\",\"width\":300,\"height\":99,\"caption\":\"Melkerson y Nott SL\"},\"image\":{\"@id\":\"https:\\\/\\\/lightweb.dev\\\/l\\\/svm-temp\\\/#\\\/schema\\\/logo\\\/image\\\/\"},\"sameAs\":[\"https:\\\/\\\/www.facebook.com\\\/svenskamagasinet\",\"https:\\\/\\\/x.com\\\/SvenskaMagasine\"]},{\"@type\":\"Person\",\"@id\":\"https:\\\/\\\/lightweb.dev\\\/l\\\/svm-temp\\\/#\\\/schema\\\/person\\\/caffe038990d25722f5a04a03c906a2b\",\"name\":\"Robbie Eriksson\",\"sameAs\":[\"https:\\\/\\\/lightweb.dev\\\/l\\\/svm-temp\"],\"url\":\"https:\\\/\\\/lightweb.dev\\\/l\\\/svm-temp\\\/reporter\\\/robbie-eriksson\\\/\"}]}<\/script>\n<!-- \/ Yoast SEO Premium plugin. -->","yoast_head_json":{"title":"F\u00e4rre d\u00f6dsfall p\u00e5 arbetsplatser - Svenska Magasinet","robots":{"index":"noindex","follow":"follow","max-snippet":"max-snippet:-1","max-image-preview":"max-image-preview:large","max-video-preview":"max-video-preview:-1"},"og_locale":"sv_SE","og_type":"article","og_title":"F\u00e4rre d\u00f6dsfall p\u00e5 arbetsplatser","og_description":"Antalet arbetsplatsolyckor med d\u00f6dlig utg\u00e5ng minskade 2023 med 12,7 procent. \u00c4ven de som ledde till sjukskrivning sj\u00f6nk med 1,1 procent.\u00a0","og_url":"https:\/\/lightweb.dev\/l\/svm-temp\/nyheter\/farre-dodsfall-pa-arbetsplatser\/","og_site_name":"Svenska Magasinet","article_publisher":"https:\/\/www.facebook.com\/svenskamagasinet","article_published_time":"2024-02-15T15:19:44+00:00","article_modified_time":"2024-02-15T15:23:20+00:00","og_image":[{"width":280,"height":210,"url":"https:\/\/lightweb.dev\/l\/svm-temp\/wp-content\/uploads\/2022\/06\/tva-omkom-vid-arbetsplatsolyckor-utan-arbetskontrakt.png","type":"image\/png"}],"author":"Robbie Eriksson","twitter_card":"summary_large_image","twitter_creator":"@SvenskaMagasine","twitter_site":"@SvenskaMagasine","schema":{"@context":"https:\/\/schema.org","@graph":[{"@type":"Article","@id":"https:\/\/lightweb.dev\/l\/svm-temp\/nyheter\/farre-dodsfall-pa-arbetsplatser\/#article","isPartOf":{"@id":"https:\/\/lightweb.dev\/l\/svm-temp\/nyheter\/farre-dodsfall-pa-arbetsplatser\/"},"author":{"name":"Robbie Eriksson","@id":"https:\/\/lightweb.dev\/l\/svm-temp\/#\/schema\/person\/caffe038990d25722f5a04a03c906a2b"},"headline":"F\u00e4rre d\u00f6dsfall p\u00e5 arbetsplatser","datePublished":"2024-02-15T15:19:44+00:00","dateModified":"2024-02-15T15:23:20+00:00","mainEntityOfPage":{"@id":"https:\/\/lightweb.dev\/l\/svm-temp\/nyheter\/farre-dodsfall-pa-arbetsplatser\/"},"wordCount":271,"publisher":{"@id":"https:\/\/lightweb.dev\/l\/svm-temp\/#organization"},"image":{"@id":"https:\/\/lightweb.dev\/l\/svm-temp\/nyheter\/farre-dodsfall-pa-arbetsplatser\/#primaryimage"},"thumbnailUrl":"https:\/\/lightweb.dev\/l\/svm-temp\/wp-content\/uploads\/2022\/06\/tva-omkom-vid-arbetsplatsolyckor-utan-arbetskontrakt.png","articleSection":["Arkiv","Nyheter"],"inLanguage":"sv-SE"},{"@type":"WebPage","@id":"https:\/\/lightweb.dev\/l\/svm-temp\/nyheter\/farre-dodsfall-pa-arbetsplatser\/","url":"https:\/\/lightweb.dev\/l\/svm-temp\/nyheter\/farre-dodsfall-pa-arbetsplatser\/","name":"F\u00e4rre d\u00f6dsfall p\u00e5 arbetsplatser - Svenska Magasinet","isPartOf":{"@id":"https:\/\/lightweb.dev\/l\/svm-temp\/#website"},"primaryImageOfPage":{"@id":"https:\/\/lightweb.dev\/l\/svm-temp\/nyheter\/farre-dodsfall-pa-arbetsplatser\/#primaryimage"},"image":{"@id":"https:\/\/lightweb.dev\/l\/svm-temp\/nyheter\/farre-dodsfall-pa-arbetsplatser\/#primaryimage"},"thumbnailUrl":"https:\/\/lightweb.dev\/l\/svm-temp\/wp-content\/uploads\/2022\/06\/tva-omkom-vid-arbetsplatsolyckor-utan-arbetskontrakt.png","datePublished":"2024-02-15T15:19:44+00:00","dateModified":"2024-02-15T15:23:20+00:00","breadcrumb":{"@id":"https:\/\/lightweb.dev\/l\/svm-temp\/nyheter\/farre-dodsfall-pa-arbetsplatser\/#breadcrumb"},"inLanguage":"sv-SE","potentialAction":[{"@type":"ReadAction","target":["https:\/\/lightweb.dev\/l\/svm-temp\/nyheter\/farre-dodsfall-pa-arbetsplatser\/"]}]},{"@type":"ImageObject","inLanguage":"sv-SE","@id":"https:\/\/lightweb.dev\/l\/svm-temp\/nyheter\/farre-dodsfall-pa-arbetsplatser\/#primaryimage","url":"https:\/\/lightweb.dev\/l\/svm-temp\/wp-content\/uploads\/2022\/06\/tva-omkom-vid-arbetsplatsolyckor-utan-arbetskontrakt.png","contentUrl":"https:\/\/lightweb.dev\/l\/svm-temp\/wp-content\/uploads\/2022\/06\/tva-omkom-vid-arbetsplatsolyckor-utan-arbetskontrakt.png","width":280,"height":210},{"@type":"BreadcrumbList","@id":"https:\/\/lightweb.dev\/l\/svm-temp\/nyheter\/farre-dodsfall-pa-arbetsplatser\/#breadcrumb","itemListElement":[{"@type":"ListItem","position":1,"name":"Hem","item":"https:\/\/lightweb.dev\/l\/svm-temp\/"},{"@type":"ListItem","position":2,"name":"F\u00e4rre d\u00f6dsfall p\u00e5 arbetsplatser"}]},{"@type":"WebSite","@id":"https:\/\/lightweb.dev\/l\/svm-temp\/#website","url":"https:\/\/lightweb.dev\/l\/svm-temp\/","name":"Svenska Magasinet","description":"Dina Spanska nyheter p&aring; Svenska","publisher":{"@id":"https:\/\/lightweb.dev\/l\/svm-temp\/#organization"},"potentialAction":[{"@type":"SearchAction","target":{"@type":"EntryPoint","urlTemplate":"https:\/\/lightweb.dev\/l\/svm-temp\/?s={search_term_string}"},"query-input":{"@type":"PropertyValueSpecification","valueRequired":true,"valueName":"search_term_string"}}],"inLanguage":"sv-SE"},{"@type":"Organization","@id":"https:\/\/lightweb.dev\/l\/svm-temp\/#organization","name":"Melkerson y Nott SL","alternateName":"Svenska Magasinet","url":"https:\/\/lightweb.dev\/l\/svm-temp\/","logo":{"@type":"ImageObject","inLanguage":"sv-SE","@id":"https:\/\/lightweb.dev\/l\/svm-temp\/#\/schema\/logo\/image\/","url":"https:\/\/lightweb.dev\/l\/svm-temp\/wp-content\/uploads\/2025\/02\/SvM-logo-Xtra-Centrerad-SVART.png","contentUrl":"https:\/\/lightweb.dev\/l\/svm-temp\/wp-content\/uploads\/2025\/02\/SvM-logo-Xtra-Centrerad-SVART.png","width":300,"height":99,"caption":"Melkerson y Nott SL"},"image":{"@id":"https:\/\/lightweb.dev\/l\/svm-temp\/#\/schema\/logo\/image\/"},"sameAs":["https:\/\/www.facebook.com\/svenskamagasinet","https:\/\/x.com\/SvenskaMagasine"]},{"@type":"Person","@id":"https:\/\/lightweb.dev\/l\/svm-temp\/#\/schema\/person\/caffe038990d25722f5a04a03c906a2b","name":"Robbie Eriksson","sameAs":["https:\/\/lightweb.dev\/l\/svm-temp"],"url":"https:\/\/lightweb.dev\/l\/svm-temp\/reporter\/robbie-eriksson\/"}]}},"_links":{"self":[{"href":"https:\/\/lightweb.dev\/l\/svm-temp\/wp-json\/wp\/v2\/posts\/69720","targetHints":{"allow":["GET"]}}],"collection":[{"href":"https:\/\/lightweb.dev\/l\/svm-temp\/wp-json\/wp\/v2\/posts"}],"about":[{"href":"https:\/\/lightweb.dev\/l\/svm-temp\/wp-json\/wp\/v2\/types\/post"}],"author":[{"embeddable":true,"href":"https:\/\/lightweb.dev\/l\/svm-temp\/wp-json\/wp\/v2\/users\/14"}],"replies":[{"embeddable":true,"href":"https:\/\/lightweb.dev\/l\/svm-temp\/wp-json\/wp\/v2\/comments?post=69720"}],"version-history":[{"count":0,"href":"https:\/\/lightweb.dev\/l\/svm-temp\/wp-json\/wp\/v2\/posts\/69720\/revisions"}],"wp:featuredmedia":[{"embeddable":true,"href":"https:\/\/lightweb.dev\/l\/svm-temp\/wp-json\/wp\/v2\/media\/45484"}],"wp:attachment":[{"href":"https:\/\/lightweb.dev\/l\/svm-temp\/wp-json\/wp\/v2\/media?parent=69720"}],"wp:term":[{"taxonomy":"category","embeddable":true,"href":"https:\/\/lightweb.dev\/l\/svm-temp\/wp-json\/wp\/v2\/categories?post=69720"},{"taxonomy":"post_tag","embeddable":true,"href":"https:\/\/lightweb.dev\/l\/svm-temp\/wp-json\/wp\/v2\/tags?post=69720"}],"curies":[{"name":"wp","href":"https:\/\/api.w.org\/{rel}","templated":true}]}}