{"id":69722,"date":"2024-02-15T16:11:24","date_gmt":"2024-02-15T15:11:24","guid":{"rendered":"https:\/\/lightweb.dev\/l\/svm-temp\/?p=69722"},"modified":"2024-02-15T16:15:45","modified_gmt":"2024-02-15T15:15:45","slug":"monda-far-reningsverk","status":"publish","type":"post","link":"https:\/\/lightweb.dev\/l\/svm-temp\/nyheter\/monda-far-reningsverk\/","title":{"rendered":"Monda f\u00e5r reningsverk"},"content":{"rendered":"<p><strong>Det lilla samh\u00e4llet Monda norr om Marbella f\u00e5r till slut ett eget reningsverk. Upphandlingstiden kommer att vara \u00f6ppen fram till den 21 mars.<\/strong><\/p>\n<p><strong>Projektet har en budget p\u00e5 6,8 miljoner och byggtiden \u00e4r ber\u00e4knad till 18 m\u00e5nader.<\/strong><\/p>\n<p>M\u00e5nga \u00e5rs v\u00e4ntan \u00e4r \u00f6ver. Mondas borgm\u00e4stare Mar\u00eda Fern\u00e1ndez s\u00e4ger att \u00e4ntligen kommer allt avloppsvatten att renas tack vare bygget av ett nytt reningsverk EDAR (Estaci\u00f3n Depuradora de Aguas Residuales). Vi slipper problemet med att orenat vatten sl\u00e4pps ut i Arroyo Seco.<\/p>\n<h2 class=\"entry-title\">L\u00e4s mer: <a href=\"https:\/\/lightweb.dev\/l\/svm-temp\/nyheter\/i-monda-far-invanarna-avgora-vad-som-bor-prioriteras\/\">I Monda f\u00e5r inv\u00e5narna avg\u00f6ra vad som b\u00f6r prioriteras<\/a><\/h2>\n<p>Med projektet \u201dAgrupaci\u00f3n de vertidos y EDAR de Monda\u201d har regionregeringen Junta de Andaluc\u00eda har \u00f6ppnat ett anbudsf\u00f6rfarande.<\/p>\n<blockquote class=\"twitter-tweet\" data-media-max-width=\"560\">\n<p dir=\"ltr\" lang=\"es\"><a href=\"https:\/\/twitter.com\/hashtag\/MondaInforma?src=hash&amp;ref_src=twsrc%5Etfw\">#MondaInforma<\/a><\/p>\n<p>\ud83d\udca6 Monda da un paso clave hacia el vertido cero con la publicaci\u00f3n del proyecto de la estaci\u00f3n depuradora<\/p>\n<p>\u2795 INFO: <a href=\"https:\/\/t.co\/jAZrV8rAdJ\">https:\/\/t.co\/jAZrV8rAdJ<\/a><a href=\"https:\/\/twitter.com\/hashtag\/Monda?src=hash&amp;ref_src=twsrc%5Etfw\">#Monda<\/a> <a href=\"https:\/\/twitter.com\/hashtag\/sierradelasnieves?src=hash&amp;ref_src=twsrc%5Etfw\">#sierradelasnieves<\/a> <a href=\"https:\/\/twitter.com\/hashtag\/m%C3%A1laga?src=hash&amp;ref_src=twsrc%5Etfw\">#m\u00e1laga<\/a> <a href=\"https:\/\/twitter.com\/hashtag\/guadalhorce?src=hash&amp;ref_src=twsrc%5Etfw\">#guadalhorce<\/a> <a href=\"https:\/\/t.co\/WwYuQfc5b0\">pic.twitter.com\/WwYuQfc5b0<\/a><\/p>\n<p>\u2014 Ayuntamiento Monda (@Ayto_de_Monda) <a href=\"https:\/\/twitter.com\/Ayto_de_Monda\/status\/1758138025077522917?ref_src=twsrc%5Etfw\">February 15, 2024<\/a><\/p><\/blockquote>\n<p><script async src=\"https:\/\/platform.twitter.com\/widgets.js\" charset=\"utf-8\"><\/script><\/p>\n","protected":false},"excerpt":{"rendered":"<p>Det lilla samh\u00e4llet Monda norr om Marbella f\u00e5r till slut ett eget reningsverk. Upphandlingstiden kommer att vara \u00f6ppen fram till den 21 mars. Projektet har en budget p\u00e5 6,8 miljoner&#8230;<\/p>\n","protected":false},"author":7,"featured_media":69723,"comment_status":"closed","ping_status":"closed","sticky":false,"template":"","format":"standard","meta":{"_et_pb_use_builder":"","_et_pb_old_content":"","_et_gb_content_width":"","footnotes":""},"categories":[395,3],"tags":[],"class_list":["post-69722","post","type-post","status-publish","format-standard","has-post-thumbnail","hentry","category-arkiv-nyheter","category-nyheter"],"yoast_head":"<!-- This site is optimized with the Yoast SEO Premium plugin v26.2 (Yoast SEO v27.4) - https:\/\/yoast.com\/product\/yoast-seo-premium-wordpress\/ -->\n<title>Monda f\u00e5r reningsverk - Svenska Magasinet<\/title>\n<meta name=\"description\" content=\"Det lilla samh\u00e4llet Monda norr om Marbella f\u00e5r till slut ett eget reningsverk. Upphandlingstiden kommer att vara \u00f6ppen fram till den 21 mars. Projektet har en budget p\u00e5 6,8 miljoner och byggtiden \u00e4r ber\u00e4knad till 18 m\u00e5nader.\" \/>\n<meta name=\"robots\" content=\"noindex, follow, max-snippet:-1, max-image-preview:large, max-video-preview:-1\" \/>\n<meta property=\"og:locale\" content=\"sv_SE\" \/>\n<meta property=\"og:type\" content=\"article\" \/>\n<meta property=\"og:title\" content=\"Monda f\u00e5r reningsverk\" \/>\n<meta property=\"og:description\" content=\"Det lilla samh\u00e4llet Monda norr om Marbella f\u00e5r till slut ett eget reningsverk. Upphandlingstiden kommer att vara \u00f6ppen fram till den 21 mars. Projektet har en budget p\u00e5 6,8 miljoner och byggtiden \u00e4r ber\u00e4knad till 18 m\u00e5nader.\" \/>\n<meta property=\"og:url\" content=\"https:\/\/lightweb.dev\/l\/svm-temp\/nyheter\/monda-far-reningsverk\/\" \/>\n<meta property=\"og:site_name\" content=\"Svenska Magasinet\" \/>\n<meta property=\"article:publisher\" content=\"https:\/\/www.facebook.com\/svenskamagasinet\" \/>\n<meta property=\"article:published_time\" content=\"2024-02-15T15:11:24+00:00\" \/>\n<meta property=\"article:modified_time\" content=\"2024-02-15T15:15:45+00:00\" \/>\n<meta property=\"og:image\" content=\"https:\/\/lightweb.dev\/l\/svm-temp\/wp-content\/uploads\/2024\/02\/GF-Jt2_WIAAyPIM-stor.jpeg\" \/>\n\t<meta property=\"og:image:width\" content=\"1280\" \/>\n\t<meta property=\"og:image:height\" content=\"960\" \/>\n\t<meta property=\"og:image:type\" content=\"image\/jpeg\" \/>\n<meta name=\"author\" content=\"Ola Josefsson\" \/>\n<meta name=\"twitter:card\" content=\"summary_large_image\" \/>\n<meta name=\"twitter:creator\" content=\"@SvenskaMagasine\" \/>\n<meta name=\"twitter:site\" content=\"@SvenskaMagasine\" \/>\n<script type=\"application\/ld+json\" class=\"yoast-schema-graph\">{\"@context\":\"https:\\\/\\\/schema.org\",\"@graph\":[{\"@type\":\"Article\",\"@id\":\"https:\\\/\\\/lightweb.dev\\\/l\\\/svm-temp\\\/nyheter\\\/monda-far-reningsverk\\\/#article\",\"isPartOf\":{\"@id\":\"https:\\\/\\\/lightweb.dev\\\/l\\\/svm-temp\\\/nyheter\\\/monda-far-reningsverk\\\/\"},\"author\":{\"name\":\"Ola Josefsson\",\"@id\":\"https:\\\/\\\/lightweb.dev\\\/l\\\/svm-temp\\\/#\\\/schema\\\/person\\\/7a82b8a73d171d32360a564b6d03508e\"},\"headline\":\"Monda f\u00e5r reningsverk\",\"datePublished\":\"2024-02-15T15:11:24+00:00\",\"dateModified\":\"2024-02-15T15:15:45+00:00\",\"mainEntityOfPage\":{\"@id\":\"https:\\\/\\\/lightweb.dev\\\/l\\\/svm-temp\\\/nyheter\\\/monda-far-reningsverk\\\/\"},\"wordCount\":172,\"publisher\":{\"@id\":\"https:\\\/\\\/lightweb.dev\\\/l\\\/svm-temp\\\/#organization\"},\"image\":{\"@id\":\"https:\\\/\\\/lightweb.dev\\\/l\\\/svm-temp\\\/nyheter\\\/monda-far-reningsverk\\\/#primaryimage\"},\"thumbnailUrl\":\"https:\\\/\\\/lightweb.dev\\\/l\\\/svm-temp\\\/wp-content\\\/uploads\\\/2024\\\/02\\\/GF-Jt2_WIAAyPIM-stor.jpeg\",\"articleSection\":[\"Arkiv\",\"Nyheter\"],\"inLanguage\":\"sv-SE\"},{\"@type\":\"WebPage\",\"@id\":\"https:\\\/\\\/lightweb.dev\\\/l\\\/svm-temp\\\/nyheter\\\/monda-far-reningsverk\\\/\",\"url\":\"https:\\\/\\\/lightweb.dev\\\/l\\\/svm-temp\\\/nyheter\\\/monda-far-reningsverk\\\/\",\"name\":\"Monda f\u00e5r reningsverk - Svenska Magasinet\",\"isPartOf\":{\"@id\":\"https:\\\/\\\/lightweb.dev\\\/l\\\/svm-temp\\\/#website\"},\"primaryImageOfPage\":{\"@id\":\"https:\\\/\\\/lightweb.dev\\\/l\\\/svm-temp\\\/nyheter\\\/monda-far-reningsverk\\\/#primaryimage\"},\"image\":{\"@id\":\"https:\\\/\\\/lightweb.dev\\\/l\\\/svm-temp\\\/nyheter\\\/monda-far-reningsverk\\\/#primaryimage\"},\"thumbnailUrl\":\"https:\\\/\\\/lightweb.dev\\\/l\\\/svm-temp\\\/wp-content\\\/uploads\\\/2024\\\/02\\\/GF-Jt2_WIAAyPIM-stor.jpeg\",\"datePublished\":\"2024-02-15T15:11:24+00:00\",\"dateModified\":\"2024-02-15T15:15:45+00:00\",\"description\":\"Det lilla samh\u00e4llet Monda norr om Marbella f\u00e5r till slut ett eget reningsverk. Upphandlingstiden kommer att vara \u00f6ppen fram till den 21 mars. Projektet har en budget p\u00e5 6,8 miljoner och byggtiden \u00e4r ber\u00e4knad till 18 m\u00e5nader.\",\"breadcrumb\":{\"@id\":\"https:\\\/\\\/lightweb.dev\\\/l\\\/svm-temp\\\/nyheter\\\/monda-far-reningsverk\\\/#breadcrumb\"},\"inLanguage\":\"sv-SE\",\"potentialAction\":[{\"@type\":\"ReadAction\",\"target\":[\"https:\\\/\\\/lightweb.dev\\\/l\\\/svm-temp\\\/nyheter\\\/monda-far-reningsverk\\\/\"]}]},{\"@type\":\"ImageObject\",\"inLanguage\":\"sv-SE\",\"@id\":\"https:\\\/\\\/lightweb.dev\\\/l\\\/svm-temp\\\/nyheter\\\/monda-far-reningsverk\\\/#primaryimage\",\"url\":\"https:\\\/\\\/lightweb.dev\\\/l\\\/svm-temp\\\/wp-content\\\/uploads\\\/2024\\\/02\\\/GF-Jt2_WIAAyPIM-stor.jpeg\",\"contentUrl\":\"https:\\\/\\\/lightweb.dev\\\/l\\\/svm-temp\\\/wp-content\\\/uploads\\\/2024\\\/02\\\/GF-Jt2_WIAAyPIM-stor.jpeg\",\"width\":1280,\"height\":960},{\"@type\":\"BreadcrumbList\",\"@id\":\"https:\\\/\\\/lightweb.dev\\\/l\\\/svm-temp\\\/nyheter\\\/monda-far-reningsverk\\\/#breadcrumb\",\"itemListElement\":[{\"@type\":\"ListItem\",\"position\":1,\"name\":\"Hem\",\"item\":\"https:\\\/\\\/lightweb.dev\\\/l\\\/svm-temp\\\/\"},{\"@type\":\"ListItem\",\"position\":2,\"name\":\"Monda f\u00e5r reningsverk\"}]},{\"@type\":\"WebSite\",\"@id\":\"https:\\\/\\\/lightweb.dev\\\/l\\\/svm-temp\\\/#website\",\"url\":\"https:\\\/\\\/lightweb.dev\\\/l\\\/svm-temp\\\/\",\"name\":\"Svenska Magasinet\",\"description\":\"Dina Spanska nyheter p&aring; Svenska\",\"publisher\":{\"@id\":\"https:\\\/\\\/lightweb.dev\\\/l\\\/svm-temp\\\/#organization\"},\"potentialAction\":[{\"@type\":\"SearchAction\",\"target\":{\"@type\":\"EntryPoint\",\"urlTemplate\":\"https:\\\/\\\/lightweb.dev\\\/l\\\/svm-temp\\\/?s={search_term_string}\"},\"query-input\":{\"@type\":\"PropertyValueSpecification\",\"valueRequired\":true,\"valueName\":\"search_term_string\"}}],\"inLanguage\":\"sv-SE\"},{\"@type\":\"Organization\",\"@id\":\"https:\\\/\\\/lightweb.dev\\\/l\\\/svm-temp\\\/#organization\",\"name\":\"Melkerson y Nott SL\",\"alternateName\":\"Svenska Magasinet\",\"url\":\"https:\\\/\\\/lightweb.dev\\\/l\\\/svm-temp\\\/\",\"logo\":{\"@type\":\"ImageObject\",\"inLanguage\":\"sv-SE\",\"@id\":\"https:\\\/\\\/lightweb.dev\\\/l\\\/svm-temp\\\/#\\\/schema\\\/logo\\\/image\\\/\",\"url\":\"https:\\\/\\\/lightweb.dev\\\/l\\\/svm-temp\\\/wp-content\\\/uploads\\\/2025\\\/02\\\/SvM-logo-Xtra-Centrerad-SVART.png\",\"contentUrl\":\"https:\\\/\\\/lightweb.dev\\\/l\\\/svm-temp\\\/wp-content\\\/uploads\\\/2025\\\/02\\\/SvM-logo-Xtra-Centrerad-SVART.png\",\"width\":300,\"height\":99,\"caption\":\"Melkerson y Nott SL\"},\"image\":{\"@id\":\"https:\\\/\\\/lightweb.dev\\\/l\\\/svm-temp\\\/#\\\/schema\\\/logo\\\/image\\\/\"},\"sameAs\":[\"https:\\\/\\\/www.facebook.com\\\/svenskamagasinet\",\"https:\\\/\\\/x.com\\\/SvenskaMagasine\"]},{\"@type\":\"Person\",\"@id\":\"https:\\\/\\\/lightweb.dev\\\/l\\\/svm-temp\\\/#\\\/schema\\\/person\\\/7a82b8a73d171d32360a564b6d03508e\",\"name\":\"Ola Josefsson\",\"description\":\"Bevakar Solkusten och Spanien sedan 1994.\",\"sameAs\":[\"https:\\\/\\\/lightweb.dev\\\/l\\\/svm-temp\"],\"url\":\"https:\\\/\\\/lightweb.dev\\\/l\\\/svm-temp\\\/reporter\\\/ola-josefsson\\\/\"}]}<\/script>\n<!-- \/ Yoast SEO Premium plugin. -->","yoast_head_json":{"title":"Monda f\u00e5r reningsverk - Svenska Magasinet","description":"Det lilla samh\u00e4llet Monda norr om Marbella f\u00e5r till slut ett eget reningsverk. Upphandlingstiden kommer att vara \u00f6ppen fram till den 21 mars. Projektet har en budget p\u00e5 6,8 miljoner och byggtiden \u00e4r ber\u00e4knad till 18 m\u00e5nader.","robots":{"index":"noindex","follow":"follow","max-snippet":"max-snippet:-1","max-image-preview":"max-image-preview:large","max-video-preview":"max-video-preview:-1"},"og_locale":"sv_SE","og_type":"article","og_title":"Monda f\u00e5r reningsverk","og_description":"Det lilla samh\u00e4llet Monda norr om Marbella f\u00e5r till slut ett eget reningsverk. Upphandlingstiden kommer att vara \u00f6ppen fram till den 21 mars. Projektet har en budget p\u00e5 6,8 miljoner och byggtiden \u00e4r ber\u00e4knad till 18 m\u00e5nader.","og_url":"https:\/\/lightweb.dev\/l\/svm-temp\/nyheter\/monda-far-reningsverk\/","og_site_name":"Svenska Magasinet","article_publisher":"https:\/\/www.facebook.com\/svenskamagasinet","article_published_time":"2024-02-15T15:11:24+00:00","article_modified_time":"2024-02-15T15:15:45+00:00","og_image":[{"width":1280,"height":960,"url":"https:\/\/lightweb.dev\/l\/svm-temp\/wp-content\/uploads\/2024\/02\/GF-Jt2_WIAAyPIM-stor.jpeg","type":"image\/jpeg"}],"author":"Ola Josefsson","twitter_card":"summary_large_image","twitter_creator":"@SvenskaMagasine","twitter_site":"@SvenskaMagasine","schema":{"@context":"https:\/\/schema.org","@graph":[{"@type":"Article","@id":"https:\/\/lightweb.dev\/l\/svm-temp\/nyheter\/monda-far-reningsverk\/#article","isPartOf":{"@id":"https:\/\/lightweb.dev\/l\/svm-temp\/nyheter\/monda-far-reningsverk\/"},"author":{"name":"Ola Josefsson","@id":"https:\/\/lightweb.dev\/l\/svm-temp\/#\/schema\/person\/7a82b8a73d171d32360a564b6d03508e"},"headline":"Monda f\u00e5r reningsverk","datePublished":"2024-02-15T15:11:24+00:00","dateModified":"2024-02-15T15:15:45+00:00","mainEntityOfPage":{"@id":"https:\/\/lightweb.dev\/l\/svm-temp\/nyheter\/monda-far-reningsverk\/"},"wordCount":172,"publisher":{"@id":"https:\/\/lightweb.dev\/l\/svm-temp\/#organization"},"image":{"@id":"https:\/\/lightweb.dev\/l\/svm-temp\/nyheter\/monda-far-reningsverk\/#primaryimage"},"thumbnailUrl":"https:\/\/lightweb.dev\/l\/svm-temp\/wp-content\/uploads\/2024\/02\/GF-Jt2_WIAAyPIM-stor.jpeg","articleSection":["Arkiv","Nyheter"],"inLanguage":"sv-SE"},{"@type":"WebPage","@id":"https:\/\/lightweb.dev\/l\/svm-temp\/nyheter\/monda-far-reningsverk\/","url":"https:\/\/lightweb.dev\/l\/svm-temp\/nyheter\/monda-far-reningsverk\/","name":"Monda f\u00e5r reningsverk - Svenska Magasinet","isPartOf":{"@id":"https:\/\/lightweb.dev\/l\/svm-temp\/#website"},"primaryImageOfPage":{"@id":"https:\/\/lightweb.dev\/l\/svm-temp\/nyheter\/monda-far-reningsverk\/#primaryimage"},"image":{"@id":"https:\/\/lightweb.dev\/l\/svm-temp\/nyheter\/monda-far-reningsverk\/#primaryimage"},"thumbnailUrl":"https:\/\/lightweb.dev\/l\/svm-temp\/wp-content\/uploads\/2024\/02\/GF-Jt2_WIAAyPIM-stor.jpeg","datePublished":"2024-02-15T15:11:24+00:00","dateModified":"2024-02-15T15:15:45+00:00","description":"Det lilla samh\u00e4llet Monda norr om Marbella f\u00e5r till slut ett eget reningsverk. Upphandlingstiden kommer att vara \u00f6ppen fram till den 21 mars. Projektet har en budget p\u00e5 6,8 miljoner och byggtiden \u00e4r ber\u00e4knad till 18 m\u00e5nader.","breadcrumb":{"@id":"https:\/\/lightweb.dev\/l\/svm-temp\/nyheter\/monda-far-reningsverk\/#breadcrumb"},"inLanguage":"sv-SE","potentialAction":[{"@type":"ReadAction","target":["https:\/\/lightweb.dev\/l\/svm-temp\/nyheter\/monda-far-reningsverk\/"]}]},{"@type":"ImageObject","inLanguage":"sv-SE","@id":"https:\/\/lightweb.dev\/l\/svm-temp\/nyheter\/monda-far-reningsverk\/#primaryimage","url":"https:\/\/lightweb.dev\/l\/svm-temp\/wp-content\/uploads\/2024\/02\/GF-Jt2_WIAAyPIM-stor.jpeg","contentUrl":"https:\/\/lightweb.dev\/l\/svm-temp\/wp-content\/uploads\/2024\/02\/GF-Jt2_WIAAyPIM-stor.jpeg","width":1280,"height":960},{"@type":"BreadcrumbList","@id":"https:\/\/lightweb.dev\/l\/svm-temp\/nyheter\/monda-far-reningsverk\/#breadcrumb","itemListElement":[{"@type":"ListItem","position":1,"name":"Hem","item":"https:\/\/lightweb.dev\/l\/svm-temp\/"},{"@type":"ListItem","position":2,"name":"Monda f\u00e5r reningsverk"}]},{"@type":"WebSite","@id":"https:\/\/lightweb.dev\/l\/svm-temp\/#website","url":"https:\/\/lightweb.dev\/l\/svm-temp\/","name":"Svenska Magasinet","description":"Dina Spanska nyheter p&aring; Svenska","publisher":{"@id":"https:\/\/lightweb.dev\/l\/svm-temp\/#organization"},"potentialAction":[{"@type":"SearchAction","target":{"@type":"EntryPoint","urlTemplate":"https:\/\/lightweb.dev\/l\/svm-temp\/?s={search_term_string}"},"query-input":{"@type":"PropertyValueSpecification","valueRequired":true,"valueName":"search_term_string"}}],"inLanguage":"sv-SE"},{"@type":"Organization","@id":"https:\/\/lightweb.dev\/l\/svm-temp\/#organization","name":"Melkerson y Nott SL","alternateName":"Svenska Magasinet","url":"https:\/\/lightweb.dev\/l\/svm-temp\/","logo":{"@type":"ImageObject","inLanguage":"sv-SE","@id":"https:\/\/lightweb.dev\/l\/svm-temp\/#\/schema\/logo\/image\/","url":"https:\/\/lightweb.dev\/l\/svm-temp\/wp-content\/uploads\/2025\/02\/SvM-logo-Xtra-Centrerad-SVART.png","contentUrl":"https:\/\/lightweb.dev\/l\/svm-temp\/wp-content\/uploads\/2025\/02\/SvM-logo-Xtra-Centrerad-SVART.png","width":300,"height":99,"caption":"Melkerson y Nott SL"},"image":{"@id":"https:\/\/lightweb.dev\/l\/svm-temp\/#\/schema\/logo\/image\/"},"sameAs":["https:\/\/www.facebook.com\/svenskamagasinet","https:\/\/x.com\/SvenskaMagasine"]},{"@type":"Person","@id":"https:\/\/lightweb.dev\/l\/svm-temp\/#\/schema\/person\/7a82b8a73d171d32360a564b6d03508e","name":"Ola Josefsson","description":"Bevakar Solkusten och Spanien sedan 1994.","sameAs":["https:\/\/lightweb.dev\/l\/svm-temp"],"url":"https:\/\/lightweb.dev\/l\/svm-temp\/reporter\/ola-josefsson\/"}]}},"_links":{"self":[{"href":"https:\/\/lightweb.dev\/l\/svm-temp\/wp-json\/wp\/v2\/posts\/69722","targetHints":{"allow":["GET"]}}],"collection":[{"href":"https:\/\/lightweb.dev\/l\/svm-temp\/wp-json\/wp\/v2\/posts"}],"about":[{"href":"https:\/\/lightweb.dev\/l\/svm-temp\/wp-json\/wp\/v2\/types\/post"}],"author":[{"embeddable":true,"href":"https:\/\/lightweb.dev\/l\/svm-temp\/wp-json\/wp\/v2\/users\/7"}],"replies":[{"embeddable":true,"href":"https:\/\/lightweb.dev\/l\/svm-temp\/wp-json\/wp\/v2\/comments?post=69722"}],"version-history":[{"count":0,"href":"https:\/\/lightweb.dev\/l\/svm-temp\/wp-json\/wp\/v2\/posts\/69722\/revisions"}],"wp:featuredmedia":[{"embeddable":true,"href":"https:\/\/lightweb.dev\/l\/svm-temp\/wp-json\/wp\/v2\/media\/69723"}],"wp:attachment":[{"href":"https:\/\/lightweb.dev\/l\/svm-temp\/wp-json\/wp\/v2\/media?parent=69722"}],"wp:term":[{"taxonomy":"category","embeddable":true,"href":"https:\/\/lightweb.dev\/l\/svm-temp\/wp-json\/wp\/v2\/categories?post=69722"},{"taxonomy":"post_tag","embeddable":true,"href":"https:\/\/lightweb.dev\/l\/svm-temp\/wp-json\/wp\/v2\/tags?post=69722"}],"curies":[{"name":"wp","href":"https:\/\/api.w.org\/{rel}","templated":true}]}}