{"id":69730,"date":"2024-02-15T16:26:05","date_gmt":"2024-02-15T15:26:05","guid":{"rendered":"https:\/\/lightweb.dev\/l\/svm-temp\/?p=69730"},"modified":"2024-02-15T16:26:05","modified_gmt":"2024-02-15T15:26:05","slug":"spanien-oppnar-for-mer-medicinsk-cannabis","status":"publish","type":"post","link":"https:\/\/lightweb.dev\/l\/svm-temp\/nyheter\/spanien-oppnar-for-mer-medicinsk-cannabis\/","title":{"rendered":"Spanien \u00f6ppnar f\u00f6r mer medicinsk cannabis"},"content":{"rendered":"<p><span style=\"font-weight: 400;\">H\u00e4lsoministeriet har inlett en process f\u00f6r att godk\u00e4nna ut\u00f6kandet av medicinsk cannabis i Spanien. Ministeriet har \u00f6ppnat upp f\u00f6r offentligt samr\u00e5d och landets medborgare har m\u00f6jlighet att ge sin syn p\u00e5 saken p\u00e5 myndighetens hemsida.\u00a0<\/span><\/p>\n<p><span style=\"font-weight: 400;\">H\u00e4lsoministeriet po\u00e4ngterar att regleringen av medicinsk cannabis kommer att baseras p\u00e5 \u201cde b\u00e4sta vetenskapliga uppgifter som finns\u201d. H\u00f6gst sannolikt kommer inf\u00f6randet ske gradvis, med en pr\u00f6voperiod som ska utv\u00e4rderas f\u00f6r att sedan eventuellt f\u00f6rl\u00e4ngas eller g\u00f6ras permanent.\u00a0<\/span><\/p>\n<h2><span style=\"font-weight: 400;\">Cancerpatienter<\/span><\/h2>\n<p><span style=\"font-weight: 400;\">I dagsl\u00e4get kan patienter som lider av epilepsi, spasticitet eller multipel skleros f\u00e5 cannabis utskriven. Det \u00f6kade bruket har l\u00e4nge efterfr\u00e5gats av landets cancerpatienter.\u00a0<\/span><\/p>\n<p><span style=\"font-weight: 400;\">Processen kring lagstiftningen har varit utdragen och l\u00e5g l\u00e4nge p\u00e5 is. N\u00e4r den nuvarande h\u00e4lsoministern <\/span><span style=\"font-weight: 400;\">M\u00f3nica Garc\u00eda<\/span><span style=\"font-weight: 400;\"> tilltr\u00e4dde lovade hon att ge f\u00f6r\u00e4ndringen gr\u00f6nt ljus s\u00e5 fort som m\u00f6jligt.\u00a0<\/span><\/p>\n<p><span style=\"font-weight: 400;\">Hennes m\u00e5l \u00e4r att \u00e4ven cancerpatienter som upplever illam\u00e5ende p\u00e5 grund av sin behandling ska kunna f\u00e5 tillg\u00e5ng till medicinsk cannabis f\u00f6r att lindra symptomen.\u00a0<\/span><\/p>\n<p><span style=\"font-weight: 400;\">I en utredning som beordrades av ministeriet 2022 finns st\u00f6d f\u00f6r att skriva ut extract eller reglerade doser av cannabis till vissa patienter. Endast l\u00e4kare, privata eller offentliga, ska\u00a0 kunna skriva ut preparaten. I utredningen slog man ocks\u00e5 fast att de endast borde finnas p\u00e5 apotek kopplade till sjukhus eller v\u00e5rdcentraler. Men \u00f6ppnar ocks\u00e5 upp f\u00f6r att de kan komma att finnas p\u00e5 vanliga apotek.\u00a0<\/span><\/p>\n<p>&nbsp;<\/p>\n","protected":false},"excerpt":{"rendered":"<p>H\u00e4lsoministeriet har inlett en process f\u00f6r att godk\u00e4nna ut\u00f6kandet av medicinsk cannabis i Spanien. Ministeriet har \u00f6ppnat upp f\u00f6r offentligt samr\u00e5d och landets medborgare har m\u00f6jlighet att ge sin syn p\u00e5 saken p\u00e5 myndighetens hemsida.\u00a0<\/p>\n","protected":false},"author":14,"featured_media":69728,"comment_status":"closed","ping_status":"closed","sticky":false,"template":"","format":"standard","meta":{"_et_pb_use_builder":"","_et_pb_old_content":"","_et_gb_content_width":"","footnotes":""},"categories":[395,3],"tags":[],"class_list":["post-69730","post","type-post","status-publish","format-standard","has-post-thumbnail","hentry","category-arkiv-nyheter","category-nyheter"],"yoast_head":"<!-- This site is optimized with the Yoast SEO Premium plugin v26.2 (Yoast SEO v27.4) - https:\/\/yoast.com\/product\/yoast-seo-premium-wordpress\/ -->\n<title>Spanien \u00f6ppnar f\u00f6r mer medicinsk cannabis - Svenska Magasinet<\/title>\n<meta name=\"robots\" content=\"noindex, follow, max-snippet:-1, max-image-preview:large, max-video-preview:-1\" \/>\n<meta property=\"og:locale\" content=\"sv_SE\" \/>\n<meta property=\"og:type\" content=\"article\" \/>\n<meta property=\"og:title\" content=\"Spanien \u00f6ppnar f\u00f6r mer medicinsk cannabis\" \/>\n<meta property=\"og:description\" content=\"H\u00e4lsoministeriet har inlett en process f\u00f6r att godk\u00e4nna ut\u00f6kandet av medicinsk cannabis i Spanien. Ministeriet har \u00f6ppnat upp f\u00f6r offentligt samr\u00e5d och landets medborgare har m\u00f6jlighet att ge sin syn p\u00e5 saken p\u00e5 myndighetens hemsida.\u00a0\" \/>\n<meta property=\"og:url\" content=\"https:\/\/lightweb.dev\/l\/svm-temp\/nyheter\/spanien-oppnar-for-mer-medicinsk-cannabis\/\" \/>\n<meta property=\"og:site_name\" content=\"Svenska Magasinet\" \/>\n<meta property=\"article:publisher\" content=\"https:\/\/www.facebook.com\/svenskamagasinet\" \/>\n<meta property=\"article:published_time\" content=\"2024-02-15T15:26:05+00:00\" \/>\n<meta property=\"og:image\" content=\"https:\/\/lightweb.dev\/l\/svm-temp\/wp-content\/uploads\/2024\/02\/medical-cannabis-regulation-RKYBbKGbqEt8bUJhsC4J1UK-1200x840@Diario-Sur.webp\" \/>\n\t<meta property=\"og:image:width\" content=\"1200\" \/>\n\t<meta property=\"og:image:height\" content=\"840\" \/>\n\t<meta property=\"og:image:type\" content=\"image\/webp\" \/>\n<meta name=\"author\" content=\"Robbie Eriksson\" \/>\n<meta name=\"twitter:card\" content=\"summary_large_image\" \/>\n<meta name=\"twitter:creator\" content=\"@SvenskaMagasine\" \/>\n<meta name=\"twitter:site\" content=\"@SvenskaMagasine\" \/>\n<script type=\"application\/ld+json\" class=\"yoast-schema-graph\">{\"@context\":\"https:\\\/\\\/schema.org\",\"@graph\":[{\"@type\":\"Article\",\"@id\":\"https:\\\/\\\/lightweb.dev\\\/l\\\/svm-temp\\\/nyheter\\\/spanien-oppnar-for-mer-medicinsk-cannabis\\\/#article\",\"isPartOf\":{\"@id\":\"https:\\\/\\\/lightweb.dev\\\/l\\\/svm-temp\\\/nyheter\\\/spanien-oppnar-for-mer-medicinsk-cannabis\\\/\"},\"author\":{\"name\":\"Robbie Eriksson\",\"@id\":\"https:\\\/\\\/lightweb.dev\\\/l\\\/svm-temp\\\/#\\\/schema\\\/person\\\/caffe038990d25722f5a04a03c906a2b\"},\"headline\":\"Spanien \u00f6ppnar f\u00f6r mer medicinsk cannabis\",\"datePublished\":\"2024-02-15T15:26:05+00:00\",\"mainEntityOfPage\":{\"@id\":\"https:\\\/\\\/lightweb.dev\\\/l\\\/svm-temp\\\/nyheter\\\/spanien-oppnar-for-mer-medicinsk-cannabis\\\/\"},\"wordCount\":264,\"publisher\":{\"@id\":\"https:\\\/\\\/lightweb.dev\\\/l\\\/svm-temp\\\/#organization\"},\"image\":{\"@id\":\"https:\\\/\\\/lightweb.dev\\\/l\\\/svm-temp\\\/nyheter\\\/spanien-oppnar-for-mer-medicinsk-cannabis\\\/#primaryimage\"},\"thumbnailUrl\":\"https:\\\/\\\/lightweb.dev\\\/l\\\/svm-temp\\\/wp-content\\\/uploads\\\/2024\\\/02\\\/medical-cannabis-regulation-RKYBbKGbqEt8bUJhsC4J1UK-1200x840@Diario-Sur.webp\",\"articleSection\":[\"Arkiv\",\"Nyheter\"],\"inLanguage\":\"sv-SE\"},{\"@type\":\"WebPage\",\"@id\":\"https:\\\/\\\/lightweb.dev\\\/l\\\/svm-temp\\\/nyheter\\\/spanien-oppnar-for-mer-medicinsk-cannabis\\\/\",\"url\":\"https:\\\/\\\/lightweb.dev\\\/l\\\/svm-temp\\\/nyheter\\\/spanien-oppnar-for-mer-medicinsk-cannabis\\\/\",\"name\":\"Spanien \u00f6ppnar f\u00f6r mer medicinsk cannabis - Svenska Magasinet\",\"isPartOf\":{\"@id\":\"https:\\\/\\\/lightweb.dev\\\/l\\\/svm-temp\\\/#website\"},\"primaryImageOfPage\":{\"@id\":\"https:\\\/\\\/lightweb.dev\\\/l\\\/svm-temp\\\/nyheter\\\/spanien-oppnar-for-mer-medicinsk-cannabis\\\/#primaryimage\"},\"image\":{\"@id\":\"https:\\\/\\\/lightweb.dev\\\/l\\\/svm-temp\\\/nyheter\\\/spanien-oppnar-for-mer-medicinsk-cannabis\\\/#primaryimage\"},\"thumbnailUrl\":\"https:\\\/\\\/lightweb.dev\\\/l\\\/svm-temp\\\/wp-content\\\/uploads\\\/2024\\\/02\\\/medical-cannabis-regulation-RKYBbKGbqEt8bUJhsC4J1UK-1200x840@Diario-Sur.webp\",\"datePublished\":\"2024-02-15T15:26:05+00:00\",\"breadcrumb\":{\"@id\":\"https:\\\/\\\/lightweb.dev\\\/l\\\/svm-temp\\\/nyheter\\\/spanien-oppnar-for-mer-medicinsk-cannabis\\\/#breadcrumb\"},\"inLanguage\":\"sv-SE\",\"potentialAction\":[{\"@type\":\"ReadAction\",\"target\":[\"https:\\\/\\\/lightweb.dev\\\/l\\\/svm-temp\\\/nyheter\\\/spanien-oppnar-for-mer-medicinsk-cannabis\\\/\"]}]},{\"@type\":\"ImageObject\",\"inLanguage\":\"sv-SE\",\"@id\":\"https:\\\/\\\/lightweb.dev\\\/l\\\/svm-temp\\\/nyheter\\\/spanien-oppnar-for-mer-medicinsk-cannabis\\\/#primaryimage\",\"url\":\"https:\\\/\\\/lightweb.dev\\\/l\\\/svm-temp\\\/wp-content\\\/uploads\\\/2024\\\/02\\\/medical-cannabis-regulation-RKYBbKGbqEt8bUJhsC4J1UK-1200x840@Diario-Sur.webp\",\"contentUrl\":\"https:\\\/\\\/lightweb.dev\\\/l\\\/svm-temp\\\/wp-content\\\/uploads\\\/2024\\\/02\\\/medical-cannabis-regulation-RKYBbKGbqEt8bUJhsC4J1UK-1200x840@Diario-Sur.webp\",\"width\":1200,\"height\":840,\"caption\":\"(Bild: Reuters)\"},{\"@type\":\"BreadcrumbList\",\"@id\":\"https:\\\/\\\/lightweb.dev\\\/l\\\/svm-temp\\\/nyheter\\\/spanien-oppnar-for-mer-medicinsk-cannabis\\\/#breadcrumb\",\"itemListElement\":[{\"@type\":\"ListItem\",\"position\":1,\"name\":\"Hem\",\"item\":\"https:\\\/\\\/lightweb.dev\\\/l\\\/svm-temp\\\/\"},{\"@type\":\"ListItem\",\"position\":2,\"name\":\"Spanien \u00f6ppnar f\u00f6r mer medicinsk cannabis\"}]},{\"@type\":\"WebSite\",\"@id\":\"https:\\\/\\\/lightweb.dev\\\/l\\\/svm-temp\\\/#website\",\"url\":\"https:\\\/\\\/lightweb.dev\\\/l\\\/svm-temp\\\/\",\"name\":\"Svenska Magasinet\",\"description\":\"Dina Spanska nyheter p&aring; Svenska\",\"publisher\":{\"@id\":\"https:\\\/\\\/lightweb.dev\\\/l\\\/svm-temp\\\/#organization\"},\"potentialAction\":[{\"@type\":\"SearchAction\",\"target\":{\"@type\":\"EntryPoint\",\"urlTemplate\":\"https:\\\/\\\/lightweb.dev\\\/l\\\/svm-temp\\\/?s={search_term_string}\"},\"query-input\":{\"@type\":\"PropertyValueSpecification\",\"valueRequired\":true,\"valueName\":\"search_term_string\"}}],\"inLanguage\":\"sv-SE\"},{\"@type\":\"Organization\",\"@id\":\"https:\\\/\\\/lightweb.dev\\\/l\\\/svm-temp\\\/#organization\",\"name\":\"Melkerson y Nott SL\",\"alternateName\":\"Svenska Magasinet\",\"url\":\"https:\\\/\\\/lightweb.dev\\\/l\\\/svm-temp\\\/\",\"logo\":{\"@type\":\"ImageObject\",\"inLanguage\":\"sv-SE\",\"@id\":\"https:\\\/\\\/lightweb.dev\\\/l\\\/svm-temp\\\/#\\\/schema\\\/logo\\\/image\\\/\",\"url\":\"https:\\\/\\\/lightweb.dev\\\/l\\\/svm-temp\\\/wp-content\\\/uploads\\\/2025\\\/02\\\/SvM-logo-Xtra-Centrerad-SVART.png\",\"contentUrl\":\"https:\\\/\\\/lightweb.dev\\\/l\\\/svm-temp\\\/wp-content\\\/uploads\\\/2025\\\/02\\\/SvM-logo-Xtra-Centrerad-SVART.png\",\"width\":300,\"height\":99,\"caption\":\"Melkerson y Nott SL\"},\"image\":{\"@id\":\"https:\\\/\\\/lightweb.dev\\\/l\\\/svm-temp\\\/#\\\/schema\\\/logo\\\/image\\\/\"},\"sameAs\":[\"https:\\\/\\\/www.facebook.com\\\/svenskamagasinet\",\"https:\\\/\\\/x.com\\\/SvenskaMagasine\"]},{\"@type\":\"Person\",\"@id\":\"https:\\\/\\\/lightweb.dev\\\/l\\\/svm-temp\\\/#\\\/schema\\\/person\\\/caffe038990d25722f5a04a03c906a2b\",\"name\":\"Robbie Eriksson\",\"sameAs\":[\"https:\\\/\\\/lightweb.dev\\\/l\\\/svm-temp\"],\"url\":\"https:\\\/\\\/lightweb.dev\\\/l\\\/svm-temp\\\/reporter\\\/robbie-eriksson\\\/\"}]}<\/script>\n<!-- \/ Yoast SEO Premium plugin. -->","yoast_head_json":{"title":"Spanien \u00f6ppnar f\u00f6r mer medicinsk cannabis - Svenska Magasinet","robots":{"index":"noindex","follow":"follow","max-snippet":"max-snippet:-1","max-image-preview":"max-image-preview:large","max-video-preview":"max-video-preview:-1"},"og_locale":"sv_SE","og_type":"article","og_title":"Spanien \u00f6ppnar f\u00f6r mer medicinsk cannabis","og_description":"H\u00e4lsoministeriet har inlett en process f\u00f6r att godk\u00e4nna ut\u00f6kandet av medicinsk cannabis i Spanien. Ministeriet har \u00f6ppnat upp f\u00f6r offentligt samr\u00e5d och landets medborgare har m\u00f6jlighet att ge sin syn p\u00e5 saken p\u00e5 myndighetens hemsida.\u00a0","og_url":"https:\/\/lightweb.dev\/l\/svm-temp\/nyheter\/spanien-oppnar-for-mer-medicinsk-cannabis\/","og_site_name":"Svenska Magasinet","article_publisher":"https:\/\/www.facebook.com\/svenskamagasinet","article_published_time":"2024-02-15T15:26:05+00:00","og_image":[{"width":1200,"height":840,"url":"https:\/\/lightweb.dev\/l\/svm-temp\/wp-content\/uploads\/2024\/02\/medical-cannabis-regulation-RKYBbKGbqEt8bUJhsC4J1UK-1200x840@Diario-Sur.webp","type":"image\/webp"}],"author":"Robbie Eriksson","twitter_card":"summary_large_image","twitter_creator":"@SvenskaMagasine","twitter_site":"@SvenskaMagasine","schema":{"@context":"https:\/\/schema.org","@graph":[{"@type":"Article","@id":"https:\/\/lightweb.dev\/l\/svm-temp\/nyheter\/spanien-oppnar-for-mer-medicinsk-cannabis\/#article","isPartOf":{"@id":"https:\/\/lightweb.dev\/l\/svm-temp\/nyheter\/spanien-oppnar-for-mer-medicinsk-cannabis\/"},"author":{"name":"Robbie Eriksson","@id":"https:\/\/lightweb.dev\/l\/svm-temp\/#\/schema\/person\/caffe038990d25722f5a04a03c906a2b"},"headline":"Spanien \u00f6ppnar f\u00f6r mer medicinsk cannabis","datePublished":"2024-02-15T15:26:05+00:00","mainEntityOfPage":{"@id":"https:\/\/lightweb.dev\/l\/svm-temp\/nyheter\/spanien-oppnar-for-mer-medicinsk-cannabis\/"},"wordCount":264,"publisher":{"@id":"https:\/\/lightweb.dev\/l\/svm-temp\/#organization"},"image":{"@id":"https:\/\/lightweb.dev\/l\/svm-temp\/nyheter\/spanien-oppnar-for-mer-medicinsk-cannabis\/#primaryimage"},"thumbnailUrl":"https:\/\/lightweb.dev\/l\/svm-temp\/wp-content\/uploads\/2024\/02\/medical-cannabis-regulation-RKYBbKGbqEt8bUJhsC4J1UK-1200x840@Diario-Sur.webp","articleSection":["Arkiv","Nyheter"],"inLanguage":"sv-SE"},{"@type":"WebPage","@id":"https:\/\/lightweb.dev\/l\/svm-temp\/nyheter\/spanien-oppnar-for-mer-medicinsk-cannabis\/","url":"https:\/\/lightweb.dev\/l\/svm-temp\/nyheter\/spanien-oppnar-for-mer-medicinsk-cannabis\/","name":"Spanien \u00f6ppnar f\u00f6r mer medicinsk cannabis - Svenska Magasinet","isPartOf":{"@id":"https:\/\/lightweb.dev\/l\/svm-temp\/#website"},"primaryImageOfPage":{"@id":"https:\/\/lightweb.dev\/l\/svm-temp\/nyheter\/spanien-oppnar-for-mer-medicinsk-cannabis\/#primaryimage"},"image":{"@id":"https:\/\/lightweb.dev\/l\/svm-temp\/nyheter\/spanien-oppnar-for-mer-medicinsk-cannabis\/#primaryimage"},"thumbnailUrl":"https:\/\/lightweb.dev\/l\/svm-temp\/wp-content\/uploads\/2024\/02\/medical-cannabis-regulation-RKYBbKGbqEt8bUJhsC4J1UK-1200x840@Diario-Sur.webp","datePublished":"2024-02-15T15:26:05+00:00","breadcrumb":{"@id":"https:\/\/lightweb.dev\/l\/svm-temp\/nyheter\/spanien-oppnar-for-mer-medicinsk-cannabis\/#breadcrumb"},"inLanguage":"sv-SE","potentialAction":[{"@type":"ReadAction","target":["https:\/\/lightweb.dev\/l\/svm-temp\/nyheter\/spanien-oppnar-for-mer-medicinsk-cannabis\/"]}]},{"@type":"ImageObject","inLanguage":"sv-SE","@id":"https:\/\/lightweb.dev\/l\/svm-temp\/nyheter\/spanien-oppnar-for-mer-medicinsk-cannabis\/#primaryimage","url":"https:\/\/lightweb.dev\/l\/svm-temp\/wp-content\/uploads\/2024\/02\/medical-cannabis-regulation-RKYBbKGbqEt8bUJhsC4J1UK-1200x840@Diario-Sur.webp","contentUrl":"https:\/\/lightweb.dev\/l\/svm-temp\/wp-content\/uploads\/2024\/02\/medical-cannabis-regulation-RKYBbKGbqEt8bUJhsC4J1UK-1200x840@Diario-Sur.webp","width":1200,"height":840,"caption":"(Bild: Reuters)"},{"@type":"BreadcrumbList","@id":"https:\/\/lightweb.dev\/l\/svm-temp\/nyheter\/spanien-oppnar-for-mer-medicinsk-cannabis\/#breadcrumb","itemListElement":[{"@type":"ListItem","position":1,"name":"Hem","item":"https:\/\/lightweb.dev\/l\/svm-temp\/"},{"@type":"ListItem","position":2,"name":"Spanien \u00f6ppnar f\u00f6r mer medicinsk cannabis"}]},{"@type":"WebSite","@id":"https:\/\/lightweb.dev\/l\/svm-temp\/#website","url":"https:\/\/lightweb.dev\/l\/svm-temp\/","name":"Svenska Magasinet","description":"Dina Spanska nyheter p&aring; Svenska","publisher":{"@id":"https:\/\/lightweb.dev\/l\/svm-temp\/#organization"},"potentialAction":[{"@type":"SearchAction","target":{"@type":"EntryPoint","urlTemplate":"https:\/\/lightweb.dev\/l\/svm-temp\/?s={search_term_string}"},"query-input":{"@type":"PropertyValueSpecification","valueRequired":true,"valueName":"search_term_string"}}],"inLanguage":"sv-SE"},{"@type":"Organization","@id":"https:\/\/lightweb.dev\/l\/svm-temp\/#organization","name":"Melkerson y Nott SL","alternateName":"Svenska Magasinet","url":"https:\/\/lightweb.dev\/l\/svm-temp\/","logo":{"@type":"ImageObject","inLanguage":"sv-SE","@id":"https:\/\/lightweb.dev\/l\/svm-temp\/#\/schema\/logo\/image\/","url":"https:\/\/lightweb.dev\/l\/svm-temp\/wp-content\/uploads\/2025\/02\/SvM-logo-Xtra-Centrerad-SVART.png","contentUrl":"https:\/\/lightweb.dev\/l\/svm-temp\/wp-content\/uploads\/2025\/02\/SvM-logo-Xtra-Centrerad-SVART.png","width":300,"height":99,"caption":"Melkerson y Nott SL"},"image":{"@id":"https:\/\/lightweb.dev\/l\/svm-temp\/#\/schema\/logo\/image\/"},"sameAs":["https:\/\/www.facebook.com\/svenskamagasinet","https:\/\/x.com\/SvenskaMagasine"]},{"@type":"Person","@id":"https:\/\/lightweb.dev\/l\/svm-temp\/#\/schema\/person\/caffe038990d25722f5a04a03c906a2b","name":"Robbie Eriksson","sameAs":["https:\/\/lightweb.dev\/l\/svm-temp"],"url":"https:\/\/lightweb.dev\/l\/svm-temp\/reporter\/robbie-eriksson\/"}]}},"_links":{"self":[{"href":"https:\/\/lightweb.dev\/l\/svm-temp\/wp-json\/wp\/v2\/posts\/69730","targetHints":{"allow":["GET"]}}],"collection":[{"href":"https:\/\/lightweb.dev\/l\/svm-temp\/wp-json\/wp\/v2\/posts"}],"about":[{"href":"https:\/\/lightweb.dev\/l\/svm-temp\/wp-json\/wp\/v2\/types\/post"}],"author":[{"embeddable":true,"href":"https:\/\/lightweb.dev\/l\/svm-temp\/wp-json\/wp\/v2\/users\/14"}],"replies":[{"embeddable":true,"href":"https:\/\/lightweb.dev\/l\/svm-temp\/wp-json\/wp\/v2\/comments?post=69730"}],"version-history":[{"count":0,"href":"https:\/\/lightweb.dev\/l\/svm-temp\/wp-json\/wp\/v2\/posts\/69730\/revisions"}],"wp:featuredmedia":[{"embeddable":true,"href":"https:\/\/lightweb.dev\/l\/svm-temp\/wp-json\/wp\/v2\/media\/69728"}],"wp:attachment":[{"href":"https:\/\/lightweb.dev\/l\/svm-temp\/wp-json\/wp\/v2\/media?parent=69730"}],"wp:term":[{"taxonomy":"category","embeddable":true,"href":"https:\/\/lightweb.dev\/l\/svm-temp\/wp-json\/wp\/v2\/categories?post=69730"},{"taxonomy":"post_tag","embeddable":true,"href":"https:\/\/lightweb.dev\/l\/svm-temp\/wp-json\/wp\/v2\/tags?post=69730"}],"curies":[{"name":"wp","href":"https:\/\/api.w.org\/{rel}","templated":true}]}}