{"id":69737,"date":"2024-02-16T15:17:59","date_gmt":"2024-02-16T14:17:59","guid":{"rendered":"https:\/\/lightweb.dev\/l\/svm-temp\/?p=69737"},"modified":"2024-02-16T15:17:59","modified_gmt":"2024-02-16T14:17:59","slug":"malagas-tunnelbana-byggs-ut","status":"publish","type":"post","link":"https:\/\/lightweb.dev\/l\/svm-temp\/nyheter\/malagas-tunnelbana-byggs-ut\/","title":{"rendered":"M\u00e1lagas tunnelbana byggs ut"},"content":{"rendered":"<p><strong>Den nya sektionen ska str\u00e4cka sig fr\u00e5n stadens centrum till det nya sjukhuset Hospital Civil.\u00a0<\/strong><\/p>\n<p><span style=\"font-weight: 400;\">En ny sektion av <\/span><span style=\"font-weight: 400;\">M\u00e1laga<\/span><span style=\"font-weight: 400;\">s tunnelbana har b\u00f6rjat byggas. Den nya str\u00e4ckan ska g\u00e5 till sjukhuset Hospital Civil. Regionspresidenten f\u00f6r Andalusien, Juanma Moreno, deltog i onsdags i starten av byggandet av en ny v\u00e5ning i stationen Guadalmedina, mittemot El Corte Ingles. D\u00e4r ska v\u00e4ggen rivas ner och om omkring tre \u00e5r ska sp\u00e5ren l\u00e4nkas samman med de nordliga delarna av staden.\u00a0<\/span><\/p>\n<p><span style=\"font-weight: 400;\">Den f\u00f6rsta av de nya stationerna &#8211; Hilera &#8211; ska ligga vid korsningen Calle Hilera och Santa Elena. Det kommer att inneb\u00e4ra stora arbeten vid rondellen som ligger mellan El Corte Ingles och Santanders bankkontor vid monumentet <\/span><span style=\"font-weight: 400;\">Jesuit priest Tiburcio Arn\u00e1iz.<\/span><\/p>\n<p><span style=\"font-weight: 400;\">Moreno h\u00f6ll \u00e4ven ett tal i samband med ceremonin och besvarade fr\u00e5gor fr\u00e5n journalister, aff\u00e4rsm\u00e4n och ingenj\u00f6rer. D\u00e5 f\u00f6rklarade han att byggandet av den andra sektionen av den nya delen av n\u00e4tverket &#8211; Eugenio Gross &#8211;\u00a0 kommer att l\u00e4ggas ut f\u00f6r anbud n\u00e5gon g\u00e5ng efter april, troligen i juni. D\u00e4rf\u00f6r \u00e4r det troligt att arbetet i denna h\u00f6gtrafikerade del av staden inleds i slutet av 2024 eller b\u00f6rjan av 2025. Den stationen kommer att heta \u2018La Trinidad\u2019.<\/span><\/p>\n<p><span style=\"font-weight: 400;\">Den nya slutstationen kommer att vara vid Hospital Civil och den avslutande str\u00e4ckan l\u00f6per l\u00e4ngs med Calle Blas de Lezo. Stationen kommer att d\u00f6pas efter sjukhuset och ha tre in- och utg\u00e5ngar.\u00a0<\/span><\/p>\n<p><span style=\"font-weight: 400;\">Hospital Civil \u00e4r ett nytt och hypermodernt sjukhus bel\u00e4get i de norra delarna av <\/span><span style=\"font-weight: 400;\">M\u00e1laga<\/span><span style=\"font-weight: 400;\"> stad. Det \u00e4r \u00f6ppet till viss del men h\u00e5ller fortfarande p\u00e5 att f\u00e4rdigst\u00e4llas. Det ber\u00e4knas st\u00e5 klart under 2027.\u00a0<\/span><\/p>\n<p><span style=\"font-weight: 400;\">Moreno kallar sjukhuset och den nya str\u00e4ckan p\u00e5 tunnelbanan \u201chistoriska megaprojekt\u201d som \u00e4r n\u00f6dv\u00e4ndiga f\u00f6r provinsen d\u00e5 befolkningen \u00f6kar s\u00e5 snabbt.\u00a0<\/span><\/p>\n<h2><span style=\"font-weight: 400;\">Mer \u00e4n 200 miljoner euro<\/span><\/h2>\n<p><span style=\"font-weight: 400;\">F\u00f6rl\u00e4ngningen av tunnelbanen\u00e4tverket blir 1,8 kilometer l\u00e5ng och kommer att kosta 220 miljoner euro. Hela str\u00e4ckan kommer att g\u00e5 under jord. Delen av staden d\u00e4r den g\u00e5r \u00e4r det fj\u00e4rde mest befolkade omr\u00e5det i <\/span><span style=\"font-weight: 400;\">M\u00e1laga<\/span><span style=\"font-weight: 400;\"> med mer \u00e4n 60 000 inv\u00e5nare.\u00a0<\/span><\/p>\n<p><span style=\"font-weight: 400;\">N\u00e4r arbeten \u00e4r slutf\u00f6rt kommer det inneb\u00e4ra att regionregeringen har investerat totalt 900 miljoner euro i stadens tunnelbanesystem. Det \u00e4r &#8211; tillsammans med Sevillas tunnelbana &#8211;\u00a0 den st\u00f6rsta satsningen p\u00e5 lokaltrafik som lokalregeringen har gjort. \u201cDet \u00e4r dyrt men det \u00e4r v\u00e4rt det\u201d, kommenterade Moreno.\u00a0<\/span><\/p>\n<p><span style=\"font-weight: 400;\">N\u00e4r det g\u00e4ller tiden som arbetet kommer att ta, sade Moreno: &#8221;Jag ber inv\u00e5narna om t\u00e5lamod, samarbete och f\u00f6rst\u00e5else. Det \u00e4r komplexa arbeten som kommer att orsaka vissa st\u00f6rningar men vi \u00e4r fast beslutna att st\u00f6ra inv\u00e5narnas vardag s\u00e5 lite som m\u00f6jligt\u201d.\u00a0<\/span><\/p>\n","protected":false},"excerpt":{"rendered":"<p>Den nya sektionen ska str\u00e4cka sig fr\u00e5n stadens centrum till det nya sjukhuset Hospital Civil.\u00a0<\/p>\n","protected":false},"author":14,"featured_media":62693,"comment_status":"closed","ping_status":"closed","sticky":false,"template":"","format":"standard","meta":{"_et_pb_use_builder":"","_et_pb_old_content":"","_et_gb_content_width":"","footnotes":""},"categories":[395,3],"tags":[],"class_list":["post-69737","post","type-post","status-publish","format-standard","has-post-thumbnail","hentry","category-arkiv-nyheter","category-nyheter"],"yoast_head":"<!-- This site is optimized with the Yoast SEO Premium plugin v26.2 (Yoast SEO v27.4) - https:\/\/yoast.com\/product\/yoast-seo-premium-wordpress\/ -->\n<title>M\u00e1lagas tunnelbana byggs ut - Svenska Magasinet<\/title>\n<meta name=\"robots\" content=\"noindex, follow, max-snippet:-1, max-image-preview:large, max-video-preview:-1\" \/>\n<meta property=\"og:locale\" content=\"sv_SE\" \/>\n<meta property=\"og:type\" content=\"article\" \/>\n<meta property=\"og:title\" content=\"M\u00e1lagas tunnelbana byggs ut\" \/>\n<meta property=\"og:description\" content=\"Den nya sektionen ska str\u00e4cka sig fr\u00e5n stadens centrum till det nya sjukhuset Hospital Civil.\u00a0\" \/>\n<meta property=\"og:url\" content=\"https:\/\/lightweb.dev\/l\/svm-temp\/nyheter\/malagas-tunnelbana-byggs-ut\/\" \/>\n<meta property=\"og:site_name\" content=\"Svenska Magasinet\" \/>\n<meta property=\"article:publisher\" content=\"https:\/\/www.facebook.com\/svenskamagasinet\" \/>\n<meta property=\"article:published_time\" content=\"2024-02-16T14:17:59+00:00\" \/>\n<meta property=\"og:image\" content=\"https:\/\/lightweb.dev\/l\/svm-temp\/wp-content\/uploads\/2022\/09\/Frri-UTWYAEbu2Z-stor.jpeg\" \/>\n\t<meta property=\"og:image:width\" content=\"1280\" \/>\n\t<meta property=\"og:image:height\" content=\"853\" \/>\n\t<meta property=\"og:image:type\" content=\"image\/jpeg\" \/>\n<meta name=\"author\" content=\"Robbie Eriksson\" \/>\n<meta name=\"twitter:card\" content=\"summary_large_image\" \/>\n<meta name=\"twitter:creator\" content=\"@SvenskaMagasine\" \/>\n<meta name=\"twitter:site\" content=\"@SvenskaMagasine\" \/>\n<script type=\"application\/ld+json\" class=\"yoast-schema-graph\">{\"@context\":\"https:\\\/\\\/schema.org\",\"@graph\":[{\"@type\":\"Article\",\"@id\":\"https:\\\/\\\/lightweb.dev\\\/l\\\/svm-temp\\\/nyheter\\\/malagas-tunnelbana-byggs-ut\\\/#article\",\"isPartOf\":{\"@id\":\"https:\\\/\\\/lightweb.dev\\\/l\\\/svm-temp\\\/nyheter\\\/malagas-tunnelbana-byggs-ut\\\/\"},\"author\":{\"name\":\"Robbie Eriksson\",\"@id\":\"https:\\\/\\\/lightweb.dev\\\/l\\\/svm-temp\\\/#\\\/schema\\\/person\\\/caffe038990d25722f5a04a03c906a2b\"},\"headline\":\"M\u00e1lagas tunnelbana byggs ut\",\"datePublished\":\"2024-02-16T14:17:59+00:00\",\"mainEntityOfPage\":{\"@id\":\"https:\\\/\\\/lightweb.dev\\\/l\\\/svm-temp\\\/nyheter\\\/malagas-tunnelbana-byggs-ut\\\/\"},\"wordCount\":482,\"publisher\":{\"@id\":\"https:\\\/\\\/lightweb.dev\\\/l\\\/svm-temp\\\/#organization\"},\"image\":{\"@id\":\"https:\\\/\\\/lightweb.dev\\\/l\\\/svm-temp\\\/nyheter\\\/malagas-tunnelbana-byggs-ut\\\/#primaryimage\"},\"thumbnailUrl\":\"https:\\\/\\\/lightweb.dev\\\/l\\\/svm-temp\\\/wp-content\\\/uploads\\\/2022\\\/09\\\/Frri-UTWYAEbu2Z-stor.jpeg\",\"articleSection\":[\"Arkiv\",\"Nyheter\"],\"inLanguage\":\"sv-SE\"},{\"@type\":\"WebPage\",\"@id\":\"https:\\\/\\\/lightweb.dev\\\/l\\\/svm-temp\\\/nyheter\\\/malagas-tunnelbana-byggs-ut\\\/\",\"url\":\"https:\\\/\\\/lightweb.dev\\\/l\\\/svm-temp\\\/nyheter\\\/malagas-tunnelbana-byggs-ut\\\/\",\"name\":\"M\u00e1lagas tunnelbana byggs ut - Svenska Magasinet\",\"isPartOf\":{\"@id\":\"https:\\\/\\\/lightweb.dev\\\/l\\\/svm-temp\\\/#website\"},\"primaryImageOfPage\":{\"@id\":\"https:\\\/\\\/lightweb.dev\\\/l\\\/svm-temp\\\/nyheter\\\/malagas-tunnelbana-byggs-ut\\\/#primaryimage\"},\"image\":{\"@id\":\"https:\\\/\\\/lightweb.dev\\\/l\\\/svm-temp\\\/nyheter\\\/malagas-tunnelbana-byggs-ut\\\/#primaryimage\"},\"thumbnailUrl\":\"https:\\\/\\\/lightweb.dev\\\/l\\\/svm-temp\\\/wp-content\\\/uploads\\\/2022\\\/09\\\/Frri-UTWYAEbu2Z-stor.jpeg\",\"datePublished\":\"2024-02-16T14:17:59+00:00\",\"breadcrumb\":{\"@id\":\"https:\\\/\\\/lightweb.dev\\\/l\\\/svm-temp\\\/nyheter\\\/malagas-tunnelbana-byggs-ut\\\/#breadcrumb\"},\"inLanguage\":\"sv-SE\",\"potentialAction\":[{\"@type\":\"ReadAction\",\"target\":[\"https:\\\/\\\/lightweb.dev\\\/l\\\/svm-temp\\\/nyheter\\\/malagas-tunnelbana-byggs-ut\\\/\"]}]},{\"@type\":\"ImageObject\",\"inLanguage\":\"sv-SE\",\"@id\":\"https:\\\/\\\/lightweb.dev\\\/l\\\/svm-temp\\\/nyheter\\\/malagas-tunnelbana-byggs-ut\\\/#primaryimage\",\"url\":\"https:\\\/\\\/lightweb.dev\\\/l\\\/svm-temp\\\/wp-content\\\/uploads\\\/2022\\\/09\\\/Frri-UTWYAEbu2Z-stor.jpeg\",\"contentUrl\":\"https:\\\/\\\/lightweb.dev\\\/l\\\/svm-temp\\\/wp-content\\\/uploads\\\/2022\\\/09\\\/Frri-UTWYAEbu2Z-stor.jpeg\",\"width\":1280,\"height\":853},{\"@type\":\"BreadcrumbList\",\"@id\":\"https:\\\/\\\/lightweb.dev\\\/l\\\/svm-temp\\\/nyheter\\\/malagas-tunnelbana-byggs-ut\\\/#breadcrumb\",\"itemListElement\":[{\"@type\":\"ListItem\",\"position\":1,\"name\":\"Hem\",\"item\":\"https:\\\/\\\/lightweb.dev\\\/l\\\/svm-temp\\\/\"},{\"@type\":\"ListItem\",\"position\":2,\"name\":\"M\u00e1lagas tunnelbana byggs ut\"}]},{\"@type\":\"WebSite\",\"@id\":\"https:\\\/\\\/lightweb.dev\\\/l\\\/svm-temp\\\/#website\",\"url\":\"https:\\\/\\\/lightweb.dev\\\/l\\\/svm-temp\\\/\",\"name\":\"Svenska Magasinet\",\"description\":\"Dina Spanska nyheter p&aring; Svenska\",\"publisher\":{\"@id\":\"https:\\\/\\\/lightweb.dev\\\/l\\\/svm-temp\\\/#organization\"},\"potentialAction\":[{\"@type\":\"SearchAction\",\"target\":{\"@type\":\"EntryPoint\",\"urlTemplate\":\"https:\\\/\\\/lightweb.dev\\\/l\\\/svm-temp\\\/?s={search_term_string}\"},\"query-input\":{\"@type\":\"PropertyValueSpecification\",\"valueRequired\":true,\"valueName\":\"search_term_string\"}}],\"inLanguage\":\"sv-SE\"},{\"@type\":\"Organization\",\"@id\":\"https:\\\/\\\/lightweb.dev\\\/l\\\/svm-temp\\\/#organization\",\"name\":\"Melkerson y Nott SL\",\"alternateName\":\"Svenska Magasinet\",\"url\":\"https:\\\/\\\/lightweb.dev\\\/l\\\/svm-temp\\\/\",\"logo\":{\"@type\":\"ImageObject\",\"inLanguage\":\"sv-SE\",\"@id\":\"https:\\\/\\\/lightweb.dev\\\/l\\\/svm-temp\\\/#\\\/schema\\\/logo\\\/image\\\/\",\"url\":\"https:\\\/\\\/lightweb.dev\\\/l\\\/svm-temp\\\/wp-content\\\/uploads\\\/2025\\\/02\\\/SvM-logo-Xtra-Centrerad-SVART.png\",\"contentUrl\":\"https:\\\/\\\/lightweb.dev\\\/l\\\/svm-temp\\\/wp-content\\\/uploads\\\/2025\\\/02\\\/SvM-logo-Xtra-Centrerad-SVART.png\",\"width\":300,\"height\":99,\"caption\":\"Melkerson y Nott SL\"},\"image\":{\"@id\":\"https:\\\/\\\/lightweb.dev\\\/l\\\/svm-temp\\\/#\\\/schema\\\/logo\\\/image\\\/\"},\"sameAs\":[\"https:\\\/\\\/www.facebook.com\\\/svenskamagasinet\",\"https:\\\/\\\/x.com\\\/SvenskaMagasine\"]},{\"@type\":\"Person\",\"@id\":\"https:\\\/\\\/lightweb.dev\\\/l\\\/svm-temp\\\/#\\\/schema\\\/person\\\/caffe038990d25722f5a04a03c906a2b\",\"name\":\"Robbie Eriksson\",\"sameAs\":[\"https:\\\/\\\/lightweb.dev\\\/l\\\/svm-temp\"],\"url\":\"https:\\\/\\\/lightweb.dev\\\/l\\\/svm-temp\\\/reporter\\\/robbie-eriksson\\\/\"}]}<\/script>\n<!-- \/ Yoast SEO Premium plugin. -->","yoast_head_json":{"title":"M\u00e1lagas tunnelbana byggs ut - Svenska Magasinet","robots":{"index":"noindex","follow":"follow","max-snippet":"max-snippet:-1","max-image-preview":"max-image-preview:large","max-video-preview":"max-video-preview:-1"},"og_locale":"sv_SE","og_type":"article","og_title":"M\u00e1lagas tunnelbana byggs ut","og_description":"Den nya sektionen ska str\u00e4cka sig fr\u00e5n stadens centrum till det nya sjukhuset Hospital Civil.\u00a0","og_url":"https:\/\/lightweb.dev\/l\/svm-temp\/nyheter\/malagas-tunnelbana-byggs-ut\/","og_site_name":"Svenska Magasinet","article_publisher":"https:\/\/www.facebook.com\/svenskamagasinet","article_published_time":"2024-02-16T14:17:59+00:00","og_image":[{"width":1280,"height":853,"url":"https:\/\/lightweb.dev\/l\/svm-temp\/wp-content\/uploads\/2022\/09\/Frri-UTWYAEbu2Z-stor.jpeg","type":"image\/jpeg"}],"author":"Robbie Eriksson","twitter_card":"summary_large_image","twitter_creator":"@SvenskaMagasine","twitter_site":"@SvenskaMagasine","schema":{"@context":"https:\/\/schema.org","@graph":[{"@type":"Article","@id":"https:\/\/lightweb.dev\/l\/svm-temp\/nyheter\/malagas-tunnelbana-byggs-ut\/#article","isPartOf":{"@id":"https:\/\/lightweb.dev\/l\/svm-temp\/nyheter\/malagas-tunnelbana-byggs-ut\/"},"author":{"name":"Robbie Eriksson","@id":"https:\/\/lightweb.dev\/l\/svm-temp\/#\/schema\/person\/caffe038990d25722f5a04a03c906a2b"},"headline":"M\u00e1lagas tunnelbana byggs ut","datePublished":"2024-02-16T14:17:59+00:00","mainEntityOfPage":{"@id":"https:\/\/lightweb.dev\/l\/svm-temp\/nyheter\/malagas-tunnelbana-byggs-ut\/"},"wordCount":482,"publisher":{"@id":"https:\/\/lightweb.dev\/l\/svm-temp\/#organization"},"image":{"@id":"https:\/\/lightweb.dev\/l\/svm-temp\/nyheter\/malagas-tunnelbana-byggs-ut\/#primaryimage"},"thumbnailUrl":"https:\/\/lightweb.dev\/l\/svm-temp\/wp-content\/uploads\/2022\/09\/Frri-UTWYAEbu2Z-stor.jpeg","articleSection":["Arkiv","Nyheter"],"inLanguage":"sv-SE"},{"@type":"WebPage","@id":"https:\/\/lightweb.dev\/l\/svm-temp\/nyheter\/malagas-tunnelbana-byggs-ut\/","url":"https:\/\/lightweb.dev\/l\/svm-temp\/nyheter\/malagas-tunnelbana-byggs-ut\/","name":"M\u00e1lagas tunnelbana byggs ut - Svenska Magasinet","isPartOf":{"@id":"https:\/\/lightweb.dev\/l\/svm-temp\/#website"},"primaryImageOfPage":{"@id":"https:\/\/lightweb.dev\/l\/svm-temp\/nyheter\/malagas-tunnelbana-byggs-ut\/#primaryimage"},"image":{"@id":"https:\/\/lightweb.dev\/l\/svm-temp\/nyheter\/malagas-tunnelbana-byggs-ut\/#primaryimage"},"thumbnailUrl":"https:\/\/lightweb.dev\/l\/svm-temp\/wp-content\/uploads\/2022\/09\/Frri-UTWYAEbu2Z-stor.jpeg","datePublished":"2024-02-16T14:17:59+00:00","breadcrumb":{"@id":"https:\/\/lightweb.dev\/l\/svm-temp\/nyheter\/malagas-tunnelbana-byggs-ut\/#breadcrumb"},"inLanguage":"sv-SE","potentialAction":[{"@type":"ReadAction","target":["https:\/\/lightweb.dev\/l\/svm-temp\/nyheter\/malagas-tunnelbana-byggs-ut\/"]}]},{"@type":"ImageObject","inLanguage":"sv-SE","@id":"https:\/\/lightweb.dev\/l\/svm-temp\/nyheter\/malagas-tunnelbana-byggs-ut\/#primaryimage","url":"https:\/\/lightweb.dev\/l\/svm-temp\/wp-content\/uploads\/2022\/09\/Frri-UTWYAEbu2Z-stor.jpeg","contentUrl":"https:\/\/lightweb.dev\/l\/svm-temp\/wp-content\/uploads\/2022\/09\/Frri-UTWYAEbu2Z-stor.jpeg","width":1280,"height":853},{"@type":"BreadcrumbList","@id":"https:\/\/lightweb.dev\/l\/svm-temp\/nyheter\/malagas-tunnelbana-byggs-ut\/#breadcrumb","itemListElement":[{"@type":"ListItem","position":1,"name":"Hem","item":"https:\/\/lightweb.dev\/l\/svm-temp\/"},{"@type":"ListItem","position":2,"name":"M\u00e1lagas tunnelbana byggs ut"}]},{"@type":"WebSite","@id":"https:\/\/lightweb.dev\/l\/svm-temp\/#website","url":"https:\/\/lightweb.dev\/l\/svm-temp\/","name":"Svenska Magasinet","description":"Dina Spanska nyheter p&aring; Svenska","publisher":{"@id":"https:\/\/lightweb.dev\/l\/svm-temp\/#organization"},"potentialAction":[{"@type":"SearchAction","target":{"@type":"EntryPoint","urlTemplate":"https:\/\/lightweb.dev\/l\/svm-temp\/?s={search_term_string}"},"query-input":{"@type":"PropertyValueSpecification","valueRequired":true,"valueName":"search_term_string"}}],"inLanguage":"sv-SE"},{"@type":"Organization","@id":"https:\/\/lightweb.dev\/l\/svm-temp\/#organization","name":"Melkerson y Nott SL","alternateName":"Svenska Magasinet","url":"https:\/\/lightweb.dev\/l\/svm-temp\/","logo":{"@type":"ImageObject","inLanguage":"sv-SE","@id":"https:\/\/lightweb.dev\/l\/svm-temp\/#\/schema\/logo\/image\/","url":"https:\/\/lightweb.dev\/l\/svm-temp\/wp-content\/uploads\/2025\/02\/SvM-logo-Xtra-Centrerad-SVART.png","contentUrl":"https:\/\/lightweb.dev\/l\/svm-temp\/wp-content\/uploads\/2025\/02\/SvM-logo-Xtra-Centrerad-SVART.png","width":300,"height":99,"caption":"Melkerson y Nott SL"},"image":{"@id":"https:\/\/lightweb.dev\/l\/svm-temp\/#\/schema\/logo\/image\/"},"sameAs":["https:\/\/www.facebook.com\/svenskamagasinet","https:\/\/x.com\/SvenskaMagasine"]},{"@type":"Person","@id":"https:\/\/lightweb.dev\/l\/svm-temp\/#\/schema\/person\/caffe038990d25722f5a04a03c906a2b","name":"Robbie Eriksson","sameAs":["https:\/\/lightweb.dev\/l\/svm-temp"],"url":"https:\/\/lightweb.dev\/l\/svm-temp\/reporter\/robbie-eriksson\/"}]}},"_links":{"self":[{"href":"https:\/\/lightweb.dev\/l\/svm-temp\/wp-json\/wp\/v2\/posts\/69737","targetHints":{"allow":["GET"]}}],"collection":[{"href":"https:\/\/lightweb.dev\/l\/svm-temp\/wp-json\/wp\/v2\/posts"}],"about":[{"href":"https:\/\/lightweb.dev\/l\/svm-temp\/wp-json\/wp\/v2\/types\/post"}],"author":[{"embeddable":true,"href":"https:\/\/lightweb.dev\/l\/svm-temp\/wp-json\/wp\/v2\/users\/14"}],"replies":[{"embeddable":true,"href":"https:\/\/lightweb.dev\/l\/svm-temp\/wp-json\/wp\/v2\/comments?post=69737"}],"version-history":[{"count":0,"href":"https:\/\/lightweb.dev\/l\/svm-temp\/wp-json\/wp\/v2\/posts\/69737\/revisions"}],"wp:featuredmedia":[{"embeddable":true,"href":"https:\/\/lightweb.dev\/l\/svm-temp\/wp-json\/wp\/v2\/media\/62693"}],"wp:attachment":[{"href":"https:\/\/lightweb.dev\/l\/svm-temp\/wp-json\/wp\/v2\/media?parent=69737"}],"wp:term":[{"taxonomy":"category","embeddable":true,"href":"https:\/\/lightweb.dev\/l\/svm-temp\/wp-json\/wp\/v2\/categories?post=69737"},{"taxonomy":"post_tag","embeddable":true,"href":"https:\/\/lightweb.dev\/l\/svm-temp\/wp-json\/wp\/v2\/tags?post=69737"}],"curies":[{"name":"wp","href":"https:\/\/api.w.org\/{rel}","templated":true}]}}