{"id":69741,"date":"2024-02-16T15:30:40","date_gmt":"2024-02-16T14:30:40","guid":{"rendered":"https:\/\/lightweb.dev\/l\/svm-temp\/?p=69741"},"modified":"2024-02-16T15:30:40","modified_gmt":"2024-02-16T14:30:40","slug":"jordbruksprotesterna-fortsatter-nasta-vecka","status":"publish","type":"post","link":"https:\/\/lightweb.dev\/l\/svm-temp\/nyheter\/jordbruksprotesterna-fortsatter-nasta-vecka\/","title":{"rendered":"Jordbruksprotesterna forts\u00e4tter n\u00e4sta vecka"},"content":{"rendered":"<p><strong>Ytterligare en stor traktorsamling \u00e4r planerad i M\u00e1lagaprovinsen n\u00e4sta vecka. Den \u00e4ger rum p\u00e5 onsdag.<\/strong><\/p>\n<p><span style=\"font-weight: 400;\">Under de senaste veckorna har jordbrukare blockerat v\u00e4gar runt om i Spanien i protest mot strikta krav p\u00e5 deras verksamhet fr\u00e5n EU. Samlingen p\u00e5 onsdag n\u00e4sta vecka v\u00e4ntas bli storskalig. Den annonserades tidigare i veckan n\u00e4r representanter f\u00f6r organisationerna som ligger bakom protesterna &#8211; Asaja, Coag, UPA och Cooperativas Agro-Alimentarias &#8211; talade med media f\u00f6r f\u00f6rsta g\u00e5ngen sedan demonstrationerna b\u00f6rjade.\u00a0<\/span><\/p>\n<p><span style=\"font-weight: 400;\">Cooperativas Agro-Alimentarias chef, Carlos Cinta, sade att demonstrationerna har f\u00f6r avsikt att \u201corsaka s\u00e5 lite skada som m\u00f6jligt\u201d f\u00f6r landets befolkning. \u201cSituationen p\u00e5 landsbygden \u00e4r mycket allvarlig. Vi f\u00e5r mer och mer byr\u00e5krati. Vi tvingas att vara chefer, skattetj\u00e4nstemen och revisorer,\u201d f\u00f6rklarade han.\u00a0<\/span><\/p>\n<p><span style=\"font-weight: 400;\">Generalsekreteraren p\u00e5 Coag, Antonio Rodriguez, v\u00e4djade till landets politiker och befolkning. \u201cDetta \u00e4r inte bara ett problem f\u00f6r b\u00f6nderna, utan ett problem f\u00f6r hela befolkningen. Vem kan \u00e4ta om vi inte producerar mat?\u201d fr\u00e5gade han. Han anv\u00e4nde situationen med citroner i Guadalhorcedalen som ett exempel. \u201cHur \u00e4r det rimligt att vi \u00e4ter citroner fr\u00e5n Sydafrika medan de som kommer h\u00e4rifr\u00e5n ruttnar p\u00e5 marken?\u201d<\/span><\/p>\n<p><span style=\"font-weight: 400;\">Asajas president, Baldoremo Bellido, kallade det nya regelverket fr\u00e5n Bryssel \u201cett stort hinder\u201d. Han sade att det \u00e4r \u201cett hot mot v\u00e5rt levnadss\u00e4tt och hur vi producerar mat i byarna\u201d.\u00a0<\/span><\/p>\n<h2><span style=\"font-weight: 400;\">Transportsektorn<\/span><\/h2>\n<p><span style=\"font-weight: 400;\">En grupp som kallar sig Plataforma6F vill leda protesterna p\u00e5 landsbygden. Nu vill de \u00e4ven att transportsektorn ska g\u00e5 med i demonstrationerna. P\u00e5 l\u00f6rdag har en strejk inom sektorn redan godk\u00e4nts. Den kommer efter att uppr\u00f6rda \u00e5kerier iscensatte en egen protest i utkanten av <\/span><span style=\"font-weight: 400;\">M\u00e1laga<\/span><span style=\"font-weight: 400;\"> stad under natten mellan s\u00f6ndag och m\u00e5ndag f\u00f6rra helgen. D\u00e5 t\u00e4ndes en stor eld som barrikerade <\/span><span style=\"font-weight: 400;\">Mercam\u00e1laga, ett grossistvaruhus som \u00e4r ett av Andalusiens st\u00f6rsta.\u00a0\u00a0<\/span><span style=\"font-weight: 400;\">M\u00e1laga<\/span><span style=\"font-weight: 400;\">s jordbruksf\u00f6reningar tog dock avst\u00e5nd fr\u00e5n detta f\u00f6rs\u00f6k att kombinera protesterna. Antonio Rodriguez fr\u00e5n COAG var tydlig g\u00e4llande detta. \u201cJag har respekt f\u00f6r alla problem som transportsektorn upplever. Men jag tycker jordbrukarna har nog med problem och vi beh\u00f6ver behandlas separat. Om vi l\u00e4gger allt i samma korg riskerar v\u00e5ra krav att sp\u00e4das ut i framtida f\u00f6rhandlingar\u201d, kommenterade han. <\/span><\/p>\n","protected":false},"excerpt":{"rendered":"<p>Ytterligare en stor traktorsamling \u00e4r planerad i M\u00e1lagaprovinsen n\u00e4sta vecka. Den \u00e4ger rum p\u00e5 onsdag.<\/p>\n","protected":false},"author":14,"featured_media":69664,"comment_status":"closed","ping_status":"closed","sticky":false,"template":"","format":"standard","meta":{"_et_pb_use_builder":"","_et_pb_old_content":"","_et_gb_content_width":"","footnotes":""},"categories":[395,3],"tags":[],"class_list":["post-69741","post","type-post","status-publish","format-standard","has-post-thumbnail","hentry","category-arkiv-nyheter","category-nyheter"],"yoast_head":"<!-- This site is optimized with the Yoast SEO Premium plugin v26.2 (Yoast SEO v27.4) - https:\/\/yoast.com\/product\/yoast-seo-premium-wordpress\/ -->\n<title>Jordbruksprotesterna forts\u00e4tter n\u00e4sta vecka - Svenska Magasinet<\/title>\n<meta name=\"robots\" content=\"noindex, follow, max-snippet:-1, max-image-preview:large, max-video-preview:-1\" \/>\n<meta property=\"og:locale\" content=\"sv_SE\" \/>\n<meta property=\"og:type\" content=\"article\" \/>\n<meta property=\"og:title\" content=\"Jordbruksprotesterna forts\u00e4tter n\u00e4sta vecka\" \/>\n<meta property=\"og:description\" content=\"Ytterligare en stor traktorsamling \u00e4r planerad i M\u00e1lagaprovinsen n\u00e4sta vecka. Den \u00e4ger rum p\u00e5 onsdag.\" \/>\n<meta property=\"og:url\" content=\"https:\/\/lightweb.dev\/l\/svm-temp\/nyheter\/jordbruksprotesterna-fortsatter-nasta-vecka\/\" \/>\n<meta property=\"og:site_name\" content=\"Svenska Magasinet\" \/>\n<meta property=\"article:publisher\" content=\"https:\/\/www.facebook.com\/svenskamagasinet\" \/>\n<meta property=\"article:published_time\" content=\"2024-02-16T14:30:40+00:00\" \/>\n<meta property=\"og:image\" content=\"https:\/\/lightweb.dev\/l\/svm-temp\/wp-content\/uploads\/2024\/02\/GFpW_urX0AArmX3-stor-1280x640-2.jpeg\" \/>\n\t<meta property=\"og:image:width\" content=\"1280\" \/>\n\t<meta property=\"og:image:height\" content=\"640\" \/>\n\t<meta property=\"og:image:type\" content=\"image\/jpeg\" \/>\n<meta name=\"author\" content=\"Robbie Eriksson\" \/>\n<meta name=\"twitter:card\" content=\"summary_large_image\" \/>\n<meta name=\"twitter:creator\" content=\"@SvenskaMagasine\" \/>\n<meta name=\"twitter:site\" content=\"@SvenskaMagasine\" \/>\n<script type=\"application\/ld+json\" class=\"yoast-schema-graph\">{\"@context\":\"https:\\\/\\\/schema.org\",\"@graph\":[{\"@type\":\"Article\",\"@id\":\"https:\\\/\\\/lightweb.dev\\\/l\\\/svm-temp\\\/nyheter\\\/jordbruksprotesterna-fortsatter-nasta-vecka\\\/#article\",\"isPartOf\":{\"@id\":\"https:\\\/\\\/lightweb.dev\\\/l\\\/svm-temp\\\/nyheter\\\/jordbruksprotesterna-fortsatter-nasta-vecka\\\/\"},\"author\":{\"name\":\"Robbie Eriksson\",\"@id\":\"https:\\\/\\\/lightweb.dev\\\/l\\\/svm-temp\\\/#\\\/schema\\\/person\\\/caffe038990d25722f5a04a03c906a2b\"},\"headline\":\"Jordbruksprotesterna forts\u00e4tter n\u00e4sta vecka\",\"datePublished\":\"2024-02-16T14:30:40+00:00\",\"mainEntityOfPage\":{\"@id\":\"https:\\\/\\\/lightweb.dev\\\/l\\\/svm-temp\\\/nyheter\\\/jordbruksprotesterna-fortsatter-nasta-vecka\\\/\"},\"wordCount\":404,\"publisher\":{\"@id\":\"https:\\\/\\\/lightweb.dev\\\/l\\\/svm-temp\\\/#organization\"},\"image\":{\"@id\":\"https:\\\/\\\/lightweb.dev\\\/l\\\/svm-temp\\\/nyheter\\\/jordbruksprotesterna-fortsatter-nasta-vecka\\\/#primaryimage\"},\"thumbnailUrl\":\"https:\\\/\\\/lightweb.dev\\\/l\\\/svm-temp\\\/wp-content\\\/uploads\\\/2024\\\/02\\\/GFpW_urX0AArmX3-stor-1280x640-2.jpeg\",\"articleSection\":[\"Arkiv\",\"Nyheter\"],\"inLanguage\":\"sv-SE\"},{\"@type\":\"WebPage\",\"@id\":\"https:\\\/\\\/lightweb.dev\\\/l\\\/svm-temp\\\/nyheter\\\/jordbruksprotesterna-fortsatter-nasta-vecka\\\/\",\"url\":\"https:\\\/\\\/lightweb.dev\\\/l\\\/svm-temp\\\/nyheter\\\/jordbruksprotesterna-fortsatter-nasta-vecka\\\/\",\"name\":\"Jordbruksprotesterna forts\u00e4tter n\u00e4sta vecka - Svenska Magasinet\",\"isPartOf\":{\"@id\":\"https:\\\/\\\/lightweb.dev\\\/l\\\/svm-temp\\\/#website\"},\"primaryImageOfPage\":{\"@id\":\"https:\\\/\\\/lightweb.dev\\\/l\\\/svm-temp\\\/nyheter\\\/jordbruksprotesterna-fortsatter-nasta-vecka\\\/#primaryimage\"},\"image\":{\"@id\":\"https:\\\/\\\/lightweb.dev\\\/l\\\/svm-temp\\\/nyheter\\\/jordbruksprotesterna-fortsatter-nasta-vecka\\\/#primaryimage\"},\"thumbnailUrl\":\"https:\\\/\\\/lightweb.dev\\\/l\\\/svm-temp\\\/wp-content\\\/uploads\\\/2024\\\/02\\\/GFpW_urX0AArmX3-stor-1280x640-2.jpeg\",\"datePublished\":\"2024-02-16T14:30:40+00:00\",\"breadcrumb\":{\"@id\":\"https:\\\/\\\/lightweb.dev\\\/l\\\/svm-temp\\\/nyheter\\\/jordbruksprotesterna-fortsatter-nasta-vecka\\\/#breadcrumb\"},\"inLanguage\":\"sv-SE\",\"potentialAction\":[{\"@type\":\"ReadAction\",\"target\":[\"https:\\\/\\\/lightweb.dev\\\/l\\\/svm-temp\\\/nyheter\\\/jordbruksprotesterna-fortsatter-nasta-vecka\\\/\"]}]},{\"@type\":\"ImageObject\",\"inLanguage\":\"sv-SE\",\"@id\":\"https:\\\/\\\/lightweb.dev\\\/l\\\/svm-temp\\\/nyheter\\\/jordbruksprotesterna-fortsatter-nasta-vecka\\\/#primaryimage\",\"url\":\"https:\\\/\\\/lightweb.dev\\\/l\\\/svm-temp\\\/wp-content\\\/uploads\\\/2024\\\/02\\\/GFpW_urX0AArmX3-stor-1280x640-2.jpeg\",\"contentUrl\":\"https:\\\/\\\/lightweb.dev\\\/l\\\/svm-temp\\\/wp-content\\\/uploads\\\/2024\\\/02\\\/GFpW_urX0AArmX3-stor-1280x640-2.jpeg\",\"width\":1280,\"height\":640,\"caption\":\"(Bild: X@malagana)\"},{\"@type\":\"BreadcrumbList\",\"@id\":\"https:\\\/\\\/lightweb.dev\\\/l\\\/svm-temp\\\/nyheter\\\/jordbruksprotesterna-fortsatter-nasta-vecka\\\/#breadcrumb\",\"itemListElement\":[{\"@type\":\"ListItem\",\"position\":1,\"name\":\"Hem\",\"item\":\"https:\\\/\\\/lightweb.dev\\\/l\\\/svm-temp\\\/\"},{\"@type\":\"ListItem\",\"position\":2,\"name\":\"Jordbruksprotesterna forts\u00e4tter n\u00e4sta vecka\"}]},{\"@type\":\"WebSite\",\"@id\":\"https:\\\/\\\/lightweb.dev\\\/l\\\/svm-temp\\\/#website\",\"url\":\"https:\\\/\\\/lightweb.dev\\\/l\\\/svm-temp\\\/\",\"name\":\"Svenska Magasinet\",\"description\":\"Dina Spanska nyheter p&aring; Svenska\",\"publisher\":{\"@id\":\"https:\\\/\\\/lightweb.dev\\\/l\\\/svm-temp\\\/#organization\"},\"potentialAction\":[{\"@type\":\"SearchAction\",\"target\":{\"@type\":\"EntryPoint\",\"urlTemplate\":\"https:\\\/\\\/lightweb.dev\\\/l\\\/svm-temp\\\/?s={search_term_string}\"},\"query-input\":{\"@type\":\"PropertyValueSpecification\",\"valueRequired\":true,\"valueName\":\"search_term_string\"}}],\"inLanguage\":\"sv-SE\"},{\"@type\":\"Organization\",\"@id\":\"https:\\\/\\\/lightweb.dev\\\/l\\\/svm-temp\\\/#organization\",\"name\":\"Melkerson y Nott SL\",\"alternateName\":\"Svenska Magasinet\",\"url\":\"https:\\\/\\\/lightweb.dev\\\/l\\\/svm-temp\\\/\",\"logo\":{\"@type\":\"ImageObject\",\"inLanguage\":\"sv-SE\",\"@id\":\"https:\\\/\\\/lightweb.dev\\\/l\\\/svm-temp\\\/#\\\/schema\\\/logo\\\/image\\\/\",\"url\":\"https:\\\/\\\/lightweb.dev\\\/l\\\/svm-temp\\\/wp-content\\\/uploads\\\/2025\\\/02\\\/SvM-logo-Xtra-Centrerad-SVART.png\",\"contentUrl\":\"https:\\\/\\\/lightweb.dev\\\/l\\\/svm-temp\\\/wp-content\\\/uploads\\\/2025\\\/02\\\/SvM-logo-Xtra-Centrerad-SVART.png\",\"width\":300,\"height\":99,\"caption\":\"Melkerson y Nott SL\"},\"image\":{\"@id\":\"https:\\\/\\\/lightweb.dev\\\/l\\\/svm-temp\\\/#\\\/schema\\\/logo\\\/image\\\/\"},\"sameAs\":[\"https:\\\/\\\/www.facebook.com\\\/svenskamagasinet\",\"https:\\\/\\\/x.com\\\/SvenskaMagasine\"]},{\"@type\":\"Person\",\"@id\":\"https:\\\/\\\/lightweb.dev\\\/l\\\/svm-temp\\\/#\\\/schema\\\/person\\\/caffe038990d25722f5a04a03c906a2b\",\"name\":\"Robbie Eriksson\",\"sameAs\":[\"https:\\\/\\\/lightweb.dev\\\/l\\\/svm-temp\"],\"url\":\"https:\\\/\\\/lightweb.dev\\\/l\\\/svm-temp\\\/reporter\\\/robbie-eriksson\\\/\"}]}<\/script>\n<!-- \/ Yoast SEO Premium plugin. -->","yoast_head_json":{"title":"Jordbruksprotesterna forts\u00e4tter n\u00e4sta vecka - Svenska Magasinet","robots":{"index":"noindex","follow":"follow","max-snippet":"max-snippet:-1","max-image-preview":"max-image-preview:large","max-video-preview":"max-video-preview:-1"},"og_locale":"sv_SE","og_type":"article","og_title":"Jordbruksprotesterna forts\u00e4tter n\u00e4sta vecka","og_description":"Ytterligare en stor traktorsamling \u00e4r planerad i M\u00e1lagaprovinsen n\u00e4sta vecka. Den \u00e4ger rum p\u00e5 onsdag.","og_url":"https:\/\/lightweb.dev\/l\/svm-temp\/nyheter\/jordbruksprotesterna-fortsatter-nasta-vecka\/","og_site_name":"Svenska Magasinet","article_publisher":"https:\/\/www.facebook.com\/svenskamagasinet","article_published_time":"2024-02-16T14:30:40+00:00","og_image":[{"width":1280,"height":640,"url":"https:\/\/lightweb.dev\/l\/svm-temp\/wp-content\/uploads\/2024\/02\/GFpW_urX0AArmX3-stor-1280x640-2.jpeg","type":"image\/jpeg"}],"author":"Robbie Eriksson","twitter_card":"summary_large_image","twitter_creator":"@SvenskaMagasine","twitter_site":"@SvenskaMagasine","schema":{"@context":"https:\/\/schema.org","@graph":[{"@type":"Article","@id":"https:\/\/lightweb.dev\/l\/svm-temp\/nyheter\/jordbruksprotesterna-fortsatter-nasta-vecka\/#article","isPartOf":{"@id":"https:\/\/lightweb.dev\/l\/svm-temp\/nyheter\/jordbruksprotesterna-fortsatter-nasta-vecka\/"},"author":{"name":"Robbie Eriksson","@id":"https:\/\/lightweb.dev\/l\/svm-temp\/#\/schema\/person\/caffe038990d25722f5a04a03c906a2b"},"headline":"Jordbruksprotesterna forts\u00e4tter n\u00e4sta vecka","datePublished":"2024-02-16T14:30:40+00:00","mainEntityOfPage":{"@id":"https:\/\/lightweb.dev\/l\/svm-temp\/nyheter\/jordbruksprotesterna-fortsatter-nasta-vecka\/"},"wordCount":404,"publisher":{"@id":"https:\/\/lightweb.dev\/l\/svm-temp\/#organization"},"image":{"@id":"https:\/\/lightweb.dev\/l\/svm-temp\/nyheter\/jordbruksprotesterna-fortsatter-nasta-vecka\/#primaryimage"},"thumbnailUrl":"https:\/\/lightweb.dev\/l\/svm-temp\/wp-content\/uploads\/2024\/02\/GFpW_urX0AArmX3-stor-1280x640-2.jpeg","articleSection":["Arkiv","Nyheter"],"inLanguage":"sv-SE"},{"@type":"WebPage","@id":"https:\/\/lightweb.dev\/l\/svm-temp\/nyheter\/jordbruksprotesterna-fortsatter-nasta-vecka\/","url":"https:\/\/lightweb.dev\/l\/svm-temp\/nyheter\/jordbruksprotesterna-fortsatter-nasta-vecka\/","name":"Jordbruksprotesterna forts\u00e4tter n\u00e4sta vecka - Svenska Magasinet","isPartOf":{"@id":"https:\/\/lightweb.dev\/l\/svm-temp\/#website"},"primaryImageOfPage":{"@id":"https:\/\/lightweb.dev\/l\/svm-temp\/nyheter\/jordbruksprotesterna-fortsatter-nasta-vecka\/#primaryimage"},"image":{"@id":"https:\/\/lightweb.dev\/l\/svm-temp\/nyheter\/jordbruksprotesterna-fortsatter-nasta-vecka\/#primaryimage"},"thumbnailUrl":"https:\/\/lightweb.dev\/l\/svm-temp\/wp-content\/uploads\/2024\/02\/GFpW_urX0AArmX3-stor-1280x640-2.jpeg","datePublished":"2024-02-16T14:30:40+00:00","breadcrumb":{"@id":"https:\/\/lightweb.dev\/l\/svm-temp\/nyheter\/jordbruksprotesterna-fortsatter-nasta-vecka\/#breadcrumb"},"inLanguage":"sv-SE","potentialAction":[{"@type":"ReadAction","target":["https:\/\/lightweb.dev\/l\/svm-temp\/nyheter\/jordbruksprotesterna-fortsatter-nasta-vecka\/"]}]},{"@type":"ImageObject","inLanguage":"sv-SE","@id":"https:\/\/lightweb.dev\/l\/svm-temp\/nyheter\/jordbruksprotesterna-fortsatter-nasta-vecka\/#primaryimage","url":"https:\/\/lightweb.dev\/l\/svm-temp\/wp-content\/uploads\/2024\/02\/GFpW_urX0AArmX3-stor-1280x640-2.jpeg","contentUrl":"https:\/\/lightweb.dev\/l\/svm-temp\/wp-content\/uploads\/2024\/02\/GFpW_urX0AArmX3-stor-1280x640-2.jpeg","width":1280,"height":640,"caption":"(Bild: X@malagana)"},{"@type":"BreadcrumbList","@id":"https:\/\/lightweb.dev\/l\/svm-temp\/nyheter\/jordbruksprotesterna-fortsatter-nasta-vecka\/#breadcrumb","itemListElement":[{"@type":"ListItem","position":1,"name":"Hem","item":"https:\/\/lightweb.dev\/l\/svm-temp\/"},{"@type":"ListItem","position":2,"name":"Jordbruksprotesterna forts\u00e4tter n\u00e4sta vecka"}]},{"@type":"WebSite","@id":"https:\/\/lightweb.dev\/l\/svm-temp\/#website","url":"https:\/\/lightweb.dev\/l\/svm-temp\/","name":"Svenska Magasinet","description":"Dina Spanska nyheter p&aring; Svenska","publisher":{"@id":"https:\/\/lightweb.dev\/l\/svm-temp\/#organization"},"potentialAction":[{"@type":"SearchAction","target":{"@type":"EntryPoint","urlTemplate":"https:\/\/lightweb.dev\/l\/svm-temp\/?s={search_term_string}"},"query-input":{"@type":"PropertyValueSpecification","valueRequired":true,"valueName":"search_term_string"}}],"inLanguage":"sv-SE"},{"@type":"Organization","@id":"https:\/\/lightweb.dev\/l\/svm-temp\/#organization","name":"Melkerson y Nott SL","alternateName":"Svenska Magasinet","url":"https:\/\/lightweb.dev\/l\/svm-temp\/","logo":{"@type":"ImageObject","inLanguage":"sv-SE","@id":"https:\/\/lightweb.dev\/l\/svm-temp\/#\/schema\/logo\/image\/","url":"https:\/\/lightweb.dev\/l\/svm-temp\/wp-content\/uploads\/2025\/02\/SvM-logo-Xtra-Centrerad-SVART.png","contentUrl":"https:\/\/lightweb.dev\/l\/svm-temp\/wp-content\/uploads\/2025\/02\/SvM-logo-Xtra-Centrerad-SVART.png","width":300,"height":99,"caption":"Melkerson y Nott SL"},"image":{"@id":"https:\/\/lightweb.dev\/l\/svm-temp\/#\/schema\/logo\/image\/"},"sameAs":["https:\/\/www.facebook.com\/svenskamagasinet","https:\/\/x.com\/SvenskaMagasine"]},{"@type":"Person","@id":"https:\/\/lightweb.dev\/l\/svm-temp\/#\/schema\/person\/caffe038990d25722f5a04a03c906a2b","name":"Robbie Eriksson","sameAs":["https:\/\/lightweb.dev\/l\/svm-temp"],"url":"https:\/\/lightweb.dev\/l\/svm-temp\/reporter\/robbie-eriksson\/"}]}},"_links":{"self":[{"href":"https:\/\/lightweb.dev\/l\/svm-temp\/wp-json\/wp\/v2\/posts\/69741","targetHints":{"allow":["GET"]}}],"collection":[{"href":"https:\/\/lightweb.dev\/l\/svm-temp\/wp-json\/wp\/v2\/posts"}],"about":[{"href":"https:\/\/lightweb.dev\/l\/svm-temp\/wp-json\/wp\/v2\/types\/post"}],"author":[{"embeddable":true,"href":"https:\/\/lightweb.dev\/l\/svm-temp\/wp-json\/wp\/v2\/users\/14"}],"replies":[{"embeddable":true,"href":"https:\/\/lightweb.dev\/l\/svm-temp\/wp-json\/wp\/v2\/comments?post=69741"}],"version-history":[{"count":0,"href":"https:\/\/lightweb.dev\/l\/svm-temp\/wp-json\/wp\/v2\/posts\/69741\/revisions"}],"wp:featuredmedia":[{"embeddable":true,"href":"https:\/\/lightweb.dev\/l\/svm-temp\/wp-json\/wp\/v2\/media\/69664"}],"wp:attachment":[{"href":"https:\/\/lightweb.dev\/l\/svm-temp\/wp-json\/wp\/v2\/media?parent=69741"}],"wp:term":[{"taxonomy":"category","embeddable":true,"href":"https:\/\/lightweb.dev\/l\/svm-temp\/wp-json\/wp\/v2\/categories?post=69741"},{"taxonomy":"post_tag","embeddable":true,"href":"https:\/\/lightweb.dev\/l\/svm-temp\/wp-json\/wp\/v2\/tags?post=69741"}],"curies":[{"name":"wp","href":"https:\/\/api.w.org\/{rel}","templated":true}]}}