{"id":69774,"date":"2024-02-21T11:41:17","date_gmt":"2024-02-21T10:41:17","guid":{"rendered":"https:\/\/lightweb.dev\/l\/svm-temp\/?p=69774"},"modified":"2024-02-21T11:42:54","modified_gmt":"2024-02-21T10:42:54","slug":"psykolog-vill-reglera-mobiltelefonanvandningen-bland-minderariga","status":"publish","type":"post","link":"https:\/\/lightweb.dev\/l\/svm-temp\/nyheter\/psykolog-vill-reglera-mobiltelefonanvandningen-bland-minderariga\/","title":{"rendered":"Psykolog vill reglera mobiltelefonanv\u00e4ndningen bland minder\u00e5riga"},"content":{"rendered":"<p><strong>En portion av stimulans. Varje g\u00e5ng sk\u00e4rmen lyser f\u00e5r hj\u00e4rnan en dopamin-injektion. Men utan mobiltelefonen upplever personen samma k\u00e4nsla som den hos en missbrukare.<\/strong><\/p>\n<p><strong>Det \u00e4r beroendeframkallande.<\/strong><\/p>\n<p>Hobbyer eller tidigare aktiviteter l\u00e4ggs \u00e5t sidan eftersom den mesta av tiden \u00e4gnas \u00e5t sociala n\u00e4tverk och mobiltelefonanv\u00e4ndning. K\u00e4nner du igen det?<\/p>\n<p>Nyligen medverkade psykologen Arun Mansukhani i tv-programmet La Alameda p\u00e5 M\u00e1lagakanalen 101TV. Han ber\u00e4ttade om hur mobilanv\u00e4ndningen p\u00e5verkar minder\u00e5riga.<\/p>\n<p>Gruppv\u00e5ldt\u00e4kter bland unga d\u00e4r orsaken \u00e4r en v\u00e4xande konsumtion av pornografiskt material p\u00e5 n\u00e4tet. Men \u00e4ven \u00e5ngest, oro och sj\u00e4lvmordsf\u00f6rs\u00f6k \u00f6kar bland unga i Spanien. Det \u00e4r relaterat till anv\u00e4ndningen av mobiltelefoner.<\/p>\n<p>M\u00e5nga f\u00f6r\u00e4ldrar \u00e4r oroliga f\u00f6r deras barns anv\u00e4ndning av mobiltelefonen. Och Mansukhani s\u00e4ger att det finns sk\u00e4l att vara det med en generation d\u00e4r \u00e5ngest och k\u00e4nslor av sorg p\u00e5 grund av mobiltelefonanv\u00e4ndning \u00f6kar.<\/p>\n<div id=\"attachment_69776\" style=\"width: 310px\" class=\"wp-caption alignleft\"><img loading=\"lazy\" decoding=\"async\" aria-describedby=\"caption-attachment-69776\" class=\"size-medium wp-image-69776\" src=\"https:\/\/lightweb.dev\/l\/svm-temp\/wp-content\/uploads\/2024\/02\/Skarmavbild-2024-02-21-kl.-11.36.47-stor-300x164.jpeg\" alt=\"\" width=\"300\" height=\"164\" srcset=\"https:\/\/lightweb.dev\/l\/svm-temp\/wp-content\/uploads\/2024\/02\/Skarmavbild-2024-02-21-kl.-11.36.47-stor-300x164.jpeg 300w, https:\/\/lightweb.dev\/l\/svm-temp\/wp-content\/uploads\/2024\/02\/Skarmavbild-2024-02-21-kl.-11.36.47-stor-900x491.jpeg 900w, https:\/\/lightweb.dev\/l\/svm-temp\/wp-content\/uploads\/2024\/02\/Skarmavbild-2024-02-21-kl.-11.36.47-stor-768x419.jpeg 768w, https:\/\/lightweb.dev\/l\/svm-temp\/wp-content\/uploads\/2024\/02\/Skarmavbild-2024-02-21-kl.-11.36.47-stor-610x333.jpeg 610w, https:\/\/lightweb.dev\/l\/svm-temp\/wp-content\/uploads\/2024\/02\/Skarmavbild-2024-02-21-kl.-11.36.47-stor-1080x589.jpeg 1080w, https:\/\/lightweb.dev\/l\/svm-temp\/wp-content\/uploads\/2024\/02\/Skarmavbild-2024-02-21-kl.-11.36.47-stor-600x327.jpeg 600w, https:\/\/lightweb.dev\/l\/svm-temp\/wp-content\/uploads\/2024\/02\/Skarmavbild-2024-02-21-kl.-11.36.47-stor.jpeg 1280w\" sizes=\"(max-width: 300px) 100vw, 300px\" \/><p id=\"caption-attachment-69776\" class=\"wp-caption-text\">Det \u00e4r v\u00e4rt att fr\u00e5ga sig om f\u00f6r\u00e4ldrar \u00e4r villiga att l\u00e4mna sina barns sexualundervisning i h\u00e4nderna p\u00e5 porrindustri som producerar, s\u00e4ger Arun Mansukhani.<\/p><\/div>\n<p>Mobiltelefonen har blivit det fr\u00e4msta verktyget f\u00f6r att hitta pornografi, enligt psykologen Arun Mansukhani. Det \u00e4r v\u00e4rt att fr\u00e5ga sig om f\u00f6r\u00e4ldrar \u00e4r villiga att l\u00e4mna sina barns sexualundervisning i h\u00e4nderna p\u00e5 en industri som producerar detta inneh\u00e5ll. Enligt Mansukhani \u00e4r det ljus\u00e5r fr\u00e5n h\u00e4lsosamt sex.<\/p>\n<p>&#8211; Sex \u00e4r s\u00e5 mycket mer. Det \u00e4r njutning, k\u00e4nslom\u00e4ssiga relationer, lust och respekt f\u00f6r andra.<\/p>\n<p>Han v\u00e4djar till f\u00f6r\u00e4ldrar att inte ignorera vad deras barn konsumerar via sina mobiltelefoner. Mansukhani vill g\u00e5 s\u00e5 l\u00e5ngt att reglera tillg\u00e5ngen av mobiltelefoner hos minder\u00e5riga.<\/p>\n<p>Han j\u00e4mf\u00f6r mobiltelefoner med konsumtion av alkohol och tobak som inte \u00e4r till\u00e5tet f\u00f6rr\u00e4n vid 18 \u00e5rs \u00e5lder. Samma sak b\u00f6r g\u00e4lla f\u00f6r mobiltelefoner.<\/p>\n<p>&#8211; Vi har ett allvarligt problem med ungdomar och mobiltelefoner. Ut\u00f6ver den sociala och psykiska h\u00e4lsan p\u00e5verkas \u00e4ven den kognitiva niv\u00e5n. Vi ser hur mobiltelefonanv\u00e4ndning minskar f\u00f6rm\u00e5gan att koncentrera sig och fokusera p\u00e5 en uppgift.<\/p>\n<p>Dessutom till\u00e4gger han att konsumtionen av audiovisuellt inneh\u00e5ll p\u00e5 mobiltelefoner fungerar som en broms f\u00f6r komplext t\u00e4nkande.<\/p>\n<p>&#8211; Vi kan ta Silicon Valley som exempel. Anv\u00e4ndning av sk\u00e4rmar \u00e4r inte till\u00e5ten vid n\u00e5gon av de tre huvudskolorna i Silicon Valley. De som tillverkar dessa enheter vill inte att deras barn ska komma \u00e5t dem.<\/p>\n<p><span class=\"nwnrmZkiCkeSRifYPpeM2FX2a878jNp1ybHNMVzaqVGWc5HzD1QZw3tuL0IfgtBrEPYbl4vF5lGLd\"><iframe loading=\"lazy\" title=\"\ud83d\udd34 LA ALAMEDA | Hoy con Carlos Rubio &quot;Autoridad Portuaria&quot; y Arun Mansukhani | 15 febrero\" width=\"1080\" height=\"608\" src=\"https:\/\/www.youtube.com\/embed\/EdzA-ZNICZw?feature=oembed\" frameborder=\"0\" allow=\"accelerometer; autoplay; clipboard-write; encrypted-media; gyroscope; picture-in-picture; web-share\" allowfullscreen><\/iframe><\/span><\/p>\n","protected":false},"excerpt":{"rendered":"<p>En portion av stimulans. Varje g\u00e5ng sk\u00e4rmen lyser f\u00e5r hj\u00e4rnan en dopamin-injektion. Men utan mobiltelefonen upplever personen samma k\u00e4nsla som den hos en missbrukare. Det \u00e4r beroendeframkallande&#8230;<\/p>\n","protected":false},"author":7,"featured_media":69775,"comment_status":"closed","ping_status":"closed","sticky":false,"template":"","format":"standard","meta":{"_et_pb_use_builder":"","_et_pb_old_content":"","_et_gb_content_width":"","footnotes":""},"categories":[395,3],"tags":[],"class_list":["post-69774","post","type-post","status-publish","format-standard","has-post-thumbnail","hentry","category-arkiv-nyheter","category-nyheter"],"yoast_head":"<!-- This site is optimized with the Yoast SEO Premium plugin v26.2 (Yoast SEO v27.4) - https:\/\/yoast.com\/product\/yoast-seo-premium-wordpress\/ -->\n<title>Psykolog vill reglera mobiltelefonanv\u00e4ndningen bland minder\u00e5riga - Svenska Magasinet<\/title>\n<meta name=\"description\" content=\"En portion av stimulans. Varje g\u00e5ng sk\u00e4rmen lyser f\u00e5r hj\u00e4rnan en dopamin-injektion. Men utan mobiltelefonen upplever personen samma k\u00e4nsla som den hos en missbrukare. Det \u00e4r beroendeframkallande.\" \/>\n<meta name=\"robots\" content=\"noindex, follow, max-snippet:-1, max-image-preview:large, max-video-preview:-1\" \/>\n<meta property=\"og:locale\" content=\"sv_SE\" \/>\n<meta property=\"og:type\" content=\"article\" \/>\n<meta property=\"og:title\" content=\"Psykolog vill reglera mobiltelefonanv\u00e4ndningen bland minder\u00e5riga\" \/>\n<meta property=\"og:description\" content=\"En portion av stimulans. Varje g\u00e5ng sk\u00e4rmen lyser f\u00e5r hj\u00e4rnan en dopamin-injektion. Men utan mobiltelefonen upplever personen samma k\u00e4nsla som den hos en missbrukare. Det \u00e4r beroendeframkallande.\" \/>\n<meta property=\"og:url\" content=\"https:\/\/lightweb.dev\/l\/svm-temp\/nyheter\/psykolog-vill-reglera-mobiltelefonanvandningen-bland-minderariga\/\" \/>\n<meta property=\"og:site_name\" content=\"Svenska Magasinet\" \/>\n<meta property=\"article:publisher\" content=\"https:\/\/www.facebook.com\/svenskamagasinet\" \/>\n<meta property=\"article:published_time\" content=\"2024-02-21T10:41:17+00:00\" \/>\n<meta property=\"article:modified_time\" content=\"2024-02-21T10:42:54+00:00\" \/>\n<meta property=\"og:image\" content=\"https:\/\/lightweb.dev\/l\/svm-temp\/wp-content\/uploads\/2024\/02\/Skarmavbild-2024-02-21-kl.-11.35.42-stor.jpeg\" \/>\n\t<meta property=\"og:image:width\" content=\"1280\" \/>\n\t<meta property=\"og:image:height\" content=\"713\" \/>\n\t<meta property=\"og:image:type\" content=\"image\/jpeg\" \/>\n<meta name=\"author\" content=\"Ola Josefsson\" \/>\n<meta name=\"twitter:card\" content=\"summary_large_image\" \/>\n<meta name=\"twitter:creator\" content=\"@SvenskaMagasine\" \/>\n<meta name=\"twitter:site\" content=\"@SvenskaMagasine\" \/>\n<script type=\"application\/ld+json\" class=\"yoast-schema-graph\">{\"@context\":\"https:\\\/\\\/schema.org\",\"@graph\":[{\"@type\":\"Article\",\"@id\":\"https:\\\/\\\/lightweb.dev\\\/l\\\/svm-temp\\\/nyheter\\\/psykolog-vill-reglera-mobiltelefonanvandningen-bland-minderariga\\\/#article\",\"isPartOf\":{\"@id\":\"https:\\\/\\\/lightweb.dev\\\/l\\\/svm-temp\\\/nyheter\\\/psykolog-vill-reglera-mobiltelefonanvandningen-bland-minderariga\\\/\"},\"author\":{\"name\":\"Ola Josefsson\",\"@id\":\"https:\\\/\\\/lightweb.dev\\\/l\\\/svm-temp\\\/#\\\/schema\\\/person\\\/7a82b8a73d171d32360a564b6d03508e\"},\"headline\":\"Psykolog vill reglera mobiltelefonanv\u00e4ndningen bland minder\u00e5riga\",\"datePublished\":\"2024-02-21T10:41:17+00:00\",\"dateModified\":\"2024-02-21T10:42:54+00:00\",\"mainEntityOfPage\":{\"@id\":\"https:\\\/\\\/lightweb.dev\\\/l\\\/svm-temp\\\/nyheter\\\/psykolog-vill-reglera-mobiltelefonanvandningen-bland-minderariga\\\/\"},\"wordCount\":463,\"publisher\":{\"@id\":\"https:\\\/\\\/lightweb.dev\\\/l\\\/svm-temp\\\/#organization\"},\"image\":{\"@id\":\"https:\\\/\\\/lightweb.dev\\\/l\\\/svm-temp\\\/nyheter\\\/psykolog-vill-reglera-mobiltelefonanvandningen-bland-minderariga\\\/#primaryimage\"},\"thumbnailUrl\":\"https:\\\/\\\/lightweb.dev\\\/l\\\/svm-temp\\\/wp-content\\\/uploads\\\/2024\\\/02\\\/Skarmavbild-2024-02-21-kl.-11.35.42-stor.jpeg\",\"articleSection\":[\"Arkiv\",\"Nyheter\"],\"inLanguage\":\"sv-SE\"},{\"@type\":\"WebPage\",\"@id\":\"https:\\\/\\\/lightweb.dev\\\/l\\\/svm-temp\\\/nyheter\\\/psykolog-vill-reglera-mobiltelefonanvandningen-bland-minderariga\\\/\",\"url\":\"https:\\\/\\\/lightweb.dev\\\/l\\\/svm-temp\\\/nyheter\\\/psykolog-vill-reglera-mobiltelefonanvandningen-bland-minderariga\\\/\",\"name\":\"Psykolog vill reglera mobiltelefonanv\u00e4ndningen bland minder\u00e5riga - Svenska Magasinet\",\"isPartOf\":{\"@id\":\"https:\\\/\\\/lightweb.dev\\\/l\\\/svm-temp\\\/#website\"},\"primaryImageOfPage\":{\"@id\":\"https:\\\/\\\/lightweb.dev\\\/l\\\/svm-temp\\\/nyheter\\\/psykolog-vill-reglera-mobiltelefonanvandningen-bland-minderariga\\\/#primaryimage\"},\"image\":{\"@id\":\"https:\\\/\\\/lightweb.dev\\\/l\\\/svm-temp\\\/nyheter\\\/psykolog-vill-reglera-mobiltelefonanvandningen-bland-minderariga\\\/#primaryimage\"},\"thumbnailUrl\":\"https:\\\/\\\/lightweb.dev\\\/l\\\/svm-temp\\\/wp-content\\\/uploads\\\/2024\\\/02\\\/Skarmavbild-2024-02-21-kl.-11.35.42-stor.jpeg\",\"datePublished\":\"2024-02-21T10:41:17+00:00\",\"dateModified\":\"2024-02-21T10:42:54+00:00\",\"description\":\"En portion av stimulans. Varje g\u00e5ng sk\u00e4rmen lyser f\u00e5r hj\u00e4rnan en dopamin-injektion. Men utan mobiltelefonen upplever personen samma k\u00e4nsla som den hos en missbrukare. Det \u00e4r beroendeframkallande.\",\"breadcrumb\":{\"@id\":\"https:\\\/\\\/lightweb.dev\\\/l\\\/svm-temp\\\/nyheter\\\/psykolog-vill-reglera-mobiltelefonanvandningen-bland-minderariga\\\/#breadcrumb\"},\"inLanguage\":\"sv-SE\",\"potentialAction\":[{\"@type\":\"ReadAction\",\"target\":[\"https:\\\/\\\/lightweb.dev\\\/l\\\/svm-temp\\\/nyheter\\\/psykolog-vill-reglera-mobiltelefonanvandningen-bland-minderariga\\\/\"]}]},{\"@type\":\"ImageObject\",\"inLanguage\":\"sv-SE\",\"@id\":\"https:\\\/\\\/lightweb.dev\\\/l\\\/svm-temp\\\/nyheter\\\/psykolog-vill-reglera-mobiltelefonanvandningen-bland-minderariga\\\/#primaryimage\",\"url\":\"https:\\\/\\\/lightweb.dev\\\/l\\\/svm-temp\\\/wp-content\\\/uploads\\\/2024\\\/02\\\/Skarmavbild-2024-02-21-kl.-11.35.42-stor.jpeg\",\"contentUrl\":\"https:\\\/\\\/lightweb.dev\\\/l\\\/svm-temp\\\/wp-content\\\/uploads\\\/2024\\\/02\\\/Skarmavbild-2024-02-21-kl.-11.35.42-stor.jpeg\",\"width\":1280,\"height\":713,\"caption\":\"M\u00e5nga f\u00f6r\u00e4ldrar \u00e4r oroliga f\u00f6r deras barns anv\u00e4ndning av mobiltelefonen. Och Mansukhani s\u00e4ger att det finns sk\u00e4l att vara det.\"},{\"@type\":\"BreadcrumbList\",\"@id\":\"https:\\\/\\\/lightweb.dev\\\/l\\\/svm-temp\\\/nyheter\\\/psykolog-vill-reglera-mobiltelefonanvandningen-bland-minderariga\\\/#breadcrumb\",\"itemListElement\":[{\"@type\":\"ListItem\",\"position\":1,\"name\":\"Hem\",\"item\":\"https:\\\/\\\/lightweb.dev\\\/l\\\/svm-temp\\\/\"},{\"@type\":\"ListItem\",\"position\":2,\"name\":\"Psykolog vill reglera mobiltelefonanv\u00e4ndningen bland minder\u00e5riga\"}]},{\"@type\":\"WebSite\",\"@id\":\"https:\\\/\\\/lightweb.dev\\\/l\\\/svm-temp\\\/#website\",\"url\":\"https:\\\/\\\/lightweb.dev\\\/l\\\/svm-temp\\\/\",\"name\":\"Svenska Magasinet\",\"description\":\"Dina Spanska nyheter p&aring; Svenska\",\"publisher\":{\"@id\":\"https:\\\/\\\/lightweb.dev\\\/l\\\/svm-temp\\\/#organization\"},\"potentialAction\":[{\"@type\":\"SearchAction\",\"target\":{\"@type\":\"EntryPoint\",\"urlTemplate\":\"https:\\\/\\\/lightweb.dev\\\/l\\\/svm-temp\\\/?s={search_term_string}\"},\"query-input\":{\"@type\":\"PropertyValueSpecification\",\"valueRequired\":true,\"valueName\":\"search_term_string\"}}],\"inLanguage\":\"sv-SE\"},{\"@type\":\"Organization\",\"@id\":\"https:\\\/\\\/lightweb.dev\\\/l\\\/svm-temp\\\/#organization\",\"name\":\"Melkerson y Nott SL\",\"alternateName\":\"Svenska Magasinet\",\"url\":\"https:\\\/\\\/lightweb.dev\\\/l\\\/svm-temp\\\/\",\"logo\":{\"@type\":\"ImageObject\",\"inLanguage\":\"sv-SE\",\"@id\":\"https:\\\/\\\/lightweb.dev\\\/l\\\/svm-temp\\\/#\\\/schema\\\/logo\\\/image\\\/\",\"url\":\"https:\\\/\\\/lightweb.dev\\\/l\\\/svm-temp\\\/wp-content\\\/uploads\\\/2025\\\/02\\\/SvM-logo-Xtra-Centrerad-SVART.png\",\"contentUrl\":\"https:\\\/\\\/lightweb.dev\\\/l\\\/svm-temp\\\/wp-content\\\/uploads\\\/2025\\\/02\\\/SvM-logo-Xtra-Centrerad-SVART.png\",\"width\":300,\"height\":99,\"caption\":\"Melkerson y Nott SL\"},\"image\":{\"@id\":\"https:\\\/\\\/lightweb.dev\\\/l\\\/svm-temp\\\/#\\\/schema\\\/logo\\\/image\\\/\"},\"sameAs\":[\"https:\\\/\\\/www.facebook.com\\\/svenskamagasinet\",\"https:\\\/\\\/x.com\\\/SvenskaMagasine\"]},{\"@type\":\"Person\",\"@id\":\"https:\\\/\\\/lightweb.dev\\\/l\\\/svm-temp\\\/#\\\/schema\\\/person\\\/7a82b8a73d171d32360a564b6d03508e\",\"name\":\"Ola Josefsson\",\"description\":\"Bevakar Solkusten och Spanien sedan 1994.\",\"sameAs\":[\"https:\\\/\\\/lightweb.dev\\\/l\\\/svm-temp\"],\"url\":\"https:\\\/\\\/lightweb.dev\\\/l\\\/svm-temp\\\/reporter\\\/ola-josefsson\\\/\"}]}<\/script>\n<!-- \/ Yoast SEO Premium plugin. -->","yoast_head_json":{"title":"Psykolog vill reglera mobiltelefonanv\u00e4ndningen bland minder\u00e5riga - Svenska Magasinet","description":"En portion av stimulans. Varje g\u00e5ng sk\u00e4rmen lyser f\u00e5r hj\u00e4rnan en dopamin-injektion. Men utan mobiltelefonen upplever personen samma k\u00e4nsla som den hos en missbrukare. Det \u00e4r beroendeframkallande.","robots":{"index":"noindex","follow":"follow","max-snippet":"max-snippet:-1","max-image-preview":"max-image-preview:large","max-video-preview":"max-video-preview:-1"},"og_locale":"sv_SE","og_type":"article","og_title":"Psykolog vill reglera mobiltelefonanv\u00e4ndningen bland minder\u00e5riga","og_description":"En portion av stimulans. Varje g\u00e5ng sk\u00e4rmen lyser f\u00e5r hj\u00e4rnan en dopamin-injektion. Men utan mobiltelefonen upplever personen samma k\u00e4nsla som den hos en missbrukare. Det \u00e4r beroendeframkallande.","og_url":"https:\/\/lightweb.dev\/l\/svm-temp\/nyheter\/psykolog-vill-reglera-mobiltelefonanvandningen-bland-minderariga\/","og_site_name":"Svenska Magasinet","article_publisher":"https:\/\/www.facebook.com\/svenskamagasinet","article_published_time":"2024-02-21T10:41:17+00:00","article_modified_time":"2024-02-21T10:42:54+00:00","og_image":[{"width":1280,"height":713,"url":"https:\/\/lightweb.dev\/l\/svm-temp\/wp-content\/uploads\/2024\/02\/Skarmavbild-2024-02-21-kl.-11.35.42-stor.jpeg","type":"image\/jpeg"}],"author":"Ola Josefsson","twitter_card":"summary_large_image","twitter_creator":"@SvenskaMagasine","twitter_site":"@SvenskaMagasine","schema":{"@context":"https:\/\/schema.org","@graph":[{"@type":"Article","@id":"https:\/\/lightweb.dev\/l\/svm-temp\/nyheter\/psykolog-vill-reglera-mobiltelefonanvandningen-bland-minderariga\/#article","isPartOf":{"@id":"https:\/\/lightweb.dev\/l\/svm-temp\/nyheter\/psykolog-vill-reglera-mobiltelefonanvandningen-bland-minderariga\/"},"author":{"name":"Ola Josefsson","@id":"https:\/\/lightweb.dev\/l\/svm-temp\/#\/schema\/person\/7a82b8a73d171d32360a564b6d03508e"},"headline":"Psykolog vill reglera mobiltelefonanv\u00e4ndningen bland minder\u00e5riga","datePublished":"2024-02-21T10:41:17+00:00","dateModified":"2024-02-21T10:42:54+00:00","mainEntityOfPage":{"@id":"https:\/\/lightweb.dev\/l\/svm-temp\/nyheter\/psykolog-vill-reglera-mobiltelefonanvandningen-bland-minderariga\/"},"wordCount":463,"publisher":{"@id":"https:\/\/lightweb.dev\/l\/svm-temp\/#organization"},"image":{"@id":"https:\/\/lightweb.dev\/l\/svm-temp\/nyheter\/psykolog-vill-reglera-mobiltelefonanvandningen-bland-minderariga\/#primaryimage"},"thumbnailUrl":"https:\/\/lightweb.dev\/l\/svm-temp\/wp-content\/uploads\/2024\/02\/Skarmavbild-2024-02-21-kl.-11.35.42-stor.jpeg","articleSection":["Arkiv","Nyheter"],"inLanguage":"sv-SE"},{"@type":"WebPage","@id":"https:\/\/lightweb.dev\/l\/svm-temp\/nyheter\/psykolog-vill-reglera-mobiltelefonanvandningen-bland-minderariga\/","url":"https:\/\/lightweb.dev\/l\/svm-temp\/nyheter\/psykolog-vill-reglera-mobiltelefonanvandningen-bland-minderariga\/","name":"Psykolog vill reglera mobiltelefonanv\u00e4ndningen bland minder\u00e5riga - Svenska Magasinet","isPartOf":{"@id":"https:\/\/lightweb.dev\/l\/svm-temp\/#website"},"primaryImageOfPage":{"@id":"https:\/\/lightweb.dev\/l\/svm-temp\/nyheter\/psykolog-vill-reglera-mobiltelefonanvandningen-bland-minderariga\/#primaryimage"},"image":{"@id":"https:\/\/lightweb.dev\/l\/svm-temp\/nyheter\/psykolog-vill-reglera-mobiltelefonanvandningen-bland-minderariga\/#primaryimage"},"thumbnailUrl":"https:\/\/lightweb.dev\/l\/svm-temp\/wp-content\/uploads\/2024\/02\/Skarmavbild-2024-02-21-kl.-11.35.42-stor.jpeg","datePublished":"2024-02-21T10:41:17+00:00","dateModified":"2024-02-21T10:42:54+00:00","description":"En portion av stimulans. Varje g\u00e5ng sk\u00e4rmen lyser f\u00e5r hj\u00e4rnan en dopamin-injektion. Men utan mobiltelefonen upplever personen samma k\u00e4nsla som den hos en missbrukare. Det \u00e4r beroendeframkallande.","breadcrumb":{"@id":"https:\/\/lightweb.dev\/l\/svm-temp\/nyheter\/psykolog-vill-reglera-mobiltelefonanvandningen-bland-minderariga\/#breadcrumb"},"inLanguage":"sv-SE","potentialAction":[{"@type":"ReadAction","target":["https:\/\/lightweb.dev\/l\/svm-temp\/nyheter\/psykolog-vill-reglera-mobiltelefonanvandningen-bland-minderariga\/"]}]},{"@type":"ImageObject","inLanguage":"sv-SE","@id":"https:\/\/lightweb.dev\/l\/svm-temp\/nyheter\/psykolog-vill-reglera-mobiltelefonanvandningen-bland-minderariga\/#primaryimage","url":"https:\/\/lightweb.dev\/l\/svm-temp\/wp-content\/uploads\/2024\/02\/Skarmavbild-2024-02-21-kl.-11.35.42-stor.jpeg","contentUrl":"https:\/\/lightweb.dev\/l\/svm-temp\/wp-content\/uploads\/2024\/02\/Skarmavbild-2024-02-21-kl.-11.35.42-stor.jpeg","width":1280,"height":713,"caption":"M\u00e5nga f\u00f6r\u00e4ldrar \u00e4r oroliga f\u00f6r deras barns anv\u00e4ndning av mobiltelefonen. Och Mansukhani s\u00e4ger att det finns sk\u00e4l att vara det."},{"@type":"BreadcrumbList","@id":"https:\/\/lightweb.dev\/l\/svm-temp\/nyheter\/psykolog-vill-reglera-mobiltelefonanvandningen-bland-minderariga\/#breadcrumb","itemListElement":[{"@type":"ListItem","position":1,"name":"Hem","item":"https:\/\/lightweb.dev\/l\/svm-temp\/"},{"@type":"ListItem","position":2,"name":"Psykolog vill reglera mobiltelefonanv\u00e4ndningen bland minder\u00e5riga"}]},{"@type":"WebSite","@id":"https:\/\/lightweb.dev\/l\/svm-temp\/#website","url":"https:\/\/lightweb.dev\/l\/svm-temp\/","name":"Svenska Magasinet","description":"Dina Spanska nyheter p&aring; Svenska","publisher":{"@id":"https:\/\/lightweb.dev\/l\/svm-temp\/#organization"},"potentialAction":[{"@type":"SearchAction","target":{"@type":"EntryPoint","urlTemplate":"https:\/\/lightweb.dev\/l\/svm-temp\/?s={search_term_string}"},"query-input":{"@type":"PropertyValueSpecification","valueRequired":true,"valueName":"search_term_string"}}],"inLanguage":"sv-SE"},{"@type":"Organization","@id":"https:\/\/lightweb.dev\/l\/svm-temp\/#organization","name":"Melkerson y Nott SL","alternateName":"Svenska Magasinet","url":"https:\/\/lightweb.dev\/l\/svm-temp\/","logo":{"@type":"ImageObject","inLanguage":"sv-SE","@id":"https:\/\/lightweb.dev\/l\/svm-temp\/#\/schema\/logo\/image\/","url":"https:\/\/lightweb.dev\/l\/svm-temp\/wp-content\/uploads\/2025\/02\/SvM-logo-Xtra-Centrerad-SVART.png","contentUrl":"https:\/\/lightweb.dev\/l\/svm-temp\/wp-content\/uploads\/2025\/02\/SvM-logo-Xtra-Centrerad-SVART.png","width":300,"height":99,"caption":"Melkerson y Nott SL"},"image":{"@id":"https:\/\/lightweb.dev\/l\/svm-temp\/#\/schema\/logo\/image\/"},"sameAs":["https:\/\/www.facebook.com\/svenskamagasinet","https:\/\/x.com\/SvenskaMagasine"]},{"@type":"Person","@id":"https:\/\/lightweb.dev\/l\/svm-temp\/#\/schema\/person\/7a82b8a73d171d32360a564b6d03508e","name":"Ola Josefsson","description":"Bevakar Solkusten och Spanien sedan 1994.","sameAs":["https:\/\/lightweb.dev\/l\/svm-temp"],"url":"https:\/\/lightweb.dev\/l\/svm-temp\/reporter\/ola-josefsson\/"}]}},"_links":{"self":[{"href":"https:\/\/lightweb.dev\/l\/svm-temp\/wp-json\/wp\/v2\/posts\/69774","targetHints":{"allow":["GET"]}}],"collection":[{"href":"https:\/\/lightweb.dev\/l\/svm-temp\/wp-json\/wp\/v2\/posts"}],"about":[{"href":"https:\/\/lightweb.dev\/l\/svm-temp\/wp-json\/wp\/v2\/types\/post"}],"author":[{"embeddable":true,"href":"https:\/\/lightweb.dev\/l\/svm-temp\/wp-json\/wp\/v2\/users\/7"}],"replies":[{"embeddable":true,"href":"https:\/\/lightweb.dev\/l\/svm-temp\/wp-json\/wp\/v2\/comments?post=69774"}],"version-history":[{"count":0,"href":"https:\/\/lightweb.dev\/l\/svm-temp\/wp-json\/wp\/v2\/posts\/69774\/revisions"}],"wp:featuredmedia":[{"embeddable":true,"href":"https:\/\/lightweb.dev\/l\/svm-temp\/wp-json\/wp\/v2\/media\/69775"}],"wp:attachment":[{"href":"https:\/\/lightweb.dev\/l\/svm-temp\/wp-json\/wp\/v2\/media?parent=69774"}],"wp:term":[{"taxonomy":"category","embeddable":true,"href":"https:\/\/lightweb.dev\/l\/svm-temp\/wp-json\/wp\/v2\/categories?post=69774"},{"taxonomy":"post_tag","embeddable":true,"href":"https:\/\/lightweb.dev\/l\/svm-temp\/wp-json\/wp\/v2\/tags?post=69774"}],"curies":[{"name":"wp","href":"https:\/\/api.w.org\/{rel}","templated":true}]}}