{"id":69785,"date":"2024-02-21T14:25:55","date_gmt":"2024-02-21T13:25:55","guid":{"rendered":"https:\/\/lightweb.dev\/l\/svm-temp\/?p=69785"},"modified":"2024-02-21T14:33:17","modified_gmt":"2024-02-21T13:33:17","slug":"den-arliga-matinflationen-forblev-hog-i-januari","status":"publish","type":"post","link":"https:\/\/lightweb.dev\/l\/svm-temp\/nyheter\/den-arliga-matinflationen-forblev-hog-i-januari\/","title":{"rendered":"Den \u00e5rliga matinflationen f\u00f6rblev h\u00f6g i januari"},"content":{"rendered":"<p><strong>\u00c4ven den generella inflationen \u00f6kade n\u00e5got till 3,4 procent medan den underliggande inflationen minskade till 3,6 procent.\u00a0<\/strong><\/p>\n<p><span style=\"font-weight: 400;\">Priserna i matbutikerna forts\u00e4tter att vara den sv\u00e5raste n\u00f6ten att kn\u00e4cka n\u00e4r det g\u00e4ller den h\u00f6ga inflationen i Spanien.\u00a0<\/span><\/p>\n<p><span style=\"font-weight: 400;\">Den \u00e5rliga \u00f6kningen p\u00e5 basvaror i mataff\u00e4rerna under januari var 7,4 procent. Det \u00e4r en knapp \u00f6kning sett till december 2023, enligt uppgifter fr\u00e5n det nationella institutet f\u00f6r statistik (INE). De kraftigaste \u00f6kningarna var p\u00e5 fisk och skaldjur, gr\u00f6nsaker och matolja.\u00a0<\/span><\/p>\n<p><span style=\"font-weight: 400;\">Matinflationen \u00e4r den som skiljer sig mest fr\u00e5n den generella inflationen i landet. Den l\u00e5g under f\u00f6rra m\u00e5naden p\u00e5 3,4 procent vilket \u00e4r 0,3 procent mer \u00e4n december.\u00a0<\/span><\/p>\n<p><span style=\"font-weight: 400;\">De \u00f6kade priserna p\u00e5 mat kommer minst sagt ol\u00e4gligt. De sammanfaller med de p\u00e5g\u00e5ende jordbruksprotesterna d\u00e4r flera av landets b\u00f6nder har tagit sig ut p\u00e5 gatorna och kr\u00e4vt mer r\u00e4ttvisa priser, ett slut p\u00e5 vad de kallar \u201cor\u00e4ttvis konkurrens\u201d fr\u00e5n andra l\u00e4nder och ett l\u00e4ttande av EUs byr\u00e5krati.\u00a0<\/span><\/p>\n<p><span style=\"font-weight: 400;\">Spaniens ministerium f\u00f6r ekonomi har medgett att matpriserna \u201cfortfarande \u00e4r h\u00f6ga\u201d men insisterar p\u00e5 att de \u00e4r \u201cp\u00e5 kurs\u201d att l\u00e4gga sig p\u00e5 en normal niv\u00e5 igen.\u00a0<\/span><\/p>\n<p><span style=\"font-weight: 400;\">De po\u00e4ngterar att inflationen p\u00e5 mat har minskat med mer \u00e4n h\u00e4lften under det senaste \u00e5ret. I februari 2023 l\u00e5g den p\u00e5 16,6 procent.\u00a0<\/span><\/p>\n<p><span style=\"font-weight: 400;\">Den underliggande inflationen, som exkluderar priser p\u00e5 mat och energi, f\u00f6ll med 0,2 procent till 3,6. Allts\u00e5 lite h\u00f6gre \u00e4n den generella inflationen men \u00e4nd\u00e5 den l\u00e4gsta siffran sedan mars 2022.\u00a0<\/span><\/p>\n","protected":false},"excerpt":{"rendered":"<p>\u00c4ven den generella inflationen \u00f6kade n\u00e5got till 3,4 procent medan den underliggande inflationen minskade till 3,6 procent.\u00a0<\/p>\n","protected":false},"author":14,"featured_media":11529,"comment_status":"closed","ping_status":"closed","sticky":false,"template":"","format":"standard","meta":{"_et_pb_use_builder":"","_et_pb_old_content":"","_et_gb_content_width":"","footnotes":""},"categories":[395,3],"tags":[],"class_list":["post-69785","post","type-post","status-publish","format-standard","has-post-thumbnail","hentry","category-arkiv-nyheter","category-nyheter"],"yoast_head":"<!-- This site is optimized with the Yoast SEO Premium plugin v26.2 (Yoast SEO v27.4) - https:\/\/yoast.com\/product\/yoast-seo-premium-wordpress\/ -->\n<title>Den \u00e5rliga matinflationen f\u00f6rblev h\u00f6g i januari - Svenska Magasinet<\/title>\n<meta name=\"robots\" content=\"noindex, follow, max-snippet:-1, max-image-preview:large, max-video-preview:-1\" \/>\n<meta property=\"og:locale\" content=\"sv_SE\" \/>\n<meta property=\"og:type\" content=\"article\" \/>\n<meta property=\"og:title\" content=\"Den \u00e5rliga matinflationen f\u00f6rblev h\u00f6g i januari\" \/>\n<meta property=\"og:description\" content=\"\u00c4ven den generella inflationen \u00f6kade n\u00e5got till 3,4 procent medan den underliggande inflationen minskade till 3,6 procent.\u00a0\" \/>\n<meta property=\"og:url\" content=\"https:\/\/lightweb.dev\/l\/svm-temp\/nyheter\/den-arliga-matinflationen-forblev-hog-i-januari\/\" \/>\n<meta property=\"og:site_name\" content=\"Svenska Magasinet\" \/>\n<meta property=\"article:publisher\" content=\"https:\/\/www.facebook.com\/svenskamagasinet\" \/>\n<meta property=\"article:published_time\" content=\"2024-02-21T13:25:55+00:00\" \/>\n<meta property=\"article:modified_time\" content=\"2024-02-21T13:33:17+00:00\" \/>\n<meta property=\"og:image\" content=\"https:\/\/lightweb.dev\/l\/svm-temp\/wp-content\/uploads\/2022\/06\/handla-mat-billigare.png\" \/>\n\t<meta property=\"og:image:width\" content=\"500\" \/>\n\t<meta property=\"og:image:height\" content=\"300\" \/>\n\t<meta property=\"og:image:type\" content=\"image\/png\" \/>\n<meta name=\"author\" content=\"Robbie Eriksson\" \/>\n<meta name=\"twitter:card\" content=\"summary_large_image\" \/>\n<meta name=\"twitter:creator\" content=\"@SvenskaMagasine\" \/>\n<meta name=\"twitter:site\" content=\"@SvenskaMagasine\" \/>\n<script type=\"application\/ld+json\" class=\"yoast-schema-graph\">{\"@context\":\"https:\\\/\\\/schema.org\",\"@graph\":[{\"@type\":\"Article\",\"@id\":\"https:\\\/\\\/lightweb.dev\\\/l\\\/svm-temp\\\/nyheter\\\/den-arliga-matinflationen-forblev-hog-i-januari\\\/#article\",\"isPartOf\":{\"@id\":\"https:\\\/\\\/lightweb.dev\\\/l\\\/svm-temp\\\/nyheter\\\/den-arliga-matinflationen-forblev-hog-i-januari\\\/\"},\"author\":{\"name\":\"Robbie Eriksson\",\"@id\":\"https:\\\/\\\/lightweb.dev\\\/l\\\/svm-temp\\\/#\\\/schema\\\/person\\\/caffe038990d25722f5a04a03c906a2b\"},\"headline\":\"Den \u00e5rliga matinflationen f\u00f6rblev h\u00f6g i januari\",\"datePublished\":\"2024-02-21T13:25:55+00:00\",\"dateModified\":\"2024-02-21T13:33:17+00:00\",\"mainEntityOfPage\":{\"@id\":\"https:\\\/\\\/lightweb.dev\\\/l\\\/svm-temp\\\/nyheter\\\/den-arliga-matinflationen-forblev-hog-i-januari\\\/\"},\"wordCount\":270,\"publisher\":{\"@id\":\"https:\\\/\\\/lightweb.dev\\\/l\\\/svm-temp\\\/#organization\"},\"image\":{\"@id\":\"https:\\\/\\\/lightweb.dev\\\/l\\\/svm-temp\\\/nyheter\\\/den-arliga-matinflationen-forblev-hog-i-januari\\\/#primaryimage\"},\"thumbnailUrl\":\"https:\\\/\\\/lightweb.dev\\\/l\\\/svm-temp\\\/wp-content\\\/uploads\\\/2022\\\/06\\\/handla-mat-billigare.png\",\"articleSection\":[\"Arkiv\",\"Nyheter\"],\"inLanguage\":\"sv-SE\"},{\"@type\":\"WebPage\",\"@id\":\"https:\\\/\\\/lightweb.dev\\\/l\\\/svm-temp\\\/nyheter\\\/den-arliga-matinflationen-forblev-hog-i-januari\\\/\",\"url\":\"https:\\\/\\\/lightweb.dev\\\/l\\\/svm-temp\\\/nyheter\\\/den-arliga-matinflationen-forblev-hog-i-januari\\\/\",\"name\":\"Den \u00e5rliga matinflationen f\u00f6rblev h\u00f6g i januari - Svenska Magasinet\",\"isPartOf\":{\"@id\":\"https:\\\/\\\/lightweb.dev\\\/l\\\/svm-temp\\\/#website\"},\"primaryImageOfPage\":{\"@id\":\"https:\\\/\\\/lightweb.dev\\\/l\\\/svm-temp\\\/nyheter\\\/den-arliga-matinflationen-forblev-hog-i-januari\\\/#primaryimage\"},\"image\":{\"@id\":\"https:\\\/\\\/lightweb.dev\\\/l\\\/svm-temp\\\/nyheter\\\/den-arliga-matinflationen-forblev-hog-i-januari\\\/#primaryimage\"},\"thumbnailUrl\":\"https:\\\/\\\/lightweb.dev\\\/l\\\/svm-temp\\\/wp-content\\\/uploads\\\/2022\\\/06\\\/handla-mat-billigare.png\",\"datePublished\":\"2024-02-21T13:25:55+00:00\",\"dateModified\":\"2024-02-21T13:33:17+00:00\",\"breadcrumb\":{\"@id\":\"https:\\\/\\\/lightweb.dev\\\/l\\\/svm-temp\\\/nyheter\\\/den-arliga-matinflationen-forblev-hog-i-januari\\\/#breadcrumb\"},\"inLanguage\":\"sv-SE\",\"potentialAction\":[{\"@type\":\"ReadAction\",\"target\":[\"https:\\\/\\\/lightweb.dev\\\/l\\\/svm-temp\\\/nyheter\\\/den-arliga-matinflationen-forblev-hog-i-januari\\\/\"]}]},{\"@type\":\"ImageObject\",\"inLanguage\":\"sv-SE\",\"@id\":\"https:\\\/\\\/lightweb.dev\\\/l\\\/svm-temp\\\/nyheter\\\/den-arliga-matinflationen-forblev-hog-i-januari\\\/#primaryimage\",\"url\":\"https:\\\/\\\/lightweb.dev\\\/l\\\/svm-temp\\\/wp-content\\\/uploads\\\/2022\\\/06\\\/handla-mat-billigare.png\",\"contentUrl\":\"https:\\\/\\\/lightweb.dev\\\/l\\\/svm-temp\\\/wp-content\\\/uploads\\\/2022\\\/06\\\/handla-mat-billigare.png\",\"width\":500,\"height\":300},{\"@type\":\"BreadcrumbList\",\"@id\":\"https:\\\/\\\/lightweb.dev\\\/l\\\/svm-temp\\\/nyheter\\\/den-arliga-matinflationen-forblev-hog-i-januari\\\/#breadcrumb\",\"itemListElement\":[{\"@type\":\"ListItem\",\"position\":1,\"name\":\"Hem\",\"item\":\"https:\\\/\\\/lightweb.dev\\\/l\\\/svm-temp\\\/\"},{\"@type\":\"ListItem\",\"position\":2,\"name\":\"Den \u00e5rliga matinflationen f\u00f6rblev h\u00f6g i januari\"}]},{\"@type\":\"WebSite\",\"@id\":\"https:\\\/\\\/lightweb.dev\\\/l\\\/svm-temp\\\/#website\",\"url\":\"https:\\\/\\\/lightweb.dev\\\/l\\\/svm-temp\\\/\",\"name\":\"Svenska Magasinet\",\"description\":\"Dina Spanska nyheter p&aring; Svenska\",\"publisher\":{\"@id\":\"https:\\\/\\\/lightweb.dev\\\/l\\\/svm-temp\\\/#organization\"},\"potentialAction\":[{\"@type\":\"SearchAction\",\"target\":{\"@type\":\"EntryPoint\",\"urlTemplate\":\"https:\\\/\\\/lightweb.dev\\\/l\\\/svm-temp\\\/?s={search_term_string}\"},\"query-input\":{\"@type\":\"PropertyValueSpecification\",\"valueRequired\":true,\"valueName\":\"search_term_string\"}}],\"inLanguage\":\"sv-SE\"},{\"@type\":\"Organization\",\"@id\":\"https:\\\/\\\/lightweb.dev\\\/l\\\/svm-temp\\\/#organization\",\"name\":\"Melkerson y Nott SL\",\"alternateName\":\"Svenska Magasinet\",\"url\":\"https:\\\/\\\/lightweb.dev\\\/l\\\/svm-temp\\\/\",\"logo\":{\"@type\":\"ImageObject\",\"inLanguage\":\"sv-SE\",\"@id\":\"https:\\\/\\\/lightweb.dev\\\/l\\\/svm-temp\\\/#\\\/schema\\\/logo\\\/image\\\/\",\"url\":\"https:\\\/\\\/lightweb.dev\\\/l\\\/svm-temp\\\/wp-content\\\/uploads\\\/2025\\\/02\\\/SvM-logo-Xtra-Centrerad-SVART.png\",\"contentUrl\":\"https:\\\/\\\/lightweb.dev\\\/l\\\/svm-temp\\\/wp-content\\\/uploads\\\/2025\\\/02\\\/SvM-logo-Xtra-Centrerad-SVART.png\",\"width\":300,\"height\":99,\"caption\":\"Melkerson y Nott SL\"},\"image\":{\"@id\":\"https:\\\/\\\/lightweb.dev\\\/l\\\/svm-temp\\\/#\\\/schema\\\/logo\\\/image\\\/\"},\"sameAs\":[\"https:\\\/\\\/www.facebook.com\\\/svenskamagasinet\",\"https:\\\/\\\/x.com\\\/SvenskaMagasine\"]},{\"@type\":\"Person\",\"@id\":\"https:\\\/\\\/lightweb.dev\\\/l\\\/svm-temp\\\/#\\\/schema\\\/person\\\/caffe038990d25722f5a04a03c906a2b\",\"name\":\"Robbie Eriksson\",\"sameAs\":[\"https:\\\/\\\/lightweb.dev\\\/l\\\/svm-temp\"],\"url\":\"https:\\\/\\\/lightweb.dev\\\/l\\\/svm-temp\\\/reporter\\\/robbie-eriksson\\\/\"}]}<\/script>\n<!-- \/ Yoast SEO Premium plugin. -->","yoast_head_json":{"title":"Den \u00e5rliga matinflationen f\u00f6rblev h\u00f6g i januari - Svenska Magasinet","robots":{"index":"noindex","follow":"follow","max-snippet":"max-snippet:-1","max-image-preview":"max-image-preview:large","max-video-preview":"max-video-preview:-1"},"og_locale":"sv_SE","og_type":"article","og_title":"Den \u00e5rliga matinflationen f\u00f6rblev h\u00f6g i januari","og_description":"\u00c4ven den generella inflationen \u00f6kade n\u00e5got till 3,4 procent medan den underliggande inflationen minskade till 3,6 procent.\u00a0","og_url":"https:\/\/lightweb.dev\/l\/svm-temp\/nyheter\/den-arliga-matinflationen-forblev-hog-i-januari\/","og_site_name":"Svenska Magasinet","article_publisher":"https:\/\/www.facebook.com\/svenskamagasinet","article_published_time":"2024-02-21T13:25:55+00:00","article_modified_time":"2024-02-21T13:33:17+00:00","og_image":[{"width":500,"height":300,"url":"https:\/\/lightweb.dev\/l\/svm-temp\/wp-content\/uploads\/2022\/06\/handla-mat-billigare.png","type":"image\/png"}],"author":"Robbie Eriksson","twitter_card":"summary_large_image","twitter_creator":"@SvenskaMagasine","twitter_site":"@SvenskaMagasine","schema":{"@context":"https:\/\/schema.org","@graph":[{"@type":"Article","@id":"https:\/\/lightweb.dev\/l\/svm-temp\/nyheter\/den-arliga-matinflationen-forblev-hog-i-januari\/#article","isPartOf":{"@id":"https:\/\/lightweb.dev\/l\/svm-temp\/nyheter\/den-arliga-matinflationen-forblev-hog-i-januari\/"},"author":{"name":"Robbie Eriksson","@id":"https:\/\/lightweb.dev\/l\/svm-temp\/#\/schema\/person\/caffe038990d25722f5a04a03c906a2b"},"headline":"Den \u00e5rliga matinflationen f\u00f6rblev h\u00f6g i januari","datePublished":"2024-02-21T13:25:55+00:00","dateModified":"2024-02-21T13:33:17+00:00","mainEntityOfPage":{"@id":"https:\/\/lightweb.dev\/l\/svm-temp\/nyheter\/den-arliga-matinflationen-forblev-hog-i-januari\/"},"wordCount":270,"publisher":{"@id":"https:\/\/lightweb.dev\/l\/svm-temp\/#organization"},"image":{"@id":"https:\/\/lightweb.dev\/l\/svm-temp\/nyheter\/den-arliga-matinflationen-forblev-hog-i-januari\/#primaryimage"},"thumbnailUrl":"https:\/\/lightweb.dev\/l\/svm-temp\/wp-content\/uploads\/2022\/06\/handla-mat-billigare.png","articleSection":["Arkiv","Nyheter"],"inLanguage":"sv-SE"},{"@type":"WebPage","@id":"https:\/\/lightweb.dev\/l\/svm-temp\/nyheter\/den-arliga-matinflationen-forblev-hog-i-januari\/","url":"https:\/\/lightweb.dev\/l\/svm-temp\/nyheter\/den-arliga-matinflationen-forblev-hog-i-januari\/","name":"Den \u00e5rliga matinflationen f\u00f6rblev h\u00f6g i januari - Svenska Magasinet","isPartOf":{"@id":"https:\/\/lightweb.dev\/l\/svm-temp\/#website"},"primaryImageOfPage":{"@id":"https:\/\/lightweb.dev\/l\/svm-temp\/nyheter\/den-arliga-matinflationen-forblev-hog-i-januari\/#primaryimage"},"image":{"@id":"https:\/\/lightweb.dev\/l\/svm-temp\/nyheter\/den-arliga-matinflationen-forblev-hog-i-januari\/#primaryimage"},"thumbnailUrl":"https:\/\/lightweb.dev\/l\/svm-temp\/wp-content\/uploads\/2022\/06\/handla-mat-billigare.png","datePublished":"2024-02-21T13:25:55+00:00","dateModified":"2024-02-21T13:33:17+00:00","breadcrumb":{"@id":"https:\/\/lightweb.dev\/l\/svm-temp\/nyheter\/den-arliga-matinflationen-forblev-hog-i-januari\/#breadcrumb"},"inLanguage":"sv-SE","potentialAction":[{"@type":"ReadAction","target":["https:\/\/lightweb.dev\/l\/svm-temp\/nyheter\/den-arliga-matinflationen-forblev-hog-i-januari\/"]}]},{"@type":"ImageObject","inLanguage":"sv-SE","@id":"https:\/\/lightweb.dev\/l\/svm-temp\/nyheter\/den-arliga-matinflationen-forblev-hog-i-januari\/#primaryimage","url":"https:\/\/lightweb.dev\/l\/svm-temp\/wp-content\/uploads\/2022\/06\/handla-mat-billigare.png","contentUrl":"https:\/\/lightweb.dev\/l\/svm-temp\/wp-content\/uploads\/2022\/06\/handla-mat-billigare.png","width":500,"height":300},{"@type":"BreadcrumbList","@id":"https:\/\/lightweb.dev\/l\/svm-temp\/nyheter\/den-arliga-matinflationen-forblev-hog-i-januari\/#breadcrumb","itemListElement":[{"@type":"ListItem","position":1,"name":"Hem","item":"https:\/\/lightweb.dev\/l\/svm-temp\/"},{"@type":"ListItem","position":2,"name":"Den \u00e5rliga matinflationen f\u00f6rblev h\u00f6g i januari"}]},{"@type":"WebSite","@id":"https:\/\/lightweb.dev\/l\/svm-temp\/#website","url":"https:\/\/lightweb.dev\/l\/svm-temp\/","name":"Svenska Magasinet","description":"Dina Spanska nyheter p&aring; Svenska","publisher":{"@id":"https:\/\/lightweb.dev\/l\/svm-temp\/#organization"},"potentialAction":[{"@type":"SearchAction","target":{"@type":"EntryPoint","urlTemplate":"https:\/\/lightweb.dev\/l\/svm-temp\/?s={search_term_string}"},"query-input":{"@type":"PropertyValueSpecification","valueRequired":true,"valueName":"search_term_string"}}],"inLanguage":"sv-SE"},{"@type":"Organization","@id":"https:\/\/lightweb.dev\/l\/svm-temp\/#organization","name":"Melkerson y Nott SL","alternateName":"Svenska Magasinet","url":"https:\/\/lightweb.dev\/l\/svm-temp\/","logo":{"@type":"ImageObject","inLanguage":"sv-SE","@id":"https:\/\/lightweb.dev\/l\/svm-temp\/#\/schema\/logo\/image\/","url":"https:\/\/lightweb.dev\/l\/svm-temp\/wp-content\/uploads\/2025\/02\/SvM-logo-Xtra-Centrerad-SVART.png","contentUrl":"https:\/\/lightweb.dev\/l\/svm-temp\/wp-content\/uploads\/2025\/02\/SvM-logo-Xtra-Centrerad-SVART.png","width":300,"height":99,"caption":"Melkerson y Nott SL"},"image":{"@id":"https:\/\/lightweb.dev\/l\/svm-temp\/#\/schema\/logo\/image\/"},"sameAs":["https:\/\/www.facebook.com\/svenskamagasinet","https:\/\/x.com\/SvenskaMagasine"]},{"@type":"Person","@id":"https:\/\/lightweb.dev\/l\/svm-temp\/#\/schema\/person\/caffe038990d25722f5a04a03c906a2b","name":"Robbie Eriksson","sameAs":["https:\/\/lightweb.dev\/l\/svm-temp"],"url":"https:\/\/lightweb.dev\/l\/svm-temp\/reporter\/robbie-eriksson\/"}]}},"_links":{"self":[{"href":"https:\/\/lightweb.dev\/l\/svm-temp\/wp-json\/wp\/v2\/posts\/69785","targetHints":{"allow":["GET"]}}],"collection":[{"href":"https:\/\/lightweb.dev\/l\/svm-temp\/wp-json\/wp\/v2\/posts"}],"about":[{"href":"https:\/\/lightweb.dev\/l\/svm-temp\/wp-json\/wp\/v2\/types\/post"}],"author":[{"embeddable":true,"href":"https:\/\/lightweb.dev\/l\/svm-temp\/wp-json\/wp\/v2\/users\/14"}],"replies":[{"embeddable":true,"href":"https:\/\/lightweb.dev\/l\/svm-temp\/wp-json\/wp\/v2\/comments?post=69785"}],"version-history":[{"count":0,"href":"https:\/\/lightweb.dev\/l\/svm-temp\/wp-json\/wp\/v2\/posts\/69785\/revisions"}],"wp:featuredmedia":[{"embeddable":true,"href":"https:\/\/lightweb.dev\/l\/svm-temp\/wp-json\/wp\/v2\/media\/11529"}],"wp:attachment":[{"href":"https:\/\/lightweb.dev\/l\/svm-temp\/wp-json\/wp\/v2\/media?parent=69785"}],"wp:term":[{"taxonomy":"category","embeddable":true,"href":"https:\/\/lightweb.dev\/l\/svm-temp\/wp-json\/wp\/v2\/categories?post=69785"},{"taxonomy":"post_tag","embeddable":true,"href":"https:\/\/lightweb.dev\/l\/svm-temp\/wp-json\/wp\/v2\/tags?post=69785"}],"curies":[{"name":"wp","href":"https:\/\/api.w.org\/{rel}","templated":true}]}}