{"id":69792,"date":"2024-02-22T10:26:47","date_gmt":"2024-02-22T09:26:47","guid":{"rendered":"https:\/\/lightweb.dev\/l\/svm-temp\/?p=69792"},"modified":"2024-02-22T10:41:33","modified_gmt":"2024-02-22T09:41:33","slug":"vildsvin-stanger-a-7an","status":"publish","type":"post","link":"https:\/\/lightweb.dev\/l\/svm-temp\/nyheter\/vildsvin-stanger-a-7an\/","title":{"rendered":"Vildsvin st\u00e4nger A-7:an"},"content":{"rendered":"<p><strong>Vildsvinen p\u00e5 Solkusten \u00e4r ett v\u00e4xande problem. Vid enstaka tillf\u00e4llen har de orsakat stopp i trafiken l\u00e4ngs A-7:an i Mijas kommun.<\/strong><\/p>\n<p><strong>Sedan ny\u00e5ret har myndigheterna engagerat b\u00e5gskyttar f\u00f6r att skjuta av best\u00e5ndet.<\/strong><\/p>\n<p>Brist p\u00e5 mat och vatten g\u00f6r att vildsvin s\u00f6ker sig till bostadsomr\u00e5den p\u00e5 Solkusten i jakten p\u00e5 f\u00f6da.<\/p>\n<p>F\u00f6r Mijas kommun har det blivit ett v\u00e4xande problem varf\u00f6r de lokala myndigheterna inf\u00f6rt extraordin\u00e4ra och tillf\u00e4lliga \u00e5tg\u00e4rder som att anv\u00e4nda b\u00e5gskyttar.<\/p>\n<p>Vildsvinstammen har \u00f6kat de senaste \u00e5ren. Inte bara i Mijas utan i flera kustkommuner rapporteras det om vildsvin som tar sig ner p\u00e5 str\u00e4nder bland badg\u00e4ster i jakten p\u00e5 f\u00f6da.<\/p>\n<p>Den extrema torkan som pl\u00e5gar Solkusten \u00e4r fr\u00e4msta anledningen till att vildsvinen s\u00f6ker sig ner till kusten. Det r\u00e5der brist p\u00e5 mat och tillg\u00e5ng till vatten i den bergiga terr\u00e4ngen d\u00e4r vildsvin normalt f\u00f6rekommer.<\/p>\n<p>\u00c4ven trafiksituationen p\u00e5verkas och vid mer \u00e4n ett tillf\u00e4lle har den h\u00e5rt trafikerade A-7:an f\u00e5tt st\u00e4ngas av tillf\u00e4lligt p\u00e5 grund av vildsvin som \u00f6kar risken f\u00f6r viltolyckor, s\u00e4ger Marco Cort\u00e9s vid Mijas milj\u00f6n\u00e4mnd till <a href=\"https:\/\/www.diariosur.es\/costadelsol\/informe-policial-alerta-peligro-suponen-jabalies-mijas-20240221001654-nt.html?vli=su-not-s-10&amp;vca=0300-320-buenos_dias_0350&amp;vso=nw&amp;vmc=buenos_dias_0350&amp;vus=c444e38dd6124672b896cf0c2eb3fb4c&amp;j=610888&amp;sfmc_sub=27402994&amp;l=140_HTML&amp;u=40418014&amp;mid=510003294&amp;jb=2\">Diario Sur.<\/a><\/p>\n<p>Lokalpolisen i Mijas s\u00e4ger ocks\u00e5 att vildsvinen vid n\u00e5gra tillf\u00e4llen n\u00e4rmat sig skolor och attackerat m\u00e4nniskor.<\/p>\n<p>Samtidigt riktas det kritik mot myndigheternas tillv\u00e4gag\u00e5ngss\u00e4tt att komma till r\u00e4tta med problemet genom att ta in b\u00e5gskyttar. Milj\u00f6organisationen Ecologistas en Acci\u00f3n \u00e4r kritiska till b\u00e5gskyttar och vill hellre se elst\u00e4ngsel och att vildsvinen steriliseras.<\/p>\n<p>Mijas kommun kan t\u00e4nka sig att utfodra vildsvinen i Mijasbergen s\u00e5 att de inte tar sig ner till kustremsan.<\/p>\n","protected":false},"excerpt":{"rendered":"<p>Vildsvinen p\u00e5 Solkusten \u00e4r ett v\u00e4xande problem. Vid enstaka tillf\u00e4llen har de orsakat stopp i trafiken l\u00e4ngs A-7:an i Mijas kommun. Sedan ny\u00e5ret har myndigheterna engagerat b\u00e5gskyttar f\u00f6r att skjuta av best\u00e5ndet&#8230;<\/p>\n","protected":false},"author":7,"featured_media":69794,"comment_status":"closed","ping_status":"closed","sticky":false,"template":"","format":"standard","meta":{"_et_pb_use_builder":"","_et_pb_old_content":"","_et_gb_content_width":"","footnotes":""},"categories":[395,3],"tags":[],"class_list":["post-69792","post","type-post","status-publish","format-standard","has-post-thumbnail","hentry","category-arkiv-nyheter","category-nyheter"],"yoast_head":"<!-- This site is optimized with the Yoast SEO Premium plugin v26.2 (Yoast SEO v27.4) - https:\/\/yoast.com\/product\/yoast-seo-premium-wordpress\/ -->\n<title>Vildsvin st\u00e4nger A-7:an - Svenska Magasinet<\/title>\n<meta name=\"description\" content=\"Vildsvinen p\u00e5 Solkusten \u00e4r ett v\u00e4xande problem. Vid enstaka tillf\u00e4llen har de orsakat stopp i trafiken l\u00e4ngs A-7:an i Mijas kommun. Sedan ny\u00e5ret har myndigheterna engagerat b\u00e5gskyttar f\u00f6r att skjuta av best\u00e5ndet.\" \/>\n<meta name=\"robots\" content=\"noindex, follow, max-snippet:-1, max-image-preview:large, max-video-preview:-1\" \/>\n<meta property=\"og:locale\" content=\"sv_SE\" \/>\n<meta property=\"og:type\" content=\"article\" \/>\n<meta property=\"og:title\" content=\"Vildsvin st\u00e4nger A-7:an\" \/>\n<meta property=\"og:description\" content=\"Vildsvinen p\u00e5 Solkusten \u00e4r ett v\u00e4xande problem. Vid enstaka tillf\u00e4llen har de orsakat stopp i trafiken l\u00e4ngs A-7:an i Mijas kommun. Sedan ny\u00e5ret har myndigheterna engagerat b\u00e5gskyttar f\u00f6r att skjuta av best\u00e5ndet.\" \/>\n<meta property=\"og:url\" content=\"https:\/\/lightweb.dev\/l\/svm-temp\/nyheter\/vildsvin-stanger-a-7an\/\" \/>\n<meta property=\"og:site_name\" content=\"Svenska Magasinet\" \/>\n<meta property=\"article:publisher\" content=\"https:\/\/www.facebook.com\/svenskamagasinet\" \/>\n<meta property=\"article:published_time\" content=\"2024-02-22T09:26:47+00:00\" \/>\n<meta property=\"article:modified_time\" content=\"2024-02-22T09:41:33+00:00\" \/>\n<meta property=\"og:image\" content=\"https:\/\/lightweb.dev\/l\/svm-temp\/wp-content\/uploads\/2024\/02\/jabali-kc9E-U170838932170JLI-1248x770@El-Norte-stor.jpeg\" \/>\n\t<meta property=\"og:image:width\" content=\"1248\" \/>\n\t<meta property=\"og:image:height\" content=\"770\" \/>\n\t<meta property=\"og:image:type\" content=\"image\/jpeg\" \/>\n<meta name=\"author\" content=\"Ola Josefsson\" \/>\n<meta name=\"twitter:card\" content=\"summary_large_image\" \/>\n<meta name=\"twitter:creator\" content=\"@SvenskaMagasine\" \/>\n<meta name=\"twitter:site\" content=\"@SvenskaMagasine\" \/>\n<script type=\"application\/ld+json\" class=\"yoast-schema-graph\">{\"@context\":\"https:\\\/\\\/schema.org\",\"@graph\":[{\"@type\":\"Article\",\"@id\":\"https:\\\/\\\/lightweb.dev\\\/l\\\/svm-temp\\\/nyheter\\\/vildsvin-stanger-a-7an\\\/#article\",\"isPartOf\":{\"@id\":\"https:\\\/\\\/lightweb.dev\\\/l\\\/svm-temp\\\/nyheter\\\/vildsvin-stanger-a-7an\\\/\"},\"author\":{\"name\":\"Ola Josefsson\",\"@id\":\"https:\\\/\\\/lightweb.dev\\\/l\\\/svm-temp\\\/#\\\/schema\\\/person\\\/7a82b8a73d171d32360a564b6d03508e\"},\"headline\":\"Vildsvin st\u00e4nger A-7:an\",\"datePublished\":\"2024-02-22T09:26:47+00:00\",\"dateModified\":\"2024-02-22T09:41:33+00:00\",\"mainEntityOfPage\":{\"@id\":\"https:\\\/\\\/lightweb.dev\\\/l\\\/svm-temp\\\/nyheter\\\/vildsvin-stanger-a-7an\\\/\"},\"wordCount\":306,\"publisher\":{\"@id\":\"https:\\\/\\\/lightweb.dev\\\/l\\\/svm-temp\\\/#organization\"},\"image\":{\"@id\":\"https:\\\/\\\/lightweb.dev\\\/l\\\/svm-temp\\\/nyheter\\\/vildsvin-stanger-a-7an\\\/#primaryimage\"},\"thumbnailUrl\":\"https:\\\/\\\/lightweb.dev\\\/l\\\/svm-temp\\\/wp-content\\\/uploads\\\/2024\\\/02\\\/jabali-kc9E-U170838932170JLI-1248x770@El-Norte-stor.jpeg\",\"articleSection\":[\"Arkiv\",\"Nyheter\"],\"inLanguage\":\"sv-SE\"},{\"@type\":\"WebPage\",\"@id\":\"https:\\\/\\\/lightweb.dev\\\/l\\\/svm-temp\\\/nyheter\\\/vildsvin-stanger-a-7an\\\/\",\"url\":\"https:\\\/\\\/lightweb.dev\\\/l\\\/svm-temp\\\/nyheter\\\/vildsvin-stanger-a-7an\\\/\",\"name\":\"Vildsvin st\u00e4nger A-7:an - Svenska Magasinet\",\"isPartOf\":{\"@id\":\"https:\\\/\\\/lightweb.dev\\\/l\\\/svm-temp\\\/#website\"},\"primaryImageOfPage\":{\"@id\":\"https:\\\/\\\/lightweb.dev\\\/l\\\/svm-temp\\\/nyheter\\\/vildsvin-stanger-a-7an\\\/#primaryimage\"},\"image\":{\"@id\":\"https:\\\/\\\/lightweb.dev\\\/l\\\/svm-temp\\\/nyheter\\\/vildsvin-stanger-a-7an\\\/#primaryimage\"},\"thumbnailUrl\":\"https:\\\/\\\/lightweb.dev\\\/l\\\/svm-temp\\\/wp-content\\\/uploads\\\/2024\\\/02\\\/jabali-kc9E-U170838932170JLI-1248x770@El-Norte-stor.jpeg\",\"datePublished\":\"2024-02-22T09:26:47+00:00\",\"dateModified\":\"2024-02-22T09:41:33+00:00\",\"description\":\"Vildsvinen p\u00e5 Solkusten \u00e4r ett v\u00e4xande problem. Vid enstaka tillf\u00e4llen har de orsakat stopp i trafiken l\u00e4ngs A-7:an i Mijas kommun. Sedan ny\u00e5ret har myndigheterna engagerat b\u00e5gskyttar f\u00f6r att skjuta av best\u00e5ndet.\",\"breadcrumb\":{\"@id\":\"https:\\\/\\\/lightweb.dev\\\/l\\\/svm-temp\\\/nyheter\\\/vildsvin-stanger-a-7an\\\/#breadcrumb\"},\"inLanguage\":\"sv-SE\",\"potentialAction\":[{\"@type\":\"ReadAction\",\"target\":[\"https:\\\/\\\/lightweb.dev\\\/l\\\/svm-temp\\\/nyheter\\\/vildsvin-stanger-a-7an\\\/\"]}]},{\"@type\":\"ImageObject\",\"inLanguage\":\"sv-SE\",\"@id\":\"https:\\\/\\\/lightweb.dev\\\/l\\\/svm-temp\\\/nyheter\\\/vildsvin-stanger-a-7an\\\/#primaryimage\",\"url\":\"https:\\\/\\\/lightweb.dev\\\/l\\\/svm-temp\\\/wp-content\\\/uploads\\\/2024\\\/02\\\/jabali-kc9E-U170838932170JLI-1248x770@El-Norte-stor.jpeg\",\"contentUrl\":\"https:\\\/\\\/lightweb.dev\\\/l\\\/svm-temp\\\/wp-content\\\/uploads\\\/2024\\\/02\\\/jabali-kc9E-U170838932170JLI-1248x770@El-Norte-stor.jpeg\",\"width\":1248,\"height\":770},{\"@type\":\"BreadcrumbList\",\"@id\":\"https:\\\/\\\/lightweb.dev\\\/l\\\/svm-temp\\\/nyheter\\\/vildsvin-stanger-a-7an\\\/#breadcrumb\",\"itemListElement\":[{\"@type\":\"ListItem\",\"position\":1,\"name\":\"Hem\",\"item\":\"https:\\\/\\\/lightweb.dev\\\/l\\\/svm-temp\\\/\"},{\"@type\":\"ListItem\",\"position\":2,\"name\":\"Vildsvin st\u00e4nger A-7:an\"}]},{\"@type\":\"WebSite\",\"@id\":\"https:\\\/\\\/lightweb.dev\\\/l\\\/svm-temp\\\/#website\",\"url\":\"https:\\\/\\\/lightweb.dev\\\/l\\\/svm-temp\\\/\",\"name\":\"Svenska Magasinet\",\"description\":\"Dina Spanska nyheter p&aring; Svenska\",\"publisher\":{\"@id\":\"https:\\\/\\\/lightweb.dev\\\/l\\\/svm-temp\\\/#organization\"},\"potentialAction\":[{\"@type\":\"SearchAction\",\"target\":{\"@type\":\"EntryPoint\",\"urlTemplate\":\"https:\\\/\\\/lightweb.dev\\\/l\\\/svm-temp\\\/?s={search_term_string}\"},\"query-input\":{\"@type\":\"PropertyValueSpecification\",\"valueRequired\":true,\"valueName\":\"search_term_string\"}}],\"inLanguage\":\"sv-SE\"},{\"@type\":\"Organization\",\"@id\":\"https:\\\/\\\/lightweb.dev\\\/l\\\/svm-temp\\\/#organization\",\"name\":\"Melkerson y Nott SL\",\"alternateName\":\"Svenska Magasinet\",\"url\":\"https:\\\/\\\/lightweb.dev\\\/l\\\/svm-temp\\\/\",\"logo\":{\"@type\":\"ImageObject\",\"inLanguage\":\"sv-SE\",\"@id\":\"https:\\\/\\\/lightweb.dev\\\/l\\\/svm-temp\\\/#\\\/schema\\\/logo\\\/image\\\/\",\"url\":\"https:\\\/\\\/lightweb.dev\\\/l\\\/svm-temp\\\/wp-content\\\/uploads\\\/2025\\\/02\\\/SvM-logo-Xtra-Centrerad-SVART.png\",\"contentUrl\":\"https:\\\/\\\/lightweb.dev\\\/l\\\/svm-temp\\\/wp-content\\\/uploads\\\/2025\\\/02\\\/SvM-logo-Xtra-Centrerad-SVART.png\",\"width\":300,\"height\":99,\"caption\":\"Melkerson y Nott SL\"},\"image\":{\"@id\":\"https:\\\/\\\/lightweb.dev\\\/l\\\/svm-temp\\\/#\\\/schema\\\/logo\\\/image\\\/\"},\"sameAs\":[\"https:\\\/\\\/www.facebook.com\\\/svenskamagasinet\",\"https:\\\/\\\/x.com\\\/SvenskaMagasine\"]},{\"@type\":\"Person\",\"@id\":\"https:\\\/\\\/lightweb.dev\\\/l\\\/svm-temp\\\/#\\\/schema\\\/person\\\/7a82b8a73d171d32360a564b6d03508e\",\"name\":\"Ola Josefsson\",\"description\":\"Bevakar Solkusten och Spanien sedan 1994.\",\"sameAs\":[\"https:\\\/\\\/lightweb.dev\\\/l\\\/svm-temp\"],\"url\":\"https:\\\/\\\/lightweb.dev\\\/l\\\/svm-temp\\\/reporter\\\/ola-josefsson\\\/\"}]}<\/script>\n<!-- \/ Yoast SEO Premium plugin. -->","yoast_head_json":{"title":"Vildsvin st\u00e4nger A-7:an - Svenska Magasinet","description":"Vildsvinen p\u00e5 Solkusten \u00e4r ett v\u00e4xande problem. Vid enstaka tillf\u00e4llen har de orsakat stopp i trafiken l\u00e4ngs A-7:an i Mijas kommun. Sedan ny\u00e5ret har myndigheterna engagerat b\u00e5gskyttar f\u00f6r att skjuta av best\u00e5ndet.","robots":{"index":"noindex","follow":"follow","max-snippet":"max-snippet:-1","max-image-preview":"max-image-preview:large","max-video-preview":"max-video-preview:-1"},"og_locale":"sv_SE","og_type":"article","og_title":"Vildsvin st\u00e4nger A-7:an","og_description":"Vildsvinen p\u00e5 Solkusten \u00e4r ett v\u00e4xande problem. Vid enstaka tillf\u00e4llen har de orsakat stopp i trafiken l\u00e4ngs A-7:an i Mijas kommun. Sedan ny\u00e5ret har myndigheterna engagerat b\u00e5gskyttar f\u00f6r att skjuta av best\u00e5ndet.","og_url":"https:\/\/lightweb.dev\/l\/svm-temp\/nyheter\/vildsvin-stanger-a-7an\/","og_site_name":"Svenska Magasinet","article_publisher":"https:\/\/www.facebook.com\/svenskamagasinet","article_published_time":"2024-02-22T09:26:47+00:00","article_modified_time":"2024-02-22T09:41:33+00:00","og_image":[{"width":1248,"height":770,"url":"https:\/\/lightweb.dev\/l\/svm-temp\/wp-content\/uploads\/2024\/02\/jabali-kc9E-U170838932170JLI-1248x770@El-Norte-stor.jpeg","type":"image\/jpeg"}],"author":"Ola Josefsson","twitter_card":"summary_large_image","twitter_creator":"@SvenskaMagasine","twitter_site":"@SvenskaMagasine","schema":{"@context":"https:\/\/schema.org","@graph":[{"@type":"Article","@id":"https:\/\/lightweb.dev\/l\/svm-temp\/nyheter\/vildsvin-stanger-a-7an\/#article","isPartOf":{"@id":"https:\/\/lightweb.dev\/l\/svm-temp\/nyheter\/vildsvin-stanger-a-7an\/"},"author":{"name":"Ola Josefsson","@id":"https:\/\/lightweb.dev\/l\/svm-temp\/#\/schema\/person\/7a82b8a73d171d32360a564b6d03508e"},"headline":"Vildsvin st\u00e4nger A-7:an","datePublished":"2024-02-22T09:26:47+00:00","dateModified":"2024-02-22T09:41:33+00:00","mainEntityOfPage":{"@id":"https:\/\/lightweb.dev\/l\/svm-temp\/nyheter\/vildsvin-stanger-a-7an\/"},"wordCount":306,"publisher":{"@id":"https:\/\/lightweb.dev\/l\/svm-temp\/#organization"},"image":{"@id":"https:\/\/lightweb.dev\/l\/svm-temp\/nyheter\/vildsvin-stanger-a-7an\/#primaryimage"},"thumbnailUrl":"https:\/\/lightweb.dev\/l\/svm-temp\/wp-content\/uploads\/2024\/02\/jabali-kc9E-U170838932170JLI-1248x770@El-Norte-stor.jpeg","articleSection":["Arkiv","Nyheter"],"inLanguage":"sv-SE"},{"@type":"WebPage","@id":"https:\/\/lightweb.dev\/l\/svm-temp\/nyheter\/vildsvin-stanger-a-7an\/","url":"https:\/\/lightweb.dev\/l\/svm-temp\/nyheter\/vildsvin-stanger-a-7an\/","name":"Vildsvin st\u00e4nger A-7:an - Svenska Magasinet","isPartOf":{"@id":"https:\/\/lightweb.dev\/l\/svm-temp\/#website"},"primaryImageOfPage":{"@id":"https:\/\/lightweb.dev\/l\/svm-temp\/nyheter\/vildsvin-stanger-a-7an\/#primaryimage"},"image":{"@id":"https:\/\/lightweb.dev\/l\/svm-temp\/nyheter\/vildsvin-stanger-a-7an\/#primaryimage"},"thumbnailUrl":"https:\/\/lightweb.dev\/l\/svm-temp\/wp-content\/uploads\/2024\/02\/jabali-kc9E-U170838932170JLI-1248x770@El-Norte-stor.jpeg","datePublished":"2024-02-22T09:26:47+00:00","dateModified":"2024-02-22T09:41:33+00:00","description":"Vildsvinen p\u00e5 Solkusten \u00e4r ett v\u00e4xande problem. Vid enstaka tillf\u00e4llen har de orsakat stopp i trafiken l\u00e4ngs A-7:an i Mijas kommun. Sedan ny\u00e5ret har myndigheterna engagerat b\u00e5gskyttar f\u00f6r att skjuta av best\u00e5ndet.","breadcrumb":{"@id":"https:\/\/lightweb.dev\/l\/svm-temp\/nyheter\/vildsvin-stanger-a-7an\/#breadcrumb"},"inLanguage":"sv-SE","potentialAction":[{"@type":"ReadAction","target":["https:\/\/lightweb.dev\/l\/svm-temp\/nyheter\/vildsvin-stanger-a-7an\/"]}]},{"@type":"ImageObject","inLanguage":"sv-SE","@id":"https:\/\/lightweb.dev\/l\/svm-temp\/nyheter\/vildsvin-stanger-a-7an\/#primaryimage","url":"https:\/\/lightweb.dev\/l\/svm-temp\/wp-content\/uploads\/2024\/02\/jabali-kc9E-U170838932170JLI-1248x770@El-Norte-stor.jpeg","contentUrl":"https:\/\/lightweb.dev\/l\/svm-temp\/wp-content\/uploads\/2024\/02\/jabali-kc9E-U170838932170JLI-1248x770@El-Norte-stor.jpeg","width":1248,"height":770},{"@type":"BreadcrumbList","@id":"https:\/\/lightweb.dev\/l\/svm-temp\/nyheter\/vildsvin-stanger-a-7an\/#breadcrumb","itemListElement":[{"@type":"ListItem","position":1,"name":"Hem","item":"https:\/\/lightweb.dev\/l\/svm-temp\/"},{"@type":"ListItem","position":2,"name":"Vildsvin st\u00e4nger A-7:an"}]},{"@type":"WebSite","@id":"https:\/\/lightweb.dev\/l\/svm-temp\/#website","url":"https:\/\/lightweb.dev\/l\/svm-temp\/","name":"Svenska Magasinet","description":"Dina Spanska nyheter p&aring; Svenska","publisher":{"@id":"https:\/\/lightweb.dev\/l\/svm-temp\/#organization"},"potentialAction":[{"@type":"SearchAction","target":{"@type":"EntryPoint","urlTemplate":"https:\/\/lightweb.dev\/l\/svm-temp\/?s={search_term_string}"},"query-input":{"@type":"PropertyValueSpecification","valueRequired":true,"valueName":"search_term_string"}}],"inLanguage":"sv-SE"},{"@type":"Organization","@id":"https:\/\/lightweb.dev\/l\/svm-temp\/#organization","name":"Melkerson y Nott SL","alternateName":"Svenska Magasinet","url":"https:\/\/lightweb.dev\/l\/svm-temp\/","logo":{"@type":"ImageObject","inLanguage":"sv-SE","@id":"https:\/\/lightweb.dev\/l\/svm-temp\/#\/schema\/logo\/image\/","url":"https:\/\/lightweb.dev\/l\/svm-temp\/wp-content\/uploads\/2025\/02\/SvM-logo-Xtra-Centrerad-SVART.png","contentUrl":"https:\/\/lightweb.dev\/l\/svm-temp\/wp-content\/uploads\/2025\/02\/SvM-logo-Xtra-Centrerad-SVART.png","width":300,"height":99,"caption":"Melkerson y Nott SL"},"image":{"@id":"https:\/\/lightweb.dev\/l\/svm-temp\/#\/schema\/logo\/image\/"},"sameAs":["https:\/\/www.facebook.com\/svenskamagasinet","https:\/\/x.com\/SvenskaMagasine"]},{"@type":"Person","@id":"https:\/\/lightweb.dev\/l\/svm-temp\/#\/schema\/person\/7a82b8a73d171d32360a564b6d03508e","name":"Ola Josefsson","description":"Bevakar Solkusten och Spanien sedan 1994.","sameAs":["https:\/\/lightweb.dev\/l\/svm-temp"],"url":"https:\/\/lightweb.dev\/l\/svm-temp\/reporter\/ola-josefsson\/"}]}},"_links":{"self":[{"href":"https:\/\/lightweb.dev\/l\/svm-temp\/wp-json\/wp\/v2\/posts\/69792","targetHints":{"allow":["GET"]}}],"collection":[{"href":"https:\/\/lightweb.dev\/l\/svm-temp\/wp-json\/wp\/v2\/posts"}],"about":[{"href":"https:\/\/lightweb.dev\/l\/svm-temp\/wp-json\/wp\/v2\/types\/post"}],"author":[{"embeddable":true,"href":"https:\/\/lightweb.dev\/l\/svm-temp\/wp-json\/wp\/v2\/users\/7"}],"replies":[{"embeddable":true,"href":"https:\/\/lightweb.dev\/l\/svm-temp\/wp-json\/wp\/v2\/comments?post=69792"}],"version-history":[{"count":0,"href":"https:\/\/lightweb.dev\/l\/svm-temp\/wp-json\/wp\/v2\/posts\/69792\/revisions"}],"wp:featuredmedia":[{"embeddable":true,"href":"https:\/\/lightweb.dev\/l\/svm-temp\/wp-json\/wp\/v2\/media\/69794"}],"wp:attachment":[{"href":"https:\/\/lightweb.dev\/l\/svm-temp\/wp-json\/wp\/v2\/media?parent=69792"}],"wp:term":[{"taxonomy":"category","embeddable":true,"href":"https:\/\/lightweb.dev\/l\/svm-temp\/wp-json\/wp\/v2\/categories?post=69792"},{"taxonomy":"post_tag","embeddable":true,"href":"https:\/\/lightweb.dev\/l\/svm-temp\/wp-json\/wp\/v2\/tags?post=69792"}],"curies":[{"name":"wp","href":"https:\/\/api.w.org\/{rel}","templated":true}]}}