{"id":69799,"date":"2024-02-22T16:10:11","date_gmt":"2024-02-22T15:10:11","guid":{"rendered":"https:\/\/lightweb.dev\/l\/svm-temp\/?p=69799"},"modified":"2024-02-22T16:50:09","modified_gmt":"2024-02-22T15:50:09","slug":"psoe-rostar-for-pps-forslag-om-tillfalligt-havande-av-vagtullar","status":"publish","type":"post","link":"https:\/\/lightweb.dev\/l\/svm-temp\/nyheter\/psoe-rostar-for-pps-forslag-om-tillfalligt-havande-av-vagtullar\/","title":{"rendered":"PSOE r\u00f6star f\u00f6r PPs f\u00f6rslag om tillf\u00e4lligt h\u00e4vande av v\u00e4gtullar"},"content":{"rendered":"<p><strong>Det socialistiska partiet har valt att g\u00e5 emot regeringens linje och r\u00f6stat ja f\u00f6r att tillf\u00e4lligt plocka bort v\u00e4gtullarna i M\u00e1lagaprovinsen.\u00a0<\/strong><\/p>\n<p><strong>R\u00f6sterna lades i provinsens h\u00f6gsta organ, La Diputaci\u00f3n.<\/strong><\/p>\n<p><strong>Det inneb\u00e4r att PSOE st\u00f6der Partido Populars f\u00f6rslag om att plocka bort v\u00e4gtullarna p\u00e5 motorv\u00e4gen AP-7 fram tills dess att j\u00e4rnv\u00e4gen f\u00f6rl\u00e4ngs till Marbella och Estepona.\u00a0<\/strong><\/p>\n<p><span style=\"font-weight: 400;\">Ig\u00e5r morse samlades <\/span><span style=\"font-weight: 400;\">M\u00e1laga<\/span><span style=\"font-weight: 400;\">provinsens h\u00f6gsta organ, La Diputaci\u00f3n. D\u00e4r r\u00f6stade det socialistiska partiet PSOE f\u00f6r PPs br\u00e5dskande motion om att tillf\u00e4lligt plocka bort v\u00e4gtullarna l\u00e4ngs motorv\u00e4g AP-7. Tanken \u00e4r att v\u00e4gen ska bli gratis att anv\u00e4nda fram till att j\u00e4rnv\u00e4gen fr\u00e5n <\/span><span style=\"font-weight: 400;\">M\u00e1laga<\/span><span style=\"font-weight: 400;\"> f\u00f6rl\u00e4ngs till Marbella och Estepona.\u00a0<\/span><\/p>\n<h2 class=\"entry-title\">L\u00e4s mer: <a href=\"https:\/\/lightweb.dev\/l\/svm-temp\/nyheter\/tagresandet-satter-rekord-pa-solkusten\/\">T\u00e5gresandet s\u00e4tter rekord p\u00e5 Solkusten<\/a><\/h2>\n<p><span style=\"font-weight: 400;\">Detta inneb\u00e4r att PSOE i <\/span><span style=\"font-weight: 400;\">M\u00e1laga<\/span><span style=\"font-weight: 400;\"> har \u00e4ndrat sig. N\u00e4r PPs ledare i provinsen, Patricia Navarro, lade fram f\u00f6rslaget den 8 februari kritiserades det av PSOE. Dani <\/span><span style=\"font-weight: 400;\">P\u00e9rez, som leder socialisterna i <\/span><span style=\"font-weight: 400;\">M\u00e1laga<\/span><span style=\"font-weight: 400;\">, backade d\u00e5 regeringen, som utg\u00f6rs av samma parti, och uppmanade PP att \u201cinte lura befolkningen och att inte vara populistiska\u201d. Han p\u00e5pekade att PP \u201cendast f\u00f6resl\u00e5r slopande av v\u00e4gtullar n\u00e4r de sj\u00e4lva inte \u00e4r i regeringsst\u00e4llning\u201d.\u00a0<\/span><\/p>\n<p><span style=\"font-weight: 400;\">Ett exempel p\u00e5 detta som P\u00e9rez lyfter \u00e4r 2017, n\u00e4r PSOE f\u00f6reslog att lyfta v\u00e4gtullarna under tillf\u00e4llen d\u00e5 problem orsakades av olyckor. D\u00e5 var PP i regeringsst\u00e4llning och PP i <\/span><span style=\"font-weight: 400;\">M\u00e1laga<\/span><span style=\"font-weight: 400;\"> r\u00f6stade mot f\u00f6rslaget.<\/span><\/p>\n<p><span style=\"font-weight: 400;\">\u201cVi kommer alltid att skydda <\/span><span style=\"font-weight: 400;\">M\u00e1lagas<\/span><span style=\"font-weight: 400;\"> intressen, oavsett vem som styr i Madrid,\u201d sade PSOEs talesperson Josele Gonzalez och tillade: \u201cVi \u00e4r konsekventa. Vi har st\u00f6ttat dessa f\u00f6rslag n\u00e4r PP satt i regering och vi g\u00f6r det nu n\u00e4r PSOE styr landet\u201d.\u00a0<\/span><\/p>\n<p><span style=\"font-weight: 400;\">Gonzalez menar att PP p\u00e5 regional niv\u00e5 r\u00f6star helt annorlunda beroende p\u00e5 regeringens partif\u00e4rg. \u201cVi ser samma sak n\u00e4r vi kommer med initiativ f\u00f6r att f\u00f6rb\u00e4ttra sjukv\u00e5rden och skolorna. PP r\u00f6star alltid nej. De vill inte st\u00e4lla till besv\u00e4r f\u00f6r Juanma Moreno [PPs andalusiska regionpresident]\u201d.\u00a0\u00a0<\/span><\/p>\n<h2 class=\"entry-title\">L\u00e4s mer: <a href=\"https:\/\/lightweb.dev\/l\/svm-temp\/nyheter\/patricia-navarro-gor-betalmotorvagen-till-marbella-gratis-tills-jarnvagen-ar-klar\/\">Patricia Navarro: G\u00f6r betalmotorv\u00e4gen till Marbella gratis tills j\u00e4rnv\u00e4gen \u00e4r klar<\/a><\/h2>\n<h2><strong>G\u00e5r emot regeringen<\/strong><\/h2>\n<p><span style=\"font-weight: 400;\">Nu har allts\u00e5 PSOE i <\/span><span style=\"font-weight: 400;\">M\u00e1laga<\/span><span style=\"font-weight: 400;\">provinsen valt att \u00e4ndra sig ang\u00e5ende PPs f\u00f6rslag och g\u00e5 emot PSOE-regeringen i Madrid. De vill slopa v\u00e4gtullarna tillf\u00e4lligt och att Pedro Sanchez regering ska st\u00e5 f\u00f6r kostnaden. Motionen fick enh\u00e4lligt st\u00f6d under onsdagens omr\u00f6stning. Partierna som fick vara med och s\u00e4ga sitt var, ut\u00f6ver PP och PSOE, Vox och Con <\/span><span style=\"font-weight: 400;\">M\u00e1laga<\/span><span style=\"font-weight: 400;\">. Detta inneb\u00e4r att provinsen kan g\u00e5 vidare med kravet p\u00e5 regeringen att g\u00f6ra \u201callt de kan\u201d f\u00f6r att f\u00f6rb\u00e4ttra r\u00f6rligheten l\u00e4ngs Solkusten.<\/span><\/p>\n<h2 class=\"entry-title\">L\u00e4s mer: <a href=\"https:\/\/lightweb.dev\/l\/svm-temp\/artiklar\/spanien-just-nu\/spanien-just-nu-det-gar-som-taget\/\">Spanien just nu \u2013 det g\u00e5r som t\u00e5get\u2026<\/a><\/h2>\n<p><span style=\"font-weight: 400;\">Presidenten f\u00f6r La <\/span><span style=\"font-weight: 400;\">Diputaci\u00f3n, Francisco Salado, kallade det en \u201cviktig dag\u201d f\u00f6r provinsen. Han s\u00e4ger att det s\u00e4tter press p\u00e5 regeringen att l\u00f6sa \u201cett av de st\u00f6rsta problemen i <\/span><span style=\"font-weight: 400;\">M\u00e1laga<\/span><span style=\"font-weight: 400;\">\u201d f\u00f6r att inte hindra Andalusiens ekonomiska tillv\u00e4xt. <\/span><\/p>\n","protected":false},"excerpt":{"rendered":"<p>Det socialistiska partiet har valt att g\u00e5 emot regeringens linje och r\u00f6stat ja f\u00f6r att tillf\u00e4lligt plocka bort v\u00e4gtullarna i M\u00e1lagaprovinsen.\u00a0R\u00f6sterna lades i provinsens h\u00f6gsta organ, La Diputaci\u00f3n. Det inneb\u00e4r att PSOE st\u00f6der Partido Populars f\u00f6rslag om att plocka bort v\u00e4gtullarna p\u00e5 motorv\u00e4gen AP-7 fram tills dess att j\u00e4rnv\u00e4gen f\u00f6rl\u00e4ngs till Marbella och Estepona.\u00a0<\/p>\n","protected":false},"author":14,"featured_media":68376,"comment_status":"closed","ping_status":"closed","sticky":false,"template":"","format":"standard","meta":{"_et_pb_use_builder":"","_et_pb_old_content":"","_et_gb_content_width":"","footnotes":""},"categories":[395,3],"tags":[],"class_list":["post-69799","post","type-post","status-publish","format-standard","has-post-thumbnail","hentry","category-arkiv-nyheter","category-nyheter"],"yoast_head":"<!-- This site is optimized with the Yoast SEO Premium plugin v26.2 (Yoast SEO v27.4) - https:\/\/yoast.com\/product\/yoast-seo-premium-wordpress\/ -->\n<title>PSOE r\u00f6star f\u00f6r PPs f\u00f6rslag om tillf\u00e4lligt h\u00e4vande av v\u00e4gtullar - Svenska Magasinet<\/title>\n<meta name=\"robots\" content=\"noindex, follow, max-snippet:-1, max-image-preview:large, max-video-preview:-1\" \/>\n<meta property=\"og:locale\" content=\"sv_SE\" \/>\n<meta property=\"og:type\" content=\"article\" \/>\n<meta property=\"og:title\" content=\"PSOE r\u00f6star f\u00f6r PPs f\u00f6rslag om tillf\u00e4lligt h\u00e4vande av v\u00e4gtullar\" \/>\n<meta property=\"og:description\" content=\"Det socialistiska partiet har valt att g\u00e5 emot regeringens linje och r\u00f6stat ja f\u00f6r att tillf\u00e4lligt plocka bort v\u00e4gtullarna i M\u00e1lagaprovinsen.\u00a0R\u00f6sterna lades i provinsens h\u00f6gsta organ, La Diputaci\u00f3n. Det inneb\u00e4r att PSOE st\u00f6der Partido Populars f\u00f6rslag om att plocka bort v\u00e4gtullarna p\u00e5 motorv\u00e4gen AP-7 fram tills dess att j\u00e4rnv\u00e4gen f\u00f6rl\u00e4ngs till Marbella och Estepona.\u00a0\" \/>\n<meta property=\"og:url\" content=\"https:\/\/lightweb.dev\/l\/svm-temp\/nyheter\/psoe-rostar-for-pps-forslag-om-tillfalligt-havande-av-vagtullar\/\" \/>\n<meta property=\"og:site_name\" content=\"Svenska Magasinet\" \/>\n<meta property=\"article:publisher\" content=\"https:\/\/www.facebook.com\/svenskamagasinet\" \/>\n<meta property=\"article:published_time\" content=\"2024-02-22T15:10:11+00:00\" \/>\n<meta property=\"article:modified_time\" content=\"2024-02-22T15:50:09+00:00\" \/>\n<meta property=\"og:image\" content=\"https:\/\/lightweb.dev\/l\/svm-temp\/wp-content\/uploads\/2023\/12\/E-tblFEXsAUcbnL-stor.jpeg\" \/>\n\t<meta property=\"og:image:width\" content=\"1280\" \/>\n\t<meta property=\"og:image:height\" content=\"780\" \/>\n\t<meta property=\"og:image:type\" content=\"image\/jpeg\" \/>\n<meta name=\"author\" content=\"Robbie Eriksson\" \/>\n<meta name=\"twitter:card\" content=\"summary_large_image\" \/>\n<meta name=\"twitter:creator\" content=\"@SvenskaMagasine\" \/>\n<meta name=\"twitter:site\" content=\"@SvenskaMagasine\" \/>\n<script type=\"application\/ld+json\" class=\"yoast-schema-graph\">{\"@context\":\"https:\\\/\\\/schema.org\",\"@graph\":[{\"@type\":\"Article\",\"@id\":\"https:\\\/\\\/lightweb.dev\\\/l\\\/svm-temp\\\/nyheter\\\/psoe-rostar-for-pps-forslag-om-tillfalligt-havande-av-vagtullar\\\/#article\",\"isPartOf\":{\"@id\":\"https:\\\/\\\/lightweb.dev\\\/l\\\/svm-temp\\\/nyheter\\\/psoe-rostar-for-pps-forslag-om-tillfalligt-havande-av-vagtullar\\\/\"},\"author\":{\"name\":\"Robbie Eriksson\",\"@id\":\"https:\\\/\\\/lightweb.dev\\\/l\\\/svm-temp\\\/#\\\/schema\\\/person\\\/caffe038990d25722f5a04a03c906a2b\"},\"headline\":\"PSOE r\u00f6star f\u00f6r PPs f\u00f6rslag om tillf\u00e4lligt h\u00e4vande av v\u00e4gtullar\",\"datePublished\":\"2024-02-22T15:10:11+00:00\",\"dateModified\":\"2024-02-22T15:50:09+00:00\",\"mainEntityOfPage\":{\"@id\":\"https:\\\/\\\/lightweb.dev\\\/l\\\/svm-temp\\\/nyheter\\\/psoe-rostar-for-pps-forslag-om-tillfalligt-havande-av-vagtullar\\\/\"},\"wordCount\":574,\"publisher\":{\"@id\":\"https:\\\/\\\/lightweb.dev\\\/l\\\/svm-temp\\\/#organization\"},\"image\":{\"@id\":\"https:\\\/\\\/lightweb.dev\\\/l\\\/svm-temp\\\/nyheter\\\/psoe-rostar-for-pps-forslag-om-tillfalligt-havande-av-vagtullar\\\/#primaryimage\"},\"thumbnailUrl\":\"https:\\\/\\\/lightweb.dev\\\/l\\\/svm-temp\\\/wp-content\\\/uploads\\\/2023\\\/12\\\/E-tblFEXsAUcbnL-stor.jpeg\",\"articleSection\":[\"Arkiv\",\"Nyheter\"],\"inLanguage\":\"sv-SE\"},{\"@type\":\"WebPage\",\"@id\":\"https:\\\/\\\/lightweb.dev\\\/l\\\/svm-temp\\\/nyheter\\\/psoe-rostar-for-pps-forslag-om-tillfalligt-havande-av-vagtullar\\\/\",\"url\":\"https:\\\/\\\/lightweb.dev\\\/l\\\/svm-temp\\\/nyheter\\\/psoe-rostar-for-pps-forslag-om-tillfalligt-havande-av-vagtullar\\\/\",\"name\":\"PSOE r\u00f6star f\u00f6r PPs f\u00f6rslag om tillf\u00e4lligt h\u00e4vande av v\u00e4gtullar - Svenska Magasinet\",\"isPartOf\":{\"@id\":\"https:\\\/\\\/lightweb.dev\\\/l\\\/svm-temp\\\/#website\"},\"primaryImageOfPage\":{\"@id\":\"https:\\\/\\\/lightweb.dev\\\/l\\\/svm-temp\\\/nyheter\\\/psoe-rostar-for-pps-forslag-om-tillfalligt-havande-av-vagtullar\\\/#primaryimage\"},\"image\":{\"@id\":\"https:\\\/\\\/lightweb.dev\\\/l\\\/svm-temp\\\/nyheter\\\/psoe-rostar-for-pps-forslag-om-tillfalligt-havande-av-vagtullar\\\/#primaryimage\"},\"thumbnailUrl\":\"https:\\\/\\\/lightweb.dev\\\/l\\\/svm-temp\\\/wp-content\\\/uploads\\\/2023\\\/12\\\/E-tblFEXsAUcbnL-stor.jpeg\",\"datePublished\":\"2024-02-22T15:10:11+00:00\",\"dateModified\":\"2024-02-22T15:50:09+00:00\",\"breadcrumb\":{\"@id\":\"https:\\\/\\\/lightweb.dev\\\/l\\\/svm-temp\\\/nyheter\\\/psoe-rostar-for-pps-forslag-om-tillfalligt-havande-av-vagtullar\\\/#breadcrumb\"},\"inLanguage\":\"sv-SE\",\"potentialAction\":[{\"@type\":\"ReadAction\",\"target\":[\"https:\\\/\\\/lightweb.dev\\\/l\\\/svm-temp\\\/nyheter\\\/psoe-rostar-for-pps-forslag-om-tillfalligt-havande-av-vagtullar\\\/\"]}]},{\"@type\":\"ImageObject\",\"inLanguage\":\"sv-SE\",\"@id\":\"https:\\\/\\\/lightweb.dev\\\/l\\\/svm-temp\\\/nyheter\\\/psoe-rostar-for-pps-forslag-om-tillfalligt-havande-av-vagtullar\\\/#primaryimage\",\"url\":\"https:\\\/\\\/lightweb.dev\\\/l\\\/svm-temp\\\/wp-content\\\/uploads\\\/2023\\\/12\\\/E-tblFEXsAUcbnL-stor.jpeg\",\"contentUrl\":\"https:\\\/\\\/lightweb.dev\\\/l\\\/svm-temp\\\/wp-content\\\/uploads\\\/2023\\\/12\\\/E-tblFEXsAUcbnL-stor.jpeg\",\"width\":1280,\"height\":780},{\"@type\":\"BreadcrumbList\",\"@id\":\"https:\\\/\\\/lightweb.dev\\\/l\\\/svm-temp\\\/nyheter\\\/psoe-rostar-for-pps-forslag-om-tillfalligt-havande-av-vagtullar\\\/#breadcrumb\",\"itemListElement\":[{\"@type\":\"ListItem\",\"position\":1,\"name\":\"Hem\",\"item\":\"https:\\\/\\\/lightweb.dev\\\/l\\\/svm-temp\\\/\"},{\"@type\":\"ListItem\",\"position\":2,\"name\":\"PSOE r\u00f6star f\u00f6r PPs f\u00f6rslag om tillf\u00e4lligt h\u00e4vande av v\u00e4gtullar\"}]},{\"@type\":\"WebSite\",\"@id\":\"https:\\\/\\\/lightweb.dev\\\/l\\\/svm-temp\\\/#website\",\"url\":\"https:\\\/\\\/lightweb.dev\\\/l\\\/svm-temp\\\/\",\"name\":\"Svenska Magasinet\",\"description\":\"Dina Spanska nyheter p&aring; Svenska\",\"publisher\":{\"@id\":\"https:\\\/\\\/lightweb.dev\\\/l\\\/svm-temp\\\/#organization\"},\"potentialAction\":[{\"@type\":\"SearchAction\",\"target\":{\"@type\":\"EntryPoint\",\"urlTemplate\":\"https:\\\/\\\/lightweb.dev\\\/l\\\/svm-temp\\\/?s={search_term_string}\"},\"query-input\":{\"@type\":\"PropertyValueSpecification\",\"valueRequired\":true,\"valueName\":\"search_term_string\"}}],\"inLanguage\":\"sv-SE\"},{\"@type\":\"Organization\",\"@id\":\"https:\\\/\\\/lightweb.dev\\\/l\\\/svm-temp\\\/#organization\",\"name\":\"Melkerson y Nott SL\",\"alternateName\":\"Svenska Magasinet\",\"url\":\"https:\\\/\\\/lightweb.dev\\\/l\\\/svm-temp\\\/\",\"logo\":{\"@type\":\"ImageObject\",\"inLanguage\":\"sv-SE\",\"@id\":\"https:\\\/\\\/lightweb.dev\\\/l\\\/svm-temp\\\/#\\\/schema\\\/logo\\\/image\\\/\",\"url\":\"https:\\\/\\\/lightweb.dev\\\/l\\\/svm-temp\\\/wp-content\\\/uploads\\\/2025\\\/02\\\/SvM-logo-Xtra-Centrerad-SVART.png\",\"contentUrl\":\"https:\\\/\\\/lightweb.dev\\\/l\\\/svm-temp\\\/wp-content\\\/uploads\\\/2025\\\/02\\\/SvM-logo-Xtra-Centrerad-SVART.png\",\"width\":300,\"height\":99,\"caption\":\"Melkerson y Nott SL\"},\"image\":{\"@id\":\"https:\\\/\\\/lightweb.dev\\\/l\\\/svm-temp\\\/#\\\/schema\\\/logo\\\/image\\\/\"},\"sameAs\":[\"https:\\\/\\\/www.facebook.com\\\/svenskamagasinet\",\"https:\\\/\\\/x.com\\\/SvenskaMagasine\"]},{\"@type\":\"Person\",\"@id\":\"https:\\\/\\\/lightweb.dev\\\/l\\\/svm-temp\\\/#\\\/schema\\\/person\\\/caffe038990d25722f5a04a03c906a2b\",\"name\":\"Robbie Eriksson\",\"sameAs\":[\"https:\\\/\\\/lightweb.dev\\\/l\\\/svm-temp\"],\"url\":\"https:\\\/\\\/lightweb.dev\\\/l\\\/svm-temp\\\/reporter\\\/robbie-eriksson\\\/\"}]}<\/script>\n<!-- \/ Yoast SEO Premium plugin. -->","yoast_head_json":{"title":"PSOE r\u00f6star f\u00f6r PPs f\u00f6rslag om tillf\u00e4lligt h\u00e4vande av v\u00e4gtullar - Svenska Magasinet","robots":{"index":"noindex","follow":"follow","max-snippet":"max-snippet:-1","max-image-preview":"max-image-preview:large","max-video-preview":"max-video-preview:-1"},"og_locale":"sv_SE","og_type":"article","og_title":"PSOE r\u00f6star f\u00f6r PPs f\u00f6rslag om tillf\u00e4lligt h\u00e4vande av v\u00e4gtullar","og_description":"Det socialistiska partiet har valt att g\u00e5 emot regeringens linje och r\u00f6stat ja f\u00f6r att tillf\u00e4lligt plocka bort v\u00e4gtullarna i M\u00e1lagaprovinsen.\u00a0R\u00f6sterna lades i provinsens h\u00f6gsta organ, La Diputaci\u00f3n. Det inneb\u00e4r att PSOE st\u00f6der Partido Populars f\u00f6rslag om att plocka bort v\u00e4gtullarna p\u00e5 motorv\u00e4gen AP-7 fram tills dess att j\u00e4rnv\u00e4gen f\u00f6rl\u00e4ngs till Marbella och Estepona.\u00a0","og_url":"https:\/\/lightweb.dev\/l\/svm-temp\/nyheter\/psoe-rostar-for-pps-forslag-om-tillfalligt-havande-av-vagtullar\/","og_site_name":"Svenska Magasinet","article_publisher":"https:\/\/www.facebook.com\/svenskamagasinet","article_published_time":"2024-02-22T15:10:11+00:00","article_modified_time":"2024-02-22T15:50:09+00:00","og_image":[{"width":1280,"height":780,"url":"https:\/\/lightweb.dev\/l\/svm-temp\/wp-content\/uploads\/2023\/12\/E-tblFEXsAUcbnL-stor.jpeg","type":"image\/jpeg"}],"author":"Robbie Eriksson","twitter_card":"summary_large_image","twitter_creator":"@SvenskaMagasine","twitter_site":"@SvenskaMagasine","schema":{"@context":"https:\/\/schema.org","@graph":[{"@type":"Article","@id":"https:\/\/lightweb.dev\/l\/svm-temp\/nyheter\/psoe-rostar-for-pps-forslag-om-tillfalligt-havande-av-vagtullar\/#article","isPartOf":{"@id":"https:\/\/lightweb.dev\/l\/svm-temp\/nyheter\/psoe-rostar-for-pps-forslag-om-tillfalligt-havande-av-vagtullar\/"},"author":{"name":"Robbie Eriksson","@id":"https:\/\/lightweb.dev\/l\/svm-temp\/#\/schema\/person\/caffe038990d25722f5a04a03c906a2b"},"headline":"PSOE r\u00f6star f\u00f6r PPs f\u00f6rslag om tillf\u00e4lligt h\u00e4vande av v\u00e4gtullar","datePublished":"2024-02-22T15:10:11+00:00","dateModified":"2024-02-22T15:50:09+00:00","mainEntityOfPage":{"@id":"https:\/\/lightweb.dev\/l\/svm-temp\/nyheter\/psoe-rostar-for-pps-forslag-om-tillfalligt-havande-av-vagtullar\/"},"wordCount":574,"publisher":{"@id":"https:\/\/lightweb.dev\/l\/svm-temp\/#organization"},"image":{"@id":"https:\/\/lightweb.dev\/l\/svm-temp\/nyheter\/psoe-rostar-for-pps-forslag-om-tillfalligt-havande-av-vagtullar\/#primaryimage"},"thumbnailUrl":"https:\/\/lightweb.dev\/l\/svm-temp\/wp-content\/uploads\/2023\/12\/E-tblFEXsAUcbnL-stor.jpeg","articleSection":["Arkiv","Nyheter"],"inLanguage":"sv-SE"},{"@type":"WebPage","@id":"https:\/\/lightweb.dev\/l\/svm-temp\/nyheter\/psoe-rostar-for-pps-forslag-om-tillfalligt-havande-av-vagtullar\/","url":"https:\/\/lightweb.dev\/l\/svm-temp\/nyheter\/psoe-rostar-for-pps-forslag-om-tillfalligt-havande-av-vagtullar\/","name":"PSOE r\u00f6star f\u00f6r PPs f\u00f6rslag om tillf\u00e4lligt h\u00e4vande av v\u00e4gtullar - Svenska Magasinet","isPartOf":{"@id":"https:\/\/lightweb.dev\/l\/svm-temp\/#website"},"primaryImageOfPage":{"@id":"https:\/\/lightweb.dev\/l\/svm-temp\/nyheter\/psoe-rostar-for-pps-forslag-om-tillfalligt-havande-av-vagtullar\/#primaryimage"},"image":{"@id":"https:\/\/lightweb.dev\/l\/svm-temp\/nyheter\/psoe-rostar-for-pps-forslag-om-tillfalligt-havande-av-vagtullar\/#primaryimage"},"thumbnailUrl":"https:\/\/lightweb.dev\/l\/svm-temp\/wp-content\/uploads\/2023\/12\/E-tblFEXsAUcbnL-stor.jpeg","datePublished":"2024-02-22T15:10:11+00:00","dateModified":"2024-02-22T15:50:09+00:00","breadcrumb":{"@id":"https:\/\/lightweb.dev\/l\/svm-temp\/nyheter\/psoe-rostar-for-pps-forslag-om-tillfalligt-havande-av-vagtullar\/#breadcrumb"},"inLanguage":"sv-SE","potentialAction":[{"@type":"ReadAction","target":["https:\/\/lightweb.dev\/l\/svm-temp\/nyheter\/psoe-rostar-for-pps-forslag-om-tillfalligt-havande-av-vagtullar\/"]}]},{"@type":"ImageObject","inLanguage":"sv-SE","@id":"https:\/\/lightweb.dev\/l\/svm-temp\/nyheter\/psoe-rostar-for-pps-forslag-om-tillfalligt-havande-av-vagtullar\/#primaryimage","url":"https:\/\/lightweb.dev\/l\/svm-temp\/wp-content\/uploads\/2023\/12\/E-tblFEXsAUcbnL-stor.jpeg","contentUrl":"https:\/\/lightweb.dev\/l\/svm-temp\/wp-content\/uploads\/2023\/12\/E-tblFEXsAUcbnL-stor.jpeg","width":1280,"height":780},{"@type":"BreadcrumbList","@id":"https:\/\/lightweb.dev\/l\/svm-temp\/nyheter\/psoe-rostar-for-pps-forslag-om-tillfalligt-havande-av-vagtullar\/#breadcrumb","itemListElement":[{"@type":"ListItem","position":1,"name":"Hem","item":"https:\/\/lightweb.dev\/l\/svm-temp\/"},{"@type":"ListItem","position":2,"name":"PSOE r\u00f6star f\u00f6r PPs f\u00f6rslag om tillf\u00e4lligt h\u00e4vande av v\u00e4gtullar"}]},{"@type":"WebSite","@id":"https:\/\/lightweb.dev\/l\/svm-temp\/#website","url":"https:\/\/lightweb.dev\/l\/svm-temp\/","name":"Svenska Magasinet","description":"Dina Spanska nyheter p&aring; Svenska","publisher":{"@id":"https:\/\/lightweb.dev\/l\/svm-temp\/#organization"},"potentialAction":[{"@type":"SearchAction","target":{"@type":"EntryPoint","urlTemplate":"https:\/\/lightweb.dev\/l\/svm-temp\/?s={search_term_string}"},"query-input":{"@type":"PropertyValueSpecification","valueRequired":true,"valueName":"search_term_string"}}],"inLanguage":"sv-SE"},{"@type":"Organization","@id":"https:\/\/lightweb.dev\/l\/svm-temp\/#organization","name":"Melkerson y Nott SL","alternateName":"Svenska Magasinet","url":"https:\/\/lightweb.dev\/l\/svm-temp\/","logo":{"@type":"ImageObject","inLanguage":"sv-SE","@id":"https:\/\/lightweb.dev\/l\/svm-temp\/#\/schema\/logo\/image\/","url":"https:\/\/lightweb.dev\/l\/svm-temp\/wp-content\/uploads\/2025\/02\/SvM-logo-Xtra-Centrerad-SVART.png","contentUrl":"https:\/\/lightweb.dev\/l\/svm-temp\/wp-content\/uploads\/2025\/02\/SvM-logo-Xtra-Centrerad-SVART.png","width":300,"height":99,"caption":"Melkerson y Nott SL"},"image":{"@id":"https:\/\/lightweb.dev\/l\/svm-temp\/#\/schema\/logo\/image\/"},"sameAs":["https:\/\/www.facebook.com\/svenskamagasinet","https:\/\/x.com\/SvenskaMagasine"]},{"@type":"Person","@id":"https:\/\/lightweb.dev\/l\/svm-temp\/#\/schema\/person\/caffe038990d25722f5a04a03c906a2b","name":"Robbie Eriksson","sameAs":["https:\/\/lightweb.dev\/l\/svm-temp"],"url":"https:\/\/lightweb.dev\/l\/svm-temp\/reporter\/robbie-eriksson\/"}]}},"_links":{"self":[{"href":"https:\/\/lightweb.dev\/l\/svm-temp\/wp-json\/wp\/v2\/posts\/69799","targetHints":{"allow":["GET"]}}],"collection":[{"href":"https:\/\/lightweb.dev\/l\/svm-temp\/wp-json\/wp\/v2\/posts"}],"about":[{"href":"https:\/\/lightweb.dev\/l\/svm-temp\/wp-json\/wp\/v2\/types\/post"}],"author":[{"embeddable":true,"href":"https:\/\/lightweb.dev\/l\/svm-temp\/wp-json\/wp\/v2\/users\/14"}],"replies":[{"embeddable":true,"href":"https:\/\/lightweb.dev\/l\/svm-temp\/wp-json\/wp\/v2\/comments?post=69799"}],"version-history":[{"count":0,"href":"https:\/\/lightweb.dev\/l\/svm-temp\/wp-json\/wp\/v2\/posts\/69799\/revisions"}],"wp:featuredmedia":[{"embeddable":true,"href":"https:\/\/lightweb.dev\/l\/svm-temp\/wp-json\/wp\/v2\/media\/68376"}],"wp:attachment":[{"href":"https:\/\/lightweb.dev\/l\/svm-temp\/wp-json\/wp\/v2\/media?parent=69799"}],"wp:term":[{"taxonomy":"category","embeddable":true,"href":"https:\/\/lightweb.dev\/l\/svm-temp\/wp-json\/wp\/v2\/categories?post=69799"},{"taxonomy":"post_tag","embeddable":true,"href":"https:\/\/lightweb.dev\/l\/svm-temp\/wp-json\/wp\/v2\/tags?post=69799"}],"curies":[{"name":"wp","href":"https:\/\/api.w.org\/{rel}","templated":true}]}}