{"id":69801,"date":"2024-02-22T16:17:44","date_gmt":"2024-02-22T15:17:44","guid":{"rendered":"https:\/\/lightweb.dev\/l\/svm-temp\/?p=69801"},"modified":"2024-02-22T16:31:24","modified_gmt":"2024-02-22T15:31:24","slug":"andalusien-ska-korta-vantetiderna-till-operationer","status":"publish","type":"post","link":"https:\/\/lightweb.dev\/l\/svm-temp\/nyheter\/andalusien-ska-korta-vantetiderna-till-operationer\/","title":{"rendered":"Andalusien ska korta v\u00e4ntetiderna till operationer"},"content":{"rendered":"<p><strong>Enligt h\u00e4lsoministern hade 53 014 patienter v\u00e4ntat l\u00e4ngre \u00e4n den garanterade tiden i december f\u00f6rra \u00e5ret.\u00a0<\/strong><\/p>\n<p><strong>Nu ska man satsa n\u00e4stan 300 miljoner euro f\u00f6r att korta listorna.\u00a0\u00a0<\/strong><\/p>\n<p><span style=\"font-weight: 400;\">Lokalregeringen har lagt fram en plan f\u00f6r att snabbt korta ner v\u00e4ntetiderna p\u00e5 operationer i Andalusien. Den inneb\u00e4r en investering p\u00e5 n\u00e4stan 300 miljoner euro.\u00a0<\/span><\/p>\n<p><span style=\"font-weight: 400;\">Den regionala h\u00e4lsoministern, Catalina Garc\u00eda, har nyligen ber\u00e4ttat att v\u00e4ntetiderna p\u00e5 operationer, som redan var l\u00e5nga, blev \u00e4nnu l\u00e4ngre enligt decembers siffror. De exakta uppgifterna har \u00e4nnu inte presenterats officiellt.\u00a0<\/span><\/p>\n<p><span style=\"font-weight: 400;\">P\u00e5 grund av det vill man nu satsa 283, 3 miljoner euro f\u00f6r att \u201cavsev\u00e4rt\u201d f\u00f6rkorta k\u00f6erna till operationer som betalas av det sociala skyddsn\u00e4tverket.\u00a0<\/span><\/p>\n<p><span style=\"font-weight: 400;\">Enligt reglerna f\u00e5r den maximala v\u00e4ntetiden p\u00e5 dessa operationer vara 90, 120 eller 180 dagar, beroende p\u00e5 vilken typ av ingrepp som beh\u00f6vs.\u00a0<\/span><\/p>\n<p><span style=\"font-weight: 400;\">I juni f\u00f6rra \u00e5ret fanns 134 749 patienter som v\u00e4ntade p\u00e5 operation i Andalu<\/span><span style=\"font-weight: 400;\">sien, av dessa fick 36 004 v\u00e4nta l\u00e4ngre \u00e4n den utsatta maximala tiden. Enligt h\u00e4lsoministern v\u00e4xte samma siffror i december till 142 507 respektive 53 014.\u00a0<\/span><\/p>\n<h2><span style=\"font-weight: 400;\">Personalbrist\u00a0<\/span><\/h2>\n<p><span style=\"font-weight: 400;\">F\u00f6rklaringen till dessa katastrofsiffror anses vara sjukv\u00e5rdens omstart efter Covid-19 pandemin. Den innebar att man hamnade l\u00e5ngt efter i arbetet med att genomf\u00f6ra operationer.\u00a0<\/span><\/p>\n<p><span style=\"font-weight: 400;\">En annan anledning \u00e4r den \u201callvarliga bristen\u201d p\u00e5 sjukv\u00e5rdspersonal. Det g\u00e4ller framf\u00f6rallt inom anestesiologi.<\/span><\/p>\n","protected":false},"excerpt":{"rendered":"<p>Enligt h\u00e4lsoministern, Catalina Garc\u00eda, hade 53 014 patienter v\u00e4ntat l\u00e4ngre \u00e4n den garanterade tiden i december f\u00f6rra \u00e5ret.\u00a0Nu ska man satsa n\u00e4stan 300 miljoner euro f\u00f6r att korta listorna.\u00a0\u00a0<\/p>\n","protected":false},"author":14,"featured_media":69804,"comment_status":"closed","ping_status":"closed","sticky":false,"template":"","format":"standard","meta":{"_et_pb_use_builder":"","_et_pb_old_content":"","_et_gb_content_width":"","footnotes":""},"categories":[395,3],"tags":[],"class_list":["post-69801","post","type-post","status-publish","format-standard","has-post-thumbnail","hentry","category-arkiv-nyheter","category-nyheter"],"yoast_head":"<!-- This site is optimized with the Yoast SEO Premium plugin v26.2 (Yoast SEO v27.4) - https:\/\/yoast.com\/product\/yoast-seo-premium-wordpress\/ -->\n<title>Andalusien ska korta v\u00e4ntetiderna till operationer - Svenska Magasinet<\/title>\n<meta name=\"robots\" content=\"noindex, follow, max-snippet:-1, max-image-preview:large, max-video-preview:-1\" \/>\n<meta property=\"og:locale\" content=\"sv_SE\" \/>\n<meta property=\"og:type\" content=\"article\" \/>\n<meta property=\"og:title\" content=\"Andalusien ska korta v\u00e4ntetiderna till operationer\" \/>\n<meta property=\"og:description\" content=\"Enligt h\u00e4lsoministern, Catalina Garc\u00eda, hade 53 014 patienter v\u00e4ntat l\u00e4ngre \u00e4n den garanterade tiden i december f\u00f6rra \u00e5ret.\u00a0Nu ska man satsa n\u00e4stan 300 miljoner euro f\u00f6r att korta listorna.\u00a0\u00a0\" \/>\n<meta property=\"og:url\" content=\"https:\/\/lightweb.dev\/l\/svm-temp\/nyheter\/andalusien-ska-korta-vantetiderna-till-operationer\/\" \/>\n<meta property=\"og:site_name\" content=\"Svenska Magasinet\" \/>\n<meta property=\"article:publisher\" content=\"https:\/\/www.facebook.com\/svenskamagasinet\" \/>\n<meta property=\"article:published_time\" content=\"2024-02-22T15:17:44+00:00\" \/>\n<meta property=\"article:modified_time\" content=\"2024-02-22T15:31:24+00:00\" \/>\n<meta property=\"og:image\" content=\"https:\/\/lightweb.dev\/l\/svm-temp\/wp-content\/uploads\/2024\/02\/Catalina-Garcia.jpg\" \/>\n\t<meta property=\"og:image:width\" content=\"1079\" \/>\n\t<meta property=\"og:image:height\" content=\"680\" \/>\n\t<meta property=\"og:image:type\" content=\"image\/jpeg\" \/>\n<meta name=\"author\" content=\"Robbie Eriksson\" \/>\n<meta name=\"twitter:card\" content=\"summary_large_image\" \/>\n<meta name=\"twitter:creator\" content=\"@SvenskaMagasine\" \/>\n<meta name=\"twitter:site\" content=\"@SvenskaMagasine\" \/>\n<script type=\"application\/ld+json\" class=\"yoast-schema-graph\">{\"@context\":\"https:\\\/\\\/schema.org\",\"@graph\":[{\"@type\":\"Article\",\"@id\":\"https:\\\/\\\/lightweb.dev\\\/l\\\/svm-temp\\\/nyheter\\\/andalusien-ska-korta-vantetiderna-till-operationer\\\/#article\",\"isPartOf\":{\"@id\":\"https:\\\/\\\/lightweb.dev\\\/l\\\/svm-temp\\\/nyheter\\\/andalusien-ska-korta-vantetiderna-till-operationer\\\/\"},\"author\":{\"name\":\"Robbie Eriksson\",\"@id\":\"https:\\\/\\\/lightweb.dev\\\/l\\\/svm-temp\\\/#\\\/schema\\\/person\\\/caffe038990d25722f5a04a03c906a2b\"},\"headline\":\"Andalusien ska korta v\u00e4ntetiderna till operationer\",\"datePublished\":\"2024-02-22T15:17:44+00:00\",\"dateModified\":\"2024-02-22T15:31:24+00:00\",\"mainEntityOfPage\":{\"@id\":\"https:\\\/\\\/lightweb.dev\\\/l\\\/svm-temp\\\/nyheter\\\/andalusien-ska-korta-vantetiderna-till-operationer\\\/\"},\"wordCount\":237,\"publisher\":{\"@id\":\"https:\\\/\\\/lightweb.dev\\\/l\\\/svm-temp\\\/#organization\"},\"image\":{\"@id\":\"https:\\\/\\\/lightweb.dev\\\/l\\\/svm-temp\\\/nyheter\\\/andalusien-ska-korta-vantetiderna-till-operationer\\\/#primaryimage\"},\"thumbnailUrl\":\"https:\\\/\\\/lightweb.dev\\\/l\\\/svm-temp\\\/wp-content\\\/uploads\\\/2024\\\/02\\\/Catalina-Garcia.jpg\",\"articleSection\":[\"Arkiv\",\"Nyheter\"],\"inLanguage\":\"sv-SE\"},{\"@type\":\"WebPage\",\"@id\":\"https:\\\/\\\/lightweb.dev\\\/l\\\/svm-temp\\\/nyheter\\\/andalusien-ska-korta-vantetiderna-till-operationer\\\/\",\"url\":\"https:\\\/\\\/lightweb.dev\\\/l\\\/svm-temp\\\/nyheter\\\/andalusien-ska-korta-vantetiderna-till-operationer\\\/\",\"name\":\"Andalusien ska korta v\u00e4ntetiderna till operationer - Svenska Magasinet\",\"isPartOf\":{\"@id\":\"https:\\\/\\\/lightweb.dev\\\/l\\\/svm-temp\\\/#website\"},\"primaryImageOfPage\":{\"@id\":\"https:\\\/\\\/lightweb.dev\\\/l\\\/svm-temp\\\/nyheter\\\/andalusien-ska-korta-vantetiderna-till-operationer\\\/#primaryimage\"},\"image\":{\"@id\":\"https:\\\/\\\/lightweb.dev\\\/l\\\/svm-temp\\\/nyheter\\\/andalusien-ska-korta-vantetiderna-till-operationer\\\/#primaryimage\"},\"thumbnailUrl\":\"https:\\\/\\\/lightweb.dev\\\/l\\\/svm-temp\\\/wp-content\\\/uploads\\\/2024\\\/02\\\/Catalina-Garcia.jpg\",\"datePublished\":\"2024-02-22T15:17:44+00:00\",\"dateModified\":\"2024-02-22T15:31:24+00:00\",\"breadcrumb\":{\"@id\":\"https:\\\/\\\/lightweb.dev\\\/l\\\/svm-temp\\\/nyheter\\\/andalusien-ska-korta-vantetiderna-till-operationer\\\/#breadcrumb\"},\"inLanguage\":\"sv-SE\",\"potentialAction\":[{\"@type\":\"ReadAction\",\"target\":[\"https:\\\/\\\/lightweb.dev\\\/l\\\/svm-temp\\\/nyheter\\\/andalusien-ska-korta-vantetiderna-till-operationer\\\/\"]}]},{\"@type\":\"ImageObject\",\"inLanguage\":\"sv-SE\",\"@id\":\"https:\\\/\\\/lightweb.dev\\\/l\\\/svm-temp\\\/nyheter\\\/andalusien-ska-korta-vantetiderna-till-operationer\\\/#primaryimage\",\"url\":\"https:\\\/\\\/lightweb.dev\\\/l\\\/svm-temp\\\/wp-content\\\/uploads\\\/2024\\\/02\\\/Catalina-Garcia.jpg\",\"contentUrl\":\"https:\\\/\\\/lightweb.dev\\\/l\\\/svm-temp\\\/wp-content\\\/uploads\\\/2024\\\/02\\\/Catalina-Garcia.jpg\",\"width\":1079,\"height\":680,\"caption\":\"Andalusiens h\u00e4lsominister, Catalina Garc\u00eda, vid tillk\u00e4nnagivandet av planerna. (Bild: Junta de Andalucia).\"},{\"@type\":\"BreadcrumbList\",\"@id\":\"https:\\\/\\\/lightweb.dev\\\/l\\\/svm-temp\\\/nyheter\\\/andalusien-ska-korta-vantetiderna-till-operationer\\\/#breadcrumb\",\"itemListElement\":[{\"@type\":\"ListItem\",\"position\":1,\"name\":\"Hem\",\"item\":\"https:\\\/\\\/lightweb.dev\\\/l\\\/svm-temp\\\/\"},{\"@type\":\"ListItem\",\"position\":2,\"name\":\"Andalusien ska korta v\u00e4ntetiderna till operationer\"}]},{\"@type\":\"WebSite\",\"@id\":\"https:\\\/\\\/lightweb.dev\\\/l\\\/svm-temp\\\/#website\",\"url\":\"https:\\\/\\\/lightweb.dev\\\/l\\\/svm-temp\\\/\",\"name\":\"Svenska Magasinet\",\"description\":\"Dina Spanska nyheter p&aring; Svenska\",\"publisher\":{\"@id\":\"https:\\\/\\\/lightweb.dev\\\/l\\\/svm-temp\\\/#organization\"},\"potentialAction\":[{\"@type\":\"SearchAction\",\"target\":{\"@type\":\"EntryPoint\",\"urlTemplate\":\"https:\\\/\\\/lightweb.dev\\\/l\\\/svm-temp\\\/?s={search_term_string}\"},\"query-input\":{\"@type\":\"PropertyValueSpecification\",\"valueRequired\":true,\"valueName\":\"search_term_string\"}}],\"inLanguage\":\"sv-SE\"},{\"@type\":\"Organization\",\"@id\":\"https:\\\/\\\/lightweb.dev\\\/l\\\/svm-temp\\\/#organization\",\"name\":\"Melkerson y Nott SL\",\"alternateName\":\"Svenska Magasinet\",\"url\":\"https:\\\/\\\/lightweb.dev\\\/l\\\/svm-temp\\\/\",\"logo\":{\"@type\":\"ImageObject\",\"inLanguage\":\"sv-SE\",\"@id\":\"https:\\\/\\\/lightweb.dev\\\/l\\\/svm-temp\\\/#\\\/schema\\\/logo\\\/image\\\/\",\"url\":\"https:\\\/\\\/lightweb.dev\\\/l\\\/svm-temp\\\/wp-content\\\/uploads\\\/2025\\\/02\\\/SvM-logo-Xtra-Centrerad-SVART.png\",\"contentUrl\":\"https:\\\/\\\/lightweb.dev\\\/l\\\/svm-temp\\\/wp-content\\\/uploads\\\/2025\\\/02\\\/SvM-logo-Xtra-Centrerad-SVART.png\",\"width\":300,\"height\":99,\"caption\":\"Melkerson y Nott SL\"},\"image\":{\"@id\":\"https:\\\/\\\/lightweb.dev\\\/l\\\/svm-temp\\\/#\\\/schema\\\/logo\\\/image\\\/\"},\"sameAs\":[\"https:\\\/\\\/www.facebook.com\\\/svenskamagasinet\",\"https:\\\/\\\/x.com\\\/SvenskaMagasine\"]},{\"@type\":\"Person\",\"@id\":\"https:\\\/\\\/lightweb.dev\\\/l\\\/svm-temp\\\/#\\\/schema\\\/person\\\/caffe038990d25722f5a04a03c906a2b\",\"name\":\"Robbie Eriksson\",\"sameAs\":[\"https:\\\/\\\/lightweb.dev\\\/l\\\/svm-temp\"],\"url\":\"https:\\\/\\\/lightweb.dev\\\/l\\\/svm-temp\\\/reporter\\\/robbie-eriksson\\\/\"}]}<\/script>\n<!-- \/ Yoast SEO Premium plugin. -->","yoast_head_json":{"title":"Andalusien ska korta v\u00e4ntetiderna till operationer - Svenska Magasinet","robots":{"index":"noindex","follow":"follow","max-snippet":"max-snippet:-1","max-image-preview":"max-image-preview:large","max-video-preview":"max-video-preview:-1"},"og_locale":"sv_SE","og_type":"article","og_title":"Andalusien ska korta v\u00e4ntetiderna till operationer","og_description":"Enligt h\u00e4lsoministern, Catalina Garc\u00eda, hade 53 014 patienter v\u00e4ntat l\u00e4ngre \u00e4n den garanterade tiden i december f\u00f6rra \u00e5ret.\u00a0Nu ska man satsa n\u00e4stan 300 miljoner euro f\u00f6r att korta listorna.\u00a0\u00a0","og_url":"https:\/\/lightweb.dev\/l\/svm-temp\/nyheter\/andalusien-ska-korta-vantetiderna-till-operationer\/","og_site_name":"Svenska Magasinet","article_publisher":"https:\/\/www.facebook.com\/svenskamagasinet","article_published_time":"2024-02-22T15:17:44+00:00","article_modified_time":"2024-02-22T15:31:24+00:00","og_image":[{"width":1079,"height":680,"url":"https:\/\/lightweb.dev\/l\/svm-temp\/wp-content\/uploads\/2024\/02\/Catalina-Garcia.jpg","type":"image\/jpeg"}],"author":"Robbie Eriksson","twitter_card":"summary_large_image","twitter_creator":"@SvenskaMagasine","twitter_site":"@SvenskaMagasine","schema":{"@context":"https:\/\/schema.org","@graph":[{"@type":"Article","@id":"https:\/\/lightweb.dev\/l\/svm-temp\/nyheter\/andalusien-ska-korta-vantetiderna-till-operationer\/#article","isPartOf":{"@id":"https:\/\/lightweb.dev\/l\/svm-temp\/nyheter\/andalusien-ska-korta-vantetiderna-till-operationer\/"},"author":{"name":"Robbie Eriksson","@id":"https:\/\/lightweb.dev\/l\/svm-temp\/#\/schema\/person\/caffe038990d25722f5a04a03c906a2b"},"headline":"Andalusien ska korta v\u00e4ntetiderna till operationer","datePublished":"2024-02-22T15:17:44+00:00","dateModified":"2024-02-22T15:31:24+00:00","mainEntityOfPage":{"@id":"https:\/\/lightweb.dev\/l\/svm-temp\/nyheter\/andalusien-ska-korta-vantetiderna-till-operationer\/"},"wordCount":237,"publisher":{"@id":"https:\/\/lightweb.dev\/l\/svm-temp\/#organization"},"image":{"@id":"https:\/\/lightweb.dev\/l\/svm-temp\/nyheter\/andalusien-ska-korta-vantetiderna-till-operationer\/#primaryimage"},"thumbnailUrl":"https:\/\/lightweb.dev\/l\/svm-temp\/wp-content\/uploads\/2024\/02\/Catalina-Garcia.jpg","articleSection":["Arkiv","Nyheter"],"inLanguage":"sv-SE"},{"@type":"WebPage","@id":"https:\/\/lightweb.dev\/l\/svm-temp\/nyheter\/andalusien-ska-korta-vantetiderna-till-operationer\/","url":"https:\/\/lightweb.dev\/l\/svm-temp\/nyheter\/andalusien-ska-korta-vantetiderna-till-operationer\/","name":"Andalusien ska korta v\u00e4ntetiderna till operationer - Svenska Magasinet","isPartOf":{"@id":"https:\/\/lightweb.dev\/l\/svm-temp\/#website"},"primaryImageOfPage":{"@id":"https:\/\/lightweb.dev\/l\/svm-temp\/nyheter\/andalusien-ska-korta-vantetiderna-till-operationer\/#primaryimage"},"image":{"@id":"https:\/\/lightweb.dev\/l\/svm-temp\/nyheter\/andalusien-ska-korta-vantetiderna-till-operationer\/#primaryimage"},"thumbnailUrl":"https:\/\/lightweb.dev\/l\/svm-temp\/wp-content\/uploads\/2024\/02\/Catalina-Garcia.jpg","datePublished":"2024-02-22T15:17:44+00:00","dateModified":"2024-02-22T15:31:24+00:00","breadcrumb":{"@id":"https:\/\/lightweb.dev\/l\/svm-temp\/nyheter\/andalusien-ska-korta-vantetiderna-till-operationer\/#breadcrumb"},"inLanguage":"sv-SE","potentialAction":[{"@type":"ReadAction","target":["https:\/\/lightweb.dev\/l\/svm-temp\/nyheter\/andalusien-ska-korta-vantetiderna-till-operationer\/"]}]},{"@type":"ImageObject","inLanguage":"sv-SE","@id":"https:\/\/lightweb.dev\/l\/svm-temp\/nyheter\/andalusien-ska-korta-vantetiderna-till-operationer\/#primaryimage","url":"https:\/\/lightweb.dev\/l\/svm-temp\/wp-content\/uploads\/2024\/02\/Catalina-Garcia.jpg","contentUrl":"https:\/\/lightweb.dev\/l\/svm-temp\/wp-content\/uploads\/2024\/02\/Catalina-Garcia.jpg","width":1079,"height":680,"caption":"Andalusiens h\u00e4lsominister, Catalina Garc\u00eda, vid tillk\u00e4nnagivandet av planerna. (Bild: Junta de Andalucia)."},{"@type":"BreadcrumbList","@id":"https:\/\/lightweb.dev\/l\/svm-temp\/nyheter\/andalusien-ska-korta-vantetiderna-till-operationer\/#breadcrumb","itemListElement":[{"@type":"ListItem","position":1,"name":"Hem","item":"https:\/\/lightweb.dev\/l\/svm-temp\/"},{"@type":"ListItem","position":2,"name":"Andalusien ska korta v\u00e4ntetiderna till operationer"}]},{"@type":"WebSite","@id":"https:\/\/lightweb.dev\/l\/svm-temp\/#website","url":"https:\/\/lightweb.dev\/l\/svm-temp\/","name":"Svenska Magasinet","description":"Dina Spanska nyheter p&aring; Svenska","publisher":{"@id":"https:\/\/lightweb.dev\/l\/svm-temp\/#organization"},"potentialAction":[{"@type":"SearchAction","target":{"@type":"EntryPoint","urlTemplate":"https:\/\/lightweb.dev\/l\/svm-temp\/?s={search_term_string}"},"query-input":{"@type":"PropertyValueSpecification","valueRequired":true,"valueName":"search_term_string"}}],"inLanguage":"sv-SE"},{"@type":"Organization","@id":"https:\/\/lightweb.dev\/l\/svm-temp\/#organization","name":"Melkerson y Nott SL","alternateName":"Svenska Magasinet","url":"https:\/\/lightweb.dev\/l\/svm-temp\/","logo":{"@type":"ImageObject","inLanguage":"sv-SE","@id":"https:\/\/lightweb.dev\/l\/svm-temp\/#\/schema\/logo\/image\/","url":"https:\/\/lightweb.dev\/l\/svm-temp\/wp-content\/uploads\/2025\/02\/SvM-logo-Xtra-Centrerad-SVART.png","contentUrl":"https:\/\/lightweb.dev\/l\/svm-temp\/wp-content\/uploads\/2025\/02\/SvM-logo-Xtra-Centrerad-SVART.png","width":300,"height":99,"caption":"Melkerson y Nott SL"},"image":{"@id":"https:\/\/lightweb.dev\/l\/svm-temp\/#\/schema\/logo\/image\/"},"sameAs":["https:\/\/www.facebook.com\/svenskamagasinet","https:\/\/x.com\/SvenskaMagasine"]},{"@type":"Person","@id":"https:\/\/lightweb.dev\/l\/svm-temp\/#\/schema\/person\/caffe038990d25722f5a04a03c906a2b","name":"Robbie Eriksson","sameAs":["https:\/\/lightweb.dev\/l\/svm-temp"],"url":"https:\/\/lightweb.dev\/l\/svm-temp\/reporter\/robbie-eriksson\/"}]}},"_links":{"self":[{"href":"https:\/\/lightweb.dev\/l\/svm-temp\/wp-json\/wp\/v2\/posts\/69801","targetHints":{"allow":["GET"]}}],"collection":[{"href":"https:\/\/lightweb.dev\/l\/svm-temp\/wp-json\/wp\/v2\/posts"}],"about":[{"href":"https:\/\/lightweb.dev\/l\/svm-temp\/wp-json\/wp\/v2\/types\/post"}],"author":[{"embeddable":true,"href":"https:\/\/lightweb.dev\/l\/svm-temp\/wp-json\/wp\/v2\/users\/14"}],"replies":[{"embeddable":true,"href":"https:\/\/lightweb.dev\/l\/svm-temp\/wp-json\/wp\/v2\/comments?post=69801"}],"version-history":[{"count":0,"href":"https:\/\/lightweb.dev\/l\/svm-temp\/wp-json\/wp\/v2\/posts\/69801\/revisions"}],"wp:featuredmedia":[{"embeddable":true,"href":"https:\/\/lightweb.dev\/l\/svm-temp\/wp-json\/wp\/v2\/media\/69804"}],"wp:attachment":[{"href":"https:\/\/lightweb.dev\/l\/svm-temp\/wp-json\/wp\/v2\/media?parent=69801"}],"wp:term":[{"taxonomy":"category","embeddable":true,"href":"https:\/\/lightweb.dev\/l\/svm-temp\/wp-json\/wp\/v2\/categories?post=69801"},{"taxonomy":"post_tag","embeddable":true,"href":"https:\/\/lightweb.dev\/l\/svm-temp\/wp-json\/wp\/v2\/tags?post=69801"}],"curies":[{"name":"wp","href":"https:\/\/api.w.org\/{rel}","templated":true}]}}