{"id":69819,"date":"2024-02-23T11:09:28","date_gmt":"2024-02-23T10:09:28","guid":{"rendered":"https:\/\/lightweb.dev\/l\/svm-temp\/?p=69819"},"modified":"2024-02-23T21:06:05","modified_gmt":"2024-02-23T20:06:05","slug":"flera-doda-vid-branden-i-valencia","status":"publish","type":"post","link":"https:\/\/lightweb.dev\/l\/svm-temp\/nyheter\/flera-doda-vid-branden-i-valencia\/","title":{"rendered":"Nio d\u00f6da vid branden i Valencia"},"content":{"rendered":"<p><strong>Vid den v\u00e5ldsamma branden i ett bostadskomplex med 140 l\u00e4genheter och 450 boende i Valencia p\u00e5 torsdagen har nio personer omkommit.<\/strong><\/p>\n<p><strong>D\u00f6dssiffran kan stiga d\u00e5 en person rapporteras saknade. Ytterligare 15 personer skadades varav en minder\u00e5rig och sex brandm\u00e4n. Av dessa v\u00e5rdas tv\u00e5 brandm\u00e4n p\u00e5 sjukhus.<\/strong><\/p>\n<p>Som <a href=\"https:\/\/lightweb.dev\/l\/svm-temp\/nyheter\/kraftig-brand-i-hoghus-i-valencia\/\">Svenska Magasinet<\/a> rapporterade p\u00e5 torsdagen startade branden i en l\u00e4genhet nummer 86 p\u00e5 sjunde v\u00e5ningen strax efter klockan 17. Vad som orsakat branden \u00e4r oklart. Den l\u00e4genhet d\u00e4r branden startade var obebodd vilket bidrog till att elden inte uppt\u00e4cktes p\u00e5 en g\u00e5ng.<\/p>\n<p>Elden spred sig hastigt och efter en kort stund var hela bostadskomplexet \u00f6vert\u00e4nt.<\/p>\n<p><img loading=\"lazy\" decoding=\"async\" class=\"size-medium wp-image-69833 alignleft\" src=\"https:\/\/lightweb.dev\/l\/svm-temp\/wp-content\/uploads\/2024\/02\/GG9RV05XcAAjdhc-stor-225x300.jpeg\" alt=\"\" width=\"225\" height=\"300\" srcset=\"https:\/\/lightweb.dev\/l\/svm-temp\/wp-content\/uploads\/2024\/02\/GG9RV05XcAAjdhc-stor-225x300.jpeg 225w, https:\/\/lightweb.dev\/l\/svm-temp\/wp-content\/uploads\/2024\/02\/GG9RV05XcAAjdhc-stor-675x900.jpeg 675w, https:\/\/lightweb.dev\/l\/svm-temp\/wp-content\/uploads\/2024\/02\/GG9RV05XcAAjdhc-stor-768x1024.jpeg 768w, https:\/\/lightweb.dev\/l\/svm-temp\/wp-content\/uploads\/2024\/02\/GG9RV05XcAAjdhc-stor-610x813.jpeg 610w, https:\/\/lightweb.dev\/l\/svm-temp\/wp-content\/uploads\/2024\/02\/GG9RV05XcAAjdhc-stor-600x800.jpeg 600w, https:\/\/lightweb.dev\/l\/svm-temp\/wp-content\/uploads\/2024\/02\/GG9RV05XcAAjdhc-stor.jpeg 960w\" sizes=\"(max-width: 225px) 100vw, 225px\" \/><\/p>\n<p>Ingenj\u00f6ren David Higuera s\u00e4ger till El Pais att byggnadens isolering kan vara orsaken till den snabba spridningen. Enligt honom finns ett isoleringsskum bakom aluminiumplattorna som t\u00e4cker byggnaden som \u00e4r \u201cmycket bra p\u00e5 att isolera mot v\u00e4rme och kyla, men mycket brandfarliga.\u201d<\/p>\n<p>Bostadskomplexet best\u00e5r av tv\u00e5 h\u00f6ghus p\u00e5 14 respektive 10 v\u00e5ningar med totalt 140 l\u00e4genheter. Det ligger i stadsdelen Campanar n\u00e4ra Jard\u00edn del T\u00faria d\u00e4r flera av Valencias st\u00f6rre v\u00e4gar passerar.<\/p>\n<p>Nio personer har bekr\u00e4ftats d\u00f6da. Men kan stiga d\u00e5 en person rapporteras saknad, uppger <a href=\"https:\/\/www.abc.es\/espana\/comunidad-valenciana\/incendio-edificio-valencia-directo-muertos-desaparecidos-heridos-causas-fuego-bomberos-campanar-hoy-20240223114536-di.html\">ABC.<\/a><\/p>\n<p>Bland annat omkom ett par, en man och en kvinna och deras tv\u00e5 barn, en p\u00e5 tre \u00e5r och en nyf\u00f6dd bara 15 dagar. \u00c4ven ett \u00e4ldre par omkom i l\u00e5gorna, bekr\u00e4ftade p\u00e5 fredagseftermiddagen regeringens delegat i Valenciaregionen Pilar Bernab\u00e9,<\/p>\n<p>Med hj\u00e4lp av dr\u00f6nare har myndigheterna lokaliserat fyra br\u00e4nda kroppar p\u00e5 en balkong samt inne i en av l\u00e4genheterna.<\/p>\n<p>Under r\u00e4ddningsinsatsen lyckades brandm\u00e4nnen r\u00e4dda ett par, en man och en kvinna, p\u00e5 en balkong. Andra bosatta p\u00e5 de nedre v\u00e5ningarna lyckades r\u00e4dda livet genom att hoppa ner p\u00e5 madrasser som placerats ut av r\u00e4ddningspersonalen.<\/p>\n<p>Branden beskrivs som mycket v\u00e5ldsam med flera explosioner. Omkring 450 boende har f\u00f6rlorat sina \u00e4godelar i branden.<\/p>\n<p>Tre dagars officiell sorg \u00e4r utlyst i Valencia kommun.<\/p>\n<p><em>(Texten \u00e4r uppdaterad)<\/em><\/p>\n<blockquote class=\"twitter-tweet\" data-media-max-width=\"560\">\n<p dir=\"ltr\" lang=\"es\">\ud83d\udce2Informaci\u00f3n para las personas afectadas por el <a href=\"https:\/\/twitter.com\/hashtag\/IncendioCampanar?src=hash&amp;ref_src=twsrc%5Etfw\">#IncendioCampanar<\/a> y sus familiares:<\/p>\n<p>\u27a1\ufe0fEl <a href=\"https:\/\/twitter.com\/AjuntamentVLC?ref_src=twsrc%5Etfw\">@AjuntamentVLC<\/a> habilita un punto de atenci\u00f3n e informaci\u00f3n en el edificio municipal de Tabacalera .<br \/>\n\ud83d\udcf2Atenci\u00f3n telef\u00f3nica 96208 5648 \/ 96208 5649<br \/>\n\ud83d\udce9Atenci\u00f3n correo electr\u00f3nico:\u2026 <a href=\"https:\/\/t.co\/hIyT8hMg3u\">pic.twitter.com\/hIyT8hMg3u<\/a><\/p>\n<p>\u2014 Emerg\u00e8ncies 112CV (@GVA112) <a href=\"https:\/\/twitter.com\/GVA112\/status\/1760973817910829137?ref_src=twsrc%5Etfw\">February 23, 2024<\/a><\/p><\/blockquote>\n<p><script async src=\"https:\/\/platform.twitter.com\/widgets.js\" charset=\"utf-8\"><\/script><\/p>\n","protected":false},"excerpt":{"rendered":"<p>Vid den v\u00e5ldsamma branden i ett bostadskomplex med 140 l\u00e4genheter och 450 boende i Valencia p\u00e5 torsdagen har nio personer omkommit. D\u00f6dssiffran kan stiga d\u00e5 en person rapporteras saknade&#8230;<\/p>\n","protected":false},"author":7,"featured_media":69820,"comment_status":"closed","ping_status":"closed","sticky":false,"template":"","format":"standard","meta":{"_et_pb_use_builder":"","_et_pb_old_content":"","_et_gb_content_width":"","footnotes":""},"categories":[395,3],"tags":[],"class_list":["post-69819","post","type-post","status-publish","format-standard","has-post-thumbnail","hentry","category-arkiv-nyheter","category-nyheter"],"yoast_head":"<!-- This site is optimized with the Yoast SEO Premium plugin v26.2 (Yoast SEO v27.4) - https:\/\/yoast.com\/product\/yoast-seo-premium-wordpress\/ -->\n<title>Nio d\u00f6da vid branden i Valencia - Svenska Magasinet<\/title>\n<meta name=\"description\" content=\"Vid den v\u00e5ldsamma branden i ett bostadskomplex med 140 l\u00e4genheter och 450 boende i Valencia p\u00e5 torsdagen har minst fyra personer omkommit. D\u00f6dssiffran f\u00f6rv\u00e4ntas stiga d\u00e5 14 personer rapporteras saknade. 15 personer \u00e4r skadade varav en minder\u00e5rig och sex brandm\u00e4n.\" \/>\n<meta name=\"robots\" content=\"noindex, follow, max-snippet:-1, max-image-preview:large, max-video-preview:-1\" \/>\n<meta property=\"og:locale\" content=\"sv_SE\" \/>\n<meta property=\"og:type\" content=\"article\" \/>\n<meta property=\"og:title\" content=\"Nio d\u00f6da vid branden i Valencia\" \/>\n<meta property=\"og:description\" content=\"Vid den v\u00e5ldsamma branden i ett bostadskomplex med 140 l\u00e4genheter och 450 boende i Valencia p\u00e5 torsdagen har minst fyra personer omkommit. D\u00f6dssiffran f\u00f6rv\u00e4ntas stiga d\u00e5 14 personer rapporteras saknade. 15 personer \u00e4r skadade varav en minder\u00e5rig och sex brandm\u00e4n.\" \/>\n<meta property=\"og:url\" content=\"https:\/\/lightweb.dev\/l\/svm-temp\/nyheter\/flera-doda-vid-branden-i-valencia\/\" \/>\n<meta property=\"og:site_name\" content=\"Svenska Magasinet\" \/>\n<meta property=\"article:publisher\" content=\"https:\/\/www.facebook.com\/svenskamagasinet\" \/>\n<meta property=\"article:published_time\" content=\"2024-02-23T10:09:28+00:00\" \/>\n<meta property=\"article:modified_time\" content=\"2024-02-23T20:06:05+00:00\" \/>\n<meta property=\"og:image\" content=\"https:\/\/lightweb.dev\/l\/svm-temp\/wp-content\/uploads\/2024\/02\/GHAqL1TXsAAQwMp-stor.jpeg\" \/>\n\t<meta property=\"og:image:width\" content=\"1280\" \/>\n\t<meta property=\"og:image:height\" content=\"960\" \/>\n\t<meta property=\"og:image:type\" content=\"image\/jpeg\" \/>\n<meta name=\"author\" content=\"Ola Josefsson\" \/>\n<meta name=\"twitter:card\" content=\"summary_large_image\" \/>\n<meta name=\"twitter:creator\" content=\"@SvenskaMagasine\" \/>\n<meta name=\"twitter:site\" content=\"@SvenskaMagasine\" \/>\n<script type=\"application\/ld+json\" class=\"yoast-schema-graph\">{\"@context\":\"https:\\\/\\\/schema.org\",\"@graph\":[{\"@type\":\"Article\",\"@id\":\"https:\\\/\\\/lightweb.dev\\\/l\\\/svm-temp\\\/nyheter\\\/flera-doda-vid-branden-i-valencia\\\/#article\",\"isPartOf\":{\"@id\":\"https:\\\/\\\/lightweb.dev\\\/l\\\/svm-temp\\\/nyheter\\\/flera-doda-vid-branden-i-valencia\\\/\"},\"author\":{\"name\":\"Ola Josefsson\",\"@id\":\"https:\\\/\\\/lightweb.dev\\\/l\\\/svm-temp\\\/#\\\/schema\\\/person\\\/7a82b8a73d171d32360a564b6d03508e\"},\"headline\":\"Nio d\u00f6da vid branden i Valencia\",\"datePublished\":\"2024-02-23T10:09:28+00:00\",\"dateModified\":\"2024-02-23T20:06:05+00:00\",\"mainEntityOfPage\":{\"@id\":\"https:\\\/\\\/lightweb.dev\\\/l\\\/svm-temp\\\/nyheter\\\/flera-doda-vid-branden-i-valencia\\\/\"},\"wordCount\":402,\"publisher\":{\"@id\":\"https:\\\/\\\/lightweb.dev\\\/l\\\/svm-temp\\\/#organization\"},\"image\":{\"@id\":\"https:\\\/\\\/lightweb.dev\\\/l\\\/svm-temp\\\/nyheter\\\/flera-doda-vid-branden-i-valencia\\\/#primaryimage\"},\"thumbnailUrl\":\"https:\\\/\\\/lightweb.dev\\\/l\\\/svm-temp\\\/wp-content\\\/uploads\\\/2024\\\/02\\\/GHAqL1TXsAAQwMp-stor.jpeg\",\"articleSection\":[\"Arkiv\",\"Nyheter\"],\"inLanguage\":\"sv-SE\"},{\"@type\":\"WebPage\",\"@id\":\"https:\\\/\\\/lightweb.dev\\\/l\\\/svm-temp\\\/nyheter\\\/flera-doda-vid-branden-i-valencia\\\/\",\"url\":\"https:\\\/\\\/lightweb.dev\\\/l\\\/svm-temp\\\/nyheter\\\/flera-doda-vid-branden-i-valencia\\\/\",\"name\":\"Nio d\u00f6da vid branden i Valencia - Svenska Magasinet\",\"isPartOf\":{\"@id\":\"https:\\\/\\\/lightweb.dev\\\/l\\\/svm-temp\\\/#website\"},\"primaryImageOfPage\":{\"@id\":\"https:\\\/\\\/lightweb.dev\\\/l\\\/svm-temp\\\/nyheter\\\/flera-doda-vid-branden-i-valencia\\\/#primaryimage\"},\"image\":{\"@id\":\"https:\\\/\\\/lightweb.dev\\\/l\\\/svm-temp\\\/nyheter\\\/flera-doda-vid-branden-i-valencia\\\/#primaryimage\"},\"thumbnailUrl\":\"https:\\\/\\\/lightweb.dev\\\/l\\\/svm-temp\\\/wp-content\\\/uploads\\\/2024\\\/02\\\/GHAqL1TXsAAQwMp-stor.jpeg\",\"datePublished\":\"2024-02-23T10:09:28+00:00\",\"dateModified\":\"2024-02-23T20:06:05+00:00\",\"description\":\"Vid den v\u00e5ldsamma branden i ett bostadskomplex med 140 l\u00e4genheter och 450 boende i Valencia p\u00e5 torsdagen har minst fyra personer omkommit. D\u00f6dssiffran f\u00f6rv\u00e4ntas stiga d\u00e5 14 personer rapporteras saknade. 15 personer \u00e4r skadade varav en minder\u00e5rig och sex brandm\u00e4n.\",\"breadcrumb\":{\"@id\":\"https:\\\/\\\/lightweb.dev\\\/l\\\/svm-temp\\\/nyheter\\\/flera-doda-vid-branden-i-valencia\\\/#breadcrumb\"},\"inLanguage\":\"sv-SE\",\"potentialAction\":[{\"@type\":\"ReadAction\",\"target\":[\"https:\\\/\\\/lightweb.dev\\\/l\\\/svm-temp\\\/nyheter\\\/flera-doda-vid-branden-i-valencia\\\/\"]}]},{\"@type\":\"ImageObject\",\"inLanguage\":\"sv-SE\",\"@id\":\"https:\\\/\\\/lightweb.dev\\\/l\\\/svm-temp\\\/nyheter\\\/flera-doda-vid-branden-i-valencia\\\/#primaryimage\",\"url\":\"https:\\\/\\\/lightweb.dev\\\/l\\\/svm-temp\\\/wp-content\\\/uploads\\\/2024\\\/02\\\/GHAqL1TXsAAQwMp-stor.jpeg\",\"contentUrl\":\"https:\\\/\\\/lightweb.dev\\\/l\\\/svm-temp\\\/wp-content\\\/uploads\\\/2024\\\/02\\\/GHAqL1TXsAAQwMp-stor.jpeg\",\"width\":1280,\"height\":960,\"caption\":\"(Foto: @GVA112)\"},{\"@type\":\"BreadcrumbList\",\"@id\":\"https:\\\/\\\/lightweb.dev\\\/l\\\/svm-temp\\\/nyheter\\\/flera-doda-vid-branden-i-valencia\\\/#breadcrumb\",\"itemListElement\":[{\"@type\":\"ListItem\",\"position\":1,\"name\":\"Hem\",\"item\":\"https:\\\/\\\/lightweb.dev\\\/l\\\/svm-temp\\\/\"},{\"@type\":\"ListItem\",\"position\":2,\"name\":\"Nio d\u00f6da vid branden i Valencia\"}]},{\"@type\":\"WebSite\",\"@id\":\"https:\\\/\\\/lightweb.dev\\\/l\\\/svm-temp\\\/#website\",\"url\":\"https:\\\/\\\/lightweb.dev\\\/l\\\/svm-temp\\\/\",\"name\":\"Svenska Magasinet\",\"description\":\"Dina Spanska nyheter p&aring; Svenska\",\"publisher\":{\"@id\":\"https:\\\/\\\/lightweb.dev\\\/l\\\/svm-temp\\\/#organization\"},\"potentialAction\":[{\"@type\":\"SearchAction\",\"target\":{\"@type\":\"EntryPoint\",\"urlTemplate\":\"https:\\\/\\\/lightweb.dev\\\/l\\\/svm-temp\\\/?s={search_term_string}\"},\"query-input\":{\"@type\":\"PropertyValueSpecification\",\"valueRequired\":true,\"valueName\":\"search_term_string\"}}],\"inLanguage\":\"sv-SE\"},{\"@type\":\"Organization\",\"@id\":\"https:\\\/\\\/lightweb.dev\\\/l\\\/svm-temp\\\/#organization\",\"name\":\"Melkerson y Nott SL\",\"alternateName\":\"Svenska Magasinet\",\"url\":\"https:\\\/\\\/lightweb.dev\\\/l\\\/svm-temp\\\/\",\"logo\":{\"@type\":\"ImageObject\",\"inLanguage\":\"sv-SE\",\"@id\":\"https:\\\/\\\/lightweb.dev\\\/l\\\/svm-temp\\\/#\\\/schema\\\/logo\\\/image\\\/\",\"url\":\"https:\\\/\\\/lightweb.dev\\\/l\\\/svm-temp\\\/wp-content\\\/uploads\\\/2025\\\/02\\\/SvM-logo-Xtra-Centrerad-SVART.png\",\"contentUrl\":\"https:\\\/\\\/lightweb.dev\\\/l\\\/svm-temp\\\/wp-content\\\/uploads\\\/2025\\\/02\\\/SvM-logo-Xtra-Centrerad-SVART.png\",\"width\":300,\"height\":99,\"caption\":\"Melkerson y Nott SL\"},\"image\":{\"@id\":\"https:\\\/\\\/lightweb.dev\\\/l\\\/svm-temp\\\/#\\\/schema\\\/logo\\\/image\\\/\"},\"sameAs\":[\"https:\\\/\\\/www.facebook.com\\\/svenskamagasinet\",\"https:\\\/\\\/x.com\\\/SvenskaMagasine\"]},{\"@type\":\"Person\",\"@id\":\"https:\\\/\\\/lightweb.dev\\\/l\\\/svm-temp\\\/#\\\/schema\\\/person\\\/7a82b8a73d171d32360a564b6d03508e\",\"name\":\"Ola Josefsson\",\"description\":\"Bevakar Solkusten och Spanien sedan 1994.\",\"sameAs\":[\"https:\\\/\\\/lightweb.dev\\\/l\\\/svm-temp\"],\"url\":\"https:\\\/\\\/lightweb.dev\\\/l\\\/svm-temp\\\/reporter\\\/ola-josefsson\\\/\"}]}<\/script>\n<!-- \/ Yoast SEO Premium plugin. -->","yoast_head_json":{"title":"Nio d\u00f6da vid branden i Valencia - Svenska Magasinet","description":"Vid den v\u00e5ldsamma branden i ett bostadskomplex med 140 l\u00e4genheter och 450 boende i Valencia p\u00e5 torsdagen har minst fyra personer omkommit. D\u00f6dssiffran f\u00f6rv\u00e4ntas stiga d\u00e5 14 personer rapporteras saknade. 15 personer \u00e4r skadade varav en minder\u00e5rig och sex brandm\u00e4n.","robots":{"index":"noindex","follow":"follow","max-snippet":"max-snippet:-1","max-image-preview":"max-image-preview:large","max-video-preview":"max-video-preview:-1"},"og_locale":"sv_SE","og_type":"article","og_title":"Nio d\u00f6da vid branden i Valencia","og_description":"Vid den v\u00e5ldsamma branden i ett bostadskomplex med 140 l\u00e4genheter och 450 boende i Valencia p\u00e5 torsdagen har minst fyra personer omkommit. D\u00f6dssiffran f\u00f6rv\u00e4ntas stiga d\u00e5 14 personer rapporteras saknade. 15 personer \u00e4r skadade varav en minder\u00e5rig och sex brandm\u00e4n.","og_url":"https:\/\/lightweb.dev\/l\/svm-temp\/nyheter\/flera-doda-vid-branden-i-valencia\/","og_site_name":"Svenska Magasinet","article_publisher":"https:\/\/www.facebook.com\/svenskamagasinet","article_published_time":"2024-02-23T10:09:28+00:00","article_modified_time":"2024-02-23T20:06:05+00:00","og_image":[{"width":1280,"height":960,"url":"https:\/\/lightweb.dev\/l\/svm-temp\/wp-content\/uploads\/2024\/02\/GHAqL1TXsAAQwMp-stor.jpeg","type":"image\/jpeg"}],"author":"Ola Josefsson","twitter_card":"summary_large_image","twitter_creator":"@SvenskaMagasine","twitter_site":"@SvenskaMagasine","schema":{"@context":"https:\/\/schema.org","@graph":[{"@type":"Article","@id":"https:\/\/lightweb.dev\/l\/svm-temp\/nyheter\/flera-doda-vid-branden-i-valencia\/#article","isPartOf":{"@id":"https:\/\/lightweb.dev\/l\/svm-temp\/nyheter\/flera-doda-vid-branden-i-valencia\/"},"author":{"name":"Ola Josefsson","@id":"https:\/\/lightweb.dev\/l\/svm-temp\/#\/schema\/person\/7a82b8a73d171d32360a564b6d03508e"},"headline":"Nio d\u00f6da vid branden i Valencia","datePublished":"2024-02-23T10:09:28+00:00","dateModified":"2024-02-23T20:06:05+00:00","mainEntityOfPage":{"@id":"https:\/\/lightweb.dev\/l\/svm-temp\/nyheter\/flera-doda-vid-branden-i-valencia\/"},"wordCount":402,"publisher":{"@id":"https:\/\/lightweb.dev\/l\/svm-temp\/#organization"},"image":{"@id":"https:\/\/lightweb.dev\/l\/svm-temp\/nyheter\/flera-doda-vid-branden-i-valencia\/#primaryimage"},"thumbnailUrl":"https:\/\/lightweb.dev\/l\/svm-temp\/wp-content\/uploads\/2024\/02\/GHAqL1TXsAAQwMp-stor.jpeg","articleSection":["Arkiv","Nyheter"],"inLanguage":"sv-SE"},{"@type":"WebPage","@id":"https:\/\/lightweb.dev\/l\/svm-temp\/nyheter\/flera-doda-vid-branden-i-valencia\/","url":"https:\/\/lightweb.dev\/l\/svm-temp\/nyheter\/flera-doda-vid-branden-i-valencia\/","name":"Nio d\u00f6da vid branden i Valencia - Svenska Magasinet","isPartOf":{"@id":"https:\/\/lightweb.dev\/l\/svm-temp\/#website"},"primaryImageOfPage":{"@id":"https:\/\/lightweb.dev\/l\/svm-temp\/nyheter\/flera-doda-vid-branden-i-valencia\/#primaryimage"},"image":{"@id":"https:\/\/lightweb.dev\/l\/svm-temp\/nyheter\/flera-doda-vid-branden-i-valencia\/#primaryimage"},"thumbnailUrl":"https:\/\/lightweb.dev\/l\/svm-temp\/wp-content\/uploads\/2024\/02\/GHAqL1TXsAAQwMp-stor.jpeg","datePublished":"2024-02-23T10:09:28+00:00","dateModified":"2024-02-23T20:06:05+00:00","description":"Vid den v\u00e5ldsamma branden i ett bostadskomplex med 140 l\u00e4genheter och 450 boende i Valencia p\u00e5 torsdagen har minst fyra personer omkommit. D\u00f6dssiffran f\u00f6rv\u00e4ntas stiga d\u00e5 14 personer rapporteras saknade. 15 personer \u00e4r skadade varav en minder\u00e5rig och sex brandm\u00e4n.","breadcrumb":{"@id":"https:\/\/lightweb.dev\/l\/svm-temp\/nyheter\/flera-doda-vid-branden-i-valencia\/#breadcrumb"},"inLanguage":"sv-SE","potentialAction":[{"@type":"ReadAction","target":["https:\/\/lightweb.dev\/l\/svm-temp\/nyheter\/flera-doda-vid-branden-i-valencia\/"]}]},{"@type":"ImageObject","inLanguage":"sv-SE","@id":"https:\/\/lightweb.dev\/l\/svm-temp\/nyheter\/flera-doda-vid-branden-i-valencia\/#primaryimage","url":"https:\/\/lightweb.dev\/l\/svm-temp\/wp-content\/uploads\/2024\/02\/GHAqL1TXsAAQwMp-stor.jpeg","contentUrl":"https:\/\/lightweb.dev\/l\/svm-temp\/wp-content\/uploads\/2024\/02\/GHAqL1TXsAAQwMp-stor.jpeg","width":1280,"height":960,"caption":"(Foto: @GVA112)"},{"@type":"BreadcrumbList","@id":"https:\/\/lightweb.dev\/l\/svm-temp\/nyheter\/flera-doda-vid-branden-i-valencia\/#breadcrumb","itemListElement":[{"@type":"ListItem","position":1,"name":"Hem","item":"https:\/\/lightweb.dev\/l\/svm-temp\/"},{"@type":"ListItem","position":2,"name":"Nio d\u00f6da vid branden i Valencia"}]},{"@type":"WebSite","@id":"https:\/\/lightweb.dev\/l\/svm-temp\/#website","url":"https:\/\/lightweb.dev\/l\/svm-temp\/","name":"Svenska Magasinet","description":"Dina Spanska nyheter p&aring; Svenska","publisher":{"@id":"https:\/\/lightweb.dev\/l\/svm-temp\/#organization"},"potentialAction":[{"@type":"SearchAction","target":{"@type":"EntryPoint","urlTemplate":"https:\/\/lightweb.dev\/l\/svm-temp\/?s={search_term_string}"},"query-input":{"@type":"PropertyValueSpecification","valueRequired":true,"valueName":"search_term_string"}}],"inLanguage":"sv-SE"},{"@type":"Organization","@id":"https:\/\/lightweb.dev\/l\/svm-temp\/#organization","name":"Melkerson y Nott SL","alternateName":"Svenska Magasinet","url":"https:\/\/lightweb.dev\/l\/svm-temp\/","logo":{"@type":"ImageObject","inLanguage":"sv-SE","@id":"https:\/\/lightweb.dev\/l\/svm-temp\/#\/schema\/logo\/image\/","url":"https:\/\/lightweb.dev\/l\/svm-temp\/wp-content\/uploads\/2025\/02\/SvM-logo-Xtra-Centrerad-SVART.png","contentUrl":"https:\/\/lightweb.dev\/l\/svm-temp\/wp-content\/uploads\/2025\/02\/SvM-logo-Xtra-Centrerad-SVART.png","width":300,"height":99,"caption":"Melkerson y Nott SL"},"image":{"@id":"https:\/\/lightweb.dev\/l\/svm-temp\/#\/schema\/logo\/image\/"},"sameAs":["https:\/\/www.facebook.com\/svenskamagasinet","https:\/\/x.com\/SvenskaMagasine"]},{"@type":"Person","@id":"https:\/\/lightweb.dev\/l\/svm-temp\/#\/schema\/person\/7a82b8a73d171d32360a564b6d03508e","name":"Ola Josefsson","description":"Bevakar Solkusten och Spanien sedan 1994.","sameAs":["https:\/\/lightweb.dev\/l\/svm-temp"],"url":"https:\/\/lightweb.dev\/l\/svm-temp\/reporter\/ola-josefsson\/"}]}},"_links":{"self":[{"href":"https:\/\/lightweb.dev\/l\/svm-temp\/wp-json\/wp\/v2\/posts\/69819","targetHints":{"allow":["GET"]}}],"collection":[{"href":"https:\/\/lightweb.dev\/l\/svm-temp\/wp-json\/wp\/v2\/posts"}],"about":[{"href":"https:\/\/lightweb.dev\/l\/svm-temp\/wp-json\/wp\/v2\/types\/post"}],"author":[{"embeddable":true,"href":"https:\/\/lightweb.dev\/l\/svm-temp\/wp-json\/wp\/v2\/users\/7"}],"replies":[{"embeddable":true,"href":"https:\/\/lightweb.dev\/l\/svm-temp\/wp-json\/wp\/v2\/comments?post=69819"}],"version-history":[{"count":0,"href":"https:\/\/lightweb.dev\/l\/svm-temp\/wp-json\/wp\/v2\/posts\/69819\/revisions"}],"wp:featuredmedia":[{"embeddable":true,"href":"https:\/\/lightweb.dev\/l\/svm-temp\/wp-json\/wp\/v2\/media\/69820"}],"wp:attachment":[{"href":"https:\/\/lightweb.dev\/l\/svm-temp\/wp-json\/wp\/v2\/media?parent=69819"}],"wp:term":[{"taxonomy":"category","embeddable":true,"href":"https:\/\/lightweb.dev\/l\/svm-temp\/wp-json\/wp\/v2\/categories?post=69819"},{"taxonomy":"post_tag","embeddable":true,"href":"https:\/\/lightweb.dev\/l\/svm-temp\/wp-json\/wp\/v2\/tags?post=69819"}],"curies":[{"name":"wp","href":"https:\/\/api.w.org\/{rel}","templated":true}]}}