{"id":69825,"date":"2024-02-23T12:01:50","date_gmt":"2024-02-23T11:01:50","guid":{"rendered":"https:\/\/lightweb.dev\/l\/svm-temp\/?p=69825"},"modified":"2024-02-23T12:03:18","modified_gmt":"2024-02-23T11:03:18","slug":"husockupant-forsokte-satta-eld-pa-hus-i-estepona","status":"publish","type":"post","link":"https:\/\/lightweb.dev\/l\/svm-temp\/nyheter\/husockupant-forsokte-satta-eld-pa-hus-i-estepona\/","title":{"rendered":"Husockupant f\u00f6rs\u00f6kte s\u00e4tta eld p\u00e5 hus i Estepona"},"content":{"rendered":"<p><strong>Spaniens problem med ockupanter som bryter sig in och \u00f6vertar andras egendom \u00e4r ett \u00e5terkommande problem.<\/strong><\/p>\n<p><strong>I genomsnitt rapporteras 43 fall dagligen i Spanien.<\/strong><\/p>\n<p>I stadsdelen Canceleda i Estepona kommun satte en 40-\u00e5rig man eld p\u00e5 soffan i den bostad han hade ockuperat under en tid. Dessutom har flera inv\u00e5nare k\u00e4nt sig hotade av mannen.<\/p>\n<p>Grannarna till den ockuperade bostaden i Canceleda tr\u00f6ttnade p\u00e5 mannens beteende och ringde polisen.<\/p>\n<h2 class=\"entry-title\">L\u00e4s mer: <a href=\"https:\/\/lightweb.dev\/l\/svm-temp\/artiklar\/hem-bostad\/spaniens-nya-bostadslag-husockupanter-far-mer-tid-innan-de-vraks\/\">Spaniens nya bostadslag: Upp till tv\u00e5 \u00e5r innan bostadsockupanter vr\u00e4ks<\/a><\/h2>\n<p>D\u00e5 f\u00f6rs\u00f6kte mannen s\u00e4tta eld p\u00e5 huset genom att t\u00e4nda p\u00e5 soffan i onsdags kv\u00e4ll strax efter klockan 21.<\/p>\n<p>Enligt <a href=\"https:\/\/www.diariosur.es\/sucesos\/intenta-quemar-casa-okupaba-estepona-tras-encontronazo-vecinos-20240222194405-nt.html\">Diario Sur<\/a> har husockupanten \u00e5tskilliga g\u00e5nger st\u00f6rt grannar i omgivningen som ringt till polisen. Men ingenting har h\u00e4nt f\u00f6rr\u00e4n i onsdags.<\/p>\n<p>D\u00e5 kom polisen och grep mannen efter att han efter ytterligare ett br\u00e5k satt eld p\u00e5 en soffa med avsikt att br\u00e4nna upp bostaden. Grannar till bostaden lyckades i tumultet som uppstod f\u00e5 ut soffan p\u00e5 gatan.<\/p>\n<p>Vid tillf\u00e4llet kom b\u00e5de r\u00e4ddningstj\u00e4nsten, ambulans och polis till platsen.<\/p>\n<p>Mannen \u00e4r nu misst\u00e4nkt f\u00f6r mordbrand och grovt olaga hot.<\/p>\n<p>Antalet bostadsockupationer i Spanien \u00e4r omfattande och statistiskt sker en anm\u00e4lan p\u00e5 varje 1.553:e hem. 40 procent av fallen intr\u00e4ffar i Barcelona.<\/p>\n<p>Spanien har 26 miljoner bost\u00e4der och 48 miljoner inv\u00e5nare. Under 2022 kom det in 17.000 anm\u00e4lningar om illegala ockupationer. 95 procent av dessa g\u00e4llde bost\u00e4der, hus eller lokaler som vid tillf\u00e4llet stod tomma, skriver <a href=\"https:\/\/elpais.com\/espana\/elecciones-generales\/2023-07-09\/hechos-probados-esta-descontrolada-la-okupacion-ni-un-fenomeno-creciente-ni-en-aumento.html\">El Pa\u00eds.<\/a><\/p>\n","protected":false},"excerpt":{"rendered":"<p>Spaniens problem med ockupanter som bryter sig in och \u00f6vertar andras egendom \u00e4r ett \u00e5terkommande problem. I genomsnitt rapporteras 43 fall dagligen i Spanien&#8230;<\/p>\n","protected":false},"author":7,"featured_media":69826,"comment_status":"closed","ping_status":"closed","sticky":false,"template":"","format":"standard","meta":{"_et_pb_use_builder":"","_et_pb_old_content":"","_et_gb_content_width":"","footnotes":""},"categories":[395,3],"tags":[],"class_list":["post-69825","post","type-post","status-publish","format-standard","has-post-thumbnail","hentry","category-arkiv-nyheter","category-nyheter"],"yoast_head":"<!-- This site is optimized with the Yoast SEO Premium plugin v26.2 (Yoast SEO v27.4) - https:\/\/yoast.com\/product\/yoast-seo-premium-wordpress\/ -->\n<title>Husockupant f\u00f6rs\u00f6kte s\u00e4tta eld p\u00e5 hus i Estepona - Svenska Magasinet<\/title>\n<meta name=\"description\" content=\"Spaniens problem med ockupanter som bryter sig in och \u00f6vertar andras egendom \u00e4r ett \u00e5terkommande problem. I genomsnitt rapporteras 43 fall dagligen i Spanien.\" \/>\n<meta name=\"robots\" content=\"noindex, follow, max-snippet:-1, max-image-preview:large, max-video-preview:-1\" \/>\n<meta property=\"og:locale\" content=\"sv_SE\" \/>\n<meta property=\"og:type\" content=\"article\" \/>\n<meta property=\"og:title\" content=\"Husockupant f\u00f6rs\u00f6kte s\u00e4tta eld p\u00e5 hus i Estepona\" \/>\n<meta property=\"og:description\" content=\"Spaniens problem med ockupanter som bryter sig in och \u00f6vertar andras egendom \u00e4r ett \u00e5terkommande problem. I genomsnitt rapporteras 43 fall dagligen i Spanien.\" \/>\n<meta property=\"og:url\" content=\"https:\/\/lightweb.dev\/l\/svm-temp\/artiklar\/hem-bostad\/husockupant-forsokte-satta-eld-pa-hus-i-estepona\/\" \/>\n<meta property=\"og:site_name\" content=\"Svenska Magasinet\" \/>\n<meta property=\"article:publisher\" content=\"https:\/\/www.facebook.com\/svenskamagasinet\" \/>\n<meta property=\"article:published_time\" content=\"2024-02-23T11:01:50+00:00\" \/>\n<meta property=\"article:modified_time\" content=\"2024-02-23T11:03:18+00:00\" \/>\n<meta property=\"og:image\" content=\"https:\/\/lightweb.dev\/l\/svm-temp\/wp-content\/uploads\/2024\/02\/okupas-copy-1440x808-stor.jpeg\" \/>\n\t<meta property=\"og:image:width\" content=\"1280\" \/>\n\t<meta property=\"og:image:height\" content=\"718\" \/>\n\t<meta property=\"og:image:type\" content=\"image\/jpeg\" \/>\n<meta name=\"author\" content=\"Ola Josefsson\" \/>\n<meta name=\"twitter:card\" content=\"summary_large_image\" \/>\n<meta name=\"twitter:creator\" content=\"@SvenskaMagasine\" \/>\n<meta name=\"twitter:site\" content=\"@SvenskaMagasine\" \/>\n<script type=\"application\/ld+json\" class=\"yoast-schema-graph\">{\"@context\":\"https:\\\/\\\/schema.org\",\"@graph\":[{\"@type\":\"Article\",\"@id\":\"https:\\\/\\\/lightweb.dev\\\/l\\\/svm-temp\\\/artiklar\\\/hem-bostad\\\/husockupant-forsokte-satta-eld-pa-hus-i-estepona\\\/#article\",\"isPartOf\":{\"@id\":\"https:\\\/\\\/lightweb.dev\\\/l\\\/svm-temp\\\/artiklar\\\/hem-bostad\\\/husockupant-forsokte-satta-eld-pa-hus-i-estepona\\\/\"},\"author\":{\"name\":\"Ola Josefsson\",\"@id\":\"https:\\\/\\\/lightweb.dev\\\/l\\\/svm-temp\\\/#\\\/schema\\\/person\\\/7a82b8a73d171d32360a564b6d03508e\"},\"headline\":\"Husockupant f\u00f6rs\u00f6kte s\u00e4tta eld p\u00e5 hus i Estepona\",\"datePublished\":\"2024-02-23T11:01:50+00:00\",\"dateModified\":\"2024-02-23T11:03:18+00:00\",\"mainEntityOfPage\":{\"@id\":\"https:\\\/\\\/lightweb.dev\\\/l\\\/svm-temp\\\/artiklar\\\/hem-bostad\\\/husockupant-forsokte-satta-eld-pa-hus-i-estepona\\\/\"},\"wordCount\":273,\"publisher\":{\"@id\":\"https:\\\/\\\/lightweb.dev\\\/l\\\/svm-temp\\\/#organization\"},\"image\":{\"@id\":\"https:\\\/\\\/lightweb.dev\\\/l\\\/svm-temp\\\/artiklar\\\/hem-bostad\\\/husockupant-forsokte-satta-eld-pa-hus-i-estepona\\\/#primaryimage\"},\"thumbnailUrl\":\"https:\\\/\\\/lightweb.dev\\\/l\\\/svm-temp\\\/wp-content\\\/uploads\\\/2024\\\/02\\\/okupas-copy-1440x808-stor.jpeg\",\"articleSection\":[\"Arkiv\",\"Nyheter\"],\"inLanguage\":\"sv-SE\"},{\"@type\":\"WebPage\",\"@id\":\"https:\\\/\\\/lightweb.dev\\\/l\\\/svm-temp\\\/artiklar\\\/hem-bostad\\\/husockupant-forsokte-satta-eld-pa-hus-i-estepona\\\/\",\"url\":\"https:\\\/\\\/lightweb.dev\\\/l\\\/svm-temp\\\/artiklar\\\/hem-bostad\\\/husockupant-forsokte-satta-eld-pa-hus-i-estepona\\\/\",\"name\":\"Husockupant f\u00f6rs\u00f6kte s\u00e4tta eld p\u00e5 hus i Estepona - Svenska Magasinet\",\"isPartOf\":{\"@id\":\"https:\\\/\\\/lightweb.dev\\\/l\\\/svm-temp\\\/#website\"},\"primaryImageOfPage\":{\"@id\":\"https:\\\/\\\/lightweb.dev\\\/l\\\/svm-temp\\\/artiklar\\\/hem-bostad\\\/husockupant-forsokte-satta-eld-pa-hus-i-estepona\\\/#primaryimage\"},\"image\":{\"@id\":\"https:\\\/\\\/lightweb.dev\\\/l\\\/svm-temp\\\/artiklar\\\/hem-bostad\\\/husockupant-forsokte-satta-eld-pa-hus-i-estepona\\\/#primaryimage\"},\"thumbnailUrl\":\"https:\\\/\\\/lightweb.dev\\\/l\\\/svm-temp\\\/wp-content\\\/uploads\\\/2024\\\/02\\\/okupas-copy-1440x808-stor.jpeg\",\"datePublished\":\"2024-02-23T11:01:50+00:00\",\"dateModified\":\"2024-02-23T11:03:18+00:00\",\"description\":\"Spaniens problem med ockupanter som bryter sig in och \u00f6vertar andras egendom \u00e4r ett \u00e5terkommande problem. I genomsnitt rapporteras 43 fall dagligen i Spanien.\",\"breadcrumb\":{\"@id\":\"https:\\\/\\\/lightweb.dev\\\/l\\\/svm-temp\\\/artiklar\\\/hem-bostad\\\/husockupant-forsokte-satta-eld-pa-hus-i-estepona\\\/#breadcrumb\"},\"inLanguage\":\"sv-SE\",\"potentialAction\":[{\"@type\":\"ReadAction\",\"target\":[\"https:\\\/\\\/lightweb.dev\\\/l\\\/svm-temp\\\/artiklar\\\/hem-bostad\\\/husockupant-forsokte-satta-eld-pa-hus-i-estepona\\\/\"]}]},{\"@type\":\"ImageObject\",\"inLanguage\":\"sv-SE\",\"@id\":\"https:\\\/\\\/lightweb.dev\\\/l\\\/svm-temp\\\/artiklar\\\/hem-bostad\\\/husockupant-forsokte-satta-eld-pa-hus-i-estepona\\\/#primaryimage\",\"url\":\"https:\\\/\\\/lightweb.dev\\\/l\\\/svm-temp\\\/wp-content\\\/uploads\\\/2024\\\/02\\\/okupas-copy-1440x808-stor.jpeg\",\"contentUrl\":\"https:\\\/\\\/lightweb.dev\\\/l\\\/svm-temp\\\/wp-content\\\/uploads\\\/2024\\\/02\\\/okupas-copy-1440x808-stor.jpeg\",\"width\":1280,\"height\":718},{\"@type\":\"BreadcrumbList\",\"@id\":\"https:\\\/\\\/lightweb.dev\\\/l\\\/svm-temp\\\/artiklar\\\/hem-bostad\\\/husockupant-forsokte-satta-eld-pa-hus-i-estepona\\\/#breadcrumb\",\"itemListElement\":[{\"@type\":\"ListItem\",\"position\":1,\"name\":\"Hem\",\"item\":\"https:\\\/\\\/lightweb.dev\\\/l\\\/svm-temp\\\/\"},{\"@type\":\"ListItem\",\"position\":2,\"name\":\"Husockupant f\u00f6rs\u00f6kte s\u00e4tta eld p\u00e5 hus i Estepona\"}]},{\"@type\":\"WebSite\",\"@id\":\"https:\\\/\\\/lightweb.dev\\\/l\\\/svm-temp\\\/#website\",\"url\":\"https:\\\/\\\/lightweb.dev\\\/l\\\/svm-temp\\\/\",\"name\":\"Svenska Magasinet\",\"description\":\"Dina Spanska nyheter p&aring; Svenska\",\"publisher\":{\"@id\":\"https:\\\/\\\/lightweb.dev\\\/l\\\/svm-temp\\\/#organization\"},\"potentialAction\":[{\"@type\":\"SearchAction\",\"target\":{\"@type\":\"EntryPoint\",\"urlTemplate\":\"https:\\\/\\\/lightweb.dev\\\/l\\\/svm-temp\\\/?s={search_term_string}\"},\"query-input\":{\"@type\":\"PropertyValueSpecification\",\"valueRequired\":true,\"valueName\":\"search_term_string\"}}],\"inLanguage\":\"sv-SE\"},{\"@type\":\"Organization\",\"@id\":\"https:\\\/\\\/lightweb.dev\\\/l\\\/svm-temp\\\/#organization\",\"name\":\"Melkerson y Nott SL\",\"alternateName\":\"Svenska Magasinet\",\"url\":\"https:\\\/\\\/lightweb.dev\\\/l\\\/svm-temp\\\/\",\"logo\":{\"@type\":\"ImageObject\",\"inLanguage\":\"sv-SE\",\"@id\":\"https:\\\/\\\/lightweb.dev\\\/l\\\/svm-temp\\\/#\\\/schema\\\/logo\\\/image\\\/\",\"url\":\"https:\\\/\\\/lightweb.dev\\\/l\\\/svm-temp\\\/wp-content\\\/uploads\\\/2025\\\/02\\\/SvM-logo-Xtra-Centrerad-SVART.png\",\"contentUrl\":\"https:\\\/\\\/lightweb.dev\\\/l\\\/svm-temp\\\/wp-content\\\/uploads\\\/2025\\\/02\\\/SvM-logo-Xtra-Centrerad-SVART.png\",\"width\":300,\"height\":99,\"caption\":\"Melkerson y Nott SL\"},\"image\":{\"@id\":\"https:\\\/\\\/lightweb.dev\\\/l\\\/svm-temp\\\/#\\\/schema\\\/logo\\\/image\\\/\"},\"sameAs\":[\"https:\\\/\\\/www.facebook.com\\\/svenskamagasinet\",\"https:\\\/\\\/x.com\\\/SvenskaMagasine\"]},{\"@type\":\"Person\",\"@id\":\"https:\\\/\\\/lightweb.dev\\\/l\\\/svm-temp\\\/#\\\/schema\\\/person\\\/7a82b8a73d171d32360a564b6d03508e\",\"name\":\"Ola Josefsson\",\"description\":\"Bevakar Solkusten och Spanien sedan 1994.\",\"sameAs\":[\"https:\\\/\\\/lightweb.dev\\\/l\\\/svm-temp\"],\"url\":\"https:\\\/\\\/lightweb.dev\\\/l\\\/svm-temp\\\/reporter\\\/ola-josefsson\\\/\"}]}<\/script>\n<!-- \/ Yoast SEO Premium plugin. -->","yoast_head_json":{"title":"Husockupant f\u00f6rs\u00f6kte s\u00e4tta eld p\u00e5 hus i Estepona - Svenska Magasinet","description":"Spaniens problem med ockupanter som bryter sig in och \u00f6vertar andras egendom \u00e4r ett \u00e5terkommande problem. I genomsnitt rapporteras 43 fall dagligen i Spanien.","robots":{"index":"noindex","follow":"follow","max-snippet":"max-snippet:-1","max-image-preview":"max-image-preview:large","max-video-preview":"max-video-preview:-1"},"og_locale":"sv_SE","og_type":"article","og_title":"Husockupant f\u00f6rs\u00f6kte s\u00e4tta eld p\u00e5 hus i Estepona","og_description":"Spaniens problem med ockupanter som bryter sig in och \u00f6vertar andras egendom \u00e4r ett \u00e5terkommande problem. I genomsnitt rapporteras 43 fall dagligen i Spanien.","og_url":"https:\/\/lightweb.dev\/l\/svm-temp\/artiklar\/hem-bostad\/husockupant-forsokte-satta-eld-pa-hus-i-estepona\/","og_site_name":"Svenska Magasinet","article_publisher":"https:\/\/www.facebook.com\/svenskamagasinet","article_published_time":"2024-02-23T11:01:50+00:00","article_modified_time":"2024-02-23T11:03:18+00:00","og_image":[{"width":1280,"height":718,"url":"https:\/\/lightweb.dev\/l\/svm-temp\/wp-content\/uploads\/2024\/02\/okupas-copy-1440x808-stor.jpeg","type":"image\/jpeg"}],"author":"Ola Josefsson","twitter_card":"summary_large_image","twitter_creator":"@SvenskaMagasine","twitter_site":"@SvenskaMagasine","schema":{"@context":"https:\/\/schema.org","@graph":[{"@type":"Article","@id":"https:\/\/lightweb.dev\/l\/svm-temp\/artiklar\/hem-bostad\/husockupant-forsokte-satta-eld-pa-hus-i-estepona\/#article","isPartOf":{"@id":"https:\/\/lightweb.dev\/l\/svm-temp\/artiklar\/hem-bostad\/husockupant-forsokte-satta-eld-pa-hus-i-estepona\/"},"author":{"name":"Ola Josefsson","@id":"https:\/\/lightweb.dev\/l\/svm-temp\/#\/schema\/person\/7a82b8a73d171d32360a564b6d03508e"},"headline":"Husockupant f\u00f6rs\u00f6kte s\u00e4tta eld p\u00e5 hus i Estepona","datePublished":"2024-02-23T11:01:50+00:00","dateModified":"2024-02-23T11:03:18+00:00","mainEntityOfPage":{"@id":"https:\/\/lightweb.dev\/l\/svm-temp\/artiklar\/hem-bostad\/husockupant-forsokte-satta-eld-pa-hus-i-estepona\/"},"wordCount":273,"publisher":{"@id":"https:\/\/lightweb.dev\/l\/svm-temp\/#organization"},"image":{"@id":"https:\/\/lightweb.dev\/l\/svm-temp\/artiklar\/hem-bostad\/husockupant-forsokte-satta-eld-pa-hus-i-estepona\/#primaryimage"},"thumbnailUrl":"https:\/\/lightweb.dev\/l\/svm-temp\/wp-content\/uploads\/2024\/02\/okupas-copy-1440x808-stor.jpeg","articleSection":["Arkiv","Nyheter"],"inLanguage":"sv-SE"},{"@type":"WebPage","@id":"https:\/\/lightweb.dev\/l\/svm-temp\/artiklar\/hem-bostad\/husockupant-forsokte-satta-eld-pa-hus-i-estepona\/","url":"https:\/\/lightweb.dev\/l\/svm-temp\/artiklar\/hem-bostad\/husockupant-forsokte-satta-eld-pa-hus-i-estepona\/","name":"Husockupant f\u00f6rs\u00f6kte s\u00e4tta eld p\u00e5 hus i Estepona - Svenska Magasinet","isPartOf":{"@id":"https:\/\/lightweb.dev\/l\/svm-temp\/#website"},"primaryImageOfPage":{"@id":"https:\/\/lightweb.dev\/l\/svm-temp\/artiklar\/hem-bostad\/husockupant-forsokte-satta-eld-pa-hus-i-estepona\/#primaryimage"},"image":{"@id":"https:\/\/lightweb.dev\/l\/svm-temp\/artiklar\/hem-bostad\/husockupant-forsokte-satta-eld-pa-hus-i-estepona\/#primaryimage"},"thumbnailUrl":"https:\/\/lightweb.dev\/l\/svm-temp\/wp-content\/uploads\/2024\/02\/okupas-copy-1440x808-stor.jpeg","datePublished":"2024-02-23T11:01:50+00:00","dateModified":"2024-02-23T11:03:18+00:00","description":"Spaniens problem med ockupanter som bryter sig in och \u00f6vertar andras egendom \u00e4r ett \u00e5terkommande problem. I genomsnitt rapporteras 43 fall dagligen i Spanien.","breadcrumb":{"@id":"https:\/\/lightweb.dev\/l\/svm-temp\/artiklar\/hem-bostad\/husockupant-forsokte-satta-eld-pa-hus-i-estepona\/#breadcrumb"},"inLanguage":"sv-SE","potentialAction":[{"@type":"ReadAction","target":["https:\/\/lightweb.dev\/l\/svm-temp\/artiklar\/hem-bostad\/husockupant-forsokte-satta-eld-pa-hus-i-estepona\/"]}]},{"@type":"ImageObject","inLanguage":"sv-SE","@id":"https:\/\/lightweb.dev\/l\/svm-temp\/artiklar\/hem-bostad\/husockupant-forsokte-satta-eld-pa-hus-i-estepona\/#primaryimage","url":"https:\/\/lightweb.dev\/l\/svm-temp\/wp-content\/uploads\/2024\/02\/okupas-copy-1440x808-stor.jpeg","contentUrl":"https:\/\/lightweb.dev\/l\/svm-temp\/wp-content\/uploads\/2024\/02\/okupas-copy-1440x808-stor.jpeg","width":1280,"height":718},{"@type":"BreadcrumbList","@id":"https:\/\/lightweb.dev\/l\/svm-temp\/artiklar\/hem-bostad\/husockupant-forsokte-satta-eld-pa-hus-i-estepona\/#breadcrumb","itemListElement":[{"@type":"ListItem","position":1,"name":"Hem","item":"https:\/\/lightweb.dev\/l\/svm-temp\/"},{"@type":"ListItem","position":2,"name":"Husockupant f\u00f6rs\u00f6kte s\u00e4tta eld p\u00e5 hus i Estepona"}]},{"@type":"WebSite","@id":"https:\/\/lightweb.dev\/l\/svm-temp\/#website","url":"https:\/\/lightweb.dev\/l\/svm-temp\/","name":"Svenska Magasinet","description":"Dina Spanska nyheter p&aring; Svenska","publisher":{"@id":"https:\/\/lightweb.dev\/l\/svm-temp\/#organization"},"potentialAction":[{"@type":"SearchAction","target":{"@type":"EntryPoint","urlTemplate":"https:\/\/lightweb.dev\/l\/svm-temp\/?s={search_term_string}"},"query-input":{"@type":"PropertyValueSpecification","valueRequired":true,"valueName":"search_term_string"}}],"inLanguage":"sv-SE"},{"@type":"Organization","@id":"https:\/\/lightweb.dev\/l\/svm-temp\/#organization","name":"Melkerson y Nott SL","alternateName":"Svenska Magasinet","url":"https:\/\/lightweb.dev\/l\/svm-temp\/","logo":{"@type":"ImageObject","inLanguage":"sv-SE","@id":"https:\/\/lightweb.dev\/l\/svm-temp\/#\/schema\/logo\/image\/","url":"https:\/\/lightweb.dev\/l\/svm-temp\/wp-content\/uploads\/2025\/02\/SvM-logo-Xtra-Centrerad-SVART.png","contentUrl":"https:\/\/lightweb.dev\/l\/svm-temp\/wp-content\/uploads\/2025\/02\/SvM-logo-Xtra-Centrerad-SVART.png","width":300,"height":99,"caption":"Melkerson y Nott SL"},"image":{"@id":"https:\/\/lightweb.dev\/l\/svm-temp\/#\/schema\/logo\/image\/"},"sameAs":["https:\/\/www.facebook.com\/svenskamagasinet","https:\/\/x.com\/SvenskaMagasine"]},{"@type":"Person","@id":"https:\/\/lightweb.dev\/l\/svm-temp\/#\/schema\/person\/7a82b8a73d171d32360a564b6d03508e","name":"Ola Josefsson","description":"Bevakar Solkusten och Spanien sedan 1994.","sameAs":["https:\/\/lightweb.dev\/l\/svm-temp"],"url":"https:\/\/lightweb.dev\/l\/svm-temp\/reporter\/ola-josefsson\/"}]}},"_links":{"self":[{"href":"https:\/\/lightweb.dev\/l\/svm-temp\/wp-json\/wp\/v2\/posts\/69825","targetHints":{"allow":["GET"]}}],"collection":[{"href":"https:\/\/lightweb.dev\/l\/svm-temp\/wp-json\/wp\/v2\/posts"}],"about":[{"href":"https:\/\/lightweb.dev\/l\/svm-temp\/wp-json\/wp\/v2\/types\/post"}],"author":[{"embeddable":true,"href":"https:\/\/lightweb.dev\/l\/svm-temp\/wp-json\/wp\/v2\/users\/7"}],"replies":[{"embeddable":true,"href":"https:\/\/lightweb.dev\/l\/svm-temp\/wp-json\/wp\/v2\/comments?post=69825"}],"version-history":[{"count":0,"href":"https:\/\/lightweb.dev\/l\/svm-temp\/wp-json\/wp\/v2\/posts\/69825\/revisions"}],"wp:featuredmedia":[{"embeddable":true,"href":"https:\/\/lightweb.dev\/l\/svm-temp\/wp-json\/wp\/v2\/media\/69826"}],"wp:attachment":[{"href":"https:\/\/lightweb.dev\/l\/svm-temp\/wp-json\/wp\/v2\/media?parent=69825"}],"wp:term":[{"taxonomy":"category","embeddable":true,"href":"https:\/\/lightweb.dev\/l\/svm-temp\/wp-json\/wp\/v2\/categories?post=69825"},{"taxonomy":"post_tag","embeddable":true,"href":"https:\/\/lightweb.dev\/l\/svm-temp\/wp-json\/wp\/v2\/tags?post=69825"}],"curies":[{"name":"wp","href":"https:\/\/api.w.org\/{rel}","templated":true}]}}