{"id":69831,"date":"2024-02-23T16:15:35","date_gmt":"2024-02-23T15:15:35","guid":{"rendered":"https:\/\/lightweb.dev\/l\/svm-temp\/?p=69831"},"modified":"2024-02-23T16:15:35","modified_gmt":"2024-02-23T15:15:35","slug":"ny-agare-i-antequera-cf","status":"publish","type":"post","link":"https:\/\/lightweb.dev\/l\/svm-temp\/nyheter\/ny-agare-i-antequera-cf\/","title":{"rendered":"Ny \u00e4gare i Antequera CF"},"content":{"rendered":"<p><strong>Den brittiske aff\u00e4rsmannen Mike Garlick har tagit \u00f6ver fotbollsklubben.\u00a0<\/strong><\/p>\n<p><strong>Nu hoppas han ta laget till den h\u00f6gsta niv\u00e5n i Spanien.<\/strong><\/p>\n<p><span style=\"font-weight: 400;\">Utl\u00e4ndska investerare satsar h\u00e5rt i Andalusiska f\u00f6retag. Och det b\u00f6rjar \u00e4ven synas i sportens v\u00e4rld.\u00a0<\/span><\/p>\n<p><span style=\"font-weight: 400;\">Nu inleds en ny era i Antequera CF efter att den brittiske entrepren\u00f6ren Mike Garlick tagit \u00f6ver \u00e4gandet av klubben. Garlick har tidigare varit styrelseledamot och majoritets\u00e4gare i det engelska Premier League-laget Burnley FC, som under hans tid tog sig upp till h\u00f6gsta ligan tv\u00e5 g\u00e5nger och kvalificerade sig till Europa League 2018.\u00a0<\/span><\/p>\n<p><span style=\"font-weight: 400;\">Klubben tillk\u00e4nnagav nyheten p\u00e5 ett av stadens museum tidigare i veckan. De meddelade d\u00e5 att organisationens struktur kommer att vara i stort sett of\u00f6r\u00e4ndrad. Garlick kliver direkt in som majoritets\u00e4gare. Han f\u00e5r hj\u00e4lp och st\u00f6d fr\u00e5n sin m\u00e5ng\u00e5rige bundsf\u00f6rvant <\/span><span style=\"font-weight: 400;\">\u00c1lvaro P\u00e9rez som tar \u00f6ver rollen som general manager.\u00a0<\/span><\/p>\n<p><span style=\"font-weight: 400;\">Klubbens nuvarande president, \u00c1ngel Gonz\u00e1lez, delade sina tankar om f\u00f6r\u00e4ndringen och sade: \u201cVi pratar om n\u00e5gon som tog \u00f6ver sin hemstads lokala lag, fick dem att avancera genom seriesystemet p\u00e5 ett h\u00e5llbart s\u00e4tt, och s\u00e4krade en plats i Europa League. Jag tror att vi har gjort r\u00e4tt beslut genom att ha Mike som Antequeras majoritets\u00e4gare. En nya era b\u00f6rjar.\u201d<\/span><\/p>\n<p><span style=\"font-weight: 400;\">\u00c4ven stadens borgm\u00e4stare, Manuel Bar\u00f3n, v\u00e4lkomnar den nya \u00e4garen. Under tillk\u00e4nnagivandet v\u00e4nde han sig till honom och sa: &#8221;Du har kommit till den b\u00e4sta staden i v\u00e4rlden och det b\u00e4sta laget i v\u00e4rlden. Det h\u00e4r \u00e4r v\u00e5rt lag, och nu \u00e4ven ditt. Jag vill bara att vi tar allt steg f\u00f6r steg. Det \u00e4r ingen br\u00e5dska.\u201d<\/span><\/p>\n<p><span style=\"font-weight: 400;\">Garlick var inne p\u00e5 samma sp\u00e5r. \u201cJag \u00e4r h\u00e4r f\u00f6r att fr\u00e4mja klubbens evolution, inte starta en revolution.\u201d<\/span><\/p>\n<h2><span style=\"font-weight: 400;\">H\u00e5llbar tillv\u00e4xt<\/span><\/h2>\n<p><span style=\"font-weight: 400;\">Den 60-\u00e5rige aff\u00e4rsmannen po\u00e4ngterade hur viktigt det \u00e4r att klubben v\u00e4xer p\u00e5 ett s\u00e4tt som \u00e4r h\u00e5llbart, och lade vikt vid att processen m\u00e5ste ske gradvis. \u201cJag hoppas forts\u00e4tta p\u00e5 \u00c1ngels projekt och ta det till den h\u00f6gsta m\u00f6jliga niv\u00e5n\u201d.\u00a0<\/span><\/p>\n<p><span style=\"font-weight: 400;\">N\u00e4r det g\u00e4ller kortsiktig sportslig utveckling och m\u00f6jliga nyf\u00f6rv\u00e4rv \u00e5terupprepade han sitt mantra om steg f\u00f6r steg. \u201cVi kommer att ta det en s\u00e4song i taget, med m\u00e5let att bli b\u00e4ttre f\u00f6r varje \u00e5r. Vi kommer inte satsa p\u00e5 att flyttas upp varje \u00e5r.\u201d<\/span><\/p>\n<p><span style=\"font-weight: 400;\">\u00c4ven n\u00e4r det g\u00e4ller f\u00f6rb\u00e4ttring av infrastrukturen, som arenan och tr\u00e4ningsanl\u00e4ggningen, kommer investeringar att g\u00f6ras gradvis. Garlick har \u00e4ven visat intresse i att f\u00f6rb\u00e4ttra klubbens ungdomsakademi och m\u00f6jligheten att starta ett damlag.\u00a0<\/span><\/p>\n<p><span style=\"font-weight: 400;\">N\u00e4r han fick fr\u00e5gan om han tror det \u00e4r m\u00f6jligt att upprepa succ\u00e9n med Burnley svarade han: \u201cVarf\u00f6r inte?\u201d<\/span><\/p>\n<p><span style=\"font-weight: 400;\">Garlick har sedan tidigare ett hem i Marbella och har visat intresse f\u00f6r den spanska fotbollen under en l\u00e4ngre tid. \u201cI Antequera k\u00e4nde jag att jag kan uppn\u00e5 n\u00e5got liknande som med Burnley eftersom kommunen lever f\u00f6r fotbollen,\u201d avslutade han.\u00a0<\/span><\/p>\n","protected":false},"excerpt":{"rendered":"<p>Den brittiske aff\u00e4rsmannen Mike Garlick har tagit \u00f6ver fotbollsklubben.\u00a0Nu hoppas han ta laget till den h\u00f6gsta niv\u00e5n i Spanien.<\/p>\n","protected":false},"author":14,"featured_media":69837,"comment_status":"closed","ping_status":"closed","sticky":false,"template":"","format":"standard","meta":{"_et_pb_use_builder":"","_et_pb_old_content":"","_et_gb_content_width":"","footnotes":""},"categories":[3,352],"tags":[],"class_list":["post-69831","post","type-post","status-publish","format-standard","has-post-thumbnail","hentry","category-nyheter","category-sport"],"yoast_head":"<!-- This site is optimized with the Yoast SEO Premium plugin v26.2 (Yoast SEO v27.4) - https:\/\/yoast.com\/product\/yoast-seo-premium-wordpress\/ -->\n<title>Ny \u00e4gare i Antequera CF - Svenska Magasinet<\/title>\n<meta name=\"robots\" content=\"noindex, follow, max-snippet:-1, max-image-preview:large, max-video-preview:-1\" \/>\n<meta property=\"og:locale\" content=\"sv_SE\" \/>\n<meta property=\"og:type\" content=\"article\" \/>\n<meta property=\"og:title\" content=\"Ny \u00e4gare i Antequera CF\" \/>\n<meta property=\"og:description\" content=\"Den brittiske aff\u00e4rsmannen Mike Garlick har tagit \u00f6ver fotbollsklubben.\u00a0Nu hoppas han ta laget till den h\u00f6gsta niv\u00e5n i Spanien.\" \/>\n<meta property=\"og:url\" content=\"https:\/\/lightweb.dev\/l\/svm-temp\/nyheter\/ny-agare-i-antequera-cf\/\" \/>\n<meta property=\"og:site_name\" content=\"Svenska Magasinet\" \/>\n<meta property=\"article:publisher\" content=\"https:\/\/www.facebook.com\/svenskamagasinet\" \/>\n<meta property=\"article:published_time\" content=\"2024-02-23T15:15:35+00:00\" \/>\n<meta property=\"og:image\" content=\"https:\/\/lightweb.dev\/l\/svm-temp\/wp-content\/uploads\/2024\/02\/tempFileForShare_20240223-145009.jpg\" \/>\n\t<meta property=\"og:image:width\" content=\"1079\" \/>\n\t<meta property=\"og:image:height\" content=\"650\" \/>\n\t<meta property=\"og:image:type\" content=\"image\/jpeg\" \/>\n<meta name=\"author\" content=\"Robbie Eriksson\" \/>\n<meta name=\"twitter:card\" content=\"summary_large_image\" \/>\n<meta name=\"twitter:creator\" content=\"@SvenskaMagasine\" \/>\n<meta name=\"twitter:site\" content=\"@SvenskaMagasine\" \/>\n<script type=\"application\/ld+json\" class=\"yoast-schema-graph\">{\"@context\":\"https:\\\/\\\/schema.org\",\"@graph\":[{\"@type\":\"Article\",\"@id\":\"https:\\\/\\\/lightweb.dev\\\/l\\\/svm-temp\\\/nyheter\\\/ny-agare-i-antequera-cf\\\/#article\",\"isPartOf\":{\"@id\":\"https:\\\/\\\/lightweb.dev\\\/l\\\/svm-temp\\\/nyheter\\\/ny-agare-i-antequera-cf\\\/\"},\"author\":{\"name\":\"Robbie Eriksson\",\"@id\":\"https:\\\/\\\/lightweb.dev\\\/l\\\/svm-temp\\\/#\\\/schema\\\/person\\\/caffe038990d25722f5a04a03c906a2b\"},\"headline\":\"Ny \u00e4gare i Antequera CF\",\"datePublished\":\"2024-02-23T15:15:35+00:00\",\"mainEntityOfPage\":{\"@id\":\"https:\\\/\\\/lightweb.dev\\\/l\\\/svm-temp\\\/nyheter\\\/ny-agare-i-antequera-cf\\\/\"},\"wordCount\":544,\"publisher\":{\"@id\":\"https:\\\/\\\/lightweb.dev\\\/l\\\/svm-temp\\\/#organization\"},\"image\":{\"@id\":\"https:\\\/\\\/lightweb.dev\\\/l\\\/svm-temp\\\/nyheter\\\/ny-agare-i-antequera-cf\\\/#primaryimage\"},\"thumbnailUrl\":\"https:\\\/\\\/lightweb.dev\\\/l\\\/svm-temp\\\/wp-content\\\/uploads\\\/2024\\\/02\\\/tempFileForShare_20240223-145009.jpg\",\"articleSection\":[\"Nyheter\",\"Sport\"],\"inLanguage\":\"sv-SE\"},{\"@type\":\"WebPage\",\"@id\":\"https:\\\/\\\/lightweb.dev\\\/l\\\/svm-temp\\\/nyheter\\\/ny-agare-i-antequera-cf\\\/\",\"url\":\"https:\\\/\\\/lightweb.dev\\\/l\\\/svm-temp\\\/nyheter\\\/ny-agare-i-antequera-cf\\\/\",\"name\":\"Ny \u00e4gare i Antequera CF - Svenska Magasinet\",\"isPartOf\":{\"@id\":\"https:\\\/\\\/lightweb.dev\\\/l\\\/svm-temp\\\/#website\"},\"primaryImageOfPage\":{\"@id\":\"https:\\\/\\\/lightweb.dev\\\/l\\\/svm-temp\\\/nyheter\\\/ny-agare-i-antequera-cf\\\/#primaryimage\"},\"image\":{\"@id\":\"https:\\\/\\\/lightweb.dev\\\/l\\\/svm-temp\\\/nyheter\\\/ny-agare-i-antequera-cf\\\/#primaryimage\"},\"thumbnailUrl\":\"https:\\\/\\\/lightweb.dev\\\/l\\\/svm-temp\\\/wp-content\\\/uploads\\\/2024\\\/02\\\/tempFileForShare_20240223-145009.jpg\",\"datePublished\":\"2024-02-23T15:15:35+00:00\",\"breadcrumb\":{\"@id\":\"https:\\\/\\\/lightweb.dev\\\/l\\\/svm-temp\\\/nyheter\\\/ny-agare-i-antequera-cf\\\/#breadcrumb\"},\"inLanguage\":\"sv-SE\",\"potentialAction\":[{\"@type\":\"ReadAction\",\"target\":[\"https:\\\/\\\/lightweb.dev\\\/l\\\/svm-temp\\\/nyheter\\\/ny-agare-i-antequera-cf\\\/\"]}]},{\"@type\":\"ImageObject\",\"inLanguage\":\"sv-SE\",\"@id\":\"https:\\\/\\\/lightweb.dev\\\/l\\\/svm-temp\\\/nyheter\\\/ny-agare-i-antequera-cf\\\/#primaryimage\",\"url\":\"https:\\\/\\\/lightweb.dev\\\/l\\\/svm-temp\\\/wp-content\\\/uploads\\\/2024\\\/02\\\/tempFileForShare_20240223-145009.jpg\",\"contentUrl\":\"https:\\\/\\\/lightweb.dev\\\/l\\\/svm-temp\\\/wp-content\\\/uploads\\\/2024\\\/02\\\/tempFileForShare_20240223-145009.jpg\",\"width\":1079,\"height\":650,\"caption\":\"(Bild: @AntequeraCF, X)\"},{\"@type\":\"BreadcrumbList\",\"@id\":\"https:\\\/\\\/lightweb.dev\\\/l\\\/svm-temp\\\/nyheter\\\/ny-agare-i-antequera-cf\\\/#breadcrumb\",\"itemListElement\":[{\"@type\":\"ListItem\",\"position\":1,\"name\":\"Hem\",\"item\":\"https:\\\/\\\/lightweb.dev\\\/l\\\/svm-temp\\\/\"},{\"@type\":\"ListItem\",\"position\":2,\"name\":\"Ny \u00e4gare i Antequera CF\"}]},{\"@type\":\"WebSite\",\"@id\":\"https:\\\/\\\/lightweb.dev\\\/l\\\/svm-temp\\\/#website\",\"url\":\"https:\\\/\\\/lightweb.dev\\\/l\\\/svm-temp\\\/\",\"name\":\"Svenska Magasinet\",\"description\":\"Dina Spanska nyheter p&aring; Svenska\",\"publisher\":{\"@id\":\"https:\\\/\\\/lightweb.dev\\\/l\\\/svm-temp\\\/#organization\"},\"potentialAction\":[{\"@type\":\"SearchAction\",\"target\":{\"@type\":\"EntryPoint\",\"urlTemplate\":\"https:\\\/\\\/lightweb.dev\\\/l\\\/svm-temp\\\/?s={search_term_string}\"},\"query-input\":{\"@type\":\"PropertyValueSpecification\",\"valueRequired\":true,\"valueName\":\"search_term_string\"}}],\"inLanguage\":\"sv-SE\"},{\"@type\":\"Organization\",\"@id\":\"https:\\\/\\\/lightweb.dev\\\/l\\\/svm-temp\\\/#organization\",\"name\":\"Melkerson y Nott SL\",\"alternateName\":\"Svenska Magasinet\",\"url\":\"https:\\\/\\\/lightweb.dev\\\/l\\\/svm-temp\\\/\",\"logo\":{\"@type\":\"ImageObject\",\"inLanguage\":\"sv-SE\",\"@id\":\"https:\\\/\\\/lightweb.dev\\\/l\\\/svm-temp\\\/#\\\/schema\\\/logo\\\/image\\\/\",\"url\":\"https:\\\/\\\/lightweb.dev\\\/l\\\/svm-temp\\\/wp-content\\\/uploads\\\/2025\\\/02\\\/SvM-logo-Xtra-Centrerad-SVART.png\",\"contentUrl\":\"https:\\\/\\\/lightweb.dev\\\/l\\\/svm-temp\\\/wp-content\\\/uploads\\\/2025\\\/02\\\/SvM-logo-Xtra-Centrerad-SVART.png\",\"width\":300,\"height\":99,\"caption\":\"Melkerson y Nott SL\"},\"image\":{\"@id\":\"https:\\\/\\\/lightweb.dev\\\/l\\\/svm-temp\\\/#\\\/schema\\\/logo\\\/image\\\/\"},\"sameAs\":[\"https:\\\/\\\/www.facebook.com\\\/svenskamagasinet\",\"https:\\\/\\\/x.com\\\/SvenskaMagasine\"]},{\"@type\":\"Person\",\"@id\":\"https:\\\/\\\/lightweb.dev\\\/l\\\/svm-temp\\\/#\\\/schema\\\/person\\\/caffe038990d25722f5a04a03c906a2b\",\"name\":\"Robbie Eriksson\",\"sameAs\":[\"https:\\\/\\\/lightweb.dev\\\/l\\\/svm-temp\"],\"url\":\"https:\\\/\\\/lightweb.dev\\\/l\\\/svm-temp\\\/reporter\\\/robbie-eriksson\\\/\"}]}<\/script>\n<!-- \/ Yoast SEO Premium plugin. -->","yoast_head_json":{"title":"Ny \u00e4gare i Antequera CF - Svenska Magasinet","robots":{"index":"noindex","follow":"follow","max-snippet":"max-snippet:-1","max-image-preview":"max-image-preview:large","max-video-preview":"max-video-preview:-1"},"og_locale":"sv_SE","og_type":"article","og_title":"Ny \u00e4gare i Antequera CF","og_description":"Den brittiske aff\u00e4rsmannen Mike Garlick har tagit \u00f6ver fotbollsklubben.\u00a0Nu hoppas han ta laget till den h\u00f6gsta niv\u00e5n i Spanien.","og_url":"https:\/\/lightweb.dev\/l\/svm-temp\/nyheter\/ny-agare-i-antequera-cf\/","og_site_name":"Svenska Magasinet","article_publisher":"https:\/\/www.facebook.com\/svenskamagasinet","article_published_time":"2024-02-23T15:15:35+00:00","og_image":[{"width":1079,"height":650,"url":"https:\/\/lightweb.dev\/l\/svm-temp\/wp-content\/uploads\/2024\/02\/tempFileForShare_20240223-145009.jpg","type":"image\/jpeg"}],"author":"Robbie Eriksson","twitter_card":"summary_large_image","twitter_creator":"@SvenskaMagasine","twitter_site":"@SvenskaMagasine","schema":{"@context":"https:\/\/schema.org","@graph":[{"@type":"Article","@id":"https:\/\/lightweb.dev\/l\/svm-temp\/nyheter\/ny-agare-i-antequera-cf\/#article","isPartOf":{"@id":"https:\/\/lightweb.dev\/l\/svm-temp\/nyheter\/ny-agare-i-antequera-cf\/"},"author":{"name":"Robbie Eriksson","@id":"https:\/\/lightweb.dev\/l\/svm-temp\/#\/schema\/person\/caffe038990d25722f5a04a03c906a2b"},"headline":"Ny \u00e4gare i Antequera CF","datePublished":"2024-02-23T15:15:35+00:00","mainEntityOfPage":{"@id":"https:\/\/lightweb.dev\/l\/svm-temp\/nyheter\/ny-agare-i-antequera-cf\/"},"wordCount":544,"publisher":{"@id":"https:\/\/lightweb.dev\/l\/svm-temp\/#organization"},"image":{"@id":"https:\/\/lightweb.dev\/l\/svm-temp\/nyheter\/ny-agare-i-antequera-cf\/#primaryimage"},"thumbnailUrl":"https:\/\/lightweb.dev\/l\/svm-temp\/wp-content\/uploads\/2024\/02\/tempFileForShare_20240223-145009.jpg","articleSection":["Nyheter","Sport"],"inLanguage":"sv-SE"},{"@type":"WebPage","@id":"https:\/\/lightweb.dev\/l\/svm-temp\/nyheter\/ny-agare-i-antequera-cf\/","url":"https:\/\/lightweb.dev\/l\/svm-temp\/nyheter\/ny-agare-i-antequera-cf\/","name":"Ny \u00e4gare i Antequera CF - Svenska Magasinet","isPartOf":{"@id":"https:\/\/lightweb.dev\/l\/svm-temp\/#website"},"primaryImageOfPage":{"@id":"https:\/\/lightweb.dev\/l\/svm-temp\/nyheter\/ny-agare-i-antequera-cf\/#primaryimage"},"image":{"@id":"https:\/\/lightweb.dev\/l\/svm-temp\/nyheter\/ny-agare-i-antequera-cf\/#primaryimage"},"thumbnailUrl":"https:\/\/lightweb.dev\/l\/svm-temp\/wp-content\/uploads\/2024\/02\/tempFileForShare_20240223-145009.jpg","datePublished":"2024-02-23T15:15:35+00:00","breadcrumb":{"@id":"https:\/\/lightweb.dev\/l\/svm-temp\/nyheter\/ny-agare-i-antequera-cf\/#breadcrumb"},"inLanguage":"sv-SE","potentialAction":[{"@type":"ReadAction","target":["https:\/\/lightweb.dev\/l\/svm-temp\/nyheter\/ny-agare-i-antequera-cf\/"]}]},{"@type":"ImageObject","inLanguage":"sv-SE","@id":"https:\/\/lightweb.dev\/l\/svm-temp\/nyheter\/ny-agare-i-antequera-cf\/#primaryimage","url":"https:\/\/lightweb.dev\/l\/svm-temp\/wp-content\/uploads\/2024\/02\/tempFileForShare_20240223-145009.jpg","contentUrl":"https:\/\/lightweb.dev\/l\/svm-temp\/wp-content\/uploads\/2024\/02\/tempFileForShare_20240223-145009.jpg","width":1079,"height":650,"caption":"(Bild: @AntequeraCF, X)"},{"@type":"BreadcrumbList","@id":"https:\/\/lightweb.dev\/l\/svm-temp\/nyheter\/ny-agare-i-antequera-cf\/#breadcrumb","itemListElement":[{"@type":"ListItem","position":1,"name":"Hem","item":"https:\/\/lightweb.dev\/l\/svm-temp\/"},{"@type":"ListItem","position":2,"name":"Ny \u00e4gare i Antequera CF"}]},{"@type":"WebSite","@id":"https:\/\/lightweb.dev\/l\/svm-temp\/#website","url":"https:\/\/lightweb.dev\/l\/svm-temp\/","name":"Svenska Magasinet","description":"Dina Spanska nyheter p&aring; Svenska","publisher":{"@id":"https:\/\/lightweb.dev\/l\/svm-temp\/#organization"},"potentialAction":[{"@type":"SearchAction","target":{"@type":"EntryPoint","urlTemplate":"https:\/\/lightweb.dev\/l\/svm-temp\/?s={search_term_string}"},"query-input":{"@type":"PropertyValueSpecification","valueRequired":true,"valueName":"search_term_string"}}],"inLanguage":"sv-SE"},{"@type":"Organization","@id":"https:\/\/lightweb.dev\/l\/svm-temp\/#organization","name":"Melkerson y Nott SL","alternateName":"Svenska Magasinet","url":"https:\/\/lightweb.dev\/l\/svm-temp\/","logo":{"@type":"ImageObject","inLanguage":"sv-SE","@id":"https:\/\/lightweb.dev\/l\/svm-temp\/#\/schema\/logo\/image\/","url":"https:\/\/lightweb.dev\/l\/svm-temp\/wp-content\/uploads\/2025\/02\/SvM-logo-Xtra-Centrerad-SVART.png","contentUrl":"https:\/\/lightweb.dev\/l\/svm-temp\/wp-content\/uploads\/2025\/02\/SvM-logo-Xtra-Centrerad-SVART.png","width":300,"height":99,"caption":"Melkerson y Nott SL"},"image":{"@id":"https:\/\/lightweb.dev\/l\/svm-temp\/#\/schema\/logo\/image\/"},"sameAs":["https:\/\/www.facebook.com\/svenskamagasinet","https:\/\/x.com\/SvenskaMagasine"]},{"@type":"Person","@id":"https:\/\/lightweb.dev\/l\/svm-temp\/#\/schema\/person\/caffe038990d25722f5a04a03c906a2b","name":"Robbie Eriksson","sameAs":["https:\/\/lightweb.dev\/l\/svm-temp"],"url":"https:\/\/lightweb.dev\/l\/svm-temp\/reporter\/robbie-eriksson\/"}]}},"_links":{"self":[{"href":"https:\/\/lightweb.dev\/l\/svm-temp\/wp-json\/wp\/v2\/posts\/69831","targetHints":{"allow":["GET"]}}],"collection":[{"href":"https:\/\/lightweb.dev\/l\/svm-temp\/wp-json\/wp\/v2\/posts"}],"about":[{"href":"https:\/\/lightweb.dev\/l\/svm-temp\/wp-json\/wp\/v2\/types\/post"}],"author":[{"embeddable":true,"href":"https:\/\/lightweb.dev\/l\/svm-temp\/wp-json\/wp\/v2\/users\/14"}],"replies":[{"embeddable":true,"href":"https:\/\/lightweb.dev\/l\/svm-temp\/wp-json\/wp\/v2\/comments?post=69831"}],"version-history":[{"count":0,"href":"https:\/\/lightweb.dev\/l\/svm-temp\/wp-json\/wp\/v2\/posts\/69831\/revisions"}],"wp:featuredmedia":[{"embeddable":true,"href":"https:\/\/lightweb.dev\/l\/svm-temp\/wp-json\/wp\/v2\/media\/69837"}],"wp:attachment":[{"href":"https:\/\/lightweb.dev\/l\/svm-temp\/wp-json\/wp\/v2\/media?parent=69831"}],"wp:term":[{"taxonomy":"category","embeddable":true,"href":"https:\/\/lightweb.dev\/l\/svm-temp\/wp-json\/wp\/v2\/categories?post=69831"},{"taxonomy":"post_tag","embeddable":true,"href":"https:\/\/lightweb.dev\/l\/svm-temp\/wp-json\/wp\/v2\/tags?post=69831"}],"curies":[{"name":"wp","href":"https:\/\/api.w.org\/{rel}","templated":true}]}}